{"id":328220,"date":"2025-07-15T11:02:30","date_gmt":"2025-07-15T10:02:30","guid":{"rendered":"https:\/\/www.itakaescolapios.org\/es\/?p=328220"},"modified":"2025-07-16T11:36:25","modified_gmt":"2025-07-16T10:36:25","slug":"nueva-reunion-del-patronato-de-itaka-escolapios","status":"publish","type":"post","link":"https:\/\/www.itakaescolapios.org\/ca\/2025\/07\/nueva-reunion-del-patronato-de-itaka-escolapios\/","title":{"rendered":"NOVA REUNI\u00d3 DEL PATRONAT D\u2019ITAKA-ESCOLAPIS"},"content":{"rendered":"<p>[et_pb_section fb_built=&#8221;1&#8243; make_equal=&#8221;on&#8221; use_custom_gutter=&#8221;on&#8221; gutter_width=&#8221;2&#8243; specialty=&#8221;on&#8221; _builder_version=&#8221;4.24.3&#8243; _module_preset=&#8221;default&#8221; width=&#8221;100%&#8221; max_width=&#8221;100%&#8221; module_alignment=&#8221;center&#8221; inner_width=&#8221;90%&#8221; inner_max_width=&#8221;2222px&#8221; inner_module_alignment=&#8221;center&#8221; custom_margin=&#8221;0px||||false|false&#8221; custom_padding=&#8221;0px||||false|false&#8221; da_disable_devices=&#8221;off|off|off&#8221; global_colors_info=&#8221;{}&#8221; da_is_popup=&#8221;off&#8221; da_exit_intent=&#8221;off&#8221; da_has_close=&#8221;on&#8221; da_alt_close=&#8221;off&#8221; da_dark_close=&#8221;off&#8221; da_not_modal=&#8221;on&#8221; da_is_singular=&#8221;off&#8221; da_with_loader=&#8221;off&#8221; da_has_shadow=&#8221;on&#8221;][et_pb_column type=&#8221;3_4&#8243; specialty_columns=&#8221;3&#8243; _builder_version=&#8221;4.16&#8243; custom_padding=&#8221;|||&#8221; global_colors_info=&#8221;{}&#8221; custom_padding__hover=&#8221;|||&#8221;][et_pb_row_inner custom_padding_last_edited=&#8221;on|phone&#8221; _builder_version=&#8221;4.24.3&#8243; _module_preset=&#8221;default&#8221; module_alignment=&#8221;center&#8221; custom_padding=&#8221;|50px|4px||false|false&#8221; custom_padding_tablet=&#8221;|50px|4px||false|false&#8221; custom_padding_phone=&#8221;|0px|||false|false&#8221; border_color_all=&#8221;gcid-b1ace166-c11d-4c70-a679-55884e9ca298&#8243; border_style_all=&#8221;dotted&#8221; border_width_right=&#8221;3px&#8221; border_color_right=&#8221;gcid-b1ace166-c11d-4c70-a679-55884e9ca298&#8243; border_width_right_tablet=&#8221;3px&#8221; border_width_right_phone=&#8221;0px&#8221; border_width_right_last_edited=&#8221;on|desktop&#8221; collapsed=&#8221;off&#8221; global_colors_info=&#8221;{%22gcid-b1ace166-c11d-4c70-a679-55884e9ca298%22:%91%22border_color_all%22,%22border_color_right%22%93}&#8221;][et_pb_column_inner saved_specialty_column_type=&#8221;3_4&#8243; _builder_version=&#8221;4.24.3&#8243; _module_preset=&#8221;default&#8221; global_colors_info=&#8221;{}&#8221;][et_pb_text admin_label=&#8221;T\u00cdTULO NOTICIA&#8221; _builder_version=&#8221;4.27.4&#8243; _module_preset=&#8221;default&#8221; header_font=&#8221;Titulo Itaka-Escolapios|700|||||||&#8221; header_text_align=&#8221;center&#8221; header_text_color=&#8221;gcid-cca90ba6-297c-4d63-9e2c-8201011ef870&#8243; header_font_size=&#8221;50px&#8221; custom_margin=&#8221;||20px||false|false&#8221; custom_margin_tablet=&#8221;||20px||false|false&#8221; custom_margin_phone=&#8221;||20px||false|false&#8221; custom_margin_last_edited=&#8221;on|desktop&#8221; header_font_size_tablet=&#8221;55px&#8221; header_font_size_phone=&#8221;35px&#8221; header_font_size_last_edited=&#8221;on|phone&#8221; content_en_us=&#8221;<\/p>\n<h1><strong>New meeting of the Itaka- Escolapios board of trustees <\/strong><\/h1>\n<p>&#8221; content_fr_fr=&#8221;<\/p>\n<h1><strong>Nouvelle r\u00e9union du Conseil d\u00c1dministration d\u00b4Itaka- Escolapios<\/strong> <\/h1>\n<p>&#8221; content_eu=&#8221;<\/p>\n<h1><strong>Itaka- Escolapios en Patronatuaren bilera berria<\/strong><\/h1>\n<p>&#8221; content_ca=&#8221;<\/p>\n<h1><strong>Nova reuni\u00f3n del Patronat d\u00b4Itaka- Escolapis<\/strong> <\/h1>\n<p>&#8221; content_pt_br=&#8221;<\/p>\n<h1><strong>Nova reuniao do Conselho Curador da Itaka- Escol\u00e1pios <\/strong><\/h1>\n<p>&#8221; global_colors_info=&#8221;{%22gcid-cca90ba6-297c-4d63-9e2c-8201011ef870%22:%91%22header_text_color%22%93}&#8221;]<\/p>\n<h1><strong>Nueva reuni\u00f3n del Patronato de Itaka- Escolapios<\/strong><\/h1>\n<p>[\/et_pb_text][et_pb_text admin_label=&#8221;Fecha noticia no tocar&#8221; _builder_version=&#8221;4.27.4&#8243; _dynamic_attributes=&#8221;content&#8221; _module_preset=&#8221;default&#8221; text_font=&#8221;Titulo Itaka-Escolapios|700|||||||&#8221; text_text_color=&#8221;gcid-cca90ba6-297c-4d63-9e2c-8201011ef870&#8243; text_font_size=&#8221;16px&#8221; text_orientation=&#8221;right&#8221; global_colors_info=&#8221;{%22gcid-cca90ba6-297c-4d63-9e2c-8201011ef870%22:%91%22text_text_color%22%93}&#8221;]@ET-DC@eyJkeW5hbWljIjp0cnVlLCJjb250ZW50IjoicG9zdF9kYXRlIiwic2V0dGluZ3MiOnsiYmVmb3JlIjoiIiwiYWZ0ZXIiOiIiLCJkYXRlX2Zvcm1hdCI6ImRlZmF1bHQiLCJjdXN0b21fZGF0ZV9mb3JtYXQiOiIifX0=@[\/et_pb_text][\/et_pb_column_inner][\/et_pb_row_inner][et_pb_row_inner _builder_version=&#8221;4.27.4&#8243; _module_preset=&#8221;default&#8221; border_width_right=&#8221;3px&#8221; border_color_right=&#8221;gcid-b1ace166-c11d-4c70-a679-55884e9ca298&#8243; border_style_right=&#8221;dotted&#8221; collapsed=&#8221;off&#8221; global_colors_info=&#8221;{%22gcid-b1ace166-c11d-4c70-a679-55884e9ca298%22:%91%22border_color_right%22%93}&#8221;][et_pb_column_inner saved_specialty_column_type=&#8221;3_4&#8243; _builder_version=&#8221;4.27.4&#8243; _module_preset=&#8221;default&#8221; global_colors_info=&#8221;{}&#8221;][et_pb_text admin_label=&#8221;CUERPO NOTICIA&#8221; _builder_version=&#8221;4.27.4&#8243; _module_preset=&#8221;default&#8221; text_font=&#8221;&#8211;et_global_body_font||||||||&#8221; text_font_size=&#8221;16px&#8221; width=&#8221;100%&#8221; module_alignment=&#8221;center&#8221; custom_padding=&#8221;|60px|||false|false&#8221; text_font_size_tablet=&#8221;16px&#8221; text_font_size_phone=&#8221;16px&#8221; text_font_size_last_edited=&#8221;on|desktop&#8221; content_en_us=&#8221;<\/p>\n<p>On June 27, a new meeting of the Itaka-Escolapios Board of Trustees took place. In this regular session, the budget for the Itaka-Escolapios Network for the upcoming 2025\u20132026 academic year was approved. Additionally, important aspects of the Network&#8217;s operation were addressed, including the review of the organizational and operational manual, which is currently being drafted. As always, there was also an opportunity to review the main updates from the past few months.<br data-start=%22683%22 data-end=%22686%22 \/>The Board of Trustees is the main governing body of the Itaka-Escolapios Foundation and oversees the Network on a permanent basis between the meetings of the Advisory Councils. It is composed of Juan Alfonso Serra (President), Jes\u00fas Elizari (Vice President and Provincial of Ema\u00fas), Alberto Cantero (on behalf of the General Fraternity and Secretary), F\u00e9licien Mouendji (on behalf of the General Congregation), Iv\u00e1n Ruiz (Provincial of Betania), Ra\u00fal Gonz\u00e1lez (Ema\u00fas Fraternity), Noem\u00ed Gesto (Betania Fraternity), Emmanuel Su\u00e1rez, and Carolina Paredes. Also participating were Igor Irigoyen as General Coordinator and Ander Mijangos as Resource Management Coordinator.<\/p>\n<p>&#8221; content_fr_fr=&#8221;<\/p>\n<p>Le 27 juin dernier a eu lieu une nouvelle r\u00e9union du Conseil d\u2019administration d\u2019Itaka-Escolapios. Lors de cette session ordinaire, le budget du R\u00e9seau Itaka-Escolapios pour l\u2019ann\u00e9e scolaire 2025-2026 a \u00e9t\u00e9 approuv\u00e9. Des aspects importants du fonctionnement du R\u00e9seau ont \u00e9galement \u00e9t\u00e9 abord\u00e9s, notamment la r\u00e9vision du manuel d\u2019organisation et de fonctionnement actuellement en cours d\u2019\u00e9laboration. Comme toujours, ce fut \u00e9galement l\u2019occasion de faire le point sur les principales nouveaut\u00e9s des derniers mois.<br data-start=%221963%22 data-end=%221966%22 \/>Le Conseil d\u2019administration est l\u2019organe de gouvernance principal de la Fondation Itaka-Escolapios et assure la direction permanente du R\u00e9seau entre les r\u00e9unions des Conseils consultatifs. Il est compos\u00e9 de Juan Alfonso Serra (pr\u00e9sident), Jes\u00fas Elizari (vice-pr\u00e9sident et provincial d\u2019Ema\u00fas), Alberto Cantero (au nom de la Fraternit\u00e9 g\u00e9n\u00e9rale et secr\u00e9taire), F\u00e9licien Mouendji (au nom de la Congr\u00e9gation g\u00e9n\u00e9rale), Iv\u00e1n Ruiz (provincial de B\u00e9tanie), Ra\u00fal Gonz\u00e1lez (Fraternit\u00e9 d\u2019Ema\u00fas), Noem\u00ed Gesto (Fraternit\u00e9 de B\u00e9tanie), Emmanuel Su\u00e1rez et Carolina Paredes. Ont \u00e9galement particip\u00e9 Igor Irigoyen, coordinateur g\u00e9n\u00e9ral, et Ander Mijangos, coordinateur de la gestion des ressources.<\/p>\n<p>&#8221; content_eu=&#8221;<\/p>\n<p>Joan den ekainaren 27an Itaka-Escolapios Patronatuaren ohiko bilera berri bat ospatu zen. Bilkura honetan 2025-2026 ikasturterako Itaka-Escolapios Sarearen aurrekontua onartu zen. Halaber, Sarearen funtzionamenduari buruzko gai garrantzitsuak jorratu ziren, une honetan lantzen ari diren antolakuntza eta funtzionamendu eskuliburuaren berrikuspena barne. Beti bezala, azken hilabeteetako berritasun nagusiak errepasatzeko aukera ere izan zen.<br data-start=%223171%22 data-end=%223174%22 \/>Patronatua da Itaka-Escolapios Fundazioaren gobernu-organo nagusia eta Sarearen zuzendaritza iraunkorra betetzen du Aholku Kontseiluen arteko deialdien artean. Hauek osatzen dute: Juan Alfonso Serra (Lehendakaria), Jes\u00fas Elizari (Lehendakariordea eta Ema\u00fas probintziala), Alberto Cantero (Fraternitate Orokorraren izenean eta idazkaria), F\u00e9licien Mouendji (Kongregazio Orokorraren izenean), Iv\u00e1n Ruiz (Betania probintziala), Ra\u00fal Gonz\u00e1lez (Ema\u00fas Fraternitatea), Noem\u00ed Gesto (Betania Fraternitatea), Emmanuel Su\u00e1rez eta Carolina Paredes. Igor Irigoyen (koordinatzaile nagusia) eta Ander Mijangos (baliabideen kudeaketa arloko koordinatzailea) ere parte hartu zuten.<\/p>\n<p>&#8221; content_ca=&#8221;<\/p>\n<p>Joan den ekainaren 27an Itaka-Escolapios Patronatuaren ohiko bilera berri bat ospatu zen. Bilkura honetan 2025-2026 ikasturterako Itaka-Escolapios Sarearen aurrekontua onartu zen. Halaber, Sarearen funtzionamenduari buruzko gai garrantzitsuak jorratu ziren, une honetan lantzen ari diren antolakuntza eta funtzionamendu eskuliburuaren berrikuspena barne. Beti bezala, azken hilabeteetako berritasun nagusiak errepasatzeko aukera ere izan zen.<br data-start=%223171%22 data-end=%223174%22 \/>Patronatua da Itaka-Escolapios Fundazioaren gobernu-organo nagusia eta Sarearen zuzendaritza iraunkorra betetzen du Aholku Kontseiluen arteko deialdien artean. Hauek osatzen dute: Juan Alfonso Serra (Lehendakaria), Jes\u00fas Elizari (Lehendakariordea eta Ema\u00fas probintziala), Alberto Cantero (Fraternitate Orokorraren izenean eta idazkaria), F\u00e9licien Mouendji (Kongregazio Orokorraren izenean), Iv\u00e1n Ruiz (Betania probintziala), Ra\u00fal Gonz\u00e1lez (Ema\u00fas Fraternitatea), Noem\u00ed Gesto (Betania Fraternitatea), Emmanuel Su\u00e1rez eta Carolina Paredes. Igor Irigoyen (koordinatzaile nagusia) eta Ander Mijangos (baliabideen kudeaketa arloko koordinatzailea) ere parte hartu zuten.<\/p>\n<p>&#8221; content_pt_br=&#8221;<\/p>\n<p>Joan den ekainaren 27an Itaka-Escolapios Patronatuaren ohiko bilera berri bat ospatu zen. Bilkura honetan 2025-2026 ikasturterako Itaka-Escolapios Sarearen aurrekontua onartu zen. Halaber, Sarearen funtzionamenduari buruzko gai garrantzitsuak jorratu ziren, une honetan lantzen ari diren antolakuntza eta funtzionamendu eskuliburuaren berrikuspena barne. Beti bezala, azken hilabeteetako berritasun nagusiak errepasatzeko aukera ere izan zen.<br data-start=%223171%22 data-end=%223174%22 \/>Patronatua da Itaka-Escolapios Fundazioaren gobernu-organo nagusia eta Sarearen zuzendaritza iraunkorra betetzen du Aholku Kontseiluen arteko deialdien artean. Hauek osatzen dute: Juan Alfonso Serra (Lehendakaria), Jes\u00fas Elizari (Lehendakariordea eta Ema\u00fas probintziala), Alberto Cantero (Fraternitate Orokorraren izenean eta idazkaria), F\u00e9licien Mouendji (Kongregazio Orokorraren izenean), Iv\u00e1n Ruiz (Betania probintziala), Ra\u00fal Gonz\u00e1lez (Ema\u00fas Fraternitatea), Noem\u00ed Gesto (Betania Fraternitatea), Emmanuel Su\u00e1rez eta Carolina Paredes. Igor Irigoyen (koordinatzaile nagusia) eta Ander Mijangos (baliabideen kudeaketa arloko koordinatzailea) ere parte hartu zuten.<\/p>\n<p>&#8221; global_colors_info=&#8221;{}&#8221;]<\/p>\n<p>El pasado 27 de junio tuvo lugar una nueva reuni\u00f3n del Patronato de Itaka-Escolapios. En esta sesi\u00f3n ordinaria se aprob\u00f3 el presupuesto de la Red Itaka-Escolapios para el pr\u00f3ximo curso 2025-2026. Adem\u00e1s, se abordaron importantes aspectos del funcionamiento de la Red con la revisi\u00f3n del manual de organizaci\u00f3n y funcionamiento que en estos momentos se encuentra en fase de elaboraci\u00f3n. Tambi\u00e9n hubo ocasi\u00f3n, como siempre, de hacer un repaso a las principales novedades de los \u00faltimos meses.<\/p>\n<p>El Patronato es el principal \u00f3rgano de gobierno de la Fundaci\u00f3n Itaka-Escolapios y dirige la Red de manera permanente entre las convocatorias de los Consejos Asesores. Lo conforman Juan Alfonso Serra (Presidente), Jes\u00fas Elizari (Vicepresidente y Provincial de Ema\u00fas), Alberto Cantero (en nombre de la Fraternidad General y Secretario), F\u00e9licien Mouendji (en nombre de la Congregaci\u00f3n General), Iv\u00e1n Ruiz (Provincial de Betania), Ra\u00fal Gonz\u00e1lez (Fraternidad de Ema\u00fas), Noem\u00ed Gesto (Fraternidad de Betania), Emmanuel Su\u00e1rez y Carolina Paredes. Tambi\u00e9n cont\u00f3 con la participaci\u00f3n de Igor Irigoyen como coordinador general y de Ander Mijangos como coordinador del \u00e1rea de gesti\u00f3n de recursos.<\/p>\n<p>[\/et_pb_text][\/et_pb_column_inner][\/et_pb_row_inner][et_pb_row_inner admin_label=&#8221;Im\u00e1genes sede&#8221; _builder_version=&#8221;4.27.4&#8243; _module_preset=&#8221;default&#8221; custom_padding=&#8221;20px||||false|false&#8221; border_width_right=&#8221;3px&#8221; border_color_right=&#8221;gcid-b1ace166-c11d-4c70-a679-55884e9ca298&#8243; border_style_right=&#8221;dotted&#8221; border_width_right_tablet=&#8221;3px&#8221; border_width_right_phone=&#8221;0px&#8221; border_width_right_last_edited=&#8221;on|desktop&#8221; collapsed=&#8221;off&#8221; global_colors_info=&#8221;{%22gcid-b1ace166-c11d-4c70-a679-55884e9ca298%22:%91%22border_color_right%22%93}&#8221;][et_pb_column_inner saved_specialty_column_type=&#8221;3_4&#8243; _builder_version=&#8221;4.27.4&#8243; _module_preset=&#8221;default&#8221; global_colors_info=&#8221;{}&#8221;][difl_imagecarousel item_desktop=&#8221;1&#8243; item_tablet=&#8221;1&#8243; loop=&#8221;on&#8221; dots=&#8221;on&#8221; use_lightbox=&#8221;on&#8221; arrow_color=&#8221;gcid-b1ace166-c11d-4c70-a679-55884e9ca298&#8243; dots_color=&#8221;gcid-cca90ba6-297c-4d63-9e2c-8201011ef870&#8243; active_dots_color=&#8221;gcid-b1ace166-c11d-4c70-a679-55884e9ca298&#8243; _builder_version=&#8221;4.27.4&#8243; _module_preset=&#8221;default&#8221; overflow-x=&#8221;hidden&#8221; overflow-y=&#8221;hidden&#8221; custom_margin=&#8221;|60px|||false|false&#8221; custom_margin_tablet=&#8221;|60px|||false|false&#8221; custom_margin_phone=&#8221;|60px|||false|false&#8221; custom_margin_last_edited=&#8221;on|desktop&#8221; custom_css_free_form=&#8221;selector .df_ici_container {margin: 0 auto;}&#8221; global_colors_info=&#8221;{%22gcid-b1ace166-c11d-4c70-a679-55884e9ca298%22:%91%22arrow_color%22,%22active_dots_color%22%93,%22gcid-cca90ba6-297c-4d63-9e2c-8201011ef870%22:%91%22dots_color%22%93}&#8221;][difl_imagecarouselitem image=&#8221;https:\/\/www.itakaescolapios.org\/wp-content\/uploads\/2025\/07\/250627-Patronato-2.jpg&#8221; ic_button_button_url_new_window=&#8221;1&#8243; _builder_version=&#8221;4.27.4&#8243; _module_preset=&#8221;default&#8221; global_colors_info=&#8221;{}&#8221;][\/difl_imagecarouselitem][\/difl_imagecarousel][\/et_pb_column_inner][\/et_pb_row_inner][et_pb_row_inner _builder_version=&#8221;4.24.3&#8243; _module_preset=&#8221;default&#8221; custom_padding=&#8221;20px||||false|false&#8221; border_width_right=&#8221;3px&#8221; border_color_right=&#8221;gcid-b1ace166-c11d-4c70-a679-55884e9ca298&#8243; border_style_right=&#8221;dotted&#8221; border_width_right_tablet=&#8221;3px&#8221; border_width_right_phone=&#8221;0px&#8221; border_width_right_last_edited=&#8221;on|desktop&#8221; collapsed=&#8221;on&#8221; global_colors_info=&#8221;{%22gcid-b1ace166-c11d-4c70-a679-55884e9ca298%22:%91%22border_color_right%22%93}&#8221;][et_pb_column_inner saved_specialty_column_type=&#8221;3_4&#8243; _builder_version=&#8221;4.24.3&#8243; _module_preset=&#8221;default&#8221; global_colors_info=&#8221;{}&#8221;][et_pb_text admin_label=&#8221;L\u00ednea divisoria&#8221; _builder_version=&#8221;4.27.4&#8243; _module_preset=&#8221;default&#8221; header_font=&#8221;IBM Plex Sans|700|||||||&#8221; header_text_color=&#8221;gcid-cca90ba6-297c-4d63-9e2c-8201011ef870&#8243; header_font_size=&#8221;40px&#8221; custom_margin=&#8221;|30px|||false|false&#8221; header_font_size_tablet=&#8221;55px&#8221; header_font_size_phone=&#8221;30px&#8221; header_font_size_last_edited=&#8221;on|phone&#8221; border_width_bottom=&#8221;3px&#8221; border_color_bottom=&#8221;gcid-b1ace166-c11d-4c70-a679-55884e9ca298&#8243; border_style_bottom=&#8221;dotted&#8221; global_colors_info=&#8221;{%22gcid-cca90ba6-297c-4d63-9e2c-8201011ef870%22:%91%22header_text_color%22%93,%22gcid-b1ace166-c11d-4c70-a679-55884e9ca298%22:%91%22border_color_bottom%22%93}&#8221;][\/et_pb_text][difl_imagecarousel item_desktop=&#8221;3&#8243; admin_label=&#8221;Campa\u00f1a, educa y voluntariado&#8221; _builder_version=&#8221;4.27.4&#8243; _module_preset=&#8221;default&#8221; width_tablet=&#8221;&#8221; width_phone=&#8221;100%&#8221; width_last_edited=&#8221;on|desktop&#8221; custom_margin=&#8221;|62px|||false|false&#8221; custom_margin_tablet=&#8221;|62px|||false|false&#8221; custom_margin_phone=&#8221;|62px|||false|false&#8221; custom_margin_last_edited=&#8221;on|desktop&#8221; global_module=&#8221;316782&#8243; global_colors_info=&#8221;{}&#8221; custom_margin__hover_enabled=&#8221;off|desktop&#8221; custom_margin__hover=&#8221;|30px|||false|false&#8221;][difl_imagecarouselitem image=&#8221;https:\/\/www.itakaescolapios.org\/wp-content\/uploads\/2025\/02\/BANNERS-CAMPANA-INFERIOR-500500.jpg&#8221; ic_button_button_url_new_window=&#8221;1&#8243; _builder_version=&#8221;4.27.4&#8243; _module_preset=&#8221;default&#8221; link_option_url=&#8221;https:\/\/www.educa.itakaescolapios.org\/campanas\/2024-2025-abriendo-caminos&#8221; image_en_us=&#8221;https:\/\/www.itakaescolapios.org\/wp-content\/uploads\/2025\/02\/BANNERS-CAMPANA-INFERIOR-5005002.jpg&#8221; image_fr_fr=&#8221;https:\/\/www.itakaescolapios.org\/wp-content\/uploads\/2025\/02\/BANNERS-CAMPANA-INFERIOR-5005003.jpg&#8221; image_eu=&#8221;https:\/\/www.itakaescolapios.org\/wp-content\/uploads\/2025\/02\/BANNERS-CAMPANA-INFERIOR-5005006.jpg&#8221; image_ca=&#8221;https:\/\/www.itakaescolapios.org\/wp-content\/uploads\/2025\/02\/BANNERS-CAMPANA-INFERIOR-5005005.jpg&#8221; image_pt_br=&#8221;https:\/\/www.itakaescolapios.org\/wp-content\/uploads\/2025\/02\/BANNERS-CAMPANA-INFERIOR-5005004.jpg&#8221; global_colors_info=&#8221;{}&#8221;][\/difl_imagecarouselitem][difl_imagecarouselitem admin_label=&#8221;Voluntariado&#8221; image=&#8221;https:\/\/www.itakaescolapios.org\/wp-content\/uploads\/2025\/02\/BANNERS-VOLUNTARIADO-INFERIOR-500500.jpg&#8221; ic_button_button_url_new_window=&#8221;1&#8243; _builder_version=&#8221;4.27.4&#8243; _module_preset=&#8221;default&#8221; link_option_url=&#8221;https:\/\/www.itakaescolapios.org\/es\/haz-voluntariado\/&#8221; image_en_us=&#8221;https:\/\/www.itakaescolapios.org\/wp-content\/uploads\/2025\/02\/BANNERS-VOLUNTARIADO-INFERIOR-5005002.jpg&#8221; ic_button_button_url_en_us=&#8221;https:\/\/www.itakaescolapios.org\/&#8221; image_fr_fr=&#8221;https:\/\/www.itakaescolapios.org\/wp-content\/uploads\/2025\/02\/BANNERS-VOLUNTARIADO-INFERIOR-5005003.jpg&#8221; image_eu=&#8221;https:\/\/www.itakaescolapios.org\/wp-content\/uploads\/2025\/02\/BANNERS-VOLUNTARIADO-INFERIOR-5005006.jpg&#8221; image_ca=&#8221;https:\/\/www.itakaescolapios.org\/wp-content\/uploads\/2025\/02\/BANNERS-VOLUNTARIADO-INFERIOR-5005004.jpg&#8221; image_pt_br=&#8221;https:\/\/www.itakaescolapios.org\/wp-content\/uploads\/2025\/02\/BANNERS-VOLUNTARIADO-INFERIOR-5005005.jpg&#8221; global_colors_info=&#8221;{}&#8221;][\/difl_imagecarouselitem][difl_imagecarouselitem image=&#8221;https:\/\/www.itakaescolapios.org\/wp-content\/uploads\/2025\/02\/BANNERS-EDUCA-INFERIOR-500500.jpg&#8221; ic_button_button_url_new_window=&#8221;1&#8243; _builder_version=&#8221;4.27.4&#8243; _module_preset=&#8221;default&#8221; link_option_url=&#8221;https:\/\/www.educa.itakaescolapios.org\/&#8221; image_en_us=&#8221;https:\/\/www.itakaescolapios.org\/wp-content\/uploads\/2025\/02\/BANNERS-EDUCA-INFERIOR-5005002.jpg&#8221; image_fr_fr=&#8221;https:\/\/www.itakaescolapios.org\/wp-content\/uploads\/2025\/02\/BANNERS-EDUCA-INFERIOR-5005003.jpg&#8221; image_eu=&#8221;https:\/\/www.itakaescolapios.org\/wp-content\/uploads\/2025\/02\/BANNERS-EDUCA-INFERIOR-5005006.jpg&#8221; image_ca=&#8221;https:\/\/www.itakaescolapios.org\/wp-content\/uploads\/2025\/02\/BANNERS-EDUCA-INFERIOR-5005005.jpg&#8221; image_pt_br=&#8221;https:\/\/www.itakaescolapios.org\/wp-content\/uploads\/2025\/02\/BANNERS-EDUCA-INFERIOR-5005004.jpg&#8221; global_colors_info=&#8221;{}&#8221;][\/difl_imagecarouselitem][\/difl_imagecarousel][\/et_pb_column_inner][\/et_pb_row_inner][\/et_pb_column][et_pb_column type=&#8221;1_4&#8243; _builder_version=&#8221;4.16&#8243; custom_padding=&#8221;|||&#8221; global_colors_info=&#8221;{}&#8221; custom_padding__hover=&#8221;|||&#8221;][difl_imagecarousel item_desktop=&#8221;1&#8243; item_tablet=&#8221;1&#8243; loop=&#8221;on&#8221; autoplay=&#8221;on&#8221; autospeed=&#8221;3500&#8243; dots=&#8221;on&#8221; dots_color=&#8221;gcid-cca90ba6-297c-4d63-9e2c-8201011ef870&#8243; active_dots_color=&#8221;gcid-b1ace166-c11d-4c70-a679-55884e9ca298&#8243; dots_gap=&#8221;21px&#8221; item_wrapper_padding=&#8221;||15px||false|false&#8221; admin_label=&#8221;Ser miembro y newsletter&#8221; module_class=&#8221;extiendeenlacedeboton&#8221; _builder_version=&#8221;4.27.4&#8243; _module_preset=&#8221;default&#8221; global_module=&#8221;51656&#8243; saved_tabs=&#8221;all&#8221; global_colors_info=&#8221;{%22gcid-cca90ba6-297c-4d63-9e2c-8201011ef870%22:%91%22dots_color%22%93,%22gcid-b1ace166-c11d-4c70-a679-55884e9ca298%22:%91%22active_dots_color%22%93}&#8221;][difl_imagecarouselitem image=&#8221;https:\/\/www.itakaescolapios.org\/wp-content\/uploads\/2025\/02\/banners-500&#215;500-esp.jpg&#8221; ic_button_button_text=&#8221;bot&#8221; ic_button_button_url=&#8221;\/es\/colabora&#8221; ic_button_button_url_new_window=&#8221;1&#8243; _builder_version=&#8221;4.27.4&#8243; _module_preset=&#8221;default&#8221; image_en_us=&#8221;https:\/\/www.itakaescolapios.org\/wp-content\/uploads\/2025\/02\/banners-500&#215;500-eng.jpg&#8221; ic_button_button_text_en_us=&#8221;bot&#8221; ic_button_button_url_en_us=&#8221;\/en\/collaborate\/&#8221; image_fr_fr=&#8221;https:\/\/www.itakaescolapios.org\/wp-content\/uploads\/2025\/02\/banners-500&#215;500-fra.jpg&#8221; ic_button_button_text_fr_fr=&#8221;bot&#8221; ic_button_button_url_fr_fr=&#8221;\/fr\/collaborez\/&#8221; image_eu=&#8221;https:\/\/www.itakaescolapios.org\/wp-content\/uploads\/2025\/02\/banners-500&#215;500-eusk.jpg&#8221; ic_button_button_text_eu=&#8221;bot&#8221; ic_button_button_url_eu=&#8221;\/eu\/lagundu\/&#8221; image_ca=&#8221;https:\/\/www.itakaescolapios.org\/wp-content\/uploads\/2025\/02\/banners-500&#215;500-val.jpg&#8221; ic_button_button_text_ca=&#8221;bot&#8221; ic_button_button_url_ca=&#8221;\/ca\/collabora\/&#8221; image_pt_br=&#8221;https:\/\/www.itakaescolapios.org\/wp-content\/uploads\/2025\/02\/banners-500&#215;500-port.jpg&#8221; ic_button_button_text_pt_br=&#8221;bot&#8221; ic_button_button_url_pt_br=&#8221;\/pt\/colabore\/&#8221; global_colors_info=&#8221;{}&#8221;][\/difl_imagecarouselitem][difl_imagecarouselitem image=&#8221;https:\/\/www.itakaescolapios.org\/wp-content\/uploads\/2025\/02\/banners-500&#215;500-esp2.png&#8221; ic_button_button_text=&#8221;bot&#8221; ic_button_button_url=&#8221;\/es\/suscribete\/&#8221; ic_button_button_url_new_window=&#8221;1&#8243; _builder_version=&#8221;4.27.4&#8243; _module_preset=&#8221;default&#8221; image_en_us=&#8221;https:\/\/www.itakaescolapios.org\/wp-content\/uploads\/2025\/02\/banners-500&#215;500-eng2.jpg&#8221; ic_button_button_text_en_us=&#8221;bot&#8221; ic_button_button_url_en_us=&#8221;\/en\/subscribe\/&#8221; image_fr_fr=&#8221;https:\/\/www.itakaescolapios.org\/wp-content\/uploads\/2025\/02\/banners-500&#215;500-fra2.jpg&#8221; ic_button_button_text_fr_fr=&#8221;bot&#8221; ic_button_button_url_fr_fr=&#8221;\/fr\/abonnez-vous-maintenant\/&#8221; image_eu=&#8221;https:\/\/www.itakaescolapios.org\/wp-content\/uploads\/2025\/02\/banners-500&#215;500-eusk2.jpg&#8221; ic_button_button_text_eu=&#8221;bot&#8221; ic_button_button_url_eu=&#8221;\/eu\/harpidetu\/&#8221; image_ca=&#8221;https:\/\/www.itakaescolapios.org\/wp-content\/uploads\/2025\/02\/banners-500&#215;500-val2.jpg&#8221; ic_button_button_text_ca=&#8221;bot&#8221; ic_button_button_url_ca=&#8221;\/ca\/subscriu-te\/&#8221; image_pt_br=&#8221;https:\/\/www.itakaescolapios.org\/wp-content\/uploads\/2025\/02\/banners-500&#215;500-port2.jpg&#8221; ic_button_button_text_pt_br=&#8221;bot&#8221; ic_button_button_url_pt_br=&#8221;\/pt\/assine\/&#8221; global_colors_info=&#8221;{}&#8221;][\/difl_imagecarouselitem][\/difl_imagecarousel][et_pb_text admin_label=&#8221;Texto %22\u00daltimas noticias%22&#8243; _builder_version=&#8221;4.25.0&#8243; _module_preset=&#8221;default&#8221; header_font=&#8221;IBM Plex Sans|700|||||||&#8221; header_text_color=&#8221;gcid-cca90ba6-297c-4d63-9e2c-8201011ef870&#8243; header_font_size=&#8221;40px&#8221; custom_margin=&#8221;||||false|false&#8221; header_font_size_tablet=&#8221;55px&#8221; header_font_size_phone=&#8221;30px&#8221; header_font_size_last_edited=&#8221;on|phone&#8221; content_en_us=&#8221;<\/p>\n<h1>Last news<\/h1>\n<p>&#8221; content_fr_fr=&#8221;<\/p>\n<h1>Derni\u00e8res nouvelles<\/h1>\n<p>&#8221; content_eu=&#8221;<\/p>\n<h1>Azken berriak<\/h1>\n<p>&#8221; content_ca=&#8221;<\/p>\n<h1>\u00daltimes not\u00edcies<\/h1>\n<p>&#8221; content_pt_br=&#8221;<\/p>\n<h1>\u00daltimas not\u00edcias<\/h1>\n<p>&#8221; border_width_bottom=&#8221;3px&#8221; border_color_bottom=&#8221;gcid-b1ace166-c11d-4c70-a679-55884e9ca298&#8243; border_style_bottom=&#8221;dotted&#8221; global_module=&#8221;50904&#8243; saved_tabs=&#8221;all&#8221; global_colors_info=&#8221;{%22gcid-cca90ba6-297c-4d63-9e2c-8201011ef870%22:%91%22header_text_color%22,%22header_text_color%22%93,%22gcid-b1ace166-c11d-4c70-a679-55884e9ca298%22:%91%22border_color_bottom%22%93}&#8221;]<\/p>\n<h1>\u00daltimas noticias<\/h1>\n<p>[\/et_pb_text][difl_blogcarousel posts_number=&#8221;6&#8243; post_display=&#8221;by_category&#8221; use_image_as_background=&#8221;on&#8221; item_desktop=&#8221;1&#8243; item_tablet=&#8221;1&#8243; loop=&#8221;on&#8221; dots=&#8221;on&#8221; equal_height=&#8221;on&#8221; item_background_bgcolor=&#8221;rgba(175,196,16,0.9)&#8221; arrow_color=&#8221;#FFFFFF&#8221; arrow_background=&#8221;gcid-cca90ba6-297c-4d63-9e2c-8201011ef870&#8243; arrow_circle=&#8221;on&#8221; arrow_prev_icon_use_icon=&#8221;off&#8221; arrow_prev_margin=&#8221;|||-70px|false|false&#8221; arrow_prev_margin_tablet=&#8221;&#8221; arrow_prev_margin_phone=&#8221;|||0px|false|false&#8221; arrow_prev_margin_last_edited=&#8221;on|phone&#8221; arrow_next_margin=&#8221;|-70px|||false|false&#8221; arrow_next_margin_tablet=&#8221;&#8221; arrow_next_margin_phone=&#8221;|0px|||false|false&#8221; arrow_next_margin_last_edited=&#8221;on|phone&#8221; large_active_dot=&#8221;on&#8221; dots_color=&#8221;gcid-cca90ba6-297c-4d63-9e2c-8201011ef870&#8243; active_dots_color=&#8221;gcid-b1ace166-c11d-4c70-a679-55884e9ca298&#8243; wrapper_padding=&#8221;||15px||false|false&#8221; item_wrapper_padding=&#8221;300px||||false|false&#8221; item_padding=&#8221;20px||||false|false&#8221; admin_label=&#8221;AQU\u00cd CAMBIA LA CATEGOR\u00cdA&#8221; _builder_version=&#8221;4.27.4&#8243; _module_preset=&#8221;default&#8221; border_radii_item_outer=&#8221;on|8px|8px|8px|8px&#8221; global_colors_info=&#8221;{%22gcid-b1ace166-c11d-4c70-a679-55884e9ca298%22:%91%22item_background_bgcolor%22,%22active_dots_color%22%93}&#8221;][difl_postitem type=&#8221;title&#8221; element_padding=&#8221;10px|10px||10px|false|true&#8221; _builder_version=&#8221;4.27.4&#8243; _module_preset=&#8221;default&#8221; post_font_style_font=&#8221;Merriweather|900|||||||&#8221; post_font_style_text_color=&#8221;#FFFFFF&#8221; post_font_style_font_size=&#8221;20px&#8221; post_font_style_line_height=&#8221;22px&#8221; background_color=&#8221;RGBA(255,255,255,0)&#8221; background_enable_color=&#8221;on&#8221; text_orientation=&#8221;center&#8221; global_colors_info=&#8221;{}&#8221;][\/difl_postitem][difl_postitem type=&#8221;date&#8221; date_format=&#8221;j-F-Y&#8221; meta_display=&#8221;block&#8221; use_icon=&#8221;on&#8221; font_icon=&#8221;&#xe023;||divi||400&#8243; icon_color=&#8221;#FFFFFF&#8221; element_padding=&#8221;|10px||10px|false|true&#8221; _builder_version=&#8221;4.27.4&#8243; _module_preset=&#8221;default&#8221; post_font_style_font=&#8221;IBM Plex Sans|700|||||||&#8221; post_font_style_text_color=&#8221;#FFFFFF&#8221; post_font_style_font_size=&#8221;12px&#8221; background_color=&#8221;RGBA(255,255,255,0)&#8221; background_enable_color=&#8221;on&#8221; text_orientation=&#8221;right&#8221; global_colors_info=&#8221;{}&#8221;][\/difl_postitem][\/difl_blogcarousel][et_pb_text admin_label=&#8221;Texto %22S\u00edguenos%22&#8243; _builder_version=&#8221;4.27.4&#8243; _module_preset=&#8221;default&#8221; header_font=&#8221;IBM Plex Sans|600|||||||&#8221; header_text_color=&#8221;#FFFFFF&#8221; background_color=&#8221;gcid-cca90ba6-297c-4d63-9e2c-8201011ef870&#8243; custom_margin=&#8221;0px||0px||true|false&#8221; custom_padding=&#8221;20px||||false|false&#8221; content_en_us=&#8221;<\/p>\n<h1 style=%22text-align: center;%22>Follow us<\/h1>\n<p>&#8221; content_fr_fr=&#8221;<\/p>\n<h1 style=%22text-align: center;%22>Suivez-nous sur<\/h1>\n<p>&#8221; content_eu=&#8221;<\/p>\n<h1 style=%22text-align: center;%22>Jarraitu<\/h1>\n<p>&#8221; content_ca=&#8221;<\/p>\n<h1 style=%22text-align: center;%22>Segueix-nos<\/h1>\n<p>&#8221; content_pt_br=&#8221;<\/p>\n<h1 style=%22text-align: center;%22>Siga-nos em<\/h1>\n<p>&#8221; border_radii=&#8221;off||15px||&#8221; global_colors_info=&#8221;{%22gcid-cca90ba6-297c-4d63-9e2c-8201011ef870%22:%91%22background_color%22%93}&#8221;]<\/p>\n<h1 style=\"text-align: center;\">S\u00edguenos<\/h1>\n<p>[\/et_pb_text][et_pb_social_media_follow admin_label=&#8221;REDES SOCIALES SEDE&#8221; module_class=&#8221;redes-portada-sede&#8221; _builder_version=&#8221;4.25.1&#8243; _module_preset=&#8221;default&#8221; background_color=&#8221;gcid-cca90ba6-297c-4d63-9e2c-8201011ef870&#8243; text_orientation=&#8221;center&#8221; custom_margin=&#8221;0px||||false|false&#8221; custom_padding=&#8221;15px||15px||true|false&#8221; custom_css_free_form=&#8221;.redes-portada-sede.et_pb_module {border-bottom-left-radius: 15px !important;}&#8221; border_radii=&#8221;off|15px|15px|15px|15px&#8221; global_colors_info=&#8221;{%22gcid-cca90ba6-297c-4d63-9e2c-8201011ef870%22:%91%22background_color%22%93}&#8221;][et_pb_social_media_follow_network social_network=&#8221;facebook&#8221; icon_color=&#8221;gcid-cca90ba6-297c-4d63-9e2c-8201011ef870&#8243; _builder_version=&#8221;4.24.3&#8243; _module_preset=&#8221;default&#8221; background_color=&#8221;#FFFFFF&#8221; background_enable_color=&#8221;on&#8221; global_colors_info=&#8221;{%22gcid-cca90ba6-297c-4d63-9e2c-8201011ef870%22:%91%22icon_color%22%93}&#8221; follow_button=&#8221;off&#8221; url_new_window=&#8221;on&#8221;]facebook[\/et_pb_social_media_follow_network][et_pb_social_media_follow_network social_network=&#8221;instagram&#8221; icon_color=&#8221;gcid-cca90ba6-297c-4d63-9e2c-8201011ef870&#8243; _builder_version=&#8221;4.24.3&#8243; _module_preset=&#8221;default&#8221; background_color=&#8221;#FFFFFF&#8221; background_enable_color=&#8221;on&#8221; global_colors_info=&#8221;{%22gcid-cca90ba6-297c-4d63-9e2c-8201011ef870%22:%91%22icon_color%22%93}&#8221; follow_button=&#8221;off&#8221; url_new_window=&#8221;on&#8221;]instagram[\/et_pb_social_media_follow_network][et_pb_social_media_follow_network social_network=&#8221;youtube&#8221; icon_color=&#8221;gcid-cca90ba6-297c-4d63-9e2c-8201011ef870&#8243; _builder_version=&#8221;4.24.3&#8243; _module_preset=&#8221;default&#8221; background_color=&#8221;#FFFFFF&#8221; background_enable_color=&#8221;on&#8221; global_colors_info=&#8221;{%22gcid-cca90ba6-297c-4d63-9e2c-8201011ef870%22:%91%22icon_color%22%93}&#8221; follow_button=&#8221;off&#8221; url_new_window=&#8221;on&#8221;]youtube[\/et_pb_social_media_follow_network][\/et_pb_social_media_follow][difl_imagecarousel item_desktop=&#8221;1&#8243; item_tablet=&#8221;1&#8243; loop=&#8221;on&#8221; autoplay=&#8221;on&#8221; autospeed=&#8221;3500&#8243; dots=&#8221;on&#8221; dots_color=&#8221;gcid-cca90ba6-297c-4d63-9e2c-8201011ef870&#8243; active_dots_color=&#8221;gcid-b1ace166-c11d-4c70-a679-55884e9ca298&#8243; item_wrapper_padding=&#8221;||20px||false|false&#8221; admin_label=&#8221;Formaci\u00f3n, hemeroteca y formaci\u00f3n&#8221; module_class=&#8221;extiendeenlacedeboton&#8221; _builder_version=&#8221;4.27.4&#8243; _module_preset=&#8221;default&#8221; module_alignment=&#8221;center&#8221; custom_margin=&#8221;||||false|false&#8221; global_module=&#8221;51721&#8243; saved_tabs=&#8221;all&#8221; global_colors_info=&#8221;{%22gcid-cca90ba6-297c-4d63-9e2c-8201011ef870%22:%91%22dots_color%22%93,%22gcid-b1ace166-c11d-4c70-a679-55884e9ca298%22:%91%22active_dots_color%22%93}&#8221; custom_margin__hover_enabled=&#8221;on|hover&#8221; custom_margin__hover=&#8221;||||false|false&#8221;][difl_imagecarouselitem admin_label=&#8221;Formaci\u00f3n&#8221; image=&#8221;https:\/\/www.itakaescolapios.org\/wp-content\/uploads\/2025\/02\/banners-500&#215;500-esp5.jpg&#8221; ic_button_button_text=&#8221;bot&#8221; ic_button_button_url=&#8221;\/es\/que-hacemos\/formacion\/&#8221; ic_button_button_url_new_window=&#8221;1&#8243; _builder_version=&#8221;4.27.4&#8243; _module_preset=&#8221;default&#8221; image_en_us=&#8221;https:\/\/www.itakaescolapios.org\/wp-content\/uploads\/2025\/02\/banners-500&#215;500-eng5.jpg&#8221; ic_button_button_text_en_us=&#8221;bot&#8221; ic_button_button_url_en_us=&#8221;\/en\/what-we-do\/training\/&#8221; image_fr_fr=&#8221;https:\/\/www.itakaescolapios.org\/wp-content\/uploads\/2025\/02\/banners-500&#215;500-fra5.jpg&#8221; ic_button_button_text_fr_fr=&#8221;bot&#8221; ic_button_button_url_fr_fr=&#8221;\/fr\/que-faisons-nous\/formation\/&#8221; image_eu=&#8221;https:\/\/www.itakaescolapios.org\/wp-content\/uploads\/2025\/02\/banners-500&#215;500-eusk5.jpg&#8221; ic_button_button_text_eu=&#8221;bot&#8221; ic_button_button_url_eu=&#8221;\/eu\/zer-egiten-dugu\/prestakuntza\/&#8221; image_ca=&#8221;https:\/\/www.itakaescolapios.org\/wp-content\/uploads\/2025\/02\/banners-500&#215;500-val5.jpg&#8221; ic_button_button_text_ca=&#8221;bot&#8221; ic_button_button_url_ca=&#8221;\/ca\/que-fem\/formacio\/&#8221; image_pt_br=&#8221;https:\/\/www.itakaescolapios.org\/wp-content\/uploads\/2025\/02\/banners-500&#215;500-port5.jpg&#8221; ic_button_button_text_pt_br=&#8221;bot&#8221; ic_button_button_url_pt_br=&#8221;\/pt\/o-que-fazemos\/formacao\/&#8221; global_colors_info=&#8221;{}&#8221;][\/difl_imagecarouselitem][difl_imagecarouselitem admin_label=&#8221;Publicaciones&#8221; image=&#8221;https:\/\/www.itakaescolapios.org\/wp-content\/uploads\/2025\/02\/banners-500&#215;500-esp3-1.jpg&#8221; ic_button_button_text=&#8221;bot&#8221; ic_button_button_url=&#8221;\/es\/publicaciones&#8221; ic_button_button_url_new_window=&#8221;1&#8243; _builder_version=&#8221;4.27.4&#8243; _module_preset=&#8221;default&#8221; image_en_us=&#8221;https:\/\/www.itakaescolapios.org\/wp-content\/uploads\/2025\/02\/banners-500&#215;500-eng3.jpg&#8221; ic_button_button_text_en_us=&#8221;bot&#8221; ic_button_button_url_en_us=&#8221;\/en\/publicaciones&#8221; image_fr_fr=&#8221;https:\/\/www.itakaescolapios.org\/wp-content\/uploads\/2025\/02\/banners-500&#215;500-fra3.jpg&#8221; ic_button_button_text_fr_fr=&#8221;bot&#8221; ic_button_button_url_fr_fr=&#8221;\/fr\/publicaciones&#8221; image_eu=&#8221;https:\/\/www.itakaescolapios.org\/wp-content\/uploads\/2025\/02\/banners-500&#215;500-eusk3.jpg&#8221; ic_button_button_text_eu=&#8221;bot&#8221; ic_button_button_url_eu=&#8221;\/eu\/publicaciones&#8221; image_ca=&#8221;https:\/\/www.itakaescolapios.org\/wp-content\/uploads\/2025\/02\/banners-500&#215;500-val3.jpg&#8221; ic_button_button_text_ca=&#8221;bot&#8221; ic_button_button_url_ca=&#8221;\/ca\/publicaciones&#8221; image_pt_br=&#8221;https:\/\/www.itakaescolapios.org\/wp-content\/uploads\/2025\/02\/banners-500&#215;500-port3.jpg&#8221; ic_button_button_text_pt_br=&#8221;bot&#8221; ic_button_button_url_pt_br=&#8221;\/pt\/publicaciones&#8221; global_colors_info=&#8221;{}&#8221;][\/difl_imagecarouselitem][difl_imagecarouselitem admin_label=&#8221;Hemeroteca&#8221; image=&#8221;https:\/\/www.itakaescolapios.org\/wp-content\/uploads\/2025\/02\/banners-500&#215;500-esp4.jpg&#8221; ic_button_button_text=&#8221;bot&#8221; ic_button_button_url=&#8221;\/es\/noticias\/&#8221; ic_button_button_url_new_window=&#8221;1&#8243; _builder_version=&#8221;4.27.4&#8243; _module_preset=&#8221;default&#8221; image_en_us=&#8221;https:\/\/www.itakaescolapios.org\/wp-content\/uploads\/2025\/02\/banners-500&#215;500-eng4.jpg&#8221; ic_button_button_text_en_us=&#8221;bot&#8221; ic_button_button_url_en_us=&#8221;7en\/news\/&#8221; image_fr_fr=&#8221;https:\/\/www.itakaescolapios.org\/wp-content\/uploads\/2025\/02\/banners-500&#215;500-fra4.jpg&#8221; ic_button_button_text_fr_fr=&#8221;bot&#8221; ic_button_button_url_fr_fr=&#8221;\/fr\/actualites\/&#8221; image_eu=&#8221;https:\/\/www.itakaescolapios.org\/wp-content\/uploads\/2025\/02\/banners-500&#215;500-eusk4.jpg&#8221; ic_button_button_text_eu=&#8221;bot&#8221; ic_button_button_url_eu=&#8221;\/eu\/berriak\/&#8221; image_ca=&#8221;https:\/\/www.itakaescolapios.org\/wp-content\/uploads\/2025\/02\/banners-500&#215;500-val4.jpg&#8221; ic_button_button_text_ca=&#8221;bot&#8221; ic_button_button_url_ca=&#8221;\/ca\/noticies\/&#8221; image_pt_br=&#8221;https:\/\/www.itakaescolapios.org\/wp-content\/uploads\/2025\/02\/banners-500&#215;500-port4.jpg&#8221; ic_button_button_text_pt_br=&#8221;bot&#8221; ic_button_button_url_pt_br=&#8221;\/pt\/novidades\/&#8221; global_colors_info=&#8221;{}&#8221;][\/difl_imagecarouselitem][\/difl_imagecarousel][\/et_pb_column][\/et_pb_section]<\/p>\n","protected":false},"excerpt":{"rendered":"<p>Nueva reuni\u00f3n del Patronato de Itaka- EscolapiosEl pasado 27 de junio tuvo lugar una nueva reuni\u00f3n del Patronato de Itaka-Escolapios. En esta sesi\u00f3n ordinaria se aprob\u00f3 el presupuesto de la [&hellip;]<\/p>\n","protected":false},"author":1,"featured_media":328221,"comment_status":"closed","ping_status":"closed","sticky":false,"template":"","format":"standard","meta":{"_et_pb_use_builder":"on","_et_pb_old_content":"<p>El pasado 27 de junio tuvo lugar una nueva reuni\u00f3n del Patronato de Itaka-Escolapios. En esta sesi\u00f3n ordinaria se aprob\u00f3 el presupuesto de la Red Itaka-Escolapios para el pr\u00f3ximo curso 2025-2026. Adem\u00e1s, se abordaron importantes aspectos del funcionamiento de la Red con la revisi\u00f3n del manual de organizaci\u00f3n y funcionamiento que en estos momentos se encuentra en fase de elaboraci\u00f3n. Tambi\u00e9n hubo ocasi\u00f3n, como siempre, de hacer un repaso a las principales novedades de los \u00faltimos meses.<\/p><p>El Patronato es el principal \u00f3rgano de gobierno de la Fundaci\u00f3n Itaka-Escolapios y dirige la Red de manera permanente entre las convocatorias de los Consejos Asesores. Lo conforman Juan Alfonso Serra (Presidente), Jes\u00fas Elizari (Vicepresidente y Provincial de Ema\u00fas), Alberto Cantero (en nombre de la Fraternidad General y Secretario), F\u00e9licien Mouendji (en nombre de la Congregaci\u00f3n General), Iv\u00e1n Ruiz (Provincial de Betania), Ra\u00fal Gonz\u00e1lez (Fraternidad de Ema\u00fas), Noem\u00ed Gesto (Fraternidad de Betania), Emmanuel Su\u00e1rez y Carolina Paredes. Tambi\u00e9n cont\u00f3 con la participaci\u00f3n de Igor Irigoyen como coordinador general y de Ander Mijangos como coordinador del \u00e1rea de gesti\u00f3n de recursos.<\/p><p>\u00a0<\/p><p>[gallery ids=\"328221\"]<\/p>","_et_gb_content_width":"","footnotes":""},"categories":[30],"tags":[],"class_list":["post-328220","post","type-post","status-publish","format-standard","has-post-thumbnail","hentry","category-itaka-escolapios"],"yoast_head":"<!-- This site is optimized with the Yoast SEO plugin v27.4 - https:\/\/yoast.com\/product\/yoast-seo-wordpress\/ -->\n<title>NOVA REUNI\u00d3 DEL PATRONAT D\u2019ITAKA-ESCOLAPIS<\/title>\n<meta name=\"description\" content=\"El passat 27 de juny va tindre lloc una nova reuni\u00f3 del Patronat d\u2019Itaka-Escolapis. En aquesta sessi\u00f3 ordin\u00e0ria es va aprovar el pressupost de la Xarxa Itaka-Escolapis per al proper curs 2025-2026. A m\u00e9s, es tractaren aspectes importants del funcionament de la Xarxa, amb la revisi\u00f3 del manual d\u2019organitzaci\u00f3 i funcionament, que en aquests moments es troba en fase d\u2019elaboraci\u00f3. Tamb\u00e9 hi hagu\u00e9 ocasi\u00f3, com sempre, de repassar les principals novetats dels darrers mesos.\" \/>\n<meta name=\"robots\" content=\"index, follow, max-snippet:-1, max-image-preview:large, max-video-preview:-1\" \/>\n<link rel=\"canonical\" href=\"http:\/\/El%20passat%2027%20de%20juny%20va%20tindre%20lloc%20una%20nova%20reuni\u00f3%20del%20Patronat%20d\u2019Itaka-Escolapis.%20En%20aquesta%20sessi\u00f3%20ordin\u00e0ria%20es%20va%20aprovar%20el%20pressupost%20de%20la%20Xarxa%20Itaka-Escolapis%20per%20al%20proper%20curs%202025-2026.%20A%20m\u00e9s,%20es%20tractaren%20aspectes%20importants%20del%20funcionament%20de%20la%20Xarxa,%20amb%20la%20revisi\u00f3%20del%20manual%20d\u2019organitzaci\u00f3%20i%20funcionament,%20que%20en%20aquests%20moments%20es%20troba%20en%20fase%20d\u2019elaboraci\u00f3.%20Tamb\u00e9%20hi%20hagu\u00e9%20ocasi\u00f3,%20com%20sempre,%20de%20repassar%20les%20principals%20novetats%20dels%20darrers%20mesos.\" \/>\n<meta property=\"og:locale\" content=\"ca_ES\" \/>\n<meta property=\"og:type\" content=\"article\" \/>\n<meta property=\"og:title\" content=\"NOVA REUNI\u00d3 DEL PATRONAT D\u2019ITAKA-ESCOLAPIS\" \/>\n<meta property=\"og:description\" content=\"El passat 27 de juny va tindre lloc una nova reuni\u00f3 del Patronat d\u2019Itaka-Escolapis. En aquesta sessi\u00f3 ordin\u00e0ria es va aprovar el pressupost de la Xarxa Itaka-Escolapis per al proper curs 2025-2026. A m\u00e9s, es tractaren aspectes importants del funcionament de la Xarxa, amb la revisi\u00f3 del manual d\u2019organitzaci\u00f3 i funcionament, que en aquests moments es troba en fase d\u2019elaboraci\u00f3. Tamb\u00e9 hi hagu\u00e9 ocasi\u00f3, com sempre, de repassar les principals novetats dels darrers mesos.\" \/>\n<meta property=\"og:url\" content=\"https:\/\/www.itakaescolapios.org\/ca\/2025\/07\/nueva-reunion-del-patronato-de-itaka-escolapios\/\" \/>\n<meta property=\"og:site_name\" content=\"Itaka-Escolapios\" \/>\n<meta property=\"article:published_time\" content=\"2025-07-15T10:02:30+00:00\" \/>\n<meta property=\"article:modified_time\" content=\"2025-07-16T10:36:25+00:00\" \/>\n<meta property=\"og:image\" content=\"https:\/\/www.itakaescolapios.org\/wp-content\/uploads\/2025\/07\/250627-Patronato-2.jpg\" \/>\n\t<meta property=\"og:image:width\" content=\"1920\" \/>\n\t<meta property=\"og:image:height\" content=\"1020\" \/>\n\t<meta property=\"og:image:type\" content=\"image\/jpeg\" \/>\n<meta name=\"author\" content=\"administrador\" \/>\n<meta name=\"twitter:card\" content=\"summary_large_image\" \/>\n<meta name=\"twitter:label1\" content=\"Escrit per\" \/>\n\t<meta name=\"twitter:data1\" content=\"administrador\" \/>\n\t<meta name=\"twitter:label2\" content=\"Temps estimat de lectura\" \/>\n\t<meta name=\"twitter:data2\" content=\"4 minuts\" \/>\n<script type=\"application\/ld+json\" class=\"yoast-schema-graph\">{\"@context\":\"https:\\\/\\\/schema.org\",\"@graph\":[{\"@type\":\"Article\",\"@id\":\"https:\\\/\\\/www.itakaescolapios.org\\\/ca\\\/2025\\\/07\\\/nueva-reunion-del-patronato-de-itaka-escolapios\\\/#article\",\"isPartOf\":{\"@id\":\"https:\\\/\\\/www.itakaescolapios.org\\\/ca\\\/2025\\\/07\\\/nueva-reunion-del-patronato-de-itaka-escolapios\\\/\"},\"author\":{\"name\":\"administrador\",\"@id\":\"https:\\\/\\\/www.itakaescolapios.org\\\/es\\\/#\\\/schema\\\/person\\\/aaa10333558991c1d6ad358b7721fe71\"},\"headline\":\"NOVA REUNI\u00d3 DEL PATRONAT D\u2019ITAKA-ESCOLAPIS\",\"datePublished\":\"2025-07-15T10:02:30+00:00\",\"dateModified\":\"2025-07-16T10:36:25+00:00\",\"mainEntityOfPage\":{\"@id\":\"https:\\\/\\\/www.itakaescolapios.org\\\/ca\\\/2025\\\/07\\\/nueva-reunion-del-patronato-de-itaka-escolapios\\\/\"},\"wordCount\":4286,\"publisher\":{\"@id\":\"https:\\\/\\\/www.itakaescolapios.org\\\/es\\\/#organization\"},\"image\":{\"@id\":\"https:\\\/\\\/www.itakaescolapios.org\\\/ca\\\/2025\\\/07\\\/nueva-reunion-del-patronato-de-itaka-escolapios\\\/#primaryimage\"},\"thumbnailUrl\":\"https:\\\/\\\/www.itakaescolapios.org\\\/wp-content\\\/uploads\\\/2025\\\/07\\\/250627-Patronato-2.jpg\",\"articleSection\":[\"Itaka Escolapios\"],\"inLanguage\":\"ca\"},{\"@type\":\"WebPage\",\"@id\":\"https:\\\/\\\/www.itakaescolapios.org\\\/ca\\\/2025\\\/07\\\/nueva-reunion-del-patronato-de-itaka-escolapios\\\/\",\"url\":\"https:\\\/\\\/www.itakaescolapios.org\\\/ca\\\/2025\\\/07\\\/nueva-reunion-del-patronato-de-itaka-escolapios\\\/\",\"name\":\"NUEVA REUNI\u00d3N DEL PATRONATO DE ITAKA-ESCOLAPIOS - Itaka-Escolapios\",\"isPartOf\":{\"@id\":\"https:\\\/\\\/www.itakaescolapios.org\\\/es\\\/#website\"},\"primaryImageOfPage\":{\"@id\":\"https:\\\/\\\/www.itakaescolapios.org\\\/ca\\\/2025\\\/07\\\/nueva-reunion-del-patronato-de-itaka-escolapios\\\/#primaryimage\"},\"image\":{\"@id\":\"https:\\\/\\\/www.itakaescolapios.org\\\/ca\\\/2025\\\/07\\\/nueva-reunion-del-patronato-de-itaka-escolapios\\\/#primaryimage\"},\"thumbnailUrl\":\"https:\\\/\\\/www.itakaescolapios.org\\\/wp-content\\\/uploads\\\/2025\\\/07\\\/250627-Patronato-2.jpg\",\"datePublished\":\"2025-07-15T10:02:30+00:00\",\"dateModified\":\"2025-07-16T10:36:25+00:00\",\"breadcrumb\":{\"@id\":\"https:\\\/\\\/www.itakaescolapios.org\\\/ca\\\/2025\\\/07\\\/nueva-reunion-del-patronato-de-itaka-escolapios\\\/#breadcrumb\"},\"inLanguage\":\"ca\",\"potentialAction\":[{\"@type\":\"ReadAction\",\"target\":[\"https:\\\/\\\/www.itakaescolapios.org\\\/ca\\\/2025\\\/07\\\/nueva-reunion-del-patronato-de-itaka-escolapios\\\/\"]}]},{\"@type\":\"ImageObject\",\"inLanguage\":\"ca\",\"@id\":\"https:\\\/\\\/www.itakaescolapios.org\\\/ca\\\/2025\\\/07\\\/nueva-reunion-del-patronato-de-itaka-escolapios\\\/#primaryimage\",\"url\":\"https:\\\/\\\/www.itakaescolapios.org\\\/wp-content\\\/uploads\\\/2025\\\/07\\\/250627-Patronato-2.jpg\",\"contentUrl\":\"https:\\\/\\\/www.itakaescolapios.org\\\/wp-content\\\/uploads\\\/2025\\\/07\\\/250627-Patronato-2.jpg\",\"width\":1920,\"height\":1020},{\"@type\":\"BreadcrumbList\",\"@id\":\"https:\\\/\\\/www.itakaescolapios.org\\\/ca\\\/2025\\\/07\\\/nueva-reunion-del-patronato-de-itaka-escolapios\\\/#breadcrumb\",\"itemListElement\":[{\"@type\":\"ListItem\",\"position\":1,\"name\":\"Itaka-Escolapios\",\"item\":\"https:\\\/\\\/www.itakaescolapios.org\\\/es\\\/\"},{\"@type\":\"ListItem\",\"position\":2,\"name\":\"NOVA REUNI\u00d3 DEL PATRONAT D\u2019ITAKA-ESCOLAPIS\"}]},{\"@type\":\"WebSite\",\"@id\":\"https:\\\/\\\/www.itakaescolapios.org\\\/ca\\\/es\\\/#website\",\"url\":\"https:\\\/\\\/www.itakaescolapios.org\\\/ca\\\/es\\\/\",\"name\":\"Itaka-Escolapios\",\"description\":\"Red de Itaka-Escolapios\",\"publisher\":{\"@id\":\"https:\\\/\\\/www.itakaescolapios.org\\\/ca\\\/es\\\/#organization\"},\"potentialAction\":[{\"@type\":\"SearchAction\",\"target\":{\"@type\":\"EntryPoint\",\"urlTemplate\":\"https:\\\/\\\/www.itakaescolapios.org\\\/ca\\\/es\\\/?s={search_term_string}\"},\"query-input\":{\"@type\":\"PropertyValueSpecification\",\"valueRequired\":true,\"valueName\":\"search_term_string\"}}],\"inLanguage\":\"ca\"},{\"@type\":\"Organization\",\"@id\":\"https:\\\/\\\/www.itakaescolapios.org\\\/ca\\\/es\\\/#organization\",\"name\":\"Fundaci\u00f3 Itaka-Escolapios\",\"url\":\"https:\\\/\\\/www.itakaescolapios.org\\\/ca\\\/es\\\/\",\"logo\":{\"@type\":\"ImageObject\",\"inLanguage\":\"ca\",\"@id\":\"https:\\\/\\\/www.itakaescolapios.org\\\/ca\\\/es\\\/#\\\/schema\\\/logo\\\/image\\\/\",\"url\":\"https:\\\/\\\/www.itakaescolapios.org\\\/wp-content\\\/uploads\\\/2024\\\/04\\\/Logo-itakaescolapios-peque.png\",\"contentUrl\":\"https:\\\/\\\/www.itakaescolapios.org\\\/wp-content\\\/uploads\\\/2024\\\/04\\\/Logo-itakaescolapios-peque.png\",\"width\":500,\"height\":199,\"caption\":\"Fundaci\u00f3 Itaka-Escolapios\"},\"image\":{\"@id\":\"https:\\\/\\\/www.itakaescolapios.org\\\/ca\\\/es\\\/#\\\/schema\\\/logo\\\/image\\\/\"}},{\"@type\":\"Person\",\"@id\":\"https:\\\/\\\/www.itakaescolapios.org\\\/es\\\/#\\\/schema\\\/person\\\/aaa10333558991c1d6ad358b7721fe71\",\"name\":\"administrador\",\"url\":\"https:\\\/\\\/www.itakaescolapios.org\\\/ca\\\/author\\\/administrador\\\/\"}]}<\/script>\n<!-- \/ Yoast SEO plugin. -->","yoast_head_json":{"title":"NOVA REUNI\u00d3 DEL PATRONAT D\u2019ITAKA-ESCOLAPIS","description":"El passat 27 de juny va tindre lloc una nova reuni\u00f3 del Patronat d\u2019Itaka-Escolapis. En aquesta sessi\u00f3 ordin\u00e0ria es va aprovar el pressupost de la Xarxa Itaka-Escolapis per al proper curs 2025-2026. A m\u00e9s, es tractaren aspectes importants del funcionament de la Xarxa, amb la revisi\u00f3 del manual d\u2019organitzaci\u00f3 i funcionament, que en aquests moments es troba en fase d\u2019elaboraci\u00f3. Tamb\u00e9 hi hagu\u00e9 ocasi\u00f3, com sempre, de repassar les principals novetats dels darrers mesos.","robots":{"index":"index","follow":"follow","max-snippet":"max-snippet:-1","max-image-preview":"max-image-preview:large","max-video-preview":"max-video-preview:-1"},"canonical":"El passat 27 de juny va tindre lloc una nova reuni\u00f3 del Patronat d\u2019Itaka-Escolapis. En aquesta sessi\u00f3 ordin\u00e0ria es va aprovar el pressupost de la Xarxa Itaka-Escolapis per al proper curs 2025-2026. A m\u00e9s, es tractaren aspectes importants del funcionament de la Xarxa, amb la revisi\u00f3 del manual d\u2019organitzaci\u00f3 i funcionament, que en aquests moments es troba en fase d\u2019elaboraci\u00f3. Tamb\u00e9 hi hagu\u00e9 ocasi\u00f3, com sempre, de repassar les principals novetats dels darrers mesos.","og_locale":"ca_ES","og_type":"article","og_title":"NOVA REUNI\u00d3 DEL PATRONAT D\u2019ITAKA-ESCOLAPIS","og_description":"El passat 27 de juny va tindre lloc una nova reuni\u00f3 del Patronat d\u2019Itaka-Escolapis. En aquesta sessi\u00f3 ordin\u00e0ria es va aprovar el pressupost de la Xarxa Itaka-Escolapis per al proper curs 2025-2026. A m\u00e9s, es tractaren aspectes importants del funcionament de la Xarxa, amb la revisi\u00f3 del manual d\u2019organitzaci\u00f3 i funcionament, que en aquests moments es troba en fase d\u2019elaboraci\u00f3. Tamb\u00e9 hi hagu\u00e9 ocasi\u00f3, com sempre, de repassar les principals novetats dels darrers mesos.","og_url":"https:\/\/www.itakaescolapios.org\/ca\/2025\/07\/nueva-reunion-del-patronato-de-itaka-escolapios\/","og_site_name":"Itaka-Escolapios","article_published_time":"2025-07-15T10:02:30+00:00","article_modified_time":"2025-07-16T10:36:25+00:00","og_image":[{"width":1920,"height":1020,"url":"https:\/\/www.itakaescolapios.org\/wp-content\/uploads\/2025\/07\/250627-Patronato-2.jpg","type":"image\/jpeg"}],"author":"administrador","twitter_card":"summary_large_image","twitter_misc":{"Escrit per":"administrador","Temps estimat de lectura":"4 minuts"},"schema":{"@context":"https:\/\/schema.org","@graph":[{"@type":"Article","@id":"https:\/\/www.itakaescolapios.org\/ca\/2025\/07\/nueva-reunion-del-patronato-de-itaka-escolapios\/#article","isPartOf":{"@id":"https:\/\/www.itakaescolapios.org\/ca\/2025\/07\/nueva-reunion-del-patronato-de-itaka-escolapios\/"},"author":{"name":"administrador","@id":"https:\/\/www.itakaescolapios.org\/es\/#\/schema\/person\/aaa10333558991c1d6ad358b7721fe71"},"headline":"NOVA REUNI\u00d3 DEL PATRONAT D\u2019ITAKA-ESCOLAPIS","datePublished":"2025-07-15T10:02:30+00:00","dateModified":"2025-07-16T10:36:25+00:00","mainEntityOfPage":{"@id":"https:\/\/www.itakaescolapios.org\/ca\/2025\/07\/nueva-reunion-del-patronato-de-itaka-escolapios\/"},"wordCount":4286,"publisher":{"@id":"https:\/\/www.itakaescolapios.org\/es\/#organization"},"image":{"@id":"https:\/\/www.itakaescolapios.org\/ca\/2025\/07\/nueva-reunion-del-patronato-de-itaka-escolapios\/#primaryimage"},"thumbnailUrl":"https:\/\/www.itakaescolapios.org\/wp-content\/uploads\/2025\/07\/250627-Patronato-2.jpg","articleSection":["Itaka Escolapios"],"inLanguage":"ca"},{"@type":"WebPage","@id":"https:\/\/www.itakaescolapios.org\/ca\/2025\/07\/nueva-reunion-del-patronato-de-itaka-escolapios\/","url":"https:\/\/www.itakaescolapios.org\/ca\/2025\/07\/nueva-reunion-del-patronato-de-itaka-escolapios\/","name":"NUEVA REUNI\u00d3N DEL PATRONATO DE ITAKA-ESCOLAPIOS - Itaka-Escolapios","isPartOf":{"@id":"https:\/\/www.itakaescolapios.org\/es\/#website"},"primaryImageOfPage":{"@id":"https:\/\/www.itakaescolapios.org\/ca\/2025\/07\/nueva-reunion-del-patronato-de-itaka-escolapios\/#primaryimage"},"image":{"@id":"https:\/\/www.itakaescolapios.org\/ca\/2025\/07\/nueva-reunion-del-patronato-de-itaka-escolapios\/#primaryimage"},"thumbnailUrl":"https:\/\/www.itakaescolapios.org\/wp-content\/uploads\/2025\/07\/250627-Patronato-2.jpg","datePublished":"2025-07-15T10:02:30+00:00","dateModified":"2025-07-16T10:36:25+00:00","breadcrumb":{"@id":"https:\/\/www.itakaescolapios.org\/ca\/2025\/07\/nueva-reunion-del-patronato-de-itaka-escolapios\/#breadcrumb"},"inLanguage":"ca","potentialAction":[{"@type":"ReadAction","target":["https:\/\/www.itakaescolapios.org\/ca\/2025\/07\/nueva-reunion-del-patronato-de-itaka-escolapios\/"]}]},{"@type":"ImageObject","inLanguage":"ca","@id":"https:\/\/www.itakaescolapios.org\/ca\/2025\/07\/nueva-reunion-del-patronato-de-itaka-escolapios\/#primaryimage","url":"https:\/\/www.itakaescolapios.org\/wp-content\/uploads\/2025\/07\/250627-Patronato-2.jpg","contentUrl":"https:\/\/www.itakaescolapios.org\/wp-content\/uploads\/2025\/07\/250627-Patronato-2.jpg","width":1920,"height":1020},{"@type":"BreadcrumbList","@id":"https:\/\/www.itakaescolapios.org\/ca\/2025\/07\/nueva-reunion-del-patronato-de-itaka-escolapios\/#breadcrumb","itemListElement":[{"@type":"ListItem","position":1,"name":"Itaka-Escolapios","item":"https:\/\/www.itakaescolapios.org\/es\/"},{"@type":"ListItem","position":2,"name":"NOVA REUNI\u00d3 DEL PATRONAT D\u2019ITAKA-ESCOLAPIS"}]},{"@type":"WebSite","@id":"https:\/\/www.itakaescolapios.org\/ca\/es\/#website","url":"https:\/\/www.itakaescolapios.org\/ca\/es\/","name":"Itaka-Escolapios","description":"Red de Itaka-Escolapios","publisher":{"@id":"https:\/\/www.itakaescolapios.org\/ca\/es\/#organization"},"potentialAction":[{"@type":"SearchAction","target":{"@type":"EntryPoint","urlTemplate":"https:\/\/www.itakaescolapios.org\/ca\/es\/?s={search_term_string}"},"query-input":{"@type":"PropertyValueSpecification","valueRequired":true,"valueName":"search_term_string"}}],"inLanguage":"ca"},{"@type":"Organization","@id":"https:\/\/www.itakaescolapios.org\/ca\/es\/#organization","name":"Fundaci\u00f3 Itaka-Escolapios","url":"https:\/\/www.itakaescolapios.org\/ca\/es\/","logo":{"@type":"ImageObject","inLanguage":"ca","@id":"https:\/\/www.itakaescolapios.org\/ca\/es\/#\/schema\/logo\/image\/","url":"https:\/\/www.itakaescolapios.org\/wp-content\/uploads\/2024\/04\/Logo-itakaescolapios-peque.png","contentUrl":"https:\/\/www.itakaescolapios.org\/wp-content\/uploads\/2024\/04\/Logo-itakaescolapios-peque.png","width":500,"height":199,"caption":"Fundaci\u00f3 Itaka-Escolapios"},"image":{"@id":"https:\/\/www.itakaescolapios.org\/ca\/es\/#\/schema\/logo\/image\/"}},{"@type":"Person","@id":"https:\/\/www.itakaescolapios.org\/es\/#\/schema\/person\/aaa10333558991c1d6ad358b7721fe71","name":"administrador","url":"https:\/\/www.itakaescolapios.org\/ca\/author\/administrador\/"}]}},"_links":{"self":[{"href":"https:\/\/www.itakaescolapios.org\/ca\/wp-json\/wp\/v2\/posts\/328220","targetHints":{"allow":["GET"]}}],"collection":[{"href":"https:\/\/www.itakaescolapios.org\/ca\/wp-json\/wp\/v2\/posts"}],"about":[{"href":"https:\/\/www.itakaescolapios.org\/ca\/wp-json\/wp\/v2\/types\/post"}],"author":[{"embeddable":true,"href":"https:\/\/www.itakaescolapios.org\/ca\/wp-json\/wp\/v2\/users\/1"}],"replies":[{"embeddable":true,"href":"https:\/\/www.itakaescolapios.org\/ca\/wp-json\/wp\/v2\/comments?post=328220"}],"version-history":[{"count":8,"href":"https:\/\/www.itakaescolapios.org\/ca\/wp-json\/wp\/v2\/posts\/328220\/revisions"}],"predecessor-version":[{"id":328250,"href":"https:\/\/www.itakaescolapios.org\/ca\/wp-json\/wp\/v2\/posts\/328220\/revisions\/328250"}],"wp:featuredmedia":[{"embeddable":true,"href":"https:\/\/www.itakaescolapios.org\/ca\/wp-json\/wp\/v2\/media\/328221"}],"wp:attachment":[{"href":"https:\/\/www.itakaescolapios.org\/ca\/wp-json\/wp\/v2\/media?parent=328220"}],"wp:term":[{"taxonomy":"category","embeddable":true,"href":"https:\/\/www.itakaescolapios.org\/ca\/wp-json\/wp\/v2\/categories?post=328220"},{"taxonomy":"post_tag","embeddable":true,"href":"https:\/\/www.itakaescolapios.org\/ca\/wp-json\/wp\/v2\/tags?post=328220"}],"curies":[{"name":"wp","href":"https:\/\/api.w.org\/{rel}","templated":true}]}}