{"id":329411,"date":"2025-11-21T12:19:01","date_gmt":"2025-11-21T11:19:01","guid":{"rendered":"https:\/\/www.itakaescolapios.org\/?p=329411"},"modified":"2025-11-21T12:31:52","modified_gmt":"2025-11-21T11:31:52","slug":"colaboracion-llum-sgae","status":"publish","type":"post","link":"https:\/\/www.itakaescolapios.org\/ca\/2025\/11\/colaboracion-llum-sgae\/","title":{"rendered":"La SGAE col\u00b7labora amb el projecte Llum en dos tallers d'improvisaci\u00f3 teatral i de flamenc-rap"},"content":{"rendered":"<p>[et_pb_section fb_built=&#8221;1&#8243; make_equal=&#8221;on&#8221; use_custom_gutter=&#8221;on&#8221; gutter_width=&#8221;2&#8243; specialty=&#8221;on&#8221; _builder_version=&#8221;4.24.3&#8243; _module_preset=&#8221;default&#8221; width=&#8221;100%&#8221; max_width=&#8221;100%&#8221; module_alignment=&#8221;center&#8221; inner_width=&#8221;90%&#8221; inner_max_width=&#8221;2222px&#8221; inner_module_alignment=&#8221;center&#8221; custom_margin=&#8221;0px||||false|false&#8221; custom_padding=&#8221;0px||||false|false&#8221; da_disable_devices=&#8221;off|off|off&#8221; global_colors_info=&#8221;{}&#8221; da_is_popup=&#8221;off&#8221; da_exit_intent=&#8221;off&#8221; da_has_close=&#8221;on&#8221; da_alt_close=&#8221;off&#8221; da_dark_close=&#8221;off&#8221; da_not_modal=&#8221;on&#8221; da_is_singular=&#8221;off&#8221; da_with_loader=&#8221;off&#8221; da_has_shadow=&#8221;on&#8221;][et_pb_column type=&#8221;3_4&#8243; specialty_columns=&#8221;3&#8243; _builder_version=&#8221;4.16&#8243; custom_padding=&#8221;|||&#8221; global_colors_info=&#8221;{}&#8221; custom_padding__hover=&#8221;|||&#8221;][et_pb_row_inner custom_padding_last_edited=&#8221;on|phone&#8221; _builder_version=&#8221;4.24.3&#8243; _module_preset=&#8221;default&#8221; module_alignment=&#8221;center&#8221; custom_padding=&#8221;|50px|4px||false|false&#8221; custom_padding_tablet=&#8221;|50px|4px||false|false&#8221; custom_padding_phone=&#8221;|0px|||false|false&#8221; border_color_all=&#8221;gcid-b1ace166-c11d-4c70-a679-55884e9ca298&#8243; border_style_all=&#8221;dotted&#8221; border_width_right=&#8221;3px&#8221; border_color_right=&#8221;gcid-b1ace166-c11d-4c70-a679-55884e9ca298&#8243; border_width_right_tablet=&#8221;3px&#8221; border_width_right_phone=&#8221;0px&#8221; border_width_right_last_edited=&#8221;on|desktop&#8221; collapsed=&#8221;off&#8221; global_colors_info=&#8221;{%22gcid-b1ace166-c11d-4c70-a679-55884e9ca298%22:%91%22border_color_all%22,%22border_color_right%22%93}&#8221;][et_pb_column_inner saved_specialty_column_type=&#8221;3_4&#8243; _builder_version=&#8221;4.24.3&#8243; _module_preset=&#8221;default&#8221; global_colors_info=&#8221;{}&#8221;][et_pb_text admin_label=&#8221;T\u00cdTULO NOTICIA&#8221; _builder_version=&#8221;4.27.4&#8243; _module_preset=&#8221;default&#8221; header_font=&#8221;Titulo Itaka-Escolapios|700|||||||&#8221; header_text_align=&#8221;center&#8221; header_text_color=&#8221;gcid-cca90ba6-297c-4d63-9e2c-8201011ef870&#8243; header_font_size=&#8221;50px&#8221; custom_margin=&#8221;||20px||false|false&#8221; custom_margin_tablet=&#8221;||20px||false|false&#8221; custom_margin_phone=&#8221;||20px||false|false&#8221; custom_margin_last_edited=&#8221;on|desktop&#8221; hover_enabled=&#8221;0&#8243; header_font_size_tablet=&#8221;55px&#8221; header_font_size_phone=&#8221;35px&#8221; header_font_size_last_edited=&#8221;on|phone&#8221; content_en_us=&#8221;<\/p>\n<h1><strong>The SGAE is collaborating with the Llum project in two workshops on theatrical improvisation and flamenco-rap<\/strong><\/h1>\n<p>&#8221; content_fr_fr=&#8221;<\/p>\n<h1><strong>La SGAE collabore avec le projet Llum dans le cadre de deux ateliers d&#8217;improvisation th\u00e9\u00e2trale et de flamenco-rap<\/strong><\/h1>\n<p>&#8221; content_eu=&#8221;<\/p>\n<h1><strong>SGAE Llum proiektuarekin elkarlanean ari da antzerki inprobisazioko eta flamenko-rapeko bi tailerretan<\/strong><\/p>\n<\/h1>\n<p>&#8221; content_ca=&#8221;<\/p>\n<h1><strong>La SGAE col\u00b7labora amb el projecte Llum en dos tallers d&#8217;improvisaci\u00f3 teatral i de flamenc-rap<\/strong><\/p>\n<\/h1>\n<p>&#8221; content_pt_br=&#8221;<\/p>\n<h1><strong>A SGAE colabora com o projeto Llum em duas oficinas de improvisa\u00e7\u00e3o teatral e flamenco-rap<\/strong><\/h1>\n<p>&#8221; global_colors_info=&#8221;{%22gcid-cca90ba6-297c-4d63-9e2c-8201011ef870%22:%91%22header_text_color%22%93}&#8221; sticky_enabled=&#8221;0&#8243;]<\/p>\n<h1><strong>La SGAE colabora con el proyecto Llum en dos talleres de improvisaci\u00f3n teatral y de flamenco-rap<\/strong><\/h1>\n<p>[\/et_pb_text][et_pb_text admin_label=&#8221;Fecha noticia no tocar&#8221; _builder_version=&#8221;4.27.4&#8243; _dynamic_attributes=&#8221;content&#8221; _module_preset=&#8221;default&#8221; text_font=&#8221;Titulo Itaka-Escolapios|700|||||||&#8221; text_text_color=&#8221;gcid-cca90ba6-297c-4d63-9e2c-8201011ef870&#8243; text_font_size=&#8221;16px&#8221; text_orientation=&#8221;right&#8221; global_colors_info=&#8221;{%22gcid-cca90ba6-297c-4d63-9e2c-8201011ef870%22:%91%22text_text_color%22%93}&#8221;]@ET-DC@eyJkeW5hbWljIjp0cnVlLCJjb250ZW50IjoicG9zdF9kYXRlIiwic2V0dGluZ3MiOnsiYmVmb3JlIjoiIiwiYWZ0ZXIiOiIiLCJkYXRlX2Zvcm1hdCI6ImRlZmF1bHQiLCJjdXN0b21fZGF0ZV9mb3JtYXQiOiIifX0=@[\/et_pb_text][\/et_pb_column_inner][\/et_pb_row_inner][et_pb_row_inner _builder_version=&#8221;4.27.4&#8243; _module_preset=&#8221;default&#8221; border_width_right=&#8221;3px&#8221; border_color_right=&#8221;gcid-b1ace166-c11d-4c70-a679-55884e9ca298&#8243; border_style_right=&#8221;dotted&#8221; collapsed=&#8221;off&#8221; global_colors_info=&#8221;{%22gcid-b1ace166-c11d-4c70-a679-55884e9ca298%22:%91%22border_color_right%22%93}&#8221;][et_pb_column_inner saved_specialty_column_type=&#8221;3_4&#8243; _builder_version=&#8221;4.27.4&#8243; _module_preset=&#8221;default&#8221; global_colors_info=&#8221;{}&#8221;][et_pb_text admin_label=&#8221;CUERPO NOTICIA&#8221; _builder_version=&#8221;4.27.4&#8243; _module_preset=&#8221;default&#8221; text_font=&#8221;&#8211;et_global_body_font||||||||&#8221; text_font_size=&#8221;16px&#8221; width=&#8221;100%&#8221; module_alignment=&#8221;center&#8221; custom_padding=&#8221;|60px|||false|false&#8221; text_font_size_tablet=&#8221;16px&#8221; text_font_size_phone=&#8221;16px&#8221; text_font_size_last_edited=&#8221;on|desktop&#8221; content_en_us=&#8221;<\/p>\n<p>The Itaka-Escolapios Foundation and the SGAE Foundation will be working together during the 2025-2026 academic year, specifically at the Llum Socio-Educational Center located in the Malvarrosa neighborhood, promoting art as a means of social transformation through the Barraca XXI social school.<\/p>\n<p>Both entities believe that art enables and opens up spaces for participation, creation, and encounter that promote the integral development of the person. At the Llum Socio-Educational Center, we have been working with this methodology for several years. We believe that continuous dialogue with reality and the exploration of multiple languages help us discover talents, focus our gaze from different perspectives, and promote the emotional health of the person. That is why we place special emphasis on educating ourselves through art.<\/p>\n<p>We will hold two workshops: a Flamenco-rap workshop with the PAC (Shared Classroom Program) group, in which boys and girls aged 14-16 from the IES Isabel de Villena and Escuelas P\u00edas Malvarrosa schools who are at serious risk of absenteeism and early school leaving will participate.<\/p>\n<p>The workshop will be led by Rafa Villalba and Mar\u00eda Briones, members of the Reina Roja group. Our aim is to generate interest in the young people&#8217;s own personal development for life, providing a motivating educational space that fosters their abilities and future possibilities.<\/p>\n<p>The group combines genres such as flamenco, copla, and pop with music rooted in the Mediterranean, defining itself as a \u201csound revolution\u201d that aims to move listeners without stylistic constraints and convey a humanistic message.<\/p>\n<p>The second workshop will be a theatrical improvisation workshop with the project&#8217;s youngest participants, boys and girls aged 6 to 12, led by actor Carlos Carvajal, which will culminate in a theatrical performance in December. Play, the ability to put oneself in another&#8217;s shoes, body movement, interpretation, expression of emotions, creativity, critical thinking&#8230; will be the basis of this cultural offering with which we want to start this new academic year.<\/p>\n<p>Photograph: Tato Baeza \/ Fundaci\u00f3n SGAE<\/p>\n<p>&#8221; content_fr_fr=&#8221;<\/p>\n<p>La Fondation Itaka-Escolapios et la Fondation SGAE vont travailler ensemble au cours de cette ann\u00e9e scolaire 2025-2026, plus pr\u00e9cis\u00e9ment au centre socio-\u00e9ducatif Llum situ\u00e9 dans le quartier de la Malvarrosa, en misant sur l&#8217;art comme moyen de transformation sociale, \u00e0 travers l&#8217;\u00e9cole sociale Barraca XXI.<\/p>\n<p>Nos deux entit\u00e9s pensent que l&#8217;art permet et ouvre des espaces de participation, de cr\u00e9ation et de rencontre qui favorisent le d\u00e9veloppement int\u00e9gral de la personne. Au centre socio-\u00e9ducatif Llum, nous travaillons depuis plusieurs ann\u00e9es avec cette m\u00e9thodologie. Nous pensons que le dialogue continu avec la r\u00e9alit\u00e9 et l&#8217;exploration des multiples langages nous aident \u00e0 d\u00e9couvrir des talents, \u00e0 porter un regard sous diff\u00e9rents angles et \u00e0 favoriser la sant\u00e9 \u00e9motionnelle de la personne. C&#8217;est pourquoi nous mettons particuli\u00e8rement l&#8217;accent sur l&#8217;\u00e9ducation par l&#8217;art.<\/p>\n<p>Nous organiserons deux ateliers : un atelier de flamenco-rap avec le groupe PAC (Programme de classe partag\u00e9e), auquel participeront des gar\u00e7ons et des filles \u00e2g\u00e9s de 14 \u00e0 16 ans de l&#8217;IES Isabel de Villena et de l&#8217;\u00e9cole Escuelas P\u00edas Malvarrosa, qui pr\u00e9sentent un risque \u00e9lev\u00e9 d&#8217;absent\u00e9isme et de d\u00e9crochage scolaire pr\u00e9coce.<\/p>\n<p>L&#8217;atelier sera anim\u00e9 par Rafa Villalba et Mar\u00eda Briones, membres du groupe Reina Roja. Nous souhaitons ainsi susciter chez les jeunes un int\u00e9r\u00eat pour leur propre formation personnelle \u00e0 la vie, cr\u00e9er un espace \u00e9ducatif motivant qui favorise leurs capacit\u00e9s et leurs possibilit\u00e9s d&#8217;avenir.<\/p>\n<p>La formation combine des genres tels que le flamenco, la copla ou la pop avec la musique aux racines m\u00e9diterran\u00e9ennes, et se d\u00e9finit comme une \u00ab r\u00e9volution sonore \u00bb qui vise \u00e0 \u00e9mouvoir sans contraintes stylistiques et \u00e0 transmettre un message humaniste.<\/p>\n<p>Le deuxi\u00e8me atelier sera un atelier d&#8217;improvisation th\u00e9\u00e2trale avec les petits du projet, des gar\u00e7ons et des filles \u00e2g\u00e9s de 6 \u00e0 12 ans, anim\u00e9 par l&#8217;acteur Carlos Carvajal, qui se terminera par une repr\u00e9sentation th\u00e9\u00e2trale au mois de d\u00e9cembre. Le jeu, la capacit\u00e9 \u00e0 se mettre \u00e0 la place de l&#8217;autre, le mouvement corporel, l&#8217;interpr\u00e9tation, l&#8217;expression des \u00e9motions, la cr\u00e9ativit\u00e9, la pens\u00e9e critique&#8230; seront \u00e0 la base de cette offre culturelle avec laquelle nous souhaitons commencer cette nouvelle ann\u00e9e.<\/p>\n<p>Photographies: Tato Baeza \/ Fundaci\u00f3n SGAE<\/p>\n<p>&#8221; content_eu=&#8221;<\/p>\n<p>Itaka-Escolapios Fundazioak eta SGAE Fundazioak elkarrekin lan egingo dugu 2025-2026 ikasturtean, zehazki, Malvarrosa auzoko Llum Gizarte eta Hezkuntza Zentroan, artearen aldeko apustua eginez gizartea eraldatzeko bitarteko gisa, Barraca XXI gizarte-eskolaren bitartez.<\/p>\n<p>Bi erakundeok uste dugu arteak partaidetzarako, sorkuntzarako eta topaketarako espazioak ahalbidetu eta irekitzen dituela, pertsonari modu integralean mesede egiten diotenak. Llum Gizarte eta Hezkuntza Zentroan urte batzuk daramatzagu metodologia horrekin lanean. Errealitatearekiko etengabeko elkarrizketak eta hizkuntza anitzen esplorazioak talentuak aurkitzen, begirada hainbat ikuspegitatik bideratzen eta pertsonaren osasun emozionala bultzatzen laguntzen digulakoan gaude. Horregatik, bereziki azpimarratzen dugu artearen bidez heztea.<\/p>\n<p>Bi tailer egingo ditugu: flamenko-rap tailerra PAC taldearekin (Ikasgela Partekatuko Programa). Bertan, Isabel de Villena BHIko 14-16 urteko neska-mutilek eta Escuelas P\u00edas Malvarrosa ikastetxeak parte hartzen dute, absentismoa izateko eta eskola goiz uzteko arrisku handiarekin.<br \/>Tailerra Rafa Villalbak eta Maria Brionesek, Erregina Gorriaren taldeko kideek, egingo dute. Horren bidez, neska-mutilengan beren bizitzarako prestakuntza pertsonalarekiko interesa sortu nahi dugu, beren gaitasunak eta etorkizunerako aukerak sustatuko dituen hezkuntza-espazio motibatzailea.<\/p>\n<p>Formazioak flamenkoa, kopla edo popa bezalako generoak Mediterraneoko sustraietako musikarekin uztartzen ditu, eta lotura estilistikorik gabe eta mezu humanista bat transmitituz hunkitu nahi duen %22soinu-iraultza%22 gisa definitzen da.<\/p>\n<p>Bigarren tailerra, Carlos Carvajal aktoreak 6 eta 12 urte bitarteko haur eta gaztetxoekin egingo duen antzerki inprobisazio tailer bat izango da, abenduan antzerki emanaldi batekin amaituko dena. Jolasa, bestearen lekuan jartzeko gaitasuna, gorputz-mugimendua, interpretazioa, emozioen adierazpena, sormena, pentsamendu kritikoa&#8230; izango dira ikasturte berri honi hasiera eman nahi diogun kultura-eskaintza honen oinarria.<\/p>\n<p>Argazkiak: Tato Baeza\/SGAE Fundazioa<\/p>\n<p>&#8221; content_ca=&#8221;<\/p>\n<p>La Fundaci\u00f3 Itaka-Escolapis i la Fundaci\u00f3 SGAE treballarem junts durant aquest curs 2025-2026, concretament en el centre Socioeducatiu Llum situat en el barri de la Malva-rosa, apostant per l&#8217;art com a mitj\u00e0 de transformaci\u00f3 social, a trav\u00e9s de l&#8217;escola social Barraca XXI.<\/p>\n<p>Totes dues entitats creiem que l&#8217;art possibilita i obri espais de participaci\u00f3, de creaci\u00f3 i trobada que afavoreixen de manera integral a la persona. Des del Centre Socioeducatiu Llum portem diversos anys treballant amb aquesta metodologia. Creiem que el di\u00e0leg continu amb la realitat i l&#8217;exploraci\u00f3 dels m\u00faltiples llenguatges ens ajuden a descobrir talents, a enfocar la mirada des de diverses perspectives i afavorir la salut emocional de la persona. Per aix\u00f2 posem l&#8217;accent principalment en l&#8217;educar-ens a trav\u00e9s de l&#8217;art.<\/p>\n<p>Realitzarem dos tallers; un taller de Flamenc-rap amb el grup PAC (Programa d&#8217;Aula Compartida), on participen xics i xiques de 14-16 anys de l&#8217;IES Isabel de Villena i el col\u00b7legi Escola Pia Malva-rosa amb greu risc d&#8217;absentisme i d&#8217;aband\u00f3 escolar primerenc.<\/p>\n<p>El taller ser\u00e0 dut a terme per Rafa Villalba i Mar\u00eda Briones, membres del grup de Reina Roja. Amb ell, volem generar en els xavals un inter\u00e8s per la seua pr\u00f2pia formaci\u00f3 personal per a la vida, un espai educatiu motivador que fomente les seues capacitats i possibilitats de futur.<br \/>La formaci\u00f3 conjuga g\u00e8neres com el flamenc, la cobla o el pop amb la m\u00fasica d&#8217;arrels mediterr\u00e0nies, i es defineix com una \u201crevoluci\u00f3 sonora\u201d que pret\u00e9n emocionar sense lligams estil\u00edstics i transmetent un missatge humanista.<\/p>\n<p>El segon taller ser\u00e0 un taller d&#8217;improvisaci\u00f3 teatral amb els xicotets del projecte, xiquets i xiquetes de 6 a 12 anys, dut a terme per l&#8217;actor Carlos Carvajal, que culminar\u00e0 amb una representaci\u00f3 teatral el mes de desembre. El joc, la capacitat de posar-se en el lloc de l&#8217;altre, el moviment corporal, la interpretaci\u00f3, l&#8217;expressi\u00f3 de les emocions, la creativitat, el pensament cr\u00edtic\u2026seran la base d&#8217;aquesta oferta cultural amb la qual volem comen\u00e7ar aquest nou curs.<\/p>\n<p>\u00a0<\/p>\n<p>Fotografies: Tato Baeza \/ Fundaci\u00f3n SGAE<\/p>\n<p>&#8221; content_pt_br=&#8221;<\/p>\n<p>A Funda\u00e7\u00e3o Itaka-Escolapios e a Funda\u00e7\u00e3o SGAE ir\u00e3o trabalhar em conjunto durante este ano letivo de 2025-2026, concretamente no centro socioeducativo Llum, situado no bairro de Malvarrosa, apostando na arte como meio de transforma\u00e7\u00e3o social, atrav\u00e9s da escola social Barraca XXI.<\/p>\n<p>Ambas as entidades acreditam que a arte possibilita e abre espa\u00e7os de participa\u00e7\u00e3o, cria\u00e7\u00e3o e encontro que favorecem a pessoa de forma integral. No Centro Socioeducativo Llum, trabalhamos h\u00e1 v\u00e1rios anos com esta metodologia. Acreditamos que o di\u00e1logo cont\u00ednuo com a realidade e a explora\u00e7\u00e3o de m\u00faltiplas linguagens nos ajudam a descobrir talentos, a focar o olhar a partir de diversas perspectivas e a favorecer a sa\u00fade emocional da pessoa. Por isso, damos especial \u00eanfase \u00e0 educa\u00e7\u00e3o atrav\u00e9s da arte.<\/p>\n<p>Realizaremos duas oficinas: uma oficina de flamenco-rap com o grupo PAC (Programa de Aula Compartida), na qual participam meninos e meninas de 14 a 16 anos do IES Isabel de Villena e da escola Escuelas P\u00edas Malvarrosa com grave risco de absentismo e abandono escolar precoce.<\/p>\n<p>O workshop ser\u00e1 ministrado por Rafa Villalba e Mar\u00eda Briones, membros do grupo Reina Roja. Com ele, queremos despertar nos jovens o interesse pela sua pr\u00f3pria forma\u00e7\u00e3o pessoal para a vida, um espa\u00e7o educativo motivador que promova as suas capacidades e possibilidades futuras.<\/p>\n<p>A forma\u00e7\u00e3o combina g\u00eaneros como o flamenco, a copla ou o pop com a m\u00fasica de ra\u00edzes mediterr\u00e2neas, e define-se como uma \u201crevolu\u00e7\u00e3o sonora\u201d que pretende emocionar sem amarras estil\u00edsticas e transmitindo uma mensagem humanista.<\/p>\n<p>O segundo workshop ser\u00e1 um workshop de improvisa\u00e7\u00e3o teatral com os pequenos do projeto, meninos e meninas de 6 a 12 anos, realizado pelo ator Carlos Carvajal, que culminar\u00e1 com uma apresenta\u00e7\u00e3o teatral no m\u00eas de dezembro. O jogo, a capacidade de se colocar no lugar do outro, o movimento corporal, a interpreta\u00e7\u00e3o, a express\u00e3o das emo\u00e7\u00f5es, a criatividade, o pensamento cr\u00edtico&#8230; ser\u00e3o a base desta oferta cultural com a qual queremos come\u00e7ar este novo curso.<\/p>\n<p>Fotografias: Tato Baeza \/ Fundaci\u00f3n SGAE<\/p>\n<p>&#8221; global_colors_info=&#8221;{}&#8221;]<\/p>\n<p>La Fundaci\u00f3n Itaka-Escolapios y la Fundaci\u00f3n SGAE vamos a trabajar juntos durante este curso 2025-2026, concretamente en el centro Socioeducativo Llum situado en el barrio de la Malvarrosa, apostando por el arte como medio de transformaci\u00f3n social, a trav\u00e9s de la escuela social Barraca XXI.<\/p>\n<p>Ambas entidades creemos que el arte posibilita y abre espacios de participaci\u00f3n, de creaci\u00f3n y encuentro que favorecen de forma integral a la persona. Desde el Centro Socioeducativo Llum llevamos varios a\u00f1os trabajando con esta metodolog\u00eda. Creemos que el di\u00e1logo continuo con la realidad y la exploraci\u00f3n de los m\u00faltiples lenguajes nos ayudan a descubrir talentos, a enfocar la mirada desde diversas perspectivas y favorecer la salud emocional de la persona. Por eso hacemos especial hincapi\u00e9 en el <strong><u>educar-nos a trav\u00e9s del arte.<\/u><\/strong><\/p>\n<p>Realizaremos dos talleres; un taller de Flamenco-rap con el grupo PAC (Programa de Aula Compartida), donde participan chicos y chicas de 14-16 a\u00f1os del IES Isabel de Villena y el colegio Escuelas P\u00edas Malvarrosa con grave riesgo de absentismo y de abandono escolar temprano.<\/p>\n<p>El taller ser\u00e1 llevado a cabo por Rafa Villalba y Mar\u00eda Briones, miembros del grupo de Reina Roja. Con \u00e9l, queremos generar en los chavales un inter\u00e9s por su propia formaci\u00f3n personal para la vida, un espacio educativo motivador que fomente sus capacidades y posibilidades de futuro.<\/p>\n<p>La formaci\u00f3n conjuga g\u00e9neros como el flamenco, la copla o el pop con la m\u00fasica de ra\u00edces mediterr\u00e1neas, y se define como una \u201crevoluci\u00f3n sonora\u201d que pretende emocionar sin ataduras estil\u00edsticas y trasmitiendo un mensaje humanista.<\/p>\n<p>El segundo taller ser\u00e1 un taller de improvisaci\u00f3n teatral con los peque\u00f1os del proyecto, ni\u00f1os y ni\u00f1as de 6 a 12 a\u00f1os, llevado a cabo por el actor Carlos Carvajal, que culminar\u00e1 con una representaci\u00f3n teatral en el mes de diciembre. El juego, la capacidad de ponerse en el lugar del otro, el movimiento corporal, la interpretaci\u00f3n, la expresi\u00f3n de las emociones, la creatividad, el pensamiento cr\u00edtico\u2026ser\u00e1n la base de esta oferta cultural con la que queremos empezar este nuevo curso.<\/p>\n<p>Fotograf\u00edas: Tato Baeza \/ Fundaci\u00f3n SGAE<\/p>\n<p>[\/et_pb_text][\/et_pb_column_inner][\/et_pb_row_inner][et_pb_row_inner admin_label=&#8221;Im\u00e1genes sede&#8221; _builder_version=&#8221;4.27.4&#8243; _module_preset=&#8221;default&#8221; custom_padding=&#8221;20px||||false|false&#8221; border_width_right=&#8221;3px&#8221; border_color_right=&#8221;gcid-b1ace166-c11d-4c70-a679-55884e9ca298&#8243; border_style_right=&#8221;dotted&#8221; border_width_right_tablet=&#8221;3px&#8221; border_width_right_phone=&#8221;0px&#8221; border_width_right_last_edited=&#8221;on|desktop&#8221; collapsed=&#8221;off&#8221; global_colors_info=&#8221;{%22gcid-b1ace166-c11d-4c70-a679-55884e9ca298%22:%91%22border_color_right%22%93}&#8221;][et_pb_column_inner saved_specialty_column_type=&#8221;3_4&#8243; _builder_version=&#8221;4.27.4&#8243; _module_preset=&#8221;default&#8221; global_colors_info=&#8221;{}&#8221;][difl_imagecarousel item_desktop=&#8221;2&#8243; item_tablet=&#8221;1&#8243; loop=&#8221;on&#8221; dots=&#8221;on&#8221; use_lightbox=&#8221;on&#8221; arrow_color=&#8221;gcid-b1ace166-c11d-4c70-a679-55884e9ca298&#8243; dots_color=&#8221;gcid-cca90ba6-297c-4d63-9e2c-8201011ef870&#8243; active_dots_color=&#8221;gcid-b1ace166-c11d-4c70-a679-55884e9ca298&#8243; _builder_version=&#8221;4.27.4&#8243; _module_preset=&#8221;default&#8221; overflow-x=&#8221;hidden&#8221; overflow-y=&#8221;hidden&#8221; custom_margin=&#8221;|60px|||false|false&#8221; custom_margin_tablet=&#8221;|60px|||false|false&#8221; custom_margin_phone=&#8221;|60px|||false|false&#8221; custom_margin_last_edited=&#8221;on|desktop&#8221; custom_css_free_form=&#8221;selector .df_ici_container {margin: 0 auto;}&#8221; global_colors_info=&#8221;{%22gcid-b1ace166-c11d-4c70-a679-55884e9ca298%22:%91%22arrow_color%22,%22active_dots_color%22%93,%22gcid-cca90ba6-297c-4d63-9e2c-8201011ef870%22:%91%22dots_color%22%93}&#8221;][difl_imagecarouselitem image=&#8221;https:\/\/www.itakaescolapios.org\/wp-content\/uploads\/2025\/11\/Acuerdo-Llum-SGAE-1.jpg&#8221; ic_button_button_url_new_window=&#8221;1&#8243; _builder_version=&#8221;4.27.4&#8243; _module_preset=&#8221;default&#8221; global_colors_info=&#8221;{}&#8221;][\/difl_imagecarouselitem][difl_imagecarouselitem image=&#8221;https:\/\/www.itakaescolapios.org\/wp-content\/uploads\/2025\/11\/Acuerdo-Llum-SGAE-2.jpg&#8221; ic_button_button_url_new_window=&#8221;1&#8243; _builder_version=&#8221;4.27.4&#8243; _module_preset=&#8221;default&#8221; global_colors_info=&#8221;{}&#8221;][\/difl_imagecarouselitem][difl_imagecarouselitem image=&#8221;https:\/\/www.itakaescolapios.org\/wp-content\/uploads\/2025\/11\/Acuerdo-Llum-SGAE-5.jpg&#8221; ic_button_button_url_new_window=&#8221;1&#8243; _builder_version=&#8221;4.27.4&#8243; _module_preset=&#8221;default&#8221; global_colors_info=&#8221;{}&#8221;][\/difl_imagecarouselitem][difl_imagecarouselitem image=&#8221;https:\/\/www.itakaescolapios.org\/wp-content\/uploads\/2025\/11\/Acuerdo-Llum-SGAE-7.jpg&#8221; ic_button_button_url_new_window=&#8221;1&#8243; _builder_version=&#8221;4.27.4&#8243; _module_preset=&#8221;default&#8221; global_colors_info=&#8221;{}&#8221;][\/difl_imagecarouselitem][\/difl_imagecarousel][\/et_pb_column_inner][\/et_pb_row_inner][et_pb_row_inner _builder_version=&#8221;4.24.3&#8243; _module_preset=&#8221;default&#8221; custom_padding=&#8221;20px||||false|false&#8221; border_width_right=&#8221;3px&#8221; border_color_right=&#8221;gcid-b1ace166-c11d-4c70-a679-55884e9ca298&#8243; border_style_right=&#8221;dotted&#8221; border_width_right_tablet=&#8221;3px&#8221; border_width_right_phone=&#8221;0px&#8221; border_width_right_last_edited=&#8221;on|desktop&#8221; collapsed=&#8221;on&#8221; global_colors_info=&#8221;{%22gcid-b1ace166-c11d-4c70-a679-55884e9ca298%22:%91%22border_color_right%22%93}&#8221;][et_pb_column_inner saved_specialty_column_type=&#8221;3_4&#8243; _builder_version=&#8221;4.24.3&#8243; _module_preset=&#8221;default&#8221; global_colors_info=&#8221;{}&#8221;][et_pb_text admin_label=&#8221;L\u00ednea divisoria&#8221; _builder_version=&#8221;4.27.4&#8243; _module_preset=&#8221;default&#8221; header_font=&#8221;IBM Plex Sans|700|||||||&#8221; header_text_color=&#8221;gcid-cca90ba6-297c-4d63-9e2c-8201011ef870&#8243; header_font_size=&#8221;40px&#8221; custom_margin=&#8221;|30px|||false|false&#8221; header_font_size_tablet=&#8221;55px&#8221; header_font_size_phone=&#8221;30px&#8221; header_font_size_last_edited=&#8221;on|phone&#8221; border_width_bottom=&#8221;3px&#8221; border_color_bottom=&#8221;gcid-b1ace166-c11d-4c70-a679-55884e9ca298&#8243; border_style_bottom=&#8221;dotted&#8221; global_colors_info=&#8221;{%22gcid-cca90ba6-297c-4d63-9e2c-8201011ef870%22:%91%22header_text_color%22%93,%22gcid-b1ace166-c11d-4c70-a679-55884e9ca298%22:%91%22border_color_bottom%22%93}&#8221;][\/et_pb_text][difl_imagecarousel item_desktop=&#8221;3&#8243; admin_label=&#8221;Campa\u00f1a, educa y voluntariado&#8221; _builder_version=&#8221;4.27.4&#8243; _module_preset=&#8221;default&#8221; width_tablet=&#8221;&#8221; width_phone=&#8221;100%&#8221; width_last_edited=&#8221;on|desktop&#8221; custom_margin=&#8221;|62px|||false|false&#8221; custom_margin_tablet=&#8221;|62px|||false|false&#8221; custom_margin_phone=&#8221;|62px|||false|false&#8221; custom_margin_last_edited=&#8221;on|desktop&#8221; global_module=&#8221;316782&#8243; global_colors_info=&#8221;{}&#8221; custom_margin__hover_enabled=&#8221;off|desktop&#8221; custom_margin__hover=&#8221;|30px|||false|false&#8221;][difl_imagecarouselitem image=&#8221;https:\/\/www.itakaescolapios.org\/wp-content\/uploads\/2025\/02\/BANNERS-CAMPANA-INFERIOR-500500.jpg&#8221; ic_button_button_url_new_window=&#8221;1&#8243; _builder_version=&#8221;4.27.4&#8243; _module_preset=&#8221;default&#8221; link_option_url=&#8221;https:\/\/www.educa.itakaescolapios.org\/campanas\/2024-2025-abriendo-caminos&#8221; image_en_us=&#8221;https:\/\/www.itakaescolapios.org\/wp-content\/uploads\/2025\/02\/BANNERS-CAMPANA-INFERIOR-5005002.jpg&#8221; image_fr_fr=&#8221;https:\/\/www.itakaescolapios.org\/wp-content\/uploads\/2025\/02\/BANNERS-CAMPANA-INFERIOR-5005003.jpg&#8221; image_eu=&#8221;https:\/\/www.itakaescolapios.org\/wp-content\/uploads\/2025\/02\/BANNERS-CAMPANA-INFERIOR-5005006.jpg&#8221; image_ca=&#8221;https:\/\/www.itakaescolapios.org\/wp-content\/uploads\/2025\/02\/BANNERS-CAMPANA-INFERIOR-5005005.jpg&#8221; image_pt_br=&#8221;https:\/\/www.itakaescolapios.org\/wp-content\/uploads\/2025\/02\/BANNERS-CAMPANA-INFERIOR-5005004.jpg&#8221; global_colors_info=&#8221;{}&#8221;][\/difl_imagecarouselitem][difl_imagecarouselitem admin_label=&#8221;Voluntariado&#8221; image=&#8221;https:\/\/www.itakaescolapios.org\/wp-content\/uploads\/2025\/02\/BANNERS-VOLUNTARIADO-INFERIOR-500500.jpg&#8221; ic_button_button_url_new_window=&#8221;1&#8243; _builder_version=&#8221;4.27.4&#8243; _module_preset=&#8221;default&#8221; link_option_url=&#8221;https:\/\/www.itakaescolapios.org\/es\/haz-voluntariado\/&#8221; image_en_us=&#8221;https:\/\/www.itakaescolapios.org\/wp-content\/uploads\/2025\/02\/BANNERS-VOLUNTARIADO-INFERIOR-5005002.jpg&#8221; image_fr_fr=&#8221;https:\/\/www.itakaescolapios.org\/wp-content\/uploads\/2025\/02\/BANNERS-VOLUNTARIADO-INFERIOR-5005003.jpg&#8221; image_eu=&#8221;https:\/\/www.itakaescolapios.org\/wp-content\/uploads\/2025\/02\/BANNERS-VOLUNTARIADO-INFERIOR-5005006.jpg&#8221; image_ca=&#8221;https:\/\/www.itakaescolapios.org\/wp-content\/uploads\/2025\/02\/BANNERS-VOLUNTARIADO-INFERIOR-5005004.jpg&#8221; image_pt_br=&#8221;https:\/\/www.itakaescolapios.org\/wp-content\/uploads\/2025\/02\/BANNERS-VOLUNTARIADO-INFERIOR-5005005.jpg&#8221; global_colors_info=&#8221;{}&#8221;][\/difl_imagecarouselitem][difl_imagecarouselitem image=&#8221;https:\/\/www.itakaescolapios.org\/wp-content\/uploads\/2025\/02\/BANNERS-EDUCA-INFERIOR-500500.jpg&#8221; ic_button_button_url_new_window=&#8221;1&#8243; _builder_version=&#8221;4.27.4&#8243; _module_preset=&#8221;default&#8221; link_option_url=&#8221;https:\/\/www.educa.itakaescolapios.org\/&#8221; image_en_us=&#8221;https:\/\/www.itakaescolapios.org\/wp-content\/uploads\/2025\/02\/BANNERS-EDUCA-INFERIOR-5005002.jpg&#8221; image_fr_fr=&#8221;https:\/\/www.itakaescolapios.org\/wp-content\/uploads\/2025\/02\/BANNERS-EDUCA-INFERIOR-5005003.jpg&#8221; image_eu=&#8221;https:\/\/www.itakaescolapios.org\/wp-content\/uploads\/2025\/02\/BANNERS-EDUCA-INFERIOR-5005006.jpg&#8221; image_ca=&#8221;https:\/\/www.itakaescolapios.org\/wp-content\/uploads\/2025\/02\/BANNERS-EDUCA-INFERIOR-5005005.jpg&#8221; image_pt_br=&#8221;https:\/\/www.itakaescolapios.org\/wp-content\/uploads\/2025\/02\/BANNERS-EDUCA-INFERIOR-5005004.jpg&#8221; global_colors_info=&#8221;{}&#8221;][\/difl_imagecarouselitem][\/difl_imagecarousel][\/et_pb_column_inner][\/et_pb_row_inner][\/et_pb_column][et_pb_column type=&#8221;1_4&#8243; _builder_version=&#8221;4.16&#8243; custom_padding=&#8221;|||&#8221; global_colors_info=&#8221;{}&#8221; custom_padding__hover=&#8221;|||&#8221;][difl_imagecarousel item_desktop=&#8221;1&#8243; item_tablet=&#8221;1&#8243; loop=&#8221;on&#8221; autoplay=&#8221;on&#8221; autospeed=&#8221;3500&#8243; dots=&#8221;on&#8221; dots_color=&#8221;gcid-cca90ba6-297c-4d63-9e2c-8201011ef870&#8243; active_dots_color=&#8221;gcid-b1ace166-c11d-4c70-a679-55884e9ca298&#8243; dots_gap=&#8221;21px&#8221; item_wrapper_padding=&#8221;||15px||false|false&#8221; admin_label=&#8221;Ser miembro y newsletter&#8221; module_class=&#8221;extiendeenlacedeboton&#8221; _builder_version=&#8221;4.27.4&#8243; _module_preset=&#8221;default&#8221; global_module=&#8221;51656&#8243; saved_tabs=&#8221;all&#8221; locked=&#8221;off&#8221; global_colors_info=&#8221;{%22gcid-cca90ba6-297c-4d63-9e2c-8201011ef870%22:%91%22dots_color%22%93,%22gcid-b1ace166-c11d-4c70-a679-55884e9ca298%22:%91%22active_dots_color%22%93}&#8221;][difl_imagecarouselitem image=&#8221;https:\/\/www.itakaescolapios.org\/wp-content\/uploads\/2025\/02\/banners-500&#215;500-esp.jpg&#8221; ic_button_button_text=&#8221;bot&#8221; ic_button_button_url=&#8221;\/es\/colabora&#8221; ic_button_button_url_new_window=&#8221;1&#8243; _builder_version=&#8221;4.27.4&#8243; _module_preset=&#8221;default&#8221; image_en_us=&#8221;https:\/\/www.itakaescolapios.org\/wp-content\/uploads\/2025\/02\/banners-500&#215;500-eng.jpg&#8221; ic_button_button_text_en_us=&#8221;bot&#8221; image_fr_fr=&#8221;https:\/\/www.itakaescolapios.org\/wp-content\/uploads\/2025\/02\/banners-500&#215;500-fra.jpg&#8221; ic_button_button_text_fr_fr=&#8221;bot&#8221; image_eu=&#8221;https:\/\/www.itakaescolapios.org\/wp-content\/uploads\/2025\/02\/banners-500&#215;500-eusk.jpg&#8221; ic_button_button_text_eu=&#8221;bot&#8221; image_ca=&#8221;https:\/\/www.itakaescolapios.org\/wp-content\/uploads\/2025\/02\/banners-500&#215;500-val.jpg&#8221; ic_button_button_text_ca=&#8221;bot&#8221; image_pt_br=&#8221;https:\/\/www.itakaescolapios.org\/wp-content\/uploads\/2025\/02\/banners-500&#215;500-port.jpg&#8221; ic_button_button_text_pt_br=&#8221;bot&#8221; global_colors_info=&#8221;{}&#8221;][\/difl_imagecarouselitem][difl_imagecarouselitem image=&#8221;https:\/\/www.itakaescolapios.org\/wp-content\/uploads\/2025\/02\/banners-500&#215;500-esp2.png&#8221; ic_button_button_text=&#8221;bot&#8221; ic_button_button_url=&#8221;\/es\/suscribete\/&#8221; ic_button_button_url_new_window=&#8221;1&#8243; _builder_version=&#8221;4.27.4&#8243; _module_preset=&#8221;default&#8221; image_en_us=&#8221;https:\/\/www.itakaescolapios.org\/wp-content\/uploads\/2025\/02\/banners-500&#215;500-eng2.jpg&#8221; ic_button_button_text_en_us=&#8221;bot&#8221; image_fr_fr=&#8221;https:\/\/www.itakaescolapios.org\/wp-content\/uploads\/2025\/02\/banners-500&#215;500-fra2.jpg&#8221; ic_button_button_text_fr_fr=&#8221;bot&#8221; image_eu=&#8221;https:\/\/www.itakaescolapios.org\/wp-content\/uploads\/2025\/02\/banners-500&#215;500-eusk2.jpg&#8221; ic_button_button_text_eu=&#8221;bot&#8221; image_ca=&#8221;https:\/\/www.itakaescolapios.org\/wp-content\/uploads\/2025\/02\/banners-500&#215;500-val2.jpg&#8221; ic_button_button_text_ca=&#8221;bot&#8221; image_pt_br=&#8221;https:\/\/www.itakaescolapios.org\/wp-content\/uploads\/2025\/02\/banners-500&#215;500-port2.jpg&#8221; ic_button_button_text_pt_br=&#8221;bot&#8221; global_colors_info=&#8221;{}&#8221;][\/difl_imagecarouselitem][\/difl_imagecarousel][et_pb_text admin_label=&#8221;Texto %22\u00daltimas noticias%22&#8243; _builder_version=&#8221;4.25.0&#8243; _module_preset=&#8221;default&#8221; header_font=&#8221;IBM Plex Sans|700|||||||&#8221; header_text_color=&#8221;gcid-cca90ba6-297c-4d63-9e2c-8201011ef870&#8243; header_font_size=&#8221;40px&#8221; custom_margin=&#8221;||||false|false&#8221; header_font_size_tablet=&#8221;55px&#8221; header_font_size_phone=&#8221;30px&#8221; header_font_size_last_edited=&#8221;on|phone&#8221; content_en_us=&#8221;<\/p>\n<h1>Last news<\/h1>\n<p>&#8221; content_fr_fr=&#8221;<\/p>\n<h1>Derni\u00e8res nouvelles<\/h1>\n<p>&#8221; content_eu=&#8221;<\/p>\n<h1>Azken berriak<\/h1>\n<p>&#8221; content_ca=&#8221;<\/p>\n<h1>\u00daltimes not\u00edcies<\/h1>\n<p>&#8221; content_pt_br=&#8221;<\/p>\n<h1>\u00daltimas not\u00edcias<\/h1>\n<p>&#8221; border_width_bottom=&#8221;3px&#8221; border_color_bottom=&#8221;gcid-b1ace166-c11d-4c70-a679-55884e9ca298&#8243; border_style_bottom=&#8221;dotted&#8221; global_module=&#8221;50904&#8243; saved_tabs=&#8221;all&#8221; global_colors_info=&#8221;{%22gcid-cca90ba6-297c-4d63-9e2c-8201011ef870%22:%91%22header_text_color%22,%22header_text_color%22%93,%22gcid-b1ace166-c11d-4c70-a679-55884e9ca298%22:%91%22border_color_bottom%22%93}&#8221;]<\/p>\n<h1>\u00daltimas noticias<\/h1>\n<p>[\/et_pb_text][difl_blogcarousel posts_number=&#8221;6&#8243; post_display=&#8221;by_category&#8221; include_categories=&#8221;12&#8243; use_image_as_background=&#8221;on&#8221; item_desktop=&#8221;1&#8243; item_tablet=&#8221;1&#8243; loop=&#8221;on&#8221; dots=&#8221;on&#8221; equal_height=&#8221;on&#8221; item_background_bgcolor=&#8221;rgba(175,196,16,0.9)&#8221; arrow_color=&#8221;#FFFFFF&#8221; arrow_background=&#8221;gcid-cca90ba6-297c-4d63-9e2c-8201011ef870&#8243; arrow_circle=&#8221;on&#8221; arrow_prev_icon_use_icon=&#8221;off&#8221; arrow_prev_margin=&#8221;|||-70px|false|false&#8221; arrow_prev_margin_tablet=&#8221;&#8221; arrow_prev_margin_phone=&#8221;|||0px|false|false&#8221; arrow_prev_margin_last_edited=&#8221;on|phone&#8221; arrow_next_margin=&#8221;|-70px|||false|false&#8221; arrow_next_margin_tablet=&#8221;&#8221; arrow_next_margin_phone=&#8221;|0px|||false|false&#8221; arrow_next_margin_last_edited=&#8221;on|phone&#8221; large_active_dot=&#8221;on&#8221; dots_color=&#8221;gcid-cca90ba6-297c-4d63-9e2c-8201011ef870&#8243; active_dots_color=&#8221;gcid-b1ace166-c11d-4c70-a679-55884e9ca298&#8243; wrapper_padding=&#8221;||15px||false|false&#8221; item_wrapper_padding=&#8221;300px||||false|false&#8221; item_padding=&#8221;20px||||false|false&#8221; admin_label=&#8221;AQU\u00cd CAMBIA LA CATEGOR\u00cdA&#8221; _builder_version=&#8221;4.27.4&#8243; _module_preset=&#8221;default&#8221; border_radii_item_outer=&#8221;on|8px|8px|8px|8px&#8221; global_colors_info=&#8221;{%22gcid-b1ace166-c11d-4c70-a679-55884e9ca298%22:%91%22item_background_bgcolor%22,%22active_dots_color%22%93}&#8221;][difl_postitem type=&#8221;title&#8221; element_padding=&#8221;10px|10px||10px|false|true&#8221; _builder_version=&#8221;4.27.4&#8243; _module_preset=&#8221;default&#8221; post_font_style_font=&#8221;Merriweather|900|||||||&#8221; post_font_style_text_color=&#8221;#FFFFFF&#8221; post_font_style_font_size=&#8221;20px&#8221; post_font_style_line_height=&#8221;22px&#8221; background_color=&#8221;RGBA(255,255,255,0)&#8221; background_enable_color=&#8221;on&#8221; text_orientation=&#8221;center&#8221; global_colors_info=&#8221;{}&#8221;][\/difl_postitem][difl_postitem type=&#8221;date&#8221; date_format=&#8221;j-F-Y&#8221; meta_display=&#8221;block&#8221; use_icon=&#8221;on&#8221; font_icon=&#8221;&#xe023;||divi||400&#8243; icon_color=&#8221;#FFFFFF&#8221; element_padding=&#8221;|10px||10px|false|true&#8221; _builder_version=&#8221;4.27.4&#8243; _module_preset=&#8221;default&#8221; post_font_style_font=&#8221;IBM Plex Sans|700|||||||&#8221; post_font_style_text_color=&#8221;#FFFFFF&#8221; post_font_style_font_size=&#8221;12px&#8221; background_color=&#8221;RGBA(255,255,255,0)&#8221; background_enable_color=&#8221;on&#8221; text_orientation=&#8221;right&#8221; global_colors_info=&#8221;{}&#8221;][\/difl_postitem][\/difl_blogcarousel][et_pb_text admin_label=&#8221;Texto %22S\u00edguenos%22&#8243; _builder_version=&#8221;4.27.4&#8243; _module_preset=&#8221;default&#8221; header_font=&#8221;IBM Plex Sans|600|||||||&#8221; header_text_color=&#8221;#FFFFFF&#8221; background_color=&#8221;gcid-cca90ba6-297c-4d63-9e2c-8201011ef870&#8243; custom_margin=&#8221;0px||0px||true|false&#8221; custom_padding=&#8221;20px||||false|false&#8221; content_en_us=&#8221;<\/p>\n<h1 style=%22text-align: center;%22>Follow us<\/h1>\n<p>&#8221; content_fr_fr=&#8221;<\/p>\n<h1 style=%22text-align: center;%22>Suivez-nous sur<\/h1>\n<p>&#8221; content_eu=&#8221;<\/p>\n<h1 style=%22text-align: center;%22>Jarraitu<\/h1>\n<p>&#8221; content_ca=&#8221;<\/p>\n<h1 style=%22text-align: center;%22>Segueix-nos<\/h1>\n<p>&#8221; content_pt_br=&#8221;<\/p>\n<h1 style=%22text-align: center;%22>Siga-nos em<\/h1>\n<p>&#8221; border_radii=&#8221;off||15px||&#8221; global_colors_info=&#8221;{%22gcid-cca90ba6-297c-4d63-9e2c-8201011ef870%22:%91%22background_color%22%93}&#8221;]<\/p>\n<h1 style=\"text-align: center;\">S\u00edguenos<\/h1>\n<p>[\/et_pb_text][et_pb_social_media_follow admin_label=&#8221;REDES SOCIALES SEDE&#8221; module_class=&#8221;redes-portada-sede&#8221; _builder_version=&#8221;4.25.1&#8243; _module_preset=&#8221;default&#8221; background_color=&#8221;gcid-cca90ba6-297c-4d63-9e2c-8201011ef870&#8243; text_orientation=&#8221;center&#8221; custom_margin=&#8221;0px||||false|false&#8221; custom_padding=&#8221;15px||15px||true|false&#8221; custom_css_free_form=&#8221;.redes-portada-sede.et_pb_module {border-bottom-left-radius: 15px !important;}&#8221; border_radii=&#8221;off|15px|15px|15px|15px&#8221; global_colors_info=&#8221;{%22gcid-cca90ba6-297c-4d63-9e2c-8201011ef870%22:%91%22background_color%22%93}&#8221;][et_pb_social_media_follow_network social_network=&#8221;facebook&#8221; icon_color=&#8221;gcid-cca90ba6-297c-4d63-9e2c-8201011ef870&#8243; _builder_version=&#8221;4.24.3&#8243; _module_preset=&#8221;default&#8221; background_color=&#8221;#FFFFFF&#8221; background_enable_color=&#8221;on&#8221; global_colors_info=&#8221;{%22gcid-cca90ba6-297c-4d63-9e2c-8201011ef870%22:%91%22icon_color%22%93}&#8221; follow_button=&#8221;off&#8221; url_new_window=&#8221;on&#8221;]facebook[\/et_pb_social_media_follow_network][et_pb_social_media_follow_network social_network=&#8221;instagram&#8221; icon_color=&#8221;gcid-cca90ba6-297c-4d63-9e2c-8201011ef870&#8243; _builder_version=&#8221;4.24.3&#8243; _module_preset=&#8221;default&#8221; background_color=&#8221;#FFFFFF&#8221; background_enable_color=&#8221;on&#8221; global_colors_info=&#8221;{%22gcid-cca90ba6-297c-4d63-9e2c-8201011ef870%22:%91%22icon_color%22%93}&#8221; follow_button=&#8221;off&#8221; url_new_window=&#8221;on&#8221;]instagram[\/et_pb_social_media_follow_network][et_pb_social_media_follow_network social_network=&#8221;youtube&#8221; icon_color=&#8221;gcid-cca90ba6-297c-4d63-9e2c-8201011ef870&#8243; _builder_version=&#8221;4.24.3&#8243; _module_preset=&#8221;default&#8221; background_color=&#8221;#FFFFFF&#8221; background_enable_color=&#8221;on&#8221; global_colors_info=&#8221;{%22gcid-cca90ba6-297c-4d63-9e2c-8201011ef870%22:%91%22icon_color%22%93}&#8221; follow_button=&#8221;off&#8221; url_new_window=&#8221;on&#8221;]youtube[\/et_pb_social_media_follow_network][\/et_pb_social_media_follow][difl_imagecarousel item_desktop=&#8221;1&#8243; item_tablet=&#8221;1&#8243; loop=&#8221;on&#8221; autoplay=&#8221;on&#8221; autospeed=&#8221;3500&#8243; dots=&#8221;on&#8221; dots_color=&#8221;gcid-cca90ba6-297c-4d63-9e2c-8201011ef870&#8243; active_dots_color=&#8221;gcid-b1ace166-c11d-4c70-a679-55884e9ca298&#8243; item_wrapper_padding=&#8221;||20px||false|false&#8221; admin_label=&#8221;Formaci\u00f3n, hemeroteca y formaci\u00f3n&#8221; module_class=&#8221;extiendeenlacedeboton&#8221; _builder_version=&#8221;4.27.4&#8243; _module_preset=&#8221;default&#8221; module_alignment=&#8221;center&#8221; custom_margin=&#8221;||||false|false&#8221; global_module=&#8221;51721&#8243; saved_tabs=&#8221;all&#8221; global_colors_info=&#8221;{%22gcid-cca90ba6-297c-4d63-9e2c-8201011ef870%22:%91%22dots_color%22%93,%22gcid-b1ace166-c11d-4c70-a679-55884e9ca298%22:%91%22active_dots_color%22%93}&#8221; custom_margin__hover_enabled=&#8221;on|hover&#8221; custom_margin__hover=&#8221;||||false|false&#8221;][difl_imagecarouselitem admin_label=&#8221;Formaci\u00f3n&#8221; image=&#8221;https:\/\/www.itakaescolapios.org\/wp-content\/uploads\/2025\/02\/banners-500&#215;500-esp5.jpg&#8221; ic_button_button_text=&#8221;bot&#8221; ic_button_button_url=&#8221;\/es\/que-hacemos\/formacion\/&#8221; ic_button_button_url_new_window=&#8221;1&#8243; _builder_version=&#8221;4.27.4&#8243; _module_preset=&#8221;default&#8221; image_en_us=&#8221;https:\/\/www.itakaescolapios.org\/wp-content\/uploads\/2025\/02\/banners-500&#215;500-eng5.jpg&#8221; ic_button_button_text_en_us=&#8221;bot&#8221; image_fr_fr=&#8221;https:\/\/www.itakaescolapios.org\/wp-content\/uploads\/2025\/02\/banners-500&#215;500-fra5.jpg&#8221; ic_button_button_text_fr_fr=&#8221;bot&#8221; image_eu=&#8221;https:\/\/www.itakaescolapios.org\/wp-content\/uploads\/2025\/02\/banners-500&#215;500-eusk5.jpg&#8221; ic_button_button_text_eu=&#8221;bot&#8221; image_ca=&#8221;https:\/\/www.itakaescolapios.org\/wp-content\/uploads\/2025\/02\/banners-500&#215;500-val5.jpg&#8221; ic_button_button_text_ca=&#8221;bot&#8221; image_pt_br=&#8221;https:\/\/www.itakaescolapios.org\/wp-content\/uploads\/2025\/02\/banners-500&#215;500-port5.jpg&#8221; ic_button_button_text_pt_br=&#8221;bot&#8221; global_colors_info=&#8221;{}&#8221;][\/difl_imagecarouselitem][difl_imagecarouselitem admin_label=&#8221;Publicaciones&#8221; image=&#8221;https:\/\/www.itakaescolapios.org\/wp-content\/uploads\/2025\/02\/banners-500&#215;500-esp3-1.jpg&#8221; ic_button_button_text=&#8221;bot&#8221; ic_button_button_url=&#8221;\/es\/publicaciones&#8221; ic_button_button_url_new_window=&#8221;1&#8243; _builder_version=&#8221;4.27.4&#8243; _module_preset=&#8221;default&#8221; image_en_us=&#8221;https:\/\/www.itakaescolapios.org\/wp-content\/uploads\/2025\/02\/banners-500&#215;500-eng3.jpg&#8221; ic_button_button_text_en_us=&#8221;bot&#8221; image_fr_fr=&#8221;https:\/\/www.itakaescolapios.org\/wp-content\/uploads\/2025\/02\/banners-500&#215;500-fra3.jpg&#8221; ic_button_button_text_fr_fr=&#8221;bot&#8221; image_eu=&#8221;https:\/\/www.itakaescolapios.org\/wp-content\/uploads\/2025\/02\/banners-500&#215;500-eusk3.jpg&#8221; ic_button_button_text_eu=&#8221;bot&#8221; image_ca=&#8221;https:\/\/www.itakaescolapios.org\/wp-content\/uploads\/2025\/02\/banners-500&#215;500-val3.jpg&#8221; ic_button_button_text_ca=&#8221;bot&#8221; image_pt_br=&#8221;https:\/\/www.itakaescolapios.org\/wp-content\/uploads\/2025\/02\/banners-500&#215;500-port3.jpg&#8221; ic_button_button_text_pt_br=&#8221;bot&#8221; global_colors_info=&#8221;{}&#8221;][\/difl_imagecarouselitem][difl_imagecarouselitem admin_label=&#8221;Hemeroteca&#8221; image=&#8221;https:\/\/www.itakaescolapios.org\/wp-content\/uploads\/2025\/02\/banners-500&#215;500-esp4.jpg&#8221; ic_button_button_text=&#8221;bot&#8221; ic_button_button_url=&#8221;\/es\/noticias\/&#8221; ic_button_button_url_new_window=&#8221;1&#8243; _builder_version=&#8221;4.27.4&#8243; _module_preset=&#8221;default&#8221; image_en_us=&#8221;https:\/\/www.itakaescolapios.org\/wp-content\/uploads\/2025\/02\/banners-500&#215;500-eng4.jpg&#8221; ic_button_button_text_en_us=&#8221;bot&#8221; image_fr_fr=&#8221;https:\/\/www.itakaescolapios.org\/wp-content\/uploads\/2025\/02\/banners-500&#215;500-fra4.jpg&#8221; ic_button_button_text_fr_fr=&#8221;bot&#8221; image_eu=&#8221;https:\/\/www.itakaescolapios.org\/wp-content\/uploads\/2025\/02\/banners-500&#215;500-eusk4.jpg&#8221; ic_button_button_text_eu=&#8221;bot&#8221; image_ca=&#8221;https:\/\/www.itakaescolapios.org\/wp-content\/uploads\/2025\/02\/banners-500&#215;500-val4.jpg&#8221; ic_button_button_text_ca=&#8221;bot&#8221; image_pt_br=&#8221;https:\/\/www.itakaescolapios.org\/wp-content\/uploads\/2025\/02\/banners-500&#215;500-port4.jpg&#8221; ic_button_button_text_pt_br=&#8221;bot&#8221; global_colors_info=&#8221;{}&#8221;][\/difl_imagecarouselitem][\/difl_imagecarousel][\/et_pb_column][\/et_pb_section]<\/p>\n","protected":false},"excerpt":{"rendered":"<p>La Fundaci\u00f3 Itaka-Escolapis i la Fundaci\u00f3 SGAE treballarem junts durant aquest curs 2025-2026, concretament en el centre Socioeducatiu Llum situat en el barri de la Malva-rosa, apostant per l&#8217;art com a mitj\u00e0 de transformaci\u00f3 social, a trav\u00e9s de l&#8217;escola social Barraca XXI.<\/p>\n","protected":false},"author":69,"featured_media":329414,"comment_status":"closed","ping_status":"closed","sticky":false,"template":"","format":"standard","meta":{"_et_pb_use_builder":"on","_et_pb_old_content":"","_et_gb_content_width":"","footnotes":""},"categories":[12],"tags":[699,698,697,350,696,397],"class_list":["post-329411","post","type-post","status-publish","format-standard","has-post-thumbnail","hentry","category-valencia","tag-barraca-xxi","tag-flemenco-rap","tag-improvisacion-teatrall","tag-proyecto-llum","tag-sgae","tag-taller"],"yoast_head":"<!-- This site is optimized with the Yoast SEO plugin v27.4 - https:\/\/yoast.com\/product\/yoast-seo-wordpress\/ -->\n<title>La SGAE col\u00b7labora amb el projecte Llum en dos tallers d&#039;improvisaci\u00f3 teatral i de flamenc-rap<\/title>\n<meta name=\"description\" content=\"La Fundaci\u00f3 Itaka-Escolapis i la Fundaci\u00f3 SGAE treballarem junts durant aquest curs 2025-2026, concretament en el centre Socioeducatiu Llum situat en el barri de la Malva-rosa, apostant per l&#039;art com a mitj\u00e0 de transformaci\u00f3 social, a trav\u00e9s de l&#039;escola social Barraca XXI.\" \/>\n<meta name=\"robots\" content=\"index, follow, max-snippet:-1, max-image-preview:large, max-video-preview:-1\" \/>\n<link rel=\"canonical\" href=\"http:\/\/La%20Fundaci\u00f3%20Itaka-Escolapis%20i%20la%20Fundaci\u00f3%20SGAE%20treballarem%20junts%20durant%20aquest%20curs%202025-2026,%20concretament%20en%20el%20centre%20Socioeducatiu%20Llum%20situat%20en%20el%20barri%20de%20la%20Malva-rosa,%20apostant%20per%20l'art%20com%20a%20mitj\u00e0%20de%20transformaci\u00f3%20social,%20a%20trav\u00e9s%20de%20l'escola%20social%20Barraca%20XXI.\" \/>\n<meta property=\"og:locale\" content=\"ca_ES\" \/>\n<meta property=\"og:type\" content=\"article\" \/>\n<meta property=\"og:title\" content=\"La SGAE col\u00b7labora amb el projecte Llum en dos tallers d&#039;improvisaci\u00f3 teatral i de flamenc-rap\" \/>\n<meta property=\"og:description\" content=\"La Fundaci\u00f3 Itaka-Escolapis i la Fundaci\u00f3 SGAE treballarem junts durant aquest curs 2025-2026, concretament en el centre Socioeducatiu Llum situat en el barri de la Malva-rosa, apostant per l&#039;art com a mitj\u00e0 de transformaci\u00f3 social, a trav\u00e9s de l&#039;escola social Barraca XXI.\" \/>\n<meta property=\"og:url\" content=\"https:\/\/www.itakaescolapios.org\/ca\/2025\/11\/colaboracion-llum-sgae\/\" \/>\n<meta property=\"og:site_name\" content=\"Itaka-Escolapios\" \/>\n<meta property=\"article:published_time\" content=\"2025-11-21T11:19:01+00:00\" \/>\n<meta property=\"article:modified_time\" content=\"2025-11-21T11:31:52+00:00\" \/>\n<meta property=\"og:image\" content=\"https:\/\/www.itakaescolapios.org\/wp-content\/uploads\/2025\/11\/Acuerdo-Llum-SGAE-1.jpg\" \/>\n\t<meta property=\"og:image:width\" content=\"2000\" \/>\n\t<meta property=\"og:image:height\" content=\"1331\" \/>\n\t<meta property=\"og:image:type\" content=\"image\/jpeg\" \/>\n<meta name=\"author\" content=\"Paz Su\u00f1er\" \/>\n<meta name=\"twitter:card\" content=\"summary_large_image\" \/>\n<meta name=\"twitter:label1\" content=\"Escrit per\" \/>\n\t<meta name=\"twitter:data1\" content=\"Paz Su\u00f1er\" \/>\n\t<meta name=\"twitter:label2\" content=\"Temps estimat de lectura\" \/>\n\t<meta name=\"twitter:data2\" content=\"5 minuts\" \/>\n<script type=\"application\/ld+json\" class=\"yoast-schema-graph\">{\"@context\":\"https:\\\/\\\/schema.org\",\"@graph\":[{\"@type\":\"Article\",\"@id\":\"https:\\\/\\\/www.itakaescolapios.org\\\/ca\\\/2025\\\/11\\\/colaboracion-llum-sgae\\\/#article\",\"isPartOf\":{\"@id\":\"https:\\\/\\\/www.itakaescolapios.org\\\/ca\\\/2025\\\/11\\\/colaboracion-llum-sgae\\\/\"},\"author\":{\"name\":\"Paz Su\u00f1er\",\"@id\":\"https:\\\/\\\/www.itakaescolapios.org\\\/es\\\/#\\\/schema\\\/person\\\/b4aee0bb1423368fa9a5439a0985739e\"},\"headline\":\"La SGAE col\u00b7labora amb el projecte Llum en dos tallers d'improvisaci\u00f3 teatral i de flamenc-rap\",\"datePublished\":\"2025-11-21T11:19:01+00:00\",\"dateModified\":\"2025-11-21T11:31:52+00:00\",\"mainEntityOfPage\":{\"@id\":\"https:\\\/\\\/www.itakaescolapios.org\\\/ca\\\/2025\\\/11\\\/colaboracion-llum-sgae\\\/\"},\"wordCount\":5315,\"publisher\":{\"@id\":\"https:\\\/\\\/www.itakaescolapios.org\\\/es\\\/#organization\"},\"image\":{\"@id\":\"https:\\\/\\\/www.itakaescolapios.org\\\/ca\\\/2025\\\/11\\\/colaboracion-llum-sgae\\\/#primaryimage\"},\"thumbnailUrl\":\"https:\\\/\\\/www.itakaescolapios.org\\\/wp-content\\\/uploads\\\/2025\\\/11\\\/Acuerdo-Llum-SGAE-1.jpg\",\"keywords\":[\"Barraca XXI\",\"flemenco-rap\",\"improvisaci\u00f3n teatrall\",\"Proyecto Llum\",\"SGAE\",\"Taller\"],\"articleSection\":[\"Valencia\"],\"inLanguage\":\"ca\"},{\"@type\":\"WebPage\",\"@id\":\"https:\\\/\\\/www.itakaescolapios.org\\\/ca\\\/2025\\\/11\\\/colaboracion-llum-sgae\\\/\",\"url\":\"https:\\\/\\\/www.itakaescolapios.org\\\/ca\\\/2025\\\/11\\\/colaboracion-llum-sgae\\\/\",\"name\":\"La SGAE colabora con el proyecto Llum en dos talleres de improvisaci\u00f3n teatral y de flamenco-rap - Itaka-Escolapios\",\"isPartOf\":{\"@id\":\"https:\\\/\\\/www.itakaescolapios.org\\\/es\\\/#website\"},\"primaryImageOfPage\":{\"@id\":\"https:\\\/\\\/www.itakaescolapios.org\\\/ca\\\/2025\\\/11\\\/colaboracion-llum-sgae\\\/#primaryimage\"},\"image\":{\"@id\":\"https:\\\/\\\/www.itakaescolapios.org\\\/ca\\\/2025\\\/11\\\/colaboracion-llum-sgae\\\/#primaryimage\"},\"thumbnailUrl\":\"https:\\\/\\\/www.itakaescolapios.org\\\/wp-content\\\/uploads\\\/2025\\\/11\\\/Acuerdo-Llum-SGAE-1.jpg\",\"datePublished\":\"2025-11-21T11:19:01+00:00\",\"dateModified\":\"2025-11-21T11:31:52+00:00\",\"breadcrumb\":{\"@id\":\"https:\\\/\\\/www.itakaescolapios.org\\\/ca\\\/2025\\\/11\\\/colaboracion-llum-sgae\\\/#breadcrumb\"},\"inLanguage\":\"ca\",\"potentialAction\":[{\"@type\":\"ReadAction\",\"target\":[\"https:\\\/\\\/www.itakaescolapios.org\\\/ca\\\/2025\\\/11\\\/colaboracion-llum-sgae\\\/\"]}]},{\"@type\":\"ImageObject\",\"inLanguage\":\"ca\",\"@id\":\"https:\\\/\\\/www.itakaescolapios.org\\\/ca\\\/2025\\\/11\\\/colaboracion-llum-sgae\\\/#primaryimage\",\"url\":\"https:\\\/\\\/www.itakaescolapios.org\\\/wp-content\\\/uploads\\\/2025\\\/11\\\/Acuerdo-Llum-SGAE-1.jpg\",\"contentUrl\":\"https:\\\/\\\/www.itakaescolapios.org\\\/wp-content\\\/uploads\\\/2025\\\/11\\\/Acuerdo-Llum-SGAE-1.jpg\",\"width\":2000,\"height\":1331},{\"@type\":\"BreadcrumbList\",\"@id\":\"https:\\\/\\\/www.itakaescolapios.org\\\/ca\\\/2025\\\/11\\\/colaboracion-llum-sgae\\\/#breadcrumb\",\"itemListElement\":[{\"@type\":\"ListItem\",\"position\":1,\"name\":\"Itaka-Escolapios\",\"item\":\"https:\\\/\\\/www.itakaescolapios.org\\\/es\\\/\"},{\"@type\":\"ListItem\",\"position\":2,\"name\":\"La SGAE col\u00b7labora amb el projecte Llum en dos tallers d'improvisaci\u00f3 teatral i de flamenc-rap\"}]},{\"@type\":\"WebSite\",\"@id\":\"https:\\\/\\\/www.itakaescolapios.org\\\/ca\\\/es\\\/#website\",\"url\":\"https:\\\/\\\/www.itakaescolapios.org\\\/ca\\\/es\\\/\",\"name\":\"Itaka-Escolapios\",\"description\":\"Red de Itaka-Escolapios\",\"publisher\":{\"@id\":\"https:\\\/\\\/www.itakaescolapios.org\\\/ca\\\/es\\\/#organization\"},\"potentialAction\":[{\"@type\":\"SearchAction\",\"target\":{\"@type\":\"EntryPoint\",\"urlTemplate\":\"https:\\\/\\\/www.itakaescolapios.org\\\/ca\\\/es\\\/?s={search_term_string}\"},\"query-input\":{\"@type\":\"PropertyValueSpecification\",\"valueRequired\":true,\"valueName\":\"search_term_string\"}}],\"inLanguage\":\"ca\"},{\"@type\":\"Organization\",\"@id\":\"https:\\\/\\\/www.itakaescolapios.org\\\/ca\\\/es\\\/#organization\",\"name\":\"Fundaci\u00f3 Itaka-Escolapios\",\"url\":\"https:\\\/\\\/www.itakaescolapios.org\\\/ca\\\/es\\\/\",\"logo\":{\"@type\":\"ImageObject\",\"inLanguage\":\"ca\",\"@id\":\"https:\\\/\\\/www.itakaescolapios.org\\\/ca\\\/es\\\/#\\\/schema\\\/logo\\\/image\\\/\",\"url\":\"https:\\\/\\\/www.itakaescolapios.org\\\/wp-content\\\/uploads\\\/2024\\\/04\\\/Logo-itakaescolapios-peque.png\",\"contentUrl\":\"https:\\\/\\\/www.itakaescolapios.org\\\/wp-content\\\/uploads\\\/2024\\\/04\\\/Logo-itakaescolapios-peque.png\",\"width\":500,\"height\":199,\"caption\":\"Fundaci\u00f3 Itaka-Escolapios\"},\"image\":{\"@id\":\"https:\\\/\\\/www.itakaescolapios.org\\\/ca\\\/es\\\/#\\\/schema\\\/logo\\\/image\\\/\"}},{\"@type\":\"Person\",\"@id\":\"https:\\\/\\\/www.itakaescolapios.org\\\/es\\\/#\\\/schema\\\/person\\\/b4aee0bb1423368fa9a5439a0985739e\",\"name\":\"Paz Su\u00f1er\",\"url\":\"https:\\\/\\\/www.itakaescolapios.org\\\/ca\\\/author\\\/pazsuner\\\/\"}]}<\/script>\n<!-- \/ Yoast SEO plugin. -->","yoast_head_json":{"title":"La SGAE col\u00b7labora amb el projecte Llum en dos tallers d'improvisaci\u00f3 teatral i de flamenc-rap","description":"La Fundaci\u00f3 Itaka-Escolapis i la Fundaci\u00f3 SGAE treballarem junts durant aquest curs 2025-2026, concretament en el centre Socioeducatiu Llum situat en el barri de la Malva-rosa, apostant per l'art com a mitj\u00e0 de transformaci\u00f3 social, a trav\u00e9s de l'escola social Barraca XXI.","robots":{"index":"index","follow":"follow","max-snippet":"max-snippet:-1","max-image-preview":"max-image-preview:large","max-video-preview":"max-video-preview:-1"},"canonical":"La Fundaci\u00f3 Itaka-Escolapis i la Fundaci\u00f3 SGAE treballarem junts durant aquest curs 2025-2026, concretament en el centre Socioeducatiu Llum situat en el barri de la Malva-rosa, apostant per l'art com a mitj\u00e0 de transformaci\u00f3 social, a trav\u00e9s de l'escola social Barraca XXI.","og_locale":"ca_ES","og_type":"article","og_title":"La SGAE col\u00b7labora amb el projecte Llum en dos tallers d'improvisaci\u00f3 teatral i de flamenc-rap","og_description":"La Fundaci\u00f3 Itaka-Escolapis i la Fundaci\u00f3 SGAE treballarem junts durant aquest curs 2025-2026, concretament en el centre Socioeducatiu Llum situat en el barri de la Malva-rosa, apostant per l'art com a mitj\u00e0 de transformaci\u00f3 social, a trav\u00e9s de l'escola social Barraca XXI.","og_url":"https:\/\/www.itakaescolapios.org\/ca\/2025\/11\/colaboracion-llum-sgae\/","og_site_name":"Itaka-Escolapios","article_published_time":"2025-11-21T11:19:01+00:00","article_modified_time":"2025-11-21T11:31:52+00:00","og_image":[{"width":2000,"height":1331,"url":"https:\/\/www.itakaescolapios.org\/wp-content\/uploads\/2025\/11\/Acuerdo-Llum-SGAE-1.jpg","type":"image\/jpeg"}],"author":"Paz Su\u00f1er","twitter_card":"summary_large_image","twitter_misc":{"Escrit per":"Paz Su\u00f1er","Temps estimat de lectura":"5 minuts"},"schema":{"@context":"https:\/\/schema.org","@graph":[{"@type":"Article","@id":"https:\/\/www.itakaescolapios.org\/ca\/2025\/11\/colaboracion-llum-sgae\/#article","isPartOf":{"@id":"https:\/\/www.itakaescolapios.org\/ca\/2025\/11\/colaboracion-llum-sgae\/"},"author":{"name":"Paz Su\u00f1er","@id":"https:\/\/www.itakaescolapios.org\/es\/#\/schema\/person\/b4aee0bb1423368fa9a5439a0985739e"},"headline":"La SGAE col\u00b7labora amb el projecte Llum en dos tallers d'improvisaci\u00f3 teatral i de flamenc-rap","datePublished":"2025-11-21T11:19:01+00:00","dateModified":"2025-11-21T11:31:52+00:00","mainEntityOfPage":{"@id":"https:\/\/www.itakaescolapios.org\/ca\/2025\/11\/colaboracion-llum-sgae\/"},"wordCount":5315,"publisher":{"@id":"https:\/\/www.itakaescolapios.org\/es\/#organization"},"image":{"@id":"https:\/\/www.itakaescolapios.org\/ca\/2025\/11\/colaboracion-llum-sgae\/#primaryimage"},"thumbnailUrl":"https:\/\/www.itakaescolapios.org\/wp-content\/uploads\/2025\/11\/Acuerdo-Llum-SGAE-1.jpg","keywords":["Barraca XXI","flemenco-rap","improvisaci\u00f3n teatrall","Proyecto Llum","SGAE","Taller"],"articleSection":["Valencia"],"inLanguage":"ca"},{"@type":"WebPage","@id":"https:\/\/www.itakaescolapios.org\/ca\/2025\/11\/colaboracion-llum-sgae\/","url":"https:\/\/www.itakaescolapios.org\/ca\/2025\/11\/colaboracion-llum-sgae\/","name":"La SGAE colabora con el proyecto Llum en dos talleres de improvisaci\u00f3n teatral y de flamenco-rap - Itaka-Escolapios","isPartOf":{"@id":"https:\/\/www.itakaescolapios.org\/es\/#website"},"primaryImageOfPage":{"@id":"https:\/\/www.itakaescolapios.org\/ca\/2025\/11\/colaboracion-llum-sgae\/#primaryimage"},"image":{"@id":"https:\/\/www.itakaescolapios.org\/ca\/2025\/11\/colaboracion-llum-sgae\/#primaryimage"},"thumbnailUrl":"https:\/\/www.itakaescolapios.org\/wp-content\/uploads\/2025\/11\/Acuerdo-Llum-SGAE-1.jpg","datePublished":"2025-11-21T11:19:01+00:00","dateModified":"2025-11-21T11:31:52+00:00","breadcrumb":{"@id":"https:\/\/www.itakaescolapios.org\/ca\/2025\/11\/colaboracion-llum-sgae\/#breadcrumb"},"inLanguage":"ca","potentialAction":[{"@type":"ReadAction","target":["https:\/\/www.itakaescolapios.org\/ca\/2025\/11\/colaboracion-llum-sgae\/"]}]},{"@type":"ImageObject","inLanguage":"ca","@id":"https:\/\/www.itakaescolapios.org\/ca\/2025\/11\/colaboracion-llum-sgae\/#primaryimage","url":"https:\/\/www.itakaescolapios.org\/wp-content\/uploads\/2025\/11\/Acuerdo-Llum-SGAE-1.jpg","contentUrl":"https:\/\/www.itakaescolapios.org\/wp-content\/uploads\/2025\/11\/Acuerdo-Llum-SGAE-1.jpg","width":2000,"height":1331},{"@type":"BreadcrumbList","@id":"https:\/\/www.itakaescolapios.org\/ca\/2025\/11\/colaboracion-llum-sgae\/#breadcrumb","itemListElement":[{"@type":"ListItem","position":1,"name":"Itaka-Escolapios","item":"https:\/\/www.itakaescolapios.org\/es\/"},{"@type":"ListItem","position":2,"name":"La SGAE col\u00b7labora amb el projecte Llum en dos tallers d'improvisaci\u00f3 teatral i de flamenc-rap"}]},{"@type":"WebSite","@id":"https:\/\/www.itakaescolapios.org\/ca\/es\/#website","url":"https:\/\/www.itakaescolapios.org\/ca\/es\/","name":"Itaka-Escolapios","description":"Red de Itaka-Escolapios","publisher":{"@id":"https:\/\/www.itakaescolapios.org\/ca\/es\/#organization"},"potentialAction":[{"@type":"SearchAction","target":{"@type":"EntryPoint","urlTemplate":"https:\/\/www.itakaescolapios.org\/ca\/es\/?s={search_term_string}"},"query-input":{"@type":"PropertyValueSpecification","valueRequired":true,"valueName":"search_term_string"}}],"inLanguage":"ca"},{"@type":"Organization","@id":"https:\/\/www.itakaescolapios.org\/ca\/es\/#organization","name":"Fundaci\u00f3 Itaka-Escolapios","url":"https:\/\/www.itakaescolapios.org\/ca\/es\/","logo":{"@type":"ImageObject","inLanguage":"ca","@id":"https:\/\/www.itakaescolapios.org\/ca\/es\/#\/schema\/logo\/image\/","url":"https:\/\/www.itakaescolapios.org\/wp-content\/uploads\/2024\/04\/Logo-itakaescolapios-peque.png","contentUrl":"https:\/\/www.itakaescolapios.org\/wp-content\/uploads\/2024\/04\/Logo-itakaescolapios-peque.png","width":500,"height":199,"caption":"Fundaci\u00f3 Itaka-Escolapios"},"image":{"@id":"https:\/\/www.itakaescolapios.org\/ca\/es\/#\/schema\/logo\/image\/"}},{"@type":"Person","@id":"https:\/\/www.itakaescolapios.org\/es\/#\/schema\/person\/b4aee0bb1423368fa9a5439a0985739e","name":"Paz Su\u00f1er","url":"https:\/\/www.itakaescolapios.org\/ca\/author\/pazsuner\/"}]}},"_links":{"self":[{"href":"https:\/\/www.itakaescolapios.org\/ca\/wp-json\/wp\/v2\/posts\/329411","targetHints":{"allow":["GET"]}}],"collection":[{"href":"https:\/\/www.itakaescolapios.org\/ca\/wp-json\/wp\/v2\/posts"}],"about":[{"href":"https:\/\/www.itakaescolapios.org\/ca\/wp-json\/wp\/v2\/types\/post"}],"author":[{"embeddable":true,"href":"https:\/\/www.itakaescolapios.org\/ca\/wp-json\/wp\/v2\/users\/69"}],"replies":[{"embeddable":true,"href":"https:\/\/www.itakaescolapios.org\/ca\/wp-json\/wp\/v2\/comments?post=329411"}],"version-history":[{"count":6,"href":"https:\/\/www.itakaescolapios.org\/ca\/wp-json\/wp\/v2\/posts\/329411\/revisions"}],"predecessor-version":[{"id":329426,"href":"https:\/\/www.itakaescolapios.org\/ca\/wp-json\/wp\/v2\/posts\/329411\/revisions\/329426"}],"wp:featuredmedia":[{"embeddable":true,"href":"https:\/\/www.itakaescolapios.org\/ca\/wp-json\/wp\/v2\/media\/329414"}],"wp:attachment":[{"href":"https:\/\/www.itakaescolapios.org\/ca\/wp-json\/wp\/v2\/media?parent=329411"}],"wp:term":[{"taxonomy":"category","embeddable":true,"href":"https:\/\/www.itakaescolapios.org\/ca\/wp-json\/wp\/v2\/categories?post=329411"},{"taxonomy":"post_tag","embeddable":true,"href":"https:\/\/www.itakaescolapios.org\/ca\/wp-json\/wp\/v2\/tags?post=329411"}],"curies":[{"name":"wp","href":"https:\/\/api.w.org\/{rel}","templated":true}]}}