{"id":332343,"date":"2026-09-04T10:11:21","date_gmt":"2026-09-04T08:11:21","guid":{"rendered":"https:\/\/www.itakaescolapios.org\/?p=332343"},"modified":"2026-09-04T10:11:30","modified_gmt":"2026-09-04T08:11:30","slug":"empieza-su-andadura-la-sede-de-gandia","status":"publish","type":"post","link":"https:\/\/www.itakaescolapios.org\/ca\/2026\/09\/empieza-su-andadura-la-sede-de-gandia\/","title":{"rendered":"Comen\u00e7a la seua marxa la seu de Gandia"},"content":{"rendered":"<p>[et_pb_section fb_built=\u00bb1&#8243; make_equal=\u00bbon\u00bb use_custom_gutter=\u00bbon\u00bb gutter_width=\u00bb2&#8243; specialty=\u00bbon\u00bb _builder_version=\u00bb4.24.3&#8243; _module_preset=\u00bbdefault\u00bb width=\u00bb100%\u00bb max_width=\u00bb100%\u00bb module_alignment=\u00bbcenter\u00bb inner_width=\u00bb90%\u00bb inner_max_width=\u00bb2222px\u00bb inner_module_alignment=\u00bbcenter\u00bb custom_margin=\u00bb0px||||false|false\u00bb custom_padding=\u00bb0px||||false|false\u00bb da_disable_devices=\u00bboff|off|off\u00bb global_colors_info=\u00bb{}\u00bb theme_builder_area=\u00bbpost_content\u00bb da_is_popup=\u00bboff\u00bb da_exit_intent=\u00bboff\u00bb da_has_close=\u00bbon\u00bb da_alt_close=\u00bboff\u00bb da_dark_close=\u00bboff\u00bb da_not_modal=\u00bbon\u00bb da_is_singular=\u00bboff\u00bb da_with_loader=\u00bboff\u00bb da_has_shadow=\u00bbon\u00bb][et_pb_column type=\u00bb3_4&#8243; specialty_columns=\u00bb3&#8243; _builder_version=\u00bb4.16&#8243; custom_padding=\u00bb|||\u00bb global_colors_info=\u00bb{}\u00bb custom_padding__hover=\u00bb|||\u00bb theme_builder_area=\u00bbpost_content\u00bb][et_pb_row_inner custom_padding_last_edited=\u00bbon|phone\u00bb _builder_version=\u00bb4.24.3&#8243; _module_preset=\u00bbdefault\u00bb module_alignment=\u00bbcenter\u00bb custom_padding=\u00bb|50px|4px||false|false\u00bb custom_padding_tablet=\u00bb|50px|4px||false|false\u00bb custom_padding_phone=\u00bb|0px|||false|false\u00bb border_color_all=\u00bbgcid-b1ace166-c11d-4c70-a679-55884e9ca298&#8243; border_style_all=\u00bbdotted\u00bb border_width_right=\u00bb3px\u00bb border_color_right=\u00bbgcid-b1ace166-c11d-4c70-a679-55884e9ca298&#8243; border_width_right_tablet=\u00bb3px\u00bb border_width_right_phone=\u00bb0px\u00bb border_width_right_last_edited=\u00bbon|desktop\u00bb collapsed=\u00bboff\u00bb global_colors_info=\u00bb{%22gcid-b1ace166-c11d-4c70-a679-55884e9ca298%22:%91%22border_color_all%22,%22border_color_right%22%93}\u00bb theme_builder_area=\u00bbpost_content\u00bb][et_pb_column_inner saved_specialty_column_type=\u00bb3_4&#8243; _builder_version=\u00bb4.24.3&#8243; _module_preset=\u00bbdefault\u00bb global_colors_info=\u00bb{}\u00bb theme_builder_area=\u00bbpost_content\u00bb][et_pb_text admin_label=\u00bbT\u00cdTULO NOTICIA\u00bb _builder_version=\u00bb4.27.6&#8243; _module_preset=\u00bbdefault\u00bb header_font=\u00bbTitulo Itaka-Escolapios|700|||||||\u00bb header_text_align=\u00bbcenter\u00bb header_text_color=\u00bbgcid-cca90ba6-297c-4d63-9e2c-8201011ef870&#8243; header_font_size=\u00bb50px\u00bb custom_margin=\u00bb||20px||false|false\u00bb custom_margin_tablet=\u00bb||20px||false|false\u00bb custom_margin_phone=\u00bb||20px||false|false\u00bb custom_margin_last_edited=\u00bbon|desktop\u00bb hover_enabled=\u00bb0&#8243; header_font_size_tablet=\u00bb55px\u00bb header_font_size_phone=\u00bb35px\u00bb header_font_size_last_edited=\u00bbon|phone\u00bb content_en_us=\u00bb<\/p>\n<h1><strong>The Gandia Office Begins Its Journey<\/strong><\/h1>\n<p>\u00bb content_fr_fr=\u00bb<\/p>\n<h1><strong>Le si\u00e8ge de Gandia ouvre ses portes<\/strong><\/h1>\n<p>\u00bb content_eu=\u00bb<\/p>\n<h1><strong>Gandiaren egoitza martxan da<\/strong><\/p>\n<\/h1>\n<p>\u00bb content_ca=\u00bb<\/p>\n<h1><strong>Comen\u00e7a la seua marxa la seu de Gandia<\/strong><\/p>\n<\/h1>\n<p>\u00bb content_pt_br=\u00bb<\/p>\n<h1><strong>A sede de Gandia inicia suas atividades<\/strong><\/h1>\n<p>\u00bb global_colors_info=\u00bb{%22gcid-cca90ba6-297c-4d63-9e2c-8201011ef870%22:%91%22header_text_color%22%93}\u00bb theme_builder_area=\u00bbpost_content\u00bb sticky_enabled=\u00bb0&#8243;]<\/p>\n<h1><strong>Empieza su andadura la sede de Gandia<\/strong><\/h1>\n<p>[\/et_pb_text][et_pb_text admin_label=\u00bbFecha noticia no tocar\u00bb _builder_version=\u00bb4.27.4&#8243; _dynamic_attributes=\u00bbcontent\u00bb _module_preset=\u00bbdefault\u00bb text_font=\u00bbTitulo Itaka-Escolapios|700|||||||\u00bb text_text_color=\u00bbgcid-cca90ba6-297c-4d63-9e2c-8201011ef870&#8243; text_font_size=\u00bb16px\u00bb text_orientation=\u00bbright\u00bb global_colors_info=\u00bb{%22gcid-cca90ba6-297c-4d63-9e2c-8201011ef870%22:%91%22text_text_color%22%93}\u00bb theme_builder_area=\u00bbpost_content\u00bb]@ET-DC@eyJkeW5hbWljIjp0cnVlLCJjb250ZW50IjoicG9zdF9kYXRlIiwic2V0dGluZ3MiOnsiYmVmb3JlIjoiIiwiYWZ0ZXIiOiIiLCJkYXRlX2Zvcm1hdCI6ImRlZmF1bHQiLCJjdXN0b21fZGF0ZV9mb3JtYXQiOiIifX0=@[\/et_pb_text][\/et_pb_column_inner][\/et_pb_row_inner][et_pb_row_inner _builder_version=\u00bb4.27.4&#8243; _module_preset=\u00bbdefault\u00bb border_width_right=\u00bb3px\u00bb border_color_right=\u00bbgcid-b1ace166-c11d-4c70-a679-55884e9ca298&#8243; border_style_right=\u00bbdotted\u00bb collapsed=\u00bboff\u00bb global_colors_info=\u00bb{%22gcid-b1ace166-c11d-4c70-a679-55884e9ca298%22:%91%22border_color_right%22%93}\u00bb theme_builder_area=\u00bbpost_content\u00bb][et_pb_column_inner saved_specialty_column_type=\u00bb3_4&#8243; _builder_version=\u00bb4.27.4&#8243; _module_preset=\u00bbdefault\u00bb global_colors_info=\u00bb{}\u00bb theme_builder_area=\u00bbpost_content\u00bb][et_pb_text admin_label=\u00bbCUERPO NOTICIA\u00bb _builder_version=\u00bb4.27.6&#8243; _module_preset=\u00bbdefault\u00bb text_font=\u00bb&#8211;et_global_body_font||||||||\u00bb text_font_size=\u00bb16px\u00bb width=\u00bb100%\u00bb module_alignment=\u00bbcenter\u00bb custom_padding=\u00bb|60px|||false|false\u00bb hover_enabled=\u00bb0&#8243; text_font_size_tablet=\u00bb16px\u00bb text_font_size_phone=\u00bb16px\u00bb text_font_size_last_edited=\u00bbon|desktop\u00bb content_en_us=\u00bb<\/p>\n<p>This September 2026, we officially inaugurated the Itaka &#8211; Escolapios office in Gandia, Valencia.<\/p>\n<p>With our sights set on supporting young people by promoting their education and training, we are launching our project for youth support, mentoring, and empowerment with great enthusiasm. Fr. Sch Luis Gregori, Borja Pinz\u00f3n, Esther Perell\u00f3, and Pep Pla will be the coordinators of the Office.<\/p>\n<p>Let us tell you a little about the origins of our story: a few years ago, Carmen Morant\u2014a woman of deep faith and the sister of a Piarist from our region\u2014passed away. She wished to donate her home so that the Pious Schools could continue their mission of bringing faith and culture to the most disadvantaged. The Province of Bethany made the home available to Itaka-Escolapios to enable a social project within our Presence, and as a result of dialogue and the exploration of various possibilities\u2014while taking into account the reality faced by the most disadvantaged youth\u2014our project took shape.<\/p>\n<p>Our efforts are now focused on creating a network of volunteering and a social base that will enable different young people to pursue their educational and personal development, providing them with housing and the necessary support to achieve independence.<\/p>\n<p>We count, as one would expect, on the indispensable collaboration of our Escola Pia de Gandia\u2014the school where we were founded and where we also carry out our mission\u2014which will enable us to build a network alongside various public and private social organizations in the area with which we will establish partnerships.<\/p>\n<p>We are currently in the process of setting up and preparing this home, which requires a great deal of care and attention; therefore, we will keep you updated on our progress in the coming months.<\/p>\n<p>Grateful for the opportunity to carry out and be part of the Piarist Mission, we rely on this network\u2014of which you are a part.<\/p>\n<p>\u00bb content_fr_fr=\u00bb<\/p>\n<p>En septembre 2026, nous avons officiellement inaugur\u00e9 le si\u00e8ge d\u2019Itaka &#8211; Escolapios \u00e0 Gandia, pr\u00e8s de Valence.<\/p>\n<p>Soucieux de soutenir les jeunes en favorisant leur \u00e9ducation et leur formation, nous lan\u00e7ons avec beaucoup d\u2019enthousiasme notre projet d\u2019accompagnement, de mentorat et d\u2019\u00e9mancipation des jeunes. Le P\u00e8re Sch Luis Gregori, Borja Pinz\u00f3n, Esther Perell\u00f3 et Pep Pla seront les animateurs de ce centre.<\/p>\n<p>Laissez-nous vous raconter un peu l\u2019origine de notre histoire : il y a quelques ann\u00e9es, Carmen Morant, une personne \u00e0 la foi tr\u00e8s profonde, s\u0153ur d\u2019un Piariste de notre r\u00e9gion, est d\u00e9c\u00e9d\u00e9e. Elle a souhait\u00e9 faire don de son logement afin que les \u00c9coles Pies puissent poursuivre leur mission consistant \u00e0 apporter la foi et la culture aux plus d\u00e9munis. La province de Betania a mis \u00e0 la disposition d\u2019Itaka &#8211; Escolapios le logement afin de permettre la mise en place d\u2019un projet social au sein de notre pr\u00e9sence. C\u2019est ainsi, \u00e0 la suite d\u2019un dialogue et d\u2019une \u00e9tude des diff\u00e9rentes possibilit\u00e9s, en tenant compte de la r\u00e9alit\u00e9 des jeunes les plus d\u00e9favoris\u00e9s, que notre projet a vu le jour.<\/p>\n<p>Nos efforts visent d\u00e9sormais \u00e0 cr\u00e9er un r\u00e9seau de b\u00e9n\u00e9voles et une base sociale permettant \u00e0 diff\u00e9rents jeunes de mener \u00e0 bien leur projet de formation et de vie, en leur offrant pour cela un logement et l\u2019accompagnement n\u00e9cessaire pour acqu\u00e9rir leur autonomie.<\/p>\n<p>Nous comptons, bien s\u00fbr, sur la collaboration indispensable de notre Escola Pia de Gandia, l\u2019\u00e9cole o\u00f9 nous sommes n\u00e9s et o\u00f9 nous menons \u00e9galement notre mission, qui nous permettra de cr\u00e9er un R\u00e9seau avec diverses entit\u00e9s sociales publiques et priv\u00e9es de la r\u00e9gion avec lesquelles nous \u00e9tablirons des liens.<\/p>\n<p>Nous sommes actuellement en train d\u2019am\u00e9nager et de mettre en \u00e9tat ce foyer, ce qui demande beaucoup de soin et d\u2019attention ; c\u2019est pourquoi nous vous tiendrons inform\u00e9s de l\u2019avancement de nos travaux au cours des prochains mois.<\/p>\n<p>Reconnaissants de pouvoir d\u00e9velopper et faire partie de la Mission piariste, nous comptons sur ce R\u00e9seau dont vous faites partie.<\/p>\n<p>&nbsp;<\/p>\n<p>\u00bb content_eu=\u00bb<\/p>\n<p>2026ko irailean inauguratu genuen ofizialki Itaka Escolapios-en egoitza Gandian, Valentzian.<\/p>\n<p>Gazteei beren hezkuntza eta prestakuntza sustatuz laguntzeko moduari begira, ilusio handiz ekin diogu gazteei laguntzeko, mentorizatzeko eta emantzipatzeko proiektuari. P. Sch Luis Gregori, Borja Pinz\u00f3n, Esther Perell\u00f3 eta Pep Pla izango dira Egoitzako animatzaileak.<\/p>\n<p>Gure historiaren jatorriaren berri eman genizuen pixka bat: duela urte batzuk, Carmen Morant hil zen, fede oso landua zuen pertsona bat, gure eskualdeko eskolapio baten arreba, eta bere etxebizitza eman nahi izan zuen, Eskola Erlijiosoek fedea eta kultura behartsuenei eramateko misioari jarrai ziezaioten. Betania probintziak Itaka Escolapiosen eskura jarri zuen gure Presentzian proiektu sozial bat ahalbidetzeko etxebizitza, eta, elkarrizketaren eta aukera ezberdinak aztertzeko prozesuen ondorioz, gazte behartsuenen errealitatea ikusita, gure proiektua sortu zen.<\/p>\n<p>Orain, gure ahaleginak boluntariotza-sare bat eta masa sozial bat sortzera bideratzen ari gara, hainbat gaztek beren prestakuntza- eta bizi-proiektua garatzeko aukera izan dezaten, horretarako etxebizitza bat eta beren independentzia lortzeko behar duten laguntza eskainiz.<\/p>\n<p>Ezin bestela izan, gure Escola Pia de Gandia ikastetxearen ezinbesteko laguntza dugu, gure misioa ere bertan jaio eta garatzen baitugu. Horri esker, sarea sortu ahal izango dugu inguruko hainbat gizarte-erakunde publiko eta pribaturekin batera, eta haiekin loturak ezarriko ditugu.<\/p>\n<p>Zaintza eta arreta handia eskatzen duen etxe hori gaitzeko eta egokitzeko prozesuan gaude, eta, beraz, datozen hilabeteetan gure bilakaeraren berri emango dizuegu.<\/p>\n<p>Eskertuta Eskolapia Misioan parte hartzeagatik, zu partaide zaren Sare hori dugu.<\/p>\n<p>&nbsp;<\/p>\n<p>&nbsp;<\/p>\n<p>\u00bb content_ca=\u00bb<\/p>\n<p>Aquest mes de setembre de 2026 inaugurem oficialment la seu d&#8217;Itaka Escolapis a Gandia, Val\u00e8ncia.<\/p>\n<p>Amb la mirada posada en com fer costat a la joventut promocionant la seua educaci\u00f3 i formaci\u00f3, arranquem amb molta il\u00b7lusi\u00f3 el nostre projecte d&#8217;acompanyament, mentoria i emancipaci\u00f3 juvenil. El P. Sch Luis Gregori, Borja Pinz\u00f3n, Esther Perell\u00f3 i Pep Pla, serem els animadors de la Seu.<\/p>\n<p>Us comptem un poc de l&#8217;origen de la nostra hist\u00f2ria: fa alguns anys, va morir Carmen Morant, una persona amb una fe molt cultivada, germana d&#8217;un escolapi de la nostra comarca, i que va voler donar el seu habitatge perqu\u00e8 l&#8217;Escola Pia seguiren la seua Missi\u00f3 de portar la fe i la cultura als m\u00e9s desfavorits. La prov\u00edncia de Betania va posar a la disposici\u00f3 d&#8217;Itaka Escolapis l&#8217;habitatge per a possibilitar un projecte social en la nostra Pres\u00e8ncia i, fruit del di\u00e0leg i processos d&#8217;estudi de diferents possibilitats, veient la realitat de la joventut m\u00e9s desfavorida, va sorgir el nostre projecte.<\/p>\n<p>Els nostres esfor\u00e7os se centren ara a generar una xarxa de voluntariat i una massa social que possibilite que diferents joves puguen desenvolupar el seu projecte formatiu i vital, oferint per a aix\u00f2 un habitatge i l&#8217;acompanyament necessari per a aconseguir la seua pr\u00f2pia independ\u00e8ncia.<br \/>Comptem, com no podia ser d&#8217;una altra manera, amb la col\u00b7laboraci\u00f3 imprescindible de nostra Escola Pia de Gandia, el col\u00b7le on naixem i desenvolupem tamb\u00e9 la nostra missi\u00f3, que possibilitar\u00e0 generar xarxa juntament amb diverses entitats socials p\u00fabliques i privades de la zona amb les quals establirem vincles.<\/p>\n<p>Ens trobem en el proc\u00e9s d&#8217;habilitar i condicionar aquesta llar, que requereix de molta cura i atenci\u00f3, per la qual cosa en els pr\u00f2xims mesos us anirem informant de la nostra evoluci\u00f3.<\/p>\n<p>Agra\u00efts per poder desenvolupar i formar part de la Missi\u00f3 Escol\u00e0pia, comptem amb aquesta Xarxa de la qual tu formes part.<\/p>\n<p>\u00bb content_pt_br=\u00bb<\/p>\n<p>Neste m\u00eas de setembro de 2026, inauguramos oficialmente a sede da Itaka Escolapios em Gandia, Val\u00eancia.<\/p>\n<p>Com o objetivo de apoiar os jovens, promovendo sua educa\u00e7\u00e3o e forma\u00e7\u00e3o, iniciamos com muito entusiasmo nosso projeto de acompanhamento, orienta\u00e7\u00e3o e emancipa\u00e7\u00e3o juvenil. O Pe. Sch Luis Gregori, Borja Pinz\u00f3n, Esther Perell\u00f3 e Pep Pla seremos os coordenadores da sede.<\/p>\n<p>Vamos contar um pouco sobre a origem da nossa hist\u00f3ria: h\u00e1 alguns anos, faleceu Carmen Morant, uma pessoa de f\u00e9 muito profunda, irm\u00e3 de um escol\u00e1pio da nossa regi\u00e3o, que desejou doar sua resid\u00eancia para que as Escolas Pias continuassem sua miss\u00e3o de levar a f\u00e9 e a cultura aos mais desfavorecidos. A prov\u00edncia de Bet\u00e2nia colocou a resid\u00eancia \u00e0 disposi\u00e7\u00e3o da Itaka Escol\u00e1pios para viabilizar um projeto social em nossa Presen\u00e7a e, fruto do di\u00e1logo e de processos de an\u00e1lise de diferentes possibilidades, ao observar a realidade da juventude mais desfavorecida, surgiu nosso projeto.<\/p>\n<p>Nossos esfor\u00e7os se concentram agora em criar uma rede de voluntariado e uma base social que permita que diferentes jovens possam desenvolver seu projeto formativo e de vida, oferecendo para isso uma moradia e o acompanhamento necess\u00e1rio para que alcancem sua pr\u00f3pria independ\u00eancia.<\/p>\n<p>Contamos, como n\u00e3o poderia deixar de ser, com a colabora\u00e7\u00e3o indispens\u00e1vel da nossa Escola Pia de Gandia, a escola onde nascemos e tamb\u00e9m desenvolvemos nossa miss\u00e3o, que nos permitir\u00e1 criar uma rede em conjunto com diversas entidades sociais p\u00fablicas e privadas da regi\u00e3o com as quais estabeleceremos v\u00ednculos.<\/p>\n<p>Estamos no processo de habilitar e equipar essa casa, o que requer muito cuidado e aten\u00e7\u00e3o; por isso, nos pr\u00f3ximos meses, iremos mant\u00ea-los informados sobre o andamento do projeto.<\/p>\n<p>Grato por poder desenvolver e fazer parte da Miss\u00e3o Escol\u00e1pia, contamos com essa Rede da qual voc\u00ea faz parte.<\/p>\n<p>\u00bb global_colors_info=\u00bb{}\u00bb theme_builder_area=\u00bbpost_content\u00bb sticky_enabled=\u00bb0&#8243;]<\/p>\n<p>Este mes de septiembre de 2026 inauguramos oficialmente la sede de Itaka Escolapios en Gandia, Valencia.<\/p>\n<p>Con la mirada puesta en c\u00f3mo apoyar a la juventud promocionando su educaci\u00f3n y formaci\u00f3n, arrancamos con mucha ilusi\u00f3n nuestro proyecto de acompa\u00f1amiento, mentor\u00eda y emancipaci\u00f3n juvenil.\u00a0El P. Sch Luis Gregori, Borja Pinz\u00f3n, Esther Perell\u00f3 y Pep Pla, seremos los animadores de la Sede.<\/p>\n<p>Os contamos un poco del origen de nuestra historia: hace algunos a\u00f1os, falleci\u00f3 Carmen Morant, una persona con una fe muy cultivada, hermana de un escolapio de nuestra comarca, y que quiso donar su vivienda para que las Escuelas P\u00edas siguieran su Misi\u00f3n de llevar la fe y la cultura a los m\u00e1s desfavorecidos. La provincia de Betania puso a disposici\u00f3n de Itaka Escolapios la vivienda para posibilitar un proyecto social en nuestra Presencia y, fruto del di\u00e1logo y procesos de estudio de diferentes posibilidades, viendo la realidad de la juventud m\u00e1s desfavorecida, surgi\u00f3 nuestro proyecto.<\/p>\n<p>Nuestros esfuerzos se centran ahora en generar una red de voluntariado y una masa social que posibilite que diferentes j\u00f3venes puedan desarrollar su proyecto formativo y vital, ofreciendo para ello una vivienda y el acompa\u00f1amiento necesario para conseguir su propia independencia.<\/p>\n<p>Contamos, como no pod\u00eda ser de otra manera, con la colaboraci\u00f3n imprescindible de nuestra Escola Pia de Gandia, el cole donde nacemos y desarrollamos tambi\u00e9n nuestra misi\u00f3n, que posibilitar\u00e1 generar red junto con diversas entidades sociales p\u00fablicas y privadas de la zona con las que estableceremos v\u00ednculos.<\/p>\n<p>Nos encontramos en el proceso de habilitar y acondicionar ese hogar, que requiere de mucho cuidado y atenci\u00f3n, por lo que en los pr\u00f3ximos meses os iremos informando de nuestra evoluci\u00f3n.<\/p>\n<p>Agradecidos por poder desarrollar y formar parte de la Misi\u00f3n Escolapia, contamos con esa Red de la que t\u00fa formas parte.<\/p>\n<p>[\/et_pb_text][\/et_pb_column_inner][\/et_pb_row_inner][et_pb_row_inner admin_label=\u00bbIm\u00e1genes sede\u00bb _builder_version=\u00bb4.27.4&#8243; _module_preset=\u00bbdefault\u00bb custom_padding=\u00bb20px||||false|false\u00bb border_width_right=\u00bb3px\u00bb border_color_right=\u00bbgcid-b1ace166-c11d-4c70-a679-55884e9ca298&#8243; border_style_right=\u00bbdotted\u00bb border_width_right_tablet=\u00bb3px\u00bb border_width_right_phone=\u00bb0px\u00bb border_width_right_last_edited=\u00bbon|desktop\u00bb collapsed=\u00bboff\u00bb global_colors_info=\u00bb{%22gcid-b1ace166-c11d-4c70-a679-55884e9ca298%22:%91%22border_color_right%22%93}\u00bb theme_builder_area=\u00bbpost_content\u00bb][et_pb_column_inner saved_specialty_column_type=\u00bb3_4&#8243; _builder_version=\u00bb4.27.4&#8243; _module_preset=\u00bbdefault\u00bb global_colors_info=\u00bb{}\u00bb theme_builder_area=\u00bbpost_content\u00bb][difl_imagecarousel item_desktop=\u00bb1&#8243; item_tablet=\u00bb1&#8243; dots=\u00bbon\u00bb use_lightbox=\u00bbon\u00bb arrow_color=\u00bbgcid-b1ace166-c11d-4c70-a679-55884e9ca298&#8243; dots_color=\u00bbgcid-cca90ba6-297c-4d63-9e2c-8201011ef870&#8243; active_dots_color=\u00bbgcid-b1ace166-c11d-4c70-a679-55884e9ca298&#8243; _builder_version=\u00bb4.27.6&#8243; _module_preset=\u00bbdefault\u00bb overflow-x=\u00bbhidden\u00bb overflow-y=\u00bbhidden\u00bb custom_margin=\u00bb|60px|||false|false\u00bb custom_margin_tablet=\u00bb|60px|||false|false\u00bb custom_margin_phone=\u00bb|60px|||false|false\u00bb custom_margin_last_edited=\u00bbon|desktop\u00bb hover_enabled=\u00bb0&#8243; custom_css_free_form=\u00bbselector .df_ici_container {margin: 0 auto;}\u00bb global_colors_info=\u00bb{%22gcid-b1ace166-c11d-4c70-a679-55884e9ca298%22:%91%22arrow_color%22,%22active_dots_color%22%93,%22gcid-cca90ba6-297c-4d63-9e2c-8201011ef870%22:%91%22dots_color%22%93}\u00bb theme_builder_area=\u00bbpost_content\u00bb sticky_enabled=\u00bb0&#8243;][difl_imagecarouselitem _builder_version=\u00bb4.27.6&#8243; _module_preset=\u00bbdefault\u00bb theme_builder_area=\u00bbpost_content\u00bb alt=\u00bbSede Gandia\u00bb title_text=\u00bbWhatsApp Image 2026-09-04 at 10.03.27&#8243; image=\u00bbhttps:\/\/www.itakaescolapios.org\/wp-content\/uploads\/2026\/09\/WhatsApp-Image-2026-09-04-at-10.03.27.jpeg\u00bb hover_enabled=\u00bb0&#8243; sticky_enabled=\u00bb0&#8243;][\/difl_imagecarouselitem][\/difl_imagecarousel][\/et_pb_column_inner][\/et_pb_row_inner][et_pb_row_inner _builder_version=\u00bb4.24.3&#8243; _module_preset=\u00bbdefault\u00bb custom_padding=\u00bb20px||||false|false\u00bb border_width_right=\u00bb3px\u00bb border_color_right=\u00bbgcid-b1ace166-c11d-4c70-a679-55884e9ca298&#8243; border_style_right=\u00bbdotted\u00bb border_width_right_tablet=\u00bb3px\u00bb border_width_right_phone=\u00bb0px\u00bb border_width_right_last_edited=\u00bbon|desktop\u00bb collapsed=\u00bbon\u00bb global_colors_info=\u00bb{%22gcid-b1ace166-c11d-4c70-a679-55884e9ca298%22:%91%22border_color_right%22%93}\u00bb theme_builder_area=\u00bbpost_content\u00bb][et_pb_column_inner saved_specialty_column_type=\u00bb3_4&#8243; _builder_version=\u00bb4.24.3&#8243; _module_preset=\u00bbdefault\u00bb global_colors_info=\u00bb{}\u00bb theme_builder_area=\u00bbpost_content\u00bb][et_pb_text admin_label=\u00bbL\u00ednea divisoria\u00bb _builder_version=\u00bb4.27.4&#8243; _module_preset=\u00bbdefault\u00bb header_font=\u00bbIBM Plex Sans|700|||||||\u00bb header_text_color=\u00bbgcid-cca90ba6-297c-4d63-9e2c-8201011ef870&#8243; header_font_size=\u00bb40px\u00bb custom_margin=\u00bb|30px|||false|false\u00bb header_font_size_tablet=\u00bb55px\u00bb header_font_size_phone=\u00bb30px\u00bb header_font_size_last_edited=\u00bbon|phone\u00bb border_width_bottom=\u00bb3px\u00bb border_color_bottom=\u00bbgcid-b1ace166-c11d-4c70-a679-55884e9ca298&#8243; border_style_bottom=\u00bbdotted\u00bb global_colors_info=\u00bb{%22gcid-cca90ba6-297c-4d63-9e2c-8201011ef870%22:%91%22header_text_color%22%93,%22gcid-b1ace166-c11d-4c70-a679-55884e9ca298%22:%91%22border_color_bottom%22%93}\u00bb theme_builder_area=\u00bbpost_content\u00bb][\/et_pb_text][difl_imagecarousel item_desktop=\u00bb3&#8243; admin_label=\u00bbCampa\u00f1a, educa y voluntariado\u00bb _builder_version=\u00bb4.27.4&#8243; _module_preset=\u00bbdefault\u00bb width_tablet=\u00bb\u00bb width_phone=\u00bb100%\u00bb width_last_edited=\u00bbon|desktop\u00bb custom_margin=\u00bb|62px|||false|false\u00bb custom_margin_tablet=\u00bb|62px|||false|false\u00bb custom_margin_phone=\u00bb|62px|||false|false\u00bb custom_margin_last_edited=\u00bbon|desktop\u00bb global_module=\u00bb316782&#8243; global_colors_info=\u00bb{}\u00bb custom_margin__hover_enabled=\u00bboff|desktop\u00bb custom_margin__hover=\u00bb|30px|||false|false\u00bb theme_builder_area=\u00bbpost_content\u00bb][difl_imagecarouselitem image=\u00bbhttps:\/\/www.itakaescolapios.org\/wp-content\/uploads\/2025\/02\/banner-CAMPANA-ITAKA-2526-CUADRADO.jpg-1.jpeg\u00bb ic_button_button_url_new_window=\u00bb1&#8243; _builder_version=\u00bb4.27.4&#8243; _module_preset=\u00bbdefault\u00bb link_option_url=\u00bbhttps:\/\/www.educa.itakaescolapios.org\/campanas\/2025-2026-25-anos-extendiendo-raices\u00bb image_en_us=\u00bbhttps:\/\/www.itakaescolapios.org\/wp-content\/uploads\/2025\/02\/BANNERS-CAMPANA-INFERIOR-5005002.jpg\u00bb image_fr_fr=\u00bbhttps:\/\/www.itakaescolapios.org\/wp-content\/uploads\/2025\/02\/BANNERS-CAMPANA-INFERIOR-5005003.jpg\u00bb image_eu=\u00bbhttps:\/\/www.itakaescolapios.org\/wp-content\/uploads\/2025\/02\/BANNERS-CAMPANA-INFERIOR-5005006.jpg\u00bb image_ca=\u00bbhttps:\/\/www.itakaescolapios.org\/wp-content\/uploads\/2025\/02\/BANNERS-CAMPANA-INFERIOR-5005005.jpg\u00bb image_pt_br=\u00bbhttps:\/\/www.itakaescolapios.org\/wp-content\/uploads\/2025\/02\/BANNERS-CAMPANA-INFERIOR-5005004.jpg\u00bb global_colors_info=\u00bb{}\u00bb theme_builder_area=\u00bbpost_content\u00bb][\/difl_imagecarouselitem][difl_imagecarouselitem admin_label=\u00bbVoluntariado\u00bb image=\u00bbhttps:\/\/www.itakaescolapios.org\/wp-content\/uploads\/2025\/02\/BANNERS-VOLUNTARIADO-INFERIOR-500500.jpg\u00bb ic_button_button_url_new_window=\u00bb1&#8243; _builder_version=\u00bb4.27.4&#8243; _module_preset=\u00bbdefault\u00bb link_option_url=\u00bbhttps:\/\/www.itakaescolapios.org\/es\/haz-voluntariado\/\u00bb image_en_us=\u00bbhttps:\/\/www.itakaescolapios.org\/wp-content\/uploads\/2025\/02\/BANNERS-VOLUNTARIADO-INFERIOR-5005002.jpg\u00bb image_fr_fr=\u00bbhttps:\/\/www.itakaescolapios.org\/wp-content\/uploads\/2025\/02\/BANNERS-VOLUNTARIADO-INFERIOR-5005003.jpg\u00bb image_eu=\u00bbhttps:\/\/www.itakaescolapios.org\/wp-content\/uploads\/2025\/02\/BANNERS-VOLUNTARIADO-INFERIOR-5005006.jpg\u00bb image_ca=\u00bbhttps:\/\/www.itakaescolapios.org\/wp-content\/uploads\/2025\/02\/BANNERS-VOLUNTARIADO-INFERIOR-5005004.jpg\u00bb image_pt_br=\u00bbhttps:\/\/www.itakaescolapios.org\/wp-content\/uploads\/2025\/02\/BANNERS-VOLUNTARIADO-INFERIOR-5005005.jpg\u00bb global_colors_info=\u00bb{}\u00bb theme_builder_area=\u00bbpost_content\u00bb][\/difl_imagecarouselitem][difl_imagecarouselitem image=\u00bbhttps:\/\/www.itakaescolapios.org\/wp-content\/uploads\/2025\/02\/BANNERS-EDUCA-INFERIOR-500500.jpg\u00bb ic_button_button_url_new_window=\u00bb1&#8243; _builder_version=\u00bb4.27.4&#8243; _module_preset=\u00bbdefault\u00bb link_option_url=\u00bbhttps:\/\/www.educa.itakaescolapios.org\/\u00bb image_en_us=\u00bbhttps:\/\/www.itakaescolapios.org\/wp-content\/uploads\/2025\/02\/BANNERS-EDUCA-INFERIOR-5005002.jpg\u00bb image_fr_fr=\u00bbhttps:\/\/www.itakaescolapios.org\/wp-content\/uploads\/2025\/02\/BANNERS-EDUCA-INFERIOR-5005003.jpg\u00bb image_eu=\u00bbhttps:\/\/www.itakaescolapios.org\/wp-content\/uploads\/2025\/02\/BANNERS-EDUCA-INFERIOR-5005006.jpg\u00bb image_ca=\u00bbhttps:\/\/www.itakaescolapios.org\/wp-content\/uploads\/2025\/02\/BANNERS-EDUCA-INFERIOR-5005005.jpg\u00bb image_pt_br=\u00bbhttps:\/\/www.itakaescolapios.org\/wp-content\/uploads\/2025\/02\/BANNERS-EDUCA-INFERIOR-5005004.jpg\u00bb global_colors_info=\u00bb{}\u00bb theme_builder_area=\u00bbpost_content\u00bb][\/difl_imagecarouselitem][\/difl_imagecarousel][\/et_pb_column_inner][\/et_pb_row_inner][\/et_pb_column][et_pb_column type=\u00bb1_4&#8243; _builder_version=\u00bb4.16&#8243; custom_padding=\u00bb|||\u00bb global_colors_info=\u00bb{}\u00bb custom_padding__hover=\u00bb|||\u00bb theme_builder_area=\u00bbpost_content\u00bb][difl_imagecarousel item_desktop=\u00bb1&#8243; item_tablet=\u00bb1&#8243; loop=\u00bbon\u00bb autoplay=\u00bbon\u00bb autospeed=\u00bb3500&#8243; dots=\u00bbon\u00bb dots_color=\u00bbgcid-cca90ba6-297c-4d63-9e2c-8201011ef870&#8243; active_dots_color=\u00bbgcid-b1ace166-c11d-4c70-a679-55884e9ca298&#8243; dots_gap=\u00bb21px\u00bb item_wrapper_padding=\u00bb||15px||false|false\u00bb admin_label=\u00bbSer miembro y newsletter\u00bb module_class=\u00bbextiendeenlacedeboton\u00bb _builder_version=\u00bb4.27.4&#8243; _module_preset=\u00bbdefault\u00bb global_module=\u00bb51656&#8243; saved_tabs=\u00bball\u00bb locked=\u00bboff\u00bb global_colors_info=\u00bb{%22gcid-cca90ba6-297c-4d63-9e2c-8201011ef870%22:%91%22dots_color%22%93,%22gcid-b1ace166-c11d-4c70-a679-55884e9ca298%22:%91%22active_dots_color%22%93}\u00bb theme_builder_area=\u00bbpost_content\u00bb][difl_imagecarouselitem image=\u00bbhttps:\/\/www.itakaescolapios.org\/wp-content\/uploads\/2025\/02\/banners-500&#215;500-esp.jpg\u00bb ic_button_button_text=\u00bbbot\u00bb ic_button_button_url=\u00bb\/es\/colabora\u00bb ic_button_button_url_new_window=\u00bb1&#8243; _builder_version=\u00bb4.27.4&#8243; _module_preset=\u00bbdefault\u00bb image_en_us=\u00bbhttps:\/\/www.itakaescolapios.org\/wp-content\/uploads\/2025\/02\/banners-500&#215;500-eng.jpg\u00bb ic_button_button_text_en_us=\u00bbbot\u00bb image_fr_fr=\u00bbhttps:\/\/www.itakaescolapios.org\/wp-content\/uploads\/2025\/02\/banners-500&#215;500-fra.jpg\u00bb ic_button_button_text_fr_fr=\u00bbbot\u00bb image_eu=\u00bbhttps:\/\/www.itakaescolapios.org\/wp-content\/uploads\/2025\/02\/banners-500&#215;500-eusk.jpg\u00bb ic_button_button_text_eu=\u00bbbot\u00bb image_ca=\u00bbhttps:\/\/www.itakaescolapios.org\/wp-content\/uploads\/2025\/02\/banners-500&#215;500-val.jpg\u00bb ic_button_button_text_ca=\u00bbbot\u00bb image_pt_br=\u00bbhttps:\/\/www.itakaescolapios.org\/wp-content\/uploads\/2025\/02\/banners-500&#215;500-port.jpg\u00bb ic_button_button_text_pt_br=\u00bbbot\u00bb global_colors_info=\u00bb{}\u00bb theme_builder_area=\u00bbpost_content\u00bb][\/difl_imagecarouselitem][difl_imagecarouselitem image=\u00bbhttps:\/\/www.itakaescolapios.org\/wp-content\/uploads\/2025\/02\/banners-500&#215;500-esp2.png\u00bb ic_button_button_text=\u00bbbot\u00bb ic_button_button_url=\u00bb\/es\/suscribete\/\u00bb ic_button_button_url_new_window=\u00bb1&#8243; _builder_version=\u00bb4.27.4&#8243; _module_preset=\u00bbdefault\u00bb image_en_us=\u00bbhttps:\/\/www.itakaescolapios.org\/wp-content\/uploads\/2025\/02\/banners-500&#215;500-eng2.jpg\u00bb ic_button_button_text_en_us=\u00bbbot\u00bb image_fr_fr=\u00bbhttps:\/\/www.itakaescolapios.org\/wp-content\/uploads\/2025\/02\/banners-500&#215;500-fra2.jpg\u00bb ic_button_button_text_fr_fr=\u00bbbot\u00bb image_eu=\u00bbhttps:\/\/www.itakaescolapios.org\/wp-content\/uploads\/2025\/02\/banners-500&#215;500-eusk2.jpg\u00bb ic_button_button_text_eu=\u00bbbot\u00bb image_ca=\u00bbhttps:\/\/www.itakaescolapios.org\/wp-content\/uploads\/2025\/02\/banners-500&#215;500-val2.jpg\u00bb ic_button_button_text_ca=\u00bbbot\u00bb image_pt_br=\u00bbhttps:\/\/www.itakaescolapios.org\/wp-content\/uploads\/2025\/02\/banners-500&#215;500-port2.jpg\u00bb ic_button_button_text_pt_br=\u00bbbot\u00bb global_colors_info=\u00bb{}\u00bb theme_builder_area=\u00bbpost_content\u00bb][\/difl_imagecarouselitem][\/difl_imagecarousel][et_pb_text admin_label=\u00bbTexto %22\u00daltimas noticias%22&#8243; _builder_version=\u00bb4.25.0&#8243; _module_preset=\u00bbdefault\u00bb header_font=\u00bbIBM Plex Sans|700|||||||\u00bb header_text_color=\u00bbgcid-cca90ba6-297c-4d63-9e2c-8201011ef870&#8243; header_font_size=\u00bb40px\u00bb custom_margin=\u00bb||||false|false\u00bb header_font_size_tablet=\u00bb55px\u00bb header_font_size_phone=\u00bb30px\u00bb header_font_size_last_edited=\u00bbon|phone\u00bb content_en_us=\u00bb<\/p>\n<h1>Last news<\/h1>\n<p>\u00bb content_fr_fr=\u00bb<\/p>\n<h1>Derni\u00e8res nouvelles<\/h1>\n<p>\u00bb content_eu=\u00bb<\/p>\n<h1>Azken berriak<\/h1>\n<p>\u00bb content_ca=\u00bb<\/p>\n<h1>\u00daltimes not\u00edcies<\/h1>\n<p>\u00bb content_pt_br=\u00bb<\/p>\n<h1>\u00daltimas not\u00edcias<\/h1>\n<p>\u00bb border_width_bottom=\u00bb3px\u00bb border_color_bottom=\u00bbgcid-b1ace166-c11d-4c70-a679-55884e9ca298&#8243; border_style_bottom=\u00bbdotted\u00bb global_module=\u00bb50904&#8243; saved_tabs=\u00bball\u00bb global_colors_info=\u00bb{%22gcid-cca90ba6-297c-4d63-9e2c-8201011ef870%22:%91%22header_text_color%22,%22header_text_color%22%93,%22gcid-b1ace166-c11d-4c70-a679-55884e9ca298%22:%91%22border_color_bottom%22%93}\u00bb theme_builder_area=\u00bbpost_content\u00bb]<\/p>\n<h1>\u00daltimas noticias<\/h1>\n<p>[\/et_pb_text][difl_blogcarousel posts_number=\u00bb6&#8243; post_display=\u00bbby_category\u00bb use_image_as_background=\u00bbon\u00bb item_desktop=\u00bb1&#8243; item_tablet=\u00bb1&#8243; loop=\u00bbon\u00bb dots=\u00bbon\u00bb equal_height=\u00bbon\u00bb item_background_bgcolor=\u00bbrgba(175,196,16,0.9)\u00bb arrow_color=\u00bb#FFFFFF\u00bb arrow_background=\u00bbgcid-cca90ba6-297c-4d63-9e2c-8201011ef870&#8243; arrow_circle=\u00bbon\u00bb arrow_prev_icon_use_icon=\u00bboff\u00bb arrow_prev_margin=\u00bb|||-70px|false|false\u00bb arrow_prev_margin_tablet=\u00bb\u00bb arrow_prev_margin_phone=\u00bb|||0px|false|false\u00bb arrow_prev_margin_last_edited=\u00bbon|phone\u00bb arrow_next_margin=\u00bb|-70px|||false|false\u00bb arrow_next_margin_tablet=\u00bb\u00bb arrow_next_margin_phone=\u00bb|0px|||false|false\u00bb arrow_next_margin_last_edited=\u00bbon|phone\u00bb large_active_dot=\u00bbon\u00bb dots_color=\u00bbgcid-cca90ba6-297c-4d63-9e2c-8201011ef870&#8243; active_dots_color=\u00bbgcid-b1ace166-c11d-4c70-a679-55884e9ca298&#8243; wrapper_padding=\u00bb||15px||false|false\u00bb item_wrapper_padding=\u00bb300px||||false|false\u00bb item_padding=\u00bb20px||||false|false\u00bb admin_label=\u00bbAQU\u00cd CAMBIA LA CATEGOR\u00cdA\u00bb _builder_version=\u00bb4.27.6&#8243; _module_preset=\u00bbdefault\u00bb hover_enabled=\u00bb0&#8243; border_radii_item_outer=\u00bbon|8px|8px|8px|8px\u00bb global_colors_info=\u00bb{%22gcid-b1ace166-c11d-4c70-a679-55884e9ca298%22:%91%22item_background_bgcolor%22,%22active_dots_color%22%93}\u00bb theme_builder_area=\u00bbpost_content\u00bb include_categories=\u00bb12,500&#8243; sticky_enabled=\u00bb0&#8243;][difl_postitem type=\u00bbtitle\u00bb element_padding=\u00bb10px|10px||10px|false|true\u00bb _builder_version=\u00bb4.27.4&#8243; _module_preset=\u00bbdefault\u00bb post_font_style_font=\u00bbMerriweather|900|||||||\u00bb post_font_style_text_color=\u00bb#FFFFFF\u00bb post_font_style_font_size=\u00bb20px\u00bb post_font_style_line_height=\u00bb22px\u00bb background_color=\u00bbRGBA(255,255,255,0)\u00bb background_enable_color=\u00bbon\u00bb text_orientation=\u00bbcenter\u00bb global_colors_info=\u00bb{}\u00bb theme_builder_area=\u00bbpost_content\u00bb][\/difl_postitem][difl_postitem type=\u00bbdate\u00bb date_format=\u00bbj-F-Y\u00bb meta_display=\u00bbblock\u00bb use_icon=\u00bbon\u00bb font_icon=\u00bb&#xe023;||divi||400&#8243; icon_color=\u00bb#FFFFFF\u00bb element_padding=\u00bb|10px||10px|false|true\u00bb _builder_version=\u00bb4.27.4&#8243; _module_preset=\u00bbdefault\u00bb post_font_style_font=\u00bbIBM Plex Sans|700|||||||\u00bb post_font_style_text_color=\u00bb#FFFFFF\u00bb post_font_style_font_size=\u00bb12px\u00bb background_color=\u00bbRGBA(255,255,255,0)\u00bb background_enable_color=\u00bbon\u00bb text_orientation=\u00bbright\u00bb global_colors_info=\u00bb{}\u00bb theme_builder_area=\u00bbpost_content\u00bb][\/difl_postitem][\/difl_blogcarousel][et_pb_text admin_label=\u00bbTexto %22S\u00edguenos%22&#8243; _builder_version=\u00bb4.27.4&#8243; _module_preset=\u00bbdefault\u00bb header_font=\u00bbIBM Plex Sans|600|||||||\u00bb header_text_color=\u00bb#FFFFFF\u00bb background_color=\u00bbgcid-cca90ba6-297c-4d63-9e2c-8201011ef870&#8243; custom_margin=\u00bb0px||0px||true|false\u00bb custom_padding=\u00bb20px||||false|false\u00bb content_en_us=\u00bb<\/p>\n<h1 style=%22text-align: center;%22>Follow us<\/h1>\n<p>\u00bb content_fr_fr=\u00bb<\/p>\n<h1 style=%22text-align: center;%22>Suivez-nous sur<\/h1>\n<p>\u00bb content_eu=\u00bb<\/p>\n<h1 style=%22text-align: center;%22>Jarraitu<\/h1>\n<p>\u00bb content_ca=\u00bb<\/p>\n<h1 style=%22text-align: center;%22>Segueix-nos<\/h1>\n<p>\u00bb content_pt_br=\u00bb<\/p>\n<h1 style=%22text-align: center;%22>Siga-nos em<\/h1>\n<p>\u00bb border_radii=\u00bboff||15px||\u00bb global_colors_info=\u00bb{%22gcid-cca90ba6-297c-4d63-9e2c-8201011ef870%22:%91%22background_color%22%93}\u00bb theme_builder_area=\u00bbpost_content\u00bb]<\/p>\n<h1 style=\"text-align: center;\">S\u00edguenos<\/h1>\n<p>[\/et_pb_text][et_pb_social_media_follow admin_label=\u00bbREDES SOCIALES SEDE\u00bb module_class=\u00bbredes-portada-sede\u00bb _builder_version=\u00bb4.25.1&#8243; _module_preset=\u00bbdefault\u00bb background_color=\u00bbgcid-cca90ba6-297c-4d63-9e2c-8201011ef870&#8243; text_orientation=\u00bbcenter\u00bb custom_margin=\u00bb0px||||false|false\u00bb custom_padding=\u00bb15px||15px||true|false\u00bb custom_css_free_form=\u00bb.redes-portada-sede.et_pb_module {border-bottom-left-radius: 15px !important;}\u00bb border_radii=\u00bboff|15px|15px|15px|15px\u00bb global_colors_info=\u00bb{%22gcid-cca90ba6-297c-4d63-9e2c-8201011ef870%22:%91%22background_color%22%93}\u00bb theme_builder_area=\u00bbpost_content\u00bb][et_pb_social_media_follow_network social_network=\u00bbfacebook\u00bb icon_color=\u00bbgcid-cca90ba6-297c-4d63-9e2c-8201011ef870&#8243; _builder_version=\u00bb4.24.3&#8243; _module_preset=\u00bbdefault\u00bb background_color=\u00bb#FFFFFF\u00bb background_enable_color=\u00bbon\u00bb global_colors_info=\u00bb{%22gcid-cca90ba6-297c-4d63-9e2c-8201011ef870%22:%91%22icon_color%22%93}\u00bb theme_builder_area=\u00bbpost_content\u00bb follow_button=\u00bboff\u00bb url_new_window=\u00bbon\u00bb]facebook[\/et_pb_social_media_follow_network][et_pb_social_media_follow_network social_network=\u00bbinstagram\u00bb icon_color=\u00bbgcid-cca90ba6-297c-4d63-9e2c-8201011ef870&#8243; _builder_version=\u00bb4.24.3&#8243; _module_preset=\u00bbdefault\u00bb background_color=\u00bb#FFFFFF\u00bb background_enable_color=\u00bbon\u00bb global_colors_info=\u00bb{%22gcid-cca90ba6-297c-4d63-9e2c-8201011ef870%22:%91%22icon_color%22%93}\u00bb theme_builder_area=\u00bbpost_content\u00bb follow_button=\u00bboff\u00bb url_new_window=\u00bbon\u00bb]instagram[\/et_pb_social_media_follow_network][et_pb_social_media_follow_network social_network=\u00bbyoutube\u00bb icon_color=\u00bbgcid-cca90ba6-297c-4d63-9e2c-8201011ef870&#8243; _builder_version=\u00bb4.24.3&#8243; _module_preset=\u00bbdefault\u00bb background_color=\u00bb#FFFFFF\u00bb background_enable_color=\u00bbon\u00bb global_colors_info=\u00bb{%22gcid-cca90ba6-297c-4d63-9e2c-8201011ef870%22:%91%22icon_color%22%93}\u00bb theme_builder_area=\u00bbpost_content\u00bb follow_button=\u00bboff\u00bb url_new_window=\u00bbon\u00bb]youtube[\/et_pb_social_media_follow_network][\/et_pb_social_media_follow][difl_imagecarousel item_desktop=\u00bb1&#8243; item_tablet=\u00bb1&#8243; loop=\u00bbon\u00bb autoplay=\u00bbon\u00bb autospeed=\u00bb3500&#8243; dots=\u00bbon\u00bb dots_color=\u00bbgcid-cca90ba6-297c-4d63-9e2c-8201011ef870&#8243; active_dots_color=\u00bbgcid-b1ace166-c11d-4c70-a679-55884e9ca298&#8243; item_wrapper_padding=\u00bb||20px||false|false\u00bb admin_label=\u00bbFormaci\u00f3n, hemeroteca y formaci\u00f3n\u00bb module_class=\u00bbextiendeenlacedeboton\u00bb _builder_version=\u00bb4.27.4&#8243; _module_preset=\u00bbdefault\u00bb module_alignment=\u00bbcenter\u00bb custom_margin=\u00bb||||false|false\u00bb global_module=\u00bb51721&#8243; saved_tabs=\u00bball\u00bb global_colors_info=\u00bb{%22gcid-cca90ba6-297c-4d63-9e2c-8201011ef870%22:%91%22dots_color%22%93,%22gcid-b1ace166-c11d-4c70-a679-55884e9ca298%22:%91%22active_dots_color%22%93}\u00bb custom_margin__hover_enabled=\u00bbon|hover\u00bb custom_margin__hover=\u00bb||||false|false\u00bb theme_builder_area=\u00bbpost_content\u00bb][difl_imagecarouselitem admin_label=\u00bbFormaci\u00f3n\u00bb image=\u00bbhttps:\/\/www.itakaescolapios.org\/wp-content\/uploads\/2025\/02\/banners-500&#215;500-esp5.jpg\u00bb ic_button_button_text=\u00bbbot\u00bb ic_button_button_url=\u00bb\/es\/que-hacemos\/formacion\/\u00bb ic_button_button_url_new_window=\u00bb1&#8243; _builder_version=\u00bb4.27.4&#8243; _module_preset=\u00bbdefault\u00bb image_en_us=\u00bbhttps:\/\/www.itakaescolapios.org\/wp-content\/uploads\/2025\/02\/banners-500&#215;500-eng5.jpg\u00bb ic_button_button_text_en_us=\u00bbbot\u00bb image_fr_fr=\u00bbhttps:\/\/www.itakaescolapios.org\/wp-content\/uploads\/2025\/02\/banners-500&#215;500-fra5.jpg\u00bb ic_button_button_text_fr_fr=\u00bbbot\u00bb image_eu=\u00bbhttps:\/\/www.itakaescolapios.org\/wp-content\/uploads\/2025\/02\/banners-500&#215;500-eusk5.jpg\u00bb ic_button_button_text_eu=\u00bbbot\u00bb image_ca=\u00bbhttps:\/\/www.itakaescolapios.org\/wp-content\/uploads\/2025\/02\/banners-500&#215;500-val5.jpg\u00bb ic_button_button_text_ca=\u00bbbot\u00bb image_pt_br=\u00bbhttps:\/\/www.itakaescolapios.org\/wp-content\/uploads\/2025\/02\/banners-500&#215;500-port5.jpg\u00bb ic_button_button_text_pt_br=\u00bbbot\u00bb global_colors_info=\u00bb{}\u00bb theme_builder_area=\u00bbpost_content\u00bb][\/difl_imagecarouselitem][difl_imagecarouselitem admin_label=\u00bbPublicaciones\u00bb image=\u00bbhttps:\/\/www.itakaescolapios.org\/wp-content\/uploads\/2025\/02\/banners-500&#215;500-esp3-1.jpg\u00bb ic_button_button_text=\u00bbbot\u00bb ic_button_button_url=\u00bb\/es\/publicaciones\u00bb ic_button_button_url_new_window=\u00bb1&#8243; _builder_version=\u00bb4.27.4&#8243; _module_preset=\u00bbdefault\u00bb image_en_us=\u00bbhttps:\/\/www.itakaescolapios.org\/wp-content\/uploads\/2025\/02\/banners-500&#215;500-eng3.jpg\u00bb ic_button_button_text_en_us=\u00bbbot\u00bb image_fr_fr=\u00bbhttps:\/\/www.itakaescolapios.org\/wp-content\/uploads\/2025\/02\/banners-500&#215;500-fra3.jpg\u00bb ic_button_button_text_fr_fr=\u00bbbot\u00bb image_eu=\u00bbhttps:\/\/www.itakaescolapios.org\/wp-content\/uploads\/2025\/02\/banners-500&#215;500-eusk3.jpg\u00bb ic_button_button_text_eu=\u00bbbot\u00bb image_ca=\u00bbhttps:\/\/www.itakaescolapios.org\/wp-content\/uploads\/2025\/02\/banners-500&#215;500-val3.jpg\u00bb ic_button_button_text_ca=\u00bbbot\u00bb image_pt_br=\u00bbhttps:\/\/www.itakaescolapios.org\/wp-content\/uploads\/2025\/02\/banners-500&#215;500-port3.jpg\u00bb ic_button_button_text_pt_br=\u00bbbot\u00bb global_colors_info=\u00bb{}\u00bb theme_builder_area=\u00bbpost_content\u00bb][\/difl_imagecarouselitem][difl_imagecarouselitem admin_label=\u00bbHemeroteca\u00bb image=\u00bbhttps:\/\/www.itakaescolapios.org\/wp-content\/uploads\/2025\/02\/banners-500&#215;500-esp4.jpg\u00bb ic_button_button_text=\u00bbbot\u00bb ic_button_button_url=\u00bb\/es\/noticias\/\u00bb ic_button_button_url_new_window=\u00bb1&#8243; _builder_version=\u00bb4.27.4&#8243; _module_preset=\u00bbdefault\u00bb image_en_us=\u00bbhttps:\/\/www.itakaescolapios.org\/wp-content\/uploads\/2025\/02\/banners-500&#215;500-eng4.jpg\u00bb ic_button_button_text_en_us=\u00bbbot\u00bb image_fr_fr=\u00bbhttps:\/\/www.itakaescolapios.org\/wp-content\/uploads\/2025\/02\/banners-500&#215;500-fra4.jpg\u00bb ic_button_button_text_fr_fr=\u00bbbot\u00bb image_eu=\u00bbhttps:\/\/www.itakaescolapios.org\/wp-content\/uploads\/2025\/02\/banners-500&#215;500-eusk4.jpg\u00bb ic_button_button_text_eu=\u00bbbot\u00bb image_ca=\u00bbhttps:\/\/www.itakaescolapios.org\/wp-content\/uploads\/2025\/02\/banners-500&#215;500-val4.jpg\u00bb ic_button_button_text_ca=\u00bbbot\u00bb image_pt_br=\u00bbhttps:\/\/www.itakaescolapios.org\/wp-content\/uploads\/2025\/02\/banners-500&#215;500-port4.jpg\u00bb ic_button_button_text_pt_br=\u00bbbot\u00bb global_colors_info=\u00bb{}\u00bb theme_builder_area=\u00bbpost_content\u00bb][\/difl_imagecarouselitem][\/difl_imagecarousel][\/et_pb_column][\/et_pb_section]<\/p>\n","protected":false},"excerpt":{"rendered":"<p>Aquest mes de setembre de 2026 inaugurem oficialment la seu d&#8217;Itaka Escolapis a Gandia, Val\u00e8ncia.<\/p>\n","protected":false},"author":69,"featured_media":332346,"comment_status":"closed","ping_status":"closed","sticky":false,"template":"","format":"standard","meta":{"_et_pb_use_builder":"on","_et_pb_old_content":"","_et_gb_content_width":"","footnotes":""},"categories":[500,12],"tags":[788,787,654,411,789,142],"class_list":["post-332343","post","type-post","status-publish","format-standard","has-post-thumbnail","hentry","category-betania","category-valencia","tag-gandia","tag-nueva-sede","tag-red","tag-valencia","tag-vivienda","tag-voluntariado"],"yoast_head":"<!-- This site is optimized with the Yoast SEO plugin v28.3 - https:\/\/yoast.com\/product\/yoast-seo-wordpress\/ -->\n<title>Comen\u00e7a la seua marxa la seu de Gandia<\/title>\n<meta name=\"description\" content=\"Aquest mes de setembre de 2026 inaugurem oficialment la seu d&#039;Itaka Escolapis a Gandia, Val\u00e8ncia.\" \/>\n<meta name=\"robots\" content=\"index, follow, max-snippet:-1, max-image-preview:large, max-video-preview:-1\" \/>\n<link rel=\"canonical\" href=\"http:\/\/Aquest%20mes%20de%20setembre%20de%202026%20inaugurem%20oficialment%20la%20seu%20d'Itaka%20Escolapis%20a%20Gandia,%20Val\u00e8ncia.\" \/>\n<meta property=\"og:locale\" content=\"ca_ES\" \/>\n<meta property=\"og:type\" content=\"article\" \/>\n<meta property=\"og:title\" content=\"Comen\u00e7a la seua marxa la seu de Gandia\" \/>\n<meta property=\"og:description\" content=\"Aquest mes de setembre de 2026 inaugurem oficialment la seu d&#039;Itaka Escolapis a Gandia, Val\u00e8ncia.\" \/>\n<meta property=\"og:url\" content=\"https:\/\/www.itakaescolapios.org\/ca\/2026\/09\/empieza-su-andadura-la-sede-de-gandia\/\" \/>\n<meta property=\"og:site_name\" content=\"Itaka-Escolapios\" \/>\n<meta property=\"article:published_time\" content=\"2026-09-04T08:11:21+00:00\" \/>\n<meta property=\"article:modified_time\" content=\"2026-09-04T08:11:30+00:00\" \/>\n<meta property=\"og:image\" content=\"https:\/\/www.itakaescolapios.org\/wp-content\/uploads\/2026\/09\/WhatsApp-Image-2026-09-04-at-10.03.27.jpeg\" \/>\n\t<meta property=\"og:image:width\" content=\"943\" \/>\n\t<meta property=\"og:image:height\" content=\"1027\" \/>\n\t<meta property=\"og:image:type\" content=\"image\/jpeg\" \/>\n<meta name=\"author\" content=\"Paz Su\u00f1er\" \/>\n<meta name=\"twitter:card\" content=\"summary_large_image\" \/>\n<meta name=\"twitter:label1\" content=\"Escrit per\" \/>\n\t<meta name=\"twitter:data1\" content=\"Paz Su\u00f1er\" \/>\n\t<meta name=\"twitter:label2\" content=\"Temps estimat de lectura\" \/>\n\t<meta name=\"twitter:data2\" content=\"4 minuts\" \/>\n<script type=\"application\/ld+json\" class=\"yoast-schema-graph\">{\"@context\":\"https:\\\/\\\/schema.org\",\"@graph\":[{\"@type\":\"Article\",\"@id\":\"https:\\\/\\\/www.itakaescolapios.org\\\/ca\\\/2026\\\/09\\\/empieza-su-andadura-la-sede-de-gandia\\\/#article\",\"isPartOf\":{\"@id\":\"https:\\\/\\\/www.itakaescolapios.org\\\/ca\\\/2026\\\/09\\\/empieza-su-andadura-la-sede-de-gandia\\\/\"},\"author\":{\"name\":\"Paz Su\u00f1er\",\"@id\":\"https:\\\/\\\/www.itakaescolapios.org\\\/es\\\/#\\\/schema\\\/person\\\/b4aee0bb1423368fa9a5439a0985739e\"},\"headline\":\"Comen\u00e7a la seua marxa la seu de Gandia\",\"datePublished\":\"2026-09-04T08:11:21+00:00\",\"dateModified\":\"2026-09-04T08:11:30+00:00\",\"mainEntityOfPage\":{\"@id\":\"https:\\\/\\\/www.itakaescolapios.org\\\/ca\\\/2026\\\/09\\\/empieza-su-andadura-la-sede-de-gandia\\\/\"},\"wordCount\":5219,\"publisher\":{\"@id\":\"https:\\\/\\\/www.itakaescolapios.org\\\/es\\\/#organization\"},\"image\":{\"@id\":\"https:\\\/\\\/www.itakaescolapios.org\\\/ca\\\/2026\\\/09\\\/empieza-su-andadura-la-sede-de-gandia\\\/#primaryimage\"},\"thumbnailUrl\":\"https:\\\/\\\/www.itakaescolapios.org\\\/wp-content\\\/uploads\\\/2026\\\/09\\\/WhatsApp-Image-2026-09-04-at-10.03.27.jpeg\",\"keywords\":[\"Gandia\",\"nueva sede\",\"red\",\"Valencia\",\"vivienda\",\"voluntariado\"],\"articleSection\":[\"Betania\",\"Valencia\"],\"inLanguage\":\"ca\"},{\"@type\":\"WebPage\",\"@id\":\"https:\\\/\\\/www.itakaescolapios.org\\\/ca\\\/2026\\\/09\\\/empieza-su-andadura-la-sede-de-gandia\\\/\",\"url\":\"https:\\\/\\\/www.itakaescolapios.org\\\/ca\\\/2026\\\/09\\\/empieza-su-andadura-la-sede-de-gandia\\\/\",\"name\":\"Empieza su andadura la sede de Gandia - Itaka-Escolapios\",\"isPartOf\":{\"@id\":\"https:\\\/\\\/www.itakaescolapios.org\\\/es\\\/#website\"},\"primaryImageOfPage\":{\"@id\":\"https:\\\/\\\/www.itakaescolapios.org\\\/ca\\\/2026\\\/09\\\/empieza-su-andadura-la-sede-de-gandia\\\/#primaryimage\"},\"image\":{\"@id\":\"https:\\\/\\\/www.itakaescolapios.org\\\/ca\\\/2026\\\/09\\\/empieza-su-andadura-la-sede-de-gandia\\\/#primaryimage\"},\"thumbnailUrl\":\"https:\\\/\\\/www.itakaescolapios.org\\\/wp-content\\\/uploads\\\/2026\\\/09\\\/WhatsApp-Image-2026-09-04-at-10.03.27.jpeg\",\"datePublished\":\"2026-09-04T08:11:21+00:00\",\"dateModified\":\"2026-09-04T08:11:30+00:00\",\"breadcrumb\":{\"@id\":\"https:\\\/\\\/www.itakaescolapios.org\\\/ca\\\/2026\\\/09\\\/empieza-su-andadura-la-sede-de-gandia\\\/#breadcrumb\"},\"inLanguage\":\"ca\",\"potentialAction\":[{\"@type\":\"ReadAction\",\"target\":[\"https:\\\/\\\/www.itakaescolapios.org\\\/ca\\\/2026\\\/09\\\/empieza-su-andadura-la-sede-de-gandia\\\/\"]}]},{\"@type\":\"ImageObject\",\"inLanguage\":\"ca\",\"@id\":\"https:\\\/\\\/www.itakaescolapios.org\\\/ca\\\/2026\\\/09\\\/empieza-su-andadura-la-sede-de-gandia\\\/#primaryimage\",\"url\":\"https:\\\/\\\/www.itakaescolapios.org\\\/wp-content\\\/uploads\\\/2026\\\/09\\\/WhatsApp-Image-2026-09-04-at-10.03.27.jpeg\",\"contentUrl\":\"https:\\\/\\\/www.itakaescolapios.org\\\/wp-content\\\/uploads\\\/2026\\\/09\\\/WhatsApp-Image-2026-09-04-at-10.03.27.jpeg\",\"width\":943,\"height\":1027,\"caption\":\"Sede Gandia\"},{\"@type\":\"BreadcrumbList\",\"@id\":\"https:\\\/\\\/www.itakaescolapios.org\\\/ca\\\/2026\\\/09\\\/empieza-su-andadura-la-sede-de-gandia\\\/#breadcrumb\",\"itemListElement\":[{\"@type\":\"ListItem\",\"position\":1,\"name\":\"Itaka-Escolapios\",\"item\":\"https:\\\/\\\/www.itakaescolapios.org\\\/es\\\/\"},{\"@type\":\"ListItem\",\"position\":2,\"name\":\"Comen\u00e7a la seua marxa la seu de Gandia\"}]},{\"@type\":\"WebSite\",\"@id\":\"https:\\\/\\\/www.itakaescolapios.org\\\/ca\\\/es\\\/#website\",\"url\":\"https:\\\/\\\/www.itakaescolapios.org\\\/ca\\\/es\\\/\",\"name\":\"Itaka-Escolapios\",\"description\":\"Red de Itaka-Escolapios\",\"publisher\":{\"@id\":\"https:\\\/\\\/www.itakaescolapios.org\\\/ca\\\/es\\\/#organization\"},\"potentialAction\":[{\"@type\":\"SearchAction\",\"target\":{\"@type\":\"EntryPoint\",\"urlTemplate\":\"https:\\\/\\\/www.itakaescolapios.org\\\/ca\\\/es\\\/?s={search_term_string}\"},\"query-input\":{\"@type\":\"PropertyValueSpecification\",\"valueRequired\":true,\"valueName\":\"search_term_string\"}}],\"inLanguage\":\"ca\"},{\"@type\":\"Organization\",\"@id\":\"https:\\\/\\\/www.itakaescolapios.org\\\/ca\\\/es\\\/#organization\",\"name\":\"Fundaci\u00f3 Itaka-Escolapios\",\"url\":\"https:\\\/\\\/www.itakaescolapios.org\\\/ca\\\/es\\\/\",\"logo\":{\"@type\":\"ImageObject\",\"inLanguage\":\"ca\",\"@id\":\"https:\\\/\\\/www.itakaescolapios.org\\\/ca\\\/es\\\/#\\\/schema\\\/logo\\\/image\\\/\",\"url\":\"https:\\\/\\\/www.itakaescolapios.org\\\/wp-content\\\/uploads\\\/2024\\\/04\\\/Logo-itakaescolapios-peque.png\",\"contentUrl\":\"https:\\\/\\\/www.itakaescolapios.org\\\/wp-content\\\/uploads\\\/2024\\\/04\\\/Logo-itakaescolapios-peque.png\",\"width\":500,\"height\":199,\"caption\":\"Fundaci\u00f3 Itaka-Escolapios\"},\"image\":{\"@id\":\"https:\\\/\\\/www.itakaescolapios.org\\\/ca\\\/es\\\/#\\\/schema\\\/logo\\\/image\\\/\"}},{\"@type\":\"Person\",\"@id\":\"https:\\\/\\\/www.itakaescolapios.org\\\/es\\\/#\\\/schema\\\/person\\\/b4aee0bb1423368fa9a5439a0985739e\",\"name\":\"Paz Su\u00f1er\",\"url\":\"https:\\\/\\\/www.itakaescolapios.org\\\/ca\\\/author\\\/pazsuner\\\/\"}]}<\/script>\n<!-- \/ Yoast SEO plugin. -->","yoast_head_json":{"title":"Comen\u00e7a la seua marxa la seu de Gandia","description":"Aquest mes de setembre de 2026 inaugurem oficialment la seu d'Itaka Escolapis a Gandia, Val\u00e8ncia.","robots":{"index":"index","follow":"follow","max-snippet":"max-snippet:-1","max-image-preview":"max-image-preview:large","max-video-preview":"max-video-preview:-1"},"canonical":"Aquest mes de setembre de 2026 inaugurem oficialment la seu d'Itaka Escolapis a Gandia, Val\u00e8ncia.","og_locale":"ca_ES","og_type":"article","og_title":"Comen\u00e7a la seua marxa la seu de Gandia","og_description":"Aquest mes de setembre de 2026 inaugurem oficialment la seu d'Itaka Escolapis a Gandia, Val\u00e8ncia.","og_url":"https:\/\/www.itakaescolapios.org\/ca\/2026\/09\/empieza-su-andadura-la-sede-de-gandia\/","og_site_name":"Itaka-Escolapios","article_published_time":"2026-09-04T08:11:21+00:00","article_modified_time":"2026-09-04T08:11:30+00:00","og_image":[{"width":943,"height":1027,"url":"https:\/\/www.itakaescolapios.org\/wp-content\/uploads\/2026\/09\/WhatsApp-Image-2026-09-04-at-10.03.27.jpeg","type":"image\/jpeg"}],"author":"Paz Su\u00f1er","twitter_card":"summary_large_image","twitter_misc":{"Escrit per":"Paz Su\u00f1er","Temps estimat de lectura":"4 minuts"},"schema":{"@context":"https:\/\/schema.org","@graph":[{"@type":"Article","@id":"https:\/\/www.itakaescolapios.org\/ca\/2026\/09\/empieza-su-andadura-la-sede-de-gandia\/#article","isPartOf":{"@id":"https:\/\/www.itakaescolapios.org\/ca\/2026\/09\/empieza-su-andadura-la-sede-de-gandia\/"},"author":{"name":"Paz Su\u00f1er","@id":"https:\/\/www.itakaescolapios.org\/es\/#\/schema\/person\/b4aee0bb1423368fa9a5439a0985739e"},"headline":"Comen\u00e7a la seua marxa la seu de Gandia","datePublished":"2026-09-04T08:11:21+00:00","dateModified":"2026-09-04T08:11:30+00:00","mainEntityOfPage":{"@id":"https:\/\/www.itakaescolapios.org\/ca\/2026\/09\/empieza-su-andadura-la-sede-de-gandia\/"},"wordCount":5219,"publisher":{"@id":"https:\/\/www.itakaescolapios.org\/es\/#organization"},"image":{"@id":"https:\/\/www.itakaescolapios.org\/ca\/2026\/09\/empieza-su-andadura-la-sede-de-gandia\/#primaryimage"},"thumbnailUrl":"https:\/\/www.itakaescolapios.org\/wp-content\/uploads\/2026\/09\/WhatsApp-Image-2026-09-04-at-10.03.27.jpeg","keywords":["Gandia","nueva sede","red","Valencia","vivienda","voluntariado"],"articleSection":["Betania","Valencia"],"inLanguage":"ca"},{"@type":"WebPage","@id":"https:\/\/www.itakaescolapios.org\/ca\/2026\/09\/empieza-su-andadura-la-sede-de-gandia\/","url":"https:\/\/www.itakaescolapios.org\/ca\/2026\/09\/empieza-su-andadura-la-sede-de-gandia\/","name":"Empieza su andadura la sede de Gandia - Itaka-Escolapios","isPartOf":{"@id":"https:\/\/www.itakaescolapios.org\/es\/#website"},"primaryImageOfPage":{"@id":"https:\/\/www.itakaescolapios.org\/ca\/2026\/09\/empieza-su-andadura-la-sede-de-gandia\/#primaryimage"},"image":{"@id":"https:\/\/www.itakaescolapios.org\/ca\/2026\/09\/empieza-su-andadura-la-sede-de-gandia\/#primaryimage"},"thumbnailUrl":"https:\/\/www.itakaescolapios.org\/wp-content\/uploads\/2026\/09\/WhatsApp-Image-2026-09-04-at-10.03.27.jpeg","datePublished":"2026-09-04T08:11:21+00:00","dateModified":"2026-09-04T08:11:30+00:00","breadcrumb":{"@id":"https:\/\/www.itakaescolapios.org\/ca\/2026\/09\/empieza-su-andadura-la-sede-de-gandia\/#breadcrumb"},"inLanguage":"ca","potentialAction":[{"@type":"ReadAction","target":["https:\/\/www.itakaescolapios.org\/ca\/2026\/09\/empieza-su-andadura-la-sede-de-gandia\/"]}]},{"@type":"ImageObject","inLanguage":"ca","@id":"https:\/\/www.itakaescolapios.org\/ca\/2026\/09\/empieza-su-andadura-la-sede-de-gandia\/#primaryimage","url":"https:\/\/www.itakaescolapios.org\/wp-content\/uploads\/2026\/09\/WhatsApp-Image-2026-09-04-at-10.03.27.jpeg","contentUrl":"https:\/\/www.itakaescolapios.org\/wp-content\/uploads\/2026\/09\/WhatsApp-Image-2026-09-04-at-10.03.27.jpeg","width":943,"height":1027,"caption":"Sede Gandia"},{"@type":"BreadcrumbList","@id":"https:\/\/www.itakaescolapios.org\/ca\/2026\/09\/empieza-su-andadura-la-sede-de-gandia\/#breadcrumb","itemListElement":[{"@type":"ListItem","position":1,"name":"Itaka-Escolapios","item":"https:\/\/www.itakaescolapios.org\/es\/"},{"@type":"ListItem","position":2,"name":"Comen\u00e7a la seua marxa la seu de Gandia"}]},{"@type":"WebSite","@id":"https:\/\/www.itakaescolapios.org\/ca\/es\/#website","url":"https:\/\/www.itakaescolapios.org\/ca\/es\/","name":"Itaka-Escolapios","description":"Red de Itaka-Escolapios","publisher":{"@id":"https:\/\/www.itakaescolapios.org\/ca\/es\/#organization"},"potentialAction":[{"@type":"SearchAction","target":{"@type":"EntryPoint","urlTemplate":"https:\/\/www.itakaescolapios.org\/ca\/es\/?s={search_term_string}"},"query-input":{"@type":"PropertyValueSpecification","valueRequired":true,"valueName":"search_term_string"}}],"inLanguage":"ca"},{"@type":"Organization","@id":"https:\/\/www.itakaescolapios.org\/ca\/es\/#organization","name":"Fundaci\u00f3 Itaka-Escolapios","url":"https:\/\/www.itakaescolapios.org\/ca\/es\/","logo":{"@type":"ImageObject","inLanguage":"ca","@id":"https:\/\/www.itakaescolapios.org\/ca\/es\/#\/schema\/logo\/image\/","url":"https:\/\/www.itakaescolapios.org\/wp-content\/uploads\/2024\/04\/Logo-itakaescolapios-peque.png","contentUrl":"https:\/\/www.itakaescolapios.org\/wp-content\/uploads\/2024\/04\/Logo-itakaescolapios-peque.png","width":500,"height":199,"caption":"Fundaci\u00f3 Itaka-Escolapios"},"image":{"@id":"https:\/\/www.itakaescolapios.org\/ca\/es\/#\/schema\/logo\/image\/"}},{"@type":"Person","@id":"https:\/\/www.itakaescolapios.org\/es\/#\/schema\/person\/b4aee0bb1423368fa9a5439a0985739e","name":"Paz Su\u00f1er","url":"https:\/\/www.itakaescolapios.org\/ca\/author\/pazsuner\/"}]}},"_links":{"self":[{"href":"https:\/\/www.itakaescolapios.org\/ca\/wp-json\/wp\/v2\/posts\/332343","targetHints":{"allow":["GET"]}}],"collection":[{"href":"https:\/\/www.itakaescolapios.org\/ca\/wp-json\/wp\/v2\/posts"}],"about":[{"href":"https:\/\/www.itakaescolapios.org\/ca\/wp-json\/wp\/v2\/types\/post"}],"author":[{"embeddable":true,"href":"https:\/\/www.itakaescolapios.org\/ca\/wp-json\/wp\/v2\/users\/69"}],"replies":[{"embeddable":true,"href":"https:\/\/www.itakaescolapios.org\/ca\/wp-json\/wp\/v2\/comments?post=332343"}],"version-history":[{"count":6,"href":"https:\/\/www.itakaescolapios.org\/ca\/wp-json\/wp\/v2\/posts\/332343\/revisions"}],"predecessor-version":[{"id":332351,"href":"https:\/\/www.itakaescolapios.org\/ca\/wp-json\/wp\/v2\/posts\/332343\/revisions\/332351"}],"wp:featuredmedia":[{"embeddable":true,"href":"https:\/\/www.itakaescolapios.org\/ca\/wp-json\/wp\/v2\/media\/332346"}],"wp:attachment":[{"href":"https:\/\/www.itakaescolapios.org\/ca\/wp-json\/wp\/v2\/media?parent=332343"}],"wp:term":[{"taxonomy":"category","embeddable":true,"href":"https:\/\/www.itakaescolapios.org\/ca\/wp-json\/wp\/v2\/categories?post=332343"},{"taxonomy":"post_tag","embeddable":true,"href":"https:\/\/www.itakaescolapios.org\/ca\/wp-json\/wp\/v2\/tags?post=332343"}],"curies":[{"name":"wp","href":"https:\/\/api.w.org\/{rel}","templated":true}]}}