{"id":33497,"date":"2021-05-07T14:31:38","date_gmt":"2021-05-07T13:31:38","guid":{"rendered":"https:\/\/www.itakaescolapios.org\/?p=33497"},"modified":"2023-11-28T12:36:01","modified_gmt":"2023-11-28T11:36:01","slug":"la-provincia-de-africa-central-en-honor-a-nuestra-senora-de-las-escuelas-pias","status":"publish","type":"post","link":"https:\/\/www.itakaescolapios.org\/ca\/2021\/05\/la-provincia-de-africa-central-en-honor-a-nuestra-senora-de-las-escuelas-pias\/","title":{"rendered":"La provincia de \u00c1frica Central en honor a Nuestra Se\u00f1ora de las Escuelas P\u00edas"},"content":{"rendered":"<p>Viernes, 7 de mayo de 2021<br \/>\nRecomenzar, correr, con la Virgen de las Escuelas P\u00edas.<br \/>\nCon alegr\u00eda y gozo el Colegio Calasanz de Bafia ha celebrado hoy, con sus alumnos y en un d\u00eda de expectaci\u00f3n la FIESTA DE LA BENDITA VIRGEN MAR\u00cdA, VIRGEN DE LAS ESCUELAS.<br \/>\nPara ello, fue mediante una misa de acci\u00f3n de gracias que se dijo un gran agradecimiento al Se\u00f1or por su madre y a Mar\u00eda por lo que es y representa para las ESCUELAS DE PASTELES del mundo y para TODAS LAS FAMILIAS &lt;&lt;La madre&gt;&gt;.<\/p>\n<p><img decoding=\"async\" class=\"alignright size-medium wp-image-33491\" src=\"https:\/\/www.itakaescolapios.org\/wp-content\/uploads\/2021\/05\/IMG_20210507_130201-300x248.jpg\" alt=\"\" width=\"300\" height=\"248\" srcset=\"https:\/\/www.itakaescolapios.org\/wp-content\/uploads\/2021\/05\/IMG_20210507_130201-300x248.jpg 300w, https:\/\/www.itakaescolapios.org\/wp-content\/uploads\/2021\/05\/IMG_20210507_130201-1024x848.jpg 1024w, https:\/\/www.itakaescolapios.org\/wp-content\/uploads\/2021\/05\/IMG_20210507_130201-768x636.jpg 768w, https:\/\/www.itakaescolapios.org\/wp-content\/uploads\/2021\/05\/IMG_20210507_130201-1536x1272.jpg 1536w, https:\/\/www.itakaescolapios.org\/wp-content\/uploads\/2021\/05\/IMG_20210507_130201-2048x1696.jpg 2048w, https:\/\/www.itakaescolapios.org\/wp-content\/uploads\/2021\/05\/IMG_20210507_130201-250x207.jpg 250w, https:\/\/www.itakaescolapios.org\/wp-content\/uploads\/2021\/05\/IMG_20210507_130201-1080x894.jpg 1080w, https:\/\/www.itakaescolapios.org\/wp-content\/uploads\/2021\/05\/IMG_20210507_130201.jpg 1812w\" sizes=\"(max-width: 300px) 100vw, 300px\" \/> <img decoding=\"async\" class=\"alignright size-medium wp-image-33492\" src=\"https:\/\/www.itakaescolapios.org\/wp-content\/uploads\/2021\/05\/IMG_0624-225x300.jpg\" alt=\"\" width=\"225\" height=\"300\" srcset=\"https:\/\/www.itakaescolapios.org\/wp-content\/uploads\/2021\/05\/IMG_0624-225x300.jpg 225w, https:\/\/www.itakaescolapios.org\/wp-content\/uploads\/2021\/05\/IMG_0624-768x1024.jpg 768w, https:\/\/www.itakaescolapios.org\/wp-content\/uploads\/2021\/05\/IMG_0624-1152x1536.jpg 1152w, https:\/\/www.itakaescolapios.org\/wp-content\/uploads\/2021\/05\/IMG_0624-1536x2048.jpg 1536w, https:\/\/www.itakaescolapios.org\/wp-content\/uploads\/2021\/05\/IMG_0624-250x333.jpg 250w, https:\/\/www.itakaescolapios.org\/wp-content\/uploads\/2021\/05\/IMG_0624-1080x1440.jpg 1080w, https:\/\/www.itakaescolapios.org\/wp-content\/uploads\/2021\/05\/IMG_0624-scaled.jpg 1125w\" sizes=\"(max-width: 225px) 100vw, 225px\" \/> <img decoding=\"async\" class=\"alignright size-medium wp-image-33493\" src=\"https:\/\/www.itakaescolapios.org\/wp-content\/uploads\/2021\/05\/IMG_0633-300x225.jpg\" alt=\"\" width=\"300\" height=\"225\" srcset=\"https:\/\/www.itakaescolapios.org\/wp-content\/uploads\/2021\/05\/IMG_0633-300x225.jpg 300w, https:\/\/www.itakaescolapios.org\/wp-content\/uploads\/2021\/05\/IMG_0633-1024x768.jpg 1024w, https:\/\/www.itakaescolapios.org\/wp-content\/uploads\/2021\/05\/IMG_0633-768x576.jpg 768w, https:\/\/www.itakaescolapios.org\/wp-content\/uploads\/2021\/05\/IMG_0633-1536x1152.jpg 1536w, https:\/\/www.itakaescolapios.org\/wp-content\/uploads\/2021\/05\/IMG_0633-2048x1536.jpg 2048w, https:\/\/www.itakaescolapios.org\/wp-content\/uploads\/2021\/05\/IMG_0633-250x188.jpg 250w, https:\/\/www.itakaescolapios.org\/wp-content\/uploads\/2021\/05\/IMG_0633-510x382.jpg 510w, https:\/\/www.itakaescolapios.org\/wp-content\/uploads\/2021\/05\/IMG_0633-1080x810.jpg 1080w, https:\/\/www.itakaescolapios.org\/wp-content\/uploads\/2021\/05\/IMG_0633-scaled.jpg 2000w\" sizes=\"(max-width: 300px) 100vw, 300px\" \/> <img decoding=\"async\" class=\"alignright size-medium wp-image-33494\" src=\"https:\/\/www.itakaescolapios.org\/wp-content\/uploads\/2021\/05\/IMG_0634-300x225.jpg\" alt=\"\" width=\"300\" height=\"225\" srcset=\"https:\/\/www.itakaescolapios.org\/wp-content\/uploads\/2021\/05\/IMG_0634-300x225.jpg 300w, https:\/\/www.itakaescolapios.org\/wp-content\/uploads\/2021\/05\/IMG_0634-1024x768.jpg 1024w, https:\/\/www.itakaescolapios.org\/wp-content\/uploads\/2021\/05\/IMG_0634-768x576.jpg 768w, https:\/\/www.itakaescolapios.org\/wp-content\/uploads\/2021\/05\/IMG_0634-1536x1152.jpg 1536w, https:\/\/www.itakaescolapios.org\/wp-content\/uploads\/2021\/05\/IMG_0634-2048x1536.jpg 2048w, https:\/\/www.itakaescolapios.org\/wp-content\/uploads\/2021\/05\/IMG_0634-250x188.jpg 250w, https:\/\/www.itakaescolapios.org\/wp-content\/uploads\/2021\/05\/IMG_0634-510x382.jpg 510w, https:\/\/www.itakaescolapios.org\/wp-content\/uploads\/2021\/05\/IMG_0634-1080x810.jpg 1080w, https:\/\/www.itakaescolapios.org\/wp-content\/uploads\/2021\/05\/IMG_0634-scaled.jpg 2000w\" sizes=\"(max-width: 300px) 100vw, 300px\" \/> <img decoding=\"async\" class=\"alignright size-medium wp-image-33495\" src=\"https:\/\/www.itakaescolapios.org\/wp-content\/uploads\/2021\/05\/IMG_0635-300x225.jpg\" alt=\"\" width=\"300\" height=\"225\" srcset=\"https:\/\/www.itakaescolapios.org\/wp-content\/uploads\/2021\/05\/IMG_0635-300x225.jpg 300w, https:\/\/www.itakaescolapios.org\/wp-content\/uploads\/2021\/05\/IMG_0635-1024x768.jpg 1024w, https:\/\/www.itakaescolapios.org\/wp-content\/uploads\/2021\/05\/IMG_0635-768x576.jpg 768w, https:\/\/www.itakaescolapios.org\/wp-content\/uploads\/2021\/05\/IMG_0635-1536x1152.jpg 1536w, https:\/\/www.itakaescolapios.org\/wp-content\/uploads\/2021\/05\/IMG_0635-2048x1536.jpg 2048w, https:\/\/www.itakaescolapios.org\/wp-content\/uploads\/2021\/05\/IMG_0635-250x188.jpg 250w, https:\/\/www.itakaescolapios.org\/wp-content\/uploads\/2021\/05\/IMG_0635-510x382.jpg 510w, https:\/\/www.itakaescolapios.org\/wp-content\/uploads\/2021\/05\/IMG_0635-1080x810.jpg 1080w, https:\/\/www.itakaescolapios.org\/wp-content\/uploads\/2021\/05\/IMG_0635-scaled.jpg 2000w\" sizes=\"(max-width: 300px) 100vw, 300px\" \/> <img decoding=\"async\" class=\"alignright size-medium wp-image-33496\" src=\"https:\/\/www.itakaescolapios.org\/wp-content\/uploads\/2021\/05\/IMG_0639-300x225.jpg\" alt=\"\" width=\"300\" height=\"225\" srcset=\"https:\/\/www.itakaescolapios.org\/wp-content\/uploads\/2021\/05\/IMG_0639-300x225.jpg 300w, https:\/\/www.itakaescolapios.org\/wp-content\/uploads\/2021\/05\/IMG_0639-1024x768.jpg 1024w, https:\/\/www.itakaescolapios.org\/wp-content\/uploads\/2021\/05\/IMG_0639-768x576.jpg 768w, https:\/\/www.itakaescolapios.org\/wp-content\/uploads\/2021\/05\/IMG_0639-1536x1152.jpg 1536w, https:\/\/www.itakaescolapios.org\/wp-content\/uploads\/2021\/05\/IMG_0639-2048x1536.jpg 2048w, https:\/\/www.itakaescolapios.org\/wp-content\/uploads\/2021\/05\/IMG_0639-250x188.jpg 250w, https:\/\/www.itakaescolapios.org\/wp-content\/uploads\/2021\/05\/IMG_0639-510x382.jpg 510w, https:\/\/www.itakaescolapios.org\/wp-content\/uploads\/2021\/05\/IMG_0639-1080x810.jpg 1080w, https:\/\/www.itakaescolapios.org\/wp-content\/uploads\/2021\/05\/IMG_0639-scaled.jpg 2000w\" sizes=\"(max-width: 300px) 100vw, 300px\" \/><!--more--><\/p>\n","protected":false},"excerpt":{"rendered":"<p>Viernes, 7 de mayo de 2021 Recomenzar, correr, con la Virgen de las Escuelas P\u00edas. Con alegr\u00eda y gozo el Colegio Calasanz de Bafia ha celebrado hoy, con sus alumnos [&hellip;]<\/p>\n","protected":false},"author":15,"featured_media":33492,"comment_status":"closed","ping_status":"closed","sticky":false,"template":"","format":"standard","meta":{"_et_pb_use_builder":"","_et_pb_old_content":"","_et_gb_content_width":"","footnotes":""},"categories":[53],"tags":[],"class_list":["post-33497","post","type-post","status-publish","format-standard","has-post-thumbnail","hentry","category-africa-central"],"yoast_head":"<!-- This site is optimized with the Yoast SEO plugin v27.4 - https:\/\/yoast.com\/product\/yoast-seo-wordpress\/ -->\n<title>La provincia de \u00c1frica Central en honor a Nuestra Se\u00f1ora de las Escuelas P\u00edas<\/title>\n<meta name=\"description\" content=\"Viernes, 7 de mayo de 2021 Recomenzar, correr, con la Virgen de las Escuelas P\u00edas. Con alegr\u00eda y gozo el Colegio Calasanz de Bafia ha celebrado hoy, con sus alumnos y en un d\u00eda de expectaci\u00f3n la FIESTA DE LA BENDITA VIRGEN MAR\u00cdA, VIRGEN DE LAS ESCUELAS. Para ello, fue mediante una misa de acci\u00f3n&hellip;\" \/>\n<meta name=\"robots\" content=\"index, follow, max-snippet:-1, max-image-preview:large, max-video-preview:-1\" \/>\n<link rel=\"canonical\" href=\"http:\/\/Viernes,%207%20de%20mayo%20de%202021%20Recomenzar,%20correr,%20con%20la%20Virgen%20de%20las%20Escuelas%20P\u00edas.%20Con%20alegr\u00eda%20y%20gozo%20el%20Colegio%20Calasanz%20de%20Bafia%20ha%20celebrado%20hoy,%20con%20sus%20alumnos%20y%20en%20un%20d\u00eda%20de%20expectaci\u00f3n%20la%20FIESTA%20DE%20LA%20BENDITA%20VIRGEN%20MAR\u00cdA,%20VIRGEN%20DE%20LAS%20ESCUELAS.%20Para%20ello,%20fue%20mediante%20una%20misa%20de%20acci\u00f3n&hellip;\" \/>\n<meta property=\"og:locale\" content=\"ca_ES\" \/>\n<meta property=\"og:type\" content=\"article\" \/>\n<meta property=\"og:title\" content=\"La provincia de \u00c1frica Central en honor a Nuestra Se\u00f1ora de las Escuelas P\u00edas\" \/>\n<meta property=\"og:description\" content=\"Viernes, 7 de mayo de 2021 Recomenzar, correr, con la Virgen de las Escuelas P\u00edas. Con alegr\u00eda y gozo el Colegio Calasanz de Bafia ha celebrado hoy, con sus alumnos y en un d\u00eda de expectaci\u00f3n la FIESTA DE LA BENDITA VIRGEN MAR\u00cdA, VIRGEN DE LAS ESCUELAS. Para ello, fue mediante una misa de acci\u00f3n&hellip;\" \/>\n<meta property=\"og:url\" content=\"https:\/\/www.itakaescolapios.org\/ca\/2021\/05\/la-provincia-de-africa-central-en-honor-a-nuestra-senora-de-las-escuelas-pias\/\" \/>\n<meta property=\"og:site_name\" content=\"Itaka-Escolapios\" \/>\n<meta property=\"article:published_time\" content=\"2021-05-07T13:31:38+00:00\" \/>\n<meta property=\"article:modified_time\" content=\"2023-11-28T11:36:01+00:00\" \/>\n<meta property=\"og:image\" content=\"https:\/\/www.itakaescolapios.org\/wp-content\/uploads\/2021\/05\/IMG_0624-scaled.jpg\" \/>\n\t<meta property=\"og:image:width\" content=\"1125\" \/>\n\t<meta property=\"og:image:height\" content=\"1500\" \/>\n\t<meta property=\"og:image:type\" content=\"image\/jpeg\" \/>\n<meta name=\"author\" content=\"cameroun01\" \/>\n<meta name=\"twitter:card\" content=\"summary_large_image\" \/>\n<meta name=\"twitter:label1\" content=\"Escrit per\" \/>\n\t<meta name=\"twitter:data1\" content=\"cameroun01\" \/>\n\t<meta name=\"twitter:label2\" content=\"Temps estimat de lectura\" \/>\n\t<meta name=\"twitter:data2\" content=\"1 minut\" \/>\n<script type=\"application\/ld+json\" class=\"yoast-schema-graph\">{\"@context\":\"https:\\\/\\\/schema.org\",\"@graph\":[{\"@type\":\"Article\",\"@id\":\"https:\\\/\\\/www.itakaescolapios.org\\\/ca\\\/2021\\\/05\\\/la-provincia-de-africa-central-en-honor-a-nuestra-senora-de-las-escuelas-pias\\\/#article\",\"isPartOf\":{\"@id\":\"https:\\\/\\\/www.itakaescolapios.org\\\/ca\\\/2021\\\/05\\\/la-provincia-de-africa-central-en-honor-a-nuestra-senora-de-las-escuelas-pias\\\/\"},\"author\":{\"name\":\"cameroun01\",\"@id\":\"https:\\\/\\\/www.itakaescolapios.org\\\/es\\\/#\\\/schema\\\/person\\\/d2844383e29bfdfef69039672ce14eb1\"},\"headline\":\"La provincia de \u00c1frica Central en honor a Nuestra Se\u00f1ora de las Escuelas P\u00edas\",\"datePublished\":\"2021-05-07T13:31:38+00:00\",\"dateModified\":\"2023-11-28T11:36:01+00:00\",\"mainEntityOfPage\":{\"@id\":\"https:\\\/\\\/www.itakaescolapios.org\\\/ca\\\/2021\\\/05\\\/la-provincia-de-africa-central-en-honor-a-nuestra-senora-de-las-escuelas-pias\\\/\"},\"wordCount\":117,\"publisher\":{\"@id\":\"https:\\\/\\\/www.itakaescolapios.org\\\/es\\\/#organization\"},\"image\":{\"@id\":\"https:\\\/\\\/www.itakaescolapios.org\\\/ca\\\/2021\\\/05\\\/la-provincia-de-africa-central-en-honor-a-nuestra-senora-de-las-escuelas-pias\\\/#primaryimage\"},\"thumbnailUrl\":\"https:\\\/\\\/www.itakaescolapios.org\\\/wp-content\\\/uploads\\\/2021\\\/05\\\/IMG_0624-scaled.jpg\",\"articleSection\":[\"\u00c1frica Central\"],\"inLanguage\":\"ca\"},{\"@type\":\"WebPage\",\"@id\":\"https:\\\/\\\/www.itakaescolapios.org\\\/ca\\\/2021\\\/05\\\/la-provincia-de-africa-central-en-honor-a-nuestra-senora-de-las-escuelas-pias\\\/\",\"url\":\"https:\\\/\\\/www.itakaescolapios.org\\\/ca\\\/2021\\\/05\\\/la-provincia-de-africa-central-en-honor-a-nuestra-senora-de-las-escuelas-pias\\\/\",\"name\":\"La provincia de \u00c1frica Central en honor a Nuestra Se\u00f1ora de las Escuelas P\u00edas - Itaka-Escolapios\",\"isPartOf\":{\"@id\":\"https:\\\/\\\/www.itakaescolapios.org\\\/es\\\/#website\"},\"primaryImageOfPage\":{\"@id\":\"https:\\\/\\\/www.itakaescolapios.org\\\/ca\\\/2021\\\/05\\\/la-provincia-de-africa-central-en-honor-a-nuestra-senora-de-las-escuelas-pias\\\/#primaryimage\"},\"image\":{\"@id\":\"https:\\\/\\\/www.itakaescolapios.org\\\/ca\\\/2021\\\/05\\\/la-provincia-de-africa-central-en-honor-a-nuestra-senora-de-las-escuelas-pias\\\/#primaryimage\"},\"thumbnailUrl\":\"https:\\\/\\\/www.itakaescolapios.org\\\/wp-content\\\/uploads\\\/2021\\\/05\\\/IMG_0624-scaled.jpg\",\"datePublished\":\"2021-05-07T13:31:38+00:00\",\"dateModified\":\"2023-11-28T11:36:01+00:00\",\"breadcrumb\":{\"@id\":\"https:\\\/\\\/www.itakaescolapios.org\\\/ca\\\/2021\\\/05\\\/la-provincia-de-africa-central-en-honor-a-nuestra-senora-de-las-escuelas-pias\\\/#breadcrumb\"},\"inLanguage\":\"ca\",\"potentialAction\":[{\"@type\":\"ReadAction\",\"target\":[\"https:\\\/\\\/www.itakaescolapios.org\\\/ca\\\/2021\\\/05\\\/la-provincia-de-africa-central-en-honor-a-nuestra-senora-de-las-escuelas-pias\\\/\"]}]},{\"@type\":\"ImageObject\",\"inLanguage\":\"ca\",\"@id\":\"https:\\\/\\\/www.itakaescolapios.org\\\/ca\\\/2021\\\/05\\\/la-provincia-de-africa-central-en-honor-a-nuestra-senora-de-las-escuelas-pias\\\/#primaryimage\",\"url\":\"https:\\\/\\\/www.itakaescolapios.org\\\/wp-content\\\/uploads\\\/2021\\\/05\\\/IMG_0624-scaled.jpg\",\"contentUrl\":\"https:\\\/\\\/www.itakaescolapios.org\\\/wp-content\\\/uploads\\\/2021\\\/05\\\/IMG_0624-scaled.jpg\",\"width\":1125,\"height\":1500},{\"@type\":\"BreadcrumbList\",\"@id\":\"https:\\\/\\\/www.itakaescolapios.org\\\/ca\\\/2021\\\/05\\\/la-provincia-de-africa-central-en-honor-a-nuestra-senora-de-las-escuelas-pias\\\/#breadcrumb\",\"itemListElement\":[{\"@type\":\"ListItem\",\"position\":1,\"name\":\"Itaka-Escolapios\",\"item\":\"https:\\\/\\\/www.itakaescolapios.org\\\/es\\\/\"},{\"@type\":\"ListItem\",\"position\":2,\"name\":\"La provincia de \u00c1frica Central en honor a Nuestra Se\u00f1ora de las Escuelas P\u00edas\"}]},{\"@type\":\"WebSite\",\"@id\":\"https:\\\/\\\/www.itakaescolapios.org\\\/ca\\\/es\\\/#website\",\"url\":\"https:\\\/\\\/www.itakaescolapios.org\\\/ca\\\/es\\\/\",\"name\":\"Itaka-Escolapios\",\"description\":\"Red de Itaka-Escolapios\",\"publisher\":{\"@id\":\"https:\\\/\\\/www.itakaescolapios.org\\\/ca\\\/es\\\/#organization\"},\"potentialAction\":[{\"@type\":\"SearchAction\",\"target\":{\"@type\":\"EntryPoint\",\"urlTemplate\":\"https:\\\/\\\/www.itakaescolapios.org\\\/ca\\\/es\\\/?s={search_term_string}\"},\"query-input\":{\"@type\":\"PropertyValueSpecification\",\"valueRequired\":true,\"valueName\":\"search_term_string\"}}],\"inLanguage\":\"ca\"},{\"@type\":\"Organization\",\"@id\":\"https:\\\/\\\/www.itakaescolapios.org\\\/ca\\\/es\\\/#organization\",\"name\":\"Fundaci\u00f3 Itaka-Escolapios\",\"url\":\"https:\\\/\\\/www.itakaescolapios.org\\\/ca\\\/es\\\/\",\"logo\":{\"@type\":\"ImageObject\",\"inLanguage\":\"ca\",\"@id\":\"https:\\\/\\\/www.itakaescolapios.org\\\/ca\\\/es\\\/#\\\/schema\\\/logo\\\/image\\\/\",\"url\":\"https:\\\/\\\/www.itakaescolapios.org\\\/wp-content\\\/uploads\\\/2024\\\/04\\\/Logo-itakaescolapios-peque.png\",\"contentUrl\":\"https:\\\/\\\/www.itakaescolapios.org\\\/wp-content\\\/uploads\\\/2024\\\/04\\\/Logo-itakaescolapios-peque.png\",\"width\":500,\"height\":199,\"caption\":\"Fundaci\u00f3 Itaka-Escolapios\"},\"image\":{\"@id\":\"https:\\\/\\\/www.itakaescolapios.org\\\/ca\\\/es\\\/#\\\/schema\\\/logo\\\/image\\\/\"}},{\"@type\":\"Person\",\"@id\":\"https:\\\/\\\/www.itakaescolapios.org\\\/es\\\/#\\\/schema\\\/person\\\/d2844383e29bfdfef69039672ce14eb1\",\"name\":\"cameroun01\",\"url\":\"https:\\\/\\\/www.itakaescolapios.org\\\/ca\\\/author\\\/cameroun01\\\/\"}]}<\/script>\n<!-- \/ Yoast SEO plugin. -->","yoast_head_json":{"title":"La provincia de \u00c1frica Central en honor a Nuestra Se\u00f1ora de las Escuelas P\u00edas","description":"Viernes, 7 de mayo de 2021 Recomenzar, correr, con la Virgen de las Escuelas P\u00edas. Con alegr\u00eda y gozo el Colegio Calasanz de Bafia ha celebrado hoy, con sus alumnos y en un d\u00eda de expectaci\u00f3n la FIESTA DE LA BENDITA VIRGEN MAR\u00cdA, VIRGEN DE LAS ESCUELAS. Para ello, fue mediante una misa de acci\u00f3n&hellip;","robots":{"index":"index","follow":"follow","max-snippet":"max-snippet:-1","max-image-preview":"max-image-preview:large","max-video-preview":"max-video-preview:-1"},"canonical":"Viernes, 7 de mayo de 2021 Recomenzar, correr, con la Virgen de las Escuelas P\u00edas. Con alegr\u00eda y gozo el Colegio Calasanz de Bafia ha celebrado hoy, con sus alumnos y en un d\u00eda de expectaci\u00f3n la FIESTA DE LA BENDITA VIRGEN MAR\u00cdA, VIRGEN DE LAS ESCUELAS. Para ello, fue mediante una misa de acci\u00f3n&hellip;","og_locale":"ca_ES","og_type":"article","og_title":"La provincia de \u00c1frica Central en honor a Nuestra Se\u00f1ora de las Escuelas P\u00edas","og_description":"Viernes, 7 de mayo de 2021 Recomenzar, correr, con la Virgen de las Escuelas P\u00edas. Con alegr\u00eda y gozo el Colegio Calasanz de Bafia ha celebrado hoy, con sus alumnos y en un d\u00eda de expectaci\u00f3n la FIESTA DE LA BENDITA VIRGEN MAR\u00cdA, VIRGEN DE LAS ESCUELAS. Para ello, fue mediante una misa de acci\u00f3n&hellip;","og_url":"https:\/\/www.itakaescolapios.org\/ca\/2021\/05\/la-provincia-de-africa-central-en-honor-a-nuestra-senora-de-las-escuelas-pias\/","og_site_name":"Itaka-Escolapios","article_published_time":"2021-05-07T13:31:38+00:00","article_modified_time":"2023-11-28T11:36:01+00:00","og_image":[{"width":1125,"height":1500,"url":"https:\/\/www.itakaescolapios.org\/wp-content\/uploads\/2021\/05\/IMG_0624-scaled.jpg","type":"image\/jpeg"}],"author":"cameroun01","twitter_card":"summary_large_image","twitter_misc":{"Escrit per":"cameroun01","Temps estimat de lectura":"1 minut"},"schema":{"@context":"https:\/\/schema.org","@graph":[{"@type":"Article","@id":"https:\/\/www.itakaescolapios.org\/ca\/2021\/05\/la-provincia-de-africa-central-en-honor-a-nuestra-senora-de-las-escuelas-pias\/#article","isPartOf":{"@id":"https:\/\/www.itakaescolapios.org\/ca\/2021\/05\/la-provincia-de-africa-central-en-honor-a-nuestra-senora-de-las-escuelas-pias\/"},"author":{"name":"cameroun01","@id":"https:\/\/www.itakaescolapios.org\/es\/#\/schema\/person\/d2844383e29bfdfef69039672ce14eb1"},"headline":"La provincia de \u00c1frica Central en honor a Nuestra Se\u00f1ora de las Escuelas P\u00edas","datePublished":"2021-05-07T13:31:38+00:00","dateModified":"2023-11-28T11:36:01+00:00","mainEntityOfPage":{"@id":"https:\/\/www.itakaescolapios.org\/ca\/2021\/05\/la-provincia-de-africa-central-en-honor-a-nuestra-senora-de-las-escuelas-pias\/"},"wordCount":117,"publisher":{"@id":"https:\/\/www.itakaescolapios.org\/es\/#organization"},"image":{"@id":"https:\/\/www.itakaescolapios.org\/ca\/2021\/05\/la-provincia-de-africa-central-en-honor-a-nuestra-senora-de-las-escuelas-pias\/#primaryimage"},"thumbnailUrl":"https:\/\/www.itakaescolapios.org\/wp-content\/uploads\/2021\/05\/IMG_0624-scaled.jpg","articleSection":["\u00c1frica Central"],"inLanguage":"ca"},{"@type":"WebPage","@id":"https:\/\/www.itakaescolapios.org\/ca\/2021\/05\/la-provincia-de-africa-central-en-honor-a-nuestra-senora-de-las-escuelas-pias\/","url":"https:\/\/www.itakaescolapios.org\/ca\/2021\/05\/la-provincia-de-africa-central-en-honor-a-nuestra-senora-de-las-escuelas-pias\/","name":"La provincia de \u00c1frica Central en honor a Nuestra Se\u00f1ora de las Escuelas P\u00edas - Itaka-Escolapios","isPartOf":{"@id":"https:\/\/www.itakaescolapios.org\/es\/#website"},"primaryImageOfPage":{"@id":"https:\/\/www.itakaescolapios.org\/ca\/2021\/05\/la-provincia-de-africa-central-en-honor-a-nuestra-senora-de-las-escuelas-pias\/#primaryimage"},"image":{"@id":"https:\/\/www.itakaescolapios.org\/ca\/2021\/05\/la-provincia-de-africa-central-en-honor-a-nuestra-senora-de-las-escuelas-pias\/#primaryimage"},"thumbnailUrl":"https:\/\/www.itakaescolapios.org\/wp-content\/uploads\/2021\/05\/IMG_0624-scaled.jpg","datePublished":"2021-05-07T13:31:38+00:00","dateModified":"2023-11-28T11:36:01+00:00","breadcrumb":{"@id":"https:\/\/www.itakaescolapios.org\/ca\/2021\/05\/la-provincia-de-africa-central-en-honor-a-nuestra-senora-de-las-escuelas-pias\/#breadcrumb"},"inLanguage":"ca","potentialAction":[{"@type":"ReadAction","target":["https:\/\/www.itakaescolapios.org\/ca\/2021\/05\/la-provincia-de-africa-central-en-honor-a-nuestra-senora-de-las-escuelas-pias\/"]}]},{"@type":"ImageObject","inLanguage":"ca","@id":"https:\/\/www.itakaescolapios.org\/ca\/2021\/05\/la-provincia-de-africa-central-en-honor-a-nuestra-senora-de-las-escuelas-pias\/#primaryimage","url":"https:\/\/www.itakaescolapios.org\/wp-content\/uploads\/2021\/05\/IMG_0624-scaled.jpg","contentUrl":"https:\/\/www.itakaescolapios.org\/wp-content\/uploads\/2021\/05\/IMG_0624-scaled.jpg","width":1125,"height":1500},{"@type":"BreadcrumbList","@id":"https:\/\/www.itakaescolapios.org\/ca\/2021\/05\/la-provincia-de-africa-central-en-honor-a-nuestra-senora-de-las-escuelas-pias\/#breadcrumb","itemListElement":[{"@type":"ListItem","position":1,"name":"Itaka-Escolapios","item":"https:\/\/www.itakaescolapios.org\/es\/"},{"@type":"ListItem","position":2,"name":"La provincia de \u00c1frica Central en honor a Nuestra Se\u00f1ora de las Escuelas P\u00edas"}]},{"@type":"WebSite","@id":"https:\/\/www.itakaescolapios.org\/ca\/es\/#website","url":"https:\/\/www.itakaescolapios.org\/ca\/es\/","name":"Itaka-Escolapios","description":"Red de Itaka-Escolapios","publisher":{"@id":"https:\/\/www.itakaescolapios.org\/ca\/es\/#organization"},"potentialAction":[{"@type":"SearchAction","target":{"@type":"EntryPoint","urlTemplate":"https:\/\/www.itakaescolapios.org\/ca\/es\/?s={search_term_string}"},"query-input":{"@type":"PropertyValueSpecification","valueRequired":true,"valueName":"search_term_string"}}],"inLanguage":"ca"},{"@type":"Organization","@id":"https:\/\/www.itakaescolapios.org\/ca\/es\/#organization","name":"Fundaci\u00f3 Itaka-Escolapios","url":"https:\/\/www.itakaescolapios.org\/ca\/es\/","logo":{"@type":"ImageObject","inLanguage":"ca","@id":"https:\/\/www.itakaescolapios.org\/ca\/es\/#\/schema\/logo\/image\/","url":"https:\/\/www.itakaescolapios.org\/wp-content\/uploads\/2024\/04\/Logo-itakaescolapios-peque.png","contentUrl":"https:\/\/www.itakaescolapios.org\/wp-content\/uploads\/2024\/04\/Logo-itakaescolapios-peque.png","width":500,"height":199,"caption":"Fundaci\u00f3 Itaka-Escolapios"},"image":{"@id":"https:\/\/www.itakaescolapios.org\/ca\/es\/#\/schema\/logo\/image\/"}},{"@type":"Person","@id":"https:\/\/www.itakaescolapios.org\/es\/#\/schema\/person\/d2844383e29bfdfef69039672ce14eb1","name":"cameroun01","url":"https:\/\/www.itakaescolapios.org\/ca\/author\/cameroun01\/"}]}},"_links":{"self":[{"href":"https:\/\/www.itakaescolapios.org\/ca\/wp-json\/wp\/v2\/posts\/33497","targetHints":{"allow":["GET"]}}],"collection":[{"href":"https:\/\/www.itakaescolapios.org\/ca\/wp-json\/wp\/v2\/posts"}],"about":[{"href":"https:\/\/www.itakaescolapios.org\/ca\/wp-json\/wp\/v2\/types\/post"}],"author":[{"embeddable":true,"href":"https:\/\/www.itakaescolapios.org\/ca\/wp-json\/wp\/v2\/users\/15"}],"replies":[{"embeddable":true,"href":"https:\/\/www.itakaescolapios.org\/ca\/wp-json\/wp\/v2\/comments?post=33497"}],"version-history":[{"count":3,"href":"https:\/\/www.itakaescolapios.org\/ca\/wp-json\/wp\/v2\/posts\/33497\/revisions"}],"predecessor-version":[{"id":44302,"href":"https:\/\/www.itakaescolapios.org\/ca\/wp-json\/wp\/v2\/posts\/33497\/revisions\/44302"}],"wp:featuredmedia":[{"embeddable":true,"href":"https:\/\/www.itakaescolapios.org\/ca\/wp-json\/wp\/v2\/media\/33492"}],"wp:attachment":[{"href":"https:\/\/www.itakaescolapios.org\/ca\/wp-json\/wp\/v2\/media?parent=33497"}],"wp:term":[{"taxonomy":"category","embeddable":true,"href":"https:\/\/www.itakaescolapios.org\/ca\/wp-json\/wp\/v2\/categories?post=33497"},{"taxonomy":"post_tag","embeddable":true,"href":"https:\/\/www.itakaescolapios.org\/ca\/wp-json\/wp\/v2\/tags?post=33497"}],"curies":[{"name":"wp","href":"https:\/\/api.w.org\/{rel}","templated":true}]}}