{"id":35149,"date":"2021-12-03T15:29:19","date_gmt":"2021-12-03T14:29:19","guid":{"rendered":"https:\/\/www.itakaescolapios.org\/?p=35149"},"modified":"2023-11-28T12:35:55","modified_gmt":"2023-11-28T11:35:55","slug":"celebracion-de-la-semana-de-san-jose-calasanz-en-guinea-ecuatorial","status":"publish","type":"post","link":"https:\/\/www.itakaescolapios.org\/ca\/2021\/12\/celebracion-de-la-semana-de-san-jose-calasanz-en-guinea-ecuatorial\/","title":{"rendered":"Celebraci\u00f3n de la semana de San Jos\u00e9 Calasanz en Guinea Ecuatorial"},"content":{"rendered":"<div id=\"tw-container\" class=\"\" data-cp=\"1\" data-is-ver=\"false\" data-nnttsvi=\"1\" data-sm=\"1\" data-sugg-time=\"500\" data-sugg-url=\"https:\/\/clients1.google.com\/complete\/search\" data-uilc=\"fr\">\n<div id=\"tw-ob\" class=\"tw-src-ltr\">\n<div class=\"oSioSc\">\n<div id=\"tw-target\">\n<div id=\"kAz1tf\" class=\"g9WsWb\">\n<div id=\"tw-target-text-container\" class=\"tw-ta-container F0azHf tw-nfl\">\n<p id=\"tw-target-text\" class=\"tw-data-text tw-text-large tw-ta\" dir=\"ltr\" data-placeholder=\"Traduction\"><span class=\"Y2IQFc\" lang=\"es\">Como en el resto de pa\u00edses de la provincia centroafricana, la celebraci\u00f3n de la semana tuvo lugar en Guinea Ecuatorial. Con juegos, bailes, proyecciones de video y otras actividades celebramos esta semana con mucha alegr\u00eda y emociones compartidas.\u00a0 \u00a0 \u00a0 \u00a0 \u00a0 \u00a0 \u00a0 \u00a0 \u00a0 \u00a0 \u00a0 \u00a0 \u00a0 \u00a0 \u00a0 \u00a0 \u00a0 \u00a0 \u00a0 \u00a0 \u00a0 \u00a0 \u00a0 \u00a0 \u00a0 \u00a0 \u00a0 \u00a0 \u00a0 \u00a0 \u00a0 \u00a0 \u00a0 \u00a0 \u00a0 \u00a0 \u00a0 \u00a0 \u00a0 \u00a0 \u00a0 \u00a0 \u00a0 \u00a0 \u00a0 \u00a0 \u00a0 \u00a0 \u00a0 \u00a0 \u00a0 \u00a0 \u00a0 \u00a0 \u00a0 \u00a0 \u00a0 \u00a0 \u00a0 \u00a0 \u00a0 \u00a0 \u00a0 \u00a0 \u00a0 \u00a0 \u00a0 \u00a0 \u00a0 \u00a0 \u00a0 \u00a0 \u00a0 \u00a0 \u00a0 \u00a0 \u00a0 \u00a0 \u00a0 \u00a0 \u00a0 \u00a0 \u00a0 \u00a0 \u00a0 \u00a0 \u00a0 \u00a0 \u00a0 \u00a0 \u00a0 \u00a0 \u00a0 \u00a0 \u00a0 \u00a0 \u00a0 \u00a0 \u00a0 \u00a0 \u00a0 \u00a0 \u00a0 \u00a0 \u00a0 \u00a0 \u00a0 \u00a0 \u00a0 \u00a0 \u00a0 \u00a0 \u00a0 \u00a0 \u00a0 \u00a0 \u00a0 \u00a0 \u00a0 \u00a0 \u00a0 \u00a0 \u00a0 \u00a0 \u00a0 \u00a0 \u00a0 \u00a0 \u00a0 \u00a0 \u00a0 \u00a0 \u00a0 \u00a0 \u00a0 \u00a0 \u00a0 \u00a0 \u00a0 \u00a0 \u00a0 \u00a0 \u00a0 \u00a0 \u00a0 \u00a0 \u00a0 \u00a0 \u00a0 \u00a0 \u00a0 \u00a0 \u00a0 \u00a0 \u00a0 \u00a0 \u00a0 \u00a0 \u00a0 \u00a0 \u00a0 \u00a0 \u00a0 \u00a0 \u00a0 \u00a0 \u00a0 \u00a0 \u00a0 \u00a0 \u00a0 \u00a0 \u00a0 \u00a0 \u00a0 \u00a0 \u00a0 \u00a0 \u00a0 \u00a0 \u00a0 \u00a0 \u00a0 \u00a0 \u00a0 \u00a0 \u00a0 \u00a0 \u00a0 \u00a0 \u00a0 \u00a0\u00a0<\/span><\/p>\n<\/div>\n<\/div>\n<\/div>\n<p dir=\"ltr\" data-placeholder=\"Traduction\"><img decoding=\"async\" class=\"size-medium wp-image-35153 aligncenter\" src=\"https:\/\/www.itakaescolapios.org\/wp-content\/uploads\/2021\/12\/IMG-20211203-WA0074-300x225.jpg\" alt=\"\" width=\"300\" height=\"225\" srcset=\"https:\/\/www.itakaescolapios.org\/wp-content\/uploads\/2021\/12\/IMG-20211203-WA0074-300x225.jpg 300w, https:\/\/www.itakaescolapios.org\/wp-content\/uploads\/2021\/12\/IMG-20211203-WA0074-1024x768.jpg 1024w, https:\/\/www.itakaescolapios.org\/wp-content\/uploads\/2021\/12\/IMG-20211203-WA0074-768x576.jpg 768w, https:\/\/www.itakaescolapios.org\/wp-content\/uploads\/2021\/12\/IMG-20211203-WA0074-250x188.jpg 250w, https:\/\/www.itakaescolapios.org\/wp-content\/uploads\/2021\/12\/IMG-20211203-WA0074-510x382.jpg 510w, https:\/\/www.itakaescolapios.org\/wp-content\/uploads\/2021\/12\/IMG-20211203-WA0074.jpg 1080w\" sizes=\"(max-width: 300px) 100vw, 300px\" \/><\/p>\n<\/div>\n<\/div>\n<p id=\"tw-target-text\" class=\"tw-data-text tw-text-large tw-ta\" dir=\"ltr\" data-placeholder=\"Traduction\"><span class=\"Y2IQFc\" lang=\"es\">\u00a0 \u00a0 \u00a0 \u00a0 \u00a0 \u00a0 \u00a0Adem\u00e1s del partido de Basket Ball, tambi\u00e9n nos obsequiaron con juegos de rompecabezas como damas y muchos otros &#8230;<\/span><\/p>\n<p dir=\"ltr\" data-placeholder=\"Traduction\">\n<\/div>\n<p dir=\"ltr\" data-placeholder=\"Traduction\"><img decoding=\"async\" class=\"size-medium wp-image-35152 aligncenter\" src=\"https:\/\/www.itakaescolapios.org\/wp-content\/uploads\/2021\/12\/IMG-20211203-WA0071-300x225.jpg\" alt=\"\" width=\"300\" height=\"225\" srcset=\"https:\/\/www.itakaescolapios.org\/wp-content\/uploads\/2021\/12\/IMG-20211203-WA0071-300x225.jpg 300w, https:\/\/www.itakaescolapios.org\/wp-content\/uploads\/2021\/12\/IMG-20211203-WA0071-1024x768.jpg 1024w, https:\/\/www.itakaescolapios.org\/wp-content\/uploads\/2021\/12\/IMG-20211203-WA0071-768x576.jpg 768w, https:\/\/www.itakaescolapios.org\/wp-content\/uploads\/2021\/12\/IMG-20211203-WA0071-250x188.jpg 250w, https:\/\/www.itakaescolapios.org\/wp-content\/uploads\/2021\/12\/IMG-20211203-WA0071-510x382.jpg 510w, https:\/\/www.itakaescolapios.org\/wp-content\/uploads\/2021\/12\/IMG-20211203-WA0071.jpg 1080w\" sizes=\"(max-width: 300px) 100vw, 300px\" \/><\/p>\n<div id=\"tw-container\" class=\"\" data-cp=\"1\" data-is-ver=\"false\" data-nnttsvi=\"1\" data-sm=\"1\" data-sugg-time=\"500\" data-sugg-url=\"https:\/\/clients1.google.com\/complete\/search\" data-uilc=\"fr\">\n<div id=\"tw-ob\" class=\"tw-src-ltr\">\n<div class=\"oSioSc\">\n<div id=\"tw-target\">\n<div id=\"kAz1tf\" class=\"g9WsWb\">\n<div id=\"tw-target-text-container\" class=\"tw-ta-container F0azHf tw-nfl\">\n<p id=\"tw-target-text\" class=\"tw-data-text tw-text-large tw-ta\" dir=\"ltr\" data-placeholder=\"Traduction\"><span class=\"Y2IQFc\" lang=\"es\">La semana termin\u00f3 en muy buenas condiciones. canciones, bailes, reflexiones, deportes y muchas otras actividades estaban en el programa. la emoci\u00f3n fue compartida: la semana fue hermosa.<\/span><\/p>\n<\/div>\n<\/div>\n<\/div>\n<\/div>\n<\/div>\n<\/div>\n<p><!--more--><\/p>\n","protected":false},"excerpt":{"rendered":"<p>Como en el resto de pa\u00edses de la provincia centroafricana, la celebraci\u00f3n de la semana tuvo lugar en Guinea Ecuatorial. Con juegos, bailes, proyecciones de video y otras actividades celebramos [&hellip;]<\/p>\n","protected":false},"author":15,"featured_media":35150,"comment_status":"closed","ping_status":"closed","sticky":false,"template":"","format":"standard","meta":{"_et_pb_use_builder":"","_et_pb_old_content":"","_et_gb_content_width":"","footnotes":""},"categories":[53,533],"tags":[],"class_list":["post-35149","post","type-post","status-publish","format-standard","has-post-thumbnail","hentry","category-africa-central","category-guinea"],"yoast_head":"<!-- This site is optimized with the Yoast SEO plugin v27.4 - https:\/\/yoast.com\/product\/yoast-seo-wordpress\/ -->\n<title>Celebraci\u00f3n de la semana de San Jos\u00e9 Calasanz en Guinea Ecuatorial<\/title>\n<meta name=\"description\" content=\"Como en el resto de pa\u00edses de la provincia centroafricana, la celebraci\u00f3n de la semana tuvo lugar en Guinea Ecuatorial. Con juegos, bailes, proyecciones de video y otras actividades celebramos esta semana con mucha alegr\u00eda y emociones compartidas.\u00a0 \u00a0 \u00a0 \u00a0 \u00a0 \u00a0 \u00a0 \u00a0 \u00a0 \u00a0 \u00a0 \u00a0 \u00a0 \u00a0 \u00a0 \u00a0 \u00a0 \u00a0&hellip;\" \/>\n<meta name=\"robots\" content=\"index, follow, max-snippet:-1, max-image-preview:large, max-video-preview:-1\" \/>\n<link rel=\"canonical\" href=\"http:\/\/Como%20en%20el%20resto%20de%20pa\u00edses%20de%20la%20provincia%20centroafricana,%20la%20celebraci\u00f3n%20de%20la%20semana%20tuvo%20lugar%20en%20Guinea%20Ecuatorial.%20Con%20juegos,%20bailes,%20proyecciones%20de%20video%20y%20otras%20actividades%20celebramos%20esta%20semana%20con%20mucha%20alegr\u00eda%20y%20emociones%20compartidas.\u00a0%20\u00a0%20\u00a0%20\u00a0%20\u00a0%20\u00a0%20\u00a0%20\u00a0%20\u00a0%20\u00a0%20\u00a0%20\u00a0%20\u00a0%20\u00a0%20\u00a0%20\u00a0%20\u00a0%20\u00a0&hellip;\" \/>\n<meta property=\"og:locale\" content=\"ca_ES\" \/>\n<meta property=\"og:type\" content=\"article\" \/>\n<meta property=\"og:title\" content=\"Celebraci\u00f3n de la semana de San Jos\u00e9 Calasanz en Guinea Ecuatorial\" \/>\n<meta property=\"og:description\" content=\"Como en el resto de pa\u00edses de la provincia centroafricana, la celebraci\u00f3n de la semana tuvo lugar en Guinea Ecuatorial. Con juegos, bailes, proyecciones de video y otras actividades celebramos esta semana con mucha alegr\u00eda y emociones compartidas.\u00a0 \u00a0 \u00a0 \u00a0 \u00a0 \u00a0 \u00a0 \u00a0 \u00a0 \u00a0 \u00a0 \u00a0 \u00a0 \u00a0 \u00a0 \u00a0 \u00a0 \u00a0&hellip;\" \/>\n<meta property=\"og:url\" content=\"https:\/\/www.itakaescolapios.org\/ca\/2021\/12\/celebracion-de-la-semana-de-san-jose-calasanz-en-guinea-ecuatorial\/\" \/>\n<meta property=\"og:site_name\" content=\"Itaka-Escolapios\" \/>\n<meta property=\"article:published_time\" content=\"2021-12-03T14:29:19+00:00\" \/>\n<meta property=\"article:modified_time\" content=\"2023-11-28T11:35:55+00:00\" \/>\n<meta property=\"og:image\" content=\"https:\/\/www.itakaescolapios.org\/wp-content\/uploads\/2021\/12\/IMG-20211203-WA0075.jpg\" \/>\n\t<meta property=\"og:image:width\" content=\"1080\" \/>\n\t<meta property=\"og:image:height\" content=\"810\" \/>\n\t<meta property=\"og:image:type\" content=\"image\/jpeg\" \/>\n<meta name=\"author\" content=\"cameroun01\" \/>\n<meta name=\"twitter:card\" content=\"summary_large_image\" \/>\n<meta name=\"twitter:label1\" content=\"Escrit per\" \/>\n\t<meta name=\"twitter:data1\" content=\"cameroun01\" \/>\n<script type=\"application\/ld+json\" class=\"yoast-schema-graph\">{\"@context\":\"https:\\\/\\\/schema.org\",\"@graph\":[{\"@type\":\"Article\",\"@id\":\"https:\\\/\\\/www.itakaescolapios.org\\\/ca\\\/2021\\\/12\\\/celebracion-de-la-semana-de-san-jose-calasanz-en-guinea-ecuatorial\\\/#article\",\"isPartOf\":{\"@id\":\"https:\\\/\\\/www.itakaescolapios.org\\\/ca\\\/2021\\\/12\\\/celebracion-de-la-semana-de-san-jose-calasanz-en-guinea-ecuatorial\\\/\"},\"author\":{\"name\":\"cameroun01\",\"@id\":\"https:\\\/\\\/www.itakaescolapios.org\\\/es\\\/#\\\/schema\\\/person\\\/d2844383e29bfdfef69039672ce14eb1\"},\"headline\":\"Celebraci\u00f3n de la semana de San Jos\u00e9 Calasanz en Guinea Ecuatorial\",\"datePublished\":\"2021-12-03T14:29:19+00:00\",\"dateModified\":\"2023-11-28T11:35:55+00:00\",\"mainEntityOfPage\":{\"@id\":\"https:\\\/\\\/www.itakaescolapios.org\\\/ca\\\/2021\\\/12\\\/celebracion-de-la-semana-de-san-jose-calasanz-en-guinea-ecuatorial\\\/\"},\"wordCount\":101,\"publisher\":{\"@id\":\"https:\\\/\\\/www.itakaescolapios.org\\\/es\\\/#organization\"},\"image\":{\"@id\":\"https:\\\/\\\/www.itakaescolapios.org\\\/ca\\\/2021\\\/12\\\/celebracion-de-la-semana-de-san-jose-calasanz-en-guinea-ecuatorial\\\/#primaryimage\"},\"thumbnailUrl\":\"https:\\\/\\\/www.itakaescolapios.org\\\/wp-content\\\/uploads\\\/2021\\\/12\\\/IMG-20211203-WA0075.jpg\",\"articleSection\":[\"\u00c1frica Central\",\"Guinea\"],\"inLanguage\":\"ca\"},{\"@type\":\"WebPage\",\"@id\":\"https:\\\/\\\/www.itakaescolapios.org\\\/ca\\\/2021\\\/12\\\/celebracion-de-la-semana-de-san-jose-calasanz-en-guinea-ecuatorial\\\/\",\"url\":\"https:\\\/\\\/www.itakaescolapios.org\\\/ca\\\/2021\\\/12\\\/celebracion-de-la-semana-de-san-jose-calasanz-en-guinea-ecuatorial\\\/\",\"name\":\"Celebraci\u00f3n de la semana de San Jos\u00e9 Calasanz en Guinea Ecuatorial - Itaka-Escolapios\",\"isPartOf\":{\"@id\":\"https:\\\/\\\/www.itakaescolapios.org\\\/es\\\/#website\"},\"primaryImageOfPage\":{\"@id\":\"https:\\\/\\\/www.itakaescolapios.org\\\/ca\\\/2021\\\/12\\\/celebracion-de-la-semana-de-san-jose-calasanz-en-guinea-ecuatorial\\\/#primaryimage\"},\"image\":{\"@id\":\"https:\\\/\\\/www.itakaescolapios.org\\\/ca\\\/2021\\\/12\\\/celebracion-de-la-semana-de-san-jose-calasanz-en-guinea-ecuatorial\\\/#primaryimage\"},\"thumbnailUrl\":\"https:\\\/\\\/www.itakaescolapios.org\\\/wp-content\\\/uploads\\\/2021\\\/12\\\/IMG-20211203-WA0075.jpg\",\"datePublished\":\"2021-12-03T14:29:19+00:00\",\"dateModified\":\"2023-11-28T11:35:55+00:00\",\"breadcrumb\":{\"@id\":\"https:\\\/\\\/www.itakaescolapios.org\\\/ca\\\/2021\\\/12\\\/celebracion-de-la-semana-de-san-jose-calasanz-en-guinea-ecuatorial\\\/#breadcrumb\"},\"inLanguage\":\"ca\",\"potentialAction\":[{\"@type\":\"ReadAction\",\"target\":[\"https:\\\/\\\/www.itakaescolapios.org\\\/ca\\\/2021\\\/12\\\/celebracion-de-la-semana-de-san-jose-calasanz-en-guinea-ecuatorial\\\/\"]}]},{\"@type\":\"ImageObject\",\"inLanguage\":\"ca\",\"@id\":\"https:\\\/\\\/www.itakaescolapios.org\\\/ca\\\/2021\\\/12\\\/celebracion-de-la-semana-de-san-jose-calasanz-en-guinea-ecuatorial\\\/#primaryimage\",\"url\":\"https:\\\/\\\/www.itakaescolapios.org\\\/wp-content\\\/uploads\\\/2021\\\/12\\\/IMG-20211203-WA0075.jpg\",\"contentUrl\":\"https:\\\/\\\/www.itakaescolapios.org\\\/wp-content\\\/uploads\\\/2021\\\/12\\\/IMG-20211203-WA0075.jpg\",\"width\":1080,\"height\":810},{\"@type\":\"BreadcrumbList\",\"@id\":\"https:\\\/\\\/www.itakaescolapios.org\\\/ca\\\/2021\\\/12\\\/celebracion-de-la-semana-de-san-jose-calasanz-en-guinea-ecuatorial\\\/#breadcrumb\",\"itemListElement\":[{\"@type\":\"ListItem\",\"position\":1,\"name\":\"Itaka-Escolapios\",\"item\":\"https:\\\/\\\/www.itakaescolapios.org\\\/es\\\/\"},{\"@type\":\"ListItem\",\"position\":2,\"name\":\"Celebraci\u00f3n de la semana de San Jos\u00e9 Calasanz en Guinea Ecuatorial\"}]},{\"@type\":\"WebSite\",\"@id\":\"https:\\\/\\\/www.itakaescolapios.org\\\/ca\\\/es\\\/#website\",\"url\":\"https:\\\/\\\/www.itakaescolapios.org\\\/ca\\\/es\\\/\",\"name\":\"Itaka-Escolapios\",\"description\":\"Red de Itaka-Escolapios\",\"publisher\":{\"@id\":\"https:\\\/\\\/www.itakaescolapios.org\\\/ca\\\/es\\\/#organization\"},\"potentialAction\":[{\"@type\":\"SearchAction\",\"target\":{\"@type\":\"EntryPoint\",\"urlTemplate\":\"https:\\\/\\\/www.itakaescolapios.org\\\/ca\\\/es\\\/?s={search_term_string}\"},\"query-input\":{\"@type\":\"PropertyValueSpecification\",\"valueRequired\":true,\"valueName\":\"search_term_string\"}}],\"inLanguage\":\"ca\"},{\"@type\":\"Organization\",\"@id\":\"https:\\\/\\\/www.itakaescolapios.org\\\/ca\\\/es\\\/#organization\",\"name\":\"Fundaci\u00f3 Itaka-Escolapios\",\"url\":\"https:\\\/\\\/www.itakaescolapios.org\\\/ca\\\/es\\\/\",\"logo\":{\"@type\":\"ImageObject\",\"inLanguage\":\"ca\",\"@id\":\"https:\\\/\\\/www.itakaescolapios.org\\\/ca\\\/es\\\/#\\\/schema\\\/logo\\\/image\\\/\",\"url\":\"https:\\\/\\\/www.itakaescolapios.org\\\/wp-content\\\/uploads\\\/2024\\\/04\\\/Logo-itakaescolapios-peque.png\",\"contentUrl\":\"https:\\\/\\\/www.itakaescolapios.org\\\/wp-content\\\/uploads\\\/2024\\\/04\\\/Logo-itakaescolapios-peque.png\",\"width\":500,\"height\":199,\"caption\":\"Fundaci\u00f3 Itaka-Escolapios\"},\"image\":{\"@id\":\"https:\\\/\\\/www.itakaescolapios.org\\\/ca\\\/es\\\/#\\\/schema\\\/logo\\\/image\\\/\"}},{\"@type\":\"Person\",\"@id\":\"https:\\\/\\\/www.itakaescolapios.org\\\/es\\\/#\\\/schema\\\/person\\\/d2844383e29bfdfef69039672ce14eb1\",\"name\":\"cameroun01\",\"url\":\"https:\\\/\\\/www.itakaescolapios.org\\\/ca\\\/author\\\/cameroun01\\\/\"}]}<\/script>\n<!-- \/ Yoast SEO plugin. -->","yoast_head_json":{"title":"Celebraci\u00f3n de la semana de San Jos\u00e9 Calasanz en Guinea Ecuatorial","description":"Como en el resto de pa\u00edses de la provincia centroafricana, la celebraci\u00f3n de la semana tuvo lugar en Guinea Ecuatorial. Con juegos, bailes, proyecciones de video y otras actividades celebramos esta semana con mucha alegr\u00eda y emociones compartidas.\u00a0 \u00a0 \u00a0 \u00a0 \u00a0 \u00a0 \u00a0 \u00a0 \u00a0 \u00a0 \u00a0 \u00a0 \u00a0 \u00a0 \u00a0 \u00a0 \u00a0 \u00a0&hellip;","robots":{"index":"index","follow":"follow","max-snippet":"max-snippet:-1","max-image-preview":"max-image-preview:large","max-video-preview":"max-video-preview:-1"},"canonical":"Como en el resto de pa\u00edses de la provincia centroafricana, la celebraci\u00f3n de la semana tuvo lugar en Guinea Ecuatorial. Con juegos, bailes, proyecciones de video y otras actividades celebramos esta semana con mucha alegr\u00eda y emociones compartidas.\u00a0 \u00a0 \u00a0 \u00a0 \u00a0 \u00a0 \u00a0 \u00a0 \u00a0 \u00a0 \u00a0 \u00a0 \u00a0 \u00a0 \u00a0 \u00a0 \u00a0 \u00a0&hellip;","og_locale":"ca_ES","og_type":"article","og_title":"Celebraci\u00f3n de la semana de San Jos\u00e9 Calasanz en Guinea Ecuatorial","og_description":"Como en el resto de pa\u00edses de la provincia centroafricana, la celebraci\u00f3n de la semana tuvo lugar en Guinea Ecuatorial. Con juegos, bailes, proyecciones de video y otras actividades celebramos esta semana con mucha alegr\u00eda y emociones compartidas.\u00a0 \u00a0 \u00a0 \u00a0 \u00a0 \u00a0 \u00a0 \u00a0 \u00a0 \u00a0 \u00a0 \u00a0 \u00a0 \u00a0 \u00a0 \u00a0 \u00a0 \u00a0&hellip;","og_url":"https:\/\/www.itakaescolapios.org\/ca\/2021\/12\/celebracion-de-la-semana-de-san-jose-calasanz-en-guinea-ecuatorial\/","og_site_name":"Itaka-Escolapios","article_published_time":"2021-12-03T14:29:19+00:00","article_modified_time":"2023-11-28T11:35:55+00:00","og_image":[{"width":1080,"height":810,"url":"https:\/\/www.itakaescolapios.org\/wp-content\/uploads\/2021\/12\/IMG-20211203-WA0075.jpg","type":"image\/jpeg"}],"author":"cameroun01","twitter_card":"summary_large_image","twitter_misc":{"Escrit per":"cameroun01"},"schema":{"@context":"https:\/\/schema.org","@graph":[{"@type":"Article","@id":"https:\/\/www.itakaescolapios.org\/ca\/2021\/12\/celebracion-de-la-semana-de-san-jose-calasanz-en-guinea-ecuatorial\/#article","isPartOf":{"@id":"https:\/\/www.itakaescolapios.org\/ca\/2021\/12\/celebracion-de-la-semana-de-san-jose-calasanz-en-guinea-ecuatorial\/"},"author":{"name":"cameroun01","@id":"https:\/\/www.itakaescolapios.org\/es\/#\/schema\/person\/d2844383e29bfdfef69039672ce14eb1"},"headline":"Celebraci\u00f3n de la semana de San Jos\u00e9 Calasanz en Guinea Ecuatorial","datePublished":"2021-12-03T14:29:19+00:00","dateModified":"2023-11-28T11:35:55+00:00","mainEntityOfPage":{"@id":"https:\/\/www.itakaescolapios.org\/ca\/2021\/12\/celebracion-de-la-semana-de-san-jose-calasanz-en-guinea-ecuatorial\/"},"wordCount":101,"publisher":{"@id":"https:\/\/www.itakaescolapios.org\/es\/#organization"},"image":{"@id":"https:\/\/www.itakaescolapios.org\/ca\/2021\/12\/celebracion-de-la-semana-de-san-jose-calasanz-en-guinea-ecuatorial\/#primaryimage"},"thumbnailUrl":"https:\/\/www.itakaescolapios.org\/wp-content\/uploads\/2021\/12\/IMG-20211203-WA0075.jpg","articleSection":["\u00c1frica Central","Guinea"],"inLanguage":"ca"},{"@type":"WebPage","@id":"https:\/\/www.itakaescolapios.org\/ca\/2021\/12\/celebracion-de-la-semana-de-san-jose-calasanz-en-guinea-ecuatorial\/","url":"https:\/\/www.itakaescolapios.org\/ca\/2021\/12\/celebracion-de-la-semana-de-san-jose-calasanz-en-guinea-ecuatorial\/","name":"Celebraci\u00f3n de la semana de San Jos\u00e9 Calasanz en Guinea Ecuatorial - Itaka-Escolapios","isPartOf":{"@id":"https:\/\/www.itakaescolapios.org\/es\/#website"},"primaryImageOfPage":{"@id":"https:\/\/www.itakaescolapios.org\/ca\/2021\/12\/celebracion-de-la-semana-de-san-jose-calasanz-en-guinea-ecuatorial\/#primaryimage"},"image":{"@id":"https:\/\/www.itakaescolapios.org\/ca\/2021\/12\/celebracion-de-la-semana-de-san-jose-calasanz-en-guinea-ecuatorial\/#primaryimage"},"thumbnailUrl":"https:\/\/www.itakaescolapios.org\/wp-content\/uploads\/2021\/12\/IMG-20211203-WA0075.jpg","datePublished":"2021-12-03T14:29:19+00:00","dateModified":"2023-11-28T11:35:55+00:00","breadcrumb":{"@id":"https:\/\/www.itakaescolapios.org\/ca\/2021\/12\/celebracion-de-la-semana-de-san-jose-calasanz-en-guinea-ecuatorial\/#breadcrumb"},"inLanguage":"ca","potentialAction":[{"@type":"ReadAction","target":["https:\/\/www.itakaescolapios.org\/ca\/2021\/12\/celebracion-de-la-semana-de-san-jose-calasanz-en-guinea-ecuatorial\/"]}]},{"@type":"ImageObject","inLanguage":"ca","@id":"https:\/\/www.itakaescolapios.org\/ca\/2021\/12\/celebracion-de-la-semana-de-san-jose-calasanz-en-guinea-ecuatorial\/#primaryimage","url":"https:\/\/www.itakaescolapios.org\/wp-content\/uploads\/2021\/12\/IMG-20211203-WA0075.jpg","contentUrl":"https:\/\/www.itakaescolapios.org\/wp-content\/uploads\/2021\/12\/IMG-20211203-WA0075.jpg","width":1080,"height":810},{"@type":"BreadcrumbList","@id":"https:\/\/www.itakaescolapios.org\/ca\/2021\/12\/celebracion-de-la-semana-de-san-jose-calasanz-en-guinea-ecuatorial\/#breadcrumb","itemListElement":[{"@type":"ListItem","position":1,"name":"Itaka-Escolapios","item":"https:\/\/www.itakaescolapios.org\/es\/"},{"@type":"ListItem","position":2,"name":"Celebraci\u00f3n de la semana de San Jos\u00e9 Calasanz en Guinea Ecuatorial"}]},{"@type":"WebSite","@id":"https:\/\/www.itakaescolapios.org\/ca\/es\/#website","url":"https:\/\/www.itakaescolapios.org\/ca\/es\/","name":"Itaka-Escolapios","description":"Red de Itaka-Escolapios","publisher":{"@id":"https:\/\/www.itakaescolapios.org\/ca\/es\/#organization"},"potentialAction":[{"@type":"SearchAction","target":{"@type":"EntryPoint","urlTemplate":"https:\/\/www.itakaescolapios.org\/ca\/es\/?s={search_term_string}"},"query-input":{"@type":"PropertyValueSpecification","valueRequired":true,"valueName":"search_term_string"}}],"inLanguage":"ca"},{"@type":"Organization","@id":"https:\/\/www.itakaescolapios.org\/ca\/es\/#organization","name":"Fundaci\u00f3 Itaka-Escolapios","url":"https:\/\/www.itakaescolapios.org\/ca\/es\/","logo":{"@type":"ImageObject","inLanguage":"ca","@id":"https:\/\/www.itakaescolapios.org\/ca\/es\/#\/schema\/logo\/image\/","url":"https:\/\/www.itakaescolapios.org\/wp-content\/uploads\/2024\/04\/Logo-itakaescolapios-peque.png","contentUrl":"https:\/\/www.itakaescolapios.org\/wp-content\/uploads\/2024\/04\/Logo-itakaescolapios-peque.png","width":500,"height":199,"caption":"Fundaci\u00f3 Itaka-Escolapios"},"image":{"@id":"https:\/\/www.itakaescolapios.org\/ca\/es\/#\/schema\/logo\/image\/"}},{"@type":"Person","@id":"https:\/\/www.itakaescolapios.org\/es\/#\/schema\/person\/d2844383e29bfdfef69039672ce14eb1","name":"cameroun01","url":"https:\/\/www.itakaescolapios.org\/ca\/author\/cameroun01\/"}]}},"_links":{"self":[{"href":"https:\/\/www.itakaescolapios.org\/ca\/wp-json\/wp\/v2\/posts\/35149","targetHints":{"allow":["GET"]}}],"collection":[{"href":"https:\/\/www.itakaescolapios.org\/ca\/wp-json\/wp\/v2\/posts"}],"about":[{"href":"https:\/\/www.itakaescolapios.org\/ca\/wp-json\/wp\/v2\/types\/post"}],"author":[{"embeddable":true,"href":"https:\/\/www.itakaescolapios.org\/ca\/wp-json\/wp\/v2\/users\/15"}],"replies":[{"embeddable":true,"href":"https:\/\/www.itakaescolapios.org\/ca\/wp-json\/wp\/v2\/comments?post=35149"}],"version-history":[{"count":19,"href":"https:\/\/www.itakaescolapios.org\/ca\/wp-json\/wp\/v2\/posts\/35149\/revisions"}],"predecessor-version":[{"id":44154,"href":"https:\/\/www.itakaescolapios.org\/ca\/wp-json\/wp\/v2\/posts\/35149\/revisions\/44154"}],"wp:featuredmedia":[{"embeddable":true,"href":"https:\/\/www.itakaescolapios.org\/ca\/wp-json\/wp\/v2\/media\/35150"}],"wp:attachment":[{"href":"https:\/\/www.itakaescolapios.org\/ca\/wp-json\/wp\/v2\/media?parent=35149"}],"wp:term":[{"taxonomy":"category","embeddable":true,"href":"https:\/\/www.itakaescolapios.org\/ca\/wp-json\/wp\/v2\/categories?post=35149"},{"taxonomy":"post_tag","embeddable":true,"href":"https:\/\/www.itakaescolapios.org\/ca\/wp-json\/wp\/v2\/tags?post=35149"}],"curies":[{"name":"wp","href":"https:\/\/api.w.org\/{rel}","templated":true}]}}