{"id":36119,"date":"2022-02-21T13:04:34","date_gmt":"2022-02-21T12:04:34","guid":{"rendered":"https:\/\/www.itakaescolapios.org\/?p=36119"},"modified":"2023-11-28T12:35:51","modified_gmt":"2023-11-28T11:35:51","slug":"celebracion-de-la-lengua-materna-en-el-complejo-escolar-bilingue-san-jose-calasanz-en-bafia","status":"publish","type":"post","link":"https:\/\/www.itakaescolapios.org\/ca\/2022\/02\/celebracion-de-la-lengua-materna-en-el-complejo-escolar-bilingue-san-jose-calasanz-en-bafia\/","title":{"rendered":"CELEBRACI\u00d3N DE LA LENGUA MATERNA EN EL COMPLEJO ESCOLAR BILING\u00dcE SAN JOS\u00c9 CALASANZ EN BAFIA"},"content":{"rendered":"<div id=\"tw-container\" class=\"\" data-cp=\"1\" data-is-ver=\"false\" data-nnttsvi=\"1\" data-sm=\"1\" data-sugg-time=\"500\" data-sugg-url=\"https:\/\/clients1.google.com\/complete\/search\" data-uilc=\"fr\">\n<div id=\"tw-ob\" class=\"tw-ess tw-src-ltr\">\n<div class=\"oSioSc\">\n<div id=\"tw-target\">\n<div id=\"kAz1tf\" class=\"g9WsWb\">\n<div id=\"tw-target-text-container\" class=\"tw-ta-container F0azHf tw-nfl\">\n<div id=\"tw-container\" class=\"\" data-cp=\"1\" data-is-ver=\"false\" data-nnttsvi=\"1\" data-sm=\"1\" data-sugg-time=\"500\" data-sugg-url=\"https:\/\/clients1.google.com\/complete\/search\" data-uilc=\"fr\">\n<div id=\"tw-ob\" class=\"tw-src-ltr\">\n<div class=\"oSioSc\">\n<div id=\"tw-target\">\n<div id=\"kAz1tf\" class=\"g9WsWb\">\n<div id=\"tw-target-text-container\" class=\"tw-ta-container F0azHf tw-nfl\">\n<p id=\"tw-target-text\" class=\"tw-data-text tw-text-large tw-ta\" dir=\"ltr\" data-placeholder=\"Traduction\"><span class=\"Y2IQFc\" lang=\"es\">Abrimos esta semana del 21 de enero, con la celebraci\u00f3n de la lengua materna con los alumnos del complejo escolar biling\u00fce San Jos\u00e9 Calasanz de Bafia. En el programa de ejecuci\u00f3n del himno nacional en el idioma Bafia, bailes tradicionales, cuentos en lenguas maternas, canciones y bailes en el idioma, comidas tradicionales, as\u00ed como el desfile en trajes tradicionales. Se presentaron platos de diferentes regiones como taro en el oeste, okok en el centro y muchos otros. Cameruneses, orgullosos de ser y de sus culturas, los ni\u00f1os compartieron con nosotros sus idiomas, platos, bailes y varias actividades m\u00e1s para expresar su alegr\u00eda.<\/span><\/p>\n<\/div>\n<\/div>\n<\/div>\n<\/div>\n<\/div>\n<\/div>\n<p dir=\"ltr\" data-placeholder=\"Traduction\"><img decoding=\"async\" class=\"size-full wp-image-36122 aligncenter\" src=\"https:\/\/www.itakaescolapios.org\/wp-content\/uploads\/2022\/02\/IMG-20220221-WA0053.jpg\" alt=\"\" width=\"1080\" height=\"486\" srcset=\"https:\/\/www.itakaescolapios.org\/wp-content\/uploads\/2022\/02\/IMG-20220221-WA0053.jpg 1080w, https:\/\/www.itakaescolapios.org\/wp-content\/uploads\/2022\/02\/IMG-20220221-WA0053-300x135.jpg 300w, https:\/\/www.itakaescolapios.org\/wp-content\/uploads\/2022\/02\/IMG-20220221-WA0053-1024x461.jpg 1024w, https:\/\/www.itakaescolapios.org\/wp-content\/uploads\/2022\/02\/IMG-20220221-WA0053-768x346.jpg 768w, https:\/\/www.itakaescolapios.org\/wp-content\/uploads\/2022\/02\/IMG-20220221-WA0053-250x113.jpg 250w\" sizes=\"(max-width: 1080px) 100vw, 1080px\" \/><\/p>\n<div style=\"width: 640px;\" class=\"wp-video\"><video class=\"wp-video-shortcode\" id=\"video-36119-1\" width=\"640\" height=\"352\" preload=\"metadata\" controls=\"controls\"><source type=\"video\/mp4\" src=\"https:\/\/www.itakaescolapios.org\/wp-content\/uploads\/2022\/02\/VID-20220221-WA0095.mp4?_=1\" \/><a href=\"https:\/\/www.itakaescolapios.org\/wp-content\/uploads\/2022\/02\/VID-20220221-WA0095.mp4\">https:\/\/www.itakaescolapios.org\/wp-content\/uploads\/2022\/02\/VID-20220221-WA0095.mp4<\/a><\/video><\/div>\n<p>&nbsp;<\/p>\n<div style=\"width: 640px;\" class=\"wp-video\"><video class=\"wp-video-shortcode\" id=\"video-36119-2\" width=\"640\" height=\"352\" preload=\"metadata\" controls=\"controls\"><source type=\"video\/mp4\" src=\"https:\/\/www.itakaescolapios.org\/wp-content\/uploads\/2022\/02\/VID-20220221-WA0062.mp4?_=2\" \/><a href=\"https:\/\/www.itakaescolapios.org\/wp-content\/uploads\/2022\/02\/VID-20220221-WA0062.mp4\">https:\/\/www.itakaescolapios.org\/wp-content\/uploads\/2022\/02\/VID-20220221-WA0062.mp4<\/a><\/video><\/div>\n<p>&nbsp;<\/p>\n<div style=\"width: 1080px;\" class=\"wp-video\"><video class=\"wp-video-shortcode\" id=\"video-36119-3\" width=\"1080\" height=\"608\" preload=\"metadata\" controls=\"controls\"><source type=\"video\/mp4\" src=\"https:\/\/www.itakaescolapios.org\/wp-content\/uploads\/2022\/02\/VID-20220221-WA0056-1.mp4?_=3\" \/><a href=\"https:\/\/www.itakaescolapios.org\/wp-content\/uploads\/2022\/02\/VID-20220221-WA0056-1.mp4\">https:\/\/www.itakaescolapios.org\/wp-content\/uploads\/2022\/02\/VID-20220221-WA0056-1.mp4<\/a><\/video><\/div>\n<\/div>\n<\/div>\n<\/div>\n<\/div>\n<\/div>\n<\/div>\n<p><!--more--><\/p>\n","protected":false},"excerpt":{"rendered":"<p>Abrimos esta semana del 21 de enero, con la celebraci\u00f3n de la lengua materna con los alumnos del complejo escolar biling\u00fce San Jos\u00e9 Calasanz de Bafia. En el programa de [&hellip;]<\/p>\n","protected":false},"author":15,"featured_media":36120,"comment_status":"closed","ping_status":"closed","sticky":false,"template":"","format":"standard","meta":{"_et_pb_use_builder":"","_et_pb_old_content":"","_et_gb_content_width":"","footnotes":""},"categories":[53,10],"tags":[],"class_list":["post-36119","post","type-post","status-publish","format-standard","has-post-thumbnail","hentry","category-africa-central","category-camerun"],"yoast_head":"<!-- This site is optimized with the Yoast SEO plugin v27.4 - https:\/\/yoast.com\/product\/yoast-seo-wordpress\/ -->\n<title>CELEBRACI\u00d3N DE LA LENGUA MATERNA EN EL COMPLEJO ESCOLAR BILING\u00dcE SAN JOS\u00c9 CALASANZ EN BAFIA<\/title>\n<meta name=\"description\" content=\"Abrimos esta semana del 21 de enero, con la celebraci\u00f3n de la lengua materna con los alumnos del complejo escolar biling\u00fce San Jos\u00e9 Calasanz de Bafia. En el programa de ejecuci\u00f3n del himno nacional en el idioma Bafia, bailes tradicionales, cuentos en lenguas maternas, canciones y bailes en el idioma, comidas tradicionales, as\u00ed como el&hellip;\" \/>\n<meta name=\"robots\" content=\"index, follow, max-snippet:-1, max-image-preview:large, max-video-preview:-1\" \/>\n<link rel=\"canonical\" href=\"http:\/\/Abrimos%20esta%20semana%20del%2021%20de%20enero,%20con%20la%20celebraci\u00f3n%20de%20la%20lengua%20materna%20con%20los%20alumnos%20del%20complejo%20escolar%20biling\u00fce%20San%20Jos\u00e9%20Calasanz%20de%20Bafia.%20En%20el%20programa%20de%20ejecuci\u00f3n%20del%20himno%20nacional%20en%20el%20idioma%20Bafia,%20bailes%20tradicionales,%20cuentos%20en%20lenguas%20maternas,%20canciones%20y%20bailes%20en%20el%20idioma,%20comidas%20tradicionales,%20as\u00ed%20como%20el&hellip;\" \/>\n<meta property=\"og:locale\" content=\"ca_ES\" \/>\n<meta property=\"og:type\" content=\"article\" \/>\n<meta property=\"og:title\" content=\"CELEBRACI\u00d3N DE LA LENGUA MATERNA EN EL COMPLEJO ESCOLAR BILING\u00dcE SAN JOS\u00c9 CALASANZ EN BAFIA\" \/>\n<meta property=\"og:description\" content=\"Abrimos esta semana del 21 de enero, con la celebraci\u00f3n de la lengua materna con los alumnos del complejo escolar biling\u00fce San Jos\u00e9 Calasanz de Bafia. En el programa de ejecuci\u00f3n del himno nacional en el idioma Bafia, bailes tradicionales, cuentos en lenguas maternas, canciones y bailes en el idioma, comidas tradicionales, as\u00ed como el&hellip;\" \/>\n<meta property=\"og:url\" content=\"https:\/\/www.itakaescolapios.org\/ca\/2022\/02\/celebracion-de-la-lengua-materna-en-el-complejo-escolar-bilingue-san-jose-calasanz-en-bafia\/\" \/>\n<meta property=\"og:site_name\" content=\"Itaka-Escolapios\" \/>\n<meta property=\"article:published_time\" content=\"2022-02-21T12:04:34+00:00\" \/>\n<meta property=\"article:modified_time\" content=\"2023-11-28T11:35:51+00:00\" \/>\n<meta property=\"og:image\" content=\"https:\/\/www.itakaescolapios.org\/wp-content\/uploads\/2022\/02\/IMG-20220221-WA0063.jpg\" \/>\n\t<meta property=\"og:image:width\" content=\"1024\" \/>\n\t<meta property=\"og:image:height\" content=\"576\" \/>\n\t<meta property=\"og:image:type\" content=\"image\/jpeg\" \/>\n<meta name=\"author\" content=\"cameroun01\" \/>\n<meta name=\"twitter:card\" content=\"summary_large_image\" \/>\n<meta name=\"twitter:label1\" content=\"Escrit per\" \/>\n\t<meta name=\"twitter:data1\" content=\"cameroun01\" \/>\n\t<meta name=\"twitter:label2\" content=\"Temps estimat de lectura\" \/>\n\t<meta name=\"twitter:data2\" content=\"1 minut\" \/>\n<script type=\"application\/ld+json\" class=\"yoast-schema-graph\">{\"@context\":\"https:\\\/\\\/schema.org\",\"@graph\":[{\"@type\":\"Article\",\"@id\":\"https:\\\/\\\/www.itakaescolapios.org\\\/ca\\\/2022\\\/02\\\/celebracion-de-la-lengua-materna-en-el-complejo-escolar-bilingue-san-jose-calasanz-en-bafia\\\/#article\",\"isPartOf\":{\"@id\":\"https:\\\/\\\/www.itakaescolapios.org\\\/ca\\\/2022\\\/02\\\/celebracion-de-la-lengua-materna-en-el-complejo-escolar-bilingue-san-jose-calasanz-en-bafia\\\/\"},\"author\":{\"name\":\"cameroun01\",\"@id\":\"https:\\\/\\\/www.itakaescolapios.org\\\/es\\\/#\\\/schema\\\/person\\\/d2844383e29bfdfef69039672ce14eb1\"},\"headline\":\"CELEBRACI\u00d3N DE LA LENGUA MATERNA EN EL COMPLEJO ESCOLAR BILING\u00dcE SAN JOS\u00c9 CALASANZ EN BAFIA\",\"datePublished\":\"2022-02-21T12:04:34+00:00\",\"dateModified\":\"2023-11-28T11:35:51+00:00\",\"mainEntityOfPage\":{\"@id\":\"https:\\\/\\\/www.itakaescolapios.org\\\/ca\\\/2022\\\/02\\\/celebracion-de-la-lengua-materna-en-el-complejo-escolar-bilingue-san-jose-calasanz-en-bafia\\\/\"},\"wordCount\":169,\"publisher\":{\"@id\":\"https:\\\/\\\/www.itakaescolapios.org\\\/es\\\/#organization\"},\"image\":{\"@id\":\"https:\\\/\\\/www.itakaescolapios.org\\\/ca\\\/2022\\\/02\\\/celebracion-de-la-lengua-materna-en-el-complejo-escolar-bilingue-san-jose-calasanz-en-bafia\\\/#primaryimage\"},\"thumbnailUrl\":\"https:\\\/\\\/www.itakaescolapios.org\\\/wp-content\\\/uploads\\\/2022\\\/02\\\/IMG-20220221-WA0063.jpg\",\"articleSection\":[\"\u00c1frica Central\",\"Camerun\"],\"inLanguage\":\"ca\"},{\"@type\":\"WebPage\",\"@id\":\"https:\\\/\\\/www.itakaescolapios.org\\\/ca\\\/2022\\\/02\\\/celebracion-de-la-lengua-materna-en-el-complejo-escolar-bilingue-san-jose-calasanz-en-bafia\\\/\",\"url\":\"https:\\\/\\\/www.itakaescolapios.org\\\/ca\\\/2022\\\/02\\\/celebracion-de-la-lengua-materna-en-el-complejo-escolar-bilingue-san-jose-calasanz-en-bafia\\\/\",\"name\":\"CELEBRACI\u00d3N DE LA LENGUA MATERNA EN EL COMPLEJO ESCOLAR BILING\u00dcE SAN JOS\u00c9 CALASANZ EN BAFIA - Itaka-Escolapios\",\"isPartOf\":{\"@id\":\"https:\\\/\\\/www.itakaescolapios.org\\\/es\\\/#website\"},\"primaryImageOfPage\":{\"@id\":\"https:\\\/\\\/www.itakaescolapios.org\\\/ca\\\/2022\\\/02\\\/celebracion-de-la-lengua-materna-en-el-complejo-escolar-bilingue-san-jose-calasanz-en-bafia\\\/#primaryimage\"},\"image\":{\"@id\":\"https:\\\/\\\/www.itakaescolapios.org\\\/ca\\\/2022\\\/02\\\/celebracion-de-la-lengua-materna-en-el-complejo-escolar-bilingue-san-jose-calasanz-en-bafia\\\/#primaryimage\"},\"thumbnailUrl\":\"https:\\\/\\\/www.itakaescolapios.org\\\/wp-content\\\/uploads\\\/2022\\\/02\\\/IMG-20220221-WA0063.jpg\",\"datePublished\":\"2022-02-21T12:04:34+00:00\",\"dateModified\":\"2023-11-28T11:35:51+00:00\",\"breadcrumb\":{\"@id\":\"https:\\\/\\\/www.itakaescolapios.org\\\/ca\\\/2022\\\/02\\\/celebracion-de-la-lengua-materna-en-el-complejo-escolar-bilingue-san-jose-calasanz-en-bafia\\\/#breadcrumb\"},\"inLanguage\":\"ca\",\"potentialAction\":[{\"@type\":\"ReadAction\",\"target\":[\"https:\\\/\\\/www.itakaescolapios.org\\\/ca\\\/2022\\\/02\\\/celebracion-de-la-lengua-materna-en-el-complejo-escolar-bilingue-san-jose-calasanz-en-bafia\\\/\"]}]},{\"@type\":\"ImageObject\",\"inLanguage\":\"ca\",\"@id\":\"https:\\\/\\\/www.itakaescolapios.org\\\/ca\\\/2022\\\/02\\\/celebracion-de-la-lengua-materna-en-el-complejo-escolar-bilingue-san-jose-calasanz-en-bafia\\\/#primaryimage\",\"url\":\"https:\\\/\\\/www.itakaescolapios.org\\\/wp-content\\\/uploads\\\/2022\\\/02\\\/IMG-20220221-WA0063.jpg\",\"contentUrl\":\"https:\\\/\\\/www.itakaescolapios.org\\\/wp-content\\\/uploads\\\/2022\\\/02\\\/IMG-20220221-WA0063.jpg\",\"width\":1024,\"height\":576},{\"@type\":\"BreadcrumbList\",\"@id\":\"https:\\\/\\\/www.itakaescolapios.org\\\/ca\\\/2022\\\/02\\\/celebracion-de-la-lengua-materna-en-el-complejo-escolar-bilingue-san-jose-calasanz-en-bafia\\\/#breadcrumb\",\"itemListElement\":[{\"@type\":\"ListItem\",\"position\":1,\"name\":\"Itaka-Escolapios\",\"item\":\"https:\\\/\\\/www.itakaescolapios.org\\\/es\\\/\"},{\"@type\":\"ListItem\",\"position\":2,\"name\":\"CELEBRACI\u00d3N DE LA LENGUA MATERNA EN EL COMPLEJO ESCOLAR BILING\u00dcE SAN JOS\u00c9 CALASANZ EN BAFIA\"}]},{\"@type\":\"WebSite\",\"@id\":\"https:\\\/\\\/www.itakaescolapios.org\\\/ca\\\/es\\\/#website\",\"url\":\"https:\\\/\\\/www.itakaescolapios.org\\\/ca\\\/es\\\/\",\"name\":\"Itaka-Escolapios\",\"description\":\"Red de Itaka-Escolapios\",\"publisher\":{\"@id\":\"https:\\\/\\\/www.itakaescolapios.org\\\/ca\\\/es\\\/#organization\"},\"potentialAction\":[{\"@type\":\"SearchAction\",\"target\":{\"@type\":\"EntryPoint\",\"urlTemplate\":\"https:\\\/\\\/www.itakaescolapios.org\\\/ca\\\/es\\\/?s={search_term_string}\"},\"query-input\":{\"@type\":\"PropertyValueSpecification\",\"valueRequired\":true,\"valueName\":\"search_term_string\"}}],\"inLanguage\":\"ca\"},{\"@type\":\"Organization\",\"@id\":\"https:\\\/\\\/www.itakaescolapios.org\\\/ca\\\/es\\\/#organization\",\"name\":\"Fundaci\u00f3 Itaka-Escolapios\",\"url\":\"https:\\\/\\\/www.itakaescolapios.org\\\/ca\\\/es\\\/\",\"logo\":{\"@type\":\"ImageObject\",\"inLanguage\":\"ca\",\"@id\":\"https:\\\/\\\/www.itakaescolapios.org\\\/ca\\\/es\\\/#\\\/schema\\\/logo\\\/image\\\/\",\"url\":\"https:\\\/\\\/www.itakaescolapios.org\\\/wp-content\\\/uploads\\\/2024\\\/04\\\/Logo-itakaescolapios-peque.png\",\"contentUrl\":\"https:\\\/\\\/www.itakaescolapios.org\\\/wp-content\\\/uploads\\\/2024\\\/04\\\/Logo-itakaescolapios-peque.png\",\"width\":500,\"height\":199,\"caption\":\"Fundaci\u00f3 Itaka-Escolapios\"},\"image\":{\"@id\":\"https:\\\/\\\/www.itakaescolapios.org\\\/ca\\\/es\\\/#\\\/schema\\\/logo\\\/image\\\/\"}},{\"@type\":\"Person\",\"@id\":\"https:\\\/\\\/www.itakaescolapios.org\\\/es\\\/#\\\/schema\\\/person\\\/d2844383e29bfdfef69039672ce14eb1\",\"name\":\"cameroun01\",\"url\":\"https:\\\/\\\/www.itakaescolapios.org\\\/ca\\\/author\\\/cameroun01\\\/\"}]}<\/script>\n<!-- \/ Yoast SEO plugin. -->","yoast_head_json":{"title":"CELEBRACI\u00d3N DE LA LENGUA MATERNA EN EL COMPLEJO ESCOLAR BILING\u00dcE SAN JOS\u00c9 CALASANZ EN BAFIA","description":"Abrimos esta semana del 21 de enero, con la celebraci\u00f3n de la lengua materna con los alumnos del complejo escolar biling\u00fce San Jos\u00e9 Calasanz de Bafia. En el programa de ejecuci\u00f3n del himno nacional en el idioma Bafia, bailes tradicionales, cuentos en lenguas maternas, canciones y bailes en el idioma, comidas tradicionales, as\u00ed como el&hellip;","robots":{"index":"index","follow":"follow","max-snippet":"max-snippet:-1","max-image-preview":"max-image-preview:large","max-video-preview":"max-video-preview:-1"},"canonical":"Abrimos esta semana del 21 de enero, con la celebraci\u00f3n de la lengua materna con los alumnos del complejo escolar biling\u00fce San Jos\u00e9 Calasanz de Bafia. En el programa de ejecuci\u00f3n del himno nacional en el idioma Bafia, bailes tradicionales, cuentos en lenguas maternas, canciones y bailes en el idioma, comidas tradicionales, as\u00ed como el&hellip;","og_locale":"ca_ES","og_type":"article","og_title":"CELEBRACI\u00d3N DE LA LENGUA MATERNA EN EL COMPLEJO ESCOLAR BILING\u00dcE SAN JOS\u00c9 CALASANZ EN BAFIA","og_description":"Abrimos esta semana del 21 de enero, con la celebraci\u00f3n de la lengua materna con los alumnos del complejo escolar biling\u00fce San Jos\u00e9 Calasanz de Bafia. En el programa de ejecuci\u00f3n del himno nacional en el idioma Bafia, bailes tradicionales, cuentos en lenguas maternas, canciones y bailes en el idioma, comidas tradicionales, as\u00ed como el&hellip;","og_url":"https:\/\/www.itakaescolapios.org\/ca\/2022\/02\/celebracion-de-la-lengua-materna-en-el-complejo-escolar-bilingue-san-jose-calasanz-en-bafia\/","og_site_name":"Itaka-Escolapios","article_published_time":"2022-02-21T12:04:34+00:00","article_modified_time":"2023-11-28T11:35:51+00:00","og_image":[{"width":1024,"height":576,"url":"https:\/\/www.itakaescolapios.org\/wp-content\/uploads\/2022\/02\/IMG-20220221-WA0063.jpg","type":"image\/jpeg"}],"author":"cameroun01","twitter_card":"summary_large_image","twitter_misc":{"Escrit per":"cameroun01","Temps estimat de lectura":"1 minut"},"schema":{"@context":"https:\/\/schema.org","@graph":[{"@type":"Article","@id":"https:\/\/www.itakaescolapios.org\/ca\/2022\/02\/celebracion-de-la-lengua-materna-en-el-complejo-escolar-bilingue-san-jose-calasanz-en-bafia\/#article","isPartOf":{"@id":"https:\/\/www.itakaescolapios.org\/ca\/2022\/02\/celebracion-de-la-lengua-materna-en-el-complejo-escolar-bilingue-san-jose-calasanz-en-bafia\/"},"author":{"name":"cameroun01","@id":"https:\/\/www.itakaescolapios.org\/es\/#\/schema\/person\/d2844383e29bfdfef69039672ce14eb1"},"headline":"CELEBRACI\u00d3N DE LA LENGUA MATERNA EN EL COMPLEJO ESCOLAR BILING\u00dcE SAN JOS\u00c9 CALASANZ EN BAFIA","datePublished":"2022-02-21T12:04:34+00:00","dateModified":"2023-11-28T11:35:51+00:00","mainEntityOfPage":{"@id":"https:\/\/www.itakaescolapios.org\/ca\/2022\/02\/celebracion-de-la-lengua-materna-en-el-complejo-escolar-bilingue-san-jose-calasanz-en-bafia\/"},"wordCount":169,"publisher":{"@id":"https:\/\/www.itakaescolapios.org\/es\/#organization"},"image":{"@id":"https:\/\/www.itakaescolapios.org\/ca\/2022\/02\/celebracion-de-la-lengua-materna-en-el-complejo-escolar-bilingue-san-jose-calasanz-en-bafia\/#primaryimage"},"thumbnailUrl":"https:\/\/www.itakaescolapios.org\/wp-content\/uploads\/2022\/02\/IMG-20220221-WA0063.jpg","articleSection":["\u00c1frica Central","Camerun"],"inLanguage":"ca"},{"@type":"WebPage","@id":"https:\/\/www.itakaescolapios.org\/ca\/2022\/02\/celebracion-de-la-lengua-materna-en-el-complejo-escolar-bilingue-san-jose-calasanz-en-bafia\/","url":"https:\/\/www.itakaescolapios.org\/ca\/2022\/02\/celebracion-de-la-lengua-materna-en-el-complejo-escolar-bilingue-san-jose-calasanz-en-bafia\/","name":"CELEBRACI\u00d3N DE LA LENGUA MATERNA EN EL COMPLEJO ESCOLAR BILING\u00dcE SAN JOS\u00c9 CALASANZ EN BAFIA - Itaka-Escolapios","isPartOf":{"@id":"https:\/\/www.itakaescolapios.org\/es\/#website"},"primaryImageOfPage":{"@id":"https:\/\/www.itakaescolapios.org\/ca\/2022\/02\/celebracion-de-la-lengua-materna-en-el-complejo-escolar-bilingue-san-jose-calasanz-en-bafia\/#primaryimage"},"image":{"@id":"https:\/\/www.itakaescolapios.org\/ca\/2022\/02\/celebracion-de-la-lengua-materna-en-el-complejo-escolar-bilingue-san-jose-calasanz-en-bafia\/#primaryimage"},"thumbnailUrl":"https:\/\/www.itakaescolapios.org\/wp-content\/uploads\/2022\/02\/IMG-20220221-WA0063.jpg","datePublished":"2022-02-21T12:04:34+00:00","dateModified":"2023-11-28T11:35:51+00:00","breadcrumb":{"@id":"https:\/\/www.itakaescolapios.org\/ca\/2022\/02\/celebracion-de-la-lengua-materna-en-el-complejo-escolar-bilingue-san-jose-calasanz-en-bafia\/#breadcrumb"},"inLanguage":"ca","potentialAction":[{"@type":"ReadAction","target":["https:\/\/www.itakaescolapios.org\/ca\/2022\/02\/celebracion-de-la-lengua-materna-en-el-complejo-escolar-bilingue-san-jose-calasanz-en-bafia\/"]}]},{"@type":"ImageObject","inLanguage":"ca","@id":"https:\/\/www.itakaescolapios.org\/ca\/2022\/02\/celebracion-de-la-lengua-materna-en-el-complejo-escolar-bilingue-san-jose-calasanz-en-bafia\/#primaryimage","url":"https:\/\/www.itakaescolapios.org\/wp-content\/uploads\/2022\/02\/IMG-20220221-WA0063.jpg","contentUrl":"https:\/\/www.itakaescolapios.org\/wp-content\/uploads\/2022\/02\/IMG-20220221-WA0063.jpg","width":1024,"height":576},{"@type":"BreadcrumbList","@id":"https:\/\/www.itakaescolapios.org\/ca\/2022\/02\/celebracion-de-la-lengua-materna-en-el-complejo-escolar-bilingue-san-jose-calasanz-en-bafia\/#breadcrumb","itemListElement":[{"@type":"ListItem","position":1,"name":"Itaka-Escolapios","item":"https:\/\/www.itakaescolapios.org\/es\/"},{"@type":"ListItem","position":2,"name":"CELEBRACI\u00d3N DE LA LENGUA MATERNA EN EL COMPLEJO ESCOLAR BILING\u00dcE SAN JOS\u00c9 CALASANZ EN BAFIA"}]},{"@type":"WebSite","@id":"https:\/\/www.itakaescolapios.org\/ca\/es\/#website","url":"https:\/\/www.itakaescolapios.org\/ca\/es\/","name":"Itaka-Escolapios","description":"Red de Itaka-Escolapios","publisher":{"@id":"https:\/\/www.itakaescolapios.org\/ca\/es\/#organization"},"potentialAction":[{"@type":"SearchAction","target":{"@type":"EntryPoint","urlTemplate":"https:\/\/www.itakaescolapios.org\/ca\/es\/?s={search_term_string}"},"query-input":{"@type":"PropertyValueSpecification","valueRequired":true,"valueName":"search_term_string"}}],"inLanguage":"ca"},{"@type":"Organization","@id":"https:\/\/www.itakaescolapios.org\/ca\/es\/#organization","name":"Fundaci\u00f3 Itaka-Escolapios","url":"https:\/\/www.itakaescolapios.org\/ca\/es\/","logo":{"@type":"ImageObject","inLanguage":"ca","@id":"https:\/\/www.itakaescolapios.org\/ca\/es\/#\/schema\/logo\/image\/","url":"https:\/\/www.itakaescolapios.org\/wp-content\/uploads\/2024\/04\/Logo-itakaescolapios-peque.png","contentUrl":"https:\/\/www.itakaescolapios.org\/wp-content\/uploads\/2024\/04\/Logo-itakaescolapios-peque.png","width":500,"height":199,"caption":"Fundaci\u00f3 Itaka-Escolapios"},"image":{"@id":"https:\/\/www.itakaescolapios.org\/ca\/es\/#\/schema\/logo\/image\/"}},{"@type":"Person","@id":"https:\/\/www.itakaescolapios.org\/es\/#\/schema\/person\/d2844383e29bfdfef69039672ce14eb1","name":"cameroun01","url":"https:\/\/www.itakaescolapios.org\/ca\/author\/cameroun01\/"}]}},"_links":{"self":[{"href":"https:\/\/www.itakaescolapios.org\/ca\/wp-json\/wp\/v2\/posts\/36119","targetHints":{"allow":["GET"]}}],"collection":[{"href":"https:\/\/www.itakaescolapios.org\/ca\/wp-json\/wp\/v2\/posts"}],"about":[{"href":"https:\/\/www.itakaescolapios.org\/ca\/wp-json\/wp\/v2\/types\/post"}],"author":[{"embeddable":true,"href":"https:\/\/www.itakaescolapios.org\/ca\/wp-json\/wp\/v2\/users\/15"}],"replies":[{"embeddable":true,"href":"https:\/\/www.itakaescolapios.org\/ca\/wp-json\/wp\/v2\/comments?post=36119"}],"version-history":[{"count":3,"href":"https:\/\/www.itakaescolapios.org\/ca\/wp-json\/wp\/v2\/posts\/36119\/revisions"}],"predecessor-version":[{"id":44051,"href":"https:\/\/www.itakaescolapios.org\/ca\/wp-json\/wp\/v2\/posts\/36119\/revisions\/44051"}],"wp:featuredmedia":[{"embeddable":true,"href":"https:\/\/www.itakaescolapios.org\/ca\/wp-json\/wp\/v2\/media\/36120"}],"wp:attachment":[{"href":"https:\/\/www.itakaescolapios.org\/ca\/wp-json\/wp\/v2\/media?parent=36119"}],"wp:term":[{"taxonomy":"category","embeddable":true,"href":"https:\/\/www.itakaescolapios.org\/ca\/wp-json\/wp\/v2\/categories?post=36119"},{"taxonomy":"post_tag","embeddable":true,"href":"https:\/\/www.itakaescolapios.org\/ca\/wp-json\/wp\/v2\/tags?post=36119"}],"curies":[{"name":"wp","href":"https:\/\/api.w.org\/{rel}","templated":true}]}}