{"id":36213,"date":"2022-03-02T15:30:49","date_gmt":"2022-03-02T14:30:49","guid":{"rendered":"https:\/\/www.itakaescolapios.org\/?p=36213"},"modified":"2023-11-28T12:35:50","modified_gmt":"2023-11-28T11:35:50","slug":"misa-de-miercoles-de-ceniza-en-el-colegio-san-jose-calasanz-de-malibe","status":"publish","type":"post","link":"https:\/\/www.itakaescolapios.org\/ca\/2022\/03\/misa-de-miercoles-de-ceniza-en-el-colegio-san-jose-calasanz-de-malibe\/","title":{"rendered":"MISA DE MI\u00c9RCOLES DE CENIZA EN EL COLEGIO SAN JOS\u00c9 CALASANZ DE Malib\u00e9"},"content":{"rendered":"<div id=\"tw-container\" class=\"\" data-cp=\"1\" data-is-ver=\"false\" data-nnttsvi=\"1\" data-sm=\"1\" data-sugg-time=\"500\" data-sugg-url=\"https:\/\/clients1.google.com\/complete\/search\" data-uilc=\"fr\">\n<div id=\"tw-ob\" class=\"tw-src-ltr\">\n<div class=\"oSioSc\">\n<div id=\"tw-target\">\n<div id=\"kAz1tf\" class=\"g9WsWb\">\n<div id=\"tw-target-text-container\" class=\"tw-ta-container F0azHf tw-nfl\">\n<div id=\"tw-container\" class=\"\" data-cp=\"1\" data-is-ver=\"false\" data-nnttsvi=\"1\" data-sm=\"1\" data-sugg-time=\"500\" data-sugg-url=\"https:\/\/clients1.google.com\/complete\/search\" data-uilc=\"fr\">\n<div id=\"tw-ob\" class=\"tw-src-ltr\">\n<div class=\"oSioSc\">\n<div id=\"tw-target\">\n<div id=\"kAz1tf\" class=\"g9WsWb\">\n<div id=\"tw-target-text-container\" class=\"tw-ta-container F0azHf tw-nfl\">\n<p id=\"tw-target-text\" class=\"tw-data-text tw-text-large tw-ta\" dir=\"ltr\" data-placeholder=\"Traduction\"><span class=\"Y2IQFc\" lang=\"es\">Este mi\u00e9rcoles 02 de marzo de 2022 tuvo lugar en la parroquia de Saint Louis Marie Grignon de Montfort (Gab\u00f3n), la Misa del Mi\u00e9rcoles de Ceniza presidida por el Padre Cyril, el Padre Justin y el Hermano Aur\u00e9lien. Para dar un inicio efectivo al per\u00edodo de Cuaresma, los alumnos del Instituto Cat\u00f3lico Calasanz de Libreville recibieron ceniza en la frente y durante la predicaci\u00f3n del d\u00eda se les hizo una invitaci\u00f3n al compartir, la oraci\u00f3n y el ayuno.<\/span><\/p>\n<\/div>\n<\/div>\n<\/div>\n<\/div>\n<\/div>\n<\/div>\n<p dir=\"ltr\" data-placeholder=\"Traduction\"><img decoding=\"async\" class=\"size-full wp-image-36214 aligncenter\" src=\"https:\/\/www.itakaescolapios.org\/wp-content\/uploads\/2022\/03\/IMG-20220302-WA0059.jpg\" alt=\"\" width=\"1080\" height=\"486\" srcset=\"https:\/\/www.itakaescolapios.org\/wp-content\/uploads\/2022\/03\/IMG-20220302-WA0059.jpg 1080w, https:\/\/www.itakaescolapios.org\/wp-content\/uploads\/2022\/03\/IMG-20220302-WA0059-300x135.jpg 300w, https:\/\/www.itakaescolapios.org\/wp-content\/uploads\/2022\/03\/IMG-20220302-WA0059-1024x461.jpg 1024w, https:\/\/www.itakaescolapios.org\/wp-content\/uploads\/2022\/03\/IMG-20220302-WA0059-768x346.jpg 768w, https:\/\/www.itakaescolapios.org\/wp-content\/uploads\/2022\/03\/IMG-20220302-WA0059-250x113.jpg 250w\" sizes=\"(max-width: 1080px) 100vw, 1080px\" \/><\/p>\n<p dir=\"ltr\" data-placeholder=\"Traduction\"><img decoding=\"async\" class=\"size-full wp-image-36216 aligncenter\" src=\"https:\/\/www.itakaescolapios.org\/wp-content\/uploads\/2022\/03\/IMG-20220302-WA0057.jpg\" alt=\"\" width=\"1080\" height=\"486\" srcset=\"https:\/\/www.itakaescolapios.org\/wp-content\/uploads\/2022\/03\/IMG-20220302-WA0057.jpg 1080w, https:\/\/www.itakaescolapios.org\/wp-content\/uploads\/2022\/03\/IMG-20220302-WA0057-300x135.jpg 300w, https:\/\/www.itakaescolapios.org\/wp-content\/uploads\/2022\/03\/IMG-20220302-WA0057-1024x461.jpg 1024w, https:\/\/www.itakaescolapios.org\/wp-content\/uploads\/2022\/03\/IMG-20220302-WA0057-768x346.jpg 768w, https:\/\/www.itakaescolapios.org\/wp-content\/uploads\/2022\/03\/IMG-20220302-WA0057-250x113.jpg 250w\" sizes=\"(max-width: 1080px) 100vw, 1080px\" \/><\/p>\n<p dir=\"ltr\" data-placeholder=\"Traduction\"><img decoding=\"async\" class=\"size-full wp-image-36217 aligncenter\" src=\"https:\/\/www.itakaescolapios.org\/wp-content\/uploads\/2022\/03\/IMG-20220302-WA0049.jpg\" alt=\"\" width=\"960\" height=\"540\" srcset=\"https:\/\/www.itakaescolapios.org\/wp-content\/uploads\/2022\/03\/IMG-20220302-WA0049.jpg 960w, https:\/\/www.itakaescolapios.org\/wp-content\/uploads\/2022\/03\/IMG-20220302-WA0049-300x169.jpg 300w, https:\/\/www.itakaescolapios.org\/wp-content\/uploads\/2022\/03\/IMG-20220302-WA0049-768x432.jpg 768w, https:\/\/www.itakaescolapios.org\/wp-content\/uploads\/2022\/03\/IMG-20220302-WA0049-250x141.jpg 250w\" sizes=\"(max-width: 960px) 100vw, 960px\" \/><\/p>\n<\/div>\n<\/div>\n<\/div>\n<\/div>\n<\/div>\n<\/div>\n<p><!--more--><\/p>\n","protected":false},"excerpt":{"rendered":"<p>Este mi\u00e9rcoles 02 de marzo de 2022 tuvo lugar en la parroquia de Saint Louis Marie Grignon de Montfort (Gab\u00f3n), la Misa del Mi\u00e9rcoles de Ceniza presidida por el Padre [&hellip;]<\/p>\n","protected":false},"author":15,"featured_media":36215,"comment_status":"closed","ping_status":"closed","sticky":false,"template":"","format":"standard","meta":{"_et_pb_use_builder":"","_et_pb_old_content":"","_et_gb_content_width":"","footnotes":""},"categories":[53,10],"tags":[],"class_list":["post-36213","post","type-post","status-publish","format-standard","has-post-thumbnail","hentry","category-africa-central","category-camerun"],"yoast_head":"<!-- This site is optimized with the Yoast SEO plugin v27.4 - https:\/\/yoast.com\/product\/yoast-seo-wordpress\/ -->\n<title>MISA DE MI\u00c9RCOLES DE CENIZA EN EL COLEGIO SAN JOS\u00c9 CALASANZ DE Malib\u00e9<\/title>\n<meta name=\"description\" content=\"Este mi\u00e9rcoles 02 de marzo de 2022 tuvo lugar en la parroquia de Saint Louis Marie Grignon de Montfort (Gab\u00f3n), la Misa del Mi\u00e9rcoles de Ceniza presidida por el Padre Cyril, el Padre Justin y el Hermano Aur\u00e9lien. Para dar un inicio efectivo al per\u00edodo de Cuaresma, los alumnos del Instituto Cat\u00f3lico Calasanz de Libreville&hellip;\" \/>\n<meta name=\"robots\" content=\"index, follow, max-snippet:-1, max-image-preview:large, max-video-preview:-1\" \/>\n<link rel=\"canonical\" href=\"http:\/\/Este%20mi\u00e9rcoles%2002%20de%20marzo%20de%202022%20tuvo%20lugar%20en%20la%20parroquia%20de%20Saint%20Louis%20Marie%20Grignon%20de%20Montfort%20(Gab\u00f3n),%20la%20Misa%20del%20Mi\u00e9rcoles%20de%20Ceniza%20presidida%20por%20el%20Padre%20Cyril,%20el%20Padre%20Justin%20y%20el%20Hermano%20Aur\u00e9lien.%20Para%20dar%20un%20inicio%20efectivo%20al%20per\u00edodo%20de%20Cuaresma,%20los%20alumnos%20del%20Instituto%20Cat\u00f3lico%20Calasanz%20de%20Libreville&hellip;\" \/>\n<meta property=\"og:locale\" content=\"ca_ES\" \/>\n<meta property=\"og:type\" content=\"article\" \/>\n<meta property=\"og:title\" content=\"MISA DE MI\u00c9RCOLES DE CENIZA EN EL COLEGIO SAN JOS\u00c9 CALASANZ DE Malib\u00e9\" \/>\n<meta property=\"og:description\" content=\"Este mi\u00e9rcoles 02 de marzo de 2022 tuvo lugar en la parroquia de Saint Louis Marie Grignon de Montfort (Gab\u00f3n), la Misa del Mi\u00e9rcoles de Ceniza presidida por el Padre Cyril, el Padre Justin y el Hermano Aur\u00e9lien. Para dar un inicio efectivo al per\u00edodo de Cuaresma, los alumnos del Instituto Cat\u00f3lico Calasanz de Libreville&hellip;\" \/>\n<meta property=\"og:url\" content=\"https:\/\/www.itakaescolapios.org\/ca\/2022\/03\/misa-de-miercoles-de-ceniza-en-el-colegio-san-jose-calasanz-de-malibe\/\" \/>\n<meta property=\"og:site_name\" content=\"Itaka-Escolapios\" \/>\n<meta property=\"article:published_time\" content=\"2022-03-02T14:30:49+00:00\" \/>\n<meta property=\"article:modified_time\" content=\"2023-11-28T11:35:50+00:00\" \/>\n<meta property=\"og:image\" content=\"https:\/\/www.itakaescolapios.org\/wp-content\/uploads\/2022\/03\/IMG-20220302-WA0056.jpg\" \/>\n\t<meta property=\"og:image:width\" content=\"1080\" \/>\n\t<meta property=\"og:image:height\" content=\"486\" \/>\n\t<meta property=\"og:image:type\" content=\"image\/jpeg\" \/>\n<meta name=\"author\" content=\"cameroun01\" \/>\n<meta name=\"twitter:card\" content=\"summary_large_image\" \/>\n<meta name=\"twitter:label1\" content=\"Escrit per\" \/>\n\t<meta name=\"twitter:data1\" content=\"cameroun01\" \/>\n<script type=\"application\/ld+json\" class=\"yoast-schema-graph\">{\"@context\":\"https:\\\/\\\/schema.org\",\"@graph\":[{\"@type\":\"Article\",\"@id\":\"https:\\\/\\\/www.itakaescolapios.org\\\/ca\\\/2022\\\/03\\\/misa-de-miercoles-de-ceniza-en-el-colegio-san-jose-calasanz-de-malibe\\\/#article\",\"isPartOf\":{\"@id\":\"https:\\\/\\\/www.itakaescolapios.org\\\/ca\\\/2022\\\/03\\\/misa-de-miercoles-de-ceniza-en-el-colegio-san-jose-calasanz-de-malibe\\\/\"},\"author\":{\"name\":\"cameroun01\",\"@id\":\"https:\\\/\\\/www.itakaescolapios.org\\\/es\\\/#\\\/schema\\\/person\\\/d2844383e29bfdfef69039672ce14eb1\"},\"headline\":\"MISA DE MI\u00c9RCOLES DE CENIZA EN EL COLEGIO SAN JOS\u00c9 CALASANZ DE Malib\u00e9\",\"datePublished\":\"2022-03-02T14:30:49+00:00\",\"dateModified\":\"2023-11-28T11:35:50+00:00\",\"mainEntityOfPage\":{\"@id\":\"https:\\\/\\\/www.itakaescolapios.org\\\/ca\\\/2022\\\/03\\\/misa-de-miercoles-de-ceniza-en-el-colegio-san-jose-calasanz-de-malibe\\\/\"},\"wordCount\":100,\"publisher\":{\"@id\":\"https:\\\/\\\/www.itakaescolapios.org\\\/es\\\/#organization\"},\"image\":{\"@id\":\"https:\\\/\\\/www.itakaescolapios.org\\\/ca\\\/2022\\\/03\\\/misa-de-miercoles-de-ceniza-en-el-colegio-san-jose-calasanz-de-malibe\\\/#primaryimage\"},\"thumbnailUrl\":\"https:\\\/\\\/www.itakaescolapios.org\\\/wp-content\\\/uploads\\\/2022\\\/03\\\/IMG-20220302-WA0056.jpg\",\"articleSection\":[\"\u00c1frica Central\",\"Camerun\"],\"inLanguage\":\"ca\"},{\"@type\":\"WebPage\",\"@id\":\"https:\\\/\\\/www.itakaescolapios.org\\\/ca\\\/2022\\\/03\\\/misa-de-miercoles-de-ceniza-en-el-colegio-san-jose-calasanz-de-malibe\\\/\",\"url\":\"https:\\\/\\\/www.itakaescolapios.org\\\/ca\\\/2022\\\/03\\\/misa-de-miercoles-de-ceniza-en-el-colegio-san-jose-calasanz-de-malibe\\\/\",\"name\":\"MISA DE MI\u00c9RCOLES DE CENIZA EN EL COLEGIO SAN JOS\u00c9 CALASANZ DE Malib\u00e9 - Itaka-Escolapios\",\"isPartOf\":{\"@id\":\"https:\\\/\\\/www.itakaescolapios.org\\\/es\\\/#website\"},\"primaryImageOfPage\":{\"@id\":\"https:\\\/\\\/www.itakaescolapios.org\\\/ca\\\/2022\\\/03\\\/misa-de-miercoles-de-ceniza-en-el-colegio-san-jose-calasanz-de-malibe\\\/#primaryimage\"},\"image\":{\"@id\":\"https:\\\/\\\/www.itakaescolapios.org\\\/ca\\\/2022\\\/03\\\/misa-de-miercoles-de-ceniza-en-el-colegio-san-jose-calasanz-de-malibe\\\/#primaryimage\"},\"thumbnailUrl\":\"https:\\\/\\\/www.itakaescolapios.org\\\/wp-content\\\/uploads\\\/2022\\\/03\\\/IMG-20220302-WA0056.jpg\",\"datePublished\":\"2022-03-02T14:30:49+00:00\",\"dateModified\":\"2023-11-28T11:35:50+00:00\",\"breadcrumb\":{\"@id\":\"https:\\\/\\\/www.itakaescolapios.org\\\/ca\\\/2022\\\/03\\\/misa-de-miercoles-de-ceniza-en-el-colegio-san-jose-calasanz-de-malibe\\\/#breadcrumb\"},\"inLanguage\":\"ca\",\"potentialAction\":[{\"@type\":\"ReadAction\",\"target\":[\"https:\\\/\\\/www.itakaescolapios.org\\\/ca\\\/2022\\\/03\\\/misa-de-miercoles-de-ceniza-en-el-colegio-san-jose-calasanz-de-malibe\\\/\"]}]},{\"@type\":\"ImageObject\",\"inLanguage\":\"ca\",\"@id\":\"https:\\\/\\\/www.itakaescolapios.org\\\/ca\\\/2022\\\/03\\\/misa-de-miercoles-de-ceniza-en-el-colegio-san-jose-calasanz-de-malibe\\\/#primaryimage\",\"url\":\"https:\\\/\\\/www.itakaescolapios.org\\\/wp-content\\\/uploads\\\/2022\\\/03\\\/IMG-20220302-WA0056.jpg\",\"contentUrl\":\"https:\\\/\\\/www.itakaescolapios.org\\\/wp-content\\\/uploads\\\/2022\\\/03\\\/IMG-20220302-WA0056.jpg\",\"width\":1080,\"height\":486},{\"@type\":\"BreadcrumbList\",\"@id\":\"https:\\\/\\\/www.itakaescolapios.org\\\/ca\\\/2022\\\/03\\\/misa-de-miercoles-de-ceniza-en-el-colegio-san-jose-calasanz-de-malibe\\\/#breadcrumb\",\"itemListElement\":[{\"@type\":\"ListItem\",\"position\":1,\"name\":\"Itaka-Escolapios\",\"item\":\"https:\\\/\\\/www.itakaescolapios.org\\\/es\\\/\"},{\"@type\":\"ListItem\",\"position\":2,\"name\":\"MISA DE MI\u00c9RCOLES DE CENIZA EN EL COLEGIO SAN JOS\u00c9 CALASANZ DE Malib\u00e9\"}]},{\"@type\":\"WebSite\",\"@id\":\"https:\\\/\\\/www.itakaescolapios.org\\\/ca\\\/es\\\/#website\",\"url\":\"https:\\\/\\\/www.itakaescolapios.org\\\/ca\\\/es\\\/\",\"name\":\"Itaka-Escolapios\",\"description\":\"Red de Itaka-Escolapios\",\"publisher\":{\"@id\":\"https:\\\/\\\/www.itakaescolapios.org\\\/ca\\\/es\\\/#organization\"},\"potentialAction\":[{\"@type\":\"SearchAction\",\"target\":{\"@type\":\"EntryPoint\",\"urlTemplate\":\"https:\\\/\\\/www.itakaescolapios.org\\\/ca\\\/es\\\/?s={search_term_string}\"},\"query-input\":{\"@type\":\"PropertyValueSpecification\",\"valueRequired\":true,\"valueName\":\"search_term_string\"}}],\"inLanguage\":\"ca\"},{\"@type\":\"Organization\",\"@id\":\"https:\\\/\\\/www.itakaescolapios.org\\\/ca\\\/es\\\/#organization\",\"name\":\"Fundaci\u00f3 Itaka-Escolapios\",\"url\":\"https:\\\/\\\/www.itakaescolapios.org\\\/ca\\\/es\\\/\",\"logo\":{\"@type\":\"ImageObject\",\"inLanguage\":\"ca\",\"@id\":\"https:\\\/\\\/www.itakaescolapios.org\\\/ca\\\/es\\\/#\\\/schema\\\/logo\\\/image\\\/\",\"url\":\"https:\\\/\\\/www.itakaescolapios.org\\\/wp-content\\\/uploads\\\/2024\\\/04\\\/Logo-itakaescolapios-peque.png\",\"contentUrl\":\"https:\\\/\\\/www.itakaescolapios.org\\\/wp-content\\\/uploads\\\/2024\\\/04\\\/Logo-itakaescolapios-peque.png\",\"width\":500,\"height\":199,\"caption\":\"Fundaci\u00f3 Itaka-Escolapios\"},\"image\":{\"@id\":\"https:\\\/\\\/www.itakaescolapios.org\\\/ca\\\/es\\\/#\\\/schema\\\/logo\\\/image\\\/\"}},{\"@type\":\"Person\",\"@id\":\"https:\\\/\\\/www.itakaescolapios.org\\\/es\\\/#\\\/schema\\\/person\\\/d2844383e29bfdfef69039672ce14eb1\",\"name\":\"cameroun01\",\"url\":\"https:\\\/\\\/www.itakaescolapios.org\\\/ca\\\/author\\\/cameroun01\\\/\"}]}<\/script>\n<!-- \/ Yoast SEO plugin. -->","yoast_head_json":{"title":"MISA DE MI\u00c9RCOLES DE CENIZA EN EL COLEGIO SAN JOS\u00c9 CALASANZ DE Malib\u00e9","description":"Este mi\u00e9rcoles 02 de marzo de 2022 tuvo lugar en la parroquia de Saint Louis Marie Grignon de Montfort (Gab\u00f3n), la Misa del Mi\u00e9rcoles de Ceniza presidida por el Padre Cyril, el Padre Justin y el Hermano Aur\u00e9lien. Para dar un inicio efectivo al per\u00edodo de Cuaresma, los alumnos del Instituto Cat\u00f3lico Calasanz de Libreville&hellip;","robots":{"index":"index","follow":"follow","max-snippet":"max-snippet:-1","max-image-preview":"max-image-preview:large","max-video-preview":"max-video-preview:-1"},"canonical":"Este mi\u00e9rcoles 02 de marzo de 2022 tuvo lugar en la parroquia de Saint Louis Marie Grignon de Montfort (Gab\u00f3n), la Misa del Mi\u00e9rcoles de Ceniza presidida por el Padre Cyril, el Padre Justin y el Hermano Aur\u00e9lien. Para dar un inicio efectivo al per\u00edodo de Cuaresma, los alumnos del Instituto Cat\u00f3lico Calasanz de Libreville&hellip;","og_locale":"ca_ES","og_type":"article","og_title":"MISA DE MI\u00c9RCOLES DE CENIZA EN EL COLEGIO SAN JOS\u00c9 CALASANZ DE Malib\u00e9","og_description":"Este mi\u00e9rcoles 02 de marzo de 2022 tuvo lugar en la parroquia de Saint Louis Marie Grignon de Montfort (Gab\u00f3n), la Misa del Mi\u00e9rcoles de Ceniza presidida por el Padre Cyril, el Padre Justin y el Hermano Aur\u00e9lien. Para dar un inicio efectivo al per\u00edodo de Cuaresma, los alumnos del Instituto Cat\u00f3lico Calasanz de Libreville&hellip;","og_url":"https:\/\/www.itakaescolapios.org\/ca\/2022\/03\/misa-de-miercoles-de-ceniza-en-el-colegio-san-jose-calasanz-de-malibe\/","og_site_name":"Itaka-Escolapios","article_published_time":"2022-03-02T14:30:49+00:00","article_modified_time":"2023-11-28T11:35:50+00:00","og_image":[{"width":1080,"height":486,"url":"https:\/\/www.itakaescolapios.org\/wp-content\/uploads\/2022\/03\/IMG-20220302-WA0056.jpg","type":"image\/jpeg"}],"author":"cameroun01","twitter_card":"summary_large_image","twitter_misc":{"Escrit per":"cameroun01"},"schema":{"@context":"https:\/\/schema.org","@graph":[{"@type":"Article","@id":"https:\/\/www.itakaescolapios.org\/ca\/2022\/03\/misa-de-miercoles-de-ceniza-en-el-colegio-san-jose-calasanz-de-malibe\/#article","isPartOf":{"@id":"https:\/\/www.itakaescolapios.org\/ca\/2022\/03\/misa-de-miercoles-de-ceniza-en-el-colegio-san-jose-calasanz-de-malibe\/"},"author":{"name":"cameroun01","@id":"https:\/\/www.itakaescolapios.org\/es\/#\/schema\/person\/d2844383e29bfdfef69039672ce14eb1"},"headline":"MISA DE MI\u00c9RCOLES DE CENIZA EN EL COLEGIO SAN JOS\u00c9 CALASANZ DE Malib\u00e9","datePublished":"2022-03-02T14:30:49+00:00","dateModified":"2023-11-28T11:35:50+00:00","mainEntityOfPage":{"@id":"https:\/\/www.itakaescolapios.org\/ca\/2022\/03\/misa-de-miercoles-de-ceniza-en-el-colegio-san-jose-calasanz-de-malibe\/"},"wordCount":100,"publisher":{"@id":"https:\/\/www.itakaescolapios.org\/es\/#organization"},"image":{"@id":"https:\/\/www.itakaescolapios.org\/ca\/2022\/03\/misa-de-miercoles-de-ceniza-en-el-colegio-san-jose-calasanz-de-malibe\/#primaryimage"},"thumbnailUrl":"https:\/\/www.itakaescolapios.org\/wp-content\/uploads\/2022\/03\/IMG-20220302-WA0056.jpg","articleSection":["\u00c1frica Central","Camerun"],"inLanguage":"ca"},{"@type":"WebPage","@id":"https:\/\/www.itakaescolapios.org\/ca\/2022\/03\/misa-de-miercoles-de-ceniza-en-el-colegio-san-jose-calasanz-de-malibe\/","url":"https:\/\/www.itakaescolapios.org\/ca\/2022\/03\/misa-de-miercoles-de-ceniza-en-el-colegio-san-jose-calasanz-de-malibe\/","name":"MISA DE MI\u00c9RCOLES DE CENIZA EN EL COLEGIO SAN JOS\u00c9 CALASANZ DE Malib\u00e9 - Itaka-Escolapios","isPartOf":{"@id":"https:\/\/www.itakaescolapios.org\/es\/#website"},"primaryImageOfPage":{"@id":"https:\/\/www.itakaescolapios.org\/ca\/2022\/03\/misa-de-miercoles-de-ceniza-en-el-colegio-san-jose-calasanz-de-malibe\/#primaryimage"},"image":{"@id":"https:\/\/www.itakaescolapios.org\/ca\/2022\/03\/misa-de-miercoles-de-ceniza-en-el-colegio-san-jose-calasanz-de-malibe\/#primaryimage"},"thumbnailUrl":"https:\/\/www.itakaescolapios.org\/wp-content\/uploads\/2022\/03\/IMG-20220302-WA0056.jpg","datePublished":"2022-03-02T14:30:49+00:00","dateModified":"2023-11-28T11:35:50+00:00","breadcrumb":{"@id":"https:\/\/www.itakaescolapios.org\/ca\/2022\/03\/misa-de-miercoles-de-ceniza-en-el-colegio-san-jose-calasanz-de-malibe\/#breadcrumb"},"inLanguage":"ca","potentialAction":[{"@type":"ReadAction","target":["https:\/\/www.itakaescolapios.org\/ca\/2022\/03\/misa-de-miercoles-de-ceniza-en-el-colegio-san-jose-calasanz-de-malibe\/"]}]},{"@type":"ImageObject","inLanguage":"ca","@id":"https:\/\/www.itakaescolapios.org\/ca\/2022\/03\/misa-de-miercoles-de-ceniza-en-el-colegio-san-jose-calasanz-de-malibe\/#primaryimage","url":"https:\/\/www.itakaescolapios.org\/wp-content\/uploads\/2022\/03\/IMG-20220302-WA0056.jpg","contentUrl":"https:\/\/www.itakaescolapios.org\/wp-content\/uploads\/2022\/03\/IMG-20220302-WA0056.jpg","width":1080,"height":486},{"@type":"BreadcrumbList","@id":"https:\/\/www.itakaescolapios.org\/ca\/2022\/03\/misa-de-miercoles-de-ceniza-en-el-colegio-san-jose-calasanz-de-malibe\/#breadcrumb","itemListElement":[{"@type":"ListItem","position":1,"name":"Itaka-Escolapios","item":"https:\/\/www.itakaescolapios.org\/es\/"},{"@type":"ListItem","position":2,"name":"MISA DE MI\u00c9RCOLES DE CENIZA EN EL COLEGIO SAN JOS\u00c9 CALASANZ DE Malib\u00e9"}]},{"@type":"WebSite","@id":"https:\/\/www.itakaescolapios.org\/ca\/es\/#website","url":"https:\/\/www.itakaescolapios.org\/ca\/es\/","name":"Itaka-Escolapios","description":"Red de Itaka-Escolapios","publisher":{"@id":"https:\/\/www.itakaescolapios.org\/ca\/es\/#organization"},"potentialAction":[{"@type":"SearchAction","target":{"@type":"EntryPoint","urlTemplate":"https:\/\/www.itakaescolapios.org\/ca\/es\/?s={search_term_string}"},"query-input":{"@type":"PropertyValueSpecification","valueRequired":true,"valueName":"search_term_string"}}],"inLanguage":"ca"},{"@type":"Organization","@id":"https:\/\/www.itakaescolapios.org\/ca\/es\/#organization","name":"Fundaci\u00f3 Itaka-Escolapios","url":"https:\/\/www.itakaescolapios.org\/ca\/es\/","logo":{"@type":"ImageObject","inLanguage":"ca","@id":"https:\/\/www.itakaescolapios.org\/ca\/es\/#\/schema\/logo\/image\/","url":"https:\/\/www.itakaescolapios.org\/wp-content\/uploads\/2024\/04\/Logo-itakaescolapios-peque.png","contentUrl":"https:\/\/www.itakaescolapios.org\/wp-content\/uploads\/2024\/04\/Logo-itakaescolapios-peque.png","width":500,"height":199,"caption":"Fundaci\u00f3 Itaka-Escolapios"},"image":{"@id":"https:\/\/www.itakaescolapios.org\/ca\/es\/#\/schema\/logo\/image\/"}},{"@type":"Person","@id":"https:\/\/www.itakaescolapios.org\/es\/#\/schema\/person\/d2844383e29bfdfef69039672ce14eb1","name":"cameroun01","url":"https:\/\/www.itakaescolapios.org\/ca\/author\/cameroun01\/"}]}},"_links":{"self":[{"href":"https:\/\/www.itakaescolapios.org\/ca\/wp-json\/wp\/v2\/posts\/36213","targetHints":{"allow":["GET"]}}],"collection":[{"href":"https:\/\/www.itakaescolapios.org\/ca\/wp-json\/wp\/v2\/posts"}],"about":[{"href":"https:\/\/www.itakaescolapios.org\/ca\/wp-json\/wp\/v2\/types\/post"}],"author":[{"embeddable":true,"href":"https:\/\/www.itakaescolapios.org\/ca\/wp-json\/wp\/v2\/users\/15"}],"replies":[{"embeddable":true,"href":"https:\/\/www.itakaescolapios.org\/ca\/wp-json\/wp\/v2\/comments?post=36213"}],"version-history":[{"count":5,"href":"https:\/\/www.itakaescolapios.org\/ca\/wp-json\/wp\/v2\/posts\/36213\/revisions"}],"predecessor-version":[{"id":44031,"href":"https:\/\/www.itakaescolapios.org\/ca\/wp-json\/wp\/v2\/posts\/36213\/revisions\/44031"}],"wp:featuredmedia":[{"embeddable":true,"href":"https:\/\/www.itakaescolapios.org\/ca\/wp-json\/wp\/v2\/media\/36215"}],"wp:attachment":[{"href":"https:\/\/www.itakaescolapios.org\/ca\/wp-json\/wp\/v2\/media?parent=36213"}],"wp:term":[{"taxonomy":"category","embeddable":true,"href":"https:\/\/www.itakaescolapios.org\/ca\/wp-json\/wp\/v2\/categories?post=36213"},{"taxonomy":"post_tag","embeddable":true,"href":"https:\/\/www.itakaescolapios.org\/ca\/wp-json\/wp\/v2\/tags?post=36213"}],"curies":[{"name":"wp","href":"https:\/\/api.w.org\/{rel}","templated":true}]}}