{"id":36222,"date":"2022-03-04T14:41:58","date_gmt":"2022-03-04T13:41:58","guid":{"rendered":"https:\/\/www.itakaescolapios.org\/?p=36222"},"modified":"2023-11-28T12:35:50","modified_gmt":"2023-11-28T11:35:50","slug":"preparacion-para-el-dia-internacional-de-la-mujer-en-el-complejo-escolar-bilingue-san-jose-calasanz-en-bafia","status":"publish","type":"post","link":"https:\/\/www.itakaescolapios.org\/ca\/2022\/03\/preparacion-para-el-dia-internacional-de-la-mujer-en-el-complejo-escolar-bilingue-san-jose-calasanz-en-bafia\/","title":{"rendered":"PREPARACI\u00d3N PARA EL D\u00cdA INTERNACIONAL DE LA MUJER EN EL COMPLEJO ESCOLAR BILING\u00dcE SAN JOS\u00c9 CALASANZ EN BAFIA"},"content":{"rendered":"<div id=\"tw-container\" class=\"\" data-cp=\"1\" data-is-ver=\"false\" data-nnttsvi=\"1\" data-sm=\"1\" data-sugg-time=\"500\" data-sugg-url=\"https:\/\/clients1.google.com\/complete\/search\" data-uilc=\"fr\">\n<div id=\"tw-ob\" class=\"tw-src-ltr\">\n<div class=\"oSioSc\">\n<div id=\"tw-target\">\n<div id=\"kAz1tf\" class=\"g9WsWb\">\n<div id=\"tw-target-text-container\" class=\"tw-ta-container F0azHf tw-nfl\">\n<p id=\"tw-target-text\" class=\"tw-data-text tw-text-large tw-ta\" dir=\"ltr\" data-placeholder=\"Traduction\"><span class=\"Y2IQFc\" lang=\"es\">Este viernes 4 de marzo de 2022, a pocos d\u00edas del D\u00eda Internacional de la Mujer (8 de marzo), integrantes del cuerpo administrativo y docente femenino del Colegio Cat\u00f3lico Saint Joseph Calasanz de Bafia (Camer\u00fan) comenzaron los preparativos. Muy temprano a partir de las 6:00 a. m., la jornada comenz\u00f3 con caminatas deportivas y, alrededor de las 8:00 a. m., inversi\u00f3n dentro de la escuela para aprovechar esta celebraci\u00f3n del D\u00eda Internacional de la Mujer 2022. Las festividades continuar\u00e1n el pr\u00f3ximo lunes con otras actividades.<\/span><\/p>\n<div style=\"width: 640px;\" class=\"wp-video\"><video class=\"wp-video-shortcode\" id=\"video-36222-1\" width=\"640\" height=\"352\" preload=\"metadata\" controls=\"controls\"><source type=\"video\/mp4\" src=\"https:\/\/www.itakaescolapios.org\/wp-content\/uploads\/2022\/03\/VID-20220304-WA0014.mp4?_=1\" \/><a href=\"https:\/\/www.itakaescolapios.org\/wp-content\/uploads\/2022\/03\/VID-20220304-WA0014.mp4\">https:\/\/www.itakaescolapios.org\/wp-content\/uploads\/2022\/03\/VID-20220304-WA0014.mp4<\/a><\/video><\/div>\n<\/div>\n<\/div>\n<\/div>\n<\/div>\n<\/div>\n<\/div>\n<p><!--more--><\/p>\n","protected":false},"excerpt":{"rendered":"<p>Este viernes 4 de marzo de 2022, a pocos d\u00edas del D\u00eda Internacional de la Mujer (8 de marzo), integrantes del cuerpo administrativo y docente femenino del Colegio Cat\u00f3lico Saint [&hellip;]<\/p>\n","protected":false},"author":15,"featured_media":36225,"comment_status":"closed","ping_status":"closed","sticky":false,"template":"","format":"standard","meta":{"_et_pb_use_builder":"","_et_pb_old_content":"","_et_gb_content_width":"","footnotes":""},"categories":[53,10],"tags":[],"class_list":["post-36222","post","type-post","status-publish","format-standard","has-post-thumbnail","hentry","category-africa-central","category-camerun"],"yoast_head":"<!-- This site is optimized with the Yoast SEO plugin v27.4 - https:\/\/yoast.com\/product\/yoast-seo-wordpress\/ -->\n<title>PREPARACI\u00d3N PARA EL D\u00cdA INTERNACIONAL DE LA MUJER EN EL COMPLEJO ESCOLAR BILING\u00dcE SAN JOS\u00c9 CALASANZ EN BAFIA<\/title>\n<meta name=\"description\" content=\"Este viernes 4 de marzo de 2022, a pocos d\u00edas del D\u00eda Internacional de la Mujer (8 de marzo), integrantes del cuerpo administrativo y docente femenino del Colegio Cat\u00f3lico Saint Joseph Calasanz de Bafia (Camer\u00fan) comenzaron los preparativos. Muy temprano a partir de las 6:00 a. m., la jornada comenz\u00f3 con caminatas deportivas y, alrededor&hellip;\" \/>\n<meta name=\"robots\" content=\"index, follow, max-snippet:-1, max-image-preview:large, max-video-preview:-1\" \/>\n<link rel=\"canonical\" href=\"\" \/>\n<meta property=\"og:locale\" content=\"ca_ES\" \/>\n<meta property=\"og:type\" content=\"article\" \/>\n<meta property=\"og:title\" content=\"PREPARACI\u00d3N PARA EL D\u00cdA INTERNACIONAL DE LA MUJER EN EL COMPLEJO ESCOLAR BILING\u00dcE SAN JOS\u00c9 CALASANZ EN BAFIA\" \/>\n<meta property=\"og:description\" content=\"Este viernes 4 de marzo de 2022, a pocos d\u00edas del D\u00eda Internacional de la Mujer (8 de marzo), integrantes del cuerpo administrativo y docente femenino del Colegio Cat\u00f3lico Saint Joseph Calasanz de Bafia (Camer\u00fan) comenzaron los preparativos. Muy temprano a partir de las 6:00 a. m., la jornada comenz\u00f3 con caminatas deportivas y, alrededor&hellip;\" \/>\n<meta property=\"og:url\" content=\"https:\/\/www.itakaescolapios.org\/ca\/2022\/03\/preparacion-para-el-dia-internacional-de-la-mujer-en-el-complejo-escolar-bilingue-san-jose-calasanz-en-bafia\/\" \/>\n<meta property=\"og:site_name\" content=\"Itaka-Escolapios\" \/>\n<meta property=\"article:published_time\" content=\"2022-03-04T13:41:58+00:00\" \/>\n<meta property=\"article:modified_time\" content=\"2023-11-28T11:35:50+00:00\" \/>\n<meta property=\"og:image\" content=\"https:\/\/www.itakaescolapios.org\/wp-content\/uploads\/2022\/03\/IMG-20220304-WA0018.jpg\" \/>\n\t<meta property=\"og:image:width\" content=\"1080\" \/>\n\t<meta property=\"og:image:height\" content=\"486\" \/>\n\t<meta property=\"og:image:type\" content=\"image\/jpeg\" \/>\n<meta name=\"author\" content=\"cameroun01\" \/>\n<meta name=\"twitter:card\" content=\"summary_large_image\" \/>\n<meta name=\"twitter:label1\" content=\"Escrit per\" \/>\n\t<meta name=\"twitter:data1\" content=\"cameroun01\" \/>\n\t<meta name=\"twitter:label2\" content=\"Temps estimat de lectura\" \/>\n\t<meta name=\"twitter:data2\" content=\"1 minut\" \/>\n<script type=\"application\/ld+json\" class=\"yoast-schema-graph\">{\"@context\":\"https:\\\/\\\/schema.org\",\"@graph\":[{\"@type\":\"Article\",\"@id\":\"https:\\\/\\\/www.itakaescolapios.org\\\/ca\\\/2022\\\/03\\\/preparacion-para-el-dia-internacional-de-la-mujer-en-el-complejo-escolar-bilingue-san-jose-calasanz-en-bafia\\\/#article\",\"isPartOf\":{\"@id\":\"https:\\\/\\\/www.itakaescolapios.org\\\/ca\\\/2022\\\/03\\\/preparacion-para-el-dia-internacional-de-la-mujer-en-el-complejo-escolar-bilingue-san-jose-calasanz-en-bafia\\\/\"},\"author\":{\"name\":\"cameroun01\",\"@id\":\"https:\\\/\\\/www.itakaescolapios.org\\\/es\\\/#\\\/schema\\\/person\\\/d2844383e29bfdfef69039672ce14eb1\"},\"headline\":\"PREPARACI\u00d3N PARA EL D\u00cdA INTERNACIONAL DE LA MUJER EN EL COMPLEJO ESCOLAR BILING\u00dcE SAN JOS\u00c9 CALASANZ EN BAFIA\",\"datePublished\":\"2022-03-04T13:41:58+00:00\",\"dateModified\":\"2023-11-28T11:35:50+00:00\",\"mainEntityOfPage\":{\"@id\":\"https:\\\/\\\/www.itakaescolapios.org\\\/ca\\\/2022\\\/03\\\/preparacion-para-el-dia-internacional-de-la-mujer-en-el-complejo-escolar-bilingue-san-jose-calasanz-en-bafia\\\/\"},\"wordCount\":123,\"publisher\":{\"@id\":\"https:\\\/\\\/www.itakaescolapios.org\\\/es\\\/#organization\"},\"image\":{\"@id\":\"https:\\\/\\\/www.itakaescolapios.org\\\/ca\\\/2022\\\/03\\\/preparacion-para-el-dia-internacional-de-la-mujer-en-el-complejo-escolar-bilingue-san-jose-calasanz-en-bafia\\\/#primaryimage\"},\"thumbnailUrl\":\"https:\\\/\\\/www.itakaescolapios.org\\\/wp-content\\\/uploads\\\/2022\\\/03\\\/IMG-20220304-WA0018.jpg\",\"articleSection\":[\"\u00c1frica Central\",\"Camerun\"],\"inLanguage\":\"ca\"},{\"@type\":\"WebPage\",\"@id\":\"https:\\\/\\\/www.itakaescolapios.org\\\/ca\\\/2022\\\/03\\\/preparacion-para-el-dia-internacional-de-la-mujer-en-el-complejo-escolar-bilingue-san-jose-calasanz-en-bafia\\\/\",\"url\":\"https:\\\/\\\/www.itakaescolapios.org\\\/ca\\\/2022\\\/03\\\/preparacion-para-el-dia-internacional-de-la-mujer-en-el-complejo-escolar-bilingue-san-jose-calasanz-en-bafia\\\/\",\"name\":\"PREPARACI\u00d3N PARA EL D\u00cdA INTERNACIONAL DE LA MUJER EN EL COMPLEJO ESCOLAR BILING\u00dcE SAN JOS\u00c9 CALASANZ EN BAFIA - Itaka-Escolapios\",\"isPartOf\":{\"@id\":\"https:\\\/\\\/www.itakaescolapios.org\\\/es\\\/#website\"},\"primaryImageOfPage\":{\"@id\":\"https:\\\/\\\/www.itakaescolapios.org\\\/ca\\\/2022\\\/03\\\/preparacion-para-el-dia-internacional-de-la-mujer-en-el-complejo-escolar-bilingue-san-jose-calasanz-en-bafia\\\/#primaryimage\"},\"image\":{\"@id\":\"https:\\\/\\\/www.itakaescolapios.org\\\/ca\\\/2022\\\/03\\\/preparacion-para-el-dia-internacional-de-la-mujer-en-el-complejo-escolar-bilingue-san-jose-calasanz-en-bafia\\\/#primaryimage\"},\"thumbnailUrl\":\"https:\\\/\\\/www.itakaescolapios.org\\\/wp-content\\\/uploads\\\/2022\\\/03\\\/IMG-20220304-WA0018.jpg\",\"datePublished\":\"2022-03-04T13:41:58+00:00\",\"dateModified\":\"2023-11-28T11:35:50+00:00\",\"breadcrumb\":{\"@id\":\"https:\\\/\\\/www.itakaescolapios.org\\\/ca\\\/2022\\\/03\\\/preparacion-para-el-dia-internacional-de-la-mujer-en-el-complejo-escolar-bilingue-san-jose-calasanz-en-bafia\\\/#breadcrumb\"},\"inLanguage\":\"ca\",\"potentialAction\":[{\"@type\":\"ReadAction\",\"target\":[\"https:\\\/\\\/www.itakaescolapios.org\\\/ca\\\/2022\\\/03\\\/preparacion-para-el-dia-internacional-de-la-mujer-en-el-complejo-escolar-bilingue-san-jose-calasanz-en-bafia\\\/\"]}]},{\"@type\":\"ImageObject\",\"inLanguage\":\"ca\",\"@id\":\"https:\\\/\\\/www.itakaescolapios.org\\\/ca\\\/2022\\\/03\\\/preparacion-para-el-dia-internacional-de-la-mujer-en-el-complejo-escolar-bilingue-san-jose-calasanz-en-bafia\\\/#primaryimage\",\"url\":\"https:\\\/\\\/www.itakaescolapios.org\\\/wp-content\\\/uploads\\\/2022\\\/03\\\/IMG-20220304-WA0018.jpg\",\"contentUrl\":\"https:\\\/\\\/www.itakaescolapios.org\\\/wp-content\\\/uploads\\\/2022\\\/03\\\/IMG-20220304-WA0018.jpg\",\"width\":1080,\"height\":486},{\"@type\":\"BreadcrumbList\",\"@id\":\"https:\\\/\\\/www.itakaescolapios.org\\\/ca\\\/2022\\\/03\\\/preparacion-para-el-dia-internacional-de-la-mujer-en-el-complejo-escolar-bilingue-san-jose-calasanz-en-bafia\\\/#breadcrumb\",\"itemListElement\":[{\"@type\":\"ListItem\",\"position\":1,\"name\":\"Itaka-Escolapios\",\"item\":\"https:\\\/\\\/www.itakaescolapios.org\\\/es\\\/\"},{\"@type\":\"ListItem\",\"position\":2,\"name\":\"PREPARACI\u00d3N PARA EL D\u00cdA INTERNACIONAL DE LA MUJER EN EL COMPLEJO ESCOLAR BILING\u00dcE SAN JOS\u00c9 CALASANZ EN BAFIA\"}]},{\"@type\":\"WebSite\",\"@id\":\"https:\\\/\\\/www.itakaescolapios.org\\\/ca\\\/es\\\/#website\",\"url\":\"https:\\\/\\\/www.itakaescolapios.org\\\/ca\\\/es\\\/\",\"name\":\"Itaka-Escolapios\",\"description\":\"Red de Itaka-Escolapios\",\"publisher\":{\"@id\":\"https:\\\/\\\/www.itakaescolapios.org\\\/ca\\\/es\\\/#organization\"},\"potentialAction\":[{\"@type\":\"SearchAction\",\"target\":{\"@type\":\"EntryPoint\",\"urlTemplate\":\"https:\\\/\\\/www.itakaescolapios.org\\\/ca\\\/es\\\/?s={search_term_string}\"},\"query-input\":{\"@type\":\"PropertyValueSpecification\",\"valueRequired\":true,\"valueName\":\"search_term_string\"}}],\"inLanguage\":\"ca\"},{\"@type\":\"Organization\",\"@id\":\"https:\\\/\\\/www.itakaescolapios.org\\\/ca\\\/es\\\/#organization\",\"name\":\"Fundaci\u00f3 Itaka-Escolapios\",\"url\":\"https:\\\/\\\/www.itakaescolapios.org\\\/ca\\\/es\\\/\",\"logo\":{\"@type\":\"ImageObject\",\"inLanguage\":\"ca\",\"@id\":\"https:\\\/\\\/www.itakaescolapios.org\\\/ca\\\/es\\\/#\\\/schema\\\/logo\\\/image\\\/\",\"url\":\"https:\\\/\\\/www.itakaescolapios.org\\\/wp-content\\\/uploads\\\/2024\\\/04\\\/Logo-itakaescolapios-peque.png\",\"contentUrl\":\"https:\\\/\\\/www.itakaescolapios.org\\\/wp-content\\\/uploads\\\/2024\\\/04\\\/Logo-itakaescolapios-peque.png\",\"width\":500,\"height\":199,\"caption\":\"Fundaci\u00f3 Itaka-Escolapios\"},\"image\":{\"@id\":\"https:\\\/\\\/www.itakaescolapios.org\\\/ca\\\/es\\\/#\\\/schema\\\/logo\\\/image\\\/\"}},{\"@type\":\"Person\",\"@id\":\"https:\\\/\\\/www.itakaescolapios.org\\\/es\\\/#\\\/schema\\\/person\\\/d2844383e29bfdfef69039672ce14eb1\",\"name\":\"cameroun01\",\"url\":\"https:\\\/\\\/www.itakaescolapios.org\\\/ca\\\/author\\\/cameroun01\\\/\"}]}<\/script>\n<!-- \/ Yoast SEO plugin. -->","yoast_head_json":{"title":"PREPARACI\u00d3N PARA EL D\u00cdA INTERNACIONAL DE LA MUJER EN EL COMPLEJO ESCOLAR BILING\u00dcE SAN JOS\u00c9 CALASANZ EN BAFIA","description":"Este viernes 4 de marzo de 2022, a pocos d\u00edas del D\u00eda Internacional de la Mujer (8 de marzo), integrantes del cuerpo administrativo y docente femenino del Colegio Cat\u00f3lico Saint Joseph Calasanz de Bafia (Camer\u00fan) comenzaron los preparativos. Muy temprano a partir de las 6:00 a. m., la jornada comenz\u00f3 con caminatas deportivas y, alrededor&hellip;","robots":{"index":"index","follow":"follow","max-snippet":"max-snippet:-1","max-image-preview":"max-image-preview:large","max-video-preview":"max-video-preview:-1"},"canonical":"Este viernes 4 de marzo de 2022, a pocos d\u00edas del D\u00eda Internacional de la Mujer (8 de marzo), integrantes del cuerpo administrativo y docente femenino del Colegio Cat\u00f3lico Saint Joseph Calasanz de Bafia (Camer\u00fan) comenzaron los preparativos. Muy temprano a partir de las 6:00 a. m., la jornada comenz\u00f3 con caminatas deportivas y, alrededor&hellip;","og_locale":"ca_ES","og_type":"article","og_title":"PREPARACI\u00d3N PARA EL D\u00cdA INTERNACIONAL DE LA MUJER EN EL COMPLEJO ESCOLAR BILING\u00dcE SAN JOS\u00c9 CALASANZ EN BAFIA","og_description":"Este viernes 4 de marzo de 2022, a pocos d\u00edas del D\u00eda Internacional de la Mujer (8 de marzo), integrantes del cuerpo administrativo y docente femenino del Colegio Cat\u00f3lico Saint Joseph Calasanz de Bafia (Camer\u00fan) comenzaron los preparativos. Muy temprano a partir de las 6:00 a. m., la jornada comenz\u00f3 con caminatas deportivas y, alrededor&hellip;","og_url":"https:\/\/www.itakaescolapios.org\/ca\/2022\/03\/preparacion-para-el-dia-internacional-de-la-mujer-en-el-complejo-escolar-bilingue-san-jose-calasanz-en-bafia\/","og_site_name":"Itaka-Escolapios","article_published_time":"2022-03-04T13:41:58+00:00","article_modified_time":"2023-11-28T11:35:50+00:00","og_image":[{"width":1080,"height":486,"url":"https:\/\/www.itakaescolapios.org\/wp-content\/uploads\/2022\/03\/IMG-20220304-WA0018.jpg","type":"image\/jpeg"}],"author":"cameroun01","twitter_card":"summary_large_image","twitter_misc":{"Escrit per":"cameroun01","Temps estimat de lectura":"1 minut"},"schema":{"@context":"https:\/\/schema.org","@graph":[{"@type":"Article","@id":"https:\/\/www.itakaescolapios.org\/ca\/2022\/03\/preparacion-para-el-dia-internacional-de-la-mujer-en-el-complejo-escolar-bilingue-san-jose-calasanz-en-bafia\/#article","isPartOf":{"@id":"https:\/\/www.itakaescolapios.org\/ca\/2022\/03\/preparacion-para-el-dia-internacional-de-la-mujer-en-el-complejo-escolar-bilingue-san-jose-calasanz-en-bafia\/"},"author":{"name":"cameroun01","@id":"https:\/\/www.itakaescolapios.org\/es\/#\/schema\/person\/d2844383e29bfdfef69039672ce14eb1"},"headline":"PREPARACI\u00d3N PARA EL D\u00cdA INTERNACIONAL DE LA MUJER EN EL COMPLEJO ESCOLAR BILING\u00dcE SAN JOS\u00c9 CALASANZ EN BAFIA","datePublished":"2022-03-04T13:41:58+00:00","dateModified":"2023-11-28T11:35:50+00:00","mainEntityOfPage":{"@id":"https:\/\/www.itakaescolapios.org\/ca\/2022\/03\/preparacion-para-el-dia-internacional-de-la-mujer-en-el-complejo-escolar-bilingue-san-jose-calasanz-en-bafia\/"},"wordCount":123,"publisher":{"@id":"https:\/\/www.itakaescolapios.org\/es\/#organization"},"image":{"@id":"https:\/\/www.itakaescolapios.org\/ca\/2022\/03\/preparacion-para-el-dia-internacional-de-la-mujer-en-el-complejo-escolar-bilingue-san-jose-calasanz-en-bafia\/#primaryimage"},"thumbnailUrl":"https:\/\/www.itakaescolapios.org\/wp-content\/uploads\/2022\/03\/IMG-20220304-WA0018.jpg","articleSection":["\u00c1frica Central","Camerun"],"inLanguage":"ca"},{"@type":"WebPage","@id":"https:\/\/www.itakaescolapios.org\/ca\/2022\/03\/preparacion-para-el-dia-internacional-de-la-mujer-en-el-complejo-escolar-bilingue-san-jose-calasanz-en-bafia\/","url":"https:\/\/www.itakaescolapios.org\/ca\/2022\/03\/preparacion-para-el-dia-internacional-de-la-mujer-en-el-complejo-escolar-bilingue-san-jose-calasanz-en-bafia\/","name":"PREPARACI\u00d3N PARA EL D\u00cdA INTERNACIONAL DE LA MUJER EN EL COMPLEJO ESCOLAR BILING\u00dcE SAN JOS\u00c9 CALASANZ EN BAFIA - Itaka-Escolapios","isPartOf":{"@id":"https:\/\/www.itakaescolapios.org\/es\/#website"},"primaryImageOfPage":{"@id":"https:\/\/www.itakaescolapios.org\/ca\/2022\/03\/preparacion-para-el-dia-internacional-de-la-mujer-en-el-complejo-escolar-bilingue-san-jose-calasanz-en-bafia\/#primaryimage"},"image":{"@id":"https:\/\/www.itakaescolapios.org\/ca\/2022\/03\/preparacion-para-el-dia-internacional-de-la-mujer-en-el-complejo-escolar-bilingue-san-jose-calasanz-en-bafia\/#primaryimage"},"thumbnailUrl":"https:\/\/www.itakaescolapios.org\/wp-content\/uploads\/2022\/03\/IMG-20220304-WA0018.jpg","datePublished":"2022-03-04T13:41:58+00:00","dateModified":"2023-11-28T11:35:50+00:00","breadcrumb":{"@id":"https:\/\/www.itakaescolapios.org\/ca\/2022\/03\/preparacion-para-el-dia-internacional-de-la-mujer-en-el-complejo-escolar-bilingue-san-jose-calasanz-en-bafia\/#breadcrumb"},"inLanguage":"ca","potentialAction":[{"@type":"ReadAction","target":["https:\/\/www.itakaescolapios.org\/ca\/2022\/03\/preparacion-para-el-dia-internacional-de-la-mujer-en-el-complejo-escolar-bilingue-san-jose-calasanz-en-bafia\/"]}]},{"@type":"ImageObject","inLanguage":"ca","@id":"https:\/\/www.itakaescolapios.org\/ca\/2022\/03\/preparacion-para-el-dia-internacional-de-la-mujer-en-el-complejo-escolar-bilingue-san-jose-calasanz-en-bafia\/#primaryimage","url":"https:\/\/www.itakaescolapios.org\/wp-content\/uploads\/2022\/03\/IMG-20220304-WA0018.jpg","contentUrl":"https:\/\/www.itakaescolapios.org\/wp-content\/uploads\/2022\/03\/IMG-20220304-WA0018.jpg","width":1080,"height":486},{"@type":"BreadcrumbList","@id":"https:\/\/www.itakaescolapios.org\/ca\/2022\/03\/preparacion-para-el-dia-internacional-de-la-mujer-en-el-complejo-escolar-bilingue-san-jose-calasanz-en-bafia\/#breadcrumb","itemListElement":[{"@type":"ListItem","position":1,"name":"Itaka-Escolapios","item":"https:\/\/www.itakaescolapios.org\/es\/"},{"@type":"ListItem","position":2,"name":"PREPARACI\u00d3N PARA EL D\u00cdA INTERNACIONAL DE LA MUJER EN EL COMPLEJO ESCOLAR BILING\u00dcE SAN JOS\u00c9 CALASANZ EN BAFIA"}]},{"@type":"WebSite","@id":"https:\/\/www.itakaescolapios.org\/ca\/es\/#website","url":"https:\/\/www.itakaescolapios.org\/ca\/es\/","name":"Itaka-Escolapios","description":"Red de Itaka-Escolapios","publisher":{"@id":"https:\/\/www.itakaescolapios.org\/ca\/es\/#organization"},"potentialAction":[{"@type":"SearchAction","target":{"@type":"EntryPoint","urlTemplate":"https:\/\/www.itakaescolapios.org\/ca\/es\/?s={search_term_string}"},"query-input":{"@type":"PropertyValueSpecification","valueRequired":true,"valueName":"search_term_string"}}],"inLanguage":"ca"},{"@type":"Organization","@id":"https:\/\/www.itakaescolapios.org\/ca\/es\/#organization","name":"Fundaci\u00f3 Itaka-Escolapios","url":"https:\/\/www.itakaescolapios.org\/ca\/es\/","logo":{"@type":"ImageObject","inLanguage":"ca","@id":"https:\/\/www.itakaescolapios.org\/ca\/es\/#\/schema\/logo\/image\/","url":"https:\/\/www.itakaescolapios.org\/wp-content\/uploads\/2024\/04\/Logo-itakaescolapios-peque.png","contentUrl":"https:\/\/www.itakaescolapios.org\/wp-content\/uploads\/2024\/04\/Logo-itakaescolapios-peque.png","width":500,"height":199,"caption":"Fundaci\u00f3 Itaka-Escolapios"},"image":{"@id":"https:\/\/www.itakaescolapios.org\/ca\/es\/#\/schema\/logo\/image\/"}},{"@type":"Person","@id":"https:\/\/www.itakaescolapios.org\/es\/#\/schema\/person\/d2844383e29bfdfef69039672ce14eb1","name":"cameroun01","url":"https:\/\/www.itakaescolapios.org\/ca\/author\/cameroun01\/"}]}},"_links":{"self":[{"href":"https:\/\/www.itakaescolapios.org\/ca\/wp-json\/wp\/v2\/posts\/36222","targetHints":{"allow":["GET"]}}],"collection":[{"href":"https:\/\/www.itakaescolapios.org\/ca\/wp-json\/wp\/v2\/posts"}],"about":[{"href":"https:\/\/www.itakaescolapios.org\/ca\/wp-json\/wp\/v2\/types\/post"}],"author":[{"embeddable":true,"href":"https:\/\/www.itakaescolapios.org\/ca\/wp-json\/wp\/v2\/users\/15"}],"replies":[{"embeddable":true,"href":"https:\/\/www.itakaescolapios.org\/ca\/wp-json\/wp\/v2\/comments?post=36222"}],"version-history":[{"count":3,"href":"https:\/\/www.itakaescolapios.org\/ca\/wp-json\/wp\/v2\/posts\/36222\/revisions"}],"predecessor-version":[{"id":44029,"href":"https:\/\/www.itakaescolapios.org\/ca\/wp-json\/wp\/v2\/posts\/36222\/revisions\/44029"}],"wp:featuredmedia":[{"embeddable":true,"href":"https:\/\/www.itakaescolapios.org\/ca\/wp-json\/wp\/v2\/media\/36225"}],"wp:attachment":[{"href":"https:\/\/www.itakaescolapios.org\/ca\/wp-json\/wp\/v2\/media?parent=36222"}],"wp:term":[{"taxonomy":"category","embeddable":true,"href":"https:\/\/www.itakaescolapios.org\/ca\/wp-json\/wp\/v2\/categories?post=36222"},{"taxonomy":"post_tag","embeddable":true,"href":"https:\/\/www.itakaescolapios.org\/ca\/wp-json\/wp\/v2\/tags?post=36222"}],"curies":[{"name":"wp","href":"https:\/\/api.w.org\/{rel}","templated":true}]}}