{"id":36317,"date":"2022-03-09T11:38:00","date_gmt":"2022-03-09T10:38:00","guid":{"rendered":"https:\/\/www.itakaescolapios.org\/?p=36317"},"modified":"2023-11-28T12:35:49","modified_gmt":"2023-11-28T11:35:49","slug":"celebracion-del-dia-internacional-del-voluntariado-en-yaounde","status":"publish","type":"post","link":"https:\/\/www.itakaescolapios.org\/ca\/2022\/03\/celebracion-del-dia-internacional-del-voluntariado-en-yaounde\/","title":{"rendered":"CELEBRACI\u00d3N DEL D\u00cdA INTERNACIONAL DEL VOLUNTARIADO EN YAOUNDE"},"content":{"rendered":"<div id=\"tw-container\" class=\"\" data-cp=\"1\" data-is-ver=\"false\" data-nnttsvi=\"1\" data-sm=\"1\" data-sugg-time=\"500\" data-sugg-url=\"https:\/\/clients1.google.com\/complete\/search\" data-uilc=\"fr\">\n<div id=\"tw-ob\" class=\"tw-src-ltr\">\n<div class=\"oSioSc\">\n<div id=\"tw-target\">\n<div id=\"kAz1tf\" class=\"g9WsWb\">\n<div id=\"tw-target-text-container\" class=\"tw-ta-container F0azHf tw-nfl\">\n<p id=\"tw-target-text\" class=\"tw-data-text tw-text-large tw-ta\" dir=\"ltr\" data-placeholder=\"Traduction\"><span class=\"Y2IQFc\" lang=\"es\">Este martes 08 de marzo de 2022, se celebr\u00f3 en Malib\u00e9 en Gab\u00f3n, la 47\u00b0 edici\u00f3n del D\u00eda Internacional de la Mujer. Las mujeres del complejo escolar biling\u00fce Saint Joseph Calasanz en Malib\u00e91 celebraron bajo el lema \u201cIgualdad en Calasanz para una educaci\u00f3n sostenible\u201d. Durante el d\u00eda, las mujeres tuvieron un momento de encuentro entre ellas para discutir varios problemas que les conciernen.<\/span><\/p>\n<p dir=\"ltr\" data-placeholder=\"Traduction\"><img decoding=\"async\" class=\"size-full wp-image-36318 aligncenter\" src=\"https:\/\/www.itakaescolapios.org\/wp-content\/uploads\/2022\/03\/IMG-20220309-WA0033.jpg\" alt=\"\" width=\"984\" height=\"432\" srcset=\"https:\/\/www.itakaescolapios.org\/wp-content\/uploads\/2022\/03\/IMG-20220309-WA0033.jpg 984w, https:\/\/www.itakaescolapios.org\/wp-content\/uploads\/2022\/03\/IMG-20220309-WA0033-300x132.jpg 300w, https:\/\/www.itakaescolapios.org\/wp-content\/uploads\/2022\/03\/IMG-20220309-WA0033-768x337.jpg 768w, https:\/\/www.itakaescolapios.org\/wp-content\/uploads\/2022\/03\/IMG-20220309-WA0033-250x110.jpg 250w\" sizes=\"(max-width: 984px) 100vw, 984px\" \/><\/p>\n<\/div>\n<\/div>\n<\/div>\n<\/div>\n<\/div>\n<\/div>\n<p><!--more--><\/p>\n","protected":false},"excerpt":{"rendered":"<p>Este martes 08 de marzo de 2022, se celebr\u00f3 en Malib\u00e9 en Gab\u00f3n, la 47\u00b0 edici\u00f3n del D\u00eda Internacional de la Mujer. Las mujeres del complejo escolar biling\u00fce Saint Joseph [&hellip;]<\/p>\n","protected":false},"author":15,"featured_media":36319,"comment_status":"closed","ping_status":"closed","sticky":false,"template":"","format":"standard","meta":{"_et_pb_use_builder":"","_et_pb_old_content":"","_et_gb_content_width":"","footnotes":""},"categories":[53,285],"tags":[],"class_list":["post-36317","post","type-post","status-publish","format-standard","has-post-thumbnail","hentry","category-africa-central","category-gabon"],"yoast_head":"<!-- This site is optimized with the Yoast SEO plugin v27.4 - https:\/\/yoast.com\/product\/yoast-seo-wordpress\/ -->\n<title>CELEBRACI\u00d3N DEL D\u00cdA INTERNACIONAL DEL VOLUNTARIADO EN YAOUNDE<\/title>\n<meta name=\"description\" content=\"Este martes 08 de marzo de 2022, se celebr\u00f3 en Malib\u00e9 en Gab\u00f3n, la 47\u00b0 edici\u00f3n del D\u00eda Internacional de la Mujer. Las mujeres del complejo escolar biling\u00fce Saint Joseph Calasanz en Malib\u00e91 celebraron bajo el lema \u201cIgualdad en Calasanz para una educaci\u00f3n sostenible\u201d. Durante el d\u00eda, las mujeres tuvieron un momento de encuentro entre&hellip;\" \/>\n<meta name=\"robots\" content=\"index, follow, max-snippet:-1, max-image-preview:large, max-video-preview:-1\" \/>\n<link rel=\"canonical\" href=\"http:\/\/Este%20martes%2008%20de%20marzo%20de%202022,%20se%20celebr\u00f3%20en%20Malib\u00e9%20en%20Gab\u00f3n,%20la%2047\u00b0%20edici\u00f3n%20del%20D\u00eda%20Internacional%20de%20la%20Mujer.%20Las%20mujeres%20del%20complejo%20escolar%20biling\u00fce%20Saint%20Joseph%20Calasanz%20en%20Malib\u00e91%20celebraron%20bajo%20el%20lema%20\u201cIgualdad%20en%20Calasanz%20para%20una%20educaci\u00f3n%20sostenible\u201d.%20Durante%20el%20d\u00eda,%20las%20mujeres%20tuvieron%20un%20momento%20de%20encuentro%20entre&hellip;\" \/>\n<meta property=\"og:locale\" content=\"ca_ES\" \/>\n<meta property=\"og:type\" content=\"article\" \/>\n<meta property=\"og:title\" content=\"CELEBRACI\u00d3N DEL D\u00cdA INTERNACIONAL DEL VOLUNTARIADO EN YAOUNDE\" \/>\n<meta property=\"og:description\" content=\"Este martes 08 de marzo de 2022, se celebr\u00f3 en Malib\u00e9 en Gab\u00f3n, la 47\u00b0 edici\u00f3n del D\u00eda Internacional de la Mujer. Las mujeres del complejo escolar biling\u00fce Saint Joseph Calasanz en Malib\u00e91 celebraron bajo el lema \u201cIgualdad en Calasanz para una educaci\u00f3n sostenible\u201d. Durante el d\u00eda, las mujeres tuvieron un momento de encuentro entre&hellip;\" \/>\n<meta property=\"og:url\" content=\"https:\/\/www.itakaescolapios.org\/ca\/2022\/03\/celebracion-del-dia-internacional-del-voluntariado-en-yaounde\/\" \/>\n<meta property=\"og:site_name\" content=\"Itaka-Escolapios\" \/>\n<meta property=\"article:published_time\" content=\"2022-03-09T10:38:00+00:00\" \/>\n<meta property=\"article:modified_time\" content=\"2023-11-28T11:35:49+00:00\" \/>\n<meta property=\"og:image\" content=\"https:\/\/www.itakaescolapios.org\/wp-content\/uploads\/2022\/03\/IMG-20220308-WA0048.jpg\" \/>\n\t<meta property=\"og:image:width\" content=\"1080\" \/>\n\t<meta property=\"og:image:height\" content=\"474\" \/>\n\t<meta property=\"og:image:type\" content=\"image\/jpeg\" \/>\n<meta name=\"author\" content=\"cameroun01\" \/>\n<meta name=\"twitter:card\" content=\"summary_large_image\" \/>\n<meta name=\"twitter:label1\" content=\"Escrit per\" \/>\n\t<meta name=\"twitter:data1\" content=\"cameroun01\" \/>\n<script type=\"application\/ld+json\" class=\"yoast-schema-graph\">{\"@context\":\"https:\\\/\\\/schema.org\",\"@graph\":[{\"@type\":\"Article\",\"@id\":\"https:\\\/\\\/www.itakaescolapios.org\\\/ca\\\/2022\\\/03\\\/celebracion-del-dia-internacional-del-voluntariado-en-yaounde\\\/#article\",\"isPartOf\":{\"@id\":\"https:\\\/\\\/www.itakaescolapios.org\\\/ca\\\/2022\\\/03\\\/celebracion-del-dia-internacional-del-voluntariado-en-yaounde\\\/\"},\"author\":{\"name\":\"cameroun01\",\"@id\":\"https:\\\/\\\/www.itakaescolapios.org\\\/es\\\/#\\\/schema\\\/person\\\/d2844383e29bfdfef69039672ce14eb1\"},\"headline\":\"CELEBRACI\u00d3N DEL D\u00cdA INTERNACIONAL DEL VOLUNTARIADO EN YAOUNDE\",\"datePublished\":\"2022-03-09T10:38:00+00:00\",\"dateModified\":\"2023-11-28T11:35:49+00:00\",\"mainEntityOfPage\":{\"@id\":\"https:\\\/\\\/www.itakaescolapios.org\\\/ca\\\/2022\\\/03\\\/celebracion-del-dia-internacional-del-voluntariado-en-yaounde\\\/\"},\"wordCount\":76,\"publisher\":{\"@id\":\"https:\\\/\\\/www.itakaescolapios.org\\\/es\\\/#organization\"},\"image\":{\"@id\":\"https:\\\/\\\/www.itakaescolapios.org\\\/ca\\\/2022\\\/03\\\/celebracion-del-dia-internacional-del-voluntariado-en-yaounde\\\/#primaryimage\"},\"thumbnailUrl\":\"https:\\\/\\\/www.itakaescolapios.org\\\/wp-content\\\/uploads\\\/2022\\\/03\\\/IMG-20220308-WA0048.jpg\",\"articleSection\":[\"\u00c1frica Central\",\"Gab\u00f3n\"],\"inLanguage\":\"ca\"},{\"@type\":\"WebPage\",\"@id\":\"https:\\\/\\\/www.itakaescolapios.org\\\/ca\\\/2022\\\/03\\\/celebracion-del-dia-internacional-del-voluntariado-en-yaounde\\\/\",\"url\":\"https:\\\/\\\/www.itakaescolapios.org\\\/ca\\\/2022\\\/03\\\/celebracion-del-dia-internacional-del-voluntariado-en-yaounde\\\/\",\"name\":\"CELEBRACI\u00d3N DEL D\u00cdA INTERNACIONAL DEL VOLUNTARIADO EN YAOUNDE - Itaka-Escolapios\",\"isPartOf\":{\"@id\":\"https:\\\/\\\/www.itakaescolapios.org\\\/es\\\/#website\"},\"primaryImageOfPage\":{\"@id\":\"https:\\\/\\\/www.itakaescolapios.org\\\/ca\\\/2022\\\/03\\\/celebracion-del-dia-internacional-del-voluntariado-en-yaounde\\\/#primaryimage\"},\"image\":{\"@id\":\"https:\\\/\\\/www.itakaescolapios.org\\\/ca\\\/2022\\\/03\\\/celebracion-del-dia-internacional-del-voluntariado-en-yaounde\\\/#primaryimage\"},\"thumbnailUrl\":\"https:\\\/\\\/www.itakaescolapios.org\\\/wp-content\\\/uploads\\\/2022\\\/03\\\/IMG-20220308-WA0048.jpg\",\"datePublished\":\"2022-03-09T10:38:00+00:00\",\"dateModified\":\"2023-11-28T11:35:49+00:00\",\"breadcrumb\":{\"@id\":\"https:\\\/\\\/www.itakaescolapios.org\\\/ca\\\/2022\\\/03\\\/celebracion-del-dia-internacional-del-voluntariado-en-yaounde\\\/#breadcrumb\"},\"inLanguage\":\"ca\",\"potentialAction\":[{\"@type\":\"ReadAction\",\"target\":[\"https:\\\/\\\/www.itakaescolapios.org\\\/ca\\\/2022\\\/03\\\/celebracion-del-dia-internacional-del-voluntariado-en-yaounde\\\/\"]}]},{\"@type\":\"ImageObject\",\"inLanguage\":\"ca\",\"@id\":\"https:\\\/\\\/www.itakaescolapios.org\\\/ca\\\/2022\\\/03\\\/celebracion-del-dia-internacional-del-voluntariado-en-yaounde\\\/#primaryimage\",\"url\":\"https:\\\/\\\/www.itakaescolapios.org\\\/wp-content\\\/uploads\\\/2022\\\/03\\\/IMG-20220308-WA0048.jpg\",\"contentUrl\":\"https:\\\/\\\/www.itakaescolapios.org\\\/wp-content\\\/uploads\\\/2022\\\/03\\\/IMG-20220308-WA0048.jpg\",\"width\":1080,\"height\":474},{\"@type\":\"BreadcrumbList\",\"@id\":\"https:\\\/\\\/www.itakaescolapios.org\\\/ca\\\/2022\\\/03\\\/celebracion-del-dia-internacional-del-voluntariado-en-yaounde\\\/#breadcrumb\",\"itemListElement\":[{\"@type\":\"ListItem\",\"position\":1,\"name\":\"Itaka-Escolapios\",\"item\":\"https:\\\/\\\/www.itakaescolapios.org\\\/es\\\/\"},{\"@type\":\"ListItem\",\"position\":2,\"name\":\"CELEBRACI\u00d3N DEL D\u00cdA INTERNACIONAL DEL VOLUNTARIADO EN YAOUNDE\"}]},{\"@type\":\"WebSite\",\"@id\":\"https:\\\/\\\/www.itakaescolapios.org\\\/ca\\\/es\\\/#website\",\"url\":\"https:\\\/\\\/www.itakaescolapios.org\\\/ca\\\/es\\\/\",\"name\":\"Itaka-Escolapios\",\"description\":\"Red de Itaka-Escolapios\",\"publisher\":{\"@id\":\"https:\\\/\\\/www.itakaescolapios.org\\\/ca\\\/es\\\/#organization\"},\"potentialAction\":[{\"@type\":\"SearchAction\",\"target\":{\"@type\":\"EntryPoint\",\"urlTemplate\":\"https:\\\/\\\/www.itakaescolapios.org\\\/ca\\\/es\\\/?s={search_term_string}\"},\"query-input\":{\"@type\":\"PropertyValueSpecification\",\"valueRequired\":true,\"valueName\":\"search_term_string\"}}],\"inLanguage\":\"ca\"},{\"@type\":\"Organization\",\"@id\":\"https:\\\/\\\/www.itakaescolapios.org\\\/ca\\\/es\\\/#organization\",\"name\":\"Fundaci\u00f3 Itaka-Escolapios\",\"url\":\"https:\\\/\\\/www.itakaescolapios.org\\\/ca\\\/es\\\/\",\"logo\":{\"@type\":\"ImageObject\",\"inLanguage\":\"ca\",\"@id\":\"https:\\\/\\\/www.itakaescolapios.org\\\/ca\\\/es\\\/#\\\/schema\\\/logo\\\/image\\\/\",\"url\":\"https:\\\/\\\/www.itakaescolapios.org\\\/wp-content\\\/uploads\\\/2024\\\/04\\\/Logo-itakaescolapios-peque.png\",\"contentUrl\":\"https:\\\/\\\/www.itakaescolapios.org\\\/wp-content\\\/uploads\\\/2024\\\/04\\\/Logo-itakaescolapios-peque.png\",\"width\":500,\"height\":199,\"caption\":\"Fundaci\u00f3 Itaka-Escolapios\"},\"image\":{\"@id\":\"https:\\\/\\\/www.itakaescolapios.org\\\/ca\\\/es\\\/#\\\/schema\\\/logo\\\/image\\\/\"}},{\"@type\":\"Person\",\"@id\":\"https:\\\/\\\/www.itakaescolapios.org\\\/es\\\/#\\\/schema\\\/person\\\/d2844383e29bfdfef69039672ce14eb1\",\"name\":\"cameroun01\",\"url\":\"https:\\\/\\\/www.itakaescolapios.org\\\/ca\\\/author\\\/cameroun01\\\/\"}]}<\/script>\n<!-- \/ Yoast SEO plugin. -->","yoast_head_json":{"title":"CELEBRACI\u00d3N DEL D\u00cdA INTERNACIONAL DEL VOLUNTARIADO EN YAOUNDE","description":"Este martes 08 de marzo de 2022, se celebr\u00f3 en Malib\u00e9 en Gab\u00f3n, la 47\u00b0 edici\u00f3n del D\u00eda Internacional de la Mujer. Las mujeres del complejo escolar biling\u00fce Saint Joseph Calasanz en Malib\u00e91 celebraron bajo el lema \u201cIgualdad en Calasanz para una educaci\u00f3n sostenible\u201d. Durante el d\u00eda, las mujeres tuvieron un momento de encuentro entre&hellip;","robots":{"index":"index","follow":"follow","max-snippet":"max-snippet:-1","max-image-preview":"max-image-preview:large","max-video-preview":"max-video-preview:-1"},"canonical":"Este martes 08 de marzo de 2022, se celebr\u00f3 en Malib\u00e9 en Gab\u00f3n, la 47\u00b0 edici\u00f3n del D\u00eda Internacional de la Mujer. Las mujeres del complejo escolar biling\u00fce Saint Joseph Calasanz en Malib\u00e91 celebraron bajo el lema \u201cIgualdad en Calasanz para una educaci\u00f3n sostenible\u201d. Durante el d\u00eda, las mujeres tuvieron un momento de encuentro entre&hellip;","og_locale":"ca_ES","og_type":"article","og_title":"CELEBRACI\u00d3N DEL D\u00cdA INTERNACIONAL DEL VOLUNTARIADO EN YAOUNDE","og_description":"Este martes 08 de marzo de 2022, se celebr\u00f3 en Malib\u00e9 en Gab\u00f3n, la 47\u00b0 edici\u00f3n del D\u00eda Internacional de la Mujer. Las mujeres del complejo escolar biling\u00fce Saint Joseph Calasanz en Malib\u00e91 celebraron bajo el lema \u201cIgualdad en Calasanz para una educaci\u00f3n sostenible\u201d. Durante el d\u00eda, las mujeres tuvieron un momento de encuentro entre&hellip;","og_url":"https:\/\/www.itakaescolapios.org\/ca\/2022\/03\/celebracion-del-dia-internacional-del-voluntariado-en-yaounde\/","og_site_name":"Itaka-Escolapios","article_published_time":"2022-03-09T10:38:00+00:00","article_modified_time":"2023-11-28T11:35:49+00:00","og_image":[{"width":1080,"height":474,"url":"https:\/\/www.itakaescolapios.org\/wp-content\/uploads\/2022\/03\/IMG-20220308-WA0048.jpg","type":"image\/jpeg"}],"author":"cameroun01","twitter_card":"summary_large_image","twitter_misc":{"Escrit per":"cameroun01"},"schema":{"@context":"https:\/\/schema.org","@graph":[{"@type":"Article","@id":"https:\/\/www.itakaescolapios.org\/ca\/2022\/03\/celebracion-del-dia-internacional-del-voluntariado-en-yaounde\/#article","isPartOf":{"@id":"https:\/\/www.itakaescolapios.org\/ca\/2022\/03\/celebracion-del-dia-internacional-del-voluntariado-en-yaounde\/"},"author":{"name":"cameroun01","@id":"https:\/\/www.itakaescolapios.org\/es\/#\/schema\/person\/d2844383e29bfdfef69039672ce14eb1"},"headline":"CELEBRACI\u00d3N DEL D\u00cdA INTERNACIONAL DEL VOLUNTARIADO EN YAOUNDE","datePublished":"2022-03-09T10:38:00+00:00","dateModified":"2023-11-28T11:35:49+00:00","mainEntityOfPage":{"@id":"https:\/\/www.itakaescolapios.org\/ca\/2022\/03\/celebracion-del-dia-internacional-del-voluntariado-en-yaounde\/"},"wordCount":76,"publisher":{"@id":"https:\/\/www.itakaescolapios.org\/es\/#organization"},"image":{"@id":"https:\/\/www.itakaescolapios.org\/ca\/2022\/03\/celebracion-del-dia-internacional-del-voluntariado-en-yaounde\/#primaryimage"},"thumbnailUrl":"https:\/\/www.itakaescolapios.org\/wp-content\/uploads\/2022\/03\/IMG-20220308-WA0048.jpg","articleSection":["\u00c1frica Central","Gab\u00f3n"],"inLanguage":"ca"},{"@type":"WebPage","@id":"https:\/\/www.itakaescolapios.org\/ca\/2022\/03\/celebracion-del-dia-internacional-del-voluntariado-en-yaounde\/","url":"https:\/\/www.itakaescolapios.org\/ca\/2022\/03\/celebracion-del-dia-internacional-del-voluntariado-en-yaounde\/","name":"CELEBRACI\u00d3N DEL D\u00cdA INTERNACIONAL DEL VOLUNTARIADO EN YAOUNDE - Itaka-Escolapios","isPartOf":{"@id":"https:\/\/www.itakaescolapios.org\/es\/#website"},"primaryImageOfPage":{"@id":"https:\/\/www.itakaescolapios.org\/ca\/2022\/03\/celebracion-del-dia-internacional-del-voluntariado-en-yaounde\/#primaryimage"},"image":{"@id":"https:\/\/www.itakaescolapios.org\/ca\/2022\/03\/celebracion-del-dia-internacional-del-voluntariado-en-yaounde\/#primaryimage"},"thumbnailUrl":"https:\/\/www.itakaescolapios.org\/wp-content\/uploads\/2022\/03\/IMG-20220308-WA0048.jpg","datePublished":"2022-03-09T10:38:00+00:00","dateModified":"2023-11-28T11:35:49+00:00","breadcrumb":{"@id":"https:\/\/www.itakaescolapios.org\/ca\/2022\/03\/celebracion-del-dia-internacional-del-voluntariado-en-yaounde\/#breadcrumb"},"inLanguage":"ca","potentialAction":[{"@type":"ReadAction","target":["https:\/\/www.itakaescolapios.org\/ca\/2022\/03\/celebracion-del-dia-internacional-del-voluntariado-en-yaounde\/"]}]},{"@type":"ImageObject","inLanguage":"ca","@id":"https:\/\/www.itakaescolapios.org\/ca\/2022\/03\/celebracion-del-dia-internacional-del-voluntariado-en-yaounde\/#primaryimage","url":"https:\/\/www.itakaescolapios.org\/wp-content\/uploads\/2022\/03\/IMG-20220308-WA0048.jpg","contentUrl":"https:\/\/www.itakaescolapios.org\/wp-content\/uploads\/2022\/03\/IMG-20220308-WA0048.jpg","width":1080,"height":474},{"@type":"BreadcrumbList","@id":"https:\/\/www.itakaescolapios.org\/ca\/2022\/03\/celebracion-del-dia-internacional-del-voluntariado-en-yaounde\/#breadcrumb","itemListElement":[{"@type":"ListItem","position":1,"name":"Itaka-Escolapios","item":"https:\/\/www.itakaescolapios.org\/es\/"},{"@type":"ListItem","position":2,"name":"CELEBRACI\u00d3N DEL D\u00cdA INTERNACIONAL DEL VOLUNTARIADO EN YAOUNDE"}]},{"@type":"WebSite","@id":"https:\/\/www.itakaescolapios.org\/ca\/es\/#website","url":"https:\/\/www.itakaescolapios.org\/ca\/es\/","name":"Itaka-Escolapios","description":"Red de Itaka-Escolapios","publisher":{"@id":"https:\/\/www.itakaescolapios.org\/ca\/es\/#organization"},"potentialAction":[{"@type":"SearchAction","target":{"@type":"EntryPoint","urlTemplate":"https:\/\/www.itakaescolapios.org\/ca\/es\/?s={search_term_string}"},"query-input":{"@type":"PropertyValueSpecification","valueRequired":true,"valueName":"search_term_string"}}],"inLanguage":"ca"},{"@type":"Organization","@id":"https:\/\/www.itakaescolapios.org\/ca\/es\/#organization","name":"Fundaci\u00f3 Itaka-Escolapios","url":"https:\/\/www.itakaescolapios.org\/ca\/es\/","logo":{"@type":"ImageObject","inLanguage":"ca","@id":"https:\/\/www.itakaescolapios.org\/ca\/es\/#\/schema\/logo\/image\/","url":"https:\/\/www.itakaescolapios.org\/wp-content\/uploads\/2024\/04\/Logo-itakaescolapios-peque.png","contentUrl":"https:\/\/www.itakaescolapios.org\/wp-content\/uploads\/2024\/04\/Logo-itakaescolapios-peque.png","width":500,"height":199,"caption":"Fundaci\u00f3 Itaka-Escolapios"},"image":{"@id":"https:\/\/www.itakaescolapios.org\/ca\/es\/#\/schema\/logo\/image\/"}},{"@type":"Person","@id":"https:\/\/www.itakaescolapios.org\/es\/#\/schema\/person\/d2844383e29bfdfef69039672ce14eb1","name":"cameroun01","url":"https:\/\/www.itakaescolapios.org\/ca\/author\/cameroun01\/"}]}},"_links":{"self":[{"href":"https:\/\/www.itakaescolapios.org\/ca\/wp-json\/wp\/v2\/posts\/36317","targetHints":{"allow":["GET"]}}],"collection":[{"href":"https:\/\/www.itakaescolapios.org\/ca\/wp-json\/wp\/v2\/posts"}],"about":[{"href":"https:\/\/www.itakaescolapios.org\/ca\/wp-json\/wp\/v2\/types\/post"}],"author":[{"embeddable":true,"href":"https:\/\/www.itakaescolapios.org\/ca\/wp-json\/wp\/v2\/users\/15"}],"replies":[{"embeddable":true,"href":"https:\/\/www.itakaescolapios.org\/ca\/wp-json\/wp\/v2\/comments?post=36317"}],"version-history":[{"count":3,"href":"https:\/\/www.itakaescolapios.org\/ca\/wp-json\/wp\/v2\/posts\/36317\/revisions"}],"predecessor-version":[{"id":44012,"href":"https:\/\/www.itakaescolapios.org\/ca\/wp-json\/wp\/v2\/posts\/36317\/revisions\/44012"}],"wp:featuredmedia":[{"embeddable":true,"href":"https:\/\/www.itakaescolapios.org\/ca\/wp-json\/wp\/v2\/media\/36319"}],"wp:attachment":[{"href":"https:\/\/www.itakaescolapios.org\/ca\/wp-json\/wp\/v2\/media?parent=36317"}],"wp:term":[{"taxonomy":"category","embeddable":true,"href":"https:\/\/www.itakaescolapios.org\/ca\/wp-json\/wp\/v2\/categories?post=36317"},{"taxonomy":"post_tag","embeddable":true,"href":"https:\/\/www.itakaescolapios.org\/ca\/wp-json\/wp\/v2\/tags?post=36317"}],"curies":[{"name":"wp","href":"https:\/\/api.w.org\/{rel}","templated":true}]}}