{"id":36392,"date":"2022-03-24T18:52:00","date_gmt":"2022-03-24T17:52:00","guid":{"rendered":"https:\/\/www.itakaescolapios.org\/?p=36392"},"modified":"2023-11-28T12:35:49","modified_gmt":"2023-11-28T11:35:49","slug":"presentacion-del-libro-sobre-voluntariado-con-un-espiritu-grande-del-p-javier-alonso","status":"publish","type":"post","link":"https:\/\/www.itakaescolapios.org\/ca\/2022\/03\/presentacion-del-libro-sobre-voluntariado-con-un-espiritu-grande-del-p-javier-alonso\/","title":{"rendered":"Presentaci\u00f3n del libro sobre voluntariado \"Con un esp\u00edritu grande\", del P. Javier Alonso"},"content":{"rendered":"<p>Con el objetivo de hacer una reflexi\u00f3n sobre el voluntariado escolapio para su fortalecimiento e impulso en todas las Escuelas P\u00edas, se presentar\u00e1 el libro del P. Javier Alonso titulado \u201cCon un esp\u00edritu grande\u201d. La presentaci\u00f3n tendr\u00e1 lugar en dos momentos online: el martes 5 de abril a las 19:00, hora de Espa\u00f1a, y el mi\u00e9rcoles 6 de abril a las 19:00, hora de Venezuela (a trav\u00e9s de la plataforma ZOOM, datos de conexi\u00f3n en la imagen que acompa\u00f1a esta noticia).<\/p>\n<p>El libro est\u00e1 dividido en dos partes: la primera es una reflexi\u00f3n te\u00f3rica sobre la identidad y procesos de un voluntariado escolapio, y la segunda propone 19 temas de formaci\u00f3n para voluntarios en clave de identidad calasancia: motivaciones, estilo de servicio y espiritualidad. En este acto de presentaci\u00f3n se informar\u00e1, adem\u00e1s, sobre el curso online que pr\u00f3ximamente se lanzar\u00e1 con este mismo contenido.<\/p>\n<p>Se trata de una iniciativa conjunta en la que participan, adem\u00e1s de la Red Itaka-Escolapios, la Red de Parroquias Escolapias, el Movimiento Calasanz y la Red de Pastoral Juvenil (RPJ). Desde Itaka-Escolapios compartimos la invitaci\u00f3n y animamos a sumarse a todas las personas interesadas, como oportunidad para profundizar e impulsar caminos compartidos en algo tan central para nuestra red, como es el voluntariado escolapio.<\/p>\n\n\t\t<style type=\"text\/css\">\n\t\t\t#gallery-1 {\n\t\t\t\tmargin: auto;\n\t\t\t}\n\t\t\t#gallery-1 .gallery-item {\n\t\t\t\tfloat: left;\n\t\t\t\tmargin-top: 10px;\n\t\t\t\ttext-align: center;\n\t\t\t\twidth: 33%;\n\t\t\t}\n\t\t\t#gallery-1 img {\n\t\t\t\tborder: 2px solid #cfcfcf;\n\t\t\t}\n\t\t\t#gallery-1 .gallery-caption {\n\t\t\t\tmargin-left: 0;\n\t\t\t}\n\t\t\t\/* see gallery_shortcode() in wp-includes\/media.php *\/\n\t\t<\/style>\n\t\t<div id='gallery-1' class='gallery galleryid-36392 gallery-columns-3 gallery-size-thumbnail'><dl class='gallery-item'>\n\t\t\t<dt class='gallery-icon landscape'>\n\t\t\t\t<a href='https:\/\/www.itakaescolapios.org\/ca\/2022\/03\/presentacion-del-libro-sobre-voluntariado-con-un-espiritu-grande-del-p-javier-alonso\/whatsapp-image-2022-03-24-at-4-56-26-pm\/'><img decoding=\"async\" width=\"90\" height=\"90\" src=\"https:\/\/www.itakaescolapios.org\/wp-content\/uploads\/2022\/03\/WhatsApp-Image-2022-03-24-at-4.56.26-PM-90x90.jpeg\" class=\"attachment-thumbnail size-thumbnail\" alt=\"\" \/><\/a>\n\t\t\t<\/dt><\/dl>\n\t\t\t<br style='clear: both' \/>\n\t\t<\/div>\n\n","protected":false},"excerpt":{"rendered":"<p>Con el objetivo de hacer una reflexi\u00f3n sobre el voluntariado escolapio para su fortalecimiento e impulso en todas las Escuelas P\u00edas, se presentar\u00e1 el libro del P. Javier Alonso titulado [&hellip;]<\/p>\n","protected":false},"author":46,"featured_media":36395,"comment_status":"closed","ping_status":"closed","sticky":false,"template":"","format":"standard","meta":{"_et_pb_use_builder":"","_et_pb_old_content":"","_et_gb_content_width":"","footnotes":""},"categories":[30],"tags":[],"class_list":["post-36392","post","type-post","status-publish","format-standard","has-post-thumbnail","hentry","category-itaka-escolapios"],"yoast_head":"<!-- This site is optimized with the Yoast SEO plugin v27.4 - https:\/\/yoast.com\/product\/yoast-seo-wordpress\/ -->\n<title>Presentaci\u00f3n del libro sobre voluntariado &quot;Con un esp\u00edritu grande&quot;, del P. Javier Alonso<\/title>\n<meta name=\"description\" content=\"Con el objetivo de hacer una reflexi\u00f3n sobre el voluntariado escolapio para su fortalecimiento e impulso en todas las Escuelas P\u00edas, se presentar\u00e1 el libro del P. Javier Alonso titulado \u201cCon un esp\u00edritu grande\u201d. La presentaci\u00f3n tendr\u00e1 lugar en dos momentos online: el martes 5 de abril a las 19:00, hora de Espa\u00f1a, y el&hellip;\" \/>\n<meta name=\"robots\" content=\"index, follow, max-snippet:-1, max-image-preview:large, max-video-preview:-1\" \/>\n<link rel=\"canonical\" href=\"\" \/>\n<meta property=\"og:locale\" content=\"ca_ES\" \/>\n<meta property=\"og:type\" content=\"article\" \/>\n<meta property=\"og:title\" content=\"Presentaci\u00f3n del libro sobre voluntariado &quot;Con un esp\u00edritu grande&quot;, del P. Javier Alonso\" \/>\n<meta property=\"og:description\" content=\"Con el objetivo de hacer una reflexi\u00f3n sobre el voluntariado escolapio para su fortalecimiento e impulso en todas las Escuelas P\u00edas, se presentar\u00e1 el libro del P. Javier Alonso titulado \u201cCon un esp\u00edritu grande\u201d. La presentaci\u00f3n tendr\u00e1 lugar en dos momentos online: el martes 5 de abril a las 19:00, hora de Espa\u00f1a, y el&hellip;\" \/>\n<meta property=\"og:url\" content=\"https:\/\/www.itakaescolapios.org\/ca\/2022\/03\/presentacion-del-libro-sobre-voluntariado-con-un-espiritu-grande-del-p-javier-alonso\/\" \/>\n<meta property=\"og:site_name\" content=\"Itaka-Escolapios\" \/>\n<meta property=\"article:published_time\" content=\"2022-03-24T17:52:00+00:00\" \/>\n<meta property=\"article:modified_time\" content=\"2023-11-28T11:35:49+00:00\" \/>\n<meta property=\"og:image\" content=\"https:\/\/www.itakaescolapios.org\/wp-content\/uploads\/2022\/03\/WhatsApp-Image-2022-03-22-at-12.38.58-PM.jpeg\" \/>\n\t<meta property=\"og:image:width\" content=\"1024\" \/>\n\t<meta property=\"og:image:height\" content=\"769\" \/>\n\t<meta property=\"og:image:type\" content=\"image\/jpeg\" \/>\n<meta name=\"author\" content=\"itakaescolapios\" \/>\n<meta name=\"twitter:card\" content=\"summary_large_image\" \/>\n<meta name=\"twitter:label1\" content=\"Escrit per\" \/>\n\t<meta name=\"twitter:data1\" content=\"itakaescolapios\" \/>\n\t<meta name=\"twitter:label2\" content=\"Temps estimat de lectura\" \/>\n\t<meta name=\"twitter:data2\" content=\"1 minut\" \/>\n<script type=\"application\/ld+json\" class=\"yoast-schema-graph\">{\"@context\":\"https:\\\/\\\/schema.org\",\"@graph\":[{\"@type\":\"Article\",\"@id\":\"https:\\\/\\\/www.itakaescolapios.org\\\/ca\\\/2022\\\/03\\\/presentacion-del-libro-sobre-voluntariado-con-un-espiritu-grande-del-p-javier-alonso\\\/#article\",\"isPartOf\":{\"@id\":\"https:\\\/\\\/www.itakaescolapios.org\\\/ca\\\/2022\\\/03\\\/presentacion-del-libro-sobre-voluntariado-con-un-espiritu-grande-del-p-javier-alonso\\\/\"},\"author\":{\"name\":\"itakaescolapios\",\"@id\":\"https:\\\/\\\/www.itakaescolapios.org\\\/es\\\/#\\\/schema\\\/person\\\/768ce0f19db5c2c2b6361e77e15db2db\"},\"headline\":\"Presentaci\u00f3n del libro sobre voluntariado \\\"Con un esp\u00edritu grande\\\", del P. Javier Alonso\",\"datePublished\":\"2022-03-24T17:52:00+00:00\",\"dateModified\":\"2023-11-28T11:35:49+00:00\",\"mainEntityOfPage\":{\"@id\":\"https:\\\/\\\/www.itakaescolapios.org\\\/ca\\\/2022\\\/03\\\/presentacion-del-libro-sobre-voluntariado-con-un-espiritu-grande-del-p-javier-alonso\\\/\"},\"wordCount\":237,\"publisher\":{\"@id\":\"https:\\\/\\\/www.itakaescolapios.org\\\/es\\\/#organization\"},\"image\":{\"@id\":\"https:\\\/\\\/www.itakaescolapios.org\\\/ca\\\/2022\\\/03\\\/presentacion-del-libro-sobre-voluntariado-con-un-espiritu-grande-del-p-javier-alonso\\\/#primaryimage\"},\"thumbnailUrl\":\"https:\\\/\\\/www.itakaescolapios.org\\\/wp-content\\\/uploads\\\/2022\\\/03\\\/WhatsApp-Image-2022-03-22-at-12.38.58-PM.jpeg\",\"articleSection\":[\"Itaka Escolapios\"],\"inLanguage\":\"ca\"},{\"@type\":\"WebPage\",\"@id\":\"https:\\\/\\\/www.itakaescolapios.org\\\/ca\\\/2022\\\/03\\\/presentacion-del-libro-sobre-voluntariado-con-un-espiritu-grande-del-p-javier-alonso\\\/\",\"url\":\"https:\\\/\\\/www.itakaescolapios.org\\\/ca\\\/2022\\\/03\\\/presentacion-del-libro-sobre-voluntariado-con-un-espiritu-grande-del-p-javier-alonso\\\/\",\"name\":\"Presentaci\u00f3n del libro sobre voluntariado \\\"Con un esp\u00edritu grande\\\", del P. Javier Alonso - Itaka-Escolapios\",\"isPartOf\":{\"@id\":\"https:\\\/\\\/www.itakaescolapios.org\\\/es\\\/#website\"},\"primaryImageOfPage\":{\"@id\":\"https:\\\/\\\/www.itakaescolapios.org\\\/ca\\\/2022\\\/03\\\/presentacion-del-libro-sobre-voluntariado-con-un-espiritu-grande-del-p-javier-alonso\\\/#primaryimage\"},\"image\":{\"@id\":\"https:\\\/\\\/www.itakaescolapios.org\\\/ca\\\/2022\\\/03\\\/presentacion-del-libro-sobre-voluntariado-con-un-espiritu-grande-del-p-javier-alonso\\\/#primaryimage\"},\"thumbnailUrl\":\"https:\\\/\\\/www.itakaescolapios.org\\\/wp-content\\\/uploads\\\/2022\\\/03\\\/WhatsApp-Image-2022-03-22-at-12.38.58-PM.jpeg\",\"datePublished\":\"2022-03-24T17:52:00+00:00\",\"dateModified\":\"2023-11-28T11:35:49+00:00\",\"breadcrumb\":{\"@id\":\"https:\\\/\\\/www.itakaescolapios.org\\\/ca\\\/2022\\\/03\\\/presentacion-del-libro-sobre-voluntariado-con-un-espiritu-grande-del-p-javier-alonso\\\/#breadcrumb\"},\"inLanguage\":\"ca\",\"potentialAction\":[{\"@type\":\"ReadAction\",\"target\":[\"https:\\\/\\\/www.itakaescolapios.org\\\/ca\\\/2022\\\/03\\\/presentacion-del-libro-sobre-voluntariado-con-un-espiritu-grande-del-p-javier-alonso\\\/\"]}]},{\"@type\":\"ImageObject\",\"inLanguage\":\"ca\",\"@id\":\"https:\\\/\\\/www.itakaescolapios.org\\\/ca\\\/2022\\\/03\\\/presentacion-del-libro-sobre-voluntariado-con-un-espiritu-grande-del-p-javier-alonso\\\/#primaryimage\",\"url\":\"https:\\\/\\\/www.itakaescolapios.org\\\/wp-content\\\/uploads\\\/2022\\\/03\\\/WhatsApp-Image-2022-03-22-at-12.38.58-PM.jpeg\",\"contentUrl\":\"https:\\\/\\\/www.itakaescolapios.org\\\/wp-content\\\/uploads\\\/2022\\\/03\\\/WhatsApp-Image-2022-03-22-at-12.38.58-PM.jpeg\",\"width\":1024,\"height\":769},{\"@type\":\"BreadcrumbList\",\"@id\":\"https:\\\/\\\/www.itakaescolapios.org\\\/ca\\\/2022\\\/03\\\/presentacion-del-libro-sobre-voluntariado-con-un-espiritu-grande-del-p-javier-alonso\\\/#breadcrumb\",\"itemListElement\":[{\"@type\":\"ListItem\",\"position\":1,\"name\":\"Itaka-Escolapios\",\"item\":\"https:\\\/\\\/www.itakaescolapios.org\\\/es\\\/\"},{\"@type\":\"ListItem\",\"position\":2,\"name\":\"Presentaci\u00f3n del libro sobre voluntariado \\\"Con un esp\u00edritu grande\\\", del P. Javier Alonso\"}]},{\"@type\":\"WebSite\",\"@id\":\"https:\\\/\\\/www.itakaescolapios.org\\\/ca\\\/es\\\/#website\",\"url\":\"https:\\\/\\\/www.itakaescolapios.org\\\/ca\\\/es\\\/\",\"name\":\"Itaka-Escolapios\",\"description\":\"Red de Itaka-Escolapios\",\"publisher\":{\"@id\":\"https:\\\/\\\/www.itakaescolapios.org\\\/ca\\\/es\\\/#organization\"},\"potentialAction\":[{\"@type\":\"SearchAction\",\"target\":{\"@type\":\"EntryPoint\",\"urlTemplate\":\"https:\\\/\\\/www.itakaescolapios.org\\\/ca\\\/es\\\/?s={search_term_string}\"},\"query-input\":{\"@type\":\"PropertyValueSpecification\",\"valueRequired\":true,\"valueName\":\"search_term_string\"}}],\"inLanguage\":\"ca\"},{\"@type\":\"Organization\",\"@id\":\"https:\\\/\\\/www.itakaescolapios.org\\\/ca\\\/es\\\/#organization\",\"name\":\"Fundaci\u00f3 Itaka-Escolapios\",\"url\":\"https:\\\/\\\/www.itakaescolapios.org\\\/ca\\\/es\\\/\",\"logo\":{\"@type\":\"ImageObject\",\"inLanguage\":\"ca\",\"@id\":\"https:\\\/\\\/www.itakaescolapios.org\\\/ca\\\/es\\\/#\\\/schema\\\/logo\\\/image\\\/\",\"url\":\"https:\\\/\\\/www.itakaescolapios.org\\\/wp-content\\\/uploads\\\/2024\\\/04\\\/Logo-itakaescolapios-peque.png\",\"contentUrl\":\"https:\\\/\\\/www.itakaescolapios.org\\\/wp-content\\\/uploads\\\/2024\\\/04\\\/Logo-itakaescolapios-peque.png\",\"width\":500,\"height\":199,\"caption\":\"Fundaci\u00f3 Itaka-Escolapios\"},\"image\":{\"@id\":\"https:\\\/\\\/www.itakaescolapios.org\\\/ca\\\/es\\\/#\\\/schema\\\/logo\\\/image\\\/\"}},{\"@type\":\"Person\",\"@id\":\"https:\\\/\\\/www.itakaescolapios.org\\\/es\\\/#\\\/schema\\\/person\\\/768ce0f19db5c2c2b6361e77e15db2db\",\"name\":\"itakaescolapios\",\"url\":\"https:\\\/\\\/www.itakaescolapios.org\\\/ca\\\/author\\\/itakaescolapios\\\/\"}]}<\/script>\n<!-- \/ Yoast SEO plugin. -->","yoast_head_json":{"title":"Presentaci\u00f3n del libro sobre voluntariado \"Con un esp\u00edritu grande\", del P. Javier Alonso","description":"Con el objetivo de hacer una reflexi\u00f3n sobre el voluntariado escolapio para su fortalecimiento e impulso en todas las Escuelas P\u00edas, se presentar\u00e1 el libro del P. Javier Alonso titulado \u201cCon un esp\u00edritu grande\u201d. La presentaci\u00f3n tendr\u00e1 lugar en dos momentos online: el martes 5 de abril a las 19:00, hora de Espa\u00f1a, y el&hellip;","robots":{"index":"index","follow":"follow","max-snippet":"max-snippet:-1","max-image-preview":"max-image-preview:large","max-video-preview":"max-video-preview:-1"},"canonical":"Con el objetivo de hacer una reflexi\u00f3n sobre el voluntariado escolapio para su fortalecimiento e impulso en todas las Escuelas P\u00edas, se presentar\u00e1 el libro del P. Javier Alonso titulado \u201cCon un esp\u00edritu grande\u201d. La presentaci\u00f3n tendr\u00e1 lugar en dos momentos online: el martes 5 de abril a las 19:00, hora de Espa\u00f1a, y el&hellip;","og_locale":"ca_ES","og_type":"article","og_title":"Presentaci\u00f3n del libro sobre voluntariado \"Con un esp\u00edritu grande\", del P. Javier Alonso","og_description":"Con el objetivo de hacer una reflexi\u00f3n sobre el voluntariado escolapio para su fortalecimiento e impulso en todas las Escuelas P\u00edas, se presentar\u00e1 el libro del P. Javier Alonso titulado \u201cCon un esp\u00edritu grande\u201d. La presentaci\u00f3n tendr\u00e1 lugar en dos momentos online: el martes 5 de abril a las 19:00, hora de Espa\u00f1a, y el&hellip;","og_url":"https:\/\/www.itakaescolapios.org\/ca\/2022\/03\/presentacion-del-libro-sobre-voluntariado-con-un-espiritu-grande-del-p-javier-alonso\/","og_site_name":"Itaka-Escolapios","article_published_time":"2022-03-24T17:52:00+00:00","article_modified_time":"2023-11-28T11:35:49+00:00","og_image":[{"width":1024,"height":769,"url":"https:\/\/www.itakaescolapios.org\/wp-content\/uploads\/2022\/03\/WhatsApp-Image-2022-03-22-at-12.38.58-PM.jpeg","type":"image\/jpeg"}],"author":"itakaescolapios","twitter_card":"summary_large_image","twitter_misc":{"Escrit per":"itakaescolapios","Temps estimat de lectura":"1 minut"},"schema":{"@context":"https:\/\/schema.org","@graph":[{"@type":"Article","@id":"https:\/\/www.itakaescolapios.org\/ca\/2022\/03\/presentacion-del-libro-sobre-voluntariado-con-un-espiritu-grande-del-p-javier-alonso\/#article","isPartOf":{"@id":"https:\/\/www.itakaescolapios.org\/ca\/2022\/03\/presentacion-del-libro-sobre-voluntariado-con-un-espiritu-grande-del-p-javier-alonso\/"},"author":{"name":"itakaescolapios","@id":"https:\/\/www.itakaescolapios.org\/es\/#\/schema\/person\/768ce0f19db5c2c2b6361e77e15db2db"},"headline":"Presentaci\u00f3n del libro sobre voluntariado \"Con un esp\u00edritu grande\", del P. Javier Alonso","datePublished":"2022-03-24T17:52:00+00:00","dateModified":"2023-11-28T11:35:49+00:00","mainEntityOfPage":{"@id":"https:\/\/www.itakaescolapios.org\/ca\/2022\/03\/presentacion-del-libro-sobre-voluntariado-con-un-espiritu-grande-del-p-javier-alonso\/"},"wordCount":237,"publisher":{"@id":"https:\/\/www.itakaescolapios.org\/es\/#organization"},"image":{"@id":"https:\/\/www.itakaescolapios.org\/ca\/2022\/03\/presentacion-del-libro-sobre-voluntariado-con-un-espiritu-grande-del-p-javier-alonso\/#primaryimage"},"thumbnailUrl":"https:\/\/www.itakaescolapios.org\/wp-content\/uploads\/2022\/03\/WhatsApp-Image-2022-03-22-at-12.38.58-PM.jpeg","articleSection":["Itaka Escolapios"],"inLanguage":"ca"},{"@type":"WebPage","@id":"https:\/\/www.itakaescolapios.org\/ca\/2022\/03\/presentacion-del-libro-sobre-voluntariado-con-un-espiritu-grande-del-p-javier-alonso\/","url":"https:\/\/www.itakaescolapios.org\/ca\/2022\/03\/presentacion-del-libro-sobre-voluntariado-con-un-espiritu-grande-del-p-javier-alonso\/","name":"Presentaci\u00f3n del libro sobre voluntariado \"Con un esp\u00edritu grande\", del P. Javier Alonso - Itaka-Escolapios","isPartOf":{"@id":"https:\/\/www.itakaescolapios.org\/es\/#website"},"primaryImageOfPage":{"@id":"https:\/\/www.itakaescolapios.org\/ca\/2022\/03\/presentacion-del-libro-sobre-voluntariado-con-un-espiritu-grande-del-p-javier-alonso\/#primaryimage"},"image":{"@id":"https:\/\/www.itakaescolapios.org\/ca\/2022\/03\/presentacion-del-libro-sobre-voluntariado-con-un-espiritu-grande-del-p-javier-alonso\/#primaryimage"},"thumbnailUrl":"https:\/\/www.itakaescolapios.org\/wp-content\/uploads\/2022\/03\/WhatsApp-Image-2022-03-22-at-12.38.58-PM.jpeg","datePublished":"2022-03-24T17:52:00+00:00","dateModified":"2023-11-28T11:35:49+00:00","breadcrumb":{"@id":"https:\/\/www.itakaescolapios.org\/ca\/2022\/03\/presentacion-del-libro-sobre-voluntariado-con-un-espiritu-grande-del-p-javier-alonso\/#breadcrumb"},"inLanguage":"ca","potentialAction":[{"@type":"ReadAction","target":["https:\/\/www.itakaescolapios.org\/ca\/2022\/03\/presentacion-del-libro-sobre-voluntariado-con-un-espiritu-grande-del-p-javier-alonso\/"]}]},{"@type":"ImageObject","inLanguage":"ca","@id":"https:\/\/www.itakaescolapios.org\/ca\/2022\/03\/presentacion-del-libro-sobre-voluntariado-con-un-espiritu-grande-del-p-javier-alonso\/#primaryimage","url":"https:\/\/www.itakaescolapios.org\/wp-content\/uploads\/2022\/03\/WhatsApp-Image-2022-03-22-at-12.38.58-PM.jpeg","contentUrl":"https:\/\/www.itakaescolapios.org\/wp-content\/uploads\/2022\/03\/WhatsApp-Image-2022-03-22-at-12.38.58-PM.jpeg","width":1024,"height":769},{"@type":"BreadcrumbList","@id":"https:\/\/www.itakaescolapios.org\/ca\/2022\/03\/presentacion-del-libro-sobre-voluntariado-con-un-espiritu-grande-del-p-javier-alonso\/#breadcrumb","itemListElement":[{"@type":"ListItem","position":1,"name":"Itaka-Escolapios","item":"https:\/\/www.itakaescolapios.org\/es\/"},{"@type":"ListItem","position":2,"name":"Presentaci\u00f3n del libro sobre voluntariado \"Con un esp\u00edritu grande\", del P. Javier Alonso"}]},{"@type":"WebSite","@id":"https:\/\/www.itakaescolapios.org\/ca\/es\/#website","url":"https:\/\/www.itakaescolapios.org\/ca\/es\/","name":"Itaka-Escolapios","description":"Red de Itaka-Escolapios","publisher":{"@id":"https:\/\/www.itakaescolapios.org\/ca\/es\/#organization"},"potentialAction":[{"@type":"SearchAction","target":{"@type":"EntryPoint","urlTemplate":"https:\/\/www.itakaescolapios.org\/ca\/es\/?s={search_term_string}"},"query-input":{"@type":"PropertyValueSpecification","valueRequired":true,"valueName":"search_term_string"}}],"inLanguage":"ca"},{"@type":"Organization","@id":"https:\/\/www.itakaescolapios.org\/ca\/es\/#organization","name":"Fundaci\u00f3 Itaka-Escolapios","url":"https:\/\/www.itakaescolapios.org\/ca\/es\/","logo":{"@type":"ImageObject","inLanguage":"ca","@id":"https:\/\/www.itakaescolapios.org\/ca\/es\/#\/schema\/logo\/image\/","url":"https:\/\/www.itakaescolapios.org\/wp-content\/uploads\/2024\/04\/Logo-itakaescolapios-peque.png","contentUrl":"https:\/\/www.itakaescolapios.org\/wp-content\/uploads\/2024\/04\/Logo-itakaescolapios-peque.png","width":500,"height":199,"caption":"Fundaci\u00f3 Itaka-Escolapios"},"image":{"@id":"https:\/\/www.itakaescolapios.org\/ca\/es\/#\/schema\/logo\/image\/"}},{"@type":"Person","@id":"https:\/\/www.itakaescolapios.org\/es\/#\/schema\/person\/768ce0f19db5c2c2b6361e77e15db2db","name":"itakaescolapios","url":"https:\/\/www.itakaescolapios.org\/ca\/author\/itakaescolapios\/"}]}},"_links":{"self":[{"href":"https:\/\/www.itakaescolapios.org\/ca\/wp-json\/wp\/v2\/posts\/36392","targetHints":{"allow":["GET"]}}],"collection":[{"href":"https:\/\/www.itakaescolapios.org\/ca\/wp-json\/wp\/v2\/posts"}],"about":[{"href":"https:\/\/www.itakaescolapios.org\/ca\/wp-json\/wp\/v2\/types\/post"}],"author":[{"embeddable":true,"href":"https:\/\/www.itakaescolapios.org\/ca\/wp-json\/wp\/v2\/users\/46"}],"replies":[{"embeddable":true,"href":"https:\/\/www.itakaescolapios.org\/ca\/wp-json\/wp\/v2\/comments?post=36392"}],"version-history":[{"count":9,"href":"https:\/\/www.itakaescolapios.org\/ca\/wp-json\/wp\/v2\/posts\/36392\/revisions"}],"predecessor-version":[{"id":43993,"href":"https:\/\/www.itakaescolapios.org\/ca\/wp-json\/wp\/v2\/posts\/36392\/revisions\/43993"}],"wp:featuredmedia":[{"embeddable":true,"href":"https:\/\/www.itakaescolapios.org\/ca\/wp-json\/wp\/v2\/media\/36395"}],"wp:attachment":[{"href":"https:\/\/www.itakaescolapios.org\/ca\/wp-json\/wp\/v2\/media?parent=36392"}],"wp:term":[{"taxonomy":"category","embeddable":true,"href":"https:\/\/www.itakaescolapios.org\/ca\/wp-json\/wp\/v2\/categories?post=36392"},{"taxonomy":"post_tag","embeddable":true,"href":"https:\/\/www.itakaescolapios.org\/ca\/wp-json\/wp\/v2\/tags?post=36392"}],"curies":[{"name":"wp","href":"https:\/\/api.w.org\/{rel}","templated":true}]}}