{"id":36835,"date":"2022-05-24T10:27:11","date_gmt":"2022-05-24T09:27:11","guid":{"rendered":"https:\/\/www.itakaescolapios.org\/?p=36835"},"modified":"2023-11-28T12:35:45","modified_gmt":"2023-11-28T11:35:45","slug":"francais-premiere-session-de-formation-des-volontaires-piaristes-en-vue-de-la-preparation-des-collectivites-educatives-et-des-colonies-de-vacances","status":"publish","type":"post","link":"https:\/\/www.itakaescolapios.org\/ca\/2022\/05\/francais-premiere-session-de-formation-des-volontaires-piaristes-en-vue-de-la-preparation-des-collectivites-educatives-et-des-colonies-de-vacances\/","title":{"rendered":""},"content":{"rendered":"<p>[:fr]Dimanche dernier 22 Mai 2022, s\u2019est tenu \u00e0 Bamenda (Futru), la premi\u00e8re session de formation des volontaires piaristes en vue de la pr\u00e9paration des collectivit\u00e9s \u00e9ducatives et des colonies de vacances. La session a commenc\u00e9 \u00e0 8h avec le module sur &#8220;comment faire une fiche technique, les sons d&#8217;animation et les jeux ext\u00e9rieurs&#8221; donn\u00e9 par le Fr\u00e8re Arnold MASSOGO, Sch. P. (formation th\u00e9orie et pratique) et \u00e0 10h30, a eu lieu le deuxi\u00e8me module de formation &#8220;introduction aux collectivit\u00e9s \u00e9ducatives : histoire, typologie, objectif global et sp\u00e9cifique, l&#8217;emploi de temps&#8221; qui a \u00e9t\u00e9 d\u00e9livr\u00e9 par le P\u00e8re C\u00e9lestine Moh, Sch. P. La premi\u00e8re partie de la journ\u00e9e s\u2019est achev\u00e9e avec une messe. La joie d\u2019\u00eatre pr\u00e9sent \u00e9tait partag\u00e9e car\u00a0 tous les volontaires ont r\u00e9pondu s\u00e9rieusement et activement \u00e0 cette invitation.<\/p>\n<p><img decoding=\"async\" class=\"size-full wp-image-36836 aligncenter\" src=\"https:\/\/www.itakaescolapios.org\/wp-content\/uploads\/2022\/05\/IMG-20220523-WA0013.jpg\" alt=\"\" width=\"1080\" height=\"809\" srcset=\"https:\/\/www.itakaescolapios.org\/wp-content\/uploads\/2022\/05\/IMG-20220523-WA0013.jpg 1080w, https:\/\/www.itakaescolapios.org\/wp-content\/uploads\/2022\/05\/IMG-20220523-WA0013-300x225.jpg 300w, https:\/\/www.itakaescolapios.org\/wp-content\/uploads\/2022\/05\/IMG-20220523-WA0013-1024x767.jpg 1024w, https:\/\/www.itakaescolapios.org\/wp-content\/uploads\/2022\/05\/IMG-20220523-WA0013-768x575.jpg 768w, https:\/\/www.itakaescolapios.org\/wp-content\/uploads\/2022\/05\/IMG-20220523-WA0013-250x187.jpg 250w, https:\/\/www.itakaescolapios.org\/wp-content\/uploads\/2022\/05\/IMG-20220523-WA0013-510x382.jpg 510w\" sizes=\"(max-width: 1080px) 100vw, 1080px\" \/><\/p>\n<p><img decoding=\"async\" class=\"size-full wp-image-36838 aligncenter\" src=\"https:\/\/www.itakaescolapios.org\/wp-content\/uploads\/2022\/05\/IMG-20220523-WA0015.jpg\" alt=\"\" width=\"1080\" height=\"809\" srcset=\"https:\/\/www.itakaescolapios.org\/wp-content\/uploads\/2022\/05\/IMG-20220523-WA0015.jpg 1080w, https:\/\/www.itakaescolapios.org\/wp-content\/uploads\/2022\/05\/IMG-20220523-WA0015-300x225.jpg 300w, https:\/\/www.itakaescolapios.org\/wp-content\/uploads\/2022\/05\/IMG-20220523-WA0015-1024x767.jpg 1024w, https:\/\/www.itakaescolapios.org\/wp-content\/uploads\/2022\/05\/IMG-20220523-WA0015-768x575.jpg 768w, https:\/\/www.itakaescolapios.org\/wp-content\/uploads\/2022\/05\/IMG-20220523-WA0015-250x187.jpg 250w, https:\/\/www.itakaescolapios.org\/wp-content\/uploads\/2022\/05\/IMG-20220523-WA0015-510x382.jpg 510w\" sizes=\"(max-width: 1080px) 100vw, 1080px\" \/><\/p>\n<p><img decoding=\"async\" class=\"size-full wp-image-36839 aligncenter\" src=\"https:\/\/www.itakaescolapios.org\/wp-content\/uploads\/2022\/05\/IMG-20220523-WA0014.jpg\" alt=\"\" width=\"1080\" height=\"809\" srcset=\"https:\/\/www.itakaescolapios.org\/wp-content\/uploads\/2022\/05\/IMG-20220523-WA0014.jpg 1080w, https:\/\/www.itakaescolapios.org\/wp-content\/uploads\/2022\/05\/IMG-20220523-WA0014-300x225.jpg 300w, https:\/\/www.itakaescolapios.org\/wp-content\/uploads\/2022\/05\/IMG-20220523-WA0014-1024x767.jpg 1024w, https:\/\/www.itakaescolapios.org\/wp-content\/uploads\/2022\/05\/IMG-20220523-WA0014-768x575.jpg 768w, https:\/\/www.itakaescolapios.org\/wp-content\/uploads\/2022\/05\/IMG-20220523-WA0014-250x187.jpg 250w, https:\/\/www.itakaescolapios.org\/wp-content\/uploads\/2022\/05\/IMG-20220523-WA0014-510x382.jpg 510w\" sizes=\"(max-width: 1080px) 100vw, 1080px\" \/><\/p>\n<p><img decoding=\"async\" class=\"size-full wp-image-36840 aligncenter\" src=\"https:\/\/www.itakaescolapios.org\/wp-content\/uploads\/2022\/05\/IMG-20220523-WA0017.jpg\" alt=\"\" width=\"1080\" height=\"809\" srcset=\"https:\/\/www.itakaescolapios.org\/wp-content\/uploads\/2022\/05\/IMG-20220523-WA0017.jpg 1080w, https:\/\/www.itakaescolapios.org\/wp-content\/uploads\/2022\/05\/IMG-20220523-WA0017-300x225.jpg 300w, https:\/\/www.itakaescolapios.org\/wp-content\/uploads\/2022\/05\/IMG-20220523-WA0017-1024x767.jpg 1024w, https:\/\/www.itakaescolapios.org\/wp-content\/uploads\/2022\/05\/IMG-20220523-WA0017-768x575.jpg 768w, https:\/\/www.itakaescolapios.org\/wp-content\/uploads\/2022\/05\/IMG-20220523-WA0017-250x187.jpg 250w, https:\/\/www.itakaescolapios.org\/wp-content\/uploads\/2022\/05\/IMG-20220523-WA0017-510x382.jpg 510w\" sizes=\"(max-width: 1080px) 100vw, 1080px\" \/><\/p>\n<p><img decoding=\"async\" class=\"size-full wp-image-36841 aligncenter\" src=\"https:\/\/www.itakaescolapios.org\/wp-content\/uploads\/2022\/05\/IMG-20220523-WA0018.jpg\" alt=\"\" width=\"1080\" height=\"809\" srcset=\"https:\/\/www.itakaescolapios.org\/wp-content\/uploads\/2022\/05\/IMG-20220523-WA0018.jpg 1080w, https:\/\/www.itakaescolapios.org\/wp-content\/uploads\/2022\/05\/IMG-20220523-WA0018-300x225.jpg 300w, https:\/\/www.itakaescolapios.org\/wp-content\/uploads\/2022\/05\/IMG-20220523-WA0018-1024x767.jpg 1024w, https:\/\/www.itakaescolapios.org\/wp-content\/uploads\/2022\/05\/IMG-20220523-WA0018-768x575.jpg 768w, https:\/\/www.itakaescolapios.org\/wp-content\/uploads\/2022\/05\/IMG-20220523-WA0018-250x187.jpg 250w, https:\/\/www.itakaescolapios.org\/wp-content\/uploads\/2022\/05\/IMG-20220523-WA0018-510x382.jpg 510w\" sizes=\"(max-width: 1080px) 100vw, 1080px\" \/>[:]<\/p>\n","protected":false},"excerpt":{"rendered":"<p>[:fr]Dimanche dernier 22 Mai 2022, s\u2019est tenu \u00e0 Bamenda (Futru), la premi\u00e8re session de formation des volontaires piaristes en vue de la pr\u00e9paration des collectivit\u00e9s \u00e9ducatives et des colonies de [&hellip;]<\/p>\n","protected":false},"author":15,"featured_media":36837,"comment_status":"closed","ping_status":"closed","sticky":false,"template":"","format":"standard","meta":{"_et_pb_use_builder":"","_et_pb_old_content":"","_et_gb_content_width":"","footnotes":""},"categories":[53,10],"tags":[],"class_list":["post-36835","post","type-post","status-publish","format-standard","has-post-thumbnail","hentry","category-africa-central","category-camerun"],"yoast_head":"<!-- This site is optimized with the Yoast SEO plugin v27.4 - https:\/\/yoast.com\/product\/yoast-seo-wordpress\/ -->\n<title>- Itaka-Escolapios<\/title>\n<meta name=\"description\" content=\"[:fr]Dimanche dernier 22 Mai 2022, s\u2019est tenu \u00e0 Bamenda (Futru), la premi\u00e8re session de formation des volontaires piaristes en vue de la pr\u00e9paration des collectivit\u00e9s \u00e9ducatives et des colonies de vacances. La session a commenc\u00e9 \u00e0 8h avec le module sur &quot;comment faire une fiche technique, les sons d&#039;animation et les jeux ext\u00e9rieurs&quot; donn\u00e9 par&hellip;\" \/>\n<meta name=\"robots\" content=\"index, follow, max-snippet:-1, max-image-preview:large, max-video-preview:-1\" \/>\n<link rel=\"canonical\" href=\"\" \/>\n<meta property=\"og:locale\" content=\"ca_ES\" \/>\n<meta property=\"og:type\" content=\"article\" \/>\n<meta property=\"og:title\" content=\"- Itaka-Escolapios\" \/>\n<meta property=\"og:description\" content=\"[:fr]Dimanche dernier 22 Mai 2022, s\u2019est tenu \u00e0 Bamenda (Futru), la premi\u00e8re session de formation des volontaires piaristes en vue de la pr\u00e9paration des collectivit\u00e9s \u00e9ducatives et des colonies de vacances. La session a commenc\u00e9 \u00e0 8h avec le module sur &quot;comment faire une fiche technique, les sons d&#039;animation et les jeux ext\u00e9rieurs&quot; donn\u00e9 par&hellip;\" \/>\n<meta property=\"og:url\" content=\"https:\/\/www.itakaescolapios.org\/ca\/2022\/05\/francais-premiere-session-de-formation-des-volontaires-piaristes-en-vue-de-la-preparation-des-collectivites-educatives-et-des-colonies-de-vacances\/\" \/>\n<meta property=\"og:site_name\" content=\"Itaka-Escolapios\" \/>\n<meta property=\"article:published_time\" content=\"2022-05-24T09:27:11+00:00\" \/>\n<meta property=\"article:modified_time\" content=\"2023-11-28T11:35:45+00:00\" \/>\n<meta property=\"og:image\" content=\"https:\/\/www.itakaescolapios.org\/wp-content\/uploads\/2022\/05\/IMG-20220523-WA0021.jpg\" \/>\n\t<meta property=\"og:image:width\" content=\"1080\" \/>\n\t<meta property=\"og:image:height\" content=\"809\" \/>\n\t<meta property=\"og:image:type\" content=\"image\/jpeg\" \/>\n<meta name=\"author\" content=\"cameroun01\" \/>\n<meta name=\"twitter:card\" content=\"summary_large_image\" \/>\n<meta name=\"twitter:label1\" content=\"Escrit per\" \/>\n\t<meta name=\"twitter:data1\" content=\"cameroun01\" \/>\n\t<meta name=\"twitter:label2\" content=\"Temps estimat de lectura\" \/>\n\t<meta name=\"twitter:data2\" content=\"1 minut\" \/>\n<script type=\"application\/ld+json\" class=\"yoast-schema-graph\">{\"@context\":\"https:\\\/\\\/schema.org\",\"@graph\":[{\"@type\":\"Article\",\"@id\":\"https:\\\/\\\/www.itakaescolapios.org\\\/ca\\\/2022\\\/05\\\/francais-premiere-session-de-formation-des-volontaires-piaristes-en-vue-de-la-preparation-des-collectivites-educatives-et-des-colonies-de-vacances\\\/#article\",\"isPartOf\":{\"@id\":\"https:\\\/\\\/www.itakaescolapios.org\\\/ca\\\/2022\\\/05\\\/francais-premiere-session-de-formation-des-volontaires-piaristes-en-vue-de-la-preparation-des-collectivites-educatives-et-des-colonies-de-vacances\\\/\"},\"author\":{\"name\":\"cameroun01\",\"@id\":\"https:\\\/\\\/www.itakaescolapios.org\\\/es\\\/#\\\/schema\\\/person\\\/d2844383e29bfdfef69039672ce14eb1\"},\"headline\":\"Sense t\u00edtol\",\"datePublished\":\"2022-05-24T09:27:11+00:00\",\"dateModified\":\"2023-11-28T11:35:45+00:00\",\"mainEntityOfPage\":{\"@id\":\"https:\\\/\\\/www.itakaescolapios.org\\\/ca\\\/2022\\\/05\\\/francais-premiere-session-de-formation-des-volontaires-piaristes-en-vue-de-la-preparation-des-collectivites-educatives-et-des-colonies-de-vacances\\\/\"},\"wordCount\":148,\"publisher\":{\"@id\":\"https:\\\/\\\/www.itakaescolapios.org\\\/es\\\/#organization\"},\"image\":{\"@id\":\"https:\\\/\\\/www.itakaescolapios.org\\\/ca\\\/2022\\\/05\\\/francais-premiere-session-de-formation-des-volontaires-piaristes-en-vue-de-la-preparation-des-collectivites-educatives-et-des-colonies-de-vacances\\\/#primaryimage\"},\"thumbnailUrl\":\"https:\\\/\\\/www.itakaescolapios.org\\\/wp-content\\\/uploads\\\/2022\\\/05\\\/IMG-20220523-WA0021.jpg\",\"articleSection\":[\"\u00c1frica Central\",\"Camerun\"],\"inLanguage\":\"ca\"},{\"@type\":\"WebPage\",\"@id\":\"https:\\\/\\\/www.itakaescolapios.org\\\/ca\\\/2022\\\/05\\\/francais-premiere-session-de-formation-des-volontaires-piaristes-en-vue-de-la-preparation-des-collectivites-educatives-et-des-colonies-de-vacances\\\/\",\"url\":\"https:\\\/\\\/www.itakaescolapios.org\\\/ca\\\/2022\\\/05\\\/francais-premiere-session-de-formation-des-volontaires-piaristes-en-vue-de-la-preparation-des-collectivites-educatives-et-des-colonies-de-vacances\\\/\",\"name\":\"- Itaka-Escolapios\",\"isPartOf\":{\"@id\":\"https:\\\/\\\/www.itakaescolapios.org\\\/es\\\/#website\"},\"primaryImageOfPage\":{\"@id\":\"https:\\\/\\\/www.itakaescolapios.org\\\/ca\\\/2022\\\/05\\\/francais-premiere-session-de-formation-des-volontaires-piaristes-en-vue-de-la-preparation-des-collectivites-educatives-et-des-colonies-de-vacances\\\/#primaryimage\"},\"image\":{\"@id\":\"https:\\\/\\\/www.itakaescolapios.org\\\/ca\\\/2022\\\/05\\\/francais-premiere-session-de-formation-des-volontaires-piaristes-en-vue-de-la-preparation-des-collectivites-educatives-et-des-colonies-de-vacances\\\/#primaryimage\"},\"thumbnailUrl\":\"https:\\\/\\\/www.itakaescolapios.org\\\/wp-content\\\/uploads\\\/2022\\\/05\\\/IMG-20220523-WA0021.jpg\",\"datePublished\":\"2022-05-24T09:27:11+00:00\",\"dateModified\":\"2023-11-28T11:35:45+00:00\",\"inLanguage\":\"ca\",\"potentialAction\":[{\"@type\":\"ReadAction\",\"target\":[\"https:\\\/\\\/www.itakaescolapios.org\\\/ca\\\/2022\\\/05\\\/francais-premiere-session-de-formation-des-volontaires-piaristes-en-vue-de-la-preparation-des-collectivites-educatives-et-des-colonies-de-vacances\\\/\"]}]},{\"@type\":\"ImageObject\",\"inLanguage\":\"ca\",\"@id\":\"https:\\\/\\\/www.itakaescolapios.org\\\/ca\\\/2022\\\/05\\\/francais-premiere-session-de-formation-des-volontaires-piaristes-en-vue-de-la-preparation-des-collectivites-educatives-et-des-colonies-de-vacances\\\/#primaryimage\",\"url\":\"https:\\\/\\\/www.itakaescolapios.org\\\/wp-content\\\/uploads\\\/2022\\\/05\\\/IMG-20220523-WA0021.jpg\",\"contentUrl\":\"https:\\\/\\\/www.itakaescolapios.org\\\/wp-content\\\/uploads\\\/2022\\\/05\\\/IMG-20220523-WA0021.jpg\",\"width\":1080,\"height\":809},{\"@type\":\"WebSite\",\"@id\":\"https:\\\/\\\/www.itakaescolapios.org\\\/ca\\\/es\\\/#website\",\"url\":\"https:\\\/\\\/www.itakaescolapios.org\\\/ca\\\/es\\\/\",\"name\":\"Itaka-Escolapios\",\"description\":\"Red de Itaka-Escolapios\",\"publisher\":{\"@id\":\"https:\\\/\\\/www.itakaescolapios.org\\\/ca\\\/es\\\/#organization\"},\"potentialAction\":[{\"@type\":\"SearchAction\",\"target\":{\"@type\":\"EntryPoint\",\"urlTemplate\":\"https:\\\/\\\/www.itakaescolapios.org\\\/ca\\\/es\\\/?s={search_term_string}\"},\"query-input\":{\"@type\":\"PropertyValueSpecification\",\"valueRequired\":true,\"valueName\":\"search_term_string\"}}],\"inLanguage\":\"ca\"},{\"@type\":\"Organization\",\"@id\":\"https:\\\/\\\/www.itakaescolapios.org\\\/ca\\\/es\\\/#organization\",\"name\":\"Fundaci\u00f3 Itaka-Escolapios\",\"url\":\"https:\\\/\\\/www.itakaescolapios.org\\\/ca\\\/es\\\/\",\"logo\":{\"@type\":\"ImageObject\",\"inLanguage\":\"ca\",\"@id\":\"https:\\\/\\\/www.itakaescolapios.org\\\/ca\\\/es\\\/#\\\/schema\\\/logo\\\/image\\\/\",\"url\":\"https:\\\/\\\/www.itakaescolapios.org\\\/wp-content\\\/uploads\\\/2024\\\/04\\\/Logo-itakaescolapios-peque.png\",\"contentUrl\":\"https:\\\/\\\/www.itakaescolapios.org\\\/wp-content\\\/uploads\\\/2024\\\/04\\\/Logo-itakaescolapios-peque.png\",\"width\":500,\"height\":199,\"caption\":\"Fundaci\u00f3 Itaka-Escolapios\"},\"image\":{\"@id\":\"https:\\\/\\\/www.itakaescolapios.org\\\/ca\\\/es\\\/#\\\/schema\\\/logo\\\/image\\\/\"}},{\"@type\":\"Person\",\"@id\":\"https:\\\/\\\/www.itakaescolapios.org\\\/es\\\/#\\\/schema\\\/person\\\/d2844383e29bfdfef69039672ce14eb1\",\"name\":\"cameroun01\",\"url\":\"https:\\\/\\\/www.itakaescolapios.org\\\/ca\\\/author\\\/cameroun01\\\/\"}]}<\/script>\n<!-- \/ Yoast SEO plugin. -->","yoast_head_json":{"title":"- Itaka-Escolapios","description":"[:fr]Dimanche dernier 22 Mai 2022, s\u2019est tenu \u00e0 Bamenda (Futru), la premi\u00e8re session de formation des volontaires piaristes en vue de la pr\u00e9paration des collectivit\u00e9s \u00e9ducatives et des colonies de vacances. La session a commenc\u00e9 \u00e0 8h avec le module sur \"comment faire une fiche technique, les sons d'animation et les jeux ext\u00e9rieurs\" donn\u00e9 par&hellip;","robots":{"index":"index","follow":"follow","max-snippet":"max-snippet:-1","max-image-preview":"max-image-preview:large","max-video-preview":"max-video-preview:-1"},"canonical":"[:fr]Dimanche dernier 22 Mai 2022, s\u2019est tenu \u00e0 Bamenda (Futru), la premi\u00e8re session de formation des volontaires piaristes en vue de la pr\u00e9paration des collectivit\u00e9s \u00e9ducatives et des colonies de vacances. La session a commenc\u00e9 \u00e0 8h avec le module sur \"comment faire une fiche technique, les sons d'animation et les jeux ext\u00e9rieurs\" donn\u00e9 par&hellip;","og_locale":"ca_ES","og_type":"article","og_title":"- Itaka-Escolapios","og_description":"[:fr]Dimanche dernier 22 Mai 2022, s\u2019est tenu \u00e0 Bamenda (Futru), la premi\u00e8re session de formation des volontaires piaristes en vue de la pr\u00e9paration des collectivit\u00e9s \u00e9ducatives et des colonies de vacances. La session a commenc\u00e9 \u00e0 8h avec le module sur \"comment faire une fiche technique, les sons d'animation et les jeux ext\u00e9rieurs\" donn\u00e9 par&hellip;","og_url":"https:\/\/www.itakaescolapios.org\/ca\/2022\/05\/francais-premiere-session-de-formation-des-volontaires-piaristes-en-vue-de-la-preparation-des-collectivites-educatives-et-des-colonies-de-vacances\/","og_site_name":"Itaka-Escolapios","article_published_time":"2022-05-24T09:27:11+00:00","article_modified_time":"2023-11-28T11:35:45+00:00","og_image":[{"width":1080,"height":809,"url":"https:\/\/www.itakaescolapios.org\/wp-content\/uploads\/2022\/05\/IMG-20220523-WA0021.jpg","type":"image\/jpeg"}],"author":"cameroun01","twitter_card":"summary_large_image","twitter_misc":{"Escrit per":"cameroun01","Temps estimat de lectura":"1 minut"},"schema":{"@context":"https:\/\/schema.org","@graph":[{"@type":"Article","@id":"https:\/\/www.itakaescolapios.org\/ca\/2022\/05\/francais-premiere-session-de-formation-des-volontaires-piaristes-en-vue-de-la-preparation-des-collectivites-educatives-et-des-colonies-de-vacances\/#article","isPartOf":{"@id":"https:\/\/www.itakaescolapios.org\/ca\/2022\/05\/francais-premiere-session-de-formation-des-volontaires-piaristes-en-vue-de-la-preparation-des-collectivites-educatives-et-des-colonies-de-vacances\/"},"author":{"name":"cameroun01","@id":"https:\/\/www.itakaescolapios.org\/es\/#\/schema\/person\/d2844383e29bfdfef69039672ce14eb1"},"headline":"Sense t\u00edtol","datePublished":"2022-05-24T09:27:11+00:00","dateModified":"2023-11-28T11:35:45+00:00","mainEntityOfPage":{"@id":"https:\/\/www.itakaescolapios.org\/ca\/2022\/05\/francais-premiere-session-de-formation-des-volontaires-piaristes-en-vue-de-la-preparation-des-collectivites-educatives-et-des-colonies-de-vacances\/"},"wordCount":148,"publisher":{"@id":"https:\/\/www.itakaescolapios.org\/es\/#organization"},"image":{"@id":"https:\/\/www.itakaescolapios.org\/ca\/2022\/05\/francais-premiere-session-de-formation-des-volontaires-piaristes-en-vue-de-la-preparation-des-collectivites-educatives-et-des-colonies-de-vacances\/#primaryimage"},"thumbnailUrl":"https:\/\/www.itakaescolapios.org\/wp-content\/uploads\/2022\/05\/IMG-20220523-WA0021.jpg","articleSection":["\u00c1frica Central","Camerun"],"inLanguage":"ca"},{"@type":"WebPage","@id":"https:\/\/www.itakaescolapios.org\/ca\/2022\/05\/francais-premiere-session-de-formation-des-volontaires-piaristes-en-vue-de-la-preparation-des-collectivites-educatives-et-des-colonies-de-vacances\/","url":"https:\/\/www.itakaescolapios.org\/ca\/2022\/05\/francais-premiere-session-de-formation-des-volontaires-piaristes-en-vue-de-la-preparation-des-collectivites-educatives-et-des-colonies-de-vacances\/","name":"- Itaka-Escolapios","isPartOf":{"@id":"https:\/\/www.itakaescolapios.org\/es\/#website"},"primaryImageOfPage":{"@id":"https:\/\/www.itakaescolapios.org\/ca\/2022\/05\/francais-premiere-session-de-formation-des-volontaires-piaristes-en-vue-de-la-preparation-des-collectivites-educatives-et-des-colonies-de-vacances\/#primaryimage"},"image":{"@id":"https:\/\/www.itakaescolapios.org\/ca\/2022\/05\/francais-premiere-session-de-formation-des-volontaires-piaristes-en-vue-de-la-preparation-des-collectivites-educatives-et-des-colonies-de-vacances\/#primaryimage"},"thumbnailUrl":"https:\/\/www.itakaescolapios.org\/wp-content\/uploads\/2022\/05\/IMG-20220523-WA0021.jpg","datePublished":"2022-05-24T09:27:11+00:00","dateModified":"2023-11-28T11:35:45+00:00","inLanguage":"ca","potentialAction":[{"@type":"ReadAction","target":["https:\/\/www.itakaescolapios.org\/ca\/2022\/05\/francais-premiere-session-de-formation-des-volontaires-piaristes-en-vue-de-la-preparation-des-collectivites-educatives-et-des-colonies-de-vacances\/"]}]},{"@type":"ImageObject","inLanguage":"ca","@id":"https:\/\/www.itakaescolapios.org\/ca\/2022\/05\/francais-premiere-session-de-formation-des-volontaires-piaristes-en-vue-de-la-preparation-des-collectivites-educatives-et-des-colonies-de-vacances\/#primaryimage","url":"https:\/\/www.itakaescolapios.org\/wp-content\/uploads\/2022\/05\/IMG-20220523-WA0021.jpg","contentUrl":"https:\/\/www.itakaescolapios.org\/wp-content\/uploads\/2022\/05\/IMG-20220523-WA0021.jpg","width":1080,"height":809},{"@type":"WebSite","@id":"https:\/\/www.itakaescolapios.org\/ca\/es\/#website","url":"https:\/\/www.itakaescolapios.org\/ca\/es\/","name":"Itaka-Escolapios","description":"Red de Itaka-Escolapios","publisher":{"@id":"https:\/\/www.itakaescolapios.org\/ca\/es\/#organization"},"potentialAction":[{"@type":"SearchAction","target":{"@type":"EntryPoint","urlTemplate":"https:\/\/www.itakaescolapios.org\/ca\/es\/?s={search_term_string}"},"query-input":{"@type":"PropertyValueSpecification","valueRequired":true,"valueName":"search_term_string"}}],"inLanguage":"ca"},{"@type":"Organization","@id":"https:\/\/www.itakaescolapios.org\/ca\/es\/#organization","name":"Fundaci\u00f3 Itaka-Escolapios","url":"https:\/\/www.itakaescolapios.org\/ca\/es\/","logo":{"@type":"ImageObject","inLanguage":"ca","@id":"https:\/\/www.itakaescolapios.org\/ca\/es\/#\/schema\/logo\/image\/","url":"https:\/\/www.itakaescolapios.org\/wp-content\/uploads\/2024\/04\/Logo-itakaescolapios-peque.png","contentUrl":"https:\/\/www.itakaescolapios.org\/wp-content\/uploads\/2024\/04\/Logo-itakaescolapios-peque.png","width":500,"height":199,"caption":"Fundaci\u00f3 Itaka-Escolapios"},"image":{"@id":"https:\/\/www.itakaescolapios.org\/ca\/es\/#\/schema\/logo\/image\/"}},{"@type":"Person","@id":"https:\/\/www.itakaescolapios.org\/es\/#\/schema\/person\/d2844383e29bfdfef69039672ce14eb1","name":"cameroun01","url":"https:\/\/www.itakaescolapios.org\/ca\/author\/cameroun01\/"}]}},"_links":{"self":[{"href":"https:\/\/www.itakaescolapios.org\/ca\/wp-json\/wp\/v2\/posts\/36835","targetHints":{"allow":["GET"]}}],"collection":[{"href":"https:\/\/www.itakaescolapios.org\/ca\/wp-json\/wp\/v2\/posts"}],"about":[{"href":"https:\/\/www.itakaescolapios.org\/ca\/wp-json\/wp\/v2\/types\/post"}],"author":[{"embeddable":true,"href":"https:\/\/www.itakaescolapios.org\/ca\/wp-json\/wp\/v2\/users\/15"}],"replies":[{"embeddable":true,"href":"https:\/\/www.itakaescolapios.org\/ca\/wp-json\/wp\/v2\/comments?post=36835"}],"version-history":[{"count":3,"href":"https:\/\/www.itakaescolapios.org\/ca\/wp-json\/wp\/v2\/posts\/36835\/revisions"}],"predecessor-version":[{"id":43925,"href":"https:\/\/www.itakaescolapios.org\/ca\/wp-json\/wp\/v2\/posts\/36835\/revisions\/43925"}],"wp:featuredmedia":[{"embeddable":true,"href":"https:\/\/www.itakaescolapios.org\/ca\/wp-json\/wp\/v2\/media\/36837"}],"wp:attachment":[{"href":"https:\/\/www.itakaescolapios.org\/ca\/wp-json\/wp\/v2\/media?parent=36835"}],"wp:term":[{"taxonomy":"category","embeddable":true,"href":"https:\/\/www.itakaescolapios.org\/ca\/wp-json\/wp\/v2\/categories?post=36835"},{"taxonomy":"post_tag","embeddable":true,"href":"https:\/\/www.itakaescolapios.org\/ca\/wp-json\/wp\/v2\/tags?post=36835"}],"curies":[{"name":"wp","href":"https:\/\/api.w.org\/{rel}","templated":true}]}}