{"id":36873,"date":"2022-05-27T23:24:38","date_gmt":"2022-05-27T22:24:38","guid":{"rendered":"https:\/\/www.itakaescolapios.org\/?p=36873"},"modified":"2023-11-28T12:35:45","modified_gmt":"2023-11-28T11:35:45","slug":"francais-assemblee-generale-des-volontaires-piaristes-de-la-province-dafrique-centrale-a-bafia","status":"publish","type":"post","link":"https:\/\/www.itakaescolapios.org\/ca\/2022\/05\/francais-assemblee-generale-des-volontaires-piaristes-de-la-province-dafrique-centrale-a-bafia\/","title":{"rendered":""},"content":{"rendered":"<p>[:fr]<span dir=\"RTL\">Ce vendredi 27 mai 2022, a d\u00e9but\u00e9 \u00e0 Bafia, l&#8217;assembl\u00e9e g\u00e9n\u00e9rale des Volontaires piaristes de la Province d&#8217;Afrique Centrale. Pr\u00e9vue du 27 au 29 Mai 2022, cette rencontre est organis\u00e9e chaque fin d&#8217;ann\u00e9e afin de discuter des forces, des faiblesses et aussi des r\u00e9alisations des diff\u00e9rents groupes de volontaires dans leurs presences respectives. Cette ann\u00e9e, les pr\u00e9sences represent\u00e9es etaient Yaound\u00e9,\u00a0 Bafia, Bamendjou et Bamenda. Au programme du premier jour cette ann\u00e9e,\u00a0 on note l&#8217;arriv\u00e9e et l&#8217;installation des diff\u00e9rents volontaires,\u00a0 une animation commune de bienvenue, la pr\u00e9sentation du rapport anuel de chaque pr\u00e9sence puis le repas du soir. La journ\u00e9e \u00e9tait tr\u00e8s mouvement\u00e9e mais \u00e9difiante pour nous tous. La suite des \u00e9v\u00e8nements se poursuivront le samedi 28 et le dimanche 29 mai 2022<\/span><\/p>\n<p><span dir=\"RTL\">. &#8230;\u00a0 \u00a0 \u00a0 \u00a0,\u00a0 <img decoding=\"async\" class=\"size-full wp-image-36878 aligncenter\" src=\"https:\/\/www.itakaescolapios.org\/wp-content\/uploads\/2022\/05\/20220527_190136-scaled.jpg\" alt=\"\" width=\"2560\" height=\"1920\" srcset=\"https:\/\/www.itakaescolapios.org\/wp-content\/uploads\/2022\/05\/20220527_190136-scaled.jpg 2000w, https:\/\/www.itakaescolapios.org\/wp-content\/uploads\/2022\/05\/20220527_190136-300x225.jpg 300w, https:\/\/www.itakaescolapios.org\/wp-content\/uploads\/2022\/05\/20220527_190136-1024x768.jpg 1024w, https:\/\/www.itakaescolapios.org\/wp-content\/uploads\/2022\/05\/20220527_190136-768x576.jpg 768w, https:\/\/www.itakaescolapios.org\/wp-content\/uploads\/2022\/05\/20220527_190136-1536x1152.jpg 1536w, https:\/\/www.itakaescolapios.org\/wp-content\/uploads\/2022\/05\/20220527_190136-2048x1536.jpg 2048w, https:\/\/www.itakaescolapios.org\/wp-content\/uploads\/2022\/05\/20220527_190136-250x188.jpg 250w, https:\/\/www.itakaescolapios.org\/wp-content\/uploads\/2022\/05\/20220527_190136-510x382.jpg 510w, https:\/\/www.itakaescolapios.org\/wp-content\/uploads\/2022\/05\/20220527_190136-1080x810.jpg 1080w\" sizes=\"(max-width: 2560px) 100vw, 2560px\" \/><\/span><\/p>\n<p><img decoding=\"async\" class=\"size-full wp-image-36877 aligncenter\" src=\"https:\/\/www.itakaescolapios.org\/wp-content\/uploads\/2022\/05\/20220527_183503-scaled.jpg\" alt=\"\" width=\"2560\" height=\"1920\" srcset=\"https:\/\/www.itakaescolapios.org\/wp-content\/uploads\/2022\/05\/20220527_183503-scaled.jpg 2000w, https:\/\/www.itakaescolapios.org\/wp-content\/uploads\/2022\/05\/20220527_183503-300x225.jpg 300w, https:\/\/www.itakaescolapios.org\/wp-content\/uploads\/2022\/05\/20220527_183503-1024x768.jpg 1024w, https:\/\/www.itakaescolapios.org\/wp-content\/uploads\/2022\/05\/20220527_183503-768x576.jpg 768w, https:\/\/www.itakaescolapios.org\/wp-content\/uploads\/2022\/05\/20220527_183503-1536x1152.jpg 1536w, https:\/\/www.itakaescolapios.org\/wp-content\/uploads\/2022\/05\/20220527_183503-2048x1536.jpg 2048w, https:\/\/www.itakaescolapios.org\/wp-content\/uploads\/2022\/05\/20220527_183503-250x188.jpg 250w, https:\/\/www.itakaescolapios.org\/wp-content\/uploads\/2022\/05\/20220527_183503-510x382.jpg 510w, https:\/\/www.itakaescolapios.org\/wp-content\/uploads\/2022\/05\/20220527_183503-1080x810.jpg 1080w\" sizes=\"(max-width: 2560px) 100vw, 2560px\" \/>[:]<\/p>\n","protected":false},"excerpt":{"rendered":"<p>[:fr]Ce vendredi 27 mai 2022, a d\u00e9but\u00e9 \u00e0 Bafia, l&#8217;assembl\u00e9e g\u00e9n\u00e9rale des Volontaires piaristes de la Province d&#8217;Afrique Centrale. Pr\u00e9vue du 27 au 29 Mai 2022, cette rencontre est organis\u00e9e [&hellip;]<\/p>\n","protected":false},"author":15,"featured_media":36878,"comment_status":"closed","ping_status":"closed","sticky":false,"template":"","format":"standard","meta":{"_et_pb_use_builder":"off","_et_pb_old_content":"","_et_gb_content_width":"","footnotes":""},"categories":[53,10],"tags":[],"class_list":["post-36873","post","type-post","status-publish","format-standard","has-post-thumbnail","hentry","category-africa-central","category-camerun"],"yoast_head":"<!-- This site is optimized with the Yoast SEO plugin v27.4 - https:\/\/yoast.com\/product\/yoast-seo-wordpress\/ -->\n<title>- Itaka-Escolapios<\/title>\n<meta name=\"description\" content=\"[:fr]Ce vendredi 27 mai 2022, a d\u00e9but\u00e9 \u00e0 Bafia, l&#039;assembl\u00e9e g\u00e9n\u00e9rale des Volontaires piaristes de la Province d&#039;Afrique Centrale. Pr\u00e9vue du 27 au 29 Mai 2022, cette rencontre est organis\u00e9e chaque fin d&#039;ann\u00e9e afin de discuter des forces, des faiblesses et aussi des r\u00e9alisations des diff\u00e9rents groupes de volontaires dans leurs presences respectives. Cette ann\u00e9e,&hellip;\" \/>\n<meta name=\"robots\" content=\"index, follow, max-snippet:-1, max-image-preview:large, max-video-preview:-1\" \/>\n<link rel=\"canonical\" href=\"\" \/>\n<meta property=\"og:locale\" content=\"ca_ES\" \/>\n<meta property=\"og:type\" content=\"article\" \/>\n<meta property=\"og:title\" content=\"- Itaka-Escolapios\" \/>\n<meta property=\"og:description\" content=\"[:fr]Ce vendredi 27 mai 2022, a d\u00e9but\u00e9 \u00e0 Bafia, l&#039;assembl\u00e9e g\u00e9n\u00e9rale des Volontaires piaristes de la Province d&#039;Afrique Centrale. Pr\u00e9vue du 27 au 29 Mai 2022, cette rencontre est organis\u00e9e chaque fin d&#039;ann\u00e9e afin de discuter des forces, des faiblesses et aussi des r\u00e9alisations des diff\u00e9rents groupes de volontaires dans leurs presences respectives. Cette ann\u00e9e,&hellip;\" \/>\n<meta property=\"og:url\" content=\"https:\/\/www.itakaescolapios.org\/ca\/2022\/05\/francais-assemblee-generale-des-volontaires-piaristes-de-la-province-dafrique-centrale-a-bafia\/\" \/>\n<meta property=\"og:site_name\" content=\"Itaka-Escolapios\" \/>\n<meta property=\"article:published_time\" content=\"2022-05-27T22:24:38+00:00\" \/>\n<meta property=\"article:modified_time\" content=\"2023-11-28T11:35:45+00:00\" \/>\n<meta property=\"og:image\" content=\"https:\/\/www.itakaescolapios.org\/wp-content\/uploads\/2022\/05\/20220527_190136-scaled.jpg\" \/>\n\t<meta property=\"og:image:width\" content=\"2000\" \/>\n\t<meta property=\"og:image:height\" content=\"1500\" \/>\n\t<meta property=\"og:image:type\" content=\"image\/jpeg\" \/>\n<meta name=\"author\" content=\"cameroun01\" \/>\n<meta name=\"twitter:card\" content=\"summary_large_image\" \/>\n<meta name=\"twitter:label1\" content=\"Escrit per\" \/>\n\t<meta name=\"twitter:data1\" content=\"cameroun01\" \/>\n\t<meta name=\"twitter:label2\" content=\"Temps estimat de lectura\" \/>\n\t<meta name=\"twitter:data2\" content=\"1 minut\" \/>\n<script type=\"application\/ld+json\" class=\"yoast-schema-graph\">{\"@context\":\"https:\\\/\\\/schema.org\",\"@graph\":[{\"@type\":\"Article\",\"@id\":\"https:\\\/\\\/www.itakaescolapios.org\\\/ca\\\/2022\\\/05\\\/francais-assemblee-generale-des-volontaires-piaristes-de-la-province-dafrique-centrale-a-bafia\\\/#article\",\"isPartOf\":{\"@id\":\"https:\\\/\\\/www.itakaescolapios.org\\\/ca\\\/2022\\\/05\\\/francais-assemblee-generale-des-volontaires-piaristes-de-la-province-dafrique-centrale-a-bafia\\\/\"},\"author\":{\"name\":\"cameroun01\",\"@id\":\"https:\\\/\\\/www.itakaescolapios.org\\\/es\\\/#\\\/schema\\\/person\\\/d2844383e29bfdfef69039672ce14eb1\"},\"headline\":\"Sense t\u00edtol\",\"datePublished\":\"2022-05-27T22:24:38+00:00\",\"dateModified\":\"2023-11-28T11:35:45+00:00\",\"mainEntityOfPage\":{\"@id\":\"https:\\\/\\\/www.itakaescolapios.org\\\/ca\\\/2022\\\/05\\\/francais-assemblee-generale-des-volontaires-piaristes-de-la-province-dafrique-centrale-a-bafia\\\/\"},\"wordCount\":140,\"publisher\":{\"@id\":\"https:\\\/\\\/www.itakaescolapios.org\\\/es\\\/#organization\"},\"image\":{\"@id\":\"https:\\\/\\\/www.itakaescolapios.org\\\/ca\\\/2022\\\/05\\\/francais-assemblee-generale-des-volontaires-piaristes-de-la-province-dafrique-centrale-a-bafia\\\/#primaryimage\"},\"thumbnailUrl\":\"https:\\\/\\\/www.itakaescolapios.org\\\/wp-content\\\/uploads\\\/2022\\\/05\\\/20220527_190136-scaled.jpg\",\"articleSection\":[\"\u00c1frica Central\",\"Camerun\"],\"inLanguage\":\"ca\"},{\"@type\":\"WebPage\",\"@id\":\"https:\\\/\\\/www.itakaescolapios.org\\\/ca\\\/2022\\\/05\\\/francais-assemblee-generale-des-volontaires-piaristes-de-la-province-dafrique-centrale-a-bafia\\\/\",\"url\":\"https:\\\/\\\/www.itakaescolapios.org\\\/ca\\\/2022\\\/05\\\/francais-assemblee-generale-des-volontaires-piaristes-de-la-province-dafrique-centrale-a-bafia\\\/\",\"name\":\"- Itaka-Escolapios\",\"isPartOf\":{\"@id\":\"https:\\\/\\\/www.itakaescolapios.org\\\/es\\\/#website\"},\"primaryImageOfPage\":{\"@id\":\"https:\\\/\\\/www.itakaescolapios.org\\\/ca\\\/2022\\\/05\\\/francais-assemblee-generale-des-volontaires-piaristes-de-la-province-dafrique-centrale-a-bafia\\\/#primaryimage\"},\"image\":{\"@id\":\"https:\\\/\\\/www.itakaescolapios.org\\\/ca\\\/2022\\\/05\\\/francais-assemblee-generale-des-volontaires-piaristes-de-la-province-dafrique-centrale-a-bafia\\\/#primaryimage\"},\"thumbnailUrl\":\"https:\\\/\\\/www.itakaescolapios.org\\\/wp-content\\\/uploads\\\/2022\\\/05\\\/20220527_190136-scaled.jpg\",\"datePublished\":\"2022-05-27T22:24:38+00:00\",\"dateModified\":\"2023-11-28T11:35:45+00:00\",\"inLanguage\":\"ca\",\"potentialAction\":[{\"@type\":\"ReadAction\",\"target\":[\"https:\\\/\\\/www.itakaescolapios.org\\\/ca\\\/2022\\\/05\\\/francais-assemblee-generale-des-volontaires-piaristes-de-la-province-dafrique-centrale-a-bafia\\\/\"]}]},{\"@type\":\"ImageObject\",\"inLanguage\":\"ca\",\"@id\":\"https:\\\/\\\/www.itakaescolapios.org\\\/ca\\\/2022\\\/05\\\/francais-assemblee-generale-des-volontaires-piaristes-de-la-province-dafrique-centrale-a-bafia\\\/#primaryimage\",\"url\":\"https:\\\/\\\/www.itakaescolapios.org\\\/wp-content\\\/uploads\\\/2022\\\/05\\\/20220527_190136-scaled.jpg\",\"contentUrl\":\"https:\\\/\\\/www.itakaescolapios.org\\\/wp-content\\\/uploads\\\/2022\\\/05\\\/20220527_190136-scaled.jpg\",\"width\":2000,\"height\":1500},{\"@type\":\"WebSite\",\"@id\":\"https:\\\/\\\/www.itakaescolapios.org\\\/ca\\\/es\\\/#website\",\"url\":\"https:\\\/\\\/www.itakaescolapios.org\\\/ca\\\/es\\\/\",\"name\":\"Itaka-Escolapios\",\"description\":\"Red de Itaka-Escolapios\",\"publisher\":{\"@id\":\"https:\\\/\\\/www.itakaescolapios.org\\\/ca\\\/es\\\/#organization\"},\"potentialAction\":[{\"@type\":\"SearchAction\",\"target\":{\"@type\":\"EntryPoint\",\"urlTemplate\":\"https:\\\/\\\/www.itakaescolapios.org\\\/ca\\\/es\\\/?s={search_term_string}\"},\"query-input\":{\"@type\":\"PropertyValueSpecification\",\"valueRequired\":true,\"valueName\":\"search_term_string\"}}],\"inLanguage\":\"ca\"},{\"@type\":\"Organization\",\"@id\":\"https:\\\/\\\/www.itakaescolapios.org\\\/ca\\\/es\\\/#organization\",\"name\":\"Fundaci\u00f3 Itaka-Escolapios\",\"url\":\"https:\\\/\\\/www.itakaescolapios.org\\\/ca\\\/es\\\/\",\"logo\":{\"@type\":\"ImageObject\",\"inLanguage\":\"ca\",\"@id\":\"https:\\\/\\\/www.itakaescolapios.org\\\/ca\\\/es\\\/#\\\/schema\\\/logo\\\/image\\\/\",\"url\":\"https:\\\/\\\/www.itakaescolapios.org\\\/wp-content\\\/uploads\\\/2024\\\/04\\\/Logo-itakaescolapios-peque.png\",\"contentUrl\":\"https:\\\/\\\/www.itakaescolapios.org\\\/wp-content\\\/uploads\\\/2024\\\/04\\\/Logo-itakaescolapios-peque.png\",\"width\":500,\"height\":199,\"caption\":\"Fundaci\u00f3 Itaka-Escolapios\"},\"image\":{\"@id\":\"https:\\\/\\\/www.itakaescolapios.org\\\/ca\\\/es\\\/#\\\/schema\\\/logo\\\/image\\\/\"}},{\"@type\":\"Person\",\"@id\":\"https:\\\/\\\/www.itakaescolapios.org\\\/es\\\/#\\\/schema\\\/person\\\/d2844383e29bfdfef69039672ce14eb1\",\"name\":\"cameroun01\",\"url\":\"https:\\\/\\\/www.itakaescolapios.org\\\/ca\\\/author\\\/cameroun01\\\/\"}]}<\/script>\n<!-- \/ Yoast SEO plugin. -->","yoast_head_json":{"title":"- Itaka-Escolapios","description":"[:fr]Ce vendredi 27 mai 2022, a d\u00e9but\u00e9 \u00e0 Bafia, l'assembl\u00e9e g\u00e9n\u00e9rale des Volontaires piaristes de la Province d'Afrique Centrale. Pr\u00e9vue du 27 au 29 Mai 2022, cette rencontre est organis\u00e9e chaque fin d'ann\u00e9e afin de discuter des forces, des faiblesses et aussi des r\u00e9alisations des diff\u00e9rents groupes de volontaires dans leurs presences respectives. Cette ann\u00e9e,&hellip;","robots":{"index":"index","follow":"follow","max-snippet":"max-snippet:-1","max-image-preview":"max-image-preview:large","max-video-preview":"max-video-preview:-1"},"canonical":"[:fr]Ce vendredi 27 mai 2022, a d\u00e9but\u00e9 \u00e0 Bafia, l'assembl\u00e9e g\u00e9n\u00e9rale des Volontaires piaristes de la Province d'Afrique Centrale. Pr\u00e9vue du 27 au 29 Mai 2022, cette rencontre est organis\u00e9e chaque fin d'ann\u00e9e afin de discuter des forces, des faiblesses et aussi des r\u00e9alisations des diff\u00e9rents groupes de volontaires dans leurs presences respectives. Cette ann\u00e9e,&hellip;","og_locale":"ca_ES","og_type":"article","og_title":"- Itaka-Escolapios","og_description":"[:fr]Ce vendredi 27 mai 2022, a d\u00e9but\u00e9 \u00e0 Bafia, l'assembl\u00e9e g\u00e9n\u00e9rale des Volontaires piaristes de la Province d'Afrique Centrale. Pr\u00e9vue du 27 au 29 Mai 2022, cette rencontre est organis\u00e9e chaque fin d'ann\u00e9e afin de discuter des forces, des faiblesses et aussi des r\u00e9alisations des diff\u00e9rents groupes de volontaires dans leurs presences respectives. Cette ann\u00e9e,&hellip;","og_url":"https:\/\/www.itakaescolapios.org\/ca\/2022\/05\/francais-assemblee-generale-des-volontaires-piaristes-de-la-province-dafrique-centrale-a-bafia\/","og_site_name":"Itaka-Escolapios","article_published_time":"2022-05-27T22:24:38+00:00","article_modified_time":"2023-11-28T11:35:45+00:00","og_image":[{"width":2000,"height":1500,"url":"https:\/\/www.itakaescolapios.org\/wp-content\/uploads\/2022\/05\/20220527_190136-scaled.jpg","type":"image\/jpeg"}],"author":"cameroun01","twitter_card":"summary_large_image","twitter_misc":{"Escrit per":"cameroun01","Temps estimat de lectura":"1 minut"},"schema":{"@context":"https:\/\/schema.org","@graph":[{"@type":"Article","@id":"https:\/\/www.itakaescolapios.org\/ca\/2022\/05\/francais-assemblee-generale-des-volontaires-piaristes-de-la-province-dafrique-centrale-a-bafia\/#article","isPartOf":{"@id":"https:\/\/www.itakaescolapios.org\/ca\/2022\/05\/francais-assemblee-generale-des-volontaires-piaristes-de-la-province-dafrique-centrale-a-bafia\/"},"author":{"name":"cameroun01","@id":"https:\/\/www.itakaescolapios.org\/es\/#\/schema\/person\/d2844383e29bfdfef69039672ce14eb1"},"headline":"Sense t\u00edtol","datePublished":"2022-05-27T22:24:38+00:00","dateModified":"2023-11-28T11:35:45+00:00","mainEntityOfPage":{"@id":"https:\/\/www.itakaescolapios.org\/ca\/2022\/05\/francais-assemblee-generale-des-volontaires-piaristes-de-la-province-dafrique-centrale-a-bafia\/"},"wordCount":140,"publisher":{"@id":"https:\/\/www.itakaescolapios.org\/es\/#organization"},"image":{"@id":"https:\/\/www.itakaescolapios.org\/ca\/2022\/05\/francais-assemblee-generale-des-volontaires-piaristes-de-la-province-dafrique-centrale-a-bafia\/#primaryimage"},"thumbnailUrl":"https:\/\/www.itakaescolapios.org\/wp-content\/uploads\/2022\/05\/20220527_190136-scaled.jpg","articleSection":["\u00c1frica Central","Camerun"],"inLanguage":"ca"},{"@type":"WebPage","@id":"https:\/\/www.itakaescolapios.org\/ca\/2022\/05\/francais-assemblee-generale-des-volontaires-piaristes-de-la-province-dafrique-centrale-a-bafia\/","url":"https:\/\/www.itakaescolapios.org\/ca\/2022\/05\/francais-assemblee-generale-des-volontaires-piaristes-de-la-province-dafrique-centrale-a-bafia\/","name":"- Itaka-Escolapios","isPartOf":{"@id":"https:\/\/www.itakaescolapios.org\/es\/#website"},"primaryImageOfPage":{"@id":"https:\/\/www.itakaescolapios.org\/ca\/2022\/05\/francais-assemblee-generale-des-volontaires-piaristes-de-la-province-dafrique-centrale-a-bafia\/#primaryimage"},"image":{"@id":"https:\/\/www.itakaescolapios.org\/ca\/2022\/05\/francais-assemblee-generale-des-volontaires-piaristes-de-la-province-dafrique-centrale-a-bafia\/#primaryimage"},"thumbnailUrl":"https:\/\/www.itakaescolapios.org\/wp-content\/uploads\/2022\/05\/20220527_190136-scaled.jpg","datePublished":"2022-05-27T22:24:38+00:00","dateModified":"2023-11-28T11:35:45+00:00","inLanguage":"ca","potentialAction":[{"@type":"ReadAction","target":["https:\/\/www.itakaescolapios.org\/ca\/2022\/05\/francais-assemblee-generale-des-volontaires-piaristes-de-la-province-dafrique-centrale-a-bafia\/"]}]},{"@type":"ImageObject","inLanguage":"ca","@id":"https:\/\/www.itakaescolapios.org\/ca\/2022\/05\/francais-assemblee-generale-des-volontaires-piaristes-de-la-province-dafrique-centrale-a-bafia\/#primaryimage","url":"https:\/\/www.itakaescolapios.org\/wp-content\/uploads\/2022\/05\/20220527_190136-scaled.jpg","contentUrl":"https:\/\/www.itakaescolapios.org\/wp-content\/uploads\/2022\/05\/20220527_190136-scaled.jpg","width":2000,"height":1500},{"@type":"WebSite","@id":"https:\/\/www.itakaescolapios.org\/ca\/es\/#website","url":"https:\/\/www.itakaescolapios.org\/ca\/es\/","name":"Itaka-Escolapios","description":"Red de Itaka-Escolapios","publisher":{"@id":"https:\/\/www.itakaescolapios.org\/ca\/es\/#organization"},"potentialAction":[{"@type":"SearchAction","target":{"@type":"EntryPoint","urlTemplate":"https:\/\/www.itakaescolapios.org\/ca\/es\/?s={search_term_string}"},"query-input":{"@type":"PropertyValueSpecification","valueRequired":true,"valueName":"search_term_string"}}],"inLanguage":"ca"},{"@type":"Organization","@id":"https:\/\/www.itakaescolapios.org\/ca\/es\/#organization","name":"Fundaci\u00f3 Itaka-Escolapios","url":"https:\/\/www.itakaescolapios.org\/ca\/es\/","logo":{"@type":"ImageObject","inLanguage":"ca","@id":"https:\/\/www.itakaescolapios.org\/ca\/es\/#\/schema\/logo\/image\/","url":"https:\/\/www.itakaescolapios.org\/wp-content\/uploads\/2024\/04\/Logo-itakaescolapios-peque.png","contentUrl":"https:\/\/www.itakaescolapios.org\/wp-content\/uploads\/2024\/04\/Logo-itakaescolapios-peque.png","width":500,"height":199,"caption":"Fundaci\u00f3 Itaka-Escolapios"},"image":{"@id":"https:\/\/www.itakaescolapios.org\/ca\/es\/#\/schema\/logo\/image\/"}},{"@type":"Person","@id":"https:\/\/www.itakaescolapios.org\/es\/#\/schema\/person\/d2844383e29bfdfef69039672ce14eb1","name":"cameroun01","url":"https:\/\/www.itakaescolapios.org\/ca\/author\/cameroun01\/"}]}},"_links":{"self":[{"href":"https:\/\/www.itakaescolapios.org\/ca\/wp-json\/wp\/v2\/posts\/36873","targetHints":{"allow":["GET"]}}],"collection":[{"href":"https:\/\/www.itakaescolapios.org\/ca\/wp-json\/wp\/v2\/posts"}],"about":[{"href":"https:\/\/www.itakaescolapios.org\/ca\/wp-json\/wp\/v2\/types\/post"}],"author":[{"embeddable":true,"href":"https:\/\/www.itakaescolapios.org\/ca\/wp-json\/wp\/v2\/users\/15"}],"replies":[{"embeddable":true,"href":"https:\/\/www.itakaescolapios.org\/ca\/wp-json\/wp\/v2\/comments?post=36873"}],"version-history":[{"count":5,"href":"https:\/\/www.itakaescolapios.org\/ca\/wp-json\/wp\/v2\/posts\/36873\/revisions"}],"predecessor-version":[{"id":43920,"href":"https:\/\/www.itakaescolapios.org\/ca\/wp-json\/wp\/v2\/posts\/36873\/revisions\/43920"}],"wp:featuredmedia":[{"embeddable":true,"href":"https:\/\/www.itakaescolapios.org\/ca\/wp-json\/wp\/v2\/media\/36878"}],"wp:attachment":[{"href":"https:\/\/www.itakaescolapios.org\/ca\/wp-json\/wp\/v2\/media?parent=36873"}],"wp:term":[{"taxonomy":"category","embeddable":true,"href":"https:\/\/www.itakaescolapios.org\/ca\/wp-json\/wp\/v2\/categories?post=36873"},{"taxonomy":"post_tag","embeddable":true,"href":"https:\/\/www.itakaescolapios.org\/ca\/wp-json\/wp\/v2\/tags?post=36873"}],"curies":[{"name":"wp","href":"https:\/\/api.w.org\/{rel}","templated":true}]}}