{"id":36938,"date":"2022-06-07T18:18:14","date_gmt":"2022-06-07T17:18:14","guid":{"rendered":"https:\/\/www.itakaescolapios.org\/?p=36938"},"modified":"2023-11-28T12:35:45","modified_gmt":"2023-11-28T11:35:45","slug":"iniciamos-campana-de-solidaridad-2022","status":"publish","type":"post","link":"https:\/\/www.itakaescolapios.org\/ca\/2022\/06\/iniciamos-campana-de-solidaridad-2022\/","title":{"rendered":"Iniciamos Campa\u00f1a de Solidaridad 2022"},"content":{"rendered":"<div class=\"kvgmc6g5 cxmmr5t8 oygrvhab hcukyx3x c1et5uql ii04i59q\">\n<div dir=\"auto\">El pasado lunes 6 de junio hemos iniciado la Campa\u00f1a de Solidaridad 2022 &#8220;<em>CENTROS QUE CAMBIAN, CAMBIA TU CENTRO<\/em>&#8220;, y queremos presentarte a la tripulaci\u00f3n de nuestra campa\u00f1a. La tripulaci\u00f3n est\u00e1 conformada por Sukal, Calasanz, Marine, Elikia y Esengo, Look, Jiwa, Quisap y Bla. En esta ocasi\u00f3n una educadora muy especial se suma a la tripulaci\u00f3n, ella se llama Dorotea ha pasado sus a\u00f1os en el \u00e1mbito educativo formal como en el no formal y tras a\u00f1os de experiencia, nos quiere recordar que no hay mejor herramienta que una educaci\u00f3n transformadora que mejore nuestra vida y la de nuestro entorno inmediato.<\/div>\n<\/div>\n<div dir=\"auto\"><\/div>\n<div class=\"cxmmr5t8 oygrvhab hcukyx3x c1et5uql o9v6fnle ii04i59q\">\n<div dir=\"auto\">Igualmente, el lema transmite la idea de que los centros educativos escolapios cambian, transforman, a las personas y a su entorno. Estos centros escolapios (colegios, internados, centros socioedu-cativo, etc.), deben cambiar internamente, deben actualizarse, cada vez deben ser centros m\u00e1s escolapios, m\u00e1s transformadores. Desde un enfoque m\u00e1s vital el lema nos invita a cambiar nuestro centro. Es una invitaci\u00f3n a elevar la mirada, a salir al camino, a salir a la periferia, a descentrarse de uno mismo. En este sentido el lema quiere ser una invitaci\u00f3n a mirar desde otra perspectiva, a cambiar el centro desde el cual muchas veces vemos las cosas, nuestro centro = nuestro hogar.<\/div>\n<\/div>\n<div dir=\"auto\"><\/div>\n<div class=\"cxmmr5t8 oygrvhab hcukyx3x c1et5uql o9v6fnle ii04i59q\">\n<div dir=\"auto\"><img decoding=\"async\" class=\"aligncenter size-full wp-image-36939\" src=\"https:\/\/www.itakaescolapios.org\/wp-content\/uploads\/2022\/06\/ItakaEscolapiosVE-CRR-1.jpg\" alt=\"\" width=\"1080\" height=\"940\" srcset=\"https:\/\/www.itakaescolapios.org\/wp-content\/uploads\/2022\/06\/ItakaEscolapiosVE-CRR-1.jpg 1080w, https:\/\/www.itakaescolapios.org\/wp-content\/uploads\/2022\/06\/ItakaEscolapiosVE-CRR-1-300x261.jpg 300w, https:\/\/www.itakaescolapios.org\/wp-content\/uploads\/2022\/06\/ItakaEscolapiosVE-CRR-1-1024x891.jpg 1024w, https:\/\/www.itakaescolapios.org\/wp-content\/uploads\/2022\/06\/ItakaEscolapiosVE-CRR-1-768x668.jpg 768w, https:\/\/www.itakaescolapios.org\/wp-content\/uploads\/2022\/06\/ItakaEscolapiosVE-CRR-1-250x218.jpg 250w\" sizes=\"(max-width: 1080px) 100vw, 1080px\" \/><\/div>\n<\/div>\n","protected":false},"excerpt":{"rendered":"<p>El pasado lunes 6 de junio hemos iniciado la Campa\u00f1a de Solidaridad 2022 &#8220;CENTROS QUE CAMBIAN, CAMBIA TU CENTRO&#8220;, y queremos presentarte a la tripulaci\u00f3n de nuestra campa\u00f1a. La tripulaci\u00f3n [&hellip;]<\/p>\n","protected":false},"author":19,"featured_media":36940,"comment_status":"closed","ping_status":"closed","sticky":false,"template":"","format":"standard","meta":{"_et_pb_use_builder":"","_et_pb_old_content":"","_et_gb_content_width":"","footnotes":""},"categories":[224],"tags":[256,428],"class_list":["post-36938","post","type-post","status-publish","format-standard","has-post-thumbnail","hentry","category-venezuela","tag-campana-de-solidaridad","tag-venezuela"],"yoast_head":"<!-- This site is optimized with the Yoast SEO plugin v27.4 - https:\/\/yoast.com\/product\/yoast-seo-wordpress\/ -->\n<title>Iniciamos Campa\u00f1a de Solidaridad 2022<\/title>\n<meta name=\"description\" content=\"El pasado lunes 6 de junio hemos iniciado la Campa\u00f1a de Solidaridad 2022 &quot;CENTROS QUE CAMBIAN, CAMBIA TU CENTRO&quot;, y queremos presentarte a la tripulaci\u00f3n de nuestra campa\u00f1a. La tripulaci\u00f3n est\u00e1 conformada por Sukal, Calasanz, Marine, Elikia y Esengo, Look, Jiwa, Quisap y Bla. En esta ocasi\u00f3n una educadora muy especial se suma a la&hellip;\" \/>\n<meta name=\"robots\" content=\"index, follow, max-snippet:-1, max-image-preview:large, max-video-preview:-1\" \/>\n<link rel=\"canonical\" href=\"http:\/\/El%20pasado%20lunes%206%20de%20junio%20hemos%20iniciado%20la%20Campa\u00f1a%20de%20Solidaridad%202022%20CENTROS%20QUE%20CAMBIAN,%20CAMBIA%20TU%20CENTRO,%20y%20queremos%20presentarte%20a%20la%20tripulaci\u00f3n%20de%20nuestra%20campa\u00f1a.%20La%20tripulaci\u00f3n%20est\u00e1%20conformada%20por%20Sukal,%20Calasanz,%20Marine,%20Elikia%20y%20Esengo,%20Look,%20Jiwa,%20Quisap%20y%20Bla.%20En%20esta%20ocasi\u00f3n%20una%20educadora%20muy%20especial%20se%20suma%20a%20la&hellip;\" \/>\n<meta property=\"og:locale\" content=\"ca_ES\" \/>\n<meta property=\"og:type\" content=\"article\" \/>\n<meta property=\"og:title\" content=\"Iniciamos Campa\u00f1a de Solidaridad 2022\" \/>\n<meta property=\"og:description\" content=\"El pasado lunes 6 de junio hemos iniciado la Campa\u00f1a de Solidaridad 2022 &quot;CENTROS QUE CAMBIAN, CAMBIA TU CENTRO&quot;, y queremos presentarte a la tripulaci\u00f3n de nuestra campa\u00f1a. La tripulaci\u00f3n est\u00e1 conformada por Sukal, Calasanz, Marine, Elikia y Esengo, Look, Jiwa, Quisap y Bla. En esta ocasi\u00f3n una educadora muy especial se suma a la&hellip;\" \/>\n<meta property=\"og:url\" content=\"https:\/\/www.itakaescolapios.org\/ca\/2022\/06\/iniciamos-campana-de-solidaridad-2022\/\" \/>\n<meta property=\"og:site_name\" content=\"Itaka-Escolapios\" \/>\n<meta property=\"article:published_time\" content=\"2022-06-07T17:18:14+00:00\" \/>\n<meta property=\"article:modified_time\" content=\"2023-11-28T11:35:45+00:00\" \/>\n<meta property=\"og:image\" content=\"https:\/\/www.itakaescolapios.org\/wp-content\/uploads\/2022\/06\/ItakaEscolapiosVE-CRR-2.jpg\" \/>\n\t<meta property=\"og:image:width\" content=\"1074\" \/>\n\t<meta property=\"og:image:height\" content=\"940\" \/>\n\t<meta property=\"og:image:type\" content=\"image\/jpeg\" \/>\n<meta name=\"author\" content=\"venezuela01\" \/>\n<meta name=\"twitter:card\" content=\"summary_large_image\" \/>\n<meta name=\"twitter:label1\" content=\"Escrit per\" \/>\n\t<meta name=\"twitter:data1\" content=\"venezuela01\" \/>\n\t<meta name=\"twitter:label2\" content=\"Temps estimat de lectura\" \/>\n\t<meta name=\"twitter:data2\" content=\"1 minut\" \/>\n<script type=\"application\/ld+json\" class=\"yoast-schema-graph\">{\"@context\":\"https:\\\/\\\/schema.org\",\"@graph\":[{\"@type\":\"Article\",\"@id\":\"https:\\\/\\\/www.itakaescolapios.org\\\/ca\\\/2022\\\/06\\\/iniciamos-campana-de-solidaridad-2022\\\/#article\",\"isPartOf\":{\"@id\":\"https:\\\/\\\/www.itakaescolapios.org\\\/ca\\\/2022\\\/06\\\/iniciamos-campana-de-solidaridad-2022\\\/\"},\"author\":{\"name\":\"venezuela01\",\"@id\":\"https:\\\/\\\/www.itakaescolapios.org\\\/es\\\/#\\\/schema\\\/person\\\/192f10fbeab836416deaf01ea8aad84d\"},\"headline\":\"Iniciamos Campa\u00f1a de Solidaridad 2022\",\"datePublished\":\"2022-06-07T17:18:14+00:00\",\"dateModified\":\"2023-11-28T11:35:45+00:00\",\"mainEntityOfPage\":{\"@id\":\"https:\\\/\\\/www.itakaescolapios.org\\\/ca\\\/2022\\\/06\\\/iniciamos-campana-de-solidaridad-2022\\\/\"},\"wordCount\":225,\"publisher\":{\"@id\":\"https:\\\/\\\/www.itakaescolapios.org\\\/es\\\/#organization\"},\"image\":{\"@id\":\"https:\\\/\\\/www.itakaescolapios.org\\\/ca\\\/2022\\\/06\\\/iniciamos-campana-de-solidaridad-2022\\\/#primaryimage\"},\"thumbnailUrl\":\"https:\\\/\\\/www.itakaescolapios.org\\\/wp-content\\\/uploads\\\/2022\\\/06\\\/ItakaEscolapiosVE-CRR-2.jpg\",\"keywords\":[\"campa\u00f1a de solidaridad\",\"Venezuela\"],\"articleSection\":[\"Venezuela\"],\"inLanguage\":\"ca\"},{\"@type\":\"WebPage\",\"@id\":\"https:\\\/\\\/www.itakaescolapios.org\\\/ca\\\/2022\\\/06\\\/iniciamos-campana-de-solidaridad-2022\\\/\",\"url\":\"https:\\\/\\\/www.itakaescolapios.org\\\/ca\\\/2022\\\/06\\\/iniciamos-campana-de-solidaridad-2022\\\/\",\"name\":\"Iniciamos Campa\u00f1a de Solidaridad 2022 - Itaka-Escolapios\",\"isPartOf\":{\"@id\":\"https:\\\/\\\/www.itakaescolapios.org\\\/es\\\/#website\"},\"primaryImageOfPage\":{\"@id\":\"https:\\\/\\\/www.itakaescolapios.org\\\/ca\\\/2022\\\/06\\\/iniciamos-campana-de-solidaridad-2022\\\/#primaryimage\"},\"image\":{\"@id\":\"https:\\\/\\\/www.itakaescolapios.org\\\/ca\\\/2022\\\/06\\\/iniciamos-campana-de-solidaridad-2022\\\/#primaryimage\"},\"thumbnailUrl\":\"https:\\\/\\\/www.itakaescolapios.org\\\/wp-content\\\/uploads\\\/2022\\\/06\\\/ItakaEscolapiosVE-CRR-2.jpg\",\"datePublished\":\"2022-06-07T17:18:14+00:00\",\"dateModified\":\"2023-11-28T11:35:45+00:00\",\"breadcrumb\":{\"@id\":\"https:\\\/\\\/www.itakaescolapios.org\\\/ca\\\/2022\\\/06\\\/iniciamos-campana-de-solidaridad-2022\\\/#breadcrumb\"},\"inLanguage\":\"ca\",\"potentialAction\":[{\"@type\":\"ReadAction\",\"target\":[\"https:\\\/\\\/www.itakaescolapios.org\\\/ca\\\/2022\\\/06\\\/iniciamos-campana-de-solidaridad-2022\\\/\"]}]},{\"@type\":\"ImageObject\",\"inLanguage\":\"ca\",\"@id\":\"https:\\\/\\\/www.itakaescolapios.org\\\/ca\\\/2022\\\/06\\\/iniciamos-campana-de-solidaridad-2022\\\/#primaryimage\",\"url\":\"https:\\\/\\\/www.itakaescolapios.org\\\/wp-content\\\/uploads\\\/2022\\\/06\\\/ItakaEscolapiosVE-CRR-2.jpg\",\"contentUrl\":\"https:\\\/\\\/www.itakaescolapios.org\\\/wp-content\\\/uploads\\\/2022\\\/06\\\/ItakaEscolapiosVE-CRR-2.jpg\",\"width\":1074,\"height\":940},{\"@type\":\"BreadcrumbList\",\"@id\":\"https:\\\/\\\/www.itakaescolapios.org\\\/ca\\\/2022\\\/06\\\/iniciamos-campana-de-solidaridad-2022\\\/#breadcrumb\",\"itemListElement\":[{\"@type\":\"ListItem\",\"position\":1,\"name\":\"Itaka-Escolapios\",\"item\":\"https:\\\/\\\/www.itakaescolapios.org\\\/es\\\/\"},{\"@type\":\"ListItem\",\"position\":2,\"name\":\"Iniciamos Campa\u00f1a de Solidaridad 2022\"}]},{\"@type\":\"WebSite\",\"@id\":\"https:\\\/\\\/www.itakaescolapios.org\\\/ca\\\/es\\\/#website\",\"url\":\"https:\\\/\\\/www.itakaescolapios.org\\\/ca\\\/es\\\/\",\"name\":\"Itaka-Escolapios\",\"description\":\"Red de Itaka-Escolapios\",\"publisher\":{\"@id\":\"https:\\\/\\\/www.itakaescolapios.org\\\/ca\\\/es\\\/#organization\"},\"potentialAction\":[{\"@type\":\"SearchAction\",\"target\":{\"@type\":\"EntryPoint\",\"urlTemplate\":\"https:\\\/\\\/www.itakaescolapios.org\\\/ca\\\/es\\\/?s={search_term_string}\"},\"query-input\":{\"@type\":\"PropertyValueSpecification\",\"valueRequired\":true,\"valueName\":\"search_term_string\"}}],\"inLanguage\":\"ca\"},{\"@type\":\"Organization\",\"@id\":\"https:\\\/\\\/www.itakaescolapios.org\\\/ca\\\/es\\\/#organization\",\"name\":\"Fundaci\u00f3 Itaka-Escolapios\",\"url\":\"https:\\\/\\\/www.itakaescolapios.org\\\/ca\\\/es\\\/\",\"logo\":{\"@type\":\"ImageObject\",\"inLanguage\":\"ca\",\"@id\":\"https:\\\/\\\/www.itakaescolapios.org\\\/ca\\\/es\\\/#\\\/schema\\\/logo\\\/image\\\/\",\"url\":\"https:\\\/\\\/www.itakaescolapios.org\\\/wp-content\\\/uploads\\\/2024\\\/04\\\/Logo-itakaescolapios-peque.png\",\"contentUrl\":\"https:\\\/\\\/www.itakaescolapios.org\\\/wp-content\\\/uploads\\\/2024\\\/04\\\/Logo-itakaescolapios-peque.png\",\"width\":500,\"height\":199,\"caption\":\"Fundaci\u00f3 Itaka-Escolapios\"},\"image\":{\"@id\":\"https:\\\/\\\/www.itakaescolapios.org\\\/ca\\\/es\\\/#\\\/schema\\\/logo\\\/image\\\/\"}},{\"@type\":\"Person\",\"@id\":\"https:\\\/\\\/www.itakaescolapios.org\\\/es\\\/#\\\/schema\\\/person\\\/192f10fbeab836416deaf01ea8aad84d\",\"name\":\"venezuela01\",\"url\":\"https:\\\/\\\/www.itakaescolapios.org\\\/ca\\\/author\\\/venezuela01\\\/\"}]}<\/script>\n<!-- \/ Yoast SEO plugin. -->","yoast_head_json":{"title":"Iniciamos Campa\u00f1a de Solidaridad 2022","description":"El pasado lunes 6 de junio hemos iniciado la Campa\u00f1a de Solidaridad 2022 \"CENTROS QUE CAMBIAN, CAMBIA TU CENTRO\", y queremos presentarte a la tripulaci\u00f3n de nuestra campa\u00f1a. La tripulaci\u00f3n est\u00e1 conformada por Sukal, Calasanz, Marine, Elikia y Esengo, Look, Jiwa, Quisap y Bla. En esta ocasi\u00f3n una educadora muy especial se suma a la&hellip;","robots":{"index":"index","follow":"follow","max-snippet":"max-snippet:-1","max-image-preview":"max-image-preview:large","max-video-preview":"max-video-preview:-1"},"canonical":"El pasado lunes 6 de junio hemos iniciado la Campa\u00f1a de Solidaridad 2022 \"CENTROS QUE CAMBIAN, CAMBIA TU CENTRO\", y queremos presentarte a la tripulaci\u00f3n de nuestra campa\u00f1a. La tripulaci\u00f3n est\u00e1 conformada por Sukal, Calasanz, Marine, Elikia y Esengo, Look, Jiwa, Quisap y Bla. En esta ocasi\u00f3n una educadora muy especial se suma a la&hellip;","og_locale":"ca_ES","og_type":"article","og_title":"Iniciamos Campa\u00f1a de Solidaridad 2022","og_description":"El pasado lunes 6 de junio hemos iniciado la Campa\u00f1a de Solidaridad 2022 \"CENTROS QUE CAMBIAN, CAMBIA TU CENTRO\", y queremos presentarte a la tripulaci\u00f3n de nuestra campa\u00f1a. La tripulaci\u00f3n est\u00e1 conformada por Sukal, Calasanz, Marine, Elikia y Esengo, Look, Jiwa, Quisap y Bla. En esta ocasi\u00f3n una educadora muy especial se suma a la&hellip;","og_url":"https:\/\/www.itakaescolapios.org\/ca\/2022\/06\/iniciamos-campana-de-solidaridad-2022\/","og_site_name":"Itaka-Escolapios","article_published_time":"2022-06-07T17:18:14+00:00","article_modified_time":"2023-11-28T11:35:45+00:00","og_image":[{"width":1074,"height":940,"url":"https:\/\/www.itakaescolapios.org\/wp-content\/uploads\/2022\/06\/ItakaEscolapiosVE-CRR-2.jpg","type":"image\/jpeg"}],"author":"venezuela01","twitter_card":"summary_large_image","twitter_misc":{"Escrit per":"venezuela01","Temps estimat de lectura":"1 minut"},"schema":{"@context":"https:\/\/schema.org","@graph":[{"@type":"Article","@id":"https:\/\/www.itakaescolapios.org\/ca\/2022\/06\/iniciamos-campana-de-solidaridad-2022\/#article","isPartOf":{"@id":"https:\/\/www.itakaescolapios.org\/ca\/2022\/06\/iniciamos-campana-de-solidaridad-2022\/"},"author":{"name":"venezuela01","@id":"https:\/\/www.itakaescolapios.org\/es\/#\/schema\/person\/192f10fbeab836416deaf01ea8aad84d"},"headline":"Iniciamos Campa\u00f1a de Solidaridad 2022","datePublished":"2022-06-07T17:18:14+00:00","dateModified":"2023-11-28T11:35:45+00:00","mainEntityOfPage":{"@id":"https:\/\/www.itakaescolapios.org\/ca\/2022\/06\/iniciamos-campana-de-solidaridad-2022\/"},"wordCount":225,"publisher":{"@id":"https:\/\/www.itakaescolapios.org\/es\/#organization"},"image":{"@id":"https:\/\/www.itakaescolapios.org\/ca\/2022\/06\/iniciamos-campana-de-solidaridad-2022\/#primaryimage"},"thumbnailUrl":"https:\/\/www.itakaescolapios.org\/wp-content\/uploads\/2022\/06\/ItakaEscolapiosVE-CRR-2.jpg","keywords":["campa\u00f1a de solidaridad","Venezuela"],"articleSection":["Venezuela"],"inLanguage":"ca"},{"@type":"WebPage","@id":"https:\/\/www.itakaescolapios.org\/ca\/2022\/06\/iniciamos-campana-de-solidaridad-2022\/","url":"https:\/\/www.itakaescolapios.org\/ca\/2022\/06\/iniciamos-campana-de-solidaridad-2022\/","name":"Iniciamos Campa\u00f1a de Solidaridad 2022 - Itaka-Escolapios","isPartOf":{"@id":"https:\/\/www.itakaescolapios.org\/es\/#website"},"primaryImageOfPage":{"@id":"https:\/\/www.itakaescolapios.org\/ca\/2022\/06\/iniciamos-campana-de-solidaridad-2022\/#primaryimage"},"image":{"@id":"https:\/\/www.itakaescolapios.org\/ca\/2022\/06\/iniciamos-campana-de-solidaridad-2022\/#primaryimage"},"thumbnailUrl":"https:\/\/www.itakaescolapios.org\/wp-content\/uploads\/2022\/06\/ItakaEscolapiosVE-CRR-2.jpg","datePublished":"2022-06-07T17:18:14+00:00","dateModified":"2023-11-28T11:35:45+00:00","breadcrumb":{"@id":"https:\/\/www.itakaescolapios.org\/ca\/2022\/06\/iniciamos-campana-de-solidaridad-2022\/#breadcrumb"},"inLanguage":"ca","potentialAction":[{"@type":"ReadAction","target":["https:\/\/www.itakaescolapios.org\/ca\/2022\/06\/iniciamos-campana-de-solidaridad-2022\/"]}]},{"@type":"ImageObject","inLanguage":"ca","@id":"https:\/\/www.itakaescolapios.org\/ca\/2022\/06\/iniciamos-campana-de-solidaridad-2022\/#primaryimage","url":"https:\/\/www.itakaescolapios.org\/wp-content\/uploads\/2022\/06\/ItakaEscolapiosVE-CRR-2.jpg","contentUrl":"https:\/\/www.itakaescolapios.org\/wp-content\/uploads\/2022\/06\/ItakaEscolapiosVE-CRR-2.jpg","width":1074,"height":940},{"@type":"BreadcrumbList","@id":"https:\/\/www.itakaescolapios.org\/ca\/2022\/06\/iniciamos-campana-de-solidaridad-2022\/#breadcrumb","itemListElement":[{"@type":"ListItem","position":1,"name":"Itaka-Escolapios","item":"https:\/\/www.itakaescolapios.org\/es\/"},{"@type":"ListItem","position":2,"name":"Iniciamos Campa\u00f1a de Solidaridad 2022"}]},{"@type":"WebSite","@id":"https:\/\/www.itakaescolapios.org\/ca\/es\/#website","url":"https:\/\/www.itakaescolapios.org\/ca\/es\/","name":"Itaka-Escolapios","description":"Red de Itaka-Escolapios","publisher":{"@id":"https:\/\/www.itakaescolapios.org\/ca\/es\/#organization"},"potentialAction":[{"@type":"SearchAction","target":{"@type":"EntryPoint","urlTemplate":"https:\/\/www.itakaescolapios.org\/ca\/es\/?s={search_term_string}"},"query-input":{"@type":"PropertyValueSpecification","valueRequired":true,"valueName":"search_term_string"}}],"inLanguage":"ca"},{"@type":"Organization","@id":"https:\/\/www.itakaescolapios.org\/ca\/es\/#organization","name":"Fundaci\u00f3 Itaka-Escolapios","url":"https:\/\/www.itakaescolapios.org\/ca\/es\/","logo":{"@type":"ImageObject","inLanguage":"ca","@id":"https:\/\/www.itakaescolapios.org\/ca\/es\/#\/schema\/logo\/image\/","url":"https:\/\/www.itakaescolapios.org\/wp-content\/uploads\/2024\/04\/Logo-itakaescolapios-peque.png","contentUrl":"https:\/\/www.itakaescolapios.org\/wp-content\/uploads\/2024\/04\/Logo-itakaescolapios-peque.png","width":500,"height":199,"caption":"Fundaci\u00f3 Itaka-Escolapios"},"image":{"@id":"https:\/\/www.itakaescolapios.org\/ca\/es\/#\/schema\/logo\/image\/"}},{"@type":"Person","@id":"https:\/\/www.itakaescolapios.org\/es\/#\/schema\/person\/192f10fbeab836416deaf01ea8aad84d","name":"venezuela01","url":"https:\/\/www.itakaescolapios.org\/ca\/author\/venezuela01\/"}]}},"_links":{"self":[{"href":"https:\/\/www.itakaescolapios.org\/ca\/wp-json\/wp\/v2\/posts\/36938","targetHints":{"allow":["GET"]}}],"collection":[{"href":"https:\/\/www.itakaescolapios.org\/ca\/wp-json\/wp\/v2\/posts"}],"about":[{"href":"https:\/\/www.itakaescolapios.org\/ca\/wp-json\/wp\/v2\/types\/post"}],"author":[{"embeddable":true,"href":"https:\/\/www.itakaescolapios.org\/ca\/wp-json\/wp\/v2\/users\/19"}],"replies":[{"embeddable":true,"href":"https:\/\/www.itakaescolapios.org\/ca\/wp-json\/wp\/v2\/comments?post=36938"}],"version-history":[{"count":5,"href":"https:\/\/www.itakaescolapios.org\/ca\/wp-json\/wp\/v2\/posts\/36938\/revisions"}],"predecessor-version":[{"id":43909,"href":"https:\/\/www.itakaescolapios.org\/ca\/wp-json\/wp\/v2\/posts\/36938\/revisions\/43909"}],"wp:featuredmedia":[{"embeddable":true,"href":"https:\/\/www.itakaescolapios.org\/ca\/wp-json\/wp\/v2\/media\/36940"}],"wp:attachment":[{"href":"https:\/\/www.itakaescolapios.org\/ca\/wp-json\/wp\/v2\/media?parent=36938"}],"wp:term":[{"taxonomy":"category","embeddable":true,"href":"https:\/\/www.itakaescolapios.org\/ca\/wp-json\/wp\/v2\/categories?post=36938"},{"taxonomy":"post_tag","embeddable":true,"href":"https:\/\/www.itakaescolapios.org\/ca\/wp-json\/wp\/v2\/tags?post=36938"}],"curies":[{"name":"wp","href":"https:\/\/api.w.org\/{rel}","templated":true}]}}