{"id":36945,"date":"2022-06-08T14:11:27","date_gmt":"2022-06-08T13:11:27","guid":{"rendered":"https:\/\/www.itakaescolapios.org\/?p=36945"},"modified":"2023-11-28T12:35:45","modified_gmt":"2023-11-28T11:35:45","slug":"francais-cloture-des-activites-de-lannee-academique-2021-2022-au-complexe-scolaire-bilingue-saint-joseph-calasanz-de-bafia-cameroun","status":"publish","type":"post","link":"https:\/\/www.itakaescolapios.org\/ca\/2022\/06\/francais-cloture-des-activites-de-lannee-academique-2021-2022-au-complexe-scolaire-bilingue-saint-joseph-calasanz-de-bafia-cameroun\/","title":{"rendered":""},"content":{"rendered":"<p>[:fr]Ce mercredi 08 juin 2022 a eu lieu au Complexe Scolaire Bilingue Saint Joseph Calasanz de Bafia (Cameroun), la cl\u00f4ture des activit\u00e9s de l\u2019ann\u00e9e acad\u00e9mique 2021-2022. Tout a d\u00e9but\u00e9 avec une messe de cl\u00f4ture, suivi des diff\u00e9rentes activit\u00e9s pr\u00e9sent\u00e9es par les enfants. On peut citer entre autres les r\u00e9cits, les danses, les sketchs, des chants, les interpr\u00e9tations, la danse des enseignants, le chant d\u2019ensemble, le r\u00e9cit d\u2019au revoir des enfants, puis la pri\u00e8re finale. Apr\u00e8s ces diff\u00e9rentes activit\u00e9s nous nous sommes s\u00e9par\u00e9s avec beaucoup de joie. L\u2019ann\u00e9e \u00e9tait pleine d\u2019\u00e9motions et nous avons rev\u00e9cu ces \u00e9motions \u00e0 travers ces diff\u00e9rentes activit\u00e9s. Rendez-vous l\u2019ann\u00e9e prochaine pour une nouvelle ann\u00e9e scolaire pleine de joie, d\u2019amour de paix et surtout de partage de connaissances.<\/p>\n<p><img decoding=\"async\" class=\"size-full wp-image-36947 aligncenter\" src=\"https:\/\/www.itakaescolapios.org\/wp-content\/uploads\/2022\/06\/IMG-20220608-WA0124.jpg\" alt=\"\" width=\"1080\" height=\"486\" srcset=\"https:\/\/www.itakaescolapios.org\/wp-content\/uploads\/2022\/06\/IMG-20220608-WA0124.jpg 1080w, https:\/\/www.itakaescolapios.org\/wp-content\/uploads\/2022\/06\/IMG-20220608-WA0124-300x135.jpg 300w, https:\/\/www.itakaescolapios.org\/wp-content\/uploads\/2022\/06\/IMG-20220608-WA0124-1024x461.jpg 1024w, https:\/\/www.itakaescolapios.org\/wp-content\/uploads\/2022\/06\/IMG-20220608-WA0124-768x346.jpg 768w, https:\/\/www.itakaescolapios.org\/wp-content\/uploads\/2022\/06\/IMG-20220608-WA0124-250x113.jpg 250w\" sizes=\"(max-width: 1080px) 100vw, 1080px\" \/>[:]<\/p>\n","protected":false},"excerpt":{"rendered":"<p>[:fr]Ce mercredi 08 juin 2022 a eu lieu au Complexe Scolaire Bilingue Saint Joseph Calasanz de Bafia (Cameroun), la cl\u00f4ture des activit\u00e9s de l\u2019ann\u00e9e acad\u00e9mique 2021-2022. Tout a d\u00e9but\u00e9 avec [&hellip;]<\/p>\n","protected":false},"author":15,"featured_media":36946,"comment_status":"closed","ping_status":"closed","sticky":false,"template":"","format":"standard","meta":{"_et_pb_use_builder":"","_et_pb_old_content":"","_et_gb_content_width":"","footnotes":""},"categories":[53,10],"tags":[],"class_list":["post-36945","post","type-post","status-publish","format-standard","has-post-thumbnail","hentry","category-africa-central","category-camerun"],"yoast_head":"<!-- This site is optimized with the Yoast SEO plugin v27.4 - https:\/\/yoast.com\/product\/yoast-seo-wordpress\/ -->\n<title>- Itaka-Escolapios<\/title>\n<meta name=\"description\" content=\"[:fr]Ce mercredi 08 juin 2022 a eu lieu au Complexe Scolaire Bilingue Saint Joseph Calasanz de Bafia (Cameroun), la cl\u00f4ture des activit\u00e9s de l\u2019ann\u00e9e acad\u00e9mique 2021-2022. Tout a d\u00e9but\u00e9 avec une messe de cl\u00f4ture, suivi des diff\u00e9rentes activit\u00e9s pr\u00e9sent\u00e9es par les enfants. On peut citer entre autres les r\u00e9cits, les danses, les sketchs, des chants,&hellip;\" \/>\n<meta name=\"robots\" content=\"index, follow, max-snippet:-1, max-image-preview:large, max-video-preview:-1\" \/>\n<link rel=\"canonical\" href=\"\" \/>\n<meta property=\"og:locale\" content=\"ca_ES\" \/>\n<meta property=\"og:type\" content=\"article\" \/>\n<meta property=\"og:title\" content=\"- Itaka-Escolapios\" \/>\n<meta property=\"og:description\" content=\"[:fr]Ce mercredi 08 juin 2022 a eu lieu au Complexe Scolaire Bilingue Saint Joseph Calasanz de Bafia (Cameroun), la cl\u00f4ture des activit\u00e9s de l\u2019ann\u00e9e acad\u00e9mique 2021-2022. Tout a d\u00e9but\u00e9 avec une messe de cl\u00f4ture, suivi des diff\u00e9rentes activit\u00e9s pr\u00e9sent\u00e9es par les enfants. On peut citer entre autres les r\u00e9cits, les danses, les sketchs, des chants,&hellip;\" \/>\n<meta property=\"og:url\" content=\"https:\/\/www.itakaescolapios.org\/ca\/2022\/06\/francais-cloture-des-activites-de-lannee-academique-2021-2022-au-complexe-scolaire-bilingue-saint-joseph-calasanz-de-bafia-cameroun\/\" \/>\n<meta property=\"og:site_name\" content=\"Itaka-Escolapios\" \/>\n<meta property=\"article:published_time\" content=\"2022-06-08T13:11:27+00:00\" \/>\n<meta property=\"article:modified_time\" content=\"2023-11-28T11:35:45+00:00\" \/>\n<meta property=\"og:image\" content=\"https:\/\/www.itakaescolapios.org\/wp-content\/uploads\/2022\/06\/IMG-20220608-WA0122.jpg\" \/>\n\t<meta property=\"og:image:width\" content=\"1920\" \/>\n\t<meta property=\"og:image:height\" content=\"1080\" \/>\n\t<meta property=\"og:image:type\" content=\"image\/jpeg\" \/>\n<meta name=\"author\" content=\"cameroun01\" \/>\n<meta name=\"twitter:card\" content=\"summary_large_image\" \/>\n<meta name=\"twitter:label1\" content=\"Escrit per\" \/>\n\t<meta name=\"twitter:data1\" content=\"cameroun01\" \/>\n\t<meta name=\"twitter:label2\" content=\"Temps estimat de lectura\" \/>\n\t<meta name=\"twitter:data2\" content=\"1 minut\" \/>\n<script type=\"application\/ld+json\" class=\"yoast-schema-graph\">{\"@context\":\"https:\\\/\\\/schema.org\",\"@graph\":[{\"@type\":\"Article\",\"@id\":\"https:\\\/\\\/www.itakaescolapios.org\\\/ca\\\/2022\\\/06\\\/francais-cloture-des-activites-de-lannee-academique-2021-2022-au-complexe-scolaire-bilingue-saint-joseph-calasanz-de-bafia-cameroun\\\/#article\",\"isPartOf\":{\"@id\":\"https:\\\/\\\/www.itakaescolapios.org\\\/ca\\\/2022\\\/06\\\/francais-cloture-des-activites-de-lannee-academique-2021-2022-au-complexe-scolaire-bilingue-saint-joseph-calasanz-de-bafia-cameroun\\\/\"},\"author\":{\"name\":\"cameroun01\",\"@id\":\"https:\\\/\\\/www.itakaescolapios.org\\\/es\\\/#\\\/schema\\\/person\\\/d2844383e29bfdfef69039672ce14eb1\"},\"headline\":\"Sense t\u00edtol\",\"datePublished\":\"2022-06-08T13:11:27+00:00\",\"dateModified\":\"2023-11-28T11:35:45+00:00\",\"mainEntityOfPage\":{\"@id\":\"https:\\\/\\\/www.itakaescolapios.org\\\/ca\\\/2022\\\/06\\\/francais-cloture-des-activites-de-lannee-academique-2021-2022-au-complexe-scolaire-bilingue-saint-joseph-calasanz-de-bafia-cameroun\\\/\"},\"wordCount\":151,\"publisher\":{\"@id\":\"https:\\\/\\\/www.itakaescolapios.org\\\/es\\\/#organization\"},\"image\":{\"@id\":\"https:\\\/\\\/www.itakaescolapios.org\\\/ca\\\/2022\\\/06\\\/francais-cloture-des-activites-de-lannee-academique-2021-2022-au-complexe-scolaire-bilingue-saint-joseph-calasanz-de-bafia-cameroun\\\/#primaryimage\"},\"thumbnailUrl\":\"https:\\\/\\\/www.itakaescolapios.org\\\/wp-content\\\/uploads\\\/2022\\\/06\\\/IMG-20220608-WA0122.jpg\",\"articleSection\":[\"\u00c1frica Central\",\"Camerun\"],\"inLanguage\":\"ca\"},{\"@type\":\"WebPage\",\"@id\":\"https:\\\/\\\/www.itakaescolapios.org\\\/ca\\\/2022\\\/06\\\/francais-cloture-des-activites-de-lannee-academique-2021-2022-au-complexe-scolaire-bilingue-saint-joseph-calasanz-de-bafia-cameroun\\\/\",\"url\":\"https:\\\/\\\/www.itakaescolapios.org\\\/ca\\\/2022\\\/06\\\/francais-cloture-des-activites-de-lannee-academique-2021-2022-au-complexe-scolaire-bilingue-saint-joseph-calasanz-de-bafia-cameroun\\\/\",\"name\":\"- Itaka-Escolapios\",\"isPartOf\":{\"@id\":\"https:\\\/\\\/www.itakaescolapios.org\\\/es\\\/#website\"},\"primaryImageOfPage\":{\"@id\":\"https:\\\/\\\/www.itakaescolapios.org\\\/ca\\\/2022\\\/06\\\/francais-cloture-des-activites-de-lannee-academique-2021-2022-au-complexe-scolaire-bilingue-saint-joseph-calasanz-de-bafia-cameroun\\\/#primaryimage\"},\"image\":{\"@id\":\"https:\\\/\\\/www.itakaescolapios.org\\\/ca\\\/2022\\\/06\\\/francais-cloture-des-activites-de-lannee-academique-2021-2022-au-complexe-scolaire-bilingue-saint-joseph-calasanz-de-bafia-cameroun\\\/#primaryimage\"},\"thumbnailUrl\":\"https:\\\/\\\/www.itakaescolapios.org\\\/wp-content\\\/uploads\\\/2022\\\/06\\\/IMG-20220608-WA0122.jpg\",\"datePublished\":\"2022-06-08T13:11:27+00:00\",\"dateModified\":\"2023-11-28T11:35:45+00:00\",\"inLanguage\":\"ca\",\"potentialAction\":[{\"@type\":\"ReadAction\",\"target\":[\"https:\\\/\\\/www.itakaescolapios.org\\\/ca\\\/2022\\\/06\\\/francais-cloture-des-activites-de-lannee-academique-2021-2022-au-complexe-scolaire-bilingue-saint-joseph-calasanz-de-bafia-cameroun\\\/\"]}]},{\"@type\":\"ImageObject\",\"inLanguage\":\"ca\",\"@id\":\"https:\\\/\\\/www.itakaescolapios.org\\\/ca\\\/2022\\\/06\\\/francais-cloture-des-activites-de-lannee-academique-2021-2022-au-complexe-scolaire-bilingue-saint-joseph-calasanz-de-bafia-cameroun\\\/#primaryimage\",\"url\":\"https:\\\/\\\/www.itakaescolapios.org\\\/wp-content\\\/uploads\\\/2022\\\/06\\\/IMG-20220608-WA0122.jpg\",\"contentUrl\":\"https:\\\/\\\/www.itakaescolapios.org\\\/wp-content\\\/uploads\\\/2022\\\/06\\\/IMG-20220608-WA0122.jpg\",\"width\":1920,\"height\":1080},{\"@type\":\"WebSite\",\"@id\":\"https:\\\/\\\/www.itakaescolapios.org\\\/ca\\\/es\\\/#website\",\"url\":\"https:\\\/\\\/www.itakaescolapios.org\\\/ca\\\/es\\\/\",\"name\":\"Itaka-Escolapios\",\"description\":\"Red de Itaka-Escolapios\",\"publisher\":{\"@id\":\"https:\\\/\\\/www.itakaescolapios.org\\\/ca\\\/es\\\/#organization\"},\"potentialAction\":[{\"@type\":\"SearchAction\",\"target\":{\"@type\":\"EntryPoint\",\"urlTemplate\":\"https:\\\/\\\/www.itakaescolapios.org\\\/ca\\\/es\\\/?s={search_term_string}\"},\"query-input\":{\"@type\":\"PropertyValueSpecification\",\"valueRequired\":true,\"valueName\":\"search_term_string\"}}],\"inLanguage\":\"ca\"},{\"@type\":\"Organization\",\"@id\":\"https:\\\/\\\/www.itakaescolapios.org\\\/ca\\\/es\\\/#organization\",\"name\":\"Fundaci\u00f3 Itaka-Escolapios\",\"url\":\"https:\\\/\\\/www.itakaescolapios.org\\\/ca\\\/es\\\/\",\"logo\":{\"@type\":\"ImageObject\",\"inLanguage\":\"ca\",\"@id\":\"https:\\\/\\\/www.itakaescolapios.org\\\/ca\\\/es\\\/#\\\/schema\\\/logo\\\/image\\\/\",\"url\":\"https:\\\/\\\/www.itakaescolapios.org\\\/wp-content\\\/uploads\\\/2024\\\/04\\\/Logo-itakaescolapios-peque.png\",\"contentUrl\":\"https:\\\/\\\/www.itakaescolapios.org\\\/wp-content\\\/uploads\\\/2024\\\/04\\\/Logo-itakaescolapios-peque.png\",\"width\":500,\"height\":199,\"caption\":\"Fundaci\u00f3 Itaka-Escolapios\"},\"image\":{\"@id\":\"https:\\\/\\\/www.itakaescolapios.org\\\/ca\\\/es\\\/#\\\/schema\\\/logo\\\/image\\\/\"}},{\"@type\":\"Person\",\"@id\":\"https:\\\/\\\/www.itakaescolapios.org\\\/es\\\/#\\\/schema\\\/person\\\/d2844383e29bfdfef69039672ce14eb1\",\"name\":\"cameroun01\",\"url\":\"https:\\\/\\\/www.itakaescolapios.org\\\/ca\\\/author\\\/cameroun01\\\/\"}]}<\/script>\n<!-- \/ Yoast SEO plugin. -->","yoast_head_json":{"title":"- Itaka-Escolapios","description":"[:fr]Ce mercredi 08 juin 2022 a eu lieu au Complexe Scolaire Bilingue Saint Joseph Calasanz de Bafia (Cameroun), la cl\u00f4ture des activit\u00e9s de l\u2019ann\u00e9e acad\u00e9mique 2021-2022. Tout a d\u00e9but\u00e9 avec une messe de cl\u00f4ture, suivi des diff\u00e9rentes activit\u00e9s pr\u00e9sent\u00e9es par les enfants. On peut citer entre autres les r\u00e9cits, les danses, les sketchs, des chants,&hellip;","robots":{"index":"index","follow":"follow","max-snippet":"max-snippet:-1","max-image-preview":"max-image-preview:large","max-video-preview":"max-video-preview:-1"},"canonical":"[:fr]Ce mercredi 08 juin 2022 a eu lieu au Complexe Scolaire Bilingue Saint Joseph Calasanz de Bafia (Cameroun), la cl\u00f4ture des activit\u00e9s de l\u2019ann\u00e9e acad\u00e9mique 2021-2022. Tout a d\u00e9but\u00e9 avec une messe de cl\u00f4ture, suivi des diff\u00e9rentes activit\u00e9s pr\u00e9sent\u00e9es par les enfants. On peut citer entre autres les r\u00e9cits, les danses, les sketchs, des chants,&hellip;","og_locale":"ca_ES","og_type":"article","og_title":"- Itaka-Escolapios","og_description":"[:fr]Ce mercredi 08 juin 2022 a eu lieu au Complexe Scolaire Bilingue Saint Joseph Calasanz de Bafia (Cameroun), la cl\u00f4ture des activit\u00e9s de l\u2019ann\u00e9e acad\u00e9mique 2021-2022. Tout a d\u00e9but\u00e9 avec une messe de cl\u00f4ture, suivi des diff\u00e9rentes activit\u00e9s pr\u00e9sent\u00e9es par les enfants. On peut citer entre autres les r\u00e9cits, les danses, les sketchs, des chants,&hellip;","og_url":"https:\/\/www.itakaescolapios.org\/ca\/2022\/06\/francais-cloture-des-activites-de-lannee-academique-2021-2022-au-complexe-scolaire-bilingue-saint-joseph-calasanz-de-bafia-cameroun\/","og_site_name":"Itaka-Escolapios","article_published_time":"2022-06-08T13:11:27+00:00","article_modified_time":"2023-11-28T11:35:45+00:00","og_image":[{"width":1920,"height":1080,"url":"https:\/\/www.itakaescolapios.org\/wp-content\/uploads\/2022\/06\/IMG-20220608-WA0122.jpg","type":"image\/jpeg"}],"author":"cameroun01","twitter_card":"summary_large_image","twitter_misc":{"Escrit per":"cameroun01","Temps estimat de lectura":"1 minut"},"schema":{"@context":"https:\/\/schema.org","@graph":[{"@type":"Article","@id":"https:\/\/www.itakaescolapios.org\/ca\/2022\/06\/francais-cloture-des-activites-de-lannee-academique-2021-2022-au-complexe-scolaire-bilingue-saint-joseph-calasanz-de-bafia-cameroun\/#article","isPartOf":{"@id":"https:\/\/www.itakaescolapios.org\/ca\/2022\/06\/francais-cloture-des-activites-de-lannee-academique-2021-2022-au-complexe-scolaire-bilingue-saint-joseph-calasanz-de-bafia-cameroun\/"},"author":{"name":"cameroun01","@id":"https:\/\/www.itakaescolapios.org\/es\/#\/schema\/person\/d2844383e29bfdfef69039672ce14eb1"},"headline":"Sense t\u00edtol","datePublished":"2022-06-08T13:11:27+00:00","dateModified":"2023-11-28T11:35:45+00:00","mainEntityOfPage":{"@id":"https:\/\/www.itakaescolapios.org\/ca\/2022\/06\/francais-cloture-des-activites-de-lannee-academique-2021-2022-au-complexe-scolaire-bilingue-saint-joseph-calasanz-de-bafia-cameroun\/"},"wordCount":151,"publisher":{"@id":"https:\/\/www.itakaescolapios.org\/es\/#organization"},"image":{"@id":"https:\/\/www.itakaescolapios.org\/ca\/2022\/06\/francais-cloture-des-activites-de-lannee-academique-2021-2022-au-complexe-scolaire-bilingue-saint-joseph-calasanz-de-bafia-cameroun\/#primaryimage"},"thumbnailUrl":"https:\/\/www.itakaescolapios.org\/wp-content\/uploads\/2022\/06\/IMG-20220608-WA0122.jpg","articleSection":["\u00c1frica Central","Camerun"],"inLanguage":"ca"},{"@type":"WebPage","@id":"https:\/\/www.itakaescolapios.org\/ca\/2022\/06\/francais-cloture-des-activites-de-lannee-academique-2021-2022-au-complexe-scolaire-bilingue-saint-joseph-calasanz-de-bafia-cameroun\/","url":"https:\/\/www.itakaescolapios.org\/ca\/2022\/06\/francais-cloture-des-activites-de-lannee-academique-2021-2022-au-complexe-scolaire-bilingue-saint-joseph-calasanz-de-bafia-cameroun\/","name":"- Itaka-Escolapios","isPartOf":{"@id":"https:\/\/www.itakaescolapios.org\/es\/#website"},"primaryImageOfPage":{"@id":"https:\/\/www.itakaescolapios.org\/ca\/2022\/06\/francais-cloture-des-activites-de-lannee-academique-2021-2022-au-complexe-scolaire-bilingue-saint-joseph-calasanz-de-bafia-cameroun\/#primaryimage"},"image":{"@id":"https:\/\/www.itakaescolapios.org\/ca\/2022\/06\/francais-cloture-des-activites-de-lannee-academique-2021-2022-au-complexe-scolaire-bilingue-saint-joseph-calasanz-de-bafia-cameroun\/#primaryimage"},"thumbnailUrl":"https:\/\/www.itakaescolapios.org\/wp-content\/uploads\/2022\/06\/IMG-20220608-WA0122.jpg","datePublished":"2022-06-08T13:11:27+00:00","dateModified":"2023-11-28T11:35:45+00:00","inLanguage":"ca","potentialAction":[{"@type":"ReadAction","target":["https:\/\/www.itakaescolapios.org\/ca\/2022\/06\/francais-cloture-des-activites-de-lannee-academique-2021-2022-au-complexe-scolaire-bilingue-saint-joseph-calasanz-de-bafia-cameroun\/"]}]},{"@type":"ImageObject","inLanguage":"ca","@id":"https:\/\/www.itakaescolapios.org\/ca\/2022\/06\/francais-cloture-des-activites-de-lannee-academique-2021-2022-au-complexe-scolaire-bilingue-saint-joseph-calasanz-de-bafia-cameroun\/#primaryimage","url":"https:\/\/www.itakaescolapios.org\/wp-content\/uploads\/2022\/06\/IMG-20220608-WA0122.jpg","contentUrl":"https:\/\/www.itakaescolapios.org\/wp-content\/uploads\/2022\/06\/IMG-20220608-WA0122.jpg","width":1920,"height":1080},{"@type":"WebSite","@id":"https:\/\/www.itakaescolapios.org\/ca\/es\/#website","url":"https:\/\/www.itakaescolapios.org\/ca\/es\/","name":"Itaka-Escolapios","description":"Red de Itaka-Escolapios","publisher":{"@id":"https:\/\/www.itakaescolapios.org\/ca\/es\/#organization"},"potentialAction":[{"@type":"SearchAction","target":{"@type":"EntryPoint","urlTemplate":"https:\/\/www.itakaescolapios.org\/ca\/es\/?s={search_term_string}"},"query-input":{"@type":"PropertyValueSpecification","valueRequired":true,"valueName":"search_term_string"}}],"inLanguage":"ca"},{"@type":"Organization","@id":"https:\/\/www.itakaescolapios.org\/ca\/es\/#organization","name":"Fundaci\u00f3 Itaka-Escolapios","url":"https:\/\/www.itakaescolapios.org\/ca\/es\/","logo":{"@type":"ImageObject","inLanguage":"ca","@id":"https:\/\/www.itakaescolapios.org\/ca\/es\/#\/schema\/logo\/image\/","url":"https:\/\/www.itakaescolapios.org\/wp-content\/uploads\/2024\/04\/Logo-itakaescolapios-peque.png","contentUrl":"https:\/\/www.itakaescolapios.org\/wp-content\/uploads\/2024\/04\/Logo-itakaescolapios-peque.png","width":500,"height":199,"caption":"Fundaci\u00f3 Itaka-Escolapios"},"image":{"@id":"https:\/\/www.itakaescolapios.org\/ca\/es\/#\/schema\/logo\/image\/"}},{"@type":"Person","@id":"https:\/\/www.itakaescolapios.org\/es\/#\/schema\/person\/d2844383e29bfdfef69039672ce14eb1","name":"cameroun01","url":"https:\/\/www.itakaescolapios.org\/ca\/author\/cameroun01\/"}]}},"_links":{"self":[{"href":"https:\/\/www.itakaescolapios.org\/ca\/wp-json\/wp\/v2\/posts\/36945","targetHints":{"allow":["GET"]}}],"collection":[{"href":"https:\/\/www.itakaescolapios.org\/ca\/wp-json\/wp\/v2\/posts"}],"about":[{"href":"https:\/\/www.itakaescolapios.org\/ca\/wp-json\/wp\/v2\/types\/post"}],"author":[{"embeddable":true,"href":"https:\/\/www.itakaescolapios.org\/ca\/wp-json\/wp\/v2\/users\/15"}],"replies":[{"embeddable":true,"href":"https:\/\/www.itakaescolapios.org\/ca\/wp-json\/wp\/v2\/comments?post=36945"}],"version-history":[{"count":2,"href":"https:\/\/www.itakaescolapios.org\/ca\/wp-json\/wp\/v2\/posts\/36945\/revisions"}],"predecessor-version":[{"id":43907,"href":"https:\/\/www.itakaescolapios.org\/ca\/wp-json\/wp\/v2\/posts\/36945\/revisions\/43907"}],"wp:featuredmedia":[{"embeddable":true,"href":"https:\/\/www.itakaescolapios.org\/ca\/wp-json\/wp\/v2\/media\/36946"}],"wp:attachment":[{"href":"https:\/\/www.itakaescolapios.org\/ca\/wp-json\/wp\/v2\/media?parent=36945"}],"wp:term":[{"taxonomy":"category","embeddable":true,"href":"https:\/\/www.itakaescolapios.org\/ca\/wp-json\/wp\/v2\/categories?post=36945"},{"taxonomy":"post_tag","embeddable":true,"href":"https:\/\/www.itakaescolapios.org\/ca\/wp-json\/wp\/v2\/tags?post=36945"}],"curies":[{"name":"wp","href":"https:\/\/api.w.org\/{rel}","templated":true}]}}