{"id":37129,"date":"2022-07-08T14:35:11","date_gmt":"2022-07-08T13:35:11","guid":{"rendered":"https:\/\/www.itakaescolapios.org\/?p=37129"},"modified":"2023-11-28T12:35:44","modified_gmt":"2023-11-28T11:35:44","slug":"francais-formation-des-moniteurs-aux-techniques-des-collectivites-educatives-a-yaounde-en-vue-de-la-preparation-du-camp-de-vacance-yaounde-2022","status":"publish","type":"post","link":"https:\/\/www.itakaescolapios.org\/ca\/2022\/07\/francais-formation-des-moniteurs-aux-techniques-des-collectivites-educatives-a-yaounde-en-vue-de-la-preparation-du-camp-de-vacance-yaounde-2022\/","title":{"rendered":""},"content":{"rendered":"<p>[:fr]En vue de la pr\u00e9paration du camp des vacances 2022 \u00e0 Yaound\u00e9 (Centre-Cameroun), s\u2019est tenue du lundi 4 au vendredi 8 juillet \u00e0 bandjoun des ateliers de formation des moniteurs.<br \/>\nAu programme, ateliers sur les techniques d\u2019encadrement des enfants : atelier sur les techniques de communication avec les enfants, Pratiques de quelques activit\u00e9s manuelles qui seront r\u00e9alis\u00e9es avec les enfants, et toutes autres choses. L\u2019encadrement des moniteurs est fait par les fr\u00e8res de yaound\u00e9 ainsi que le responsable paroissial des jeunes de la Paroisse du Bapt\u00eame de J\u00e9sus et Saint Ambroise de la cit\u00e9 verte monsieur Achille Ayissi .<\/p>\n<p>Tout s\u2019est bien d\u00e9roul\u00e9 et les moniteurs se sentent pr\u00eats pour la r\u00e9ussite des activit\u00e9s de vacances Yaound\u00e9 2022 : rendez-vous au camp de vacance qui se tiendra du 13 au 29 juillet pour la mise en pratique de ce que nous avons appris.<\/p>\n<p><img decoding=\"async\" class=\"size-full wp-image-37131 aligncenter\" src=\"https:\/\/www.itakaescolapios.org\/wp-content\/uploads\/2022\/07\/WhatsApp-Image-2022-07-08-at-08.00.01.jpeg\" alt=\"\" width=\"756\" height=\"1008\" srcset=\"https:\/\/www.itakaescolapios.org\/wp-content\/uploads\/2022\/07\/WhatsApp-Image-2022-07-08-at-08.00.01.jpeg 756w, https:\/\/www.itakaescolapios.org\/wp-content\/uploads\/2022\/07\/WhatsApp-Image-2022-07-08-at-08.00.01-225x300.jpeg 225w, https:\/\/www.itakaescolapios.org\/wp-content\/uploads\/2022\/07\/WhatsApp-Image-2022-07-08-at-08.00.01-250x333.jpeg 250w\" sizes=\"(max-width: 756px) 100vw, 756px\" \/><\/p>\n<p><img decoding=\"async\" class=\"size-full wp-image-37133 aligncenter\" src=\"https:\/\/www.itakaescolapios.org\/wp-content\/uploads\/2022\/07\/WhatsApp-Image-2022-07-08-at-08.01.19.jpeg\" alt=\"\" width=\"756\" height=\"1008\" srcset=\"https:\/\/www.itakaescolapios.org\/wp-content\/uploads\/2022\/07\/WhatsApp-Image-2022-07-08-at-08.01.19.jpeg 756w, https:\/\/www.itakaescolapios.org\/wp-content\/uploads\/2022\/07\/WhatsApp-Image-2022-07-08-at-08.01.19-225x300.jpeg 225w, https:\/\/www.itakaescolapios.org\/wp-content\/uploads\/2022\/07\/WhatsApp-Image-2022-07-08-at-08.01.19-250x333.jpeg 250w\" sizes=\"(max-width: 756px) 100vw, 756px\" \/><\/p>\n<p><img decoding=\"async\" class=\"size-full wp-image-37134 aligncenter\" src=\"https:\/\/www.itakaescolapios.org\/wp-content\/uploads\/2022\/07\/WhatsApp-Image-2022-07-08-at-08.01.18.jpeg\" alt=\"\" width=\"1008\" height=\"756\" srcset=\"https:\/\/www.itakaescolapios.org\/wp-content\/uploads\/2022\/07\/WhatsApp-Image-2022-07-08-at-08.01.18.jpeg 1008w, https:\/\/www.itakaescolapios.org\/wp-content\/uploads\/2022\/07\/WhatsApp-Image-2022-07-08-at-08.01.18-300x225.jpeg 300w, https:\/\/www.itakaescolapios.org\/wp-content\/uploads\/2022\/07\/WhatsApp-Image-2022-07-08-at-08.01.18-768x576.jpeg 768w, https:\/\/www.itakaescolapios.org\/wp-content\/uploads\/2022\/07\/WhatsApp-Image-2022-07-08-at-08.01.18-250x188.jpeg 250w, https:\/\/www.itakaescolapios.org\/wp-content\/uploads\/2022\/07\/WhatsApp-Image-2022-07-08-at-08.01.18-510x382.jpeg 510w\" sizes=\"(max-width: 1008px) 100vw, 1008px\" \/><\/p>\n<p><img decoding=\"async\" class=\"size-full wp-image-37135 aligncenter\" src=\"https:\/\/www.itakaescolapios.org\/wp-content\/uploads\/2022\/07\/WhatsApp-Image-2022-07-08-at-08.00.08.jpeg\" alt=\"\" width=\"756\" height=\"1008\" srcset=\"https:\/\/www.itakaescolapios.org\/wp-content\/uploads\/2022\/07\/WhatsApp-Image-2022-07-08-at-08.00.08.jpeg 756w, https:\/\/www.itakaescolapios.org\/wp-content\/uploads\/2022\/07\/WhatsApp-Image-2022-07-08-at-08.00.08-225x300.jpeg 225w, https:\/\/www.itakaescolapios.org\/wp-content\/uploads\/2022\/07\/WhatsApp-Image-2022-07-08-at-08.00.08-250x333.jpeg 250w\" sizes=\"(max-width: 756px) 100vw, 756px\" \/>[:]<\/p>\n","protected":false},"excerpt":{"rendered":"<p>[:fr]En vue de la pr\u00e9paration du camp des vacances 2022 \u00e0 Yaound\u00e9 (Centre-Cameroun), s\u2019est tenue du lundi 4 au vendredi 8 juillet \u00e0 bandjoun des ateliers de formation des moniteurs. [&hellip;]<\/p>\n","protected":false},"author":15,"featured_media":37132,"comment_status":"closed","ping_status":"closed","sticky":false,"template":"","format":"standard","meta":{"_et_pb_use_builder":"","_et_pb_old_content":"","_et_gb_content_width":"","footnotes":""},"categories":[53,10],"tags":[],"class_list":["post-37129","post","type-post","status-publish","format-standard","has-post-thumbnail","hentry","category-africa-central","category-camerun"],"yoast_head":"<!-- This site is optimized with the Yoast SEO plugin v27.4 - https:\/\/yoast.com\/product\/yoast-seo-wordpress\/ -->\n<title>- Itaka-Escolapios<\/title>\n<meta name=\"description\" content=\"[:fr]En vue de la pr\u00e9paration du camp des vacances 2022 \u00e0 Yaound\u00e9 (Centre-Cameroun), s\u2019est tenue du lundi 4 au vendredi 8 juillet \u00e0 bandjoun des ateliers de formation des moniteurs. Au programme, ateliers sur les techniques d\u2019encadrement des enfants : atelier sur les techniques de communication avec les enfants, Pratiques de quelques activit\u00e9s manuelles qui&hellip;\" \/>\n<meta name=\"robots\" content=\"index, follow, max-snippet:-1, max-image-preview:large, max-video-preview:-1\" \/>\n<link rel=\"canonical\" href=\"\" \/>\n<meta property=\"og:locale\" content=\"ca_ES\" \/>\n<meta property=\"og:type\" content=\"article\" \/>\n<meta property=\"og:title\" content=\"- Itaka-Escolapios\" \/>\n<meta property=\"og:description\" content=\"[:fr]En vue de la pr\u00e9paration du camp des vacances 2022 \u00e0 Yaound\u00e9 (Centre-Cameroun), s\u2019est tenue du lundi 4 au vendredi 8 juillet \u00e0 bandjoun des ateliers de formation des moniteurs. Au programme, ateliers sur les techniques d\u2019encadrement des enfants : atelier sur les techniques de communication avec les enfants, Pratiques de quelques activit\u00e9s manuelles qui&hellip;\" \/>\n<meta property=\"og:url\" content=\"https:\/\/www.itakaescolapios.org\/ca\/2022\/07\/francais-formation-des-moniteurs-aux-techniques-des-collectivites-educatives-a-yaounde-en-vue-de-la-preparation-du-camp-de-vacance-yaounde-2022\/\" \/>\n<meta property=\"og:site_name\" content=\"Itaka-Escolapios\" \/>\n<meta property=\"article:published_time\" content=\"2022-07-08T13:35:11+00:00\" \/>\n<meta property=\"article:modified_time\" content=\"2023-11-28T11:35:44+00:00\" \/>\n<meta property=\"og:image\" content=\"https:\/\/www.itakaescolapios.org\/wp-content\/uploads\/2022\/07\/WhatsApp-Image-2022-07-08-at-08.01.22.jpeg\" \/>\n\t<meta property=\"og:image:width\" content=\"756\" \/>\n\t<meta property=\"og:image:height\" content=\"1008\" \/>\n\t<meta property=\"og:image:type\" content=\"image\/jpeg\" \/>\n<meta name=\"author\" content=\"cameroun01\" \/>\n<meta name=\"twitter:card\" content=\"summary_large_image\" \/>\n<meta name=\"twitter:label1\" content=\"Escrit per\" \/>\n\t<meta name=\"twitter:data1\" content=\"cameroun01\" \/>\n\t<meta name=\"twitter:label2\" content=\"Temps estimat de lectura\" \/>\n\t<meta name=\"twitter:data2\" content=\"1 minut\" \/>\n<script type=\"application\/ld+json\" class=\"yoast-schema-graph\">{\"@context\":\"https:\\\/\\\/schema.org\",\"@graph\":[{\"@type\":\"Article\",\"@id\":\"https:\\\/\\\/www.itakaescolapios.org\\\/ca\\\/2022\\\/07\\\/francais-formation-des-moniteurs-aux-techniques-des-collectivites-educatives-a-yaounde-en-vue-de-la-preparation-du-camp-de-vacance-yaounde-2022\\\/#article\",\"isPartOf\":{\"@id\":\"https:\\\/\\\/www.itakaescolapios.org\\\/ca\\\/2022\\\/07\\\/francais-formation-des-moniteurs-aux-techniques-des-collectivites-educatives-a-yaounde-en-vue-de-la-preparation-du-camp-de-vacance-yaounde-2022\\\/\"},\"author\":{\"name\":\"cameroun01\",\"@id\":\"https:\\\/\\\/www.itakaescolapios.org\\\/es\\\/#\\\/schema\\\/person\\\/d2844383e29bfdfef69039672ce14eb1\"},\"headline\":\"Sense t\u00edtol\",\"datePublished\":\"2022-07-08T13:35:11+00:00\",\"dateModified\":\"2023-11-28T11:35:44+00:00\",\"mainEntityOfPage\":{\"@id\":\"https:\\\/\\\/www.itakaescolapios.org\\\/ca\\\/2022\\\/07\\\/francais-formation-des-moniteurs-aux-techniques-des-collectivites-educatives-a-yaounde-en-vue-de-la-preparation-du-camp-de-vacance-yaounde-2022\\\/\"},\"wordCount\":148,\"publisher\":{\"@id\":\"https:\\\/\\\/www.itakaescolapios.org\\\/es\\\/#organization\"},\"image\":{\"@id\":\"https:\\\/\\\/www.itakaescolapios.org\\\/ca\\\/2022\\\/07\\\/francais-formation-des-moniteurs-aux-techniques-des-collectivites-educatives-a-yaounde-en-vue-de-la-preparation-du-camp-de-vacance-yaounde-2022\\\/#primaryimage\"},\"thumbnailUrl\":\"https:\\\/\\\/www.itakaescolapios.org\\\/wp-content\\\/uploads\\\/2022\\\/07\\\/WhatsApp-Image-2022-07-08-at-08.01.22.jpeg\",\"articleSection\":[\"\u00c1frica Central\",\"Camerun\"],\"inLanguage\":\"ca\"},{\"@type\":\"WebPage\",\"@id\":\"https:\\\/\\\/www.itakaescolapios.org\\\/ca\\\/2022\\\/07\\\/francais-formation-des-moniteurs-aux-techniques-des-collectivites-educatives-a-yaounde-en-vue-de-la-preparation-du-camp-de-vacance-yaounde-2022\\\/\",\"url\":\"https:\\\/\\\/www.itakaescolapios.org\\\/ca\\\/2022\\\/07\\\/francais-formation-des-moniteurs-aux-techniques-des-collectivites-educatives-a-yaounde-en-vue-de-la-preparation-du-camp-de-vacance-yaounde-2022\\\/\",\"name\":\"- Itaka-Escolapios\",\"isPartOf\":{\"@id\":\"https:\\\/\\\/www.itakaescolapios.org\\\/es\\\/#website\"},\"primaryImageOfPage\":{\"@id\":\"https:\\\/\\\/www.itakaescolapios.org\\\/ca\\\/2022\\\/07\\\/francais-formation-des-moniteurs-aux-techniques-des-collectivites-educatives-a-yaounde-en-vue-de-la-preparation-du-camp-de-vacance-yaounde-2022\\\/#primaryimage\"},\"image\":{\"@id\":\"https:\\\/\\\/www.itakaescolapios.org\\\/ca\\\/2022\\\/07\\\/francais-formation-des-moniteurs-aux-techniques-des-collectivites-educatives-a-yaounde-en-vue-de-la-preparation-du-camp-de-vacance-yaounde-2022\\\/#primaryimage\"},\"thumbnailUrl\":\"https:\\\/\\\/www.itakaescolapios.org\\\/wp-content\\\/uploads\\\/2022\\\/07\\\/WhatsApp-Image-2022-07-08-at-08.01.22.jpeg\",\"datePublished\":\"2022-07-08T13:35:11+00:00\",\"dateModified\":\"2023-11-28T11:35:44+00:00\",\"inLanguage\":\"ca\",\"potentialAction\":[{\"@type\":\"ReadAction\",\"target\":[\"https:\\\/\\\/www.itakaescolapios.org\\\/ca\\\/2022\\\/07\\\/francais-formation-des-moniteurs-aux-techniques-des-collectivites-educatives-a-yaounde-en-vue-de-la-preparation-du-camp-de-vacance-yaounde-2022\\\/\"]}]},{\"@type\":\"ImageObject\",\"inLanguage\":\"ca\",\"@id\":\"https:\\\/\\\/www.itakaescolapios.org\\\/ca\\\/2022\\\/07\\\/francais-formation-des-moniteurs-aux-techniques-des-collectivites-educatives-a-yaounde-en-vue-de-la-preparation-du-camp-de-vacance-yaounde-2022\\\/#primaryimage\",\"url\":\"https:\\\/\\\/www.itakaescolapios.org\\\/wp-content\\\/uploads\\\/2022\\\/07\\\/WhatsApp-Image-2022-07-08-at-08.01.22.jpeg\",\"contentUrl\":\"https:\\\/\\\/www.itakaescolapios.org\\\/wp-content\\\/uploads\\\/2022\\\/07\\\/WhatsApp-Image-2022-07-08-at-08.01.22.jpeg\",\"width\":756,\"height\":1008},{\"@type\":\"WebSite\",\"@id\":\"https:\\\/\\\/www.itakaescolapios.org\\\/ca\\\/es\\\/#website\",\"url\":\"https:\\\/\\\/www.itakaescolapios.org\\\/ca\\\/es\\\/\",\"name\":\"Itaka-Escolapios\",\"description\":\"Red de Itaka-Escolapios\",\"publisher\":{\"@id\":\"https:\\\/\\\/www.itakaescolapios.org\\\/ca\\\/es\\\/#organization\"},\"potentialAction\":[{\"@type\":\"SearchAction\",\"target\":{\"@type\":\"EntryPoint\",\"urlTemplate\":\"https:\\\/\\\/www.itakaescolapios.org\\\/ca\\\/es\\\/?s={search_term_string}\"},\"query-input\":{\"@type\":\"PropertyValueSpecification\",\"valueRequired\":true,\"valueName\":\"search_term_string\"}}],\"inLanguage\":\"ca\"},{\"@type\":\"Organization\",\"@id\":\"https:\\\/\\\/www.itakaescolapios.org\\\/ca\\\/es\\\/#organization\",\"name\":\"Fundaci\u00f3 Itaka-Escolapios\",\"url\":\"https:\\\/\\\/www.itakaescolapios.org\\\/ca\\\/es\\\/\",\"logo\":{\"@type\":\"ImageObject\",\"inLanguage\":\"ca\",\"@id\":\"https:\\\/\\\/www.itakaescolapios.org\\\/ca\\\/es\\\/#\\\/schema\\\/logo\\\/image\\\/\",\"url\":\"https:\\\/\\\/www.itakaescolapios.org\\\/wp-content\\\/uploads\\\/2024\\\/04\\\/Logo-itakaescolapios-peque.png\",\"contentUrl\":\"https:\\\/\\\/www.itakaescolapios.org\\\/wp-content\\\/uploads\\\/2024\\\/04\\\/Logo-itakaescolapios-peque.png\",\"width\":500,\"height\":199,\"caption\":\"Fundaci\u00f3 Itaka-Escolapios\"},\"image\":{\"@id\":\"https:\\\/\\\/www.itakaescolapios.org\\\/ca\\\/es\\\/#\\\/schema\\\/logo\\\/image\\\/\"}},{\"@type\":\"Person\",\"@id\":\"https:\\\/\\\/www.itakaescolapios.org\\\/es\\\/#\\\/schema\\\/person\\\/d2844383e29bfdfef69039672ce14eb1\",\"name\":\"cameroun01\",\"url\":\"https:\\\/\\\/www.itakaescolapios.org\\\/ca\\\/author\\\/cameroun01\\\/\"}]}<\/script>\n<!-- \/ Yoast SEO plugin. -->","yoast_head_json":{"title":"- Itaka-Escolapios","description":"[:fr]En vue de la pr\u00e9paration du camp des vacances 2022 \u00e0 Yaound\u00e9 (Centre-Cameroun), s\u2019est tenue du lundi 4 au vendredi 8 juillet \u00e0 bandjoun des ateliers de formation des moniteurs. Au programme, ateliers sur les techniques d\u2019encadrement des enfants : atelier sur les techniques de communication avec les enfants, Pratiques de quelques activit\u00e9s manuelles qui&hellip;","robots":{"index":"index","follow":"follow","max-snippet":"max-snippet:-1","max-image-preview":"max-image-preview:large","max-video-preview":"max-video-preview:-1"},"canonical":"[:fr]En vue de la pr\u00e9paration du camp des vacances 2022 \u00e0 Yaound\u00e9 (Centre-Cameroun), s\u2019est tenue du lundi 4 au vendredi 8 juillet \u00e0 bandjoun des ateliers de formation des moniteurs. Au programme, ateliers sur les techniques d\u2019encadrement des enfants : atelier sur les techniques de communication avec les enfants, Pratiques de quelques activit\u00e9s manuelles qui&hellip;","og_locale":"ca_ES","og_type":"article","og_title":"- Itaka-Escolapios","og_description":"[:fr]En vue de la pr\u00e9paration du camp des vacances 2022 \u00e0 Yaound\u00e9 (Centre-Cameroun), s\u2019est tenue du lundi 4 au vendredi 8 juillet \u00e0 bandjoun des ateliers de formation des moniteurs. Au programme, ateliers sur les techniques d\u2019encadrement des enfants : atelier sur les techniques de communication avec les enfants, Pratiques de quelques activit\u00e9s manuelles qui&hellip;","og_url":"https:\/\/www.itakaescolapios.org\/ca\/2022\/07\/francais-formation-des-moniteurs-aux-techniques-des-collectivites-educatives-a-yaounde-en-vue-de-la-preparation-du-camp-de-vacance-yaounde-2022\/","og_site_name":"Itaka-Escolapios","article_published_time":"2022-07-08T13:35:11+00:00","article_modified_time":"2023-11-28T11:35:44+00:00","og_image":[{"width":756,"height":1008,"url":"https:\/\/www.itakaescolapios.org\/wp-content\/uploads\/2022\/07\/WhatsApp-Image-2022-07-08-at-08.01.22.jpeg","type":"image\/jpeg"}],"author":"cameroun01","twitter_card":"summary_large_image","twitter_misc":{"Escrit per":"cameroun01","Temps estimat de lectura":"1 minut"},"schema":{"@context":"https:\/\/schema.org","@graph":[{"@type":"Article","@id":"https:\/\/www.itakaescolapios.org\/ca\/2022\/07\/francais-formation-des-moniteurs-aux-techniques-des-collectivites-educatives-a-yaounde-en-vue-de-la-preparation-du-camp-de-vacance-yaounde-2022\/#article","isPartOf":{"@id":"https:\/\/www.itakaescolapios.org\/ca\/2022\/07\/francais-formation-des-moniteurs-aux-techniques-des-collectivites-educatives-a-yaounde-en-vue-de-la-preparation-du-camp-de-vacance-yaounde-2022\/"},"author":{"name":"cameroun01","@id":"https:\/\/www.itakaescolapios.org\/es\/#\/schema\/person\/d2844383e29bfdfef69039672ce14eb1"},"headline":"Sense t\u00edtol","datePublished":"2022-07-08T13:35:11+00:00","dateModified":"2023-11-28T11:35:44+00:00","mainEntityOfPage":{"@id":"https:\/\/www.itakaescolapios.org\/ca\/2022\/07\/francais-formation-des-moniteurs-aux-techniques-des-collectivites-educatives-a-yaounde-en-vue-de-la-preparation-du-camp-de-vacance-yaounde-2022\/"},"wordCount":148,"publisher":{"@id":"https:\/\/www.itakaescolapios.org\/es\/#organization"},"image":{"@id":"https:\/\/www.itakaescolapios.org\/ca\/2022\/07\/francais-formation-des-moniteurs-aux-techniques-des-collectivites-educatives-a-yaounde-en-vue-de-la-preparation-du-camp-de-vacance-yaounde-2022\/#primaryimage"},"thumbnailUrl":"https:\/\/www.itakaescolapios.org\/wp-content\/uploads\/2022\/07\/WhatsApp-Image-2022-07-08-at-08.01.22.jpeg","articleSection":["\u00c1frica Central","Camerun"],"inLanguage":"ca"},{"@type":"WebPage","@id":"https:\/\/www.itakaescolapios.org\/ca\/2022\/07\/francais-formation-des-moniteurs-aux-techniques-des-collectivites-educatives-a-yaounde-en-vue-de-la-preparation-du-camp-de-vacance-yaounde-2022\/","url":"https:\/\/www.itakaescolapios.org\/ca\/2022\/07\/francais-formation-des-moniteurs-aux-techniques-des-collectivites-educatives-a-yaounde-en-vue-de-la-preparation-du-camp-de-vacance-yaounde-2022\/","name":"- Itaka-Escolapios","isPartOf":{"@id":"https:\/\/www.itakaescolapios.org\/es\/#website"},"primaryImageOfPage":{"@id":"https:\/\/www.itakaescolapios.org\/ca\/2022\/07\/francais-formation-des-moniteurs-aux-techniques-des-collectivites-educatives-a-yaounde-en-vue-de-la-preparation-du-camp-de-vacance-yaounde-2022\/#primaryimage"},"image":{"@id":"https:\/\/www.itakaescolapios.org\/ca\/2022\/07\/francais-formation-des-moniteurs-aux-techniques-des-collectivites-educatives-a-yaounde-en-vue-de-la-preparation-du-camp-de-vacance-yaounde-2022\/#primaryimage"},"thumbnailUrl":"https:\/\/www.itakaescolapios.org\/wp-content\/uploads\/2022\/07\/WhatsApp-Image-2022-07-08-at-08.01.22.jpeg","datePublished":"2022-07-08T13:35:11+00:00","dateModified":"2023-11-28T11:35:44+00:00","inLanguage":"ca","potentialAction":[{"@type":"ReadAction","target":["https:\/\/www.itakaescolapios.org\/ca\/2022\/07\/francais-formation-des-moniteurs-aux-techniques-des-collectivites-educatives-a-yaounde-en-vue-de-la-preparation-du-camp-de-vacance-yaounde-2022\/"]}]},{"@type":"ImageObject","inLanguage":"ca","@id":"https:\/\/www.itakaescolapios.org\/ca\/2022\/07\/francais-formation-des-moniteurs-aux-techniques-des-collectivites-educatives-a-yaounde-en-vue-de-la-preparation-du-camp-de-vacance-yaounde-2022\/#primaryimage","url":"https:\/\/www.itakaescolapios.org\/wp-content\/uploads\/2022\/07\/WhatsApp-Image-2022-07-08-at-08.01.22.jpeg","contentUrl":"https:\/\/www.itakaescolapios.org\/wp-content\/uploads\/2022\/07\/WhatsApp-Image-2022-07-08-at-08.01.22.jpeg","width":756,"height":1008},{"@type":"WebSite","@id":"https:\/\/www.itakaescolapios.org\/ca\/es\/#website","url":"https:\/\/www.itakaescolapios.org\/ca\/es\/","name":"Itaka-Escolapios","description":"Red de Itaka-Escolapios","publisher":{"@id":"https:\/\/www.itakaescolapios.org\/ca\/es\/#organization"},"potentialAction":[{"@type":"SearchAction","target":{"@type":"EntryPoint","urlTemplate":"https:\/\/www.itakaescolapios.org\/ca\/es\/?s={search_term_string}"},"query-input":{"@type":"PropertyValueSpecification","valueRequired":true,"valueName":"search_term_string"}}],"inLanguage":"ca"},{"@type":"Organization","@id":"https:\/\/www.itakaescolapios.org\/ca\/es\/#organization","name":"Fundaci\u00f3 Itaka-Escolapios","url":"https:\/\/www.itakaescolapios.org\/ca\/es\/","logo":{"@type":"ImageObject","inLanguage":"ca","@id":"https:\/\/www.itakaescolapios.org\/ca\/es\/#\/schema\/logo\/image\/","url":"https:\/\/www.itakaescolapios.org\/wp-content\/uploads\/2024\/04\/Logo-itakaescolapios-peque.png","contentUrl":"https:\/\/www.itakaescolapios.org\/wp-content\/uploads\/2024\/04\/Logo-itakaescolapios-peque.png","width":500,"height":199,"caption":"Fundaci\u00f3 Itaka-Escolapios"},"image":{"@id":"https:\/\/www.itakaescolapios.org\/ca\/es\/#\/schema\/logo\/image\/"}},{"@type":"Person","@id":"https:\/\/www.itakaescolapios.org\/es\/#\/schema\/person\/d2844383e29bfdfef69039672ce14eb1","name":"cameroun01","url":"https:\/\/www.itakaescolapios.org\/ca\/author\/cameroun01\/"}]}},"_links":{"self":[{"href":"https:\/\/www.itakaescolapios.org\/ca\/wp-json\/wp\/v2\/posts\/37129","targetHints":{"allow":["GET"]}}],"collection":[{"href":"https:\/\/www.itakaescolapios.org\/ca\/wp-json\/wp\/v2\/posts"}],"about":[{"href":"https:\/\/www.itakaescolapios.org\/ca\/wp-json\/wp\/v2\/types\/post"}],"author":[{"embeddable":true,"href":"https:\/\/www.itakaescolapios.org\/ca\/wp-json\/wp\/v2\/users\/15"}],"replies":[{"embeddable":true,"href":"https:\/\/www.itakaescolapios.org\/ca\/wp-json\/wp\/v2\/comments?post=37129"}],"version-history":[{"count":4,"href":"https:\/\/www.itakaescolapios.org\/ca\/wp-json\/wp\/v2\/posts\/37129\/revisions"}],"predecessor-version":[{"id":43871,"href":"https:\/\/www.itakaescolapios.org\/ca\/wp-json\/wp\/v2\/posts\/37129\/revisions\/43871"}],"wp:featuredmedia":[{"embeddable":true,"href":"https:\/\/www.itakaescolapios.org\/ca\/wp-json\/wp\/v2\/media\/37132"}],"wp:attachment":[{"href":"https:\/\/www.itakaescolapios.org\/ca\/wp-json\/wp\/v2\/media?parent=37129"}],"wp:term":[{"taxonomy":"category","embeddable":true,"href":"https:\/\/www.itakaescolapios.org\/ca\/wp-json\/wp\/v2\/categories?post=37129"},{"taxonomy":"post_tag","embeddable":true,"href":"https:\/\/www.itakaescolapios.org\/ca\/wp-json\/wp\/v2\/tags?post=37129"}],"curies":[{"name":"wp","href":"https:\/\/api.w.org\/{rel}","templated":true}]}}