{"id":37324,"date":"2022-09-01T17:05:30","date_gmt":"2022-09-01T16:05:30","guid":{"rendered":"https:\/\/www.itakaescolapios.org\/?p=37324"},"modified":"2023-11-28T12:35:42","modified_gmt":"2023-11-28T11:35:42","slug":"francais-formation-des-enseignants-du-coscabic-de-bafia-cameroun-par-le-secretaire-provincial-en-charge-de-lanimation-et-linnovation-pedagogique","status":"publish","type":"post","link":"https:\/\/www.itakaescolapios.org\/ca\/2022\/09\/francais-formation-des-enseignants-du-coscabic-de-bafia-cameroun-par-le-secretaire-provincial-en-charge-de-lanimation-et-linnovation-pedagogique\/","title":{"rendered":""},"content":{"rendered":"<p>[:fr]Ce jour s\u2019est tenue \u00e0 Bafia la formation des enseignants du COSCABIC par le secr\u00e9taire provincial en charge de l\u2019animation et l\u2019innovation p\u00e9dagogique par ailleurs assistant provincial du minist\u00e8re et de la mission partag\u00e9e dans la Province Piariste d\u2019Afrique Centrale. Celle ci portait sur l\u2019\u00e9laboration du projet \u00e9ducatif et pastoral en tenant compte des cl\u00e9s de vie 10 et 11 sur le minist\u00e8re irrempla\u00e7able, un des noyaux adopt\u00e9 dans le 48e Chapitre G\u00e9n\u00e9ral des P\u00e8res Piaristes.<br \/>\nCe nouveau d\u00e9part marque une ferme volont\u00e9 \u00e0 grandir avec la mentalit\u00e9 de l\u2019Ordre dans une vision commune.<\/p>\n<p><img decoding=\"async\" class=\"size-full wp-image-37327 aligncenter\" src=\"https:\/\/www.itakaescolapios.org\/wp-content\/uploads\/2022\/09\/WhatsApp-Image-2022-09-01-at-5.00.13-PM.jpeg\" alt=\"\" width=\"1280\" height=\"958\" srcset=\"https:\/\/www.itakaescolapios.org\/wp-content\/uploads\/2022\/09\/WhatsApp-Image-2022-09-01-at-5.00.13-PM.jpeg 1280w, https:\/\/www.itakaescolapios.org\/wp-content\/uploads\/2022\/09\/WhatsApp-Image-2022-09-01-at-5.00.13-PM-300x225.jpeg 300w, https:\/\/www.itakaescolapios.org\/wp-content\/uploads\/2022\/09\/WhatsApp-Image-2022-09-01-at-5.00.13-PM-1024x766.jpeg 1024w, https:\/\/www.itakaescolapios.org\/wp-content\/uploads\/2022\/09\/WhatsApp-Image-2022-09-01-at-5.00.13-PM-768x575.jpeg 768w, https:\/\/www.itakaescolapios.org\/wp-content\/uploads\/2022\/09\/WhatsApp-Image-2022-09-01-at-5.00.13-PM-250x187.jpeg 250w, https:\/\/www.itakaescolapios.org\/wp-content\/uploads\/2022\/09\/WhatsApp-Image-2022-09-01-at-5.00.13-PM-510x382.jpeg 510w, https:\/\/www.itakaescolapios.org\/wp-content\/uploads\/2022\/09\/WhatsApp-Image-2022-09-01-at-5.00.13-PM-1080x808.jpeg 1080w\" sizes=\"(max-width: 1280px) 100vw, 1280px\" \/>[:]<\/p>\n","protected":false},"excerpt":{"rendered":"<p>[:fr]Ce jour s\u2019est tenue \u00e0 Bafia la formation des enseignants du COSCABIC par le secr\u00e9taire provincial en charge de l\u2019animation et l\u2019innovation p\u00e9dagogique par ailleurs assistant provincial du minist\u00e8re et [&hellip;]<\/p>\n","protected":false},"author":15,"featured_media":37325,"comment_status":"closed","ping_status":"closed","sticky":false,"template":"","format":"standard","meta":{"_et_pb_use_builder":"","_et_pb_old_content":"","_et_gb_content_width":"","footnotes":""},"categories":[53,10],"tags":[],"class_list":["post-37324","post","type-post","status-publish","format-standard","has-post-thumbnail","hentry","category-africa-central","category-camerun"],"yoast_head":"<!-- This site is optimized with the Yoast SEO plugin v27.4 - https:\/\/yoast.com\/product\/yoast-seo-wordpress\/ -->\n<title>- Itaka-Escolapios<\/title>\n<meta name=\"description\" content=\"[:fr]Ce jour s\u2019est tenue \u00e0 Bafia la formation des enseignants du COSCABIC par le secr\u00e9taire provincial en charge de l\u2019animation et l\u2019innovation p\u00e9dagogique par ailleurs assistant provincial du minist\u00e8re et de la mission partag\u00e9e dans la Province Piariste d\u2019Afrique Centrale. Celle ci portait sur l\u2019\u00e9laboration du projet \u00e9ducatif et pastoral en tenant compte des cl\u00e9s&hellip;\" \/>\n<meta name=\"robots\" content=\"index, follow, max-snippet:-1, max-image-preview:large, max-video-preview:-1\" \/>\n<link rel=\"canonical\" href=\"\" \/>\n<meta property=\"og:locale\" content=\"ca_ES\" \/>\n<meta property=\"og:type\" content=\"article\" \/>\n<meta property=\"og:title\" content=\"- Itaka-Escolapios\" \/>\n<meta property=\"og:description\" content=\"[:fr]Ce jour s\u2019est tenue \u00e0 Bafia la formation des enseignants du COSCABIC par le secr\u00e9taire provincial en charge de l\u2019animation et l\u2019innovation p\u00e9dagogique par ailleurs assistant provincial du minist\u00e8re et de la mission partag\u00e9e dans la Province Piariste d\u2019Afrique Centrale. Celle ci portait sur l\u2019\u00e9laboration du projet \u00e9ducatif et pastoral en tenant compte des cl\u00e9s&hellip;\" \/>\n<meta property=\"og:url\" content=\"https:\/\/www.itakaescolapios.org\/ca\/2022\/09\/francais-formation-des-enseignants-du-coscabic-de-bafia-cameroun-par-le-secretaire-provincial-en-charge-de-lanimation-et-linnovation-pedagogique\/\" \/>\n<meta property=\"og:site_name\" content=\"Itaka-Escolapios\" \/>\n<meta property=\"article:published_time\" content=\"2022-09-01T16:05:30+00:00\" \/>\n<meta property=\"article:modified_time\" content=\"2023-11-28T11:35:42+00:00\" \/>\n<meta property=\"og:image\" content=\"https:\/\/www.itakaescolapios.org\/wp-content\/uploads\/2022\/09\/WhatsApp-Image-2022-09-01-at-5.00.12-PM-1.jpeg\" \/>\n\t<meta property=\"og:image:width\" content=\"1280\" \/>\n\t<meta property=\"og:image:height\" content=\"958\" \/>\n\t<meta property=\"og:image:type\" content=\"image\/jpeg\" \/>\n<meta name=\"author\" content=\"cameroun01\" \/>\n<meta name=\"twitter:card\" content=\"summary_large_image\" \/>\n<meta name=\"twitter:label1\" content=\"Escrit per\" \/>\n\t<meta name=\"twitter:data1\" content=\"cameroun01\" \/>\n\t<meta name=\"twitter:label2\" content=\"Temps estimat de lectura\" \/>\n\t<meta name=\"twitter:data2\" content=\"1 minut\" \/>\n<script type=\"application\/ld+json\" class=\"yoast-schema-graph\">{\"@context\":\"https:\\\/\\\/schema.org\",\"@graph\":[{\"@type\":\"Article\",\"@id\":\"https:\\\/\\\/www.itakaescolapios.org\\\/ca\\\/2022\\\/09\\\/francais-formation-des-enseignants-du-coscabic-de-bafia-cameroun-par-le-secretaire-provincial-en-charge-de-lanimation-et-linnovation-pedagogique\\\/#article\",\"isPartOf\":{\"@id\":\"https:\\\/\\\/www.itakaescolapios.org\\\/ca\\\/2022\\\/09\\\/francais-formation-des-enseignants-du-coscabic-de-bafia-cameroun-par-le-secretaire-provincial-en-charge-de-lanimation-et-linnovation-pedagogique\\\/\"},\"author\":{\"name\":\"cameroun01\",\"@id\":\"https:\\\/\\\/www.itakaescolapios.org\\\/es\\\/#\\\/schema\\\/person\\\/d2844383e29bfdfef69039672ce14eb1\"},\"headline\":\"Sense t\u00edtol\",\"datePublished\":\"2022-09-01T16:05:30+00:00\",\"dateModified\":\"2023-11-28T11:35:42+00:00\",\"mainEntityOfPage\":{\"@id\":\"https:\\\/\\\/www.itakaescolapios.org\\\/ca\\\/2022\\\/09\\\/francais-formation-des-enseignants-du-coscabic-de-bafia-cameroun-par-le-secretaire-provincial-en-charge-de-lanimation-et-linnovation-pedagogique\\\/\"},\"wordCount\":108,\"publisher\":{\"@id\":\"https:\\\/\\\/www.itakaescolapios.org\\\/es\\\/#organization\"},\"image\":{\"@id\":\"https:\\\/\\\/www.itakaescolapios.org\\\/ca\\\/2022\\\/09\\\/francais-formation-des-enseignants-du-coscabic-de-bafia-cameroun-par-le-secretaire-provincial-en-charge-de-lanimation-et-linnovation-pedagogique\\\/#primaryimage\"},\"thumbnailUrl\":\"https:\\\/\\\/www.itakaescolapios.org\\\/wp-content\\\/uploads\\\/2022\\\/09\\\/WhatsApp-Image-2022-09-01-at-5.00.12-PM-1.jpeg\",\"articleSection\":[\"\u00c1frica Central\",\"Camerun\"],\"inLanguage\":\"ca\"},{\"@type\":\"WebPage\",\"@id\":\"https:\\\/\\\/www.itakaescolapios.org\\\/ca\\\/2022\\\/09\\\/francais-formation-des-enseignants-du-coscabic-de-bafia-cameroun-par-le-secretaire-provincial-en-charge-de-lanimation-et-linnovation-pedagogique\\\/\",\"url\":\"https:\\\/\\\/www.itakaescolapios.org\\\/ca\\\/2022\\\/09\\\/francais-formation-des-enseignants-du-coscabic-de-bafia-cameroun-par-le-secretaire-provincial-en-charge-de-lanimation-et-linnovation-pedagogique\\\/\",\"name\":\"- Itaka-Escolapios\",\"isPartOf\":{\"@id\":\"https:\\\/\\\/www.itakaescolapios.org\\\/es\\\/#website\"},\"primaryImageOfPage\":{\"@id\":\"https:\\\/\\\/www.itakaescolapios.org\\\/ca\\\/2022\\\/09\\\/francais-formation-des-enseignants-du-coscabic-de-bafia-cameroun-par-le-secretaire-provincial-en-charge-de-lanimation-et-linnovation-pedagogique\\\/#primaryimage\"},\"image\":{\"@id\":\"https:\\\/\\\/www.itakaescolapios.org\\\/ca\\\/2022\\\/09\\\/francais-formation-des-enseignants-du-coscabic-de-bafia-cameroun-par-le-secretaire-provincial-en-charge-de-lanimation-et-linnovation-pedagogique\\\/#primaryimage\"},\"thumbnailUrl\":\"https:\\\/\\\/www.itakaescolapios.org\\\/wp-content\\\/uploads\\\/2022\\\/09\\\/WhatsApp-Image-2022-09-01-at-5.00.12-PM-1.jpeg\",\"datePublished\":\"2022-09-01T16:05:30+00:00\",\"dateModified\":\"2023-11-28T11:35:42+00:00\",\"inLanguage\":\"ca\",\"potentialAction\":[{\"@type\":\"ReadAction\",\"target\":[\"https:\\\/\\\/www.itakaescolapios.org\\\/ca\\\/2022\\\/09\\\/francais-formation-des-enseignants-du-coscabic-de-bafia-cameroun-par-le-secretaire-provincial-en-charge-de-lanimation-et-linnovation-pedagogique\\\/\"]}]},{\"@type\":\"ImageObject\",\"inLanguage\":\"ca\",\"@id\":\"https:\\\/\\\/www.itakaescolapios.org\\\/ca\\\/2022\\\/09\\\/francais-formation-des-enseignants-du-coscabic-de-bafia-cameroun-par-le-secretaire-provincial-en-charge-de-lanimation-et-linnovation-pedagogique\\\/#primaryimage\",\"url\":\"https:\\\/\\\/www.itakaescolapios.org\\\/wp-content\\\/uploads\\\/2022\\\/09\\\/WhatsApp-Image-2022-09-01-at-5.00.12-PM-1.jpeg\",\"contentUrl\":\"https:\\\/\\\/www.itakaescolapios.org\\\/wp-content\\\/uploads\\\/2022\\\/09\\\/WhatsApp-Image-2022-09-01-at-5.00.12-PM-1.jpeg\",\"width\":1280,\"height\":958},{\"@type\":\"WebSite\",\"@id\":\"https:\\\/\\\/www.itakaescolapios.org\\\/ca\\\/es\\\/#website\",\"url\":\"https:\\\/\\\/www.itakaescolapios.org\\\/ca\\\/es\\\/\",\"name\":\"Itaka-Escolapios\",\"description\":\"Red de Itaka-Escolapios\",\"publisher\":{\"@id\":\"https:\\\/\\\/www.itakaescolapios.org\\\/ca\\\/es\\\/#organization\"},\"potentialAction\":[{\"@type\":\"SearchAction\",\"target\":{\"@type\":\"EntryPoint\",\"urlTemplate\":\"https:\\\/\\\/www.itakaescolapios.org\\\/ca\\\/es\\\/?s={search_term_string}\"},\"query-input\":{\"@type\":\"PropertyValueSpecification\",\"valueRequired\":true,\"valueName\":\"search_term_string\"}}],\"inLanguage\":\"ca\"},{\"@type\":\"Organization\",\"@id\":\"https:\\\/\\\/www.itakaescolapios.org\\\/ca\\\/es\\\/#organization\",\"name\":\"Fundaci\u00f3 Itaka-Escolapios\",\"url\":\"https:\\\/\\\/www.itakaescolapios.org\\\/ca\\\/es\\\/\",\"logo\":{\"@type\":\"ImageObject\",\"inLanguage\":\"ca\",\"@id\":\"https:\\\/\\\/www.itakaescolapios.org\\\/ca\\\/es\\\/#\\\/schema\\\/logo\\\/image\\\/\",\"url\":\"https:\\\/\\\/www.itakaescolapios.org\\\/wp-content\\\/uploads\\\/2024\\\/04\\\/Logo-itakaescolapios-peque.png\",\"contentUrl\":\"https:\\\/\\\/www.itakaescolapios.org\\\/wp-content\\\/uploads\\\/2024\\\/04\\\/Logo-itakaescolapios-peque.png\",\"width\":500,\"height\":199,\"caption\":\"Fundaci\u00f3 Itaka-Escolapios\"},\"image\":{\"@id\":\"https:\\\/\\\/www.itakaescolapios.org\\\/ca\\\/es\\\/#\\\/schema\\\/logo\\\/image\\\/\"}},{\"@type\":\"Person\",\"@id\":\"https:\\\/\\\/www.itakaescolapios.org\\\/es\\\/#\\\/schema\\\/person\\\/d2844383e29bfdfef69039672ce14eb1\",\"name\":\"cameroun01\",\"url\":\"https:\\\/\\\/www.itakaescolapios.org\\\/ca\\\/author\\\/cameroun01\\\/\"}]}<\/script>\n<!-- \/ Yoast SEO plugin. -->","yoast_head_json":{"title":"- Itaka-Escolapios","description":"[:fr]Ce jour s\u2019est tenue \u00e0 Bafia la formation des enseignants du COSCABIC par le secr\u00e9taire provincial en charge de l\u2019animation et l\u2019innovation p\u00e9dagogique par ailleurs assistant provincial du minist\u00e8re et de la mission partag\u00e9e dans la Province Piariste d\u2019Afrique Centrale. Celle ci portait sur l\u2019\u00e9laboration du projet \u00e9ducatif et pastoral en tenant compte des cl\u00e9s&hellip;","robots":{"index":"index","follow":"follow","max-snippet":"max-snippet:-1","max-image-preview":"max-image-preview:large","max-video-preview":"max-video-preview:-1"},"canonical":"[:fr]Ce jour s\u2019est tenue \u00e0 Bafia la formation des enseignants du COSCABIC par le secr\u00e9taire provincial en charge de l\u2019animation et l\u2019innovation p\u00e9dagogique par ailleurs assistant provincial du minist\u00e8re et de la mission partag\u00e9e dans la Province Piariste d\u2019Afrique Centrale. Celle ci portait sur l\u2019\u00e9laboration du projet \u00e9ducatif et pastoral en tenant compte des cl\u00e9s&hellip;","og_locale":"ca_ES","og_type":"article","og_title":"- Itaka-Escolapios","og_description":"[:fr]Ce jour s\u2019est tenue \u00e0 Bafia la formation des enseignants du COSCABIC par le secr\u00e9taire provincial en charge de l\u2019animation et l\u2019innovation p\u00e9dagogique par ailleurs assistant provincial du minist\u00e8re et de la mission partag\u00e9e dans la Province Piariste d\u2019Afrique Centrale. Celle ci portait sur l\u2019\u00e9laboration du projet \u00e9ducatif et pastoral en tenant compte des cl\u00e9s&hellip;","og_url":"https:\/\/www.itakaescolapios.org\/ca\/2022\/09\/francais-formation-des-enseignants-du-coscabic-de-bafia-cameroun-par-le-secretaire-provincial-en-charge-de-lanimation-et-linnovation-pedagogique\/","og_site_name":"Itaka-Escolapios","article_published_time":"2022-09-01T16:05:30+00:00","article_modified_time":"2023-11-28T11:35:42+00:00","og_image":[{"width":1280,"height":958,"url":"https:\/\/www.itakaescolapios.org\/wp-content\/uploads\/2022\/09\/WhatsApp-Image-2022-09-01-at-5.00.12-PM-1.jpeg","type":"image\/jpeg"}],"author":"cameroun01","twitter_card":"summary_large_image","twitter_misc":{"Escrit per":"cameroun01","Temps estimat de lectura":"1 minut"},"schema":{"@context":"https:\/\/schema.org","@graph":[{"@type":"Article","@id":"https:\/\/www.itakaescolapios.org\/ca\/2022\/09\/francais-formation-des-enseignants-du-coscabic-de-bafia-cameroun-par-le-secretaire-provincial-en-charge-de-lanimation-et-linnovation-pedagogique\/#article","isPartOf":{"@id":"https:\/\/www.itakaescolapios.org\/ca\/2022\/09\/francais-formation-des-enseignants-du-coscabic-de-bafia-cameroun-par-le-secretaire-provincial-en-charge-de-lanimation-et-linnovation-pedagogique\/"},"author":{"name":"cameroun01","@id":"https:\/\/www.itakaescolapios.org\/es\/#\/schema\/person\/d2844383e29bfdfef69039672ce14eb1"},"headline":"Sense t\u00edtol","datePublished":"2022-09-01T16:05:30+00:00","dateModified":"2023-11-28T11:35:42+00:00","mainEntityOfPage":{"@id":"https:\/\/www.itakaescolapios.org\/ca\/2022\/09\/francais-formation-des-enseignants-du-coscabic-de-bafia-cameroun-par-le-secretaire-provincial-en-charge-de-lanimation-et-linnovation-pedagogique\/"},"wordCount":108,"publisher":{"@id":"https:\/\/www.itakaescolapios.org\/es\/#organization"},"image":{"@id":"https:\/\/www.itakaescolapios.org\/ca\/2022\/09\/francais-formation-des-enseignants-du-coscabic-de-bafia-cameroun-par-le-secretaire-provincial-en-charge-de-lanimation-et-linnovation-pedagogique\/#primaryimage"},"thumbnailUrl":"https:\/\/www.itakaescolapios.org\/wp-content\/uploads\/2022\/09\/WhatsApp-Image-2022-09-01-at-5.00.12-PM-1.jpeg","articleSection":["\u00c1frica Central","Camerun"],"inLanguage":"ca"},{"@type":"WebPage","@id":"https:\/\/www.itakaescolapios.org\/ca\/2022\/09\/francais-formation-des-enseignants-du-coscabic-de-bafia-cameroun-par-le-secretaire-provincial-en-charge-de-lanimation-et-linnovation-pedagogique\/","url":"https:\/\/www.itakaescolapios.org\/ca\/2022\/09\/francais-formation-des-enseignants-du-coscabic-de-bafia-cameroun-par-le-secretaire-provincial-en-charge-de-lanimation-et-linnovation-pedagogique\/","name":"- Itaka-Escolapios","isPartOf":{"@id":"https:\/\/www.itakaescolapios.org\/es\/#website"},"primaryImageOfPage":{"@id":"https:\/\/www.itakaescolapios.org\/ca\/2022\/09\/francais-formation-des-enseignants-du-coscabic-de-bafia-cameroun-par-le-secretaire-provincial-en-charge-de-lanimation-et-linnovation-pedagogique\/#primaryimage"},"image":{"@id":"https:\/\/www.itakaescolapios.org\/ca\/2022\/09\/francais-formation-des-enseignants-du-coscabic-de-bafia-cameroun-par-le-secretaire-provincial-en-charge-de-lanimation-et-linnovation-pedagogique\/#primaryimage"},"thumbnailUrl":"https:\/\/www.itakaescolapios.org\/wp-content\/uploads\/2022\/09\/WhatsApp-Image-2022-09-01-at-5.00.12-PM-1.jpeg","datePublished":"2022-09-01T16:05:30+00:00","dateModified":"2023-11-28T11:35:42+00:00","inLanguage":"ca","potentialAction":[{"@type":"ReadAction","target":["https:\/\/www.itakaescolapios.org\/ca\/2022\/09\/francais-formation-des-enseignants-du-coscabic-de-bafia-cameroun-par-le-secretaire-provincial-en-charge-de-lanimation-et-linnovation-pedagogique\/"]}]},{"@type":"ImageObject","inLanguage":"ca","@id":"https:\/\/www.itakaescolapios.org\/ca\/2022\/09\/francais-formation-des-enseignants-du-coscabic-de-bafia-cameroun-par-le-secretaire-provincial-en-charge-de-lanimation-et-linnovation-pedagogique\/#primaryimage","url":"https:\/\/www.itakaescolapios.org\/wp-content\/uploads\/2022\/09\/WhatsApp-Image-2022-09-01-at-5.00.12-PM-1.jpeg","contentUrl":"https:\/\/www.itakaescolapios.org\/wp-content\/uploads\/2022\/09\/WhatsApp-Image-2022-09-01-at-5.00.12-PM-1.jpeg","width":1280,"height":958},{"@type":"WebSite","@id":"https:\/\/www.itakaescolapios.org\/ca\/es\/#website","url":"https:\/\/www.itakaescolapios.org\/ca\/es\/","name":"Itaka-Escolapios","description":"Red de Itaka-Escolapios","publisher":{"@id":"https:\/\/www.itakaescolapios.org\/ca\/es\/#organization"},"potentialAction":[{"@type":"SearchAction","target":{"@type":"EntryPoint","urlTemplate":"https:\/\/www.itakaescolapios.org\/ca\/es\/?s={search_term_string}"},"query-input":{"@type":"PropertyValueSpecification","valueRequired":true,"valueName":"search_term_string"}}],"inLanguage":"ca"},{"@type":"Organization","@id":"https:\/\/www.itakaescolapios.org\/ca\/es\/#organization","name":"Fundaci\u00f3 Itaka-Escolapios","url":"https:\/\/www.itakaescolapios.org\/ca\/es\/","logo":{"@type":"ImageObject","inLanguage":"ca","@id":"https:\/\/www.itakaescolapios.org\/ca\/es\/#\/schema\/logo\/image\/","url":"https:\/\/www.itakaescolapios.org\/wp-content\/uploads\/2024\/04\/Logo-itakaescolapios-peque.png","contentUrl":"https:\/\/www.itakaescolapios.org\/wp-content\/uploads\/2024\/04\/Logo-itakaescolapios-peque.png","width":500,"height":199,"caption":"Fundaci\u00f3 Itaka-Escolapios"},"image":{"@id":"https:\/\/www.itakaescolapios.org\/ca\/es\/#\/schema\/logo\/image\/"}},{"@type":"Person","@id":"https:\/\/www.itakaescolapios.org\/es\/#\/schema\/person\/d2844383e29bfdfef69039672ce14eb1","name":"cameroun01","url":"https:\/\/www.itakaescolapios.org\/ca\/author\/cameroun01\/"}]}},"_links":{"self":[{"href":"https:\/\/www.itakaescolapios.org\/ca\/wp-json\/wp\/v2\/posts\/37324","targetHints":{"allow":["GET"]}}],"collection":[{"href":"https:\/\/www.itakaescolapios.org\/ca\/wp-json\/wp\/v2\/posts"}],"about":[{"href":"https:\/\/www.itakaescolapios.org\/ca\/wp-json\/wp\/v2\/types\/post"}],"author":[{"embeddable":true,"href":"https:\/\/www.itakaescolapios.org\/ca\/wp-json\/wp\/v2\/users\/15"}],"replies":[{"embeddable":true,"href":"https:\/\/www.itakaescolapios.org\/ca\/wp-json\/wp\/v2\/comments?post=37324"}],"version-history":[{"count":2,"href":"https:\/\/www.itakaescolapios.org\/ca\/wp-json\/wp\/v2\/posts\/37324\/revisions"}],"predecessor-version":[{"id":43843,"href":"https:\/\/www.itakaescolapios.org\/ca\/wp-json\/wp\/v2\/posts\/37324\/revisions\/43843"}],"wp:featuredmedia":[{"embeddable":true,"href":"https:\/\/www.itakaescolapios.org\/ca\/wp-json\/wp\/v2\/media\/37325"}],"wp:attachment":[{"href":"https:\/\/www.itakaescolapios.org\/ca\/wp-json\/wp\/v2\/media?parent=37324"}],"wp:term":[{"taxonomy":"category","embeddable":true,"href":"https:\/\/www.itakaescolapios.org\/ca\/wp-json\/wp\/v2\/categories?post=37324"},{"taxonomy":"post_tag","embeddable":true,"href":"https:\/\/www.itakaescolapios.org\/ca\/wp-json\/wp\/v2\/tags?post=37324"}],"curies":[{"name":"wp","href":"https:\/\/api.w.org\/{rel}","templated":true}]}}