{"id":37387,"date":"2022-09-12T15:30:13","date_gmt":"2022-09-12T14:30:13","guid":{"rendered":"https:\/\/www.itakaescolapios.org\/?p=37387"},"modified":"2023-11-28T12:35:42","modified_gmt":"2023-11-28T11:35:42","slug":"francais-reunion-de-relance-des-volontaires-piaristes-de-malibe","status":"publish","type":"post","link":"https:\/\/www.itakaescolapios.org\/ca\/2022\/09\/francais-reunion-de-relance-des-volontaires-piaristes-de-malibe\/","title":{"rendered":""},"content":{"rendered":"<p>[:fr]Hier 11 septembre 2022, nous avons eu la R\u00e9union de relance\u00a0 des volontaires piaristes de Malib\u00e9. A l&#8217;ordre du jour: Mot de bienvenue du P\u00e8re Emmanuel, Pri\u00e8re d\u2019ouverture faite par le P\u00e8re Serge, la pr\u00e9sentation des participants, le Mot du P\u00e8re Hippolyte responsable des volontaires piaristes du Gabon, la pr\u00e9sentation du bilan des activit\u00e9s par le correspondant ITAKA-Escolapios Gabon, la r\u00e9flexion sur l&#8217;organisation du camp de vacances 2023 avec le contexte des \u00e9lections puis les divers. A cette rencontre nous avons recens\u00e9 15 volontaires piaristes.<\/p>\n<p>La prochaine rencontre a \u00e9t\u00e9 fix\u00e9e pour le 09 octobre prochain \u00e0 14h00 \u00e0 la quasi paroisse saint Joseph Calasanz de Malib\u00e9<\/p>\n<p><img decoding=\"async\" class=\"size-full wp-image-37388 aligncenter\" src=\"https:\/\/www.itakaescolapios.org\/wp-content\/uploads\/2022\/09\/WhatsApp-Image-2022-09-12-at-3.19.44-PM.jpeg\" alt=\"\" width=\"1000\" height=\"439\" srcset=\"https:\/\/www.itakaescolapios.org\/wp-content\/uploads\/2022\/09\/WhatsApp-Image-2022-09-12-at-3.19.44-PM.jpeg 1000w, https:\/\/www.itakaescolapios.org\/wp-content\/uploads\/2022\/09\/WhatsApp-Image-2022-09-12-at-3.19.44-PM-300x132.jpeg 300w, https:\/\/www.itakaescolapios.org\/wp-content\/uploads\/2022\/09\/WhatsApp-Image-2022-09-12-at-3.19.44-PM-768x337.jpeg 768w, https:\/\/www.itakaescolapios.org\/wp-content\/uploads\/2022\/09\/WhatsApp-Image-2022-09-12-at-3.19.44-PM-250x110.jpeg 250w\" sizes=\"(max-width: 1000px) 100vw, 1000px\" \/><\/p>\n<p><img decoding=\"async\" class=\"size-full wp-image-37390 aligncenter\" src=\"https:\/\/www.itakaescolapios.org\/wp-content\/uploads\/2022\/09\/WhatsApp-Image-2022-09-12-at-3.19.42-PM.jpeg\" alt=\"\" width=\"1000\" height=\"439\" srcset=\"https:\/\/www.itakaescolapios.org\/wp-content\/uploads\/2022\/09\/WhatsApp-Image-2022-09-12-at-3.19.42-PM.jpeg 1000w, https:\/\/www.itakaescolapios.org\/wp-content\/uploads\/2022\/09\/WhatsApp-Image-2022-09-12-at-3.19.42-PM-300x132.jpeg 300w, https:\/\/www.itakaescolapios.org\/wp-content\/uploads\/2022\/09\/WhatsApp-Image-2022-09-12-at-3.19.42-PM-768x337.jpeg 768w, https:\/\/www.itakaescolapios.org\/wp-content\/uploads\/2022\/09\/WhatsApp-Image-2022-09-12-at-3.19.42-PM-250x110.jpeg 250w\" sizes=\"(max-width: 1000px) 100vw, 1000px\" \/>[:]<\/p>\n","protected":false},"excerpt":{"rendered":"<p>[:fr]Hier 11 septembre 2022, nous avons eu la R\u00e9union de relance\u00a0 des volontaires piaristes de Malib\u00e9. A l&#8217;ordre du jour: Mot de bienvenue du P\u00e8re Emmanuel, Pri\u00e8re d\u2019ouverture faite par [&hellip;]<\/p>\n","protected":false},"author":15,"featured_media":37391,"comment_status":"closed","ping_status":"closed","sticky":false,"template":"","format":"standard","meta":{"_et_pb_use_builder":"","_et_pb_old_content":"","_et_gb_content_width":"","footnotes":""},"categories":[53,285],"tags":[],"class_list":["post-37387","post","type-post","status-publish","format-standard","has-post-thumbnail","hentry","category-africa-central","category-gabon"],"yoast_head":"<!-- This site is optimized with the Yoast SEO plugin v27.4 - https:\/\/yoast.com\/product\/yoast-seo-wordpress\/ -->\n<title>- Itaka-Escolapios<\/title>\n<meta name=\"description\" content=\"[:fr]Hier 11 septembre 2022, nous avons eu la R\u00e9union de relance\u00a0 des volontaires piaristes de Malib\u00e9. A l&#039;ordre du jour: Mot de bienvenue du P\u00e8re Emmanuel, Pri\u00e8re d\u2019ouverture faite par le P\u00e8re Serge, la pr\u00e9sentation des participants, le Mot du P\u00e8re Hippolyte responsable des volontaires piaristes du Gabon, la pr\u00e9sentation du bilan des activit\u00e9s par&hellip;\" \/>\n<meta name=\"robots\" content=\"index, follow, max-snippet:-1, max-image-preview:large, max-video-preview:-1\" \/>\n<link rel=\"canonical\" href=\"\" \/>\n<meta property=\"og:locale\" content=\"ca_ES\" \/>\n<meta property=\"og:type\" content=\"article\" \/>\n<meta property=\"og:title\" content=\"- Itaka-Escolapios\" \/>\n<meta property=\"og:description\" content=\"[:fr]Hier 11 septembre 2022, nous avons eu la R\u00e9union de relance\u00a0 des volontaires piaristes de Malib\u00e9. A l&#039;ordre du jour: Mot de bienvenue du P\u00e8re Emmanuel, Pri\u00e8re d\u2019ouverture faite par le P\u00e8re Serge, la pr\u00e9sentation des participants, le Mot du P\u00e8re Hippolyte responsable des volontaires piaristes du Gabon, la pr\u00e9sentation du bilan des activit\u00e9s par&hellip;\" \/>\n<meta property=\"og:url\" content=\"https:\/\/www.itakaescolapios.org\/ca\/2022\/09\/francais-reunion-de-relance-des-volontaires-piaristes-de-malibe\/\" \/>\n<meta property=\"og:site_name\" content=\"Itaka-Escolapios\" \/>\n<meta property=\"article:published_time\" content=\"2022-09-12T14:30:13+00:00\" \/>\n<meta property=\"article:modified_time\" content=\"2023-11-28T11:35:42+00:00\" \/>\n<meta property=\"og:image\" content=\"https:\/\/www.itakaescolapios.org\/wp-content\/uploads\/2022\/09\/WhatsApp-Image-2022-09-12-at-3.19.41-PM.jpeg\" \/>\n\t<meta property=\"og:image:width\" content=\"1000\" \/>\n\t<meta property=\"og:image:height\" content=\"439\" \/>\n\t<meta property=\"og:image:type\" content=\"image\/jpeg\" \/>\n<meta name=\"author\" content=\"cameroun01\" \/>\n<meta name=\"twitter:card\" content=\"summary_large_image\" \/>\n<meta name=\"twitter:label1\" content=\"Escrit per\" \/>\n\t<meta name=\"twitter:data1\" content=\"cameroun01\" \/>\n\t<meta name=\"twitter:label2\" content=\"Temps estimat de lectura\" \/>\n\t<meta name=\"twitter:data2\" content=\"1 minut\" \/>\n<script type=\"application\/ld+json\" class=\"yoast-schema-graph\">{\"@context\":\"https:\\\/\\\/schema.org\",\"@graph\":[{\"@type\":\"Article\",\"@id\":\"https:\\\/\\\/www.itakaescolapios.org\\\/ca\\\/2022\\\/09\\\/francais-reunion-de-relance-des-volontaires-piaristes-de-malibe\\\/#article\",\"isPartOf\":{\"@id\":\"https:\\\/\\\/www.itakaescolapios.org\\\/ca\\\/2022\\\/09\\\/francais-reunion-de-relance-des-volontaires-piaristes-de-malibe\\\/\"},\"author\":{\"name\":\"cameroun01\",\"@id\":\"https:\\\/\\\/www.itakaescolapios.org\\\/es\\\/#\\\/schema\\\/person\\\/d2844383e29bfdfef69039672ce14eb1\"},\"headline\":\"Sense t\u00edtol\",\"datePublished\":\"2022-09-12T14:30:13+00:00\",\"dateModified\":\"2023-11-28T11:35:42+00:00\",\"mainEntityOfPage\":{\"@id\":\"https:\\\/\\\/www.itakaescolapios.org\\\/ca\\\/2022\\\/09\\\/francais-reunion-de-relance-des-volontaires-piaristes-de-malibe\\\/\"},\"wordCount\":114,\"publisher\":{\"@id\":\"https:\\\/\\\/www.itakaescolapios.org\\\/es\\\/#organization\"},\"image\":{\"@id\":\"https:\\\/\\\/www.itakaescolapios.org\\\/ca\\\/2022\\\/09\\\/francais-reunion-de-relance-des-volontaires-piaristes-de-malibe\\\/#primaryimage\"},\"thumbnailUrl\":\"https:\\\/\\\/www.itakaescolapios.org\\\/wp-content\\\/uploads\\\/2022\\\/09\\\/WhatsApp-Image-2022-09-12-at-3.19.41-PM.jpeg\",\"articleSection\":[\"\u00c1frica Central\",\"Gab\u00f3n\"],\"inLanguage\":\"ca\"},{\"@type\":\"WebPage\",\"@id\":\"https:\\\/\\\/www.itakaescolapios.org\\\/ca\\\/2022\\\/09\\\/francais-reunion-de-relance-des-volontaires-piaristes-de-malibe\\\/\",\"url\":\"https:\\\/\\\/www.itakaescolapios.org\\\/ca\\\/2022\\\/09\\\/francais-reunion-de-relance-des-volontaires-piaristes-de-malibe\\\/\",\"name\":\"- Itaka-Escolapios\",\"isPartOf\":{\"@id\":\"https:\\\/\\\/www.itakaescolapios.org\\\/es\\\/#website\"},\"primaryImageOfPage\":{\"@id\":\"https:\\\/\\\/www.itakaescolapios.org\\\/ca\\\/2022\\\/09\\\/francais-reunion-de-relance-des-volontaires-piaristes-de-malibe\\\/#primaryimage\"},\"image\":{\"@id\":\"https:\\\/\\\/www.itakaescolapios.org\\\/ca\\\/2022\\\/09\\\/francais-reunion-de-relance-des-volontaires-piaristes-de-malibe\\\/#primaryimage\"},\"thumbnailUrl\":\"https:\\\/\\\/www.itakaescolapios.org\\\/wp-content\\\/uploads\\\/2022\\\/09\\\/WhatsApp-Image-2022-09-12-at-3.19.41-PM.jpeg\",\"datePublished\":\"2022-09-12T14:30:13+00:00\",\"dateModified\":\"2023-11-28T11:35:42+00:00\",\"inLanguage\":\"ca\",\"potentialAction\":[{\"@type\":\"ReadAction\",\"target\":[\"https:\\\/\\\/www.itakaescolapios.org\\\/ca\\\/2022\\\/09\\\/francais-reunion-de-relance-des-volontaires-piaristes-de-malibe\\\/\"]}]},{\"@type\":\"ImageObject\",\"inLanguage\":\"ca\",\"@id\":\"https:\\\/\\\/www.itakaescolapios.org\\\/ca\\\/2022\\\/09\\\/francais-reunion-de-relance-des-volontaires-piaristes-de-malibe\\\/#primaryimage\",\"url\":\"https:\\\/\\\/www.itakaescolapios.org\\\/wp-content\\\/uploads\\\/2022\\\/09\\\/WhatsApp-Image-2022-09-12-at-3.19.41-PM.jpeg\",\"contentUrl\":\"https:\\\/\\\/www.itakaescolapios.org\\\/wp-content\\\/uploads\\\/2022\\\/09\\\/WhatsApp-Image-2022-09-12-at-3.19.41-PM.jpeg\",\"width\":1000,\"height\":439},{\"@type\":\"WebSite\",\"@id\":\"https:\\\/\\\/www.itakaescolapios.org\\\/ca\\\/es\\\/#website\",\"url\":\"https:\\\/\\\/www.itakaescolapios.org\\\/ca\\\/es\\\/\",\"name\":\"Itaka-Escolapios\",\"description\":\"Red de Itaka-Escolapios\",\"publisher\":{\"@id\":\"https:\\\/\\\/www.itakaescolapios.org\\\/ca\\\/es\\\/#organization\"},\"potentialAction\":[{\"@type\":\"SearchAction\",\"target\":{\"@type\":\"EntryPoint\",\"urlTemplate\":\"https:\\\/\\\/www.itakaescolapios.org\\\/ca\\\/es\\\/?s={search_term_string}\"},\"query-input\":{\"@type\":\"PropertyValueSpecification\",\"valueRequired\":true,\"valueName\":\"search_term_string\"}}],\"inLanguage\":\"ca\"},{\"@type\":\"Organization\",\"@id\":\"https:\\\/\\\/www.itakaescolapios.org\\\/ca\\\/es\\\/#organization\",\"name\":\"Fundaci\u00f3 Itaka-Escolapios\",\"url\":\"https:\\\/\\\/www.itakaescolapios.org\\\/ca\\\/es\\\/\",\"logo\":{\"@type\":\"ImageObject\",\"inLanguage\":\"ca\",\"@id\":\"https:\\\/\\\/www.itakaescolapios.org\\\/ca\\\/es\\\/#\\\/schema\\\/logo\\\/image\\\/\",\"url\":\"https:\\\/\\\/www.itakaescolapios.org\\\/wp-content\\\/uploads\\\/2024\\\/04\\\/Logo-itakaescolapios-peque.png\",\"contentUrl\":\"https:\\\/\\\/www.itakaescolapios.org\\\/wp-content\\\/uploads\\\/2024\\\/04\\\/Logo-itakaescolapios-peque.png\",\"width\":500,\"height\":199,\"caption\":\"Fundaci\u00f3 Itaka-Escolapios\"},\"image\":{\"@id\":\"https:\\\/\\\/www.itakaescolapios.org\\\/ca\\\/es\\\/#\\\/schema\\\/logo\\\/image\\\/\"}},{\"@type\":\"Person\",\"@id\":\"https:\\\/\\\/www.itakaescolapios.org\\\/es\\\/#\\\/schema\\\/person\\\/d2844383e29bfdfef69039672ce14eb1\",\"name\":\"cameroun01\",\"url\":\"https:\\\/\\\/www.itakaescolapios.org\\\/ca\\\/author\\\/cameroun01\\\/\"}]}<\/script>\n<!-- \/ Yoast SEO plugin. -->","yoast_head_json":{"title":"- Itaka-Escolapios","description":"[:fr]Hier 11 septembre 2022, nous avons eu la R\u00e9union de relance\u00a0 des volontaires piaristes de Malib\u00e9. A l'ordre du jour: Mot de bienvenue du P\u00e8re Emmanuel, Pri\u00e8re d\u2019ouverture faite par le P\u00e8re Serge, la pr\u00e9sentation des participants, le Mot du P\u00e8re Hippolyte responsable des volontaires piaristes du Gabon, la pr\u00e9sentation du bilan des activit\u00e9s par&hellip;","robots":{"index":"index","follow":"follow","max-snippet":"max-snippet:-1","max-image-preview":"max-image-preview:large","max-video-preview":"max-video-preview:-1"},"canonical":"[:fr]Hier 11 septembre 2022, nous avons eu la R\u00e9union de relance\u00a0 des volontaires piaristes de Malib\u00e9. A l'ordre du jour: Mot de bienvenue du P\u00e8re Emmanuel, Pri\u00e8re d\u2019ouverture faite par le P\u00e8re Serge, la pr\u00e9sentation des participants, le Mot du P\u00e8re Hippolyte responsable des volontaires piaristes du Gabon, la pr\u00e9sentation du bilan des activit\u00e9s par&hellip;","og_locale":"ca_ES","og_type":"article","og_title":"- Itaka-Escolapios","og_description":"[:fr]Hier 11 septembre 2022, nous avons eu la R\u00e9union de relance\u00a0 des volontaires piaristes de Malib\u00e9. A l'ordre du jour: Mot de bienvenue du P\u00e8re Emmanuel, Pri\u00e8re d\u2019ouverture faite par le P\u00e8re Serge, la pr\u00e9sentation des participants, le Mot du P\u00e8re Hippolyte responsable des volontaires piaristes du Gabon, la pr\u00e9sentation du bilan des activit\u00e9s par&hellip;","og_url":"https:\/\/www.itakaescolapios.org\/ca\/2022\/09\/francais-reunion-de-relance-des-volontaires-piaristes-de-malibe\/","og_site_name":"Itaka-Escolapios","article_published_time":"2022-09-12T14:30:13+00:00","article_modified_time":"2023-11-28T11:35:42+00:00","og_image":[{"width":1000,"height":439,"url":"https:\/\/www.itakaescolapios.org\/wp-content\/uploads\/2022\/09\/WhatsApp-Image-2022-09-12-at-3.19.41-PM.jpeg","type":"image\/jpeg"}],"author":"cameroun01","twitter_card":"summary_large_image","twitter_misc":{"Escrit per":"cameroun01","Temps estimat de lectura":"1 minut"},"schema":{"@context":"https:\/\/schema.org","@graph":[{"@type":"Article","@id":"https:\/\/www.itakaescolapios.org\/ca\/2022\/09\/francais-reunion-de-relance-des-volontaires-piaristes-de-malibe\/#article","isPartOf":{"@id":"https:\/\/www.itakaescolapios.org\/ca\/2022\/09\/francais-reunion-de-relance-des-volontaires-piaristes-de-malibe\/"},"author":{"name":"cameroun01","@id":"https:\/\/www.itakaescolapios.org\/es\/#\/schema\/person\/d2844383e29bfdfef69039672ce14eb1"},"headline":"Sense t\u00edtol","datePublished":"2022-09-12T14:30:13+00:00","dateModified":"2023-11-28T11:35:42+00:00","mainEntityOfPage":{"@id":"https:\/\/www.itakaescolapios.org\/ca\/2022\/09\/francais-reunion-de-relance-des-volontaires-piaristes-de-malibe\/"},"wordCount":114,"publisher":{"@id":"https:\/\/www.itakaescolapios.org\/es\/#organization"},"image":{"@id":"https:\/\/www.itakaescolapios.org\/ca\/2022\/09\/francais-reunion-de-relance-des-volontaires-piaristes-de-malibe\/#primaryimage"},"thumbnailUrl":"https:\/\/www.itakaescolapios.org\/wp-content\/uploads\/2022\/09\/WhatsApp-Image-2022-09-12-at-3.19.41-PM.jpeg","articleSection":["\u00c1frica Central","Gab\u00f3n"],"inLanguage":"ca"},{"@type":"WebPage","@id":"https:\/\/www.itakaescolapios.org\/ca\/2022\/09\/francais-reunion-de-relance-des-volontaires-piaristes-de-malibe\/","url":"https:\/\/www.itakaescolapios.org\/ca\/2022\/09\/francais-reunion-de-relance-des-volontaires-piaristes-de-malibe\/","name":"- Itaka-Escolapios","isPartOf":{"@id":"https:\/\/www.itakaescolapios.org\/es\/#website"},"primaryImageOfPage":{"@id":"https:\/\/www.itakaescolapios.org\/ca\/2022\/09\/francais-reunion-de-relance-des-volontaires-piaristes-de-malibe\/#primaryimage"},"image":{"@id":"https:\/\/www.itakaescolapios.org\/ca\/2022\/09\/francais-reunion-de-relance-des-volontaires-piaristes-de-malibe\/#primaryimage"},"thumbnailUrl":"https:\/\/www.itakaescolapios.org\/wp-content\/uploads\/2022\/09\/WhatsApp-Image-2022-09-12-at-3.19.41-PM.jpeg","datePublished":"2022-09-12T14:30:13+00:00","dateModified":"2023-11-28T11:35:42+00:00","inLanguage":"ca","potentialAction":[{"@type":"ReadAction","target":["https:\/\/www.itakaescolapios.org\/ca\/2022\/09\/francais-reunion-de-relance-des-volontaires-piaristes-de-malibe\/"]}]},{"@type":"ImageObject","inLanguage":"ca","@id":"https:\/\/www.itakaescolapios.org\/ca\/2022\/09\/francais-reunion-de-relance-des-volontaires-piaristes-de-malibe\/#primaryimage","url":"https:\/\/www.itakaescolapios.org\/wp-content\/uploads\/2022\/09\/WhatsApp-Image-2022-09-12-at-3.19.41-PM.jpeg","contentUrl":"https:\/\/www.itakaescolapios.org\/wp-content\/uploads\/2022\/09\/WhatsApp-Image-2022-09-12-at-3.19.41-PM.jpeg","width":1000,"height":439},{"@type":"WebSite","@id":"https:\/\/www.itakaescolapios.org\/ca\/es\/#website","url":"https:\/\/www.itakaescolapios.org\/ca\/es\/","name":"Itaka-Escolapios","description":"Red de Itaka-Escolapios","publisher":{"@id":"https:\/\/www.itakaescolapios.org\/ca\/es\/#organization"},"potentialAction":[{"@type":"SearchAction","target":{"@type":"EntryPoint","urlTemplate":"https:\/\/www.itakaescolapios.org\/ca\/es\/?s={search_term_string}"},"query-input":{"@type":"PropertyValueSpecification","valueRequired":true,"valueName":"search_term_string"}}],"inLanguage":"ca"},{"@type":"Organization","@id":"https:\/\/www.itakaescolapios.org\/ca\/es\/#organization","name":"Fundaci\u00f3 Itaka-Escolapios","url":"https:\/\/www.itakaescolapios.org\/ca\/es\/","logo":{"@type":"ImageObject","inLanguage":"ca","@id":"https:\/\/www.itakaescolapios.org\/ca\/es\/#\/schema\/logo\/image\/","url":"https:\/\/www.itakaescolapios.org\/wp-content\/uploads\/2024\/04\/Logo-itakaescolapios-peque.png","contentUrl":"https:\/\/www.itakaescolapios.org\/wp-content\/uploads\/2024\/04\/Logo-itakaescolapios-peque.png","width":500,"height":199,"caption":"Fundaci\u00f3 Itaka-Escolapios"},"image":{"@id":"https:\/\/www.itakaescolapios.org\/ca\/es\/#\/schema\/logo\/image\/"}},{"@type":"Person","@id":"https:\/\/www.itakaescolapios.org\/es\/#\/schema\/person\/d2844383e29bfdfef69039672ce14eb1","name":"cameroun01","url":"https:\/\/www.itakaescolapios.org\/ca\/author\/cameroun01\/"}]}},"_links":{"self":[{"href":"https:\/\/www.itakaescolapios.org\/ca\/wp-json\/wp\/v2\/posts\/37387","targetHints":{"allow":["GET"]}}],"collection":[{"href":"https:\/\/www.itakaescolapios.org\/ca\/wp-json\/wp\/v2\/posts"}],"about":[{"href":"https:\/\/www.itakaescolapios.org\/ca\/wp-json\/wp\/v2\/types\/post"}],"author":[{"embeddable":true,"href":"https:\/\/www.itakaescolapios.org\/ca\/wp-json\/wp\/v2\/users\/15"}],"replies":[{"embeddable":true,"href":"https:\/\/www.itakaescolapios.org\/ca\/wp-json\/wp\/v2\/comments?post=37387"}],"version-history":[{"count":3,"href":"https:\/\/www.itakaescolapios.org\/ca\/wp-json\/wp\/v2\/posts\/37387\/revisions"}],"predecessor-version":[{"id":43838,"href":"https:\/\/www.itakaescolapios.org\/ca\/wp-json\/wp\/v2\/posts\/37387\/revisions\/43838"}],"wp:featuredmedia":[{"embeddable":true,"href":"https:\/\/www.itakaescolapios.org\/ca\/wp-json\/wp\/v2\/media\/37391"}],"wp:attachment":[{"href":"https:\/\/www.itakaescolapios.org\/ca\/wp-json\/wp\/v2\/media?parent=37387"}],"wp:term":[{"taxonomy":"category","embeddable":true,"href":"https:\/\/www.itakaescolapios.org\/ca\/wp-json\/wp\/v2\/categories?post=37387"},{"taxonomy":"post_tag","embeddable":true,"href":"https:\/\/www.itakaescolapios.org\/ca\/wp-json\/wp\/v2\/tags?post=37387"}],"curies":[{"name":"wp","href":"https:\/\/api.w.org\/{rel}","templated":true}]}}