{"id":37408,"date":"2022-09-14T12:02:03","date_gmt":"2022-09-14T11:02:03","guid":{"rendered":"https:\/\/www.itakaescolapios.org\/?p=37408"},"modified":"2023-11-28T12:35:42","modified_gmt":"2023-11-28T11:35:42","slug":"francais-messe-de-rentree-scolaire-au-complexe-scolaire-calasanz-de-malibe","status":"publish","type":"post","link":"https:\/\/www.itakaescolapios.org\/ca\/2022\/09\/francais-messe-de-rentree-scolaire-au-complexe-scolaire-calasanz-de-malibe\/","title":{"rendered":""},"content":{"rendered":"<p>[:fr]Ce Mercredi 14 septembre 2022, a eu lieu la messe de rentr\u00e9e scolaire au Complexe Scolaire Calasanz de Malib\u00e9. En ce jour de f\u00eate, d&#8217;exaltation de la croix nous avons eu \u00e0 l&#8217;int\u00e9rieur de la quasi paroisse Saint Joseph Calasanz de Malib\u00e9 la messe de rentr\u00e9e scolaire 2022-2023. Messe dirig\u00e9e par le P\u00e8re Serge Andr\u00e9 FOUDA directeur du Complexe Scolaire Calasanz de Malib\u00e91. Pendant son hom\u00e9lie, le p\u00e8re serge nous a rappel\u00e9 que Dieu est venu dans le monde pour prendre sur lui nos p\u00e9ch\u00e9s au point de devenir p\u00e9ch\u00e9. Nous devons nous habituer \u00e0 regarder le crucifi\u00e9 dans cette lumi\u00e8re, qui est la lumi\u00e8re la plus vraie, c&#8217;est la lumi\u00e8re de la r\u00e9demption.<\/p>\n<p><img decoding=\"async\" class=\"size-full wp-image-3201 aligncenter\" src=\"https:\/\/piaristesafriquecentrale.org\/wp-content\/uploads\/2022\/09\/WhatsApp-Image-2022-09-14-at-10.01.17-AM.jpeg\" alt=\"\" width=\"1000\" height=\"752\" \/><\/p>\n<p><img decoding=\"async\" class=\"size-full wp-image-3203 aligncenter\" src=\"https:\/\/piaristesafriquecentrale.org\/wp-content\/uploads\/2022\/09\/WhatsApp-Image-2022-09-14-at-10.01.13-AM-1.jpeg\" alt=\"\" width=\"1000\" height=\"752\" \/><\/p>\n<p><img decoding=\"async\" class=\"size-full wp-image-3204 aligncenter\" src=\"https:\/\/piaristesafriquecentrale.org\/wp-content\/uploads\/2022\/09\/WhatsApp-Image-2022-09-14-at-10.01.13-AM.jpeg\" alt=\"\" width=\"1000\" height=\"752\" \/>[:]<\/p>\n","protected":false},"excerpt":{"rendered":"<p>[:fr]Ce Mercredi 14 septembre 2022, a eu lieu la messe de rentr\u00e9e scolaire au Complexe Scolaire Calasanz de Malib\u00e9. En ce jour de f\u00eate, d&#8217;exaltation de la croix nous avons [&hellip;]<\/p>\n","protected":false},"author":15,"featured_media":37409,"comment_status":"closed","ping_status":"closed","sticky":false,"template":"","format":"standard","meta":{"_et_pb_use_builder":"","_et_pb_old_content":"","_et_gb_content_width":"","footnotes":""},"categories":[53,285],"tags":[],"class_list":["post-37408","post","type-post","status-publish","format-standard","has-post-thumbnail","hentry","category-africa-central","category-gabon"],"yoast_head":"<!-- This site is optimized with the Yoast SEO plugin v27.4 - https:\/\/yoast.com\/product\/yoast-seo-wordpress\/ -->\n<title>- Itaka-Escolapios<\/title>\n<meta name=\"description\" content=\"[:fr]Ce Mercredi 14 septembre 2022, a eu lieu la messe de rentr\u00e9e scolaire au Complexe Scolaire Calasanz de Malib\u00e9. En ce jour de f\u00eate, d&#039;exaltation de la croix nous avons eu \u00e0 l&#039;int\u00e9rieur de la quasi paroisse Saint Joseph Calasanz de Malib\u00e9 la messe de rentr\u00e9e scolaire 2022-2023. Messe dirig\u00e9e par le P\u00e8re Serge Andr\u00e9&hellip;\" \/>\n<meta name=\"robots\" content=\"index, follow, max-snippet:-1, max-image-preview:large, max-video-preview:-1\" \/>\n<link rel=\"canonical\" href=\"\" \/>\n<meta property=\"og:locale\" content=\"ca_ES\" \/>\n<meta property=\"og:type\" content=\"article\" \/>\n<meta property=\"og:title\" content=\"- Itaka-Escolapios\" \/>\n<meta property=\"og:description\" content=\"[:fr]Ce Mercredi 14 septembre 2022, a eu lieu la messe de rentr\u00e9e scolaire au Complexe Scolaire Calasanz de Malib\u00e9. En ce jour de f\u00eate, d&#039;exaltation de la croix nous avons eu \u00e0 l&#039;int\u00e9rieur de la quasi paroisse Saint Joseph Calasanz de Malib\u00e9 la messe de rentr\u00e9e scolaire 2022-2023. Messe dirig\u00e9e par le P\u00e8re Serge Andr\u00e9&hellip;\" \/>\n<meta property=\"og:url\" content=\"https:\/\/www.itakaescolapios.org\/ca\/2022\/09\/francais-messe-de-rentree-scolaire-au-complexe-scolaire-calasanz-de-malibe\/\" \/>\n<meta property=\"og:site_name\" content=\"Itaka-Escolapios\" \/>\n<meta property=\"article:published_time\" content=\"2022-09-14T11:02:03+00:00\" \/>\n<meta property=\"article:modified_time\" content=\"2023-11-28T11:35:42+00:00\" \/>\n<meta property=\"og:image\" content=\"https:\/\/www.itakaescolapios.org\/wp-content\/uploads\/2022\/09\/WhatsApp-Image-2022-09-14-at-10.01.08-AM-1.jpeg\" \/>\n\t<meta property=\"og:image:width\" content=\"1000\" \/>\n\t<meta property=\"og:image:height\" content=\"752\" \/>\n\t<meta property=\"og:image:type\" content=\"image\/jpeg\" \/>\n<meta name=\"author\" content=\"cameroun01\" \/>\n<meta name=\"twitter:card\" content=\"summary_large_image\" \/>\n<meta name=\"twitter:label1\" content=\"Escrit per\" \/>\n\t<meta name=\"twitter:data1\" content=\"cameroun01\" \/>\n\t<meta name=\"twitter:label2\" content=\"Temps estimat de lectura\" \/>\n\t<meta name=\"twitter:data2\" content=\"1 minut\" \/>\n<script type=\"application\/ld+json\" class=\"yoast-schema-graph\">{\"@context\":\"https:\\\/\\\/schema.org\",\"@graph\":[{\"@type\":\"Article\",\"@id\":\"https:\\\/\\\/www.itakaescolapios.org\\\/ca\\\/2022\\\/09\\\/francais-messe-de-rentree-scolaire-au-complexe-scolaire-calasanz-de-malibe\\\/#article\",\"isPartOf\":{\"@id\":\"https:\\\/\\\/www.itakaescolapios.org\\\/ca\\\/2022\\\/09\\\/francais-messe-de-rentree-scolaire-au-complexe-scolaire-calasanz-de-malibe\\\/\"},\"author\":{\"name\":\"cameroun01\",\"@id\":\"https:\\\/\\\/www.itakaescolapios.org\\\/es\\\/#\\\/schema\\\/person\\\/d2844383e29bfdfef69039672ce14eb1\"},\"headline\":\"Sense t\u00edtol\",\"datePublished\":\"2022-09-14T11:02:03+00:00\",\"dateModified\":\"2023-11-28T11:35:42+00:00\",\"mainEntityOfPage\":{\"@id\":\"https:\\\/\\\/www.itakaescolapios.org\\\/ca\\\/2022\\\/09\\\/francais-messe-de-rentree-scolaire-au-complexe-scolaire-calasanz-de-malibe\\\/\"},\"wordCount\":129,\"publisher\":{\"@id\":\"https:\\\/\\\/www.itakaescolapios.org\\\/es\\\/#organization\"},\"image\":{\"@id\":\"https:\\\/\\\/www.itakaescolapios.org\\\/ca\\\/2022\\\/09\\\/francais-messe-de-rentree-scolaire-au-complexe-scolaire-calasanz-de-malibe\\\/#primaryimage\"},\"thumbnailUrl\":\"https:\\\/\\\/www.itakaescolapios.org\\\/wp-content\\\/uploads\\\/2022\\\/09\\\/WhatsApp-Image-2022-09-14-at-10.01.08-AM-1.jpeg\",\"articleSection\":[\"\u00c1frica Central\",\"Gab\u00f3n\"],\"inLanguage\":\"ca\"},{\"@type\":\"WebPage\",\"@id\":\"https:\\\/\\\/www.itakaescolapios.org\\\/ca\\\/2022\\\/09\\\/francais-messe-de-rentree-scolaire-au-complexe-scolaire-calasanz-de-malibe\\\/\",\"url\":\"https:\\\/\\\/www.itakaescolapios.org\\\/ca\\\/2022\\\/09\\\/francais-messe-de-rentree-scolaire-au-complexe-scolaire-calasanz-de-malibe\\\/\",\"name\":\"- Itaka-Escolapios\",\"isPartOf\":{\"@id\":\"https:\\\/\\\/www.itakaescolapios.org\\\/es\\\/#website\"},\"primaryImageOfPage\":{\"@id\":\"https:\\\/\\\/www.itakaescolapios.org\\\/ca\\\/2022\\\/09\\\/francais-messe-de-rentree-scolaire-au-complexe-scolaire-calasanz-de-malibe\\\/#primaryimage\"},\"image\":{\"@id\":\"https:\\\/\\\/www.itakaescolapios.org\\\/ca\\\/2022\\\/09\\\/francais-messe-de-rentree-scolaire-au-complexe-scolaire-calasanz-de-malibe\\\/#primaryimage\"},\"thumbnailUrl\":\"https:\\\/\\\/www.itakaescolapios.org\\\/wp-content\\\/uploads\\\/2022\\\/09\\\/WhatsApp-Image-2022-09-14-at-10.01.08-AM-1.jpeg\",\"datePublished\":\"2022-09-14T11:02:03+00:00\",\"dateModified\":\"2023-11-28T11:35:42+00:00\",\"inLanguage\":\"ca\",\"potentialAction\":[{\"@type\":\"ReadAction\",\"target\":[\"https:\\\/\\\/www.itakaescolapios.org\\\/ca\\\/2022\\\/09\\\/francais-messe-de-rentree-scolaire-au-complexe-scolaire-calasanz-de-malibe\\\/\"]}]},{\"@type\":\"ImageObject\",\"inLanguage\":\"ca\",\"@id\":\"https:\\\/\\\/www.itakaescolapios.org\\\/ca\\\/2022\\\/09\\\/francais-messe-de-rentree-scolaire-au-complexe-scolaire-calasanz-de-malibe\\\/#primaryimage\",\"url\":\"https:\\\/\\\/www.itakaescolapios.org\\\/wp-content\\\/uploads\\\/2022\\\/09\\\/WhatsApp-Image-2022-09-14-at-10.01.08-AM-1.jpeg\",\"contentUrl\":\"https:\\\/\\\/www.itakaescolapios.org\\\/wp-content\\\/uploads\\\/2022\\\/09\\\/WhatsApp-Image-2022-09-14-at-10.01.08-AM-1.jpeg\",\"width\":1000,\"height\":752},{\"@type\":\"WebSite\",\"@id\":\"https:\\\/\\\/www.itakaescolapios.org\\\/ca\\\/es\\\/#website\",\"url\":\"https:\\\/\\\/www.itakaescolapios.org\\\/ca\\\/es\\\/\",\"name\":\"Itaka-Escolapios\",\"description\":\"Red de Itaka-Escolapios\",\"publisher\":{\"@id\":\"https:\\\/\\\/www.itakaescolapios.org\\\/ca\\\/es\\\/#organization\"},\"potentialAction\":[{\"@type\":\"SearchAction\",\"target\":{\"@type\":\"EntryPoint\",\"urlTemplate\":\"https:\\\/\\\/www.itakaescolapios.org\\\/ca\\\/es\\\/?s={search_term_string}\"},\"query-input\":{\"@type\":\"PropertyValueSpecification\",\"valueRequired\":true,\"valueName\":\"search_term_string\"}}],\"inLanguage\":\"ca\"},{\"@type\":\"Organization\",\"@id\":\"https:\\\/\\\/www.itakaescolapios.org\\\/ca\\\/es\\\/#organization\",\"name\":\"Fundaci\u00f3 Itaka-Escolapios\",\"url\":\"https:\\\/\\\/www.itakaescolapios.org\\\/ca\\\/es\\\/\",\"logo\":{\"@type\":\"ImageObject\",\"inLanguage\":\"ca\",\"@id\":\"https:\\\/\\\/www.itakaescolapios.org\\\/ca\\\/es\\\/#\\\/schema\\\/logo\\\/image\\\/\",\"url\":\"https:\\\/\\\/www.itakaescolapios.org\\\/wp-content\\\/uploads\\\/2024\\\/04\\\/Logo-itakaescolapios-peque.png\",\"contentUrl\":\"https:\\\/\\\/www.itakaescolapios.org\\\/wp-content\\\/uploads\\\/2024\\\/04\\\/Logo-itakaescolapios-peque.png\",\"width\":500,\"height\":199,\"caption\":\"Fundaci\u00f3 Itaka-Escolapios\"},\"image\":{\"@id\":\"https:\\\/\\\/www.itakaescolapios.org\\\/ca\\\/es\\\/#\\\/schema\\\/logo\\\/image\\\/\"}},{\"@type\":\"Person\",\"@id\":\"https:\\\/\\\/www.itakaescolapios.org\\\/es\\\/#\\\/schema\\\/person\\\/d2844383e29bfdfef69039672ce14eb1\",\"name\":\"cameroun01\",\"url\":\"https:\\\/\\\/www.itakaescolapios.org\\\/ca\\\/author\\\/cameroun01\\\/\"}]}<\/script>\n<!-- \/ Yoast SEO plugin. -->","yoast_head_json":{"title":"- Itaka-Escolapios","description":"[:fr]Ce Mercredi 14 septembre 2022, a eu lieu la messe de rentr\u00e9e scolaire au Complexe Scolaire Calasanz de Malib\u00e9. En ce jour de f\u00eate, d'exaltation de la croix nous avons eu \u00e0 l'int\u00e9rieur de la quasi paroisse Saint Joseph Calasanz de Malib\u00e9 la messe de rentr\u00e9e scolaire 2022-2023. Messe dirig\u00e9e par le P\u00e8re Serge Andr\u00e9&hellip;","robots":{"index":"index","follow":"follow","max-snippet":"max-snippet:-1","max-image-preview":"max-image-preview:large","max-video-preview":"max-video-preview:-1"},"canonical":"[:fr]Ce Mercredi 14 septembre 2022, a eu lieu la messe de rentr\u00e9e scolaire au Complexe Scolaire Calasanz de Malib\u00e9. En ce jour de f\u00eate, d'exaltation de la croix nous avons eu \u00e0 l'int\u00e9rieur de la quasi paroisse Saint Joseph Calasanz de Malib\u00e9 la messe de rentr\u00e9e scolaire 2022-2023. Messe dirig\u00e9e par le P\u00e8re Serge Andr\u00e9&hellip;","og_locale":"ca_ES","og_type":"article","og_title":"- Itaka-Escolapios","og_description":"[:fr]Ce Mercredi 14 septembre 2022, a eu lieu la messe de rentr\u00e9e scolaire au Complexe Scolaire Calasanz de Malib\u00e9. En ce jour de f\u00eate, d'exaltation de la croix nous avons eu \u00e0 l'int\u00e9rieur de la quasi paroisse Saint Joseph Calasanz de Malib\u00e9 la messe de rentr\u00e9e scolaire 2022-2023. Messe dirig\u00e9e par le P\u00e8re Serge Andr\u00e9&hellip;","og_url":"https:\/\/www.itakaescolapios.org\/ca\/2022\/09\/francais-messe-de-rentree-scolaire-au-complexe-scolaire-calasanz-de-malibe\/","og_site_name":"Itaka-Escolapios","article_published_time":"2022-09-14T11:02:03+00:00","article_modified_time":"2023-11-28T11:35:42+00:00","og_image":[{"width":1000,"height":752,"url":"https:\/\/www.itakaescolapios.org\/wp-content\/uploads\/2022\/09\/WhatsApp-Image-2022-09-14-at-10.01.08-AM-1.jpeg","type":"image\/jpeg"}],"author":"cameroun01","twitter_card":"summary_large_image","twitter_misc":{"Escrit per":"cameroun01","Temps estimat de lectura":"1 minut"},"schema":{"@context":"https:\/\/schema.org","@graph":[{"@type":"Article","@id":"https:\/\/www.itakaescolapios.org\/ca\/2022\/09\/francais-messe-de-rentree-scolaire-au-complexe-scolaire-calasanz-de-malibe\/#article","isPartOf":{"@id":"https:\/\/www.itakaescolapios.org\/ca\/2022\/09\/francais-messe-de-rentree-scolaire-au-complexe-scolaire-calasanz-de-malibe\/"},"author":{"name":"cameroun01","@id":"https:\/\/www.itakaescolapios.org\/es\/#\/schema\/person\/d2844383e29bfdfef69039672ce14eb1"},"headline":"Sense t\u00edtol","datePublished":"2022-09-14T11:02:03+00:00","dateModified":"2023-11-28T11:35:42+00:00","mainEntityOfPage":{"@id":"https:\/\/www.itakaescolapios.org\/ca\/2022\/09\/francais-messe-de-rentree-scolaire-au-complexe-scolaire-calasanz-de-malibe\/"},"wordCount":129,"publisher":{"@id":"https:\/\/www.itakaescolapios.org\/es\/#organization"},"image":{"@id":"https:\/\/www.itakaescolapios.org\/ca\/2022\/09\/francais-messe-de-rentree-scolaire-au-complexe-scolaire-calasanz-de-malibe\/#primaryimage"},"thumbnailUrl":"https:\/\/www.itakaescolapios.org\/wp-content\/uploads\/2022\/09\/WhatsApp-Image-2022-09-14-at-10.01.08-AM-1.jpeg","articleSection":["\u00c1frica Central","Gab\u00f3n"],"inLanguage":"ca"},{"@type":"WebPage","@id":"https:\/\/www.itakaescolapios.org\/ca\/2022\/09\/francais-messe-de-rentree-scolaire-au-complexe-scolaire-calasanz-de-malibe\/","url":"https:\/\/www.itakaescolapios.org\/ca\/2022\/09\/francais-messe-de-rentree-scolaire-au-complexe-scolaire-calasanz-de-malibe\/","name":"- Itaka-Escolapios","isPartOf":{"@id":"https:\/\/www.itakaescolapios.org\/es\/#website"},"primaryImageOfPage":{"@id":"https:\/\/www.itakaescolapios.org\/ca\/2022\/09\/francais-messe-de-rentree-scolaire-au-complexe-scolaire-calasanz-de-malibe\/#primaryimage"},"image":{"@id":"https:\/\/www.itakaescolapios.org\/ca\/2022\/09\/francais-messe-de-rentree-scolaire-au-complexe-scolaire-calasanz-de-malibe\/#primaryimage"},"thumbnailUrl":"https:\/\/www.itakaescolapios.org\/wp-content\/uploads\/2022\/09\/WhatsApp-Image-2022-09-14-at-10.01.08-AM-1.jpeg","datePublished":"2022-09-14T11:02:03+00:00","dateModified":"2023-11-28T11:35:42+00:00","inLanguage":"ca","potentialAction":[{"@type":"ReadAction","target":["https:\/\/www.itakaescolapios.org\/ca\/2022\/09\/francais-messe-de-rentree-scolaire-au-complexe-scolaire-calasanz-de-malibe\/"]}]},{"@type":"ImageObject","inLanguage":"ca","@id":"https:\/\/www.itakaescolapios.org\/ca\/2022\/09\/francais-messe-de-rentree-scolaire-au-complexe-scolaire-calasanz-de-malibe\/#primaryimage","url":"https:\/\/www.itakaescolapios.org\/wp-content\/uploads\/2022\/09\/WhatsApp-Image-2022-09-14-at-10.01.08-AM-1.jpeg","contentUrl":"https:\/\/www.itakaescolapios.org\/wp-content\/uploads\/2022\/09\/WhatsApp-Image-2022-09-14-at-10.01.08-AM-1.jpeg","width":1000,"height":752},{"@type":"WebSite","@id":"https:\/\/www.itakaescolapios.org\/ca\/es\/#website","url":"https:\/\/www.itakaescolapios.org\/ca\/es\/","name":"Itaka-Escolapios","description":"Red de Itaka-Escolapios","publisher":{"@id":"https:\/\/www.itakaescolapios.org\/ca\/es\/#organization"},"potentialAction":[{"@type":"SearchAction","target":{"@type":"EntryPoint","urlTemplate":"https:\/\/www.itakaescolapios.org\/ca\/es\/?s={search_term_string}"},"query-input":{"@type":"PropertyValueSpecification","valueRequired":true,"valueName":"search_term_string"}}],"inLanguage":"ca"},{"@type":"Organization","@id":"https:\/\/www.itakaescolapios.org\/ca\/es\/#organization","name":"Fundaci\u00f3 Itaka-Escolapios","url":"https:\/\/www.itakaescolapios.org\/ca\/es\/","logo":{"@type":"ImageObject","inLanguage":"ca","@id":"https:\/\/www.itakaescolapios.org\/ca\/es\/#\/schema\/logo\/image\/","url":"https:\/\/www.itakaescolapios.org\/wp-content\/uploads\/2024\/04\/Logo-itakaescolapios-peque.png","contentUrl":"https:\/\/www.itakaescolapios.org\/wp-content\/uploads\/2024\/04\/Logo-itakaescolapios-peque.png","width":500,"height":199,"caption":"Fundaci\u00f3 Itaka-Escolapios"},"image":{"@id":"https:\/\/www.itakaescolapios.org\/ca\/es\/#\/schema\/logo\/image\/"}},{"@type":"Person","@id":"https:\/\/www.itakaescolapios.org\/es\/#\/schema\/person\/d2844383e29bfdfef69039672ce14eb1","name":"cameroun01","url":"https:\/\/www.itakaescolapios.org\/ca\/author\/cameroun01\/"}]}},"_links":{"self":[{"href":"https:\/\/www.itakaescolapios.org\/ca\/wp-json\/wp\/v2\/posts\/37408","targetHints":{"allow":["GET"]}}],"collection":[{"href":"https:\/\/www.itakaescolapios.org\/ca\/wp-json\/wp\/v2\/posts"}],"about":[{"href":"https:\/\/www.itakaescolapios.org\/ca\/wp-json\/wp\/v2\/types\/post"}],"author":[{"embeddable":true,"href":"https:\/\/www.itakaescolapios.org\/ca\/wp-json\/wp\/v2\/users\/15"}],"replies":[{"embeddable":true,"href":"https:\/\/www.itakaescolapios.org\/ca\/wp-json\/wp\/v2\/comments?post=37408"}],"version-history":[{"count":2,"href":"https:\/\/www.itakaescolapios.org\/ca\/wp-json\/wp\/v2\/posts\/37408\/revisions"}],"predecessor-version":[{"id":43835,"href":"https:\/\/www.itakaescolapios.org\/ca\/wp-json\/wp\/v2\/posts\/37408\/revisions\/43835"}],"wp:featuredmedia":[{"embeddable":true,"href":"https:\/\/www.itakaescolapios.org\/ca\/wp-json\/wp\/v2\/media\/37409"}],"wp:attachment":[{"href":"https:\/\/www.itakaescolapios.org\/ca\/wp-json\/wp\/v2\/media?parent=37408"}],"wp:term":[{"taxonomy":"category","embeddable":true,"href":"https:\/\/www.itakaescolapios.org\/ca\/wp-json\/wp\/v2\/categories?post=37408"},{"taxonomy":"post_tag","embeddable":true,"href":"https:\/\/www.itakaescolapios.org\/ca\/wp-json\/wp\/v2\/tags?post=37408"}],"curies":[{"name":"wp","href":"https:\/\/api.w.org\/{rel}","templated":true}]}}