{"id":37453,"date":"2022-09-23T17:01:10","date_gmt":"2022-09-23T16:01:10","guid":{"rendered":"https:\/\/www.itakaescolapios.org\/?p=37453"},"modified":"2023-11-28T12:35:42","modified_gmt":"2023-11-28T11:35:42","slug":"francais-reunion-des-responsables-doeuvres-et-de-paroisses-a-bafia","status":"publish","type":"post","link":"https:\/\/www.itakaescolapios.org\/ca\/2022\/09\/francais-reunion-des-responsables-doeuvres-et-de-paroisses-a-bafia\/","title":{"rendered":""},"content":{"rendered":"<p>[:fr]Lundi dernier 19 septembre 2022 a eu lieu \u00e0 Bafia la r\u00e9union des responsables d\u2019\u0153uvres et paroisses avec l\u2019assistant g\u00e9n\u00e9ral venu de Rome. Il \u00e9tait question de r\u00e9fl\u00e9chir sur la stabilisation des \u0153uvres et communaut\u00e9s\u00a0: faire une analyse de la r\u00e9alit\u00e9, d\u00e9velopper les strat\u00e9gies pour rendre les \u0153uvres plus rentables et autonomes. Les propositions ont \u00e9t\u00e9 faites dans ce sens afin d\u2019am\u00e9liorer la situation des \u0153uvres et paroisses du Cameroun[:]<\/p>\n","protected":false},"excerpt":{"rendered":"<p>[:fr]Lundi dernier 19 septembre 2022 a eu lieu \u00e0 Bafia la r\u00e9union des responsables d\u2019\u0153uvres et paroisses avec l\u2019assistant g\u00e9n\u00e9ral venu de Rome. Il \u00e9tait question de r\u00e9fl\u00e9chir sur la [&hellip;]<\/p>\n","protected":false},"author":15,"featured_media":37455,"comment_status":"closed","ping_status":"closed","sticky":false,"template":"","format":"standard","meta":{"_et_pb_use_builder":"","_et_pb_old_content":"","_et_gb_content_width":"","footnotes":""},"categories":[53,10],"tags":[],"class_list":["post-37453","post","type-post","status-publish","format-standard","has-post-thumbnail","hentry","category-africa-central","category-camerun"],"yoast_head":"<!-- This site is optimized with the Yoast SEO plugin v27.4 - https:\/\/yoast.com\/product\/yoast-seo-wordpress\/ -->\n<title>- Itaka-Escolapios<\/title>\n<meta name=\"description\" content=\"[:fr]Lundi dernier 19 septembre 2022 a eu lieu \u00e0 Bafia la r\u00e9union des responsables d\u2019\u0153uvres et paroisses avec l\u2019assistant g\u00e9n\u00e9ral venu de Rome. Il \u00e9tait question de r\u00e9fl\u00e9chir sur la stabilisation des \u0153uvres et communaut\u00e9s\u00a0: faire une analyse de la r\u00e9alit\u00e9, d\u00e9velopper les strat\u00e9gies pour rendre les \u0153uvres plus rentables et autonomes. Les propositions ont&hellip;\" \/>\n<meta name=\"robots\" content=\"index, follow, max-snippet:-1, max-image-preview:large, max-video-preview:-1\" \/>\n<link rel=\"canonical\" href=\"\" \/>\n<meta property=\"og:locale\" content=\"ca_ES\" \/>\n<meta property=\"og:type\" content=\"article\" \/>\n<meta property=\"og:title\" content=\"- Itaka-Escolapios\" \/>\n<meta property=\"og:description\" content=\"[:fr]Lundi dernier 19 septembre 2022 a eu lieu \u00e0 Bafia la r\u00e9union des responsables d\u2019\u0153uvres et paroisses avec l\u2019assistant g\u00e9n\u00e9ral venu de Rome. Il \u00e9tait question de r\u00e9fl\u00e9chir sur la stabilisation des \u0153uvres et communaut\u00e9s\u00a0: faire une analyse de la r\u00e9alit\u00e9, d\u00e9velopper les strat\u00e9gies pour rendre les \u0153uvres plus rentables et autonomes. Les propositions ont&hellip;\" \/>\n<meta property=\"og:url\" content=\"https:\/\/www.itakaescolapios.org\/ca\/2022\/09\/francais-reunion-des-responsables-doeuvres-et-de-paroisses-a-bafia\/\" \/>\n<meta property=\"og:site_name\" content=\"Itaka-Escolapios\" \/>\n<meta property=\"article:published_time\" content=\"2022-09-23T16:01:10+00:00\" \/>\n<meta property=\"article:modified_time\" content=\"2023-11-28T11:35:42+00:00\" \/>\n<meta property=\"og:image\" content=\"https:\/\/www.itakaescolapios.org\/wp-content\/uploads\/2022\/09\/Capturerr.png\" \/>\n\t<meta property=\"og:image:width\" content=\"1347\" \/>\n\t<meta property=\"og:image:height\" content=\"626\" \/>\n\t<meta property=\"og:image:type\" content=\"image\/png\" \/>\n<meta name=\"author\" content=\"cameroun01\" \/>\n<meta name=\"twitter:card\" content=\"summary_large_image\" \/>\n<meta name=\"twitter:label1\" content=\"Escrit per\" \/>\n\t<meta name=\"twitter:data1\" content=\"cameroun01\" \/>\n<script type=\"application\/ld+json\" class=\"yoast-schema-graph\">{\"@context\":\"https:\\\/\\\/schema.org\",\"@graph\":[{\"@type\":\"Article\",\"@id\":\"https:\\\/\\\/www.itakaescolapios.org\\\/ca\\\/2022\\\/09\\\/francais-reunion-des-responsables-doeuvres-et-de-paroisses-a-bafia\\\/#article\",\"isPartOf\":{\"@id\":\"https:\\\/\\\/www.itakaescolapios.org\\\/ca\\\/2022\\\/09\\\/francais-reunion-des-responsables-doeuvres-et-de-paroisses-a-bafia\\\/\"},\"author\":{\"name\":\"cameroun01\",\"@id\":\"https:\\\/\\\/www.itakaescolapios.org\\\/es\\\/#\\\/schema\\\/person\\\/d2844383e29bfdfef69039672ce14eb1\"},\"headline\":\"Sense t\u00edtol\",\"datePublished\":\"2022-09-23T16:01:10+00:00\",\"dateModified\":\"2023-11-28T11:35:42+00:00\",\"mainEntityOfPage\":{\"@id\":\"https:\\\/\\\/www.itakaescolapios.org\\\/ca\\\/2022\\\/09\\\/francais-reunion-des-responsables-doeuvres-et-de-paroisses-a-bafia\\\/\"},\"wordCount\":81,\"publisher\":{\"@id\":\"https:\\\/\\\/www.itakaescolapios.org\\\/es\\\/#organization\"},\"image\":{\"@id\":\"https:\\\/\\\/www.itakaescolapios.org\\\/ca\\\/2022\\\/09\\\/francais-reunion-des-responsables-doeuvres-et-de-paroisses-a-bafia\\\/#primaryimage\"},\"thumbnailUrl\":\"https:\\\/\\\/www.itakaescolapios.org\\\/wp-content\\\/uploads\\\/2022\\\/09\\\/Capturerr.png\",\"articleSection\":[\"\u00c1frica Central\",\"Camerun\"],\"inLanguage\":\"ca\"},{\"@type\":\"WebPage\",\"@id\":\"https:\\\/\\\/www.itakaescolapios.org\\\/ca\\\/2022\\\/09\\\/francais-reunion-des-responsables-doeuvres-et-de-paroisses-a-bafia\\\/\",\"url\":\"https:\\\/\\\/www.itakaescolapios.org\\\/ca\\\/2022\\\/09\\\/francais-reunion-des-responsables-doeuvres-et-de-paroisses-a-bafia\\\/\",\"name\":\"- Itaka-Escolapios\",\"isPartOf\":{\"@id\":\"https:\\\/\\\/www.itakaescolapios.org\\\/es\\\/#website\"},\"primaryImageOfPage\":{\"@id\":\"https:\\\/\\\/www.itakaescolapios.org\\\/ca\\\/2022\\\/09\\\/francais-reunion-des-responsables-doeuvres-et-de-paroisses-a-bafia\\\/#primaryimage\"},\"image\":{\"@id\":\"https:\\\/\\\/www.itakaescolapios.org\\\/ca\\\/2022\\\/09\\\/francais-reunion-des-responsables-doeuvres-et-de-paroisses-a-bafia\\\/#primaryimage\"},\"thumbnailUrl\":\"https:\\\/\\\/www.itakaescolapios.org\\\/wp-content\\\/uploads\\\/2022\\\/09\\\/Capturerr.png\",\"datePublished\":\"2022-09-23T16:01:10+00:00\",\"dateModified\":\"2023-11-28T11:35:42+00:00\",\"inLanguage\":\"ca\",\"potentialAction\":[{\"@type\":\"ReadAction\",\"target\":[\"https:\\\/\\\/www.itakaescolapios.org\\\/ca\\\/2022\\\/09\\\/francais-reunion-des-responsables-doeuvres-et-de-paroisses-a-bafia\\\/\"]}]},{\"@type\":\"ImageObject\",\"inLanguage\":\"ca\",\"@id\":\"https:\\\/\\\/www.itakaescolapios.org\\\/ca\\\/2022\\\/09\\\/francais-reunion-des-responsables-doeuvres-et-de-paroisses-a-bafia\\\/#primaryimage\",\"url\":\"https:\\\/\\\/www.itakaescolapios.org\\\/wp-content\\\/uploads\\\/2022\\\/09\\\/Capturerr.png\",\"contentUrl\":\"https:\\\/\\\/www.itakaescolapios.org\\\/wp-content\\\/uploads\\\/2022\\\/09\\\/Capturerr.png\",\"width\":1347,\"height\":626},{\"@type\":\"WebSite\",\"@id\":\"https:\\\/\\\/www.itakaescolapios.org\\\/ca\\\/es\\\/#website\",\"url\":\"https:\\\/\\\/www.itakaescolapios.org\\\/ca\\\/es\\\/\",\"name\":\"Itaka-Escolapios\",\"description\":\"Red de Itaka-Escolapios\",\"publisher\":{\"@id\":\"https:\\\/\\\/www.itakaescolapios.org\\\/ca\\\/es\\\/#organization\"},\"potentialAction\":[{\"@type\":\"SearchAction\",\"target\":{\"@type\":\"EntryPoint\",\"urlTemplate\":\"https:\\\/\\\/www.itakaescolapios.org\\\/ca\\\/es\\\/?s={search_term_string}\"},\"query-input\":{\"@type\":\"PropertyValueSpecification\",\"valueRequired\":true,\"valueName\":\"search_term_string\"}}],\"inLanguage\":\"ca\"},{\"@type\":\"Organization\",\"@id\":\"https:\\\/\\\/www.itakaescolapios.org\\\/ca\\\/es\\\/#organization\",\"name\":\"Fundaci\u00f3 Itaka-Escolapios\",\"url\":\"https:\\\/\\\/www.itakaescolapios.org\\\/ca\\\/es\\\/\",\"logo\":{\"@type\":\"ImageObject\",\"inLanguage\":\"ca\",\"@id\":\"https:\\\/\\\/www.itakaescolapios.org\\\/ca\\\/es\\\/#\\\/schema\\\/logo\\\/image\\\/\",\"url\":\"https:\\\/\\\/www.itakaescolapios.org\\\/wp-content\\\/uploads\\\/2024\\\/04\\\/Logo-itakaescolapios-peque.png\",\"contentUrl\":\"https:\\\/\\\/www.itakaescolapios.org\\\/wp-content\\\/uploads\\\/2024\\\/04\\\/Logo-itakaescolapios-peque.png\",\"width\":500,\"height\":199,\"caption\":\"Fundaci\u00f3 Itaka-Escolapios\"},\"image\":{\"@id\":\"https:\\\/\\\/www.itakaescolapios.org\\\/ca\\\/es\\\/#\\\/schema\\\/logo\\\/image\\\/\"}},{\"@type\":\"Person\",\"@id\":\"https:\\\/\\\/www.itakaescolapios.org\\\/es\\\/#\\\/schema\\\/person\\\/d2844383e29bfdfef69039672ce14eb1\",\"name\":\"cameroun01\",\"url\":\"https:\\\/\\\/www.itakaescolapios.org\\\/ca\\\/author\\\/cameroun01\\\/\"}]}<\/script>\n<!-- \/ Yoast SEO plugin. -->","yoast_head_json":{"title":"- Itaka-Escolapios","description":"[:fr]Lundi dernier 19 septembre 2022 a eu lieu \u00e0 Bafia la r\u00e9union des responsables d\u2019\u0153uvres et paroisses avec l\u2019assistant g\u00e9n\u00e9ral venu de Rome. Il \u00e9tait question de r\u00e9fl\u00e9chir sur la stabilisation des \u0153uvres et communaut\u00e9s\u00a0: faire une analyse de la r\u00e9alit\u00e9, d\u00e9velopper les strat\u00e9gies pour rendre les \u0153uvres plus rentables et autonomes. Les propositions ont&hellip;","robots":{"index":"index","follow":"follow","max-snippet":"max-snippet:-1","max-image-preview":"max-image-preview:large","max-video-preview":"max-video-preview:-1"},"canonical":"[:fr]Lundi dernier 19 septembre 2022 a eu lieu \u00e0 Bafia la r\u00e9union des responsables d\u2019\u0153uvres et paroisses avec l\u2019assistant g\u00e9n\u00e9ral venu de Rome. Il \u00e9tait question de r\u00e9fl\u00e9chir sur la stabilisation des \u0153uvres et communaut\u00e9s\u00a0: faire une analyse de la r\u00e9alit\u00e9, d\u00e9velopper les strat\u00e9gies pour rendre les \u0153uvres plus rentables et autonomes. Les propositions ont&hellip;","og_locale":"ca_ES","og_type":"article","og_title":"- Itaka-Escolapios","og_description":"[:fr]Lundi dernier 19 septembre 2022 a eu lieu \u00e0 Bafia la r\u00e9union des responsables d\u2019\u0153uvres et paroisses avec l\u2019assistant g\u00e9n\u00e9ral venu de Rome. Il \u00e9tait question de r\u00e9fl\u00e9chir sur la stabilisation des \u0153uvres et communaut\u00e9s\u00a0: faire une analyse de la r\u00e9alit\u00e9, d\u00e9velopper les strat\u00e9gies pour rendre les \u0153uvres plus rentables et autonomes. Les propositions ont&hellip;","og_url":"https:\/\/www.itakaescolapios.org\/ca\/2022\/09\/francais-reunion-des-responsables-doeuvres-et-de-paroisses-a-bafia\/","og_site_name":"Itaka-Escolapios","article_published_time":"2022-09-23T16:01:10+00:00","article_modified_time":"2023-11-28T11:35:42+00:00","og_image":[{"width":1347,"height":626,"url":"https:\/\/www.itakaescolapios.org\/wp-content\/uploads\/2022\/09\/Capturerr.png","type":"image\/png"}],"author":"cameroun01","twitter_card":"summary_large_image","twitter_misc":{"Escrit per":"cameroun01"},"schema":{"@context":"https:\/\/schema.org","@graph":[{"@type":"Article","@id":"https:\/\/www.itakaescolapios.org\/ca\/2022\/09\/francais-reunion-des-responsables-doeuvres-et-de-paroisses-a-bafia\/#article","isPartOf":{"@id":"https:\/\/www.itakaescolapios.org\/ca\/2022\/09\/francais-reunion-des-responsables-doeuvres-et-de-paroisses-a-bafia\/"},"author":{"name":"cameroun01","@id":"https:\/\/www.itakaescolapios.org\/es\/#\/schema\/person\/d2844383e29bfdfef69039672ce14eb1"},"headline":"Sense t\u00edtol","datePublished":"2022-09-23T16:01:10+00:00","dateModified":"2023-11-28T11:35:42+00:00","mainEntityOfPage":{"@id":"https:\/\/www.itakaescolapios.org\/ca\/2022\/09\/francais-reunion-des-responsables-doeuvres-et-de-paroisses-a-bafia\/"},"wordCount":81,"publisher":{"@id":"https:\/\/www.itakaescolapios.org\/es\/#organization"},"image":{"@id":"https:\/\/www.itakaescolapios.org\/ca\/2022\/09\/francais-reunion-des-responsables-doeuvres-et-de-paroisses-a-bafia\/#primaryimage"},"thumbnailUrl":"https:\/\/www.itakaescolapios.org\/wp-content\/uploads\/2022\/09\/Capturerr.png","articleSection":["\u00c1frica Central","Camerun"],"inLanguage":"ca"},{"@type":"WebPage","@id":"https:\/\/www.itakaescolapios.org\/ca\/2022\/09\/francais-reunion-des-responsables-doeuvres-et-de-paroisses-a-bafia\/","url":"https:\/\/www.itakaescolapios.org\/ca\/2022\/09\/francais-reunion-des-responsables-doeuvres-et-de-paroisses-a-bafia\/","name":"- Itaka-Escolapios","isPartOf":{"@id":"https:\/\/www.itakaescolapios.org\/es\/#website"},"primaryImageOfPage":{"@id":"https:\/\/www.itakaescolapios.org\/ca\/2022\/09\/francais-reunion-des-responsables-doeuvres-et-de-paroisses-a-bafia\/#primaryimage"},"image":{"@id":"https:\/\/www.itakaescolapios.org\/ca\/2022\/09\/francais-reunion-des-responsables-doeuvres-et-de-paroisses-a-bafia\/#primaryimage"},"thumbnailUrl":"https:\/\/www.itakaescolapios.org\/wp-content\/uploads\/2022\/09\/Capturerr.png","datePublished":"2022-09-23T16:01:10+00:00","dateModified":"2023-11-28T11:35:42+00:00","inLanguage":"ca","potentialAction":[{"@type":"ReadAction","target":["https:\/\/www.itakaescolapios.org\/ca\/2022\/09\/francais-reunion-des-responsables-doeuvres-et-de-paroisses-a-bafia\/"]}]},{"@type":"ImageObject","inLanguage":"ca","@id":"https:\/\/www.itakaescolapios.org\/ca\/2022\/09\/francais-reunion-des-responsables-doeuvres-et-de-paroisses-a-bafia\/#primaryimage","url":"https:\/\/www.itakaescolapios.org\/wp-content\/uploads\/2022\/09\/Capturerr.png","contentUrl":"https:\/\/www.itakaescolapios.org\/wp-content\/uploads\/2022\/09\/Capturerr.png","width":1347,"height":626},{"@type":"WebSite","@id":"https:\/\/www.itakaescolapios.org\/ca\/es\/#website","url":"https:\/\/www.itakaescolapios.org\/ca\/es\/","name":"Itaka-Escolapios","description":"Red de Itaka-Escolapios","publisher":{"@id":"https:\/\/www.itakaescolapios.org\/ca\/es\/#organization"},"potentialAction":[{"@type":"SearchAction","target":{"@type":"EntryPoint","urlTemplate":"https:\/\/www.itakaescolapios.org\/ca\/es\/?s={search_term_string}"},"query-input":{"@type":"PropertyValueSpecification","valueRequired":true,"valueName":"search_term_string"}}],"inLanguage":"ca"},{"@type":"Organization","@id":"https:\/\/www.itakaescolapios.org\/ca\/es\/#organization","name":"Fundaci\u00f3 Itaka-Escolapios","url":"https:\/\/www.itakaescolapios.org\/ca\/es\/","logo":{"@type":"ImageObject","inLanguage":"ca","@id":"https:\/\/www.itakaescolapios.org\/ca\/es\/#\/schema\/logo\/image\/","url":"https:\/\/www.itakaescolapios.org\/wp-content\/uploads\/2024\/04\/Logo-itakaescolapios-peque.png","contentUrl":"https:\/\/www.itakaescolapios.org\/wp-content\/uploads\/2024\/04\/Logo-itakaescolapios-peque.png","width":500,"height":199,"caption":"Fundaci\u00f3 Itaka-Escolapios"},"image":{"@id":"https:\/\/www.itakaescolapios.org\/ca\/es\/#\/schema\/logo\/image\/"}},{"@type":"Person","@id":"https:\/\/www.itakaescolapios.org\/es\/#\/schema\/person\/d2844383e29bfdfef69039672ce14eb1","name":"cameroun01","url":"https:\/\/www.itakaescolapios.org\/ca\/author\/cameroun01\/"}]}},"_links":{"self":[{"href":"https:\/\/www.itakaescolapios.org\/ca\/wp-json\/wp\/v2\/posts\/37453","targetHints":{"allow":["GET"]}}],"collection":[{"href":"https:\/\/www.itakaescolapios.org\/ca\/wp-json\/wp\/v2\/posts"}],"about":[{"href":"https:\/\/www.itakaescolapios.org\/ca\/wp-json\/wp\/v2\/types\/post"}],"author":[{"embeddable":true,"href":"https:\/\/www.itakaescolapios.org\/ca\/wp-json\/wp\/v2\/users\/15"}],"replies":[{"embeddable":true,"href":"https:\/\/www.itakaescolapios.org\/ca\/wp-json\/wp\/v2\/comments?post=37453"}],"version-history":[{"count":2,"href":"https:\/\/www.itakaescolapios.org\/ca\/wp-json\/wp\/v2\/posts\/37453\/revisions"}],"predecessor-version":[{"id":43829,"href":"https:\/\/www.itakaescolapios.org\/ca\/wp-json\/wp\/v2\/posts\/37453\/revisions\/43829"}],"wp:featuredmedia":[{"embeddable":true,"href":"https:\/\/www.itakaescolapios.org\/ca\/wp-json\/wp\/v2\/media\/37455"}],"wp:attachment":[{"href":"https:\/\/www.itakaescolapios.org\/ca\/wp-json\/wp\/v2\/media?parent=37453"}],"wp:term":[{"taxonomy":"category","embeddable":true,"href":"https:\/\/www.itakaescolapios.org\/ca\/wp-json\/wp\/v2\/categories?post=37453"},{"taxonomy":"post_tag","embeddable":true,"href":"https:\/\/www.itakaescolapios.org\/ca\/wp-json\/wp\/v2\/tags?post=37453"}],"curies":[{"name":"wp","href":"https:\/\/api.w.org\/{rel}","templated":true}]}}