{"id":3791,"date":"2012-12-16T09:29:53","date_gmt":"2012-12-16T08:29:53","guid":{"rendered":"https:\/\/www.itakaescolapios.org\/?p=3791"},"modified":"2023-11-28T12:39:32","modified_gmt":"2023-11-28T11:39:32","slug":"nuevo-autobus-escolar-en-bandjoun","status":"publish","type":"post","link":"https:\/\/www.itakaescolapios.org\/ca\/2012\/12\/nuevo-autobus-escolar-en-bandjoun\/","title":{"rendered":"Nuevo autob\u00fas escolar en Bandjoun."},"content":{"rendered":"<p><span style=\"color: #0000ff;\">Esta nueva adquisici\u00f3n permite mejorar las condiciones de transporte de los alumnos\/as del Colegio T\u00e9cnico Calasanz.<\/span><\/p>\n<p>Desde la semana pasada nuestro Centro de Formaci\u00f3n Profesional dispone de un nuevo medio de transporte, m\u00e1s c\u00f3modo y m\u00e1s r\u00e1pido. Este autob\u00fas, de una capacidad de 35 sitios, servir\u00e1 para el transporte de una gran parte de los 302 alumnos y alumnas en formaci\u00f3n en nuestro colegio. Anotemos que la inmensa mayor\u00eda de los alumn@s viven en las ciudades de Bafoussam y Bandjoun localizadas respectivamente a 5 y 12 kil\u00f3metros del CTC.<\/p>\n","protected":false},"excerpt":{"rendered":"<p>Esta nueva adquisici\u00f3n permite mejorar las condiciones de transporte de los alumnos\/as del Colegio T\u00e9cnico Calasanz. Desde la semana pasada nuestro Centro de Formaci\u00f3n Profesional dispone de un nuevo medio [&hellip;]<\/p>\n","protected":false},"author":16,"featured_media":3794,"comment_status":"closed","ping_status":"closed","sticky":false,"template":"","format":"standard","meta":{"_et_pb_use_builder":"","_et_pb_old_content":"","_et_gb_content_width":"","footnotes":""},"categories":[10],"tags":[],"class_list":["post-3791","post","type-post","status-publish","format-standard","has-post-thumbnail","hentry","category-camerun"],"yoast_head":"<!-- This site is optimized with the Yoast SEO plugin v27.4 - https:\/\/yoast.com\/product\/yoast-seo-wordpress\/ -->\n<title>Nuevo autob\u00fas escolar en Bandjoun.<\/title>\n<meta name=\"description\" content=\"Esta nueva adquisici\u00f3n permite mejorar las condiciones de transporte de los alumnos\/as del Colegio T\u00e9cnico Calasanz. Desde la semana pasada nuestro Centro de Formaci\u00f3n Profesional dispone de un nuevo medio de transporte, m\u00e1s c\u00f3modo y m\u00e1s r\u00e1pido. Este autob\u00fas, de una capacidad de 35 sitios, servir\u00e1 para el transporte de una gran parte de los&hellip;\" \/>\n<meta name=\"robots\" content=\"index, follow, max-snippet:-1, max-image-preview:large, max-video-preview:-1\" \/>\n<link rel=\"canonical\" href=\"http:\/\/Esta%20nueva%20adquisici\u00f3n%20permite%20mejorar%20las%20condiciones%20de%20transporte%20de%20los%20alumnos\/as%20del%20Colegio%20T\u00e9cnico%20Calasanz.%20Desde%20la%20semana%20pasada%20nuestro%20Centro%20de%20Formaci\u00f3n%20Profesional%20dispone%20de%20un%20nuevo%20medio%20de%20transporte,%20m\u00e1s%20c\u00f3modo%20y%20m\u00e1s%20r\u00e1pido.%20Este%20autob\u00fas,%20de%20una%20capacidad%20de%2035%20sitios,%20servir\u00e1%20para%20el%20transporte%20de%20una%20gran%20parte%20de%20los&hellip;\" \/>\n<meta property=\"og:locale\" content=\"ca_ES\" \/>\n<meta property=\"og:type\" content=\"article\" \/>\n<meta property=\"og:title\" content=\"Nuevo autob\u00fas escolar en Bandjoun.\" \/>\n<meta property=\"og:description\" content=\"Esta nueva adquisici\u00f3n permite mejorar las condiciones de transporte de los alumnos\/as del Colegio T\u00e9cnico Calasanz. Desde la semana pasada nuestro Centro de Formaci\u00f3n Profesional dispone de un nuevo medio de transporte, m\u00e1s c\u00f3modo y m\u00e1s r\u00e1pido. Este autob\u00fas, de una capacidad de 35 sitios, servir\u00e1 para el transporte de una gran parte de los&hellip;\" \/>\n<meta property=\"og:url\" content=\"https:\/\/www.itakaescolapios.org\/ca\/2012\/12\/nuevo-autobus-escolar-en-bandjoun\/\" \/>\n<meta property=\"og:site_name\" content=\"Itaka-Escolapios\" \/>\n<meta property=\"article:published_time\" content=\"2012-12-16T08:29:53+00:00\" \/>\n<meta property=\"article:modified_time\" content=\"2023-11-28T11:39:32+00:00\" \/>\n<meta property=\"og:image\" content=\"https:\/\/www.itakaescolapios.org\/wp-content\/uploads\/2012\/10\/IMG_0231.jpg\" \/>\n\t<meta property=\"og:image:width\" content=\"2000\" \/>\n\t<meta property=\"og:image:height\" content=\"1333\" \/>\n\t<meta property=\"og:image:type\" content=\"image\/jpeg\" \/>\n<meta name=\"author\" content=\"cameroun02\" \/>\n<meta name=\"twitter:card\" content=\"summary_large_image\" \/>\n<meta name=\"twitter:label1\" content=\"Escrit per\" \/>\n\t<meta name=\"twitter:data1\" content=\"cameroun02\" \/>\n<script type=\"application\/ld+json\" class=\"yoast-schema-graph\">{\"@context\":\"https:\\\/\\\/schema.org\",\"@graph\":[{\"@type\":\"Article\",\"@id\":\"https:\\\/\\\/www.itakaescolapios.org\\\/ca\\\/2012\\\/12\\\/nuevo-autobus-escolar-en-bandjoun\\\/#article\",\"isPartOf\":{\"@id\":\"https:\\\/\\\/www.itakaescolapios.org\\\/ca\\\/2012\\\/12\\\/nuevo-autobus-escolar-en-bandjoun\\\/\"},\"author\":{\"name\":\"cameroun02\",\"@id\":\"https:\\\/\\\/www.itakaescolapios.org\\\/es\\\/#\\\/schema\\\/person\\\/9274f8b80c7385b5aae18a7831c4a9c5\"},\"headline\":\"Nuevo autob\u00fas escolar en Bandjoun.\",\"datePublished\":\"2012-12-16T08:29:53+00:00\",\"dateModified\":\"2023-11-28T11:39:32+00:00\",\"mainEntityOfPage\":{\"@id\":\"https:\\\/\\\/www.itakaescolapios.org\\\/ca\\\/2012\\\/12\\\/nuevo-autobus-escolar-en-bandjoun\\\/\"},\"wordCount\":104,\"publisher\":{\"@id\":\"https:\\\/\\\/www.itakaescolapios.org\\\/es\\\/#organization\"},\"image\":{\"@id\":\"https:\\\/\\\/www.itakaescolapios.org\\\/ca\\\/2012\\\/12\\\/nuevo-autobus-escolar-en-bandjoun\\\/#primaryimage\"},\"thumbnailUrl\":\"https:\\\/\\\/www.itakaescolapios.org\\\/wp-content\\\/uploads\\\/2012\\\/10\\\/IMG_0231.jpg\",\"articleSection\":[\"Camerun\"],\"inLanguage\":\"ca\"},{\"@type\":\"WebPage\",\"@id\":\"https:\\\/\\\/www.itakaescolapios.org\\\/ca\\\/2012\\\/12\\\/nuevo-autobus-escolar-en-bandjoun\\\/\",\"url\":\"https:\\\/\\\/www.itakaescolapios.org\\\/ca\\\/2012\\\/12\\\/nuevo-autobus-escolar-en-bandjoun\\\/\",\"name\":\"Nuevo autob\u00fas escolar en Bandjoun. - Itaka-Escolapios\",\"isPartOf\":{\"@id\":\"https:\\\/\\\/www.itakaescolapios.org\\\/es\\\/#website\"},\"primaryImageOfPage\":{\"@id\":\"https:\\\/\\\/www.itakaescolapios.org\\\/ca\\\/2012\\\/12\\\/nuevo-autobus-escolar-en-bandjoun\\\/#primaryimage\"},\"image\":{\"@id\":\"https:\\\/\\\/www.itakaescolapios.org\\\/ca\\\/2012\\\/12\\\/nuevo-autobus-escolar-en-bandjoun\\\/#primaryimage\"},\"thumbnailUrl\":\"https:\\\/\\\/www.itakaescolapios.org\\\/wp-content\\\/uploads\\\/2012\\\/10\\\/IMG_0231.jpg\",\"datePublished\":\"2012-12-16T08:29:53+00:00\",\"dateModified\":\"2023-11-28T11:39:32+00:00\",\"breadcrumb\":{\"@id\":\"https:\\\/\\\/www.itakaescolapios.org\\\/ca\\\/2012\\\/12\\\/nuevo-autobus-escolar-en-bandjoun\\\/#breadcrumb\"},\"inLanguage\":\"ca\",\"potentialAction\":[{\"@type\":\"ReadAction\",\"target\":[\"https:\\\/\\\/www.itakaescolapios.org\\\/ca\\\/2012\\\/12\\\/nuevo-autobus-escolar-en-bandjoun\\\/\"]}]},{\"@type\":\"ImageObject\",\"inLanguage\":\"ca\",\"@id\":\"https:\\\/\\\/www.itakaescolapios.org\\\/ca\\\/2012\\\/12\\\/nuevo-autobus-escolar-en-bandjoun\\\/#primaryimage\",\"url\":\"https:\\\/\\\/www.itakaescolapios.org\\\/wp-content\\\/uploads\\\/2012\\\/10\\\/IMG_0231.jpg\",\"contentUrl\":\"https:\\\/\\\/www.itakaescolapios.org\\\/wp-content\\\/uploads\\\/2012\\\/10\\\/IMG_0231.jpg\",\"width\":2000,\"height\":1333},{\"@type\":\"BreadcrumbList\",\"@id\":\"https:\\\/\\\/www.itakaescolapios.org\\\/ca\\\/2012\\\/12\\\/nuevo-autobus-escolar-en-bandjoun\\\/#breadcrumb\",\"itemListElement\":[{\"@type\":\"ListItem\",\"position\":1,\"name\":\"Itaka-Escolapios\",\"item\":\"https:\\\/\\\/www.itakaescolapios.org\\\/es\\\/\"},{\"@type\":\"ListItem\",\"position\":2,\"name\":\"Nuevo autob\u00fas escolar en Bandjoun.\"}]},{\"@type\":\"WebSite\",\"@id\":\"https:\\\/\\\/www.itakaescolapios.org\\\/ca\\\/es\\\/#website\",\"url\":\"https:\\\/\\\/www.itakaescolapios.org\\\/ca\\\/es\\\/\",\"name\":\"Itaka-Escolapios\",\"description\":\"Red de Itaka-Escolapios\",\"publisher\":{\"@id\":\"https:\\\/\\\/www.itakaescolapios.org\\\/ca\\\/es\\\/#organization\"},\"potentialAction\":[{\"@type\":\"SearchAction\",\"target\":{\"@type\":\"EntryPoint\",\"urlTemplate\":\"https:\\\/\\\/www.itakaescolapios.org\\\/ca\\\/es\\\/?s={search_term_string}\"},\"query-input\":{\"@type\":\"PropertyValueSpecification\",\"valueRequired\":true,\"valueName\":\"search_term_string\"}}],\"inLanguage\":\"ca\"},{\"@type\":\"Organization\",\"@id\":\"https:\\\/\\\/www.itakaescolapios.org\\\/ca\\\/es\\\/#organization\",\"name\":\"Fundaci\u00f3 Itaka-Escolapios\",\"url\":\"https:\\\/\\\/www.itakaescolapios.org\\\/ca\\\/es\\\/\",\"logo\":{\"@type\":\"ImageObject\",\"inLanguage\":\"ca\",\"@id\":\"https:\\\/\\\/www.itakaescolapios.org\\\/ca\\\/es\\\/#\\\/schema\\\/logo\\\/image\\\/\",\"url\":\"https:\\\/\\\/www.itakaescolapios.org\\\/wp-content\\\/uploads\\\/2024\\\/04\\\/Logo-itakaescolapios-peque.png\",\"contentUrl\":\"https:\\\/\\\/www.itakaescolapios.org\\\/wp-content\\\/uploads\\\/2024\\\/04\\\/Logo-itakaescolapios-peque.png\",\"width\":500,\"height\":199,\"caption\":\"Fundaci\u00f3 Itaka-Escolapios\"},\"image\":{\"@id\":\"https:\\\/\\\/www.itakaescolapios.org\\\/ca\\\/es\\\/#\\\/schema\\\/logo\\\/image\\\/\"}},{\"@type\":\"Person\",\"@id\":\"https:\\\/\\\/www.itakaescolapios.org\\\/es\\\/#\\\/schema\\\/person\\\/9274f8b80c7385b5aae18a7831c4a9c5\",\"name\":\"cameroun02\",\"url\":\"https:\\\/\\\/www.itakaescolapios.org\\\/ca\\\/author\\\/cameroun02\\\/\"}]}<\/script>\n<!-- \/ Yoast SEO plugin. -->","yoast_head_json":{"title":"Nuevo autob\u00fas escolar en Bandjoun.","description":"Esta nueva adquisici\u00f3n permite mejorar las condiciones de transporte de los alumnos\/as del Colegio T\u00e9cnico Calasanz. Desde la semana pasada nuestro Centro de Formaci\u00f3n Profesional dispone de un nuevo medio de transporte, m\u00e1s c\u00f3modo y m\u00e1s r\u00e1pido. Este autob\u00fas, de una capacidad de 35 sitios, servir\u00e1 para el transporte de una gran parte de los&hellip;","robots":{"index":"index","follow":"follow","max-snippet":"max-snippet:-1","max-image-preview":"max-image-preview:large","max-video-preview":"max-video-preview:-1"},"canonical":"Esta nueva adquisici\u00f3n permite mejorar las condiciones de transporte de los alumnos\/as del Colegio T\u00e9cnico Calasanz. Desde la semana pasada nuestro Centro de Formaci\u00f3n Profesional dispone de un nuevo medio de transporte, m\u00e1s c\u00f3modo y m\u00e1s r\u00e1pido. Este autob\u00fas, de una capacidad de 35 sitios, servir\u00e1 para el transporte de una gran parte de los&hellip;","og_locale":"ca_ES","og_type":"article","og_title":"Nuevo autob\u00fas escolar en Bandjoun.","og_description":"Esta nueva adquisici\u00f3n permite mejorar las condiciones de transporte de los alumnos\/as del Colegio T\u00e9cnico Calasanz. Desde la semana pasada nuestro Centro de Formaci\u00f3n Profesional dispone de un nuevo medio de transporte, m\u00e1s c\u00f3modo y m\u00e1s r\u00e1pido. Este autob\u00fas, de una capacidad de 35 sitios, servir\u00e1 para el transporte de una gran parte de los&hellip;","og_url":"https:\/\/www.itakaescolapios.org\/ca\/2012\/12\/nuevo-autobus-escolar-en-bandjoun\/","og_site_name":"Itaka-Escolapios","article_published_time":"2012-12-16T08:29:53+00:00","article_modified_time":"2023-11-28T11:39:32+00:00","og_image":[{"width":2000,"height":1333,"url":"https:\/\/www.itakaescolapios.org\/wp-content\/uploads\/2012\/10\/IMG_0231.jpg","type":"image\/jpeg"}],"author":"cameroun02","twitter_card":"summary_large_image","twitter_misc":{"Escrit per":"cameroun02"},"schema":{"@context":"https:\/\/schema.org","@graph":[{"@type":"Article","@id":"https:\/\/www.itakaescolapios.org\/ca\/2012\/12\/nuevo-autobus-escolar-en-bandjoun\/#article","isPartOf":{"@id":"https:\/\/www.itakaescolapios.org\/ca\/2012\/12\/nuevo-autobus-escolar-en-bandjoun\/"},"author":{"name":"cameroun02","@id":"https:\/\/www.itakaescolapios.org\/es\/#\/schema\/person\/9274f8b80c7385b5aae18a7831c4a9c5"},"headline":"Nuevo autob\u00fas escolar en Bandjoun.","datePublished":"2012-12-16T08:29:53+00:00","dateModified":"2023-11-28T11:39:32+00:00","mainEntityOfPage":{"@id":"https:\/\/www.itakaescolapios.org\/ca\/2012\/12\/nuevo-autobus-escolar-en-bandjoun\/"},"wordCount":104,"publisher":{"@id":"https:\/\/www.itakaescolapios.org\/es\/#organization"},"image":{"@id":"https:\/\/www.itakaescolapios.org\/ca\/2012\/12\/nuevo-autobus-escolar-en-bandjoun\/#primaryimage"},"thumbnailUrl":"https:\/\/www.itakaescolapios.org\/wp-content\/uploads\/2012\/10\/IMG_0231.jpg","articleSection":["Camerun"],"inLanguage":"ca"},{"@type":"WebPage","@id":"https:\/\/www.itakaescolapios.org\/ca\/2012\/12\/nuevo-autobus-escolar-en-bandjoun\/","url":"https:\/\/www.itakaescolapios.org\/ca\/2012\/12\/nuevo-autobus-escolar-en-bandjoun\/","name":"Nuevo autob\u00fas escolar en Bandjoun. - Itaka-Escolapios","isPartOf":{"@id":"https:\/\/www.itakaescolapios.org\/es\/#website"},"primaryImageOfPage":{"@id":"https:\/\/www.itakaescolapios.org\/ca\/2012\/12\/nuevo-autobus-escolar-en-bandjoun\/#primaryimage"},"image":{"@id":"https:\/\/www.itakaescolapios.org\/ca\/2012\/12\/nuevo-autobus-escolar-en-bandjoun\/#primaryimage"},"thumbnailUrl":"https:\/\/www.itakaescolapios.org\/wp-content\/uploads\/2012\/10\/IMG_0231.jpg","datePublished":"2012-12-16T08:29:53+00:00","dateModified":"2023-11-28T11:39:32+00:00","breadcrumb":{"@id":"https:\/\/www.itakaescolapios.org\/ca\/2012\/12\/nuevo-autobus-escolar-en-bandjoun\/#breadcrumb"},"inLanguage":"ca","potentialAction":[{"@type":"ReadAction","target":["https:\/\/www.itakaescolapios.org\/ca\/2012\/12\/nuevo-autobus-escolar-en-bandjoun\/"]}]},{"@type":"ImageObject","inLanguage":"ca","@id":"https:\/\/www.itakaescolapios.org\/ca\/2012\/12\/nuevo-autobus-escolar-en-bandjoun\/#primaryimage","url":"https:\/\/www.itakaescolapios.org\/wp-content\/uploads\/2012\/10\/IMG_0231.jpg","contentUrl":"https:\/\/www.itakaescolapios.org\/wp-content\/uploads\/2012\/10\/IMG_0231.jpg","width":2000,"height":1333},{"@type":"BreadcrumbList","@id":"https:\/\/www.itakaescolapios.org\/ca\/2012\/12\/nuevo-autobus-escolar-en-bandjoun\/#breadcrumb","itemListElement":[{"@type":"ListItem","position":1,"name":"Itaka-Escolapios","item":"https:\/\/www.itakaescolapios.org\/es\/"},{"@type":"ListItem","position":2,"name":"Nuevo autob\u00fas escolar en Bandjoun."}]},{"@type":"WebSite","@id":"https:\/\/www.itakaescolapios.org\/ca\/es\/#website","url":"https:\/\/www.itakaescolapios.org\/ca\/es\/","name":"Itaka-Escolapios","description":"Red de Itaka-Escolapios","publisher":{"@id":"https:\/\/www.itakaescolapios.org\/ca\/es\/#organization"},"potentialAction":[{"@type":"SearchAction","target":{"@type":"EntryPoint","urlTemplate":"https:\/\/www.itakaescolapios.org\/ca\/es\/?s={search_term_string}"},"query-input":{"@type":"PropertyValueSpecification","valueRequired":true,"valueName":"search_term_string"}}],"inLanguage":"ca"},{"@type":"Organization","@id":"https:\/\/www.itakaescolapios.org\/ca\/es\/#organization","name":"Fundaci\u00f3 Itaka-Escolapios","url":"https:\/\/www.itakaescolapios.org\/ca\/es\/","logo":{"@type":"ImageObject","inLanguage":"ca","@id":"https:\/\/www.itakaescolapios.org\/ca\/es\/#\/schema\/logo\/image\/","url":"https:\/\/www.itakaescolapios.org\/wp-content\/uploads\/2024\/04\/Logo-itakaescolapios-peque.png","contentUrl":"https:\/\/www.itakaescolapios.org\/wp-content\/uploads\/2024\/04\/Logo-itakaescolapios-peque.png","width":500,"height":199,"caption":"Fundaci\u00f3 Itaka-Escolapios"},"image":{"@id":"https:\/\/www.itakaescolapios.org\/ca\/es\/#\/schema\/logo\/image\/"}},{"@type":"Person","@id":"https:\/\/www.itakaescolapios.org\/es\/#\/schema\/person\/9274f8b80c7385b5aae18a7831c4a9c5","name":"cameroun02","url":"https:\/\/www.itakaescolapios.org\/ca\/author\/cameroun02\/"}]}},"_links":{"self":[{"href":"https:\/\/www.itakaescolapios.org\/ca\/wp-json\/wp\/v2\/posts\/3791","targetHints":{"allow":["GET"]}}],"collection":[{"href":"https:\/\/www.itakaescolapios.org\/ca\/wp-json\/wp\/v2\/posts"}],"about":[{"href":"https:\/\/www.itakaescolapios.org\/ca\/wp-json\/wp\/v2\/types\/post"}],"author":[{"embeddable":true,"href":"https:\/\/www.itakaescolapios.org\/ca\/wp-json\/wp\/v2\/users\/16"}],"replies":[{"embeddable":true,"href":"https:\/\/www.itakaescolapios.org\/ca\/wp-json\/wp\/v2\/comments?post=3791"}],"version-history":[{"count":9,"href":"https:\/\/www.itakaescolapios.org\/ca\/wp-json\/wp\/v2\/posts\/3791\/revisions"}],"predecessor-version":[{"id":49846,"href":"https:\/\/www.itakaescolapios.org\/ca\/wp-json\/wp\/v2\/posts\/3791\/revisions\/49846"}],"wp:featuredmedia":[{"embeddable":true,"href":"https:\/\/www.itakaescolapios.org\/ca\/wp-json\/wp\/v2\/media\/3794"}],"wp:attachment":[{"href":"https:\/\/www.itakaescolapios.org\/ca\/wp-json\/wp\/v2\/media?parent=3791"}],"wp:term":[{"taxonomy":"category","embeddable":true,"href":"https:\/\/www.itakaescolapios.org\/ca\/wp-json\/wp\/v2\/categories?post=3791"},{"taxonomy":"post_tag","embeddable":true,"href":"https:\/\/www.itakaescolapios.org\/ca\/wp-json\/wp\/v2\/tags?post=3791"}],"curies":[{"name":"wp","href":"https:\/\/api.w.org\/{rel}","templated":true}]}}