{"id":37942,"date":"2022-11-18T10:23:47","date_gmt":"2022-11-18T09:23:47","guid":{"rendered":"https:\/\/www.itakaescolapios.org\/?p=37942"},"modified":"2023-11-28T12:35:39","modified_gmt":"2023-11-28T11:35:39","slug":"francais-organisation-de-la-semaine-calasanzienne-au-complexe-scolaire-integral-bilingue-saint-joseph-calasanz-de-bafia","status":"publish","type":"post","link":"https:\/\/www.itakaescolapios.org\/ca\/2022\/11\/francais-organisation-de-la-semaine-calasanzienne-au-complexe-scolaire-integral-bilingue-saint-joseph-calasanz-de-bafia\/","title":{"rendered":""},"content":{"rendered":"<p>[:fr]Ce Vendredi 18 Novembre s\u2019est tenu au Complexe Scolaire Int\u00e9gral Bilingue Saint Joseph Calasanz de Bafia, le rassemblement pr\u00e9paratoire en vue de l&#8217;organisation de la semaine Calasanzienne. Il \u00e9tait question de pr\u00e9senter les d\u00e9l\u00e9gu\u00e9s des \u00e9l\u00e8ves qui vont repr\u00e9senter l\u2019\u00e9cole cette ann\u00e9e. Les enfants et les enseignants se sont rassembl\u00e9s et les taches ont \u00e9t\u00e9 d\u00e9finies pour tous.<\/p>\n<p>&nbsp;<\/p>\n<p><img decoding=\"async\" class=\"size-full wp-image-37945 aligncenter\" src=\"https:\/\/www.itakaescolapios.org\/wp-content\/uploads\/2022\/11\/WhatsApp-Image-2022-11-18-at-8.04.18-AM.jpeg\" alt=\"\" width=\"984\" height=\"432\" srcset=\"https:\/\/www.itakaescolapios.org\/wp-content\/uploads\/2022\/11\/WhatsApp-Image-2022-11-18-at-8.04.18-AM.jpeg 984w, https:\/\/www.itakaescolapios.org\/wp-content\/uploads\/2022\/11\/WhatsApp-Image-2022-11-18-at-8.04.18-AM-300x132.jpeg 300w, https:\/\/www.itakaescolapios.org\/wp-content\/uploads\/2022\/11\/WhatsApp-Image-2022-11-18-at-8.04.18-AM-768x337.jpeg 768w, https:\/\/www.itakaescolapios.org\/wp-content\/uploads\/2022\/11\/WhatsApp-Image-2022-11-18-at-8.04.18-AM-250x110.jpeg 250w\" sizes=\"(max-width: 984px) 100vw, 984px\" \/>[:]<\/p>\n","protected":false},"excerpt":{"rendered":"<p>[:fr]Ce Vendredi 18 Novembre s\u2019est tenu au Complexe Scolaire Int\u00e9gral Bilingue Saint Joseph Calasanz de Bafia, le rassemblement pr\u00e9paratoire en vue de l&#8217;organisation de la semaine Calasanzienne. Il \u00e9tait question [&hellip;]<\/p>\n","protected":false},"author":15,"featured_media":37944,"comment_status":"closed","ping_status":"closed","sticky":false,"template":"","format":"standard","meta":{"_et_pb_use_builder":"","_et_pb_old_content":"","_et_gb_content_width":"","footnotes":""},"categories":[53,10],"tags":[],"class_list":["post-37942","post","type-post","status-publish","format-standard","has-post-thumbnail","hentry","category-africa-central","category-camerun"],"yoast_head":"<!-- This site is optimized with the Yoast SEO plugin v27.4 - https:\/\/yoast.com\/product\/yoast-seo-wordpress\/ -->\n<title>- Itaka-Escolapios<\/title>\n<meta name=\"description\" content=\"[:fr]Ce Vendredi 18 Novembre s\u2019est tenu au Complexe Scolaire Int\u00e9gral Bilingue Saint Joseph Calasanz de Bafia, le rassemblement pr\u00e9paratoire en vue de l&#039;organisation de la semaine Calasanzienne. Il \u00e9tait question de pr\u00e9senter les d\u00e9l\u00e9gu\u00e9s des \u00e9l\u00e8ves qui vont repr\u00e9senter l\u2019\u00e9cole cette ann\u00e9e. Les enfants et les enseignants se sont rassembl\u00e9s et les taches ont \u00e9t\u00e9&hellip;\" \/>\n<meta name=\"robots\" content=\"index, follow, max-snippet:-1, max-image-preview:large, max-video-preview:-1\" \/>\n<link rel=\"canonical\" href=\"\" \/>\n<meta property=\"og:locale\" content=\"ca_ES\" \/>\n<meta property=\"og:type\" content=\"article\" \/>\n<meta property=\"og:title\" content=\"- Itaka-Escolapios\" \/>\n<meta property=\"og:description\" content=\"[:fr]Ce Vendredi 18 Novembre s\u2019est tenu au Complexe Scolaire Int\u00e9gral Bilingue Saint Joseph Calasanz de Bafia, le rassemblement pr\u00e9paratoire en vue de l&#039;organisation de la semaine Calasanzienne. Il \u00e9tait question de pr\u00e9senter les d\u00e9l\u00e9gu\u00e9s des \u00e9l\u00e8ves qui vont repr\u00e9senter l\u2019\u00e9cole cette ann\u00e9e. Les enfants et les enseignants se sont rassembl\u00e9s et les taches ont \u00e9t\u00e9&hellip;\" \/>\n<meta property=\"og:url\" content=\"https:\/\/www.itakaescolapios.org\/ca\/2022\/11\/francais-organisation-de-la-semaine-calasanzienne-au-complexe-scolaire-integral-bilingue-saint-joseph-calasanz-de-bafia\/\" \/>\n<meta property=\"og:site_name\" content=\"Itaka-Escolapios\" \/>\n<meta property=\"article:published_time\" content=\"2022-11-18T09:23:47+00:00\" \/>\n<meta property=\"article:modified_time\" content=\"2023-11-28T11:35:39+00:00\" \/>\n<meta property=\"og:image\" content=\"https:\/\/www.itakaescolapios.org\/wp-content\/uploads\/2022\/11\/WhatsApp-Image-2022-11-18-at-8.04.19-AM.jpeg\" \/>\n\t<meta property=\"og:image:width\" content=\"984\" \/>\n\t<meta property=\"og:image:height\" content=\"432\" \/>\n\t<meta property=\"og:image:type\" content=\"image\/jpeg\" \/>\n<meta name=\"author\" content=\"cameroun01\" \/>\n<meta name=\"twitter:card\" content=\"summary_large_image\" \/>\n<meta name=\"twitter:label1\" content=\"Escrit per\" \/>\n\t<meta name=\"twitter:data1\" content=\"cameroun01\" \/>\n<script type=\"application\/ld+json\" class=\"yoast-schema-graph\">{\"@context\":\"https:\\\/\\\/schema.org\",\"@graph\":[{\"@type\":\"Article\",\"@id\":\"https:\\\/\\\/www.itakaescolapios.org\\\/ca\\\/2022\\\/11\\\/francais-organisation-de-la-semaine-calasanzienne-au-complexe-scolaire-integral-bilingue-saint-joseph-calasanz-de-bafia\\\/#article\",\"isPartOf\":{\"@id\":\"https:\\\/\\\/www.itakaescolapios.org\\\/ca\\\/2022\\\/11\\\/francais-organisation-de-la-semaine-calasanzienne-au-complexe-scolaire-integral-bilingue-saint-joseph-calasanz-de-bafia\\\/\"},\"author\":{\"name\":\"cameroun01\",\"@id\":\"https:\\\/\\\/www.itakaescolapios.org\\\/es\\\/#\\\/schema\\\/person\\\/d2844383e29bfdfef69039672ce14eb1\"},\"headline\":\"Sense t\u00edtol\",\"datePublished\":\"2022-11-18T09:23:47+00:00\",\"dateModified\":\"2023-11-28T11:35:39+00:00\",\"mainEntityOfPage\":{\"@id\":\"https:\\\/\\\/www.itakaescolapios.org\\\/ca\\\/2022\\\/11\\\/francais-organisation-de-la-semaine-calasanzienne-au-complexe-scolaire-integral-bilingue-saint-joseph-calasanz-de-bafia\\\/\"},\"wordCount\":73,\"publisher\":{\"@id\":\"https:\\\/\\\/www.itakaescolapios.org\\\/es\\\/#organization\"},\"image\":{\"@id\":\"https:\\\/\\\/www.itakaescolapios.org\\\/ca\\\/2022\\\/11\\\/francais-organisation-de-la-semaine-calasanzienne-au-complexe-scolaire-integral-bilingue-saint-joseph-calasanz-de-bafia\\\/#primaryimage\"},\"thumbnailUrl\":\"https:\\\/\\\/www.itakaescolapios.org\\\/wp-content\\\/uploads\\\/2022\\\/11\\\/WhatsApp-Image-2022-11-18-at-8.04.19-AM.jpeg\",\"articleSection\":[\"\u00c1frica Central\",\"Camerun\"],\"inLanguage\":\"ca\"},{\"@type\":\"WebPage\",\"@id\":\"https:\\\/\\\/www.itakaescolapios.org\\\/ca\\\/2022\\\/11\\\/francais-organisation-de-la-semaine-calasanzienne-au-complexe-scolaire-integral-bilingue-saint-joseph-calasanz-de-bafia\\\/\",\"url\":\"https:\\\/\\\/www.itakaescolapios.org\\\/ca\\\/2022\\\/11\\\/francais-organisation-de-la-semaine-calasanzienne-au-complexe-scolaire-integral-bilingue-saint-joseph-calasanz-de-bafia\\\/\",\"name\":\"- Itaka-Escolapios\",\"isPartOf\":{\"@id\":\"https:\\\/\\\/www.itakaescolapios.org\\\/es\\\/#website\"},\"primaryImageOfPage\":{\"@id\":\"https:\\\/\\\/www.itakaescolapios.org\\\/ca\\\/2022\\\/11\\\/francais-organisation-de-la-semaine-calasanzienne-au-complexe-scolaire-integral-bilingue-saint-joseph-calasanz-de-bafia\\\/#primaryimage\"},\"image\":{\"@id\":\"https:\\\/\\\/www.itakaescolapios.org\\\/ca\\\/2022\\\/11\\\/francais-organisation-de-la-semaine-calasanzienne-au-complexe-scolaire-integral-bilingue-saint-joseph-calasanz-de-bafia\\\/#primaryimage\"},\"thumbnailUrl\":\"https:\\\/\\\/www.itakaescolapios.org\\\/wp-content\\\/uploads\\\/2022\\\/11\\\/WhatsApp-Image-2022-11-18-at-8.04.19-AM.jpeg\",\"datePublished\":\"2022-11-18T09:23:47+00:00\",\"dateModified\":\"2023-11-28T11:35:39+00:00\",\"inLanguage\":\"ca\",\"potentialAction\":[{\"@type\":\"ReadAction\",\"target\":[\"https:\\\/\\\/www.itakaescolapios.org\\\/ca\\\/2022\\\/11\\\/francais-organisation-de-la-semaine-calasanzienne-au-complexe-scolaire-integral-bilingue-saint-joseph-calasanz-de-bafia\\\/\"]}]},{\"@type\":\"ImageObject\",\"inLanguage\":\"ca\",\"@id\":\"https:\\\/\\\/www.itakaescolapios.org\\\/ca\\\/2022\\\/11\\\/francais-organisation-de-la-semaine-calasanzienne-au-complexe-scolaire-integral-bilingue-saint-joseph-calasanz-de-bafia\\\/#primaryimage\",\"url\":\"https:\\\/\\\/www.itakaescolapios.org\\\/wp-content\\\/uploads\\\/2022\\\/11\\\/WhatsApp-Image-2022-11-18-at-8.04.19-AM.jpeg\",\"contentUrl\":\"https:\\\/\\\/www.itakaescolapios.org\\\/wp-content\\\/uploads\\\/2022\\\/11\\\/WhatsApp-Image-2022-11-18-at-8.04.19-AM.jpeg\",\"width\":984,\"height\":432},{\"@type\":\"WebSite\",\"@id\":\"https:\\\/\\\/www.itakaescolapios.org\\\/ca\\\/es\\\/#website\",\"url\":\"https:\\\/\\\/www.itakaescolapios.org\\\/ca\\\/es\\\/\",\"name\":\"Itaka-Escolapios\",\"description\":\"Red de Itaka-Escolapios\",\"publisher\":{\"@id\":\"https:\\\/\\\/www.itakaescolapios.org\\\/ca\\\/es\\\/#organization\"},\"potentialAction\":[{\"@type\":\"SearchAction\",\"target\":{\"@type\":\"EntryPoint\",\"urlTemplate\":\"https:\\\/\\\/www.itakaescolapios.org\\\/ca\\\/es\\\/?s={search_term_string}\"},\"query-input\":{\"@type\":\"PropertyValueSpecification\",\"valueRequired\":true,\"valueName\":\"search_term_string\"}}],\"inLanguage\":\"ca\"},{\"@type\":\"Organization\",\"@id\":\"https:\\\/\\\/www.itakaescolapios.org\\\/ca\\\/es\\\/#organization\",\"name\":\"Fundaci\u00f3 Itaka-Escolapios\",\"url\":\"https:\\\/\\\/www.itakaescolapios.org\\\/ca\\\/es\\\/\",\"logo\":{\"@type\":\"ImageObject\",\"inLanguage\":\"ca\",\"@id\":\"https:\\\/\\\/www.itakaescolapios.org\\\/ca\\\/es\\\/#\\\/schema\\\/logo\\\/image\\\/\",\"url\":\"https:\\\/\\\/www.itakaescolapios.org\\\/wp-content\\\/uploads\\\/2024\\\/04\\\/Logo-itakaescolapios-peque.png\",\"contentUrl\":\"https:\\\/\\\/www.itakaescolapios.org\\\/wp-content\\\/uploads\\\/2024\\\/04\\\/Logo-itakaescolapios-peque.png\",\"width\":500,\"height\":199,\"caption\":\"Fundaci\u00f3 Itaka-Escolapios\"},\"image\":{\"@id\":\"https:\\\/\\\/www.itakaescolapios.org\\\/ca\\\/es\\\/#\\\/schema\\\/logo\\\/image\\\/\"}},{\"@type\":\"Person\",\"@id\":\"https:\\\/\\\/www.itakaescolapios.org\\\/es\\\/#\\\/schema\\\/person\\\/d2844383e29bfdfef69039672ce14eb1\",\"name\":\"cameroun01\",\"url\":\"https:\\\/\\\/www.itakaescolapios.org\\\/ca\\\/author\\\/cameroun01\\\/\"}]}<\/script>\n<!-- \/ Yoast SEO plugin. -->","yoast_head_json":{"title":"- Itaka-Escolapios","description":"[:fr]Ce Vendredi 18 Novembre s\u2019est tenu au Complexe Scolaire Int\u00e9gral Bilingue Saint Joseph Calasanz de Bafia, le rassemblement pr\u00e9paratoire en vue de l'organisation de la semaine Calasanzienne. Il \u00e9tait question de pr\u00e9senter les d\u00e9l\u00e9gu\u00e9s des \u00e9l\u00e8ves qui vont repr\u00e9senter l\u2019\u00e9cole cette ann\u00e9e. Les enfants et les enseignants se sont rassembl\u00e9s et les taches ont \u00e9t\u00e9&hellip;","robots":{"index":"index","follow":"follow","max-snippet":"max-snippet:-1","max-image-preview":"max-image-preview:large","max-video-preview":"max-video-preview:-1"},"canonical":"[:fr]Ce Vendredi 18 Novembre s\u2019est tenu au Complexe Scolaire Int\u00e9gral Bilingue Saint Joseph Calasanz de Bafia, le rassemblement pr\u00e9paratoire en vue de l'organisation de la semaine Calasanzienne. Il \u00e9tait question de pr\u00e9senter les d\u00e9l\u00e9gu\u00e9s des \u00e9l\u00e8ves qui vont repr\u00e9senter l\u2019\u00e9cole cette ann\u00e9e. Les enfants et les enseignants se sont rassembl\u00e9s et les taches ont \u00e9t\u00e9&hellip;","og_locale":"ca_ES","og_type":"article","og_title":"- Itaka-Escolapios","og_description":"[:fr]Ce Vendredi 18 Novembre s\u2019est tenu au Complexe Scolaire Int\u00e9gral Bilingue Saint Joseph Calasanz de Bafia, le rassemblement pr\u00e9paratoire en vue de l'organisation de la semaine Calasanzienne. Il \u00e9tait question de pr\u00e9senter les d\u00e9l\u00e9gu\u00e9s des \u00e9l\u00e8ves qui vont repr\u00e9senter l\u2019\u00e9cole cette ann\u00e9e. Les enfants et les enseignants se sont rassembl\u00e9s et les taches ont \u00e9t\u00e9&hellip;","og_url":"https:\/\/www.itakaescolapios.org\/ca\/2022\/11\/francais-organisation-de-la-semaine-calasanzienne-au-complexe-scolaire-integral-bilingue-saint-joseph-calasanz-de-bafia\/","og_site_name":"Itaka-Escolapios","article_published_time":"2022-11-18T09:23:47+00:00","article_modified_time":"2023-11-28T11:35:39+00:00","og_image":[{"width":984,"height":432,"url":"https:\/\/www.itakaescolapios.org\/wp-content\/uploads\/2022\/11\/WhatsApp-Image-2022-11-18-at-8.04.19-AM.jpeg","type":"image\/jpeg"}],"author":"cameroun01","twitter_card":"summary_large_image","twitter_misc":{"Escrit per":"cameroun01"},"schema":{"@context":"https:\/\/schema.org","@graph":[{"@type":"Article","@id":"https:\/\/www.itakaescolapios.org\/ca\/2022\/11\/francais-organisation-de-la-semaine-calasanzienne-au-complexe-scolaire-integral-bilingue-saint-joseph-calasanz-de-bafia\/#article","isPartOf":{"@id":"https:\/\/www.itakaescolapios.org\/ca\/2022\/11\/francais-organisation-de-la-semaine-calasanzienne-au-complexe-scolaire-integral-bilingue-saint-joseph-calasanz-de-bafia\/"},"author":{"name":"cameroun01","@id":"https:\/\/www.itakaescolapios.org\/es\/#\/schema\/person\/d2844383e29bfdfef69039672ce14eb1"},"headline":"Sense t\u00edtol","datePublished":"2022-11-18T09:23:47+00:00","dateModified":"2023-11-28T11:35:39+00:00","mainEntityOfPage":{"@id":"https:\/\/www.itakaescolapios.org\/ca\/2022\/11\/francais-organisation-de-la-semaine-calasanzienne-au-complexe-scolaire-integral-bilingue-saint-joseph-calasanz-de-bafia\/"},"wordCount":73,"publisher":{"@id":"https:\/\/www.itakaescolapios.org\/es\/#organization"},"image":{"@id":"https:\/\/www.itakaescolapios.org\/ca\/2022\/11\/francais-organisation-de-la-semaine-calasanzienne-au-complexe-scolaire-integral-bilingue-saint-joseph-calasanz-de-bafia\/#primaryimage"},"thumbnailUrl":"https:\/\/www.itakaescolapios.org\/wp-content\/uploads\/2022\/11\/WhatsApp-Image-2022-11-18-at-8.04.19-AM.jpeg","articleSection":["\u00c1frica Central","Camerun"],"inLanguage":"ca"},{"@type":"WebPage","@id":"https:\/\/www.itakaescolapios.org\/ca\/2022\/11\/francais-organisation-de-la-semaine-calasanzienne-au-complexe-scolaire-integral-bilingue-saint-joseph-calasanz-de-bafia\/","url":"https:\/\/www.itakaescolapios.org\/ca\/2022\/11\/francais-organisation-de-la-semaine-calasanzienne-au-complexe-scolaire-integral-bilingue-saint-joseph-calasanz-de-bafia\/","name":"- Itaka-Escolapios","isPartOf":{"@id":"https:\/\/www.itakaescolapios.org\/es\/#website"},"primaryImageOfPage":{"@id":"https:\/\/www.itakaescolapios.org\/ca\/2022\/11\/francais-organisation-de-la-semaine-calasanzienne-au-complexe-scolaire-integral-bilingue-saint-joseph-calasanz-de-bafia\/#primaryimage"},"image":{"@id":"https:\/\/www.itakaescolapios.org\/ca\/2022\/11\/francais-organisation-de-la-semaine-calasanzienne-au-complexe-scolaire-integral-bilingue-saint-joseph-calasanz-de-bafia\/#primaryimage"},"thumbnailUrl":"https:\/\/www.itakaescolapios.org\/wp-content\/uploads\/2022\/11\/WhatsApp-Image-2022-11-18-at-8.04.19-AM.jpeg","datePublished":"2022-11-18T09:23:47+00:00","dateModified":"2023-11-28T11:35:39+00:00","inLanguage":"ca","potentialAction":[{"@type":"ReadAction","target":["https:\/\/www.itakaescolapios.org\/ca\/2022\/11\/francais-organisation-de-la-semaine-calasanzienne-au-complexe-scolaire-integral-bilingue-saint-joseph-calasanz-de-bafia\/"]}]},{"@type":"ImageObject","inLanguage":"ca","@id":"https:\/\/www.itakaescolapios.org\/ca\/2022\/11\/francais-organisation-de-la-semaine-calasanzienne-au-complexe-scolaire-integral-bilingue-saint-joseph-calasanz-de-bafia\/#primaryimage","url":"https:\/\/www.itakaescolapios.org\/wp-content\/uploads\/2022\/11\/WhatsApp-Image-2022-11-18-at-8.04.19-AM.jpeg","contentUrl":"https:\/\/www.itakaescolapios.org\/wp-content\/uploads\/2022\/11\/WhatsApp-Image-2022-11-18-at-8.04.19-AM.jpeg","width":984,"height":432},{"@type":"WebSite","@id":"https:\/\/www.itakaescolapios.org\/ca\/es\/#website","url":"https:\/\/www.itakaescolapios.org\/ca\/es\/","name":"Itaka-Escolapios","description":"Red de Itaka-Escolapios","publisher":{"@id":"https:\/\/www.itakaescolapios.org\/ca\/es\/#organization"},"potentialAction":[{"@type":"SearchAction","target":{"@type":"EntryPoint","urlTemplate":"https:\/\/www.itakaescolapios.org\/ca\/es\/?s={search_term_string}"},"query-input":{"@type":"PropertyValueSpecification","valueRequired":true,"valueName":"search_term_string"}}],"inLanguage":"ca"},{"@type":"Organization","@id":"https:\/\/www.itakaescolapios.org\/ca\/es\/#organization","name":"Fundaci\u00f3 Itaka-Escolapios","url":"https:\/\/www.itakaescolapios.org\/ca\/es\/","logo":{"@type":"ImageObject","inLanguage":"ca","@id":"https:\/\/www.itakaescolapios.org\/ca\/es\/#\/schema\/logo\/image\/","url":"https:\/\/www.itakaescolapios.org\/wp-content\/uploads\/2024\/04\/Logo-itakaescolapios-peque.png","contentUrl":"https:\/\/www.itakaescolapios.org\/wp-content\/uploads\/2024\/04\/Logo-itakaescolapios-peque.png","width":500,"height":199,"caption":"Fundaci\u00f3 Itaka-Escolapios"},"image":{"@id":"https:\/\/www.itakaescolapios.org\/ca\/es\/#\/schema\/logo\/image\/"}},{"@type":"Person","@id":"https:\/\/www.itakaescolapios.org\/es\/#\/schema\/person\/d2844383e29bfdfef69039672ce14eb1","name":"cameroun01","url":"https:\/\/www.itakaescolapios.org\/ca\/author\/cameroun01\/"}]}},"_links":{"self":[{"href":"https:\/\/www.itakaescolapios.org\/ca\/wp-json\/wp\/v2\/posts\/37942","targetHints":{"allow":["GET"]}}],"collection":[{"href":"https:\/\/www.itakaescolapios.org\/ca\/wp-json\/wp\/v2\/posts"}],"about":[{"href":"https:\/\/www.itakaescolapios.org\/ca\/wp-json\/wp\/v2\/types\/post"}],"author":[{"embeddable":true,"href":"https:\/\/www.itakaescolapios.org\/ca\/wp-json\/wp\/v2\/users\/15"}],"replies":[{"embeddable":true,"href":"https:\/\/www.itakaescolapios.org\/ca\/wp-json\/wp\/v2\/comments?post=37942"}],"version-history":[{"count":3,"href":"https:\/\/www.itakaescolapios.org\/ca\/wp-json\/wp\/v2\/posts\/37942\/revisions"}],"predecessor-version":[{"id":43770,"href":"https:\/\/www.itakaescolapios.org\/ca\/wp-json\/wp\/v2\/posts\/37942\/revisions\/43770"}],"wp:featuredmedia":[{"embeddable":true,"href":"https:\/\/www.itakaescolapios.org\/ca\/wp-json\/wp\/v2\/media\/37944"}],"wp:attachment":[{"href":"https:\/\/www.itakaescolapios.org\/ca\/wp-json\/wp\/v2\/media?parent=37942"}],"wp:term":[{"taxonomy":"category","embeddable":true,"href":"https:\/\/www.itakaescolapios.org\/ca\/wp-json\/wp\/v2\/categories?post=37942"},{"taxonomy":"post_tag","embeddable":true,"href":"https:\/\/www.itakaescolapios.org\/ca\/wp-json\/wp\/v2\/tags?post=37942"}],"curies":[{"name":"wp","href":"https:\/\/api.w.org\/{rel}","templated":true}]}}