{"id":3801,"date":"2012-10-16T10:28:52","date_gmt":"2012-10-16T09:28:52","guid":{"rendered":"https:\/\/www.itakaescolapios.org\/?p=3801"},"modified":"2023-11-28T12:39:36","modified_gmt":"2023-11-28T11:39:36","slug":"17-octubre-dia-internacional-de-lucha-contra-la-pobreza","status":"publish","type":"post","link":"https:\/\/www.itakaescolapios.org\/ca\/2012\/10\/17-octubre-dia-internacional-de-lucha-contra-la-pobreza\/","title":{"rendered":"17 OCTUBRE, D\u00cdA INTERNACIONAL DE LUCHA CONTRA LA POBREZA"},"content":{"rendered":"<p><strong>Los colectivos que organizamos actividades y movilizaciones con motivo del D\u00eda Internacional contra la Pobreza (17 de octubre) queremos poner una nota de color y calor en este d\u00eda. Por ello, nos gustar\u00eda que nos acompa\u00f1\u00e1seis el d\u00eda 17 de octubre, entre las 17h y 19h leyendo en el Arenal textos de Galeano, Benedetti, Richmann, Marcela Lagarde&#8230;<\/strong><\/p>\n<p><strong>\u00bfPor qu\u00e9 ese d\u00eda?<\/strong><strong><\/strong><\/p>\n<p><strong>17 de octubre, D\u00eda Internacional contra la Pobreza<\/strong><\/p>\n<p>El 17 de octubre de 1987, convocadas por el movimiento contra la pobreza ATD Quart Monde, 100.000 personas se reunieron en el atrio del Trocadero en Par\u00eds para rendir homenaje a las v\u00edctimas del hambre, de la violencia y de la ignorancia, manifestar su rechazo a la pobreza y a la exclusi\u00f3n social, y hacer un llamamiento a la humanidad para luchar por el respeto de los Derechos Humanos. Este llamamiento se plasm\u00f3 en una placa ubicada en el atrio de los Derechos Humanos y de las Libertades, all\u00ed donde en 1948 fue firmada la Declaraci\u00f3n Universal de los Derechos Humanos.<\/p>\n<p>Posteriormente a esta fecha, el 17 de Octubre de cada a\u00f1o, personas excluidas y todas aquellas personas y movimientos que rechazan la miseria y la exclusi\u00f3n, se re\u00fanen en el mundo entero a fin de testificar su solidaridad y su compromiso para que la dignidad y la libertad de todas las personas sean respetadas. De esta manera naci\u00f3 la \u201cJornada Mundial del Rechazo a la Miseria\u201d. El 22 de Diciembre de 1992, la Asamblea de las Naciones Unidas proclama el 17 de Octubre como: D\u00cdA INTERNACIONAL PARA LA ELIMINACION DE LA POBREZA. Desde entonces las iniciativas para celebrar esta Jornada contin\u00faan multiplic\u00e1ndose por todo el mundo.<\/p>\n<p><strong>\u00bfQu\u00e9 hemos hecho otros a\u00f1os?<\/strong><\/p>\n<p>En Euskadi las redes aqu\u00ed presentes llevamos a\u00f1os trabajando para que la sociedad sea consciente de la importancia de asegurar un sistema que permita vivir con dignidad, el acceso al conciencie de la empleo, a las prestaciones sociales, a los derechos b\u00e1sicos\u2026<strong>Y si bien lo hacemos durante todo el a\u00f1o, desde el 2006 adem\u00e1s nos coordinamos para recordar que el 17 de octubre no es una celebraci\u00f3n, sino una reivindicaci\u00f3n de los derechos b\u00e1sicos, sociales y necesarios para una vida digna de todas las personas, un d\u00eda para recordar que la situaci\u00f3n de pobreza en la poblaci\u00f3n sigue aumentando y cada d\u00eda m\u00e1s.<\/strong><\/p>\n<p>Necesitamos un cambio de modelo social, econ\u00f3mico y pol\u00edtico ya que en la sociedad vasca hay personas (cada vez m\u00e1s) que viven bajo el umbral de la pobreza, que no pueden acceder a una vivienda, que no puede participar de la sociedad como los dem\u00e1s, a la que niegan los derechos a la protecci\u00f3n social b\u00e1sica\u2026 en definitiva, se est\u00e1 dando un recorte del estado de bienestar que no nos podemos permitir.<strong> <\/strong><\/p>\n<p><strong> <\/strong><strong>Mira nuestro v\u00eddeo aqu\u00ed: <\/strong><a href=\"http:\/\/youtu.be\/HSjyBMqEwyI\">http:\/\/youtu.be\/HSjyBMqEwyI<\/a><\/p>\n<p><strong>\u00bfQu\u00e9 queremos hacer este a\u00f1o?<\/strong><\/p>\n<p>Queremos dar calor y color a estos tiempos, acompa\u00f1adas por textos de Galeano, Benedetti, Marcela Lagarde, la Carta de los Derechos Humanos&#8230;<\/p>\n<p>Y para ello queremos tu colaboraci\u00f3n. La idea es estar en el Arenall de Bilbao el d\u00eda 17 de octubre de 17h a 19h leyendo de forma ininterrumpida, para luego marchar en manifestaci\u00f3n hasta Moy\u00faa y volver al Arenal, donde leeremos el siguiente manifiesto (pdf adjunto).<\/p>\n<p>An\u00edmate, \u00a1\u00a1ser\u00eda muy grato para nosotras que nos acompa\u00f1aras<\/p>\n","protected":false},"excerpt":{"rendered":"<p>Los colectivos que organizamos actividades y movilizaciones con motivo del D\u00eda Internacional contra la Pobreza (17 de octubre) queremos poner una nota de color y calor en este d\u00eda. Por [&hellip;]<\/p>\n","protected":false},"author":4,"featured_media":3802,"comment_status":"closed","ping_status":"closed","sticky":false,"template":"","format":"standard","meta":{"_et_pb_use_builder":"","_et_pb_old_content":"","_et_gb_content_width":"","footnotes":""},"categories":[9],"tags":[],"class_list":["post-3801","post","type-post","status-publish","format-standard","has-post-thumbnail","hentry","category-bilbao"],"yoast_head":"<!-- This site is optimized with the Yoast SEO plugin v27.4 - https:\/\/yoast.com\/product\/yoast-seo-wordpress\/ -->\n<title>17 OCTUBRE, D\u00cdA INTERNACIONAL DE LUCHA CONTRA LA POBREZA<\/title>\n<meta name=\"description\" content=\"Los colectivos que organizamos actividades y movilizaciones con motivo del D\u00eda Internacional contra la Pobreza (17 de octubre) queremos poner una nota de color y calor en este d\u00eda. Por ello, nos gustar\u00eda que nos acompa\u00f1\u00e1seis el d\u00eda 17 de octubre, entre las 17h y 19h leyendo en el Arenal textos de Galeano, Benedetti, Richmann,&hellip;\" \/>\n<meta name=\"robots\" content=\"index, follow, max-snippet:-1, max-image-preview:large, max-video-preview:-1\" \/>\n<link rel=\"canonical\" href=\"http:\/\/Los%20colectivos%20que%20organizamos%20actividades%20y%20movilizaciones%20con%20motivo%20del%20D\u00eda%20Internacional%20contra%20la%20Pobreza%20(17%20de%20octubre)%20queremos%20poner%20una%20nota%20de%20color%20y%20calor%20en%20este%20d\u00eda.%20Por%20ello,%20nos%20gustar\u00eda%20que%20nos%20acompa\u00f1\u00e1seis%20el%20d\u00eda%2017%20de%20octubre,%20entre%20las%2017h%20y%2019h%20leyendo%20en%20el%20Arenal%20textos%20de%20Galeano,%20Benedetti,%20Richmann,&hellip;\" \/>\n<meta property=\"og:locale\" content=\"ca_ES\" \/>\n<meta property=\"og:type\" content=\"article\" \/>\n<meta property=\"og:title\" content=\"17 OCTUBRE, D\u00cdA INTERNACIONAL DE LUCHA CONTRA LA POBREZA\" \/>\n<meta property=\"og:description\" content=\"Los colectivos que organizamos actividades y movilizaciones con motivo del D\u00eda Internacional contra la Pobreza (17 de octubre) queremos poner una nota de color y calor en este d\u00eda. Por ello, nos gustar\u00eda que nos acompa\u00f1\u00e1seis el d\u00eda 17 de octubre, entre las 17h y 19h leyendo en el Arenal textos de Galeano, Benedetti, Richmann,&hellip;\" \/>\n<meta property=\"og:url\" content=\"https:\/\/www.itakaescolapios.org\/ca\/2012\/10\/17-octubre-dia-internacional-de-lucha-contra-la-pobreza\/\" \/>\n<meta property=\"og:site_name\" content=\"Itaka-Escolapios\" \/>\n<meta property=\"article:published_time\" content=\"2012-10-16T09:28:52+00:00\" \/>\n<meta property=\"article:modified_time\" content=\"2023-11-28T11:39:36+00:00\" \/>\n<meta property=\"og:image\" content=\"https:\/\/www.itakaescolapios.org\/wp-content\/uploads\/2012\/10\/17-octubre.jpg\" \/>\n\t<meta property=\"og:image:width\" content=\"522\" \/>\n\t<meta property=\"og:image:height\" content=\"399\" \/>\n\t<meta property=\"og:image:type\" content=\"image\/jpeg\" \/>\n<meta name=\"author\" content=\"itaka\" \/>\n<meta name=\"twitter:card\" content=\"summary_large_image\" \/>\n<meta name=\"twitter:label1\" content=\"Escrit per\" \/>\n\t<meta name=\"twitter:data1\" content=\"itaka\" \/>\n\t<meta name=\"twitter:label2\" content=\"Temps estimat de lectura\" \/>\n\t<meta name=\"twitter:data2\" content=\"3 minuts\" \/>\n<script type=\"application\/ld+json\" class=\"yoast-schema-graph\">{\"@context\":\"https:\\\/\\\/schema.org\",\"@graph\":[{\"@type\":\"Article\",\"@id\":\"https:\\\/\\\/www.itakaescolapios.org\\\/ca\\\/2012\\\/10\\\/17-octubre-dia-internacional-de-lucha-contra-la-pobreza\\\/#article\",\"isPartOf\":{\"@id\":\"https:\\\/\\\/www.itakaescolapios.org\\\/ca\\\/2012\\\/10\\\/17-octubre-dia-internacional-de-lucha-contra-la-pobreza\\\/\"},\"author\":{\"name\":\"itaka\",\"@id\":\"https:\\\/\\\/www.itakaescolapios.org\\\/es\\\/#\\\/schema\\\/person\\\/670123daeb1cc31cae1b106740036ccb\"},\"headline\":\"17 OCTUBRE, D\u00cdA INTERNACIONAL DE LUCHA CONTRA LA POBREZA\",\"datePublished\":\"2012-10-16T09:28:52+00:00\",\"dateModified\":\"2023-11-28T11:39:36+00:00\",\"mainEntityOfPage\":{\"@id\":\"https:\\\/\\\/www.itakaescolapios.org\\\/ca\\\/2012\\\/10\\\/17-octubre-dia-internacional-de-lucha-contra-la-pobreza\\\/\"},\"wordCount\":588,\"publisher\":{\"@id\":\"https:\\\/\\\/www.itakaescolapios.org\\\/es\\\/#organization\"},\"image\":{\"@id\":\"https:\\\/\\\/www.itakaescolapios.org\\\/ca\\\/2012\\\/10\\\/17-octubre-dia-internacional-de-lucha-contra-la-pobreza\\\/#primaryimage\"},\"thumbnailUrl\":\"https:\\\/\\\/www.itakaescolapios.org\\\/wp-content\\\/uploads\\\/2012\\\/10\\\/17-octubre.jpg\",\"articleSection\":[\"Bilbao\"],\"inLanguage\":\"ca\"},{\"@type\":\"WebPage\",\"@id\":\"https:\\\/\\\/www.itakaescolapios.org\\\/ca\\\/2012\\\/10\\\/17-octubre-dia-internacional-de-lucha-contra-la-pobreza\\\/\",\"url\":\"https:\\\/\\\/www.itakaescolapios.org\\\/ca\\\/2012\\\/10\\\/17-octubre-dia-internacional-de-lucha-contra-la-pobreza\\\/\",\"name\":\"17 OCTUBRE, D\u00cdA INTERNACIONAL DE LUCHA CONTRA LA POBREZA - Itaka-Escolapios\",\"isPartOf\":{\"@id\":\"https:\\\/\\\/www.itakaescolapios.org\\\/es\\\/#website\"},\"primaryImageOfPage\":{\"@id\":\"https:\\\/\\\/www.itakaescolapios.org\\\/ca\\\/2012\\\/10\\\/17-octubre-dia-internacional-de-lucha-contra-la-pobreza\\\/#primaryimage\"},\"image\":{\"@id\":\"https:\\\/\\\/www.itakaescolapios.org\\\/ca\\\/2012\\\/10\\\/17-octubre-dia-internacional-de-lucha-contra-la-pobreza\\\/#primaryimage\"},\"thumbnailUrl\":\"https:\\\/\\\/www.itakaescolapios.org\\\/wp-content\\\/uploads\\\/2012\\\/10\\\/17-octubre.jpg\",\"datePublished\":\"2012-10-16T09:28:52+00:00\",\"dateModified\":\"2023-11-28T11:39:36+00:00\",\"breadcrumb\":{\"@id\":\"https:\\\/\\\/www.itakaescolapios.org\\\/ca\\\/2012\\\/10\\\/17-octubre-dia-internacional-de-lucha-contra-la-pobreza\\\/#breadcrumb\"},\"inLanguage\":\"ca\",\"potentialAction\":[{\"@type\":\"ReadAction\",\"target\":[\"https:\\\/\\\/www.itakaescolapios.org\\\/ca\\\/2012\\\/10\\\/17-octubre-dia-internacional-de-lucha-contra-la-pobreza\\\/\"]}]},{\"@type\":\"ImageObject\",\"inLanguage\":\"ca\",\"@id\":\"https:\\\/\\\/www.itakaescolapios.org\\\/ca\\\/2012\\\/10\\\/17-octubre-dia-internacional-de-lucha-contra-la-pobreza\\\/#primaryimage\",\"url\":\"https:\\\/\\\/www.itakaescolapios.org\\\/wp-content\\\/uploads\\\/2012\\\/10\\\/17-octubre.jpg\",\"contentUrl\":\"https:\\\/\\\/www.itakaescolapios.org\\\/wp-content\\\/uploads\\\/2012\\\/10\\\/17-octubre.jpg\",\"width\":\"522\",\"height\":\"399\"},{\"@type\":\"BreadcrumbList\",\"@id\":\"https:\\\/\\\/www.itakaescolapios.org\\\/ca\\\/2012\\\/10\\\/17-octubre-dia-internacional-de-lucha-contra-la-pobreza\\\/#breadcrumb\",\"itemListElement\":[{\"@type\":\"ListItem\",\"position\":1,\"name\":\"Itaka-Escolapios\",\"item\":\"https:\\\/\\\/www.itakaescolapios.org\\\/es\\\/\"},{\"@type\":\"ListItem\",\"position\":2,\"name\":\"17 OCTUBRE, D\u00cdA INTERNACIONAL DE LUCHA CONTRA LA POBREZA\"}]},{\"@type\":\"WebSite\",\"@id\":\"https:\\\/\\\/www.itakaescolapios.org\\\/ca\\\/es\\\/#website\",\"url\":\"https:\\\/\\\/www.itakaescolapios.org\\\/ca\\\/es\\\/\",\"name\":\"Itaka-Escolapios\",\"description\":\"Red de Itaka-Escolapios\",\"publisher\":{\"@id\":\"https:\\\/\\\/www.itakaescolapios.org\\\/ca\\\/es\\\/#organization\"},\"potentialAction\":[{\"@type\":\"SearchAction\",\"target\":{\"@type\":\"EntryPoint\",\"urlTemplate\":\"https:\\\/\\\/www.itakaescolapios.org\\\/ca\\\/es\\\/?s={search_term_string}\"},\"query-input\":{\"@type\":\"PropertyValueSpecification\",\"valueRequired\":true,\"valueName\":\"search_term_string\"}}],\"inLanguage\":\"ca\"},{\"@type\":\"Organization\",\"@id\":\"https:\\\/\\\/www.itakaescolapios.org\\\/ca\\\/es\\\/#organization\",\"name\":\"Fundaci\u00f3 Itaka-Escolapios\",\"url\":\"https:\\\/\\\/www.itakaescolapios.org\\\/ca\\\/es\\\/\",\"logo\":{\"@type\":\"ImageObject\",\"inLanguage\":\"ca\",\"@id\":\"https:\\\/\\\/www.itakaescolapios.org\\\/ca\\\/es\\\/#\\\/schema\\\/logo\\\/image\\\/\",\"url\":\"https:\\\/\\\/www.itakaescolapios.org\\\/wp-content\\\/uploads\\\/2024\\\/04\\\/Logo-itakaescolapios-peque.png\",\"contentUrl\":\"https:\\\/\\\/www.itakaescolapios.org\\\/wp-content\\\/uploads\\\/2024\\\/04\\\/Logo-itakaescolapios-peque.png\",\"width\":500,\"height\":199,\"caption\":\"Fundaci\u00f3 Itaka-Escolapios\"},\"image\":{\"@id\":\"https:\\\/\\\/www.itakaescolapios.org\\\/ca\\\/es\\\/#\\\/schema\\\/logo\\\/image\\\/\"}},{\"@type\":\"Person\",\"@id\":\"https:\\\/\\\/www.itakaescolapios.org\\\/es\\\/#\\\/schema\\\/person\\\/670123daeb1cc31cae1b106740036ccb\",\"name\":\"itaka\",\"url\":\"https:\\\/\\\/www.itakaescolapios.org\\\/ca\\\/author\\\/itaka\\\/\"}]}<\/script>\n<!-- \/ Yoast SEO plugin. -->","yoast_head_json":{"title":"17 OCTUBRE, D\u00cdA INTERNACIONAL DE LUCHA CONTRA LA POBREZA","description":"Los colectivos que organizamos actividades y movilizaciones con motivo del D\u00eda Internacional contra la Pobreza (17 de octubre) queremos poner una nota de color y calor en este d\u00eda. Por ello, nos gustar\u00eda que nos acompa\u00f1\u00e1seis el d\u00eda 17 de octubre, entre las 17h y 19h leyendo en el Arenal textos de Galeano, Benedetti, Richmann,&hellip;","robots":{"index":"index","follow":"follow","max-snippet":"max-snippet:-1","max-image-preview":"max-image-preview:large","max-video-preview":"max-video-preview:-1"},"canonical":"Los colectivos que organizamos actividades y movilizaciones con motivo del D\u00eda Internacional contra la Pobreza (17 de octubre) queremos poner una nota de color y calor en este d\u00eda. Por ello, nos gustar\u00eda que nos acompa\u00f1\u00e1seis el d\u00eda 17 de octubre, entre las 17h y 19h leyendo en el Arenal textos de Galeano, Benedetti, Richmann,&hellip;","og_locale":"ca_ES","og_type":"article","og_title":"17 OCTUBRE, D\u00cdA INTERNACIONAL DE LUCHA CONTRA LA POBREZA","og_description":"Los colectivos que organizamos actividades y movilizaciones con motivo del D\u00eda Internacional contra la Pobreza (17 de octubre) queremos poner una nota de color y calor en este d\u00eda. Por ello, nos gustar\u00eda que nos acompa\u00f1\u00e1seis el d\u00eda 17 de octubre, entre las 17h y 19h leyendo en el Arenal textos de Galeano, Benedetti, Richmann,&hellip;","og_url":"https:\/\/www.itakaescolapios.org\/ca\/2012\/10\/17-octubre-dia-internacional-de-lucha-contra-la-pobreza\/","og_site_name":"Itaka-Escolapios","article_published_time":"2012-10-16T09:28:52+00:00","article_modified_time":"2023-11-28T11:39:36+00:00","og_image":[{"width":522,"height":399,"url":"https:\/\/www.itakaescolapios.org\/wp-content\/uploads\/2012\/10\/17-octubre.jpg","type":"image\/jpeg"}],"author":"itaka","twitter_card":"summary_large_image","twitter_misc":{"Escrit per":"itaka","Temps estimat de lectura":"3 minuts"},"schema":{"@context":"https:\/\/schema.org","@graph":[{"@type":"Article","@id":"https:\/\/www.itakaescolapios.org\/ca\/2012\/10\/17-octubre-dia-internacional-de-lucha-contra-la-pobreza\/#article","isPartOf":{"@id":"https:\/\/www.itakaescolapios.org\/ca\/2012\/10\/17-octubre-dia-internacional-de-lucha-contra-la-pobreza\/"},"author":{"name":"itaka","@id":"https:\/\/www.itakaescolapios.org\/es\/#\/schema\/person\/670123daeb1cc31cae1b106740036ccb"},"headline":"17 OCTUBRE, D\u00cdA INTERNACIONAL DE LUCHA CONTRA LA POBREZA","datePublished":"2012-10-16T09:28:52+00:00","dateModified":"2023-11-28T11:39:36+00:00","mainEntityOfPage":{"@id":"https:\/\/www.itakaescolapios.org\/ca\/2012\/10\/17-octubre-dia-internacional-de-lucha-contra-la-pobreza\/"},"wordCount":588,"publisher":{"@id":"https:\/\/www.itakaescolapios.org\/es\/#organization"},"image":{"@id":"https:\/\/www.itakaescolapios.org\/ca\/2012\/10\/17-octubre-dia-internacional-de-lucha-contra-la-pobreza\/#primaryimage"},"thumbnailUrl":"https:\/\/www.itakaescolapios.org\/wp-content\/uploads\/2012\/10\/17-octubre.jpg","articleSection":["Bilbao"],"inLanguage":"ca"},{"@type":"WebPage","@id":"https:\/\/www.itakaescolapios.org\/ca\/2012\/10\/17-octubre-dia-internacional-de-lucha-contra-la-pobreza\/","url":"https:\/\/www.itakaescolapios.org\/ca\/2012\/10\/17-octubre-dia-internacional-de-lucha-contra-la-pobreza\/","name":"17 OCTUBRE, D\u00cdA INTERNACIONAL DE LUCHA CONTRA LA POBREZA - Itaka-Escolapios","isPartOf":{"@id":"https:\/\/www.itakaescolapios.org\/es\/#website"},"primaryImageOfPage":{"@id":"https:\/\/www.itakaescolapios.org\/ca\/2012\/10\/17-octubre-dia-internacional-de-lucha-contra-la-pobreza\/#primaryimage"},"image":{"@id":"https:\/\/www.itakaescolapios.org\/ca\/2012\/10\/17-octubre-dia-internacional-de-lucha-contra-la-pobreza\/#primaryimage"},"thumbnailUrl":"https:\/\/www.itakaescolapios.org\/wp-content\/uploads\/2012\/10\/17-octubre.jpg","datePublished":"2012-10-16T09:28:52+00:00","dateModified":"2023-11-28T11:39:36+00:00","breadcrumb":{"@id":"https:\/\/www.itakaescolapios.org\/ca\/2012\/10\/17-octubre-dia-internacional-de-lucha-contra-la-pobreza\/#breadcrumb"},"inLanguage":"ca","potentialAction":[{"@type":"ReadAction","target":["https:\/\/www.itakaescolapios.org\/ca\/2012\/10\/17-octubre-dia-internacional-de-lucha-contra-la-pobreza\/"]}]},{"@type":"ImageObject","inLanguage":"ca","@id":"https:\/\/www.itakaescolapios.org\/ca\/2012\/10\/17-octubre-dia-internacional-de-lucha-contra-la-pobreza\/#primaryimage","url":"https:\/\/www.itakaescolapios.org\/wp-content\/uploads\/2012\/10\/17-octubre.jpg","contentUrl":"https:\/\/www.itakaescolapios.org\/wp-content\/uploads\/2012\/10\/17-octubre.jpg","width":"522","height":"399"},{"@type":"BreadcrumbList","@id":"https:\/\/www.itakaescolapios.org\/ca\/2012\/10\/17-octubre-dia-internacional-de-lucha-contra-la-pobreza\/#breadcrumb","itemListElement":[{"@type":"ListItem","position":1,"name":"Itaka-Escolapios","item":"https:\/\/www.itakaescolapios.org\/es\/"},{"@type":"ListItem","position":2,"name":"17 OCTUBRE, D\u00cdA INTERNACIONAL DE LUCHA CONTRA LA POBREZA"}]},{"@type":"WebSite","@id":"https:\/\/www.itakaescolapios.org\/ca\/es\/#website","url":"https:\/\/www.itakaescolapios.org\/ca\/es\/","name":"Itaka-Escolapios","description":"Red de Itaka-Escolapios","publisher":{"@id":"https:\/\/www.itakaescolapios.org\/ca\/es\/#organization"},"potentialAction":[{"@type":"SearchAction","target":{"@type":"EntryPoint","urlTemplate":"https:\/\/www.itakaescolapios.org\/ca\/es\/?s={search_term_string}"},"query-input":{"@type":"PropertyValueSpecification","valueRequired":true,"valueName":"search_term_string"}}],"inLanguage":"ca"},{"@type":"Organization","@id":"https:\/\/www.itakaescolapios.org\/ca\/es\/#organization","name":"Fundaci\u00f3 Itaka-Escolapios","url":"https:\/\/www.itakaescolapios.org\/ca\/es\/","logo":{"@type":"ImageObject","inLanguage":"ca","@id":"https:\/\/www.itakaescolapios.org\/ca\/es\/#\/schema\/logo\/image\/","url":"https:\/\/www.itakaescolapios.org\/wp-content\/uploads\/2024\/04\/Logo-itakaescolapios-peque.png","contentUrl":"https:\/\/www.itakaescolapios.org\/wp-content\/uploads\/2024\/04\/Logo-itakaescolapios-peque.png","width":500,"height":199,"caption":"Fundaci\u00f3 Itaka-Escolapios"},"image":{"@id":"https:\/\/www.itakaescolapios.org\/ca\/es\/#\/schema\/logo\/image\/"}},{"@type":"Person","@id":"https:\/\/www.itakaescolapios.org\/es\/#\/schema\/person\/670123daeb1cc31cae1b106740036ccb","name":"itaka","url":"https:\/\/www.itakaescolapios.org\/ca\/author\/itaka\/"}]}},"_links":{"self":[{"href":"https:\/\/www.itakaescolapios.org\/ca\/wp-json\/wp\/v2\/posts\/3801","targetHints":{"allow":["GET"]}}],"collection":[{"href":"https:\/\/www.itakaescolapios.org\/ca\/wp-json\/wp\/v2\/posts"}],"about":[{"href":"https:\/\/www.itakaescolapios.org\/ca\/wp-json\/wp\/v2\/types\/post"}],"author":[{"embeddable":true,"href":"https:\/\/www.itakaescolapios.org\/ca\/wp-json\/wp\/v2\/users\/4"}],"replies":[{"embeddable":true,"href":"https:\/\/www.itakaescolapios.org\/ca\/wp-json\/wp\/v2\/comments?post=3801"}],"version-history":[{"count":5,"href":"https:\/\/www.itakaescolapios.org\/ca\/wp-json\/wp\/v2\/posts\/3801\/revisions"}],"predecessor-version":[{"id":49964,"href":"https:\/\/www.itakaescolapios.org\/ca\/wp-json\/wp\/v2\/posts\/3801\/revisions\/49964"}],"wp:featuredmedia":[{"embeddable":true,"href":"https:\/\/www.itakaescolapios.org\/ca\/wp-json\/wp\/v2\/media\/3802"}],"wp:attachment":[{"href":"https:\/\/www.itakaescolapios.org\/ca\/wp-json\/wp\/v2\/media?parent=3801"}],"wp:term":[{"taxonomy":"category","embeddable":true,"href":"https:\/\/www.itakaescolapios.org\/ca\/wp-json\/wp\/v2\/categories?post=3801"},{"taxonomy":"post_tag","embeddable":true,"href":"https:\/\/www.itakaescolapios.org\/ca\/wp-json\/wp\/v2\/tags?post=3801"}],"curies":[{"name":"wp","href":"https:\/\/api.w.org\/{rel}","templated":true}]}}