{"id":38206,"date":"2022-03-04T17:15:34","date_gmt":"2022-03-04T16:15:34","guid":{"rendered":"https:\/\/www.itakaescolapios.org\/?p=38206"},"modified":"2023-11-28T12:35:50","modified_gmt":"2023-11-28T11:35:50","slug":"salida-a-la-cruz-de-olarizu","status":"publish","type":"post","link":"https:\/\/www.itakaescolapios.org\/ca\/2022\/03\/salida-a-la-cruz-de-olarizu\/","title":{"rendered":"Salida a la Cruz de Olarizu"},"content":{"rendered":"<p>4 de marzo de 2022<\/p>\n<p>En el d\u00eda de hoy, dentro del proyecto Sumamos M\u00e1s, hemos tenido una salida a la Cruz de Olarizu.<br \/>\nA unas cuantas personas lo de subir les ha costado un poco, pero las vistas desde la cumbre y el pasar un buen rato con los compa\u00f1eros y compa\u00f1eras ha hecho que merezca la pena y que haya sido un forma diferente de pasar el d\u00eda.<\/p>\n<p><img decoding=\"async\" class=\"alignnone  wp-image-38212\" src=\"https:\/\/www.itakaescolapios.org\/wp-content\/uploads\/2022\/03\/4m-300x225.jpg\" alt=\"\" width=\"441\" height=\"331\" srcset=\"https:\/\/www.itakaescolapios.org\/wp-content\/uploads\/2022\/03\/4m-300x225.jpg 300w, https:\/\/www.itakaescolapios.org\/wp-content\/uploads\/2022\/03\/4m-1024x768.jpg 1024w, https:\/\/www.itakaescolapios.org\/wp-content\/uploads\/2022\/03\/4m-768x576.jpg 768w, https:\/\/www.itakaescolapios.org\/wp-content\/uploads\/2022\/03\/4m-1536x1152.jpg 1536w, https:\/\/www.itakaescolapios.org\/wp-content\/uploads\/2022\/03\/4m-250x188.jpg 250w, https:\/\/www.itakaescolapios.org\/wp-content\/uploads\/2022\/03\/4m-510x382.jpg 510w, https:\/\/www.itakaescolapios.org\/wp-content\/uploads\/2022\/03\/4m-1080x810.jpg 1080w, https:\/\/www.itakaescolapios.org\/wp-content\/uploads\/2022\/03\/4m.jpg 2000w\" sizes=\"(max-width: 441px) 100vw, 441px\" \/><\/p>\n","protected":false},"excerpt":{"rendered":"<p>4 de marzo de 2022 En el d\u00eda de hoy, dentro del proyecto Sumamos M\u00e1s, hemos tenido una salida a la Cruz de Olarizu. A unas cuantas personas lo de [&hellip;]<\/p>\n","protected":false},"author":62,"featured_media":0,"comment_status":"closed","ping_status":"closed","sticky":false,"template":"","format":"standard","meta":{"_et_pb_use_builder":"","_et_pb_old_content":"","_et_gb_content_width":"","footnotes":""},"categories":[13],"tags":[],"class_list":["post-38206","post","type-post","status-publish","format-standard","hentry","category-vitoria"],"yoast_head":"<!-- This site is optimized with the Yoast SEO plugin v27.4 - https:\/\/yoast.com\/product\/yoast-seo-wordpress\/ -->\n<title>Salida a la Cruz de Olarizu<\/title>\n<meta name=\"description\" content=\"4 de marzo de 2022 En el d\u00eda de hoy, dentro del proyecto Sumamos M\u00e1s, hemos tenido una salida a la Cruz de Olarizu. A unas cuantas personas lo de subir les ha costado un poco, pero las vistas desde la cumbre y el pasar un buen rato con los compa\u00f1eros y compa\u00f1eras ha hecho&hellip;\" \/>\n<meta name=\"robots\" content=\"index, follow, max-snippet:-1, max-image-preview:large, max-video-preview:-1\" \/>\n<link rel=\"canonical\" href=\"http:\/\/4%20de%20marzo%20de%202022%20En%20el%20d\u00eda%20de%20hoy,%20dentro%20del%20proyecto%20Sumamos%20M\u00e1s,%20hemos%20tenido%20una%20salida%20a%20la%20Cruz%20de%20Olarizu.%20A%20unas%20cuantas%20personas%20lo%20de%20subir%20les%20ha%20costado%20un%20poco,%20pero%20las%20vistas%20desde%20la%20cumbre%20y%20el%20pasar%20un%20buen%20rato%20con%20los%20compa\u00f1eros%20y%20compa\u00f1eras%20ha%20hecho&hellip;\" \/>\n<meta property=\"og:locale\" content=\"ca_ES\" \/>\n<meta property=\"og:type\" content=\"article\" \/>\n<meta property=\"og:title\" content=\"Salida a la Cruz de Olarizu\" \/>\n<meta property=\"og:description\" content=\"4 de marzo de 2022 En el d\u00eda de hoy, dentro del proyecto Sumamos M\u00e1s, hemos tenido una salida a la Cruz de Olarizu. A unas cuantas personas lo de subir les ha costado un poco, pero las vistas desde la cumbre y el pasar un buen rato con los compa\u00f1eros y compa\u00f1eras ha hecho&hellip;\" \/>\n<meta property=\"og:url\" content=\"https:\/\/www.itakaescolapios.org\/ca\/2022\/03\/salida-a-la-cruz-de-olarizu\/\" \/>\n<meta property=\"og:site_name\" content=\"Itaka-Escolapios\" \/>\n<meta property=\"article:published_time\" content=\"2022-03-04T16:15:34+00:00\" \/>\n<meta property=\"article:modified_time\" content=\"2023-11-28T11:35:50+00:00\" \/>\n<meta property=\"og:image\" content=\"https:\/\/www.itakaescolapios.org\/wp-content\/uploads\/2022\/03\/4m.jpg\" \/>\n\t<meta property=\"og:image:width\" content=\"2000\" \/>\n\t<meta property=\"og:image:height\" content=\"1500\" \/>\n\t<meta property=\"og:image:type\" content=\"image\/jpeg\" \/>\n<meta name=\"author\" content=\"Equipo TIC Ema\u00fas\" \/>\n<meta name=\"twitter:card\" content=\"summary_large_image\" \/>\n<meta name=\"twitter:label1\" content=\"Escrit per\" \/>\n\t<meta name=\"twitter:data1\" content=\"Equipo TIC Ema\u00fas\" \/>\n<script type=\"application\/ld+json\" class=\"yoast-schema-graph\">{\"@context\":\"https:\\\/\\\/schema.org\",\"@graph\":[{\"@type\":\"Article\",\"@id\":\"https:\\\/\\\/www.itakaescolapios.org\\\/ca\\\/2022\\\/03\\\/salida-a-la-cruz-de-olarizu\\\/#article\",\"isPartOf\":{\"@id\":\"https:\\\/\\\/www.itakaescolapios.org\\\/ca\\\/2022\\\/03\\\/salida-a-la-cruz-de-olarizu\\\/\"},\"author\":{\"name\":\"Equipo TIC Ema\u00fas\",\"@id\":\"https:\\\/\\\/www.itakaescolapios.org\\\/es\\\/#\\\/schema\\\/person\\\/200262de1d464b07c45f3c70eb4cf614\"},\"headline\":\"Salida a la Cruz de Olarizu\",\"datePublished\":\"2022-03-04T16:15:34+00:00\",\"dateModified\":\"2023-11-28T11:35:50+00:00\",\"mainEntityOfPage\":{\"@id\":\"https:\\\/\\\/www.itakaescolapios.org\\\/ca\\\/2022\\\/03\\\/salida-a-la-cruz-de-olarizu\\\/\"},\"wordCount\":79,\"publisher\":{\"@id\":\"https:\\\/\\\/www.itakaescolapios.org\\\/es\\\/#organization\"},\"image\":{\"@id\":\"https:\\\/\\\/www.itakaescolapios.org\\\/ca\\\/2022\\\/03\\\/salida-a-la-cruz-de-olarizu\\\/#primaryimage\"},\"thumbnailUrl\":\"https:\\\/\\\/www.itakaescolapios.org\\\/wp-content\\\/uploads\\\/2022\\\/03\\\/4m-300x225.jpg\",\"articleSection\":[\"Vitoria-Gasteiz\"],\"inLanguage\":\"ca\"},{\"@type\":\"WebPage\",\"@id\":\"https:\\\/\\\/www.itakaescolapios.org\\\/ca\\\/2022\\\/03\\\/salida-a-la-cruz-de-olarizu\\\/\",\"url\":\"https:\\\/\\\/www.itakaescolapios.org\\\/ca\\\/2022\\\/03\\\/salida-a-la-cruz-de-olarizu\\\/\",\"name\":\"Salida a la Cruz de Olarizu - Itaka-Escolapios\",\"isPartOf\":{\"@id\":\"https:\\\/\\\/www.itakaescolapios.org\\\/es\\\/#website\"},\"primaryImageOfPage\":{\"@id\":\"https:\\\/\\\/www.itakaescolapios.org\\\/ca\\\/2022\\\/03\\\/salida-a-la-cruz-de-olarizu\\\/#primaryimage\"},\"image\":{\"@id\":\"https:\\\/\\\/www.itakaescolapios.org\\\/ca\\\/2022\\\/03\\\/salida-a-la-cruz-de-olarizu\\\/#primaryimage\"},\"thumbnailUrl\":\"https:\\\/\\\/www.itakaescolapios.org\\\/wp-content\\\/uploads\\\/2022\\\/03\\\/4m-300x225.jpg\",\"datePublished\":\"2022-03-04T16:15:34+00:00\",\"dateModified\":\"2023-11-28T11:35:50+00:00\",\"breadcrumb\":{\"@id\":\"https:\\\/\\\/www.itakaescolapios.org\\\/ca\\\/2022\\\/03\\\/salida-a-la-cruz-de-olarizu\\\/#breadcrumb\"},\"inLanguage\":\"ca\",\"potentialAction\":[{\"@type\":\"ReadAction\",\"target\":[\"https:\\\/\\\/www.itakaescolapios.org\\\/ca\\\/2022\\\/03\\\/salida-a-la-cruz-de-olarizu\\\/\"]}]},{\"@type\":\"ImageObject\",\"inLanguage\":\"ca\",\"@id\":\"https:\\\/\\\/www.itakaescolapios.org\\\/ca\\\/2022\\\/03\\\/salida-a-la-cruz-de-olarizu\\\/#primaryimage\",\"url\":\"https:\\\/\\\/www.itakaescolapios.org\\\/wp-content\\\/uploads\\\/2022\\\/03\\\/4m-300x225.jpg\",\"contentUrl\":\"https:\\\/\\\/www.itakaescolapios.org\\\/wp-content\\\/uploads\\\/2022\\\/03\\\/4m-300x225.jpg\"},{\"@type\":\"BreadcrumbList\",\"@id\":\"https:\\\/\\\/www.itakaescolapios.org\\\/ca\\\/2022\\\/03\\\/salida-a-la-cruz-de-olarizu\\\/#breadcrumb\",\"itemListElement\":[{\"@type\":\"ListItem\",\"position\":1,\"name\":\"Itaka-Escolapios\",\"item\":\"https:\\\/\\\/www.itakaescolapios.org\\\/es\\\/\"},{\"@type\":\"ListItem\",\"position\":2,\"name\":\"Salida a la Cruz de Olarizu\"}]},{\"@type\":\"WebSite\",\"@id\":\"https:\\\/\\\/www.itakaescolapios.org\\\/ca\\\/es\\\/#website\",\"url\":\"https:\\\/\\\/www.itakaescolapios.org\\\/ca\\\/es\\\/\",\"name\":\"Itaka-Escolapios\",\"description\":\"Red de Itaka-Escolapios\",\"publisher\":{\"@id\":\"https:\\\/\\\/www.itakaescolapios.org\\\/ca\\\/es\\\/#organization\"},\"potentialAction\":[{\"@type\":\"SearchAction\",\"target\":{\"@type\":\"EntryPoint\",\"urlTemplate\":\"https:\\\/\\\/www.itakaescolapios.org\\\/ca\\\/es\\\/?s={search_term_string}\"},\"query-input\":{\"@type\":\"PropertyValueSpecification\",\"valueRequired\":true,\"valueName\":\"search_term_string\"}}],\"inLanguage\":\"ca\"},{\"@type\":\"Organization\",\"@id\":\"https:\\\/\\\/www.itakaescolapios.org\\\/ca\\\/es\\\/#organization\",\"name\":\"Fundaci\u00f3 Itaka-Escolapios\",\"url\":\"https:\\\/\\\/www.itakaescolapios.org\\\/ca\\\/es\\\/\",\"logo\":{\"@type\":\"ImageObject\",\"inLanguage\":\"ca\",\"@id\":\"https:\\\/\\\/www.itakaescolapios.org\\\/ca\\\/es\\\/#\\\/schema\\\/logo\\\/image\\\/\",\"url\":\"https:\\\/\\\/www.itakaescolapios.org\\\/wp-content\\\/uploads\\\/2024\\\/04\\\/Logo-itakaescolapios-peque.png\",\"contentUrl\":\"https:\\\/\\\/www.itakaescolapios.org\\\/wp-content\\\/uploads\\\/2024\\\/04\\\/Logo-itakaescolapios-peque.png\",\"width\":500,\"height\":199,\"caption\":\"Fundaci\u00f3 Itaka-Escolapios\"},\"image\":{\"@id\":\"https:\\\/\\\/www.itakaescolapios.org\\\/ca\\\/es\\\/#\\\/schema\\\/logo\\\/image\\\/\"}},{\"@type\":\"Person\",\"@id\":\"https:\\\/\\\/www.itakaescolapios.org\\\/es\\\/#\\\/schema\\\/person\\\/200262de1d464b07c45f3c70eb4cf614\",\"name\":\"Equipo TIC Ema\u00fas\",\"url\":\"https:\\\/\\\/www.itakaescolapios.org\\\/ca\\\/author\\\/ntic\\\/\"}]}<\/script>\n<!-- \/ Yoast SEO plugin. -->","yoast_head_json":{"title":"Salida a la Cruz de Olarizu","description":"4 de marzo de 2022 En el d\u00eda de hoy, dentro del proyecto Sumamos M\u00e1s, hemos tenido una salida a la Cruz de Olarizu. A unas cuantas personas lo de subir les ha costado un poco, pero las vistas desde la cumbre y el pasar un buen rato con los compa\u00f1eros y compa\u00f1eras ha hecho&hellip;","robots":{"index":"index","follow":"follow","max-snippet":"max-snippet:-1","max-image-preview":"max-image-preview:large","max-video-preview":"max-video-preview:-1"},"canonical":"4 de marzo de 2022 En el d\u00eda de hoy, dentro del proyecto Sumamos M\u00e1s, hemos tenido una salida a la Cruz de Olarizu. A unas cuantas personas lo de subir les ha costado un poco, pero las vistas desde la cumbre y el pasar un buen rato con los compa\u00f1eros y compa\u00f1eras ha hecho&hellip;","og_locale":"ca_ES","og_type":"article","og_title":"Salida a la Cruz de Olarizu","og_description":"4 de marzo de 2022 En el d\u00eda de hoy, dentro del proyecto Sumamos M\u00e1s, hemos tenido una salida a la Cruz de Olarizu. A unas cuantas personas lo de subir les ha costado un poco, pero las vistas desde la cumbre y el pasar un buen rato con los compa\u00f1eros y compa\u00f1eras ha hecho&hellip;","og_url":"https:\/\/www.itakaescolapios.org\/ca\/2022\/03\/salida-a-la-cruz-de-olarizu\/","og_site_name":"Itaka-Escolapios","article_published_time":"2022-03-04T16:15:34+00:00","article_modified_time":"2023-11-28T11:35:50+00:00","og_image":[{"width":2000,"height":1500,"url":"https:\/\/www.itakaescolapios.org\/wp-content\/uploads\/2022\/03\/4m.jpg","type":"image\/jpeg"}],"author":"Equipo TIC Ema\u00fas","twitter_card":"summary_large_image","twitter_misc":{"Escrit per":"Equipo TIC Ema\u00fas"},"schema":{"@context":"https:\/\/schema.org","@graph":[{"@type":"Article","@id":"https:\/\/www.itakaescolapios.org\/ca\/2022\/03\/salida-a-la-cruz-de-olarizu\/#article","isPartOf":{"@id":"https:\/\/www.itakaescolapios.org\/ca\/2022\/03\/salida-a-la-cruz-de-olarizu\/"},"author":{"name":"Equipo TIC Ema\u00fas","@id":"https:\/\/www.itakaescolapios.org\/es\/#\/schema\/person\/200262de1d464b07c45f3c70eb4cf614"},"headline":"Salida a la Cruz de Olarizu","datePublished":"2022-03-04T16:15:34+00:00","dateModified":"2023-11-28T11:35:50+00:00","mainEntityOfPage":{"@id":"https:\/\/www.itakaescolapios.org\/ca\/2022\/03\/salida-a-la-cruz-de-olarizu\/"},"wordCount":79,"publisher":{"@id":"https:\/\/www.itakaescolapios.org\/es\/#organization"},"image":{"@id":"https:\/\/www.itakaescolapios.org\/ca\/2022\/03\/salida-a-la-cruz-de-olarizu\/#primaryimage"},"thumbnailUrl":"https:\/\/www.itakaescolapios.org\/wp-content\/uploads\/2022\/03\/4m-300x225.jpg","articleSection":["Vitoria-Gasteiz"],"inLanguage":"ca"},{"@type":"WebPage","@id":"https:\/\/www.itakaescolapios.org\/ca\/2022\/03\/salida-a-la-cruz-de-olarizu\/","url":"https:\/\/www.itakaescolapios.org\/ca\/2022\/03\/salida-a-la-cruz-de-olarizu\/","name":"Salida a la Cruz de Olarizu - Itaka-Escolapios","isPartOf":{"@id":"https:\/\/www.itakaescolapios.org\/es\/#website"},"primaryImageOfPage":{"@id":"https:\/\/www.itakaescolapios.org\/ca\/2022\/03\/salida-a-la-cruz-de-olarizu\/#primaryimage"},"image":{"@id":"https:\/\/www.itakaescolapios.org\/ca\/2022\/03\/salida-a-la-cruz-de-olarizu\/#primaryimage"},"thumbnailUrl":"https:\/\/www.itakaescolapios.org\/wp-content\/uploads\/2022\/03\/4m-300x225.jpg","datePublished":"2022-03-04T16:15:34+00:00","dateModified":"2023-11-28T11:35:50+00:00","breadcrumb":{"@id":"https:\/\/www.itakaescolapios.org\/ca\/2022\/03\/salida-a-la-cruz-de-olarizu\/#breadcrumb"},"inLanguage":"ca","potentialAction":[{"@type":"ReadAction","target":["https:\/\/www.itakaescolapios.org\/ca\/2022\/03\/salida-a-la-cruz-de-olarizu\/"]}]},{"@type":"ImageObject","inLanguage":"ca","@id":"https:\/\/www.itakaescolapios.org\/ca\/2022\/03\/salida-a-la-cruz-de-olarizu\/#primaryimage","url":"https:\/\/www.itakaescolapios.org\/wp-content\/uploads\/2022\/03\/4m-300x225.jpg","contentUrl":"https:\/\/www.itakaescolapios.org\/wp-content\/uploads\/2022\/03\/4m-300x225.jpg"},{"@type":"BreadcrumbList","@id":"https:\/\/www.itakaescolapios.org\/ca\/2022\/03\/salida-a-la-cruz-de-olarizu\/#breadcrumb","itemListElement":[{"@type":"ListItem","position":1,"name":"Itaka-Escolapios","item":"https:\/\/www.itakaescolapios.org\/es\/"},{"@type":"ListItem","position":2,"name":"Salida a la Cruz de Olarizu"}]},{"@type":"WebSite","@id":"https:\/\/www.itakaescolapios.org\/ca\/es\/#website","url":"https:\/\/www.itakaescolapios.org\/ca\/es\/","name":"Itaka-Escolapios","description":"Red de Itaka-Escolapios","publisher":{"@id":"https:\/\/www.itakaescolapios.org\/ca\/es\/#organization"},"potentialAction":[{"@type":"SearchAction","target":{"@type":"EntryPoint","urlTemplate":"https:\/\/www.itakaescolapios.org\/ca\/es\/?s={search_term_string}"},"query-input":{"@type":"PropertyValueSpecification","valueRequired":true,"valueName":"search_term_string"}}],"inLanguage":"ca"},{"@type":"Organization","@id":"https:\/\/www.itakaescolapios.org\/ca\/es\/#organization","name":"Fundaci\u00f3 Itaka-Escolapios","url":"https:\/\/www.itakaescolapios.org\/ca\/es\/","logo":{"@type":"ImageObject","inLanguage":"ca","@id":"https:\/\/www.itakaescolapios.org\/ca\/es\/#\/schema\/logo\/image\/","url":"https:\/\/www.itakaescolapios.org\/wp-content\/uploads\/2024\/04\/Logo-itakaescolapios-peque.png","contentUrl":"https:\/\/www.itakaescolapios.org\/wp-content\/uploads\/2024\/04\/Logo-itakaescolapios-peque.png","width":500,"height":199,"caption":"Fundaci\u00f3 Itaka-Escolapios"},"image":{"@id":"https:\/\/www.itakaescolapios.org\/ca\/es\/#\/schema\/logo\/image\/"}},{"@type":"Person","@id":"https:\/\/www.itakaescolapios.org\/es\/#\/schema\/person\/200262de1d464b07c45f3c70eb4cf614","name":"Equipo TIC Ema\u00fas","url":"https:\/\/www.itakaescolapios.org\/ca\/author\/ntic\/"}]}},"_links":{"self":[{"href":"https:\/\/www.itakaescolapios.org\/ca\/wp-json\/wp\/v2\/posts\/38206","targetHints":{"allow":["GET"]}}],"collection":[{"href":"https:\/\/www.itakaescolapios.org\/ca\/wp-json\/wp\/v2\/posts"}],"about":[{"href":"https:\/\/www.itakaescolapios.org\/ca\/wp-json\/wp\/v2\/types\/post"}],"author":[{"embeddable":true,"href":"https:\/\/www.itakaescolapios.org\/ca\/wp-json\/wp\/v2\/users\/62"}],"replies":[{"embeddable":true,"href":"https:\/\/www.itakaescolapios.org\/ca\/wp-json\/wp\/v2\/comments?post=38206"}],"version-history":[{"count":7,"href":"https:\/\/www.itakaescolapios.org\/ca\/wp-json\/wp\/v2\/posts\/38206\/revisions"}],"predecessor-version":[{"id":44027,"href":"https:\/\/www.itakaescolapios.org\/ca\/wp-json\/wp\/v2\/posts\/38206\/revisions\/44027"}],"wp:attachment":[{"href":"https:\/\/www.itakaescolapios.org\/ca\/wp-json\/wp\/v2\/media?parent=38206"}],"wp:term":[{"taxonomy":"category","embeddable":true,"href":"https:\/\/www.itakaescolapios.org\/ca\/wp-json\/wp\/v2\/categories?post=38206"},{"taxonomy":"post_tag","embeddable":true,"href":"https:\/\/www.itakaescolapios.org\/ca\/wp-json\/wp\/v2\/tags?post=38206"}],"curies":[{"name":"wp","href":"https:\/\/api.w.org\/{rel}","templated":true}]}}