{"id":38231,"date":"2022-12-23T11:07:42","date_gmt":"2022-12-23T10:07:42","guid":{"rendered":"https:\/\/www.itakaescolapios.org\/?p=38231"},"modified":"2024-08-28T12:47:06","modified_gmt":"2024-08-28T11:47:06","slug":"seguimos-con-el-taller-de-costura-creativa","status":"publish","type":"post","link":"https:\/\/www.itakaescolapios.org\/ca\/2022\/12\/seguimos-con-el-taller-de-costura-creativa\/","title":{"rendered":"Taller de Costura Creativa y manos en el arte"},"content":{"rendered":"<p>23 de diciembre de 2022<\/p>\n<p>Entre los meses de febrero y diciembre se llevaron a cabo los talleres de la costura creativa y manos en el arte, donde las participantes realizaron distintos proyectos que les permitieron intercambiar sabers, aprendizajes y oficios.<\/p>\n<p>Con el apoyo de una persona contratada para los primeros momentos de formaci\u00f3n se ha podido generar una din\u00e1mica de trabajo y compa\u00f1erismo que ha ido m\u00e1s all\u00e1 de la costura y el arte.<\/p>\n<p>Hemos podido sacar adelante los proyectos planificados con el apoyo e inter\u00e9s del grupo.<\/p>\n\n\t\t<style type=\"text\/css\">\n\t\t\t#gallery-1 {\n\t\t\t\tmargin: auto;\n\t\t\t}\n\t\t\t#gallery-1 .gallery-item {\n\t\t\t\tfloat: left;\n\t\t\t\tmargin-top: 10px;\n\t\t\t\ttext-align: center;\n\t\t\t\twidth: 33%;\n\t\t\t}\n\t\t\t#gallery-1 img {\n\t\t\t\tborder: 2px solid #cfcfcf;\n\t\t\t}\n\t\t\t#gallery-1 .gallery-caption {\n\t\t\t\tmargin-left: 0;\n\t\t\t}\n\t\t\t\/* see gallery_shortcode() in wp-includes\/media.php *\/\n\t\t<\/style>\n\t\t<div id='gallery-1' class='gallery galleryid-38231 gallery-columns-3 gallery-size-thumbnail'><dl class='gallery-item'>\n\t\t\t<dt class='gallery-icon portrait'>\n\t\t\t\t<a href='https:\/\/www.itakaescolapios.org\/wp-content\/uploads\/2023\/01\/16s.jpg'><img decoding=\"async\" width=\"90\" height=\"90\" src=\"https:\/\/www.itakaescolapios.org\/wp-content\/uploads\/2023\/01\/16s-90x90.jpg\" class=\"attachment-thumbnail size-thumbnail\" alt=\"\" \/><\/a>\n\t\t\t<\/dt><\/dl><dl class='gallery-item'>\n\t\t\t<dt class='gallery-icon portrait'>\n\t\t\t\t<a href='https:\/\/www.itakaescolapios.org\/wp-content\/uploads\/2022\/12\/3fcd703b-35ec-4788-b31f-ca0e0e3652b0.jpg'><img decoding=\"async\" width=\"90\" height=\"90\" src=\"https:\/\/www.itakaescolapios.org\/wp-content\/uploads\/2022\/12\/3fcd703b-35ec-4788-b31f-ca0e0e3652b0-90x90.jpg\" class=\"attachment-thumbnail size-thumbnail\" alt=\"\" \/><\/a>\n\t\t\t<\/dt><\/dl><dl class='gallery-item'>\n\t\t\t<dt class='gallery-icon portrait'>\n\t\t\t\t<a href='https:\/\/www.itakaescolapios.org\/wp-content\/uploads\/2022\/12\/6dacaccc-9ae9-4040-ba4d-8c2c68f00c73.jpg'><img decoding=\"async\" width=\"90\" height=\"90\" src=\"https:\/\/www.itakaescolapios.org\/wp-content\/uploads\/2022\/12\/6dacaccc-9ae9-4040-ba4d-8c2c68f00c73-90x90.jpg\" class=\"attachment-thumbnail size-thumbnail\" alt=\"\" \/><\/a>\n\t\t\t<\/dt><\/dl><br style=\"clear: both\" \/><dl class='gallery-item'>\n\t\t\t<dt class='gallery-icon portrait'>\n\t\t\t\t<a href='https:\/\/www.itakaescolapios.org\/wp-content\/uploads\/2022\/12\/7ef59efd-8c46-4390-8dd0-fd06ebfd89eb.jpg'><img decoding=\"async\" width=\"90\" height=\"90\" src=\"https:\/\/www.itakaescolapios.org\/wp-content\/uploads\/2022\/12\/7ef59efd-8c46-4390-8dd0-fd06ebfd89eb-90x90.jpg\" class=\"attachment-thumbnail size-thumbnail\" alt=\"\" \/><\/a>\n\t\t\t<\/dt><\/dl><dl class='gallery-item'>\n\t\t\t<dt class='gallery-icon portrait'>\n\t\t\t\t<a href='https:\/\/www.itakaescolapios.org\/wp-content\/uploads\/2022\/12\/b06f16b3-dbb5-4685-a132-a13885fbfa7f.jpg'><img decoding=\"async\" width=\"90\" height=\"90\" src=\"https:\/\/www.itakaescolapios.org\/wp-content\/uploads\/2022\/12\/b06f16b3-dbb5-4685-a132-a13885fbfa7f-90x90.jpg\" class=\"attachment-thumbnail size-thumbnail\" alt=\"\" \/><\/a>\n\t\t\t<\/dt><\/dl><dl class='gallery-item'>\n\t\t\t<dt class='gallery-icon portrait'>\n\t\t\t\t<a href='https:\/\/www.itakaescolapios.org\/wp-content\/uploads\/2022\/12\/bea21d26-97fe-446c-9bcf-40bccb1b5aec.jpg'><img decoding=\"async\" width=\"90\" height=\"90\" src=\"https:\/\/www.itakaescolapios.org\/wp-content\/uploads\/2022\/12\/bea21d26-97fe-446c-9bcf-40bccb1b5aec-90x90.jpg\" class=\"attachment-thumbnail size-thumbnail\" alt=\"\" \/><\/a>\n\t\t\t<\/dt><\/dl><br style=\"clear: both\" \/><dl class='gallery-item'>\n\t\t\t<dt class='gallery-icon portrait'>\n\t\t\t\t<a href='https:\/\/www.itakaescolapios.org\/wp-content\/uploads\/2022\/12\/f1da9ced-29fe-4f04-9008-c761546166f8.jpg'><img decoding=\"async\" width=\"90\" height=\"90\" src=\"https:\/\/www.itakaescolapios.org\/wp-content\/uploads\/2022\/12\/f1da9ced-29fe-4f04-9008-c761546166f8-90x90.jpg\" class=\"attachment-thumbnail size-thumbnail\" alt=\"\" \/><\/a>\n\t\t\t<\/dt><\/dl><dl class='gallery-item'>\n\t\t\t<dt class='gallery-icon portrait'>\n\t\t\t\t<a href='https:\/\/www.itakaescolapios.org\/wp-content\/uploads\/2022\/12\/ff41a068-234b-4ed5-96e4-f7839e4985e8.jpg'><img decoding=\"async\" width=\"90\" height=\"90\" src=\"https:\/\/www.itakaescolapios.org\/wp-content\/uploads\/2022\/12\/ff41a068-234b-4ed5-96e4-f7839e4985e8-90x90.jpg\" class=\"attachment-thumbnail size-thumbnail\" alt=\"\" \/><\/a>\n\t\t\t<\/dt><\/dl><dl class='gallery-item'>\n\t\t\t<dt class='gallery-icon portrait'>\n\t\t\t\t<a href='https:\/\/www.itakaescolapios.org\/wp-content\/uploads\/2022\/12\/Imagen12.jpg'><img decoding=\"async\" width=\"90\" height=\"90\" src=\"https:\/\/www.itakaescolapios.org\/wp-content\/uploads\/2022\/12\/Imagen12-90x90.jpg\" class=\"attachment-thumbnail size-thumbnail\" alt=\"\" \/><\/a>\n\t\t\t<\/dt><\/dl><br style=\"clear: both\" \/><dl class='gallery-item'>\n\t\t\t<dt class='gallery-icon landscape'>\n\t\t\t\t<a href='https:\/\/www.itakaescolapios.org\/wp-content\/uploads\/2022\/12\/Imagen13.jpg'><img decoding=\"async\" width=\"90\" height=\"90\" src=\"https:\/\/www.itakaescolapios.org\/wp-content\/uploads\/2022\/12\/Imagen13-90x90.jpg\" class=\"attachment-thumbnail size-thumbnail\" alt=\"\" \/><\/a>\n\t\t\t<\/dt><\/dl><dl class='gallery-item'>\n\t\t\t<dt class='gallery-icon landscape'>\n\t\t\t\t<a href='https:\/\/www.itakaescolapios.org\/wp-content\/uploads\/2022\/12\/Imagen14.jpg'><img decoding=\"async\" width=\"90\" height=\"90\" src=\"https:\/\/www.itakaescolapios.org\/wp-content\/uploads\/2022\/12\/Imagen14-90x90.jpg\" class=\"attachment-thumbnail size-thumbnail\" alt=\"\" \/><\/a>\n\t\t\t<\/dt><\/dl><dl class='gallery-item'>\n\t\t\t<dt class='gallery-icon portrait'>\n\t\t\t\t<a href='https:\/\/www.itakaescolapios.org\/wp-content\/uploads\/2022\/12\/Imagen15.jpg'><img decoding=\"async\" width=\"90\" height=\"90\" src=\"https:\/\/www.itakaescolapios.org\/wp-content\/uploads\/2022\/12\/Imagen15-90x90.jpg\" class=\"attachment-thumbnail size-thumbnail\" alt=\"\" \/><\/a>\n\t\t\t<\/dt><\/dl><br style=\"clear: both\" \/><dl class='gallery-item'>\n\t\t\t<dt class='gallery-icon landscape'>\n\t\t\t\t<a href='https:\/\/www.itakaescolapios.org\/wp-content\/uploads\/2022\/12\/Imagen17.jpg'><img decoding=\"async\" width=\"90\" height=\"90\" src=\"https:\/\/www.itakaescolapios.org\/wp-content\/uploads\/2022\/12\/Imagen17-90x90.jpg\" class=\"attachment-thumbnail size-thumbnail\" alt=\"\" \/><\/a>\n\t\t\t<\/dt><\/dl><dl class='gallery-item'>\n\t\t\t<dt class='gallery-icon landscape'>\n\t\t\t\t<a href='https:\/\/www.itakaescolapios.org\/wp-content\/uploads\/2022\/12\/Imagen18.jpg'><img decoding=\"async\" width=\"90\" height=\"90\" src=\"https:\/\/www.itakaescolapios.org\/wp-content\/uploads\/2022\/12\/Imagen18-90x90.jpg\" class=\"attachment-thumbnail size-thumbnail\" alt=\"\" srcset=\"https:\/\/www.itakaescolapios.org\/wp-content\/uploads\/2022\/12\/Imagen18-90x90.jpg 90w, https:\/\/www.itakaescolapios.org\/wp-content\/uploads\/2022\/12\/Imagen18-400x403.jpg 400w\" sizes=\"(max-width: 90px) 100vw, 90px\" \/><\/a>\n\t\t\t<\/dt><\/dl><dl class='gallery-item'>\n\t\t\t<dt class='gallery-icon landscape'>\n\t\t\t\t<a href='https:\/\/www.itakaescolapios.org\/wp-content\/uploads\/2022\/12\/Imagen19.jpg'><img decoding=\"async\" width=\"90\" height=\"90\" src=\"https:\/\/www.itakaescolapios.org\/wp-content\/uploads\/2022\/12\/Imagen19-90x90.jpg\" class=\"attachment-thumbnail size-thumbnail\" alt=\"\" \/><\/a>\n\t\t\t<\/dt><\/dl><br style=\"clear: both\" \/>\n\t\t<\/div>\n\n","protected":false},"excerpt":{"rendered":"<p>Entre los meses de febrero y diciembre se llevaron a cabo los talleres de la costura creativa y manos en el arte, donde las participantes realizaron distintos proyectos que les permitieron intercambiar sabers, aprendizajes y oficios.<br \/>\nCon el apoyo de una persona contratada para los primeros momentos de formaci\u00f3n se ha podido generar una din\u00e1mica de trabajo y compa\u00f1erismo que ha ido m\u00e1s all\u00e1 de la costura y el arte.<br \/>\nHemos podido sacar adelante los proyectos planificados con el apoyo e inter\u00e9s del grupo.<\/p>\n","protected":false},"author":62,"featured_media":51127,"comment_status":"closed","ping_status":"closed","sticky":false,"template":"","format":"standard","meta":{"_et_pb_use_builder":"","_et_pb_old_content":"","_et_gb_content_width":"","footnotes":""},"categories":[13],"tags":[],"class_list":["post-38231","post","type-post","status-publish","format-standard","has-post-thumbnail","hentry","category-vitoria"],"yoast_head":"<!-- This site is optimized with the Yoast SEO plugin v27.4 - https:\/\/yoast.com\/product\/yoast-seo-wordpress\/ -->\n<title>Taller de Costura Creativa y manos en el arte<\/title>\n<meta name=\"description\" content=\"Entre los meses de febrero y diciembre se llevaron a cabo los talleres de la costura creativa y manos en el arte, donde las participantes realizaron distintos proyectos que les permitieron intercambiar sabers, aprendizajes y oficios. Con el apoyo de una persona contratada para los primeros momentos de formaci\u00f3n se ha podido generar una din\u00e1mica de trabajo y compa\u00f1erismo que ha ido m\u00e1s all\u00e1 de la costura y el arte. Hemos podido sacar adelante los proyectos planificados con el apoyo e inter\u00e9s del grupo.\" \/>\n<meta name=\"robots\" content=\"index, follow, max-snippet:-1, max-image-preview:large, max-video-preview:-1\" \/>\n<link rel=\"canonical\" href=\"http:\/\/Entre%20los%20meses%20de%20febrero%20y%20diciembre%20se%20llevaron%20a%20cabo%20los%20talleres%20de%20la%20costura%20creativa%20y%20manos%20en%20el%20arte,%20donde%20las%20participantes%20realizaron%20distintos%20proyectos%20que%20les%20permitieron%20intercambiar%20sabers,%20aprendizajes%20y%20oficios.%20Con%20el%20apoyo%20de%20una%20persona%20contratada%20para%20los%20primeros%20momentos%20de%20formaci\u00f3n%20se%20ha%20podido%20generar%20una%20din\u00e1mica%20de%20trabajo%20y%20compa\u00f1erismo%20que%20ha%20ido%20m\u00e1s%20all\u00e1%20de%20la%20costura%20y%20el%20arte.%20Hemos%20podido%20sacar%20adelante%20los%20proyectos%20planificados%20con%20el%20apoyo%20e%20inter\u00e9s%20del%20grupo.\" \/>\n<meta property=\"og:locale\" content=\"ca_ES\" \/>\n<meta property=\"og:type\" content=\"article\" \/>\n<meta property=\"og:title\" content=\"Taller de Costura Creativa y manos en el arte\" \/>\n<meta property=\"og:description\" content=\"Entre los meses de febrero y diciembre se llevaron a cabo los talleres de la costura creativa y manos en el arte, donde las participantes realizaron distintos proyectos que les permitieron intercambiar sabers, aprendizajes y oficios. Con el apoyo de una persona contratada para los primeros momentos de formaci\u00f3n se ha podido generar una din\u00e1mica de trabajo y compa\u00f1erismo que ha ido m\u00e1s all\u00e1 de la costura y el arte. Hemos podido sacar adelante los proyectos planificados con el apoyo e inter\u00e9s del grupo.\" \/>\n<meta property=\"og:url\" content=\"https:\/\/www.itakaescolapios.org\/ca\/2022\/12\/seguimos-con-el-taller-de-costura-creativa\/\" \/>\n<meta property=\"og:site_name\" content=\"Itaka-Escolapios\" \/>\n<meta property=\"article:published_time\" content=\"2022-12-23T10:07:42+00:00\" \/>\n<meta property=\"article:modified_time\" content=\"2024-08-28T11:47:06+00:00\" \/>\n<meta property=\"og:image\" content=\"https:\/\/www.itakaescolapios.org\/wp-content\/uploads\/2022\/12\/16s.jpg\" \/>\n\t<meta property=\"og:image:width\" content=\"750\" \/>\n\t<meta property=\"og:image:height\" content=\"1000\" \/>\n\t<meta property=\"og:image:type\" content=\"image\/jpeg\" \/>\n<meta name=\"author\" content=\"Equipo TIC Ema\u00fas\" \/>\n<meta name=\"twitter:card\" content=\"summary_large_image\" \/>\n<meta name=\"twitter:label1\" content=\"Escrit per\" \/>\n\t<meta name=\"twitter:data1\" content=\"Equipo TIC Ema\u00fas\" \/>\n<script type=\"application\/ld+json\" class=\"yoast-schema-graph\">{\"@context\":\"https:\\\/\\\/schema.org\",\"@graph\":[{\"@type\":\"Article\",\"@id\":\"https:\\\/\\\/www.itakaescolapios.org\\\/ca\\\/2022\\\/12\\\/seguimos-con-el-taller-de-costura-creativa\\\/#article\",\"isPartOf\":{\"@id\":\"https:\\\/\\\/www.itakaescolapios.org\\\/ca\\\/2022\\\/12\\\/seguimos-con-el-taller-de-costura-creativa\\\/\"},\"author\":{\"name\":\"Equipo TIC Ema\u00fas\",\"@id\":\"https:\\\/\\\/www.itakaescolapios.org\\\/es\\\/#\\\/schema\\\/person\\\/200262de1d464b07c45f3c70eb4cf614\"},\"headline\":\"Taller de Costura Creativa y manos en el arte\",\"datePublished\":\"2022-12-23T10:07:42+00:00\",\"dateModified\":\"2024-08-28T11:47:06+00:00\",\"mainEntityOfPage\":{\"@id\":\"https:\\\/\\\/www.itakaescolapios.org\\\/ca\\\/2022\\\/12\\\/seguimos-con-el-taller-de-costura-creativa\\\/\"},\"wordCount\":105,\"publisher\":{\"@id\":\"https:\\\/\\\/www.itakaescolapios.org\\\/es\\\/#organization\"},\"image\":{\"@id\":\"https:\\\/\\\/www.itakaescolapios.org\\\/ca\\\/2022\\\/12\\\/seguimos-con-el-taller-de-costura-creativa\\\/#primaryimage\"},\"thumbnailUrl\":\"https:\\\/\\\/www.itakaescolapios.org\\\/wp-content\\\/uploads\\\/2022\\\/12\\\/16s.jpg\",\"articleSection\":[\"Vitoria-Gasteiz\"],\"inLanguage\":\"ca\"},{\"@type\":\"WebPage\",\"@id\":\"https:\\\/\\\/www.itakaescolapios.org\\\/ca\\\/2022\\\/12\\\/seguimos-con-el-taller-de-costura-creativa\\\/\",\"url\":\"https:\\\/\\\/www.itakaescolapios.org\\\/ca\\\/2022\\\/12\\\/seguimos-con-el-taller-de-costura-creativa\\\/\",\"name\":\"Taller de Costura Creativa y manos en el arte - Itaka-Escolapios\",\"isPartOf\":{\"@id\":\"https:\\\/\\\/www.itakaescolapios.org\\\/es\\\/#website\"},\"primaryImageOfPage\":{\"@id\":\"https:\\\/\\\/www.itakaescolapios.org\\\/ca\\\/2022\\\/12\\\/seguimos-con-el-taller-de-costura-creativa\\\/#primaryimage\"},\"image\":{\"@id\":\"https:\\\/\\\/www.itakaescolapios.org\\\/ca\\\/2022\\\/12\\\/seguimos-con-el-taller-de-costura-creativa\\\/#primaryimage\"},\"thumbnailUrl\":\"https:\\\/\\\/www.itakaescolapios.org\\\/wp-content\\\/uploads\\\/2022\\\/12\\\/16s.jpg\",\"datePublished\":\"2022-12-23T10:07:42+00:00\",\"dateModified\":\"2024-08-28T11:47:06+00:00\",\"breadcrumb\":{\"@id\":\"https:\\\/\\\/www.itakaescolapios.org\\\/ca\\\/2022\\\/12\\\/seguimos-con-el-taller-de-costura-creativa\\\/#breadcrumb\"},\"inLanguage\":\"ca\",\"potentialAction\":[{\"@type\":\"ReadAction\",\"target\":[\"https:\\\/\\\/www.itakaescolapios.org\\\/ca\\\/2022\\\/12\\\/seguimos-con-el-taller-de-costura-creativa\\\/\"]}]},{\"@type\":\"ImageObject\",\"inLanguage\":\"ca\",\"@id\":\"https:\\\/\\\/www.itakaescolapios.org\\\/ca\\\/2022\\\/12\\\/seguimos-con-el-taller-de-costura-creativa\\\/#primaryimage\",\"url\":\"https:\\\/\\\/www.itakaescolapios.org\\\/wp-content\\\/uploads\\\/2022\\\/12\\\/16s.jpg\",\"contentUrl\":\"https:\\\/\\\/www.itakaescolapios.org\\\/wp-content\\\/uploads\\\/2022\\\/12\\\/16s.jpg\",\"width\":750,\"height\":1000},{\"@type\":\"BreadcrumbList\",\"@id\":\"https:\\\/\\\/www.itakaescolapios.org\\\/ca\\\/2022\\\/12\\\/seguimos-con-el-taller-de-costura-creativa\\\/#breadcrumb\",\"itemListElement\":[{\"@type\":\"ListItem\",\"position\":1,\"name\":\"Itaka-Escolapios\",\"item\":\"https:\\\/\\\/www.itakaescolapios.org\\\/es\\\/\"},{\"@type\":\"ListItem\",\"position\":2,\"name\":\"Taller de Costura Creativa y manos en el arte\"}]},{\"@type\":\"WebSite\",\"@id\":\"https:\\\/\\\/www.itakaescolapios.org\\\/ca\\\/es\\\/#website\",\"url\":\"https:\\\/\\\/www.itakaescolapios.org\\\/ca\\\/es\\\/\",\"name\":\"Itaka-Escolapios\",\"description\":\"Red de Itaka-Escolapios\",\"publisher\":{\"@id\":\"https:\\\/\\\/www.itakaescolapios.org\\\/ca\\\/es\\\/#organization\"},\"potentialAction\":[{\"@type\":\"SearchAction\",\"target\":{\"@type\":\"EntryPoint\",\"urlTemplate\":\"https:\\\/\\\/www.itakaescolapios.org\\\/ca\\\/es\\\/?s={search_term_string}\"},\"query-input\":{\"@type\":\"PropertyValueSpecification\",\"valueRequired\":true,\"valueName\":\"search_term_string\"}}],\"inLanguage\":\"ca\"},{\"@type\":\"Organization\",\"@id\":\"https:\\\/\\\/www.itakaescolapios.org\\\/ca\\\/es\\\/#organization\",\"name\":\"Fundaci\u00f3 Itaka-Escolapios\",\"url\":\"https:\\\/\\\/www.itakaescolapios.org\\\/ca\\\/es\\\/\",\"logo\":{\"@type\":\"ImageObject\",\"inLanguage\":\"ca\",\"@id\":\"https:\\\/\\\/www.itakaescolapios.org\\\/ca\\\/es\\\/#\\\/schema\\\/logo\\\/image\\\/\",\"url\":\"https:\\\/\\\/www.itakaescolapios.org\\\/wp-content\\\/uploads\\\/2024\\\/04\\\/Logo-itakaescolapios-peque.png\",\"contentUrl\":\"https:\\\/\\\/www.itakaescolapios.org\\\/wp-content\\\/uploads\\\/2024\\\/04\\\/Logo-itakaescolapios-peque.png\",\"width\":500,\"height\":199,\"caption\":\"Fundaci\u00f3 Itaka-Escolapios\"},\"image\":{\"@id\":\"https:\\\/\\\/www.itakaescolapios.org\\\/ca\\\/es\\\/#\\\/schema\\\/logo\\\/image\\\/\"}},{\"@type\":\"Person\",\"@id\":\"https:\\\/\\\/www.itakaescolapios.org\\\/es\\\/#\\\/schema\\\/person\\\/200262de1d464b07c45f3c70eb4cf614\",\"name\":\"Equipo TIC Ema\u00fas\",\"url\":\"https:\\\/\\\/www.itakaescolapios.org\\\/ca\\\/author\\\/ntic\\\/\"}]}<\/script>\n<!-- \/ Yoast SEO plugin. -->","yoast_head_json":{"title":"Taller de Costura Creativa y manos en el arte","description":"Entre los meses de febrero y diciembre se llevaron a cabo los talleres de la costura creativa y manos en el arte, donde las participantes realizaron distintos proyectos que les permitieron intercambiar sabers, aprendizajes y oficios. Con el apoyo de una persona contratada para los primeros momentos de formaci\u00f3n se ha podido generar una din\u00e1mica de trabajo y compa\u00f1erismo que ha ido m\u00e1s all\u00e1 de la costura y el arte. Hemos podido sacar adelante los proyectos planificados con el apoyo e inter\u00e9s del grupo.","robots":{"index":"index","follow":"follow","max-snippet":"max-snippet:-1","max-image-preview":"max-image-preview:large","max-video-preview":"max-video-preview:-1"},"canonical":"Entre los meses de febrero y diciembre se llevaron a cabo los talleres de la costura creativa y manos en el arte, donde las participantes realizaron distintos proyectos que les permitieron intercambiar sabers, aprendizajes y oficios. Con el apoyo de una persona contratada para los primeros momentos de formaci\u00f3n se ha podido generar una din\u00e1mica de trabajo y compa\u00f1erismo que ha ido m\u00e1s all\u00e1 de la costura y el arte. Hemos podido sacar adelante los proyectos planificados con el apoyo e inter\u00e9s del grupo.","og_locale":"ca_ES","og_type":"article","og_title":"Taller de Costura Creativa y manos en el arte","og_description":"Entre los meses de febrero y diciembre se llevaron a cabo los talleres de la costura creativa y manos en el arte, donde las participantes realizaron distintos proyectos que les permitieron intercambiar sabers, aprendizajes y oficios. Con el apoyo de una persona contratada para los primeros momentos de formaci\u00f3n se ha podido generar una din\u00e1mica de trabajo y compa\u00f1erismo que ha ido m\u00e1s all\u00e1 de la costura y el arte. Hemos podido sacar adelante los proyectos planificados con el apoyo e inter\u00e9s del grupo.","og_url":"https:\/\/www.itakaescolapios.org\/ca\/2022\/12\/seguimos-con-el-taller-de-costura-creativa\/","og_site_name":"Itaka-Escolapios","article_published_time":"2022-12-23T10:07:42+00:00","article_modified_time":"2024-08-28T11:47:06+00:00","og_image":[{"width":750,"height":1000,"url":"https:\/\/www.itakaescolapios.org\/wp-content\/uploads\/2022\/12\/16s.jpg","type":"image\/jpeg"}],"author":"Equipo TIC Ema\u00fas","twitter_card":"summary_large_image","twitter_misc":{"Escrit per":"Equipo TIC Ema\u00fas"},"schema":{"@context":"https:\/\/schema.org","@graph":[{"@type":"Article","@id":"https:\/\/www.itakaescolapios.org\/ca\/2022\/12\/seguimos-con-el-taller-de-costura-creativa\/#article","isPartOf":{"@id":"https:\/\/www.itakaescolapios.org\/ca\/2022\/12\/seguimos-con-el-taller-de-costura-creativa\/"},"author":{"name":"Equipo TIC Ema\u00fas","@id":"https:\/\/www.itakaescolapios.org\/es\/#\/schema\/person\/200262de1d464b07c45f3c70eb4cf614"},"headline":"Taller de Costura Creativa y manos en el arte","datePublished":"2022-12-23T10:07:42+00:00","dateModified":"2024-08-28T11:47:06+00:00","mainEntityOfPage":{"@id":"https:\/\/www.itakaescolapios.org\/ca\/2022\/12\/seguimos-con-el-taller-de-costura-creativa\/"},"wordCount":105,"publisher":{"@id":"https:\/\/www.itakaescolapios.org\/es\/#organization"},"image":{"@id":"https:\/\/www.itakaescolapios.org\/ca\/2022\/12\/seguimos-con-el-taller-de-costura-creativa\/#primaryimage"},"thumbnailUrl":"https:\/\/www.itakaescolapios.org\/wp-content\/uploads\/2022\/12\/16s.jpg","articleSection":["Vitoria-Gasteiz"],"inLanguage":"ca"},{"@type":"WebPage","@id":"https:\/\/www.itakaescolapios.org\/ca\/2022\/12\/seguimos-con-el-taller-de-costura-creativa\/","url":"https:\/\/www.itakaescolapios.org\/ca\/2022\/12\/seguimos-con-el-taller-de-costura-creativa\/","name":"Taller de Costura Creativa y manos en el arte - Itaka-Escolapios","isPartOf":{"@id":"https:\/\/www.itakaescolapios.org\/es\/#website"},"primaryImageOfPage":{"@id":"https:\/\/www.itakaescolapios.org\/ca\/2022\/12\/seguimos-con-el-taller-de-costura-creativa\/#primaryimage"},"image":{"@id":"https:\/\/www.itakaescolapios.org\/ca\/2022\/12\/seguimos-con-el-taller-de-costura-creativa\/#primaryimage"},"thumbnailUrl":"https:\/\/www.itakaescolapios.org\/wp-content\/uploads\/2022\/12\/16s.jpg","datePublished":"2022-12-23T10:07:42+00:00","dateModified":"2024-08-28T11:47:06+00:00","breadcrumb":{"@id":"https:\/\/www.itakaescolapios.org\/ca\/2022\/12\/seguimos-con-el-taller-de-costura-creativa\/#breadcrumb"},"inLanguage":"ca","potentialAction":[{"@type":"ReadAction","target":["https:\/\/www.itakaescolapios.org\/ca\/2022\/12\/seguimos-con-el-taller-de-costura-creativa\/"]}]},{"@type":"ImageObject","inLanguage":"ca","@id":"https:\/\/www.itakaescolapios.org\/ca\/2022\/12\/seguimos-con-el-taller-de-costura-creativa\/#primaryimage","url":"https:\/\/www.itakaescolapios.org\/wp-content\/uploads\/2022\/12\/16s.jpg","contentUrl":"https:\/\/www.itakaescolapios.org\/wp-content\/uploads\/2022\/12\/16s.jpg","width":750,"height":1000},{"@type":"BreadcrumbList","@id":"https:\/\/www.itakaescolapios.org\/ca\/2022\/12\/seguimos-con-el-taller-de-costura-creativa\/#breadcrumb","itemListElement":[{"@type":"ListItem","position":1,"name":"Itaka-Escolapios","item":"https:\/\/www.itakaescolapios.org\/es\/"},{"@type":"ListItem","position":2,"name":"Taller de Costura Creativa y manos en el arte"}]},{"@type":"WebSite","@id":"https:\/\/www.itakaescolapios.org\/ca\/es\/#website","url":"https:\/\/www.itakaescolapios.org\/ca\/es\/","name":"Itaka-Escolapios","description":"Red de Itaka-Escolapios","publisher":{"@id":"https:\/\/www.itakaescolapios.org\/ca\/es\/#organization"},"potentialAction":[{"@type":"SearchAction","target":{"@type":"EntryPoint","urlTemplate":"https:\/\/www.itakaescolapios.org\/ca\/es\/?s={search_term_string}"},"query-input":{"@type":"PropertyValueSpecification","valueRequired":true,"valueName":"search_term_string"}}],"inLanguage":"ca"},{"@type":"Organization","@id":"https:\/\/www.itakaescolapios.org\/ca\/es\/#organization","name":"Fundaci\u00f3 Itaka-Escolapios","url":"https:\/\/www.itakaescolapios.org\/ca\/es\/","logo":{"@type":"ImageObject","inLanguage":"ca","@id":"https:\/\/www.itakaescolapios.org\/ca\/es\/#\/schema\/logo\/image\/","url":"https:\/\/www.itakaescolapios.org\/wp-content\/uploads\/2024\/04\/Logo-itakaescolapios-peque.png","contentUrl":"https:\/\/www.itakaescolapios.org\/wp-content\/uploads\/2024\/04\/Logo-itakaescolapios-peque.png","width":500,"height":199,"caption":"Fundaci\u00f3 Itaka-Escolapios"},"image":{"@id":"https:\/\/www.itakaescolapios.org\/ca\/es\/#\/schema\/logo\/image\/"}},{"@type":"Person","@id":"https:\/\/www.itakaescolapios.org\/es\/#\/schema\/person\/200262de1d464b07c45f3c70eb4cf614","name":"Equipo TIC Ema\u00fas","url":"https:\/\/www.itakaescolapios.org\/ca\/author\/ntic\/"}]}},"_links":{"self":[{"href":"https:\/\/www.itakaescolapios.org\/ca\/wp-json\/wp\/v2\/posts\/38231","targetHints":{"allow":["GET"]}}],"collection":[{"href":"https:\/\/www.itakaescolapios.org\/ca\/wp-json\/wp\/v2\/posts"}],"about":[{"href":"https:\/\/www.itakaescolapios.org\/ca\/wp-json\/wp\/v2\/types\/post"}],"author":[{"embeddable":true,"href":"https:\/\/www.itakaescolapios.org\/ca\/wp-json\/wp\/v2\/users\/62"}],"replies":[{"embeddable":true,"href":"https:\/\/www.itakaescolapios.org\/ca\/wp-json\/wp\/v2\/comments?post=38231"}],"version-history":[{"count":7,"href":"https:\/\/www.itakaescolapios.org\/ca\/wp-json\/wp\/v2\/posts\/38231\/revisions"}],"predecessor-version":[{"id":51128,"href":"https:\/\/www.itakaescolapios.org\/ca\/wp-json\/wp\/v2\/posts\/38231\/revisions\/51128"}],"wp:featuredmedia":[{"embeddable":true,"href":"https:\/\/www.itakaescolapios.org\/ca\/wp-json\/wp\/v2\/media\/51127"}],"wp:attachment":[{"href":"https:\/\/www.itakaescolapios.org\/ca\/wp-json\/wp\/v2\/media?parent=38231"}],"wp:term":[{"taxonomy":"category","embeddable":true,"href":"https:\/\/www.itakaescolapios.org\/ca\/wp-json\/wp\/v2\/categories?post=38231"},{"taxonomy":"post_tag","embeddable":true,"href":"https:\/\/www.itakaescolapios.org\/ca\/wp-json\/wp\/v2\/tags?post=38231"}],"curies":[{"name":"wp","href":"https:\/\/api.w.org\/{rel}","templated":true}]}}