{"id":38281,"date":"2022-02-25T16:11:28","date_gmt":"2022-02-25T15:11:28","guid":{"rendered":"https:\/\/www.itakaescolapios.org\/?p=38281"},"modified":"2023-11-28T12:35:50","modified_gmt":"2023-11-28T11:35:50","slug":"visitas-guiadas-por-los-lugares-mas-emblematicos-de-vitoria-gasteiz","status":"publish","type":"post","link":"https:\/\/www.itakaescolapios.org\/ca\/2022\/02\/visitas-guiadas-por-los-lugares-mas-emblematicos-de-vitoria-gasteiz\/","title":{"rendered":"Visitas guiadas por los lugares m\u00e1s emblem\u00e1ticos de Vitoria-Gasteiz"},"content":{"rendered":"<p>25 de febrero de 2022<\/p>\n<p>Esta ma\u00f1ana, dentro del proyecto Sumamos M\u00e1s, hemos hecho una visita guiada por los lugares m\u00e1s emblem\u00e1ticos de nuestra hist\u00f3rica ciudad de Vitoria-Gasteiz. Otra forma de ver la ciudad y conocer su historia y tradiciones.<\/p>\n\n\t\t<style type=\"text\/css\">\n\t\t\t#gallery-1 {\n\t\t\t\tmargin: auto;\n\t\t\t}\n\t\t\t#gallery-1 .gallery-item {\n\t\t\t\tfloat: left;\n\t\t\t\tmargin-top: 10px;\n\t\t\t\ttext-align: center;\n\t\t\t\twidth: 33%;\n\t\t\t}\n\t\t\t#gallery-1 img {\n\t\t\t\tborder: 2px solid #cfcfcf;\n\t\t\t}\n\t\t\t#gallery-1 .gallery-caption {\n\t\t\t\tmargin-left: 0;\n\t\t\t}\n\t\t\t\/* see gallery_shortcode() in wp-includes\/media.php *\/\n\t\t<\/style>\n\t\t<div id='gallery-1' class='gallery galleryid-38281 gallery-columns-3 gallery-size-medium'><dl class='gallery-item'>\n\t\t\t<dt class='gallery-icon landscape'>\n\t\t\t\t<a href='https:\/\/www.itakaescolapios.org\/ca\/2022\/02\/visitas-guiadas-por-los-lugares-mas-emblematicos-de-vitoria-gasteiz\/25f-1\/'><img decoding=\"async\" width=\"300\" height=\"225\" src=\"https:\/\/www.itakaescolapios.org\/wp-content\/uploads\/2023\/01\/25f-1-300x225.jpg\" class=\"attachment-medium size-medium\" alt=\"\" srcset=\"https:\/\/www.itakaescolapios.org\/wp-content\/uploads\/2023\/01\/25f-1-300x225.jpg 300w, https:\/\/www.itakaescolapios.org\/wp-content\/uploads\/2023\/01\/25f-1-1024x768.jpg 1024w, https:\/\/www.itakaescolapios.org\/wp-content\/uploads\/2023\/01\/25f-1-768x576.jpg 768w, https:\/\/www.itakaescolapios.org\/wp-content\/uploads\/2023\/01\/25f-1-1536x1152.jpg 1536w, https:\/\/www.itakaescolapios.org\/wp-content\/uploads\/2023\/01\/25f-1-250x188.jpg 250w, https:\/\/www.itakaescolapios.org\/wp-content\/uploads\/2023\/01\/25f-1-510x382.jpg 510w, https:\/\/www.itakaescolapios.org\/wp-content\/uploads\/2023\/01\/25f-1-1080x810.jpg 1080w, https:\/\/www.itakaescolapios.org\/wp-content\/uploads\/2023\/01\/25f-1.jpg 2000w\" sizes=\"(max-width: 300px) 100vw, 300px\" \/><\/a>\n\t\t\t<\/dt><\/dl><dl class='gallery-item'>\n\t\t\t<dt class='gallery-icon landscape'>\n\t\t\t\t<a href='https:\/\/www.itakaescolapios.org\/ca\/2022\/02\/visitas-guiadas-por-los-lugares-mas-emblematicos-de-vitoria-gasteiz\/25f-2\/'><img decoding=\"async\" width=\"300\" height=\"225\" src=\"https:\/\/www.itakaescolapios.org\/wp-content\/uploads\/2023\/01\/25f-2-300x225.jpg\" class=\"attachment-medium size-medium\" alt=\"\" srcset=\"https:\/\/www.itakaescolapios.org\/wp-content\/uploads\/2023\/01\/25f-2-300x225.jpg 300w, https:\/\/www.itakaescolapios.org\/wp-content\/uploads\/2023\/01\/25f-2-768x576.jpg 768w, https:\/\/www.itakaescolapios.org\/wp-content\/uploads\/2023\/01\/25f-2-250x188.jpg 250w, https:\/\/www.itakaescolapios.org\/wp-content\/uploads\/2023\/01\/25f-2-510x382.jpg 510w, https:\/\/www.itakaescolapios.org\/wp-content\/uploads\/2023\/01\/25f-2.jpg 1024w\" sizes=\"(max-width: 300px) 100vw, 300px\" \/><\/a>\n\t\t\t<\/dt><\/dl>\n\t\t\t<br style='clear: both' \/>\n\t\t<\/div>\n\n","protected":false},"excerpt":{"rendered":"<p>25 de febrero de 2022 Esta ma\u00f1ana, dentro del proyecto Sumamos M\u00e1s, hemos hecho una visita guiada por los lugares m\u00e1s emblem\u00e1ticos de nuestra hist\u00f3rica ciudad de Vitoria-Gasteiz. Otra forma [&hellip;]<\/p>\n","protected":false},"author":62,"featured_media":0,"comment_status":"closed","ping_status":"closed","sticky":false,"template":"","format":"standard","meta":{"_et_pb_use_builder":"","_et_pb_old_content":"","_et_gb_content_width":"","footnotes":""},"categories":[13],"tags":[],"class_list":["post-38281","post","type-post","status-publish","format-standard","hentry","category-vitoria"],"yoast_head":"<!-- This site is optimized with the Yoast SEO plugin v27.4 - https:\/\/yoast.com\/product\/yoast-seo-wordpress\/ -->\n<title>Visitas guiadas por los lugares m\u00e1s emblem\u00e1ticos de Vitoria-Gasteiz<\/title>\n<meta name=\"description\" content=\"25 de febrero de 2022 Esta ma\u00f1ana, dentro del proyecto Sumamos M\u00e1s, hemos hecho una visita guiada por los lugares m\u00e1s emblem\u00e1ticos de nuestra hist\u00f3rica ciudad de Vitoria-Gasteiz. Otra forma de ver la ciudad y conocer su historia y tradiciones. [gallery size=&quot;medium&quot; ids=&quot;38282,38283&quot;]\" \/>\n<meta name=\"robots\" content=\"index, follow, max-snippet:-1, max-image-preview:large, max-video-preview:-1\" \/>\n<link rel=\"canonical\" href=\"http:\/\/25%20de%20febrero%20de%202022%20Esta%20ma\u00f1ana,%20dentro%20del%20proyecto%20Sumamos%20M\u00e1s,%20hemos%20hecho%20una%20visita%20guiada%20por%20los%20lugares%20m\u00e1s%20emblem\u00e1ticos%20de%20nuestra%20hist\u00f3rica%20ciudad%20de%20Vitoria-Gasteiz.%20Otra%20forma%20de%20ver%20la%20ciudad%20y%20conocer%20su%20historia%20y%20tradiciones.%20[gallery%20size=medium%20ids=38282,38283]\" \/>\n<meta property=\"og:locale\" content=\"ca_ES\" \/>\n<meta property=\"og:type\" content=\"article\" \/>\n<meta property=\"og:title\" content=\"Visitas guiadas por los lugares m\u00e1s emblem\u00e1ticos de Vitoria-Gasteiz\" \/>\n<meta property=\"og:description\" content=\"25 de febrero de 2022 Esta ma\u00f1ana, dentro del proyecto Sumamos M\u00e1s, hemos hecho una visita guiada por los lugares m\u00e1s emblem\u00e1ticos de nuestra hist\u00f3rica ciudad de Vitoria-Gasteiz. Otra forma de ver la ciudad y conocer su historia y tradiciones. [gallery size=&quot;medium&quot; ids=&quot;38282,38283&quot;]\" \/>\n<meta property=\"og:url\" content=\"https:\/\/www.itakaescolapios.org\/ca\/2022\/02\/visitas-guiadas-por-los-lugares-mas-emblematicos-de-vitoria-gasteiz\/\" \/>\n<meta property=\"og:site_name\" content=\"Itaka-Escolapios\" \/>\n<meta property=\"article:published_time\" content=\"2022-02-25T15:11:28+00:00\" \/>\n<meta property=\"article:modified_time\" content=\"2023-11-28T11:35:50+00:00\" \/>\n<meta property=\"og:image\" content=\"https:\/\/www.itakaescolapios.org\/wp-content\/uploads\/2023\/01\/25f-1-300x225.jpg\" \/>\n<meta name=\"author\" content=\"Equipo TIC Ema\u00fas\" \/>\n<meta name=\"twitter:card\" content=\"summary_large_image\" \/>\n<meta name=\"twitter:label1\" content=\"Escrit per\" \/>\n\t<meta name=\"twitter:data1\" content=\"Equipo TIC Ema\u00fas\" \/>\n<script type=\"application\/ld+json\" class=\"yoast-schema-graph\">{\"@context\":\"https:\\\/\\\/schema.org\",\"@graph\":[{\"@type\":\"Article\",\"@id\":\"https:\\\/\\\/www.itakaescolapios.org\\\/ca\\\/2022\\\/02\\\/visitas-guiadas-por-los-lugares-mas-emblematicos-de-vitoria-gasteiz\\\/#article\",\"isPartOf\":{\"@id\":\"https:\\\/\\\/www.itakaescolapios.org\\\/ca\\\/2022\\\/02\\\/visitas-guiadas-por-los-lugares-mas-emblematicos-de-vitoria-gasteiz\\\/\"},\"author\":{\"name\":\"Equipo TIC Ema\u00fas\",\"@id\":\"https:\\\/\\\/www.itakaescolapios.org\\\/es\\\/#\\\/schema\\\/person\\\/200262de1d464b07c45f3c70eb4cf614\"},\"headline\":\"Visitas guiadas por los lugares m\u00e1s emblem\u00e1ticos de Vitoria-Gasteiz\",\"datePublished\":\"2022-02-25T15:11:28+00:00\",\"dateModified\":\"2023-11-28T11:35:50+00:00\",\"mainEntityOfPage\":{\"@id\":\"https:\\\/\\\/www.itakaescolapios.org\\\/ca\\\/2022\\\/02\\\/visitas-guiadas-por-los-lugares-mas-emblematicos-de-vitoria-gasteiz\\\/\"},\"wordCount\":58,\"publisher\":{\"@id\":\"https:\\\/\\\/www.itakaescolapios.org\\\/es\\\/#organization\"},\"articleSection\":[\"Vitoria-Gasteiz\"],\"inLanguage\":\"ca\"},{\"@type\":\"WebPage\",\"@id\":\"https:\\\/\\\/www.itakaescolapios.org\\\/ca\\\/2022\\\/02\\\/visitas-guiadas-por-los-lugares-mas-emblematicos-de-vitoria-gasteiz\\\/\",\"url\":\"https:\\\/\\\/www.itakaescolapios.org\\\/ca\\\/2022\\\/02\\\/visitas-guiadas-por-los-lugares-mas-emblematicos-de-vitoria-gasteiz\\\/\",\"name\":\"Visitas guiadas por los lugares m\u00e1s emblem\u00e1ticos de Vitoria-Gasteiz - Itaka-Escolapios\",\"isPartOf\":{\"@id\":\"https:\\\/\\\/www.itakaescolapios.org\\\/es\\\/#website\"},\"datePublished\":\"2022-02-25T15:11:28+00:00\",\"dateModified\":\"2023-11-28T11:35:50+00:00\",\"breadcrumb\":{\"@id\":\"https:\\\/\\\/www.itakaescolapios.org\\\/ca\\\/2022\\\/02\\\/visitas-guiadas-por-los-lugares-mas-emblematicos-de-vitoria-gasteiz\\\/#breadcrumb\"},\"inLanguage\":\"ca\",\"potentialAction\":[{\"@type\":\"ReadAction\",\"target\":[\"https:\\\/\\\/www.itakaescolapios.org\\\/ca\\\/2022\\\/02\\\/visitas-guiadas-por-los-lugares-mas-emblematicos-de-vitoria-gasteiz\\\/\"]}]},{\"@type\":\"BreadcrumbList\",\"@id\":\"https:\\\/\\\/www.itakaescolapios.org\\\/ca\\\/2022\\\/02\\\/visitas-guiadas-por-los-lugares-mas-emblematicos-de-vitoria-gasteiz\\\/#breadcrumb\",\"itemListElement\":[{\"@type\":\"ListItem\",\"position\":1,\"name\":\"Itaka-Escolapios\",\"item\":\"https:\\\/\\\/www.itakaescolapios.org\\\/es\\\/\"},{\"@type\":\"ListItem\",\"position\":2,\"name\":\"Visitas guiadas por los lugares m\u00e1s emblem\u00e1ticos de Vitoria-Gasteiz\"}]},{\"@type\":\"WebSite\",\"@id\":\"https:\\\/\\\/www.itakaescolapios.org\\\/ca\\\/es\\\/#website\",\"url\":\"https:\\\/\\\/www.itakaescolapios.org\\\/ca\\\/es\\\/\",\"name\":\"Itaka-Escolapios\",\"description\":\"Red de Itaka-Escolapios\",\"publisher\":{\"@id\":\"https:\\\/\\\/www.itakaescolapios.org\\\/ca\\\/es\\\/#organization\"},\"potentialAction\":[{\"@type\":\"SearchAction\",\"target\":{\"@type\":\"EntryPoint\",\"urlTemplate\":\"https:\\\/\\\/www.itakaescolapios.org\\\/ca\\\/es\\\/?s={search_term_string}\"},\"query-input\":{\"@type\":\"PropertyValueSpecification\",\"valueRequired\":true,\"valueName\":\"search_term_string\"}}],\"inLanguage\":\"ca\"},{\"@type\":\"Organization\",\"@id\":\"https:\\\/\\\/www.itakaescolapios.org\\\/ca\\\/es\\\/#organization\",\"name\":\"Fundaci\u00f3 Itaka-Escolapios\",\"url\":\"https:\\\/\\\/www.itakaescolapios.org\\\/ca\\\/es\\\/\",\"logo\":{\"@type\":\"ImageObject\",\"inLanguage\":\"ca\",\"@id\":\"https:\\\/\\\/www.itakaescolapios.org\\\/ca\\\/es\\\/#\\\/schema\\\/logo\\\/image\\\/\",\"url\":\"https:\\\/\\\/www.itakaescolapios.org\\\/wp-content\\\/uploads\\\/2024\\\/04\\\/Logo-itakaescolapios-peque.png\",\"contentUrl\":\"https:\\\/\\\/www.itakaescolapios.org\\\/wp-content\\\/uploads\\\/2024\\\/04\\\/Logo-itakaescolapios-peque.png\",\"width\":500,\"height\":199,\"caption\":\"Fundaci\u00f3 Itaka-Escolapios\"},\"image\":{\"@id\":\"https:\\\/\\\/www.itakaescolapios.org\\\/ca\\\/es\\\/#\\\/schema\\\/logo\\\/image\\\/\"}},{\"@type\":\"Person\",\"@id\":\"https:\\\/\\\/www.itakaescolapios.org\\\/es\\\/#\\\/schema\\\/person\\\/200262de1d464b07c45f3c70eb4cf614\",\"name\":\"Equipo TIC Ema\u00fas\",\"url\":\"https:\\\/\\\/www.itakaescolapios.org\\\/ca\\\/author\\\/ntic\\\/\"}]}<\/script>\n<!-- \/ Yoast SEO plugin. -->","yoast_head_json":{"title":"Visitas guiadas por los lugares m\u00e1s emblem\u00e1ticos de Vitoria-Gasteiz","description":"25 de febrero de 2022 Esta ma\u00f1ana, dentro del proyecto Sumamos M\u00e1s, hemos hecho una visita guiada por los lugares m\u00e1s emblem\u00e1ticos de nuestra hist\u00f3rica ciudad de Vitoria-Gasteiz. Otra forma de ver la ciudad y conocer su historia y tradiciones. [gallery size=\"medium\" ids=\"38282,38283\"]","robots":{"index":"index","follow":"follow","max-snippet":"max-snippet:-1","max-image-preview":"max-image-preview:large","max-video-preview":"max-video-preview:-1"},"canonical":"25 de febrero de 2022 Esta ma\u00f1ana, dentro del proyecto Sumamos M\u00e1s, hemos hecho una visita guiada por los lugares m\u00e1s emblem\u00e1ticos de nuestra hist\u00f3rica ciudad de Vitoria-Gasteiz. Otra forma de ver la ciudad y conocer su historia y tradiciones. [gallery size=\"medium\" ids=\"38282,38283\"]","og_locale":"ca_ES","og_type":"article","og_title":"Visitas guiadas por los lugares m\u00e1s emblem\u00e1ticos de Vitoria-Gasteiz","og_description":"25 de febrero de 2022 Esta ma\u00f1ana, dentro del proyecto Sumamos M\u00e1s, hemos hecho una visita guiada por los lugares m\u00e1s emblem\u00e1ticos de nuestra hist\u00f3rica ciudad de Vitoria-Gasteiz. Otra forma de ver la ciudad y conocer su historia y tradiciones. [gallery size=\"medium\" ids=\"38282,38283\"]","og_url":"https:\/\/www.itakaescolapios.org\/ca\/2022\/02\/visitas-guiadas-por-los-lugares-mas-emblematicos-de-vitoria-gasteiz\/","og_site_name":"Itaka-Escolapios","article_published_time":"2022-02-25T15:11:28+00:00","article_modified_time":"2023-11-28T11:35:50+00:00","og_image":[{"url":"https:\/\/www.itakaescolapios.org\/wp-content\/uploads\/2023\/01\/25f-1-300x225.jpg","type":"","width":"","height":""}],"author":"Equipo TIC Ema\u00fas","twitter_card":"summary_large_image","twitter_misc":{"Escrit per":"Equipo TIC Ema\u00fas"},"schema":{"@context":"https:\/\/schema.org","@graph":[{"@type":"Article","@id":"https:\/\/www.itakaescolapios.org\/ca\/2022\/02\/visitas-guiadas-por-los-lugares-mas-emblematicos-de-vitoria-gasteiz\/#article","isPartOf":{"@id":"https:\/\/www.itakaescolapios.org\/ca\/2022\/02\/visitas-guiadas-por-los-lugares-mas-emblematicos-de-vitoria-gasteiz\/"},"author":{"name":"Equipo TIC Ema\u00fas","@id":"https:\/\/www.itakaescolapios.org\/es\/#\/schema\/person\/200262de1d464b07c45f3c70eb4cf614"},"headline":"Visitas guiadas por los lugares m\u00e1s emblem\u00e1ticos de Vitoria-Gasteiz","datePublished":"2022-02-25T15:11:28+00:00","dateModified":"2023-11-28T11:35:50+00:00","mainEntityOfPage":{"@id":"https:\/\/www.itakaescolapios.org\/ca\/2022\/02\/visitas-guiadas-por-los-lugares-mas-emblematicos-de-vitoria-gasteiz\/"},"wordCount":58,"publisher":{"@id":"https:\/\/www.itakaescolapios.org\/es\/#organization"},"articleSection":["Vitoria-Gasteiz"],"inLanguage":"ca"},{"@type":"WebPage","@id":"https:\/\/www.itakaescolapios.org\/ca\/2022\/02\/visitas-guiadas-por-los-lugares-mas-emblematicos-de-vitoria-gasteiz\/","url":"https:\/\/www.itakaescolapios.org\/ca\/2022\/02\/visitas-guiadas-por-los-lugares-mas-emblematicos-de-vitoria-gasteiz\/","name":"Visitas guiadas por los lugares m\u00e1s emblem\u00e1ticos de Vitoria-Gasteiz - Itaka-Escolapios","isPartOf":{"@id":"https:\/\/www.itakaescolapios.org\/es\/#website"},"datePublished":"2022-02-25T15:11:28+00:00","dateModified":"2023-11-28T11:35:50+00:00","breadcrumb":{"@id":"https:\/\/www.itakaescolapios.org\/ca\/2022\/02\/visitas-guiadas-por-los-lugares-mas-emblematicos-de-vitoria-gasteiz\/#breadcrumb"},"inLanguage":"ca","potentialAction":[{"@type":"ReadAction","target":["https:\/\/www.itakaescolapios.org\/ca\/2022\/02\/visitas-guiadas-por-los-lugares-mas-emblematicos-de-vitoria-gasteiz\/"]}]},{"@type":"BreadcrumbList","@id":"https:\/\/www.itakaescolapios.org\/ca\/2022\/02\/visitas-guiadas-por-los-lugares-mas-emblematicos-de-vitoria-gasteiz\/#breadcrumb","itemListElement":[{"@type":"ListItem","position":1,"name":"Itaka-Escolapios","item":"https:\/\/www.itakaescolapios.org\/es\/"},{"@type":"ListItem","position":2,"name":"Visitas guiadas por los lugares m\u00e1s emblem\u00e1ticos de Vitoria-Gasteiz"}]},{"@type":"WebSite","@id":"https:\/\/www.itakaescolapios.org\/ca\/es\/#website","url":"https:\/\/www.itakaescolapios.org\/ca\/es\/","name":"Itaka-Escolapios","description":"Red de Itaka-Escolapios","publisher":{"@id":"https:\/\/www.itakaescolapios.org\/ca\/es\/#organization"},"potentialAction":[{"@type":"SearchAction","target":{"@type":"EntryPoint","urlTemplate":"https:\/\/www.itakaescolapios.org\/ca\/es\/?s={search_term_string}"},"query-input":{"@type":"PropertyValueSpecification","valueRequired":true,"valueName":"search_term_string"}}],"inLanguage":"ca"},{"@type":"Organization","@id":"https:\/\/www.itakaescolapios.org\/ca\/es\/#organization","name":"Fundaci\u00f3 Itaka-Escolapios","url":"https:\/\/www.itakaescolapios.org\/ca\/es\/","logo":{"@type":"ImageObject","inLanguage":"ca","@id":"https:\/\/www.itakaescolapios.org\/ca\/es\/#\/schema\/logo\/image\/","url":"https:\/\/www.itakaescolapios.org\/wp-content\/uploads\/2024\/04\/Logo-itakaescolapios-peque.png","contentUrl":"https:\/\/www.itakaescolapios.org\/wp-content\/uploads\/2024\/04\/Logo-itakaescolapios-peque.png","width":500,"height":199,"caption":"Fundaci\u00f3 Itaka-Escolapios"},"image":{"@id":"https:\/\/www.itakaescolapios.org\/ca\/es\/#\/schema\/logo\/image\/"}},{"@type":"Person","@id":"https:\/\/www.itakaescolapios.org\/es\/#\/schema\/person\/200262de1d464b07c45f3c70eb4cf614","name":"Equipo TIC Ema\u00fas","url":"https:\/\/www.itakaescolapios.org\/ca\/author\/ntic\/"}]}},"_links":{"self":[{"href":"https:\/\/www.itakaescolapios.org\/ca\/wp-json\/wp\/v2\/posts\/38281","targetHints":{"allow":["GET"]}}],"collection":[{"href":"https:\/\/www.itakaescolapios.org\/ca\/wp-json\/wp\/v2\/posts"}],"about":[{"href":"https:\/\/www.itakaescolapios.org\/ca\/wp-json\/wp\/v2\/types\/post"}],"author":[{"embeddable":true,"href":"https:\/\/www.itakaescolapios.org\/ca\/wp-json\/wp\/v2\/users\/62"}],"replies":[{"embeddable":true,"href":"https:\/\/www.itakaescolapios.org\/ca\/wp-json\/wp\/v2\/comments?post=38281"}],"version-history":[{"count":3,"href":"https:\/\/www.itakaescolapios.org\/ca\/wp-json\/wp\/v2\/posts\/38281\/revisions"}],"predecessor-version":[{"id":44042,"href":"https:\/\/www.itakaescolapios.org\/ca\/wp-json\/wp\/v2\/posts\/38281\/revisions\/44042"}],"wp:attachment":[{"href":"https:\/\/www.itakaescolapios.org\/ca\/wp-json\/wp\/v2\/media?parent=38281"}],"wp:term":[{"taxonomy":"category","embeddable":true,"href":"https:\/\/www.itakaescolapios.org\/ca\/wp-json\/wp\/v2\/categories?post=38281"},{"taxonomy":"post_tag","embeddable":true,"href":"https:\/\/www.itakaescolapios.org\/ca\/wp-json\/wp\/v2\/tags?post=38281"}],"curies":[{"name":"wp","href":"https:\/\/api.w.org\/{rel}","templated":true}]}}