{"id":3852,"date":"2012-10-21T19:36:31","date_gmt":"2012-10-21T18:36:31","guid":{"rendered":"https:\/\/www.itakaescolapios.org\/?p=3852"},"modified":"2023-11-28T12:39:36","modified_gmt":"2023-11-28T11:39:36","slug":"la-escuela-de-monitores-de-itaka-escolapios-ha-comenzado-su-curso-en-vitoria-gasteiz","status":"publish","type":"post","link":"https:\/\/www.itakaescolapios.org\/ca\/2012\/10\/la-escuela-de-monitores-de-itaka-escolapios-ha-comenzado-su-curso-en-vitoria-gasteiz\/","title":{"rendered":"La escuela de monitores de Itaka-Escolapios ha comenzado su curso en Vitoria-Gasteiz"},"content":{"rendered":"<p><span style=\"font-family: Calibri,sans-serif; font-size: small;\">Entre las ofertas fuera de horario escolar con las que cuenta nuestro colegio, y que quiz\u00e1 no sea de las m\u00e1s conocidas, est\u00e1 la escuela de formaci\u00f3n de monitores en el tiempo libre de la fundaci\u00f3n Itaka-Escolapios. <\/span><\/p>\n<div><span style=\"font-family: Calibri,sans-serif; font-size: small;\">Esta escuela a\u00f1o tras a\u00f1o va formando a j\u00f3venes en el \u00e1mbito de la educaci\u00f3n no formal y en el tiempo libre; aprendiendo que las actividades extraescolares pueden ser tambi\u00e9n momentos educativos muy importantes para la vida de nuestros chavales. Por nuestra escuela de monitores pasan y han pasado monitores de nuestros grupos de tiempo libre, as\u00ed como entrenadores. Adem\u00e1s tambi\u00e9n es una escuela abierta a personas que tambi\u00e9n educan fuera de nuestro colegio, como son catequistas de parroquias cercanas como el Esp\u00edritu Santo, j\u00f3venes de asociaciones como Acci\u00f3n Cat\u00f3lica\u2026 <\/span><\/div>\n<div><span style=\"font-family: Calibri,sans-serif; font-size: small;\">Unido a la pluralidad y riqueza de alumnos, est\u00e1 la de los profesores\/as, la mayor\u00eda de ellos educadores de nuestro colegio\u00a0 y de la fundaci\u00f3n Itaka-Escolapios que colaboran voluntariamente en esta experiencia educativa.<\/span><\/div>\n<div><span style=\"font-family: Calibri,sans-serif; font-size: small;\">As\u00ed, en este mes de octubre empez\u00f3 el curso oficial de monitores, el cual se realiza habitualmente los mi\u00e9rcoles por la tarde, con un total de 25 alumnos durante este curso. Adem\u00e1s en el pasado fin de semana, puente del Pilar, varios exalumnos del colegio que est\u00e1n en los grupos de Itaka-escolapios participaron en un curso de iniciaci\u00f3n como monitores de tiempo libre junto a otros de su edad de Bilbao, Tolosa y Tafalla en Barr\u00eda.<\/span><\/div>\n","protected":false},"excerpt":{"rendered":"<p>Entre las ofertas fuera de horario escolar con las que cuenta nuestro colegio, y que quiz\u00e1 no sea de las m\u00e1s conocidas, est\u00e1 la escuela de formaci\u00f3n de monitores en [&hellip;]<\/p>\n","protected":false},"author":41,"featured_media":3859,"comment_status":"closed","ping_status":"closed","sticky":false,"template":"","format":"standard","meta":{"_et_pb_use_builder":"","_et_pb_old_content":"","_et_gb_content_width":"","footnotes":""},"categories":[13],"tags":[],"class_list":["post-3852","post","type-post","status-publish","format-standard","has-post-thumbnail","hentry","category-vitoria"],"yoast_head":"<!-- This site is optimized with the Yoast SEO plugin v27.4 - https:\/\/yoast.com\/product\/yoast-seo-wordpress\/ -->\n<title>La escuela de monitores de Itaka-Escolapios ha comenzado su curso en Vitoria-Gasteiz<\/title>\n<meta name=\"description\" content=\"Entre las ofertas fuera de horario escolar con las que cuenta nuestro colegio, y que quiz\u00e1 no sea de las m\u00e1s conocidas, est\u00e1 la escuela de formaci\u00f3n de monitores en el tiempo libre de la fundaci\u00f3n Itaka-Escolapios. Esta escuela a\u00f1o tras a\u00f1o va formando a j\u00f3venes en el \u00e1mbito de la educaci\u00f3n no formal y&hellip;\" \/>\n<meta name=\"robots\" content=\"index, follow, max-snippet:-1, max-image-preview:large, max-video-preview:-1\" \/>\n<link rel=\"canonical\" href=\"http:\/\/Entre%20las%20ofertas%20fuera%20de%20horario%20escolar%20con%20las%20que%20cuenta%20nuestro%20colegio,%20y%20que%20quiz\u00e1%20no%20sea%20de%20las%20m\u00e1s%20conocidas,%20est\u00e1%20la%20escuela%20de%20formaci\u00f3n%20de%20monitores%20en%20el%20tiempo%20libre%20de%20la%20fundaci\u00f3n%20Itaka-Escolapios.%20Esta%20escuela%20a\u00f1o%20tras%20a\u00f1o%20va%20formando%20a%20j\u00f3venes%20en%20el%20\u00e1mbito%20de%20la%20educaci\u00f3n%20no%20formal%20y&hellip;\" \/>\n<meta property=\"og:locale\" content=\"ca_ES\" \/>\n<meta property=\"og:type\" content=\"article\" \/>\n<meta property=\"og:title\" content=\"La escuela de monitores de Itaka-Escolapios ha comenzado su curso en Vitoria-Gasteiz\" \/>\n<meta property=\"og:description\" content=\"Entre las ofertas fuera de horario escolar con las que cuenta nuestro colegio, y que quiz\u00e1 no sea de las m\u00e1s conocidas, est\u00e1 la escuela de formaci\u00f3n de monitores en el tiempo libre de la fundaci\u00f3n Itaka-Escolapios. Esta escuela a\u00f1o tras a\u00f1o va formando a j\u00f3venes en el \u00e1mbito de la educaci\u00f3n no formal y&hellip;\" \/>\n<meta property=\"og:url\" content=\"https:\/\/www.itakaescolapios.org\/ca\/2012\/10\/la-escuela-de-monitores-de-itaka-escolapios-ha-comenzado-su-curso-en-vitoria-gasteiz\/\" \/>\n<meta property=\"og:site_name\" content=\"Itaka-Escolapios\" \/>\n<meta property=\"article:published_time\" content=\"2012-10-21T18:36:31+00:00\" \/>\n<meta property=\"article:modified_time\" content=\"2023-11-28T11:39:36+00:00\" \/>\n<meta property=\"og:image\" content=\"https:\/\/www.itakaescolapios.org\/wp-content\/uploads\/2012\/10\/P1010015.jpg\" \/>\n\t<meta property=\"og:image:width\" content=\"2000\" \/>\n\t<meta property=\"og:image:height\" content=\"1333\" \/>\n\t<meta property=\"og:image:type\" content=\"image\/jpeg\" \/>\n<meta name=\"author\" content=\"gasteiz01\" \/>\n<meta name=\"twitter:card\" content=\"summary_large_image\" \/>\n<meta name=\"twitter:label1\" content=\"Escrit per\" \/>\n\t<meta name=\"twitter:data1\" content=\"gasteiz01\" \/>\n\t<meta name=\"twitter:label2\" content=\"Temps estimat de lectura\" \/>\n\t<meta name=\"twitter:data2\" content=\"1 minut\" \/>\n<script type=\"application\/ld+json\" class=\"yoast-schema-graph\">{\"@context\":\"https:\\\/\\\/schema.org\",\"@graph\":[{\"@type\":\"Article\",\"@id\":\"https:\\\/\\\/www.itakaescolapios.org\\\/ca\\\/2012\\\/10\\\/la-escuela-de-monitores-de-itaka-escolapios-ha-comenzado-su-curso-en-vitoria-gasteiz\\\/#article\",\"isPartOf\":{\"@id\":\"https:\\\/\\\/www.itakaescolapios.org\\\/ca\\\/2012\\\/10\\\/la-escuela-de-monitores-de-itaka-escolapios-ha-comenzado-su-curso-en-vitoria-gasteiz\\\/\"},\"author\":{\"name\":\"gasteiz01\",\"@id\":\"https:\\\/\\\/www.itakaescolapios.org\\\/es\\\/#\\\/schema\\\/person\\\/ab0993cd608ccb55ef100715f05010e1\"},\"headline\":\"La escuela de monitores de Itaka-Escolapios ha comenzado su curso en Vitoria-Gasteiz\",\"datePublished\":\"2012-10-21T18:36:31+00:00\",\"dateModified\":\"2023-11-28T11:39:36+00:00\",\"mainEntityOfPage\":{\"@id\":\"https:\\\/\\\/www.itakaescolapios.org\\\/ca\\\/2012\\\/10\\\/la-escuela-de-monitores-de-itaka-escolapios-ha-comenzado-su-curso-en-vitoria-gasteiz\\\/\"},\"wordCount\":270,\"publisher\":{\"@id\":\"https:\\\/\\\/www.itakaescolapios.org\\\/es\\\/#organization\"},\"image\":{\"@id\":\"https:\\\/\\\/www.itakaescolapios.org\\\/ca\\\/2012\\\/10\\\/la-escuela-de-monitores-de-itaka-escolapios-ha-comenzado-su-curso-en-vitoria-gasteiz\\\/#primaryimage\"},\"thumbnailUrl\":\"https:\\\/\\\/www.itakaescolapios.org\\\/wp-content\\\/uploads\\\/2012\\\/10\\\/P1010015.jpg\",\"articleSection\":[\"Vitoria-Gasteiz\"],\"inLanguage\":\"ca\"},{\"@type\":\"WebPage\",\"@id\":\"https:\\\/\\\/www.itakaescolapios.org\\\/ca\\\/2012\\\/10\\\/la-escuela-de-monitores-de-itaka-escolapios-ha-comenzado-su-curso-en-vitoria-gasteiz\\\/\",\"url\":\"https:\\\/\\\/www.itakaescolapios.org\\\/ca\\\/2012\\\/10\\\/la-escuela-de-monitores-de-itaka-escolapios-ha-comenzado-su-curso-en-vitoria-gasteiz\\\/\",\"name\":\"La escuela de monitores de Itaka-Escolapios ha comenzado su curso en Vitoria-Gasteiz - Itaka-Escolapios\",\"isPartOf\":{\"@id\":\"https:\\\/\\\/www.itakaescolapios.org\\\/es\\\/#website\"},\"primaryImageOfPage\":{\"@id\":\"https:\\\/\\\/www.itakaescolapios.org\\\/ca\\\/2012\\\/10\\\/la-escuela-de-monitores-de-itaka-escolapios-ha-comenzado-su-curso-en-vitoria-gasteiz\\\/#primaryimage\"},\"image\":{\"@id\":\"https:\\\/\\\/www.itakaescolapios.org\\\/ca\\\/2012\\\/10\\\/la-escuela-de-monitores-de-itaka-escolapios-ha-comenzado-su-curso-en-vitoria-gasteiz\\\/#primaryimage\"},\"thumbnailUrl\":\"https:\\\/\\\/www.itakaescolapios.org\\\/wp-content\\\/uploads\\\/2012\\\/10\\\/P1010015.jpg\",\"datePublished\":\"2012-10-21T18:36:31+00:00\",\"dateModified\":\"2023-11-28T11:39:36+00:00\",\"breadcrumb\":{\"@id\":\"https:\\\/\\\/www.itakaescolapios.org\\\/ca\\\/2012\\\/10\\\/la-escuela-de-monitores-de-itaka-escolapios-ha-comenzado-su-curso-en-vitoria-gasteiz\\\/#breadcrumb\"},\"inLanguage\":\"ca\",\"potentialAction\":[{\"@type\":\"ReadAction\",\"target\":[\"https:\\\/\\\/www.itakaescolapios.org\\\/ca\\\/2012\\\/10\\\/la-escuela-de-monitores-de-itaka-escolapios-ha-comenzado-su-curso-en-vitoria-gasteiz\\\/\"]}]},{\"@type\":\"ImageObject\",\"inLanguage\":\"ca\",\"@id\":\"https:\\\/\\\/www.itakaescolapios.org\\\/ca\\\/2012\\\/10\\\/la-escuela-de-monitores-de-itaka-escolapios-ha-comenzado-su-curso-en-vitoria-gasteiz\\\/#primaryimage\",\"url\":\"https:\\\/\\\/www.itakaescolapios.org\\\/wp-content\\\/uploads\\\/2012\\\/10\\\/P1010015.jpg\",\"contentUrl\":\"https:\\\/\\\/www.itakaescolapios.org\\\/wp-content\\\/uploads\\\/2012\\\/10\\\/P1010015.jpg\",\"width\":2000,\"height\":1333},{\"@type\":\"BreadcrumbList\",\"@id\":\"https:\\\/\\\/www.itakaescolapios.org\\\/ca\\\/2012\\\/10\\\/la-escuela-de-monitores-de-itaka-escolapios-ha-comenzado-su-curso-en-vitoria-gasteiz\\\/#breadcrumb\",\"itemListElement\":[{\"@type\":\"ListItem\",\"position\":1,\"name\":\"Itaka-Escolapios\",\"item\":\"https:\\\/\\\/www.itakaescolapios.org\\\/es\\\/\"},{\"@type\":\"ListItem\",\"position\":2,\"name\":\"La escuela de monitores de Itaka-Escolapios ha comenzado su curso en Vitoria-Gasteiz\"}]},{\"@type\":\"WebSite\",\"@id\":\"https:\\\/\\\/www.itakaescolapios.org\\\/ca\\\/es\\\/#website\",\"url\":\"https:\\\/\\\/www.itakaescolapios.org\\\/ca\\\/es\\\/\",\"name\":\"Itaka-Escolapios\",\"description\":\"Red de Itaka-Escolapios\",\"publisher\":{\"@id\":\"https:\\\/\\\/www.itakaescolapios.org\\\/ca\\\/es\\\/#organization\"},\"potentialAction\":[{\"@type\":\"SearchAction\",\"target\":{\"@type\":\"EntryPoint\",\"urlTemplate\":\"https:\\\/\\\/www.itakaescolapios.org\\\/ca\\\/es\\\/?s={search_term_string}\"},\"query-input\":{\"@type\":\"PropertyValueSpecification\",\"valueRequired\":true,\"valueName\":\"search_term_string\"}}],\"inLanguage\":\"ca\"},{\"@type\":\"Organization\",\"@id\":\"https:\\\/\\\/www.itakaescolapios.org\\\/ca\\\/es\\\/#organization\",\"name\":\"Fundaci\u00f3 Itaka-Escolapios\",\"url\":\"https:\\\/\\\/www.itakaescolapios.org\\\/ca\\\/es\\\/\",\"logo\":{\"@type\":\"ImageObject\",\"inLanguage\":\"ca\",\"@id\":\"https:\\\/\\\/www.itakaescolapios.org\\\/ca\\\/es\\\/#\\\/schema\\\/logo\\\/image\\\/\",\"url\":\"https:\\\/\\\/www.itakaescolapios.org\\\/wp-content\\\/uploads\\\/2024\\\/04\\\/Logo-itakaescolapios-peque.png\",\"contentUrl\":\"https:\\\/\\\/www.itakaescolapios.org\\\/wp-content\\\/uploads\\\/2024\\\/04\\\/Logo-itakaescolapios-peque.png\",\"width\":500,\"height\":199,\"caption\":\"Fundaci\u00f3 Itaka-Escolapios\"},\"image\":{\"@id\":\"https:\\\/\\\/www.itakaescolapios.org\\\/ca\\\/es\\\/#\\\/schema\\\/logo\\\/image\\\/\"}},{\"@type\":\"Person\",\"@id\":\"https:\\\/\\\/www.itakaescolapios.org\\\/es\\\/#\\\/schema\\\/person\\\/ab0993cd608ccb55ef100715f05010e1\",\"name\":\"gasteiz01\",\"url\":\"https:\\\/\\\/www.itakaescolapios.org\\\/ca\\\/author\\\/gasteiz01\\\/\"}]}<\/script>\n<!-- \/ Yoast SEO plugin. -->","yoast_head_json":{"title":"La escuela de monitores de Itaka-Escolapios ha comenzado su curso en Vitoria-Gasteiz","description":"Entre las ofertas fuera de horario escolar con las que cuenta nuestro colegio, y que quiz\u00e1 no sea de las m\u00e1s conocidas, est\u00e1 la escuela de formaci\u00f3n de monitores en el tiempo libre de la fundaci\u00f3n Itaka-Escolapios. Esta escuela a\u00f1o tras a\u00f1o va formando a j\u00f3venes en el \u00e1mbito de la educaci\u00f3n no formal y&hellip;","robots":{"index":"index","follow":"follow","max-snippet":"max-snippet:-1","max-image-preview":"max-image-preview:large","max-video-preview":"max-video-preview:-1"},"canonical":"Entre las ofertas fuera de horario escolar con las que cuenta nuestro colegio, y que quiz\u00e1 no sea de las m\u00e1s conocidas, est\u00e1 la escuela de formaci\u00f3n de monitores en el tiempo libre de la fundaci\u00f3n Itaka-Escolapios. Esta escuela a\u00f1o tras a\u00f1o va formando a j\u00f3venes en el \u00e1mbito de la educaci\u00f3n no formal y&hellip;","og_locale":"ca_ES","og_type":"article","og_title":"La escuela de monitores de Itaka-Escolapios ha comenzado su curso en Vitoria-Gasteiz","og_description":"Entre las ofertas fuera de horario escolar con las que cuenta nuestro colegio, y que quiz\u00e1 no sea de las m\u00e1s conocidas, est\u00e1 la escuela de formaci\u00f3n de monitores en el tiempo libre de la fundaci\u00f3n Itaka-Escolapios. Esta escuela a\u00f1o tras a\u00f1o va formando a j\u00f3venes en el \u00e1mbito de la educaci\u00f3n no formal y&hellip;","og_url":"https:\/\/www.itakaescolapios.org\/ca\/2012\/10\/la-escuela-de-monitores-de-itaka-escolapios-ha-comenzado-su-curso-en-vitoria-gasteiz\/","og_site_name":"Itaka-Escolapios","article_published_time":"2012-10-21T18:36:31+00:00","article_modified_time":"2023-11-28T11:39:36+00:00","og_image":[{"width":2000,"height":1333,"url":"https:\/\/www.itakaescolapios.org\/wp-content\/uploads\/2012\/10\/P1010015.jpg","type":"image\/jpeg"}],"author":"gasteiz01","twitter_card":"summary_large_image","twitter_misc":{"Escrit per":"gasteiz01","Temps estimat de lectura":"1 minut"},"schema":{"@context":"https:\/\/schema.org","@graph":[{"@type":"Article","@id":"https:\/\/www.itakaescolapios.org\/ca\/2012\/10\/la-escuela-de-monitores-de-itaka-escolapios-ha-comenzado-su-curso-en-vitoria-gasteiz\/#article","isPartOf":{"@id":"https:\/\/www.itakaescolapios.org\/ca\/2012\/10\/la-escuela-de-monitores-de-itaka-escolapios-ha-comenzado-su-curso-en-vitoria-gasteiz\/"},"author":{"name":"gasteiz01","@id":"https:\/\/www.itakaescolapios.org\/es\/#\/schema\/person\/ab0993cd608ccb55ef100715f05010e1"},"headline":"La escuela de monitores de Itaka-Escolapios ha comenzado su curso en Vitoria-Gasteiz","datePublished":"2012-10-21T18:36:31+00:00","dateModified":"2023-11-28T11:39:36+00:00","mainEntityOfPage":{"@id":"https:\/\/www.itakaescolapios.org\/ca\/2012\/10\/la-escuela-de-monitores-de-itaka-escolapios-ha-comenzado-su-curso-en-vitoria-gasteiz\/"},"wordCount":270,"publisher":{"@id":"https:\/\/www.itakaescolapios.org\/es\/#organization"},"image":{"@id":"https:\/\/www.itakaescolapios.org\/ca\/2012\/10\/la-escuela-de-monitores-de-itaka-escolapios-ha-comenzado-su-curso-en-vitoria-gasteiz\/#primaryimage"},"thumbnailUrl":"https:\/\/www.itakaescolapios.org\/wp-content\/uploads\/2012\/10\/P1010015.jpg","articleSection":["Vitoria-Gasteiz"],"inLanguage":"ca"},{"@type":"WebPage","@id":"https:\/\/www.itakaescolapios.org\/ca\/2012\/10\/la-escuela-de-monitores-de-itaka-escolapios-ha-comenzado-su-curso-en-vitoria-gasteiz\/","url":"https:\/\/www.itakaescolapios.org\/ca\/2012\/10\/la-escuela-de-monitores-de-itaka-escolapios-ha-comenzado-su-curso-en-vitoria-gasteiz\/","name":"La escuela de monitores de Itaka-Escolapios ha comenzado su curso en Vitoria-Gasteiz - Itaka-Escolapios","isPartOf":{"@id":"https:\/\/www.itakaescolapios.org\/es\/#website"},"primaryImageOfPage":{"@id":"https:\/\/www.itakaescolapios.org\/ca\/2012\/10\/la-escuela-de-monitores-de-itaka-escolapios-ha-comenzado-su-curso-en-vitoria-gasteiz\/#primaryimage"},"image":{"@id":"https:\/\/www.itakaescolapios.org\/ca\/2012\/10\/la-escuela-de-monitores-de-itaka-escolapios-ha-comenzado-su-curso-en-vitoria-gasteiz\/#primaryimage"},"thumbnailUrl":"https:\/\/www.itakaescolapios.org\/wp-content\/uploads\/2012\/10\/P1010015.jpg","datePublished":"2012-10-21T18:36:31+00:00","dateModified":"2023-11-28T11:39:36+00:00","breadcrumb":{"@id":"https:\/\/www.itakaescolapios.org\/ca\/2012\/10\/la-escuela-de-monitores-de-itaka-escolapios-ha-comenzado-su-curso-en-vitoria-gasteiz\/#breadcrumb"},"inLanguage":"ca","potentialAction":[{"@type":"ReadAction","target":["https:\/\/www.itakaescolapios.org\/ca\/2012\/10\/la-escuela-de-monitores-de-itaka-escolapios-ha-comenzado-su-curso-en-vitoria-gasteiz\/"]}]},{"@type":"ImageObject","inLanguage":"ca","@id":"https:\/\/www.itakaescolapios.org\/ca\/2012\/10\/la-escuela-de-monitores-de-itaka-escolapios-ha-comenzado-su-curso-en-vitoria-gasteiz\/#primaryimage","url":"https:\/\/www.itakaescolapios.org\/wp-content\/uploads\/2012\/10\/P1010015.jpg","contentUrl":"https:\/\/www.itakaescolapios.org\/wp-content\/uploads\/2012\/10\/P1010015.jpg","width":2000,"height":1333},{"@type":"BreadcrumbList","@id":"https:\/\/www.itakaescolapios.org\/ca\/2012\/10\/la-escuela-de-monitores-de-itaka-escolapios-ha-comenzado-su-curso-en-vitoria-gasteiz\/#breadcrumb","itemListElement":[{"@type":"ListItem","position":1,"name":"Itaka-Escolapios","item":"https:\/\/www.itakaescolapios.org\/es\/"},{"@type":"ListItem","position":2,"name":"La escuela de monitores de Itaka-Escolapios ha comenzado su curso en Vitoria-Gasteiz"}]},{"@type":"WebSite","@id":"https:\/\/www.itakaescolapios.org\/ca\/es\/#website","url":"https:\/\/www.itakaescolapios.org\/ca\/es\/","name":"Itaka-Escolapios","description":"Red de Itaka-Escolapios","publisher":{"@id":"https:\/\/www.itakaescolapios.org\/ca\/es\/#organization"},"potentialAction":[{"@type":"SearchAction","target":{"@type":"EntryPoint","urlTemplate":"https:\/\/www.itakaescolapios.org\/ca\/es\/?s={search_term_string}"},"query-input":{"@type":"PropertyValueSpecification","valueRequired":true,"valueName":"search_term_string"}}],"inLanguage":"ca"},{"@type":"Organization","@id":"https:\/\/www.itakaescolapios.org\/ca\/es\/#organization","name":"Fundaci\u00f3 Itaka-Escolapios","url":"https:\/\/www.itakaescolapios.org\/ca\/es\/","logo":{"@type":"ImageObject","inLanguage":"ca","@id":"https:\/\/www.itakaescolapios.org\/ca\/es\/#\/schema\/logo\/image\/","url":"https:\/\/www.itakaescolapios.org\/wp-content\/uploads\/2024\/04\/Logo-itakaescolapios-peque.png","contentUrl":"https:\/\/www.itakaescolapios.org\/wp-content\/uploads\/2024\/04\/Logo-itakaescolapios-peque.png","width":500,"height":199,"caption":"Fundaci\u00f3 Itaka-Escolapios"},"image":{"@id":"https:\/\/www.itakaescolapios.org\/ca\/es\/#\/schema\/logo\/image\/"}},{"@type":"Person","@id":"https:\/\/www.itakaescolapios.org\/es\/#\/schema\/person\/ab0993cd608ccb55ef100715f05010e1","name":"gasteiz01","url":"https:\/\/www.itakaescolapios.org\/ca\/author\/gasteiz01\/"}]}},"_links":{"self":[{"href":"https:\/\/www.itakaescolapios.org\/ca\/wp-json\/wp\/v2\/posts\/3852","targetHints":{"allow":["GET"]}}],"collection":[{"href":"https:\/\/www.itakaescolapios.org\/ca\/wp-json\/wp\/v2\/posts"}],"about":[{"href":"https:\/\/www.itakaescolapios.org\/ca\/wp-json\/wp\/v2\/types\/post"}],"author":[{"embeddable":true,"href":"https:\/\/www.itakaescolapios.org\/ca\/wp-json\/wp\/v2\/users\/41"}],"replies":[{"embeddable":true,"href":"https:\/\/www.itakaescolapios.org\/ca\/wp-json\/wp\/v2\/comments?post=3852"}],"version-history":[{"count":7,"href":"https:\/\/www.itakaescolapios.org\/ca\/wp-json\/wp\/v2\/posts\/3852\/revisions"}],"predecessor-version":[{"id":49956,"href":"https:\/\/www.itakaescolapios.org\/ca\/wp-json\/wp\/v2\/posts\/3852\/revisions\/49956"}],"wp:featuredmedia":[{"embeddable":true,"href":"https:\/\/www.itakaescolapios.org\/ca\/wp-json\/wp\/v2\/media\/3859"}],"wp:attachment":[{"href":"https:\/\/www.itakaescolapios.org\/ca\/wp-json\/wp\/v2\/media?parent=3852"}],"wp:term":[{"taxonomy":"category","embeddable":true,"href":"https:\/\/www.itakaescolapios.org\/ca\/wp-json\/wp\/v2\/categories?post=3852"},{"taxonomy":"post_tag","embeddable":true,"href":"https:\/\/www.itakaescolapios.org\/ca\/wp-json\/wp\/v2\/tags?post=3852"}],"curies":[{"name":"wp","href":"https:\/\/api.w.org\/{rel}","templated":true}]}}