{"id":40619,"date":"2023-02-27T11:57:00","date_gmt":"2023-02-27T10:57:00","guid":{"rendered":"https:\/\/www.itakaescolapios.org\/?p=40619"},"modified":"2023-11-28T12:35:35","modified_gmt":"2023-11-28T11:35:35","slug":"english-training-session-for-young-people-from-futru-bamenda-on-sustainable-entrepreneurship","status":"publish","type":"post","link":"https:\/\/www.itakaescolapios.org\/ca\/2023\/02\/english-training-session-for-young-people-from-futru-bamenda-on-sustainable-entrepreneurship\/","title":{"rendered":"Sesi\u00f3n de formaci\u00f3n para j\u00f3venes de Futru (Bamenda) sobre iniciativa empresarial sostenible"},"content":{"rendered":"<p>El pasado viernes 24 de febrero de 2023 tuvo lugar en La Communaute de Futru (Bamenda) una sesi\u00f3n de formaci\u00f3n de dos d\u00edas con j\u00f3venes de la parroquia y alrededores. El tema de dicha formaci\u00f3n fue &#8220;Capacitar a j\u00f3venes emprendedores y emprendedoras: Camino hacia la sostenibilidad econ\u00f3mica&#8221;. La parte pr\u00e1ctica de la formaci\u00f3n se realiz\u00f3 en pasteler\u00eda: elaboraci\u00f3n de pasteles y otros. Se adquirieron habilidades y se desarrollaron talentos. Fue todo un \u00e9xito.<\/p>\n<p>Traducci\u00f3n realizada con la versi\u00f3n gratuita del traductor www.DeepL.com\/Translator<!--more--><\/p>\n","protected":false},"excerpt":{"rendered":"<p>El pasado viernes 24 de febrero de 2023 tuvo lugar en La Communaute de Futru (Bamenda) una sesi\u00f3n de formaci\u00f3n de dos d\u00edas con j\u00f3venes de la parroquia y alrededores. [&hellip;]<\/p>\n","protected":false},"author":15,"featured_media":40624,"comment_status":"closed","ping_status":"closed","sticky":false,"template":"","format":"standard","meta":{"_et_pb_use_builder":"","_et_pb_old_content":"","_et_gb_content_width":"","footnotes":""},"categories":[53,10],"tags":[],"class_list":["post-40619","post","type-post","status-publish","format-standard","has-post-thumbnail","hentry","category-africa-central","category-camerun"],"yoast_head":"<!-- This site is optimized with the Yoast SEO plugin v27.4 - https:\/\/yoast.com\/product\/yoast-seo-wordpress\/ -->\n<title>Sesi\u00f3n de formaci\u00f3n para j\u00f3venes de Futru (Bamenda) sobre iniciativa empresarial sostenible<\/title>\n<meta name=\"description\" content=\"El pasado viernes 24 de febrero de 2023 tuvo lugar en La Communaute de Futru (Bamenda) una sesi\u00f3n de formaci\u00f3n de dos d\u00edas con j\u00f3venes de la parroquia y alrededores. El tema de dicha formaci\u00f3n fue &quot;Capacitar a j\u00f3venes emprendedores y emprendedoras: Camino hacia la sostenibilidad econ\u00f3mica&quot;. La parte pr\u00e1ctica de la formaci\u00f3n se realiz\u00f3&hellip;\" \/>\n<meta name=\"robots\" content=\"index, follow, max-snippet:-1, max-image-preview:large, max-video-preview:-1\" \/>\n<link rel=\"canonical\" href=\"\" \/>\n<meta property=\"og:locale\" content=\"ca_ES\" \/>\n<meta property=\"og:type\" content=\"article\" \/>\n<meta property=\"og:title\" content=\"Sesi\u00f3n de formaci\u00f3n para j\u00f3venes de Futru (Bamenda) sobre iniciativa empresarial sostenible\" \/>\n<meta property=\"og:description\" content=\"El pasado viernes 24 de febrero de 2023 tuvo lugar en La Communaute de Futru (Bamenda) una sesi\u00f3n de formaci\u00f3n de dos d\u00edas con j\u00f3venes de la parroquia y alrededores. El tema de dicha formaci\u00f3n fue &quot;Capacitar a j\u00f3venes emprendedores y emprendedoras: Camino hacia la sostenibilidad econ\u00f3mica&quot;. La parte pr\u00e1ctica de la formaci\u00f3n se realiz\u00f3&hellip;\" \/>\n<meta property=\"og:url\" content=\"https:\/\/www.itakaescolapios.org\/ca\/2023\/02\/english-training-session-for-young-people-from-futru-bamenda-on-sustainable-entrepreneurship\/\" \/>\n<meta property=\"og:site_name\" content=\"Itaka-Escolapios\" \/>\n<meta property=\"article:published_time\" content=\"2023-02-27T10:57:00+00:00\" \/>\n<meta property=\"article:modified_time\" content=\"2023-11-28T11:35:35+00:00\" \/>\n<meta property=\"og:image\" content=\"https:\/\/www.itakaescolapios.org\/wp-content\/uploads\/2023\/02\/WhatsApp-Image-2023-02-25-at-22.05.25.jpeg\" \/>\n\t<meta property=\"og:image:width\" content=\"1080\" \/>\n\t<meta property=\"og:image:height\" content=\"810\" \/>\n\t<meta property=\"og:image:type\" content=\"image\/jpeg\" \/>\n<meta name=\"author\" content=\"cameroun01\" \/>\n<meta name=\"twitter:card\" content=\"summary_large_image\" \/>\n<meta name=\"twitter:label1\" content=\"Escrit per\" \/>\n\t<meta name=\"twitter:data1\" content=\"cameroun01\" \/>\n<script type=\"application\/ld+json\" class=\"yoast-schema-graph\">{\"@context\":\"https:\\\/\\\/schema.org\",\"@graph\":[{\"@type\":\"Article\",\"@id\":\"https:\\\/\\\/www.itakaescolapios.org\\\/ca\\\/2023\\\/02\\\/english-training-session-for-young-people-from-futru-bamenda-on-sustainable-entrepreneurship\\\/#article\",\"isPartOf\":{\"@id\":\"https:\\\/\\\/www.itakaescolapios.org\\\/ca\\\/2023\\\/02\\\/english-training-session-for-young-people-from-futru-bamenda-on-sustainable-entrepreneurship\\\/\"},\"author\":{\"name\":\"cameroun01\",\"@id\":\"https:\\\/\\\/www.itakaescolapios.org\\\/es\\\/#\\\/schema\\\/person\\\/d2844383e29bfdfef69039672ce14eb1\"},\"headline\":\"Sesi\u00f3n de formaci\u00f3n para j\u00f3venes de Futru (Bamenda) sobre iniciativa empresarial sostenible\",\"datePublished\":\"2023-02-27T10:57:00+00:00\",\"dateModified\":\"2023-11-28T11:35:35+00:00\",\"mainEntityOfPage\":{\"@id\":\"https:\\\/\\\/www.itakaescolapios.org\\\/ca\\\/2023\\\/02\\\/english-training-session-for-young-people-from-futru-bamenda-on-sustainable-entrepreneurship\\\/\"},\"wordCount\":111,\"publisher\":{\"@id\":\"https:\\\/\\\/www.itakaescolapios.org\\\/es\\\/#organization\"},\"image\":{\"@id\":\"https:\\\/\\\/www.itakaescolapios.org\\\/ca\\\/2023\\\/02\\\/english-training-session-for-young-people-from-futru-bamenda-on-sustainable-entrepreneurship\\\/#primaryimage\"},\"thumbnailUrl\":\"https:\\\/\\\/www.itakaescolapios.org\\\/wp-content\\\/uploads\\\/2023\\\/02\\\/WhatsApp-Image-2023-02-25-at-22.05.25.jpeg\",\"articleSection\":[\"\u00c1frica Central\",\"Camerun\"],\"inLanguage\":\"ca\"},{\"@type\":\"WebPage\",\"@id\":\"https:\\\/\\\/www.itakaescolapios.org\\\/ca\\\/2023\\\/02\\\/english-training-session-for-young-people-from-futru-bamenda-on-sustainable-entrepreneurship\\\/\",\"url\":\"https:\\\/\\\/www.itakaescolapios.org\\\/ca\\\/2023\\\/02\\\/english-training-session-for-young-people-from-futru-bamenda-on-sustainable-entrepreneurship\\\/\",\"name\":\"Sesi\u00f3n de formaci\u00f3n para j\u00f3venes de Futru (Bamenda) sobre iniciativa empresarial sostenible - Itaka-Escolapios\",\"isPartOf\":{\"@id\":\"https:\\\/\\\/www.itakaescolapios.org\\\/es\\\/#website\"},\"primaryImageOfPage\":{\"@id\":\"https:\\\/\\\/www.itakaescolapios.org\\\/ca\\\/2023\\\/02\\\/english-training-session-for-young-people-from-futru-bamenda-on-sustainable-entrepreneurship\\\/#primaryimage\"},\"image\":{\"@id\":\"https:\\\/\\\/www.itakaescolapios.org\\\/ca\\\/2023\\\/02\\\/english-training-session-for-young-people-from-futru-bamenda-on-sustainable-entrepreneurship\\\/#primaryimage\"},\"thumbnailUrl\":\"https:\\\/\\\/www.itakaescolapios.org\\\/wp-content\\\/uploads\\\/2023\\\/02\\\/WhatsApp-Image-2023-02-25-at-22.05.25.jpeg\",\"datePublished\":\"2023-02-27T10:57:00+00:00\",\"dateModified\":\"2023-11-28T11:35:35+00:00\",\"breadcrumb\":{\"@id\":\"https:\\\/\\\/www.itakaescolapios.org\\\/ca\\\/2023\\\/02\\\/english-training-session-for-young-people-from-futru-bamenda-on-sustainable-entrepreneurship\\\/#breadcrumb\"},\"inLanguage\":\"ca\",\"potentialAction\":[{\"@type\":\"ReadAction\",\"target\":[\"https:\\\/\\\/www.itakaescolapios.org\\\/ca\\\/2023\\\/02\\\/english-training-session-for-young-people-from-futru-bamenda-on-sustainable-entrepreneurship\\\/\"]}]},{\"@type\":\"ImageObject\",\"inLanguage\":\"ca\",\"@id\":\"https:\\\/\\\/www.itakaescolapios.org\\\/ca\\\/2023\\\/02\\\/english-training-session-for-young-people-from-futru-bamenda-on-sustainable-entrepreneurship\\\/#primaryimage\",\"url\":\"https:\\\/\\\/www.itakaescolapios.org\\\/wp-content\\\/uploads\\\/2023\\\/02\\\/WhatsApp-Image-2023-02-25-at-22.05.25.jpeg\",\"contentUrl\":\"https:\\\/\\\/www.itakaescolapios.org\\\/wp-content\\\/uploads\\\/2023\\\/02\\\/WhatsApp-Image-2023-02-25-at-22.05.25.jpeg\",\"width\":1080,\"height\":810},{\"@type\":\"BreadcrumbList\",\"@id\":\"https:\\\/\\\/www.itakaescolapios.org\\\/ca\\\/2023\\\/02\\\/english-training-session-for-young-people-from-futru-bamenda-on-sustainable-entrepreneurship\\\/#breadcrumb\",\"itemListElement\":[{\"@type\":\"ListItem\",\"position\":1,\"name\":\"Itaka-Escolapios\",\"item\":\"https:\\\/\\\/www.itakaescolapios.org\\\/es\\\/\"},{\"@type\":\"ListItem\",\"position\":2,\"name\":\"Sesi\u00f3n de formaci\u00f3n para j\u00f3venes de Futru (Bamenda) sobre iniciativa empresarial sostenible\"}]},{\"@type\":\"WebSite\",\"@id\":\"https:\\\/\\\/www.itakaescolapios.org\\\/ca\\\/es\\\/#website\",\"url\":\"https:\\\/\\\/www.itakaescolapios.org\\\/ca\\\/es\\\/\",\"name\":\"Itaka-Escolapios\",\"description\":\"Red de Itaka-Escolapios\",\"publisher\":{\"@id\":\"https:\\\/\\\/www.itakaescolapios.org\\\/ca\\\/es\\\/#organization\"},\"potentialAction\":[{\"@type\":\"SearchAction\",\"target\":{\"@type\":\"EntryPoint\",\"urlTemplate\":\"https:\\\/\\\/www.itakaescolapios.org\\\/ca\\\/es\\\/?s={search_term_string}\"},\"query-input\":{\"@type\":\"PropertyValueSpecification\",\"valueRequired\":true,\"valueName\":\"search_term_string\"}}],\"inLanguage\":\"ca\"},{\"@type\":\"Organization\",\"@id\":\"https:\\\/\\\/www.itakaescolapios.org\\\/ca\\\/es\\\/#organization\",\"name\":\"Fundaci\u00f3 Itaka-Escolapios\",\"url\":\"https:\\\/\\\/www.itakaescolapios.org\\\/ca\\\/es\\\/\",\"logo\":{\"@type\":\"ImageObject\",\"inLanguage\":\"ca\",\"@id\":\"https:\\\/\\\/www.itakaescolapios.org\\\/ca\\\/es\\\/#\\\/schema\\\/logo\\\/image\\\/\",\"url\":\"https:\\\/\\\/www.itakaescolapios.org\\\/wp-content\\\/uploads\\\/2024\\\/04\\\/Logo-itakaescolapios-peque.png\",\"contentUrl\":\"https:\\\/\\\/www.itakaescolapios.org\\\/wp-content\\\/uploads\\\/2024\\\/04\\\/Logo-itakaescolapios-peque.png\",\"width\":500,\"height\":199,\"caption\":\"Fundaci\u00f3 Itaka-Escolapios\"},\"image\":{\"@id\":\"https:\\\/\\\/www.itakaescolapios.org\\\/ca\\\/es\\\/#\\\/schema\\\/logo\\\/image\\\/\"}},{\"@type\":\"Person\",\"@id\":\"https:\\\/\\\/www.itakaescolapios.org\\\/es\\\/#\\\/schema\\\/person\\\/d2844383e29bfdfef69039672ce14eb1\",\"name\":\"cameroun01\",\"url\":\"https:\\\/\\\/www.itakaescolapios.org\\\/ca\\\/author\\\/cameroun01\\\/\"}]}<\/script>\n<!-- \/ Yoast SEO plugin. -->","yoast_head_json":{"title":"Sesi\u00f3n de formaci\u00f3n para j\u00f3venes de Futru (Bamenda) sobre iniciativa empresarial sostenible","description":"El pasado viernes 24 de febrero de 2023 tuvo lugar en La Communaute de Futru (Bamenda) una sesi\u00f3n de formaci\u00f3n de dos d\u00edas con j\u00f3venes de la parroquia y alrededores. El tema de dicha formaci\u00f3n fue \"Capacitar a j\u00f3venes emprendedores y emprendedoras: Camino hacia la sostenibilidad econ\u00f3mica\". La parte pr\u00e1ctica de la formaci\u00f3n se realiz\u00f3&hellip;","robots":{"index":"index","follow":"follow","max-snippet":"max-snippet:-1","max-image-preview":"max-image-preview:large","max-video-preview":"max-video-preview:-1"},"canonical":"El pasado viernes 24 de febrero de 2023 tuvo lugar en La Communaute de Futru (Bamenda) una sesi\u00f3n de formaci\u00f3n de dos d\u00edas con j\u00f3venes de la parroquia y alrededores. El tema de dicha formaci\u00f3n fue \"Capacitar a j\u00f3venes emprendedores y emprendedoras: Camino hacia la sostenibilidad econ\u00f3mica\". La parte pr\u00e1ctica de la formaci\u00f3n se realiz\u00f3&hellip;","og_locale":"ca_ES","og_type":"article","og_title":"Sesi\u00f3n de formaci\u00f3n para j\u00f3venes de Futru (Bamenda) sobre iniciativa empresarial sostenible","og_description":"El pasado viernes 24 de febrero de 2023 tuvo lugar en La Communaute de Futru (Bamenda) una sesi\u00f3n de formaci\u00f3n de dos d\u00edas con j\u00f3venes de la parroquia y alrededores. El tema de dicha formaci\u00f3n fue \"Capacitar a j\u00f3venes emprendedores y emprendedoras: Camino hacia la sostenibilidad econ\u00f3mica\". La parte pr\u00e1ctica de la formaci\u00f3n se realiz\u00f3&hellip;","og_url":"https:\/\/www.itakaescolapios.org\/ca\/2023\/02\/english-training-session-for-young-people-from-futru-bamenda-on-sustainable-entrepreneurship\/","og_site_name":"Itaka-Escolapios","article_published_time":"2023-02-27T10:57:00+00:00","article_modified_time":"2023-11-28T11:35:35+00:00","og_image":[{"width":1080,"height":810,"url":"https:\/\/www.itakaescolapios.org\/wp-content\/uploads\/2023\/02\/WhatsApp-Image-2023-02-25-at-22.05.25.jpeg","type":"image\/jpeg"}],"author":"cameroun01","twitter_card":"summary_large_image","twitter_misc":{"Escrit per":"cameroun01"},"schema":{"@context":"https:\/\/schema.org","@graph":[{"@type":"Article","@id":"https:\/\/www.itakaescolapios.org\/ca\/2023\/02\/english-training-session-for-young-people-from-futru-bamenda-on-sustainable-entrepreneurship\/#article","isPartOf":{"@id":"https:\/\/www.itakaescolapios.org\/ca\/2023\/02\/english-training-session-for-young-people-from-futru-bamenda-on-sustainable-entrepreneurship\/"},"author":{"name":"cameroun01","@id":"https:\/\/www.itakaescolapios.org\/es\/#\/schema\/person\/d2844383e29bfdfef69039672ce14eb1"},"headline":"Sesi\u00f3n de formaci\u00f3n para j\u00f3venes de Futru (Bamenda) sobre iniciativa empresarial sostenible","datePublished":"2023-02-27T10:57:00+00:00","dateModified":"2023-11-28T11:35:35+00:00","mainEntityOfPage":{"@id":"https:\/\/www.itakaescolapios.org\/ca\/2023\/02\/english-training-session-for-young-people-from-futru-bamenda-on-sustainable-entrepreneurship\/"},"wordCount":111,"publisher":{"@id":"https:\/\/www.itakaescolapios.org\/es\/#organization"},"image":{"@id":"https:\/\/www.itakaescolapios.org\/ca\/2023\/02\/english-training-session-for-young-people-from-futru-bamenda-on-sustainable-entrepreneurship\/#primaryimage"},"thumbnailUrl":"https:\/\/www.itakaescolapios.org\/wp-content\/uploads\/2023\/02\/WhatsApp-Image-2023-02-25-at-22.05.25.jpeg","articleSection":["\u00c1frica Central","Camerun"],"inLanguage":"ca"},{"@type":"WebPage","@id":"https:\/\/www.itakaescolapios.org\/ca\/2023\/02\/english-training-session-for-young-people-from-futru-bamenda-on-sustainable-entrepreneurship\/","url":"https:\/\/www.itakaescolapios.org\/ca\/2023\/02\/english-training-session-for-young-people-from-futru-bamenda-on-sustainable-entrepreneurship\/","name":"Sesi\u00f3n de formaci\u00f3n para j\u00f3venes de Futru (Bamenda) sobre iniciativa empresarial sostenible - Itaka-Escolapios","isPartOf":{"@id":"https:\/\/www.itakaescolapios.org\/es\/#website"},"primaryImageOfPage":{"@id":"https:\/\/www.itakaescolapios.org\/ca\/2023\/02\/english-training-session-for-young-people-from-futru-bamenda-on-sustainable-entrepreneurship\/#primaryimage"},"image":{"@id":"https:\/\/www.itakaescolapios.org\/ca\/2023\/02\/english-training-session-for-young-people-from-futru-bamenda-on-sustainable-entrepreneurship\/#primaryimage"},"thumbnailUrl":"https:\/\/www.itakaescolapios.org\/wp-content\/uploads\/2023\/02\/WhatsApp-Image-2023-02-25-at-22.05.25.jpeg","datePublished":"2023-02-27T10:57:00+00:00","dateModified":"2023-11-28T11:35:35+00:00","breadcrumb":{"@id":"https:\/\/www.itakaescolapios.org\/ca\/2023\/02\/english-training-session-for-young-people-from-futru-bamenda-on-sustainable-entrepreneurship\/#breadcrumb"},"inLanguage":"ca","potentialAction":[{"@type":"ReadAction","target":["https:\/\/www.itakaescolapios.org\/ca\/2023\/02\/english-training-session-for-young-people-from-futru-bamenda-on-sustainable-entrepreneurship\/"]}]},{"@type":"ImageObject","inLanguage":"ca","@id":"https:\/\/www.itakaescolapios.org\/ca\/2023\/02\/english-training-session-for-young-people-from-futru-bamenda-on-sustainable-entrepreneurship\/#primaryimage","url":"https:\/\/www.itakaescolapios.org\/wp-content\/uploads\/2023\/02\/WhatsApp-Image-2023-02-25-at-22.05.25.jpeg","contentUrl":"https:\/\/www.itakaescolapios.org\/wp-content\/uploads\/2023\/02\/WhatsApp-Image-2023-02-25-at-22.05.25.jpeg","width":1080,"height":810},{"@type":"BreadcrumbList","@id":"https:\/\/www.itakaescolapios.org\/ca\/2023\/02\/english-training-session-for-young-people-from-futru-bamenda-on-sustainable-entrepreneurship\/#breadcrumb","itemListElement":[{"@type":"ListItem","position":1,"name":"Itaka-Escolapios","item":"https:\/\/www.itakaescolapios.org\/es\/"},{"@type":"ListItem","position":2,"name":"Sesi\u00f3n de formaci\u00f3n para j\u00f3venes de Futru (Bamenda) sobre iniciativa empresarial sostenible"}]},{"@type":"WebSite","@id":"https:\/\/www.itakaescolapios.org\/ca\/es\/#website","url":"https:\/\/www.itakaescolapios.org\/ca\/es\/","name":"Itaka-Escolapios","description":"Red de Itaka-Escolapios","publisher":{"@id":"https:\/\/www.itakaescolapios.org\/ca\/es\/#organization"},"potentialAction":[{"@type":"SearchAction","target":{"@type":"EntryPoint","urlTemplate":"https:\/\/www.itakaescolapios.org\/ca\/es\/?s={search_term_string}"},"query-input":{"@type":"PropertyValueSpecification","valueRequired":true,"valueName":"search_term_string"}}],"inLanguage":"ca"},{"@type":"Organization","@id":"https:\/\/www.itakaescolapios.org\/ca\/es\/#organization","name":"Fundaci\u00f3 Itaka-Escolapios","url":"https:\/\/www.itakaescolapios.org\/ca\/es\/","logo":{"@type":"ImageObject","inLanguage":"ca","@id":"https:\/\/www.itakaescolapios.org\/ca\/es\/#\/schema\/logo\/image\/","url":"https:\/\/www.itakaescolapios.org\/wp-content\/uploads\/2024\/04\/Logo-itakaescolapios-peque.png","contentUrl":"https:\/\/www.itakaescolapios.org\/wp-content\/uploads\/2024\/04\/Logo-itakaescolapios-peque.png","width":500,"height":199,"caption":"Fundaci\u00f3 Itaka-Escolapios"},"image":{"@id":"https:\/\/www.itakaescolapios.org\/ca\/es\/#\/schema\/logo\/image\/"}},{"@type":"Person","@id":"https:\/\/www.itakaescolapios.org\/es\/#\/schema\/person\/d2844383e29bfdfef69039672ce14eb1","name":"cameroun01","url":"https:\/\/www.itakaescolapios.org\/ca\/author\/cameroun01\/"}]}},"_links":{"self":[{"href":"https:\/\/www.itakaescolapios.org\/ca\/wp-json\/wp\/v2\/posts\/40619","targetHints":{"allow":["GET"]}}],"collection":[{"href":"https:\/\/www.itakaescolapios.org\/ca\/wp-json\/wp\/v2\/posts"}],"about":[{"href":"https:\/\/www.itakaescolapios.org\/ca\/wp-json\/wp\/v2\/types\/post"}],"author":[{"embeddable":true,"href":"https:\/\/www.itakaescolapios.org\/ca\/wp-json\/wp\/v2\/users\/15"}],"replies":[{"embeddable":true,"href":"https:\/\/www.itakaescolapios.org\/ca\/wp-json\/wp\/v2\/comments?post=40619"}],"version-history":[{"count":5,"href":"https:\/\/www.itakaescolapios.org\/ca\/wp-json\/wp\/v2\/posts\/40619\/revisions"}],"predecessor-version":[{"id":43680,"href":"https:\/\/www.itakaescolapios.org\/ca\/wp-json\/wp\/v2\/posts\/40619\/revisions\/43680"}],"wp:featuredmedia":[{"embeddable":true,"href":"https:\/\/www.itakaescolapios.org\/ca\/wp-json\/wp\/v2\/media\/40624"}],"wp:attachment":[{"href":"https:\/\/www.itakaescolapios.org\/ca\/wp-json\/wp\/v2\/media?parent=40619"}],"wp:term":[{"taxonomy":"category","embeddable":true,"href":"https:\/\/www.itakaescolapios.org\/ca\/wp-json\/wp\/v2\/categories?post=40619"},{"taxonomy":"post_tag","embeddable":true,"href":"https:\/\/www.itakaescolapios.org\/ca\/wp-json\/wp\/v2\/tags?post=40619"}],"curies":[{"name":"wp","href":"https:\/\/api.w.org\/{rel}","templated":true}]}}