{"id":41964,"date":"2023-04-26T09:07:54","date_gmt":"2023-04-26T08:07:54","guid":{"rendered":"https:\/\/www.itakaescolapios.org\/?p=41964"},"modified":"2023-11-28T12:35:33","modified_gmt":"2023-11-28T11:35:33","slug":"english-opening-of-the-third-provincial-chapter-of-central-africa-in-ngoya-cameroon","status":"publish","type":"post","link":"https:\/\/www.itakaescolapios.org\/ca\/2023\/04\/english-opening-of-the-third-provincial-chapter-of-central-africa-in-ngoya-cameroon\/","title":{"rendered":"Apertura del Tercer Cap\u00edtulo Provincial de \u00c1frica Central en Ngoya (Camer\u00fan)"},"content":{"rendered":"<p>Hoy 25 de marzo, con la presencia del Padre General Pedro Aguado, ha comenzado en Ngoya (Camer\u00fan) el tercer Cap\u00edtulo Provincial de la Provincia Escolapia de \u00c1frica Central. Hemos abierto los trabajos con una reflexi\u00f3n dirigida por el Padre General Pedro Aguado, que nos ha llevado a entrar profundamente en el esp\u00edritu del Cap\u00edtulo. A continuaci\u00f3n, encomendamos al Se\u00f1or la jornada de trabajo con una misa seguida de la elecci\u00f3n del capit\u00e1n secretario y su suplente. Las actividades comenzaron con buen pie. Siendo esta semana la del Cap\u00edtulo, las actividades continuar\u00e1n ma\u00f1ana.<\/p>\n<p><!--more--><\/p>\n","protected":false},"excerpt":{"rendered":"<p>Hoy 25 de marzo, con la presencia del Padre General Pedro Aguado, ha comenzado en Ngoya (Camer\u00fan) el tercer Cap\u00edtulo Provincial de la Provincia Escolapia de \u00c1frica Central. Hemos abierto [&hellip;]<\/p>\n","protected":false},"author":15,"featured_media":41967,"comment_status":"closed","ping_status":"closed","sticky":false,"template":"","format":"standard","meta":{"_et_pb_use_builder":"","_et_pb_old_content":"","_et_gb_content_width":"","footnotes":""},"categories":[53,10],"tags":[],"class_list":["post-41964","post","type-post","status-publish","format-standard","has-post-thumbnail","hentry","category-africa-central","category-camerun"],"yoast_head":"<!-- This site is optimized with the Yoast SEO plugin v27.4 - https:\/\/yoast.com\/product\/yoast-seo-wordpress\/ -->\n<title>Apertura del Tercer Cap\u00edtulo Provincial de \u00c1frica Central en Ngoya (Camer\u00fan)<\/title>\n<meta name=\"description\" content=\"Hoy 25 de marzo, con la presencia del Padre General Pedro Aguado, ha comenzado en Ngoya (Camer\u00fan) el tercer Cap\u00edtulo Provincial de la Provincia Escolapia de \u00c1frica Central. Hemos abierto los trabajos con una reflexi\u00f3n dirigida por el Padre General Pedro Aguado, que nos ha llevado a entrar profundamente en el esp\u00edritu del Cap\u00edtulo. A&hellip;\" \/>\n<meta name=\"robots\" content=\"index, follow, max-snippet:-1, max-image-preview:large, max-video-preview:-1\" \/>\n<link rel=\"canonical\" href=\"http:\/\/Hoy%2025%20de%20marzo,%20con%20la%20presencia%20del%20Padre%20General%20Pedro%20Aguado,%20ha%20comenzado%20en%20Ngoya%20(Camer\u00fan)%20el%20tercer%20Cap\u00edtulo%20Provincial%20de%20la%20Provincia%20Escolapia%20de%20\u00c1frica%20Central.%20Hemos%20abierto%20los%20trabajos%20con%20una%20reflexi\u00f3n%20dirigida%20por%20el%20Padre%20General%20Pedro%20Aguado,%20que%20nos%20ha%20llevado%20a%20entrar%20profundamente%20en%20el%20esp\u00edritu%20del%20Cap\u00edtulo.%20A&hellip;\" \/>\n<meta property=\"og:locale\" content=\"ca_ES\" \/>\n<meta property=\"og:type\" content=\"article\" \/>\n<meta property=\"og:title\" content=\"Apertura del Tercer Cap\u00edtulo Provincial de \u00c1frica Central en Ngoya (Camer\u00fan)\" \/>\n<meta property=\"og:description\" content=\"Hoy 25 de marzo, con la presencia del Padre General Pedro Aguado, ha comenzado en Ngoya (Camer\u00fan) el tercer Cap\u00edtulo Provincial de la Provincia Escolapia de \u00c1frica Central. Hemos abierto los trabajos con una reflexi\u00f3n dirigida por el Padre General Pedro Aguado, que nos ha llevado a entrar profundamente en el esp\u00edritu del Cap\u00edtulo. A&hellip;\" \/>\n<meta property=\"og:url\" content=\"https:\/\/www.itakaescolapios.org\/ca\/2023\/04\/english-opening-of-the-third-provincial-chapter-of-central-africa-in-ngoya-cameroon\/\" \/>\n<meta property=\"og:site_name\" content=\"Itaka-Escolapios\" \/>\n<meta property=\"article:published_time\" content=\"2023-04-26T08:07:54+00:00\" \/>\n<meta property=\"article:modified_time\" content=\"2023-11-28T11:35:33+00:00\" \/>\n<meta property=\"og:image\" content=\"https:\/\/www.itakaescolapios.org\/wp-content\/uploads\/2023\/04\/342406130_3314586652127599_2055185933264966625_n.jpg\" \/>\n\t<meta property=\"og:image:width\" content=\"1406\" \/>\n\t<meta property=\"og:image:height\" content=\"736\" \/>\n\t<meta property=\"og:image:type\" content=\"image\/jpeg\" \/>\n<meta name=\"author\" content=\"cameroun01\" \/>\n<meta name=\"twitter:card\" content=\"summary_large_image\" \/>\n<meta name=\"twitter:label1\" content=\"Escrit per\" \/>\n\t<meta name=\"twitter:data1\" content=\"cameroun01\" \/>\n\t<meta name=\"twitter:label2\" content=\"Temps estimat de lectura\" \/>\n\t<meta name=\"twitter:data2\" content=\"1 minut\" \/>\n<script type=\"application\/ld+json\" class=\"yoast-schema-graph\">{\"@context\":\"https:\\\/\\\/schema.org\",\"@graph\":[{\"@type\":\"Article\",\"@id\":\"https:\\\/\\\/www.itakaescolapios.org\\\/ca\\\/2023\\\/04\\\/english-opening-of-the-third-provincial-chapter-of-central-africa-in-ngoya-cameroon\\\/#article\",\"isPartOf\":{\"@id\":\"https:\\\/\\\/www.itakaescolapios.org\\\/ca\\\/2023\\\/04\\\/english-opening-of-the-third-provincial-chapter-of-central-africa-in-ngoya-cameroon\\\/\"},\"author\":{\"name\":\"cameroun01\",\"@id\":\"https:\\\/\\\/www.itakaescolapios.org\\\/es\\\/#\\\/schema\\\/person\\\/d2844383e29bfdfef69039672ce14eb1\"},\"headline\":\"Apertura del Tercer Cap\u00edtulo Provincial de \u00c1frica Central en Ngoya (Camer\u00fan)\",\"datePublished\":\"2023-04-26T08:07:54+00:00\",\"dateModified\":\"2023-11-28T11:35:33+00:00\",\"mainEntityOfPage\":{\"@id\":\"https:\\\/\\\/www.itakaescolapios.org\\\/ca\\\/2023\\\/04\\\/english-opening-of-the-third-provincial-chapter-of-central-africa-in-ngoya-cameroon\\\/\"},\"wordCount\":116,\"publisher\":{\"@id\":\"https:\\\/\\\/www.itakaescolapios.org\\\/es\\\/#organization\"},\"image\":{\"@id\":\"https:\\\/\\\/www.itakaescolapios.org\\\/ca\\\/2023\\\/04\\\/english-opening-of-the-third-provincial-chapter-of-central-africa-in-ngoya-cameroon\\\/#primaryimage\"},\"thumbnailUrl\":\"https:\\\/\\\/www.itakaescolapios.org\\\/wp-content\\\/uploads\\\/2023\\\/04\\\/342406130_3314586652127599_2055185933264966625_n.jpg\",\"articleSection\":[\"\u00c1frica Central\",\"Camerun\"],\"inLanguage\":\"ca\"},{\"@type\":\"WebPage\",\"@id\":\"https:\\\/\\\/www.itakaescolapios.org\\\/ca\\\/2023\\\/04\\\/english-opening-of-the-third-provincial-chapter-of-central-africa-in-ngoya-cameroon\\\/\",\"url\":\"https:\\\/\\\/www.itakaescolapios.org\\\/ca\\\/2023\\\/04\\\/english-opening-of-the-third-provincial-chapter-of-central-africa-in-ngoya-cameroon\\\/\",\"name\":\"Apertura del Tercer Cap\u00edtulo Provincial de \u00c1frica Central en Ngoya (Camer\u00fan) - Itaka-Escolapios\",\"isPartOf\":{\"@id\":\"https:\\\/\\\/www.itakaescolapios.org\\\/es\\\/#website\"},\"primaryImageOfPage\":{\"@id\":\"https:\\\/\\\/www.itakaescolapios.org\\\/ca\\\/2023\\\/04\\\/english-opening-of-the-third-provincial-chapter-of-central-africa-in-ngoya-cameroon\\\/#primaryimage\"},\"image\":{\"@id\":\"https:\\\/\\\/www.itakaescolapios.org\\\/ca\\\/2023\\\/04\\\/english-opening-of-the-third-provincial-chapter-of-central-africa-in-ngoya-cameroon\\\/#primaryimage\"},\"thumbnailUrl\":\"https:\\\/\\\/www.itakaescolapios.org\\\/wp-content\\\/uploads\\\/2023\\\/04\\\/342406130_3314586652127599_2055185933264966625_n.jpg\",\"datePublished\":\"2023-04-26T08:07:54+00:00\",\"dateModified\":\"2023-11-28T11:35:33+00:00\",\"breadcrumb\":{\"@id\":\"https:\\\/\\\/www.itakaescolapios.org\\\/ca\\\/2023\\\/04\\\/english-opening-of-the-third-provincial-chapter-of-central-africa-in-ngoya-cameroon\\\/#breadcrumb\"},\"inLanguage\":\"ca\",\"potentialAction\":[{\"@type\":\"ReadAction\",\"target\":[\"https:\\\/\\\/www.itakaescolapios.org\\\/ca\\\/2023\\\/04\\\/english-opening-of-the-third-provincial-chapter-of-central-africa-in-ngoya-cameroon\\\/\"]}]},{\"@type\":\"ImageObject\",\"inLanguage\":\"ca\",\"@id\":\"https:\\\/\\\/www.itakaescolapios.org\\\/ca\\\/2023\\\/04\\\/english-opening-of-the-third-provincial-chapter-of-central-africa-in-ngoya-cameroon\\\/#primaryimage\",\"url\":\"https:\\\/\\\/www.itakaescolapios.org\\\/wp-content\\\/uploads\\\/2023\\\/04\\\/342406130_3314586652127599_2055185933264966625_n.jpg\",\"contentUrl\":\"https:\\\/\\\/www.itakaescolapios.org\\\/wp-content\\\/uploads\\\/2023\\\/04\\\/342406130_3314586652127599_2055185933264966625_n.jpg\",\"width\":1406,\"height\":736},{\"@type\":\"BreadcrumbList\",\"@id\":\"https:\\\/\\\/www.itakaescolapios.org\\\/ca\\\/2023\\\/04\\\/english-opening-of-the-third-provincial-chapter-of-central-africa-in-ngoya-cameroon\\\/#breadcrumb\",\"itemListElement\":[{\"@type\":\"ListItem\",\"position\":1,\"name\":\"Itaka-Escolapios\",\"item\":\"https:\\\/\\\/www.itakaescolapios.org\\\/es\\\/\"},{\"@type\":\"ListItem\",\"position\":2,\"name\":\"Apertura del Tercer Cap\u00edtulo Provincial de \u00c1frica Central en Ngoya (Camer\u00fan)\"}]},{\"@type\":\"WebSite\",\"@id\":\"https:\\\/\\\/www.itakaescolapios.org\\\/ca\\\/es\\\/#website\",\"url\":\"https:\\\/\\\/www.itakaescolapios.org\\\/ca\\\/es\\\/\",\"name\":\"Itaka-Escolapios\",\"description\":\"Red de Itaka-Escolapios\",\"publisher\":{\"@id\":\"https:\\\/\\\/www.itakaescolapios.org\\\/ca\\\/es\\\/#organization\"},\"potentialAction\":[{\"@type\":\"SearchAction\",\"target\":{\"@type\":\"EntryPoint\",\"urlTemplate\":\"https:\\\/\\\/www.itakaescolapios.org\\\/ca\\\/es\\\/?s={search_term_string}\"},\"query-input\":{\"@type\":\"PropertyValueSpecification\",\"valueRequired\":true,\"valueName\":\"search_term_string\"}}],\"inLanguage\":\"ca\"},{\"@type\":\"Organization\",\"@id\":\"https:\\\/\\\/www.itakaescolapios.org\\\/ca\\\/es\\\/#organization\",\"name\":\"Fundaci\u00f3 Itaka-Escolapios\",\"url\":\"https:\\\/\\\/www.itakaescolapios.org\\\/ca\\\/es\\\/\",\"logo\":{\"@type\":\"ImageObject\",\"inLanguage\":\"ca\",\"@id\":\"https:\\\/\\\/www.itakaescolapios.org\\\/ca\\\/es\\\/#\\\/schema\\\/logo\\\/image\\\/\",\"url\":\"https:\\\/\\\/www.itakaescolapios.org\\\/wp-content\\\/uploads\\\/2024\\\/04\\\/Logo-itakaescolapios-peque.png\",\"contentUrl\":\"https:\\\/\\\/www.itakaescolapios.org\\\/wp-content\\\/uploads\\\/2024\\\/04\\\/Logo-itakaescolapios-peque.png\",\"width\":500,\"height\":199,\"caption\":\"Fundaci\u00f3 Itaka-Escolapios\"},\"image\":{\"@id\":\"https:\\\/\\\/www.itakaescolapios.org\\\/ca\\\/es\\\/#\\\/schema\\\/logo\\\/image\\\/\"}},{\"@type\":\"Person\",\"@id\":\"https:\\\/\\\/www.itakaescolapios.org\\\/es\\\/#\\\/schema\\\/person\\\/d2844383e29bfdfef69039672ce14eb1\",\"name\":\"cameroun01\",\"url\":\"https:\\\/\\\/www.itakaescolapios.org\\\/ca\\\/author\\\/cameroun01\\\/\"}]}<\/script>\n<!-- \/ Yoast SEO plugin. -->","yoast_head_json":{"title":"Apertura del Tercer Cap\u00edtulo Provincial de \u00c1frica Central en Ngoya (Camer\u00fan)","description":"Hoy 25 de marzo, con la presencia del Padre General Pedro Aguado, ha comenzado en Ngoya (Camer\u00fan) el tercer Cap\u00edtulo Provincial de la Provincia Escolapia de \u00c1frica Central. Hemos abierto los trabajos con una reflexi\u00f3n dirigida por el Padre General Pedro Aguado, que nos ha llevado a entrar profundamente en el esp\u00edritu del Cap\u00edtulo. A&hellip;","robots":{"index":"index","follow":"follow","max-snippet":"max-snippet:-1","max-image-preview":"max-image-preview:large","max-video-preview":"max-video-preview:-1"},"canonical":"Hoy 25 de marzo, con la presencia del Padre General Pedro Aguado, ha comenzado en Ngoya (Camer\u00fan) el tercer Cap\u00edtulo Provincial de la Provincia Escolapia de \u00c1frica Central. Hemos abierto los trabajos con una reflexi\u00f3n dirigida por el Padre General Pedro Aguado, que nos ha llevado a entrar profundamente en el esp\u00edritu del Cap\u00edtulo. A&hellip;","og_locale":"ca_ES","og_type":"article","og_title":"Apertura del Tercer Cap\u00edtulo Provincial de \u00c1frica Central en Ngoya (Camer\u00fan)","og_description":"Hoy 25 de marzo, con la presencia del Padre General Pedro Aguado, ha comenzado en Ngoya (Camer\u00fan) el tercer Cap\u00edtulo Provincial de la Provincia Escolapia de \u00c1frica Central. Hemos abierto los trabajos con una reflexi\u00f3n dirigida por el Padre General Pedro Aguado, que nos ha llevado a entrar profundamente en el esp\u00edritu del Cap\u00edtulo. A&hellip;","og_url":"https:\/\/www.itakaescolapios.org\/ca\/2023\/04\/english-opening-of-the-third-provincial-chapter-of-central-africa-in-ngoya-cameroon\/","og_site_name":"Itaka-Escolapios","article_published_time":"2023-04-26T08:07:54+00:00","article_modified_time":"2023-11-28T11:35:33+00:00","og_image":[{"width":1406,"height":736,"url":"https:\/\/www.itakaescolapios.org\/wp-content\/uploads\/2023\/04\/342406130_3314586652127599_2055185933264966625_n.jpg","type":"image\/jpeg"}],"author":"cameroun01","twitter_card":"summary_large_image","twitter_misc":{"Escrit per":"cameroun01","Temps estimat de lectura":"1 minut"},"schema":{"@context":"https:\/\/schema.org","@graph":[{"@type":"Article","@id":"https:\/\/www.itakaescolapios.org\/ca\/2023\/04\/english-opening-of-the-third-provincial-chapter-of-central-africa-in-ngoya-cameroon\/#article","isPartOf":{"@id":"https:\/\/www.itakaescolapios.org\/ca\/2023\/04\/english-opening-of-the-third-provincial-chapter-of-central-africa-in-ngoya-cameroon\/"},"author":{"name":"cameroun01","@id":"https:\/\/www.itakaescolapios.org\/es\/#\/schema\/person\/d2844383e29bfdfef69039672ce14eb1"},"headline":"Apertura del Tercer Cap\u00edtulo Provincial de \u00c1frica Central en Ngoya (Camer\u00fan)","datePublished":"2023-04-26T08:07:54+00:00","dateModified":"2023-11-28T11:35:33+00:00","mainEntityOfPage":{"@id":"https:\/\/www.itakaescolapios.org\/ca\/2023\/04\/english-opening-of-the-third-provincial-chapter-of-central-africa-in-ngoya-cameroon\/"},"wordCount":116,"publisher":{"@id":"https:\/\/www.itakaescolapios.org\/es\/#organization"},"image":{"@id":"https:\/\/www.itakaescolapios.org\/ca\/2023\/04\/english-opening-of-the-third-provincial-chapter-of-central-africa-in-ngoya-cameroon\/#primaryimage"},"thumbnailUrl":"https:\/\/www.itakaescolapios.org\/wp-content\/uploads\/2023\/04\/342406130_3314586652127599_2055185933264966625_n.jpg","articleSection":["\u00c1frica Central","Camerun"],"inLanguage":"ca"},{"@type":"WebPage","@id":"https:\/\/www.itakaescolapios.org\/ca\/2023\/04\/english-opening-of-the-third-provincial-chapter-of-central-africa-in-ngoya-cameroon\/","url":"https:\/\/www.itakaescolapios.org\/ca\/2023\/04\/english-opening-of-the-third-provincial-chapter-of-central-africa-in-ngoya-cameroon\/","name":"Apertura del Tercer Cap\u00edtulo Provincial de \u00c1frica Central en Ngoya (Camer\u00fan) - Itaka-Escolapios","isPartOf":{"@id":"https:\/\/www.itakaescolapios.org\/es\/#website"},"primaryImageOfPage":{"@id":"https:\/\/www.itakaescolapios.org\/ca\/2023\/04\/english-opening-of-the-third-provincial-chapter-of-central-africa-in-ngoya-cameroon\/#primaryimage"},"image":{"@id":"https:\/\/www.itakaescolapios.org\/ca\/2023\/04\/english-opening-of-the-third-provincial-chapter-of-central-africa-in-ngoya-cameroon\/#primaryimage"},"thumbnailUrl":"https:\/\/www.itakaescolapios.org\/wp-content\/uploads\/2023\/04\/342406130_3314586652127599_2055185933264966625_n.jpg","datePublished":"2023-04-26T08:07:54+00:00","dateModified":"2023-11-28T11:35:33+00:00","breadcrumb":{"@id":"https:\/\/www.itakaescolapios.org\/ca\/2023\/04\/english-opening-of-the-third-provincial-chapter-of-central-africa-in-ngoya-cameroon\/#breadcrumb"},"inLanguage":"ca","potentialAction":[{"@type":"ReadAction","target":["https:\/\/www.itakaescolapios.org\/ca\/2023\/04\/english-opening-of-the-third-provincial-chapter-of-central-africa-in-ngoya-cameroon\/"]}]},{"@type":"ImageObject","inLanguage":"ca","@id":"https:\/\/www.itakaescolapios.org\/ca\/2023\/04\/english-opening-of-the-third-provincial-chapter-of-central-africa-in-ngoya-cameroon\/#primaryimage","url":"https:\/\/www.itakaescolapios.org\/wp-content\/uploads\/2023\/04\/342406130_3314586652127599_2055185933264966625_n.jpg","contentUrl":"https:\/\/www.itakaescolapios.org\/wp-content\/uploads\/2023\/04\/342406130_3314586652127599_2055185933264966625_n.jpg","width":1406,"height":736},{"@type":"BreadcrumbList","@id":"https:\/\/www.itakaescolapios.org\/ca\/2023\/04\/english-opening-of-the-third-provincial-chapter-of-central-africa-in-ngoya-cameroon\/#breadcrumb","itemListElement":[{"@type":"ListItem","position":1,"name":"Itaka-Escolapios","item":"https:\/\/www.itakaescolapios.org\/es\/"},{"@type":"ListItem","position":2,"name":"Apertura del Tercer Cap\u00edtulo Provincial de \u00c1frica Central en Ngoya (Camer\u00fan)"}]},{"@type":"WebSite","@id":"https:\/\/www.itakaescolapios.org\/ca\/es\/#website","url":"https:\/\/www.itakaescolapios.org\/ca\/es\/","name":"Itaka-Escolapios","description":"Red de Itaka-Escolapios","publisher":{"@id":"https:\/\/www.itakaescolapios.org\/ca\/es\/#organization"},"potentialAction":[{"@type":"SearchAction","target":{"@type":"EntryPoint","urlTemplate":"https:\/\/www.itakaescolapios.org\/ca\/es\/?s={search_term_string}"},"query-input":{"@type":"PropertyValueSpecification","valueRequired":true,"valueName":"search_term_string"}}],"inLanguage":"ca"},{"@type":"Organization","@id":"https:\/\/www.itakaescolapios.org\/ca\/es\/#organization","name":"Fundaci\u00f3 Itaka-Escolapios","url":"https:\/\/www.itakaescolapios.org\/ca\/es\/","logo":{"@type":"ImageObject","inLanguage":"ca","@id":"https:\/\/www.itakaescolapios.org\/ca\/es\/#\/schema\/logo\/image\/","url":"https:\/\/www.itakaescolapios.org\/wp-content\/uploads\/2024\/04\/Logo-itakaescolapios-peque.png","contentUrl":"https:\/\/www.itakaescolapios.org\/wp-content\/uploads\/2024\/04\/Logo-itakaescolapios-peque.png","width":500,"height":199,"caption":"Fundaci\u00f3 Itaka-Escolapios"},"image":{"@id":"https:\/\/www.itakaescolapios.org\/ca\/es\/#\/schema\/logo\/image\/"}},{"@type":"Person","@id":"https:\/\/www.itakaescolapios.org\/es\/#\/schema\/person\/d2844383e29bfdfef69039672ce14eb1","name":"cameroun01","url":"https:\/\/www.itakaescolapios.org\/ca\/author\/cameroun01\/"}]}},"_links":{"self":[{"href":"https:\/\/www.itakaescolapios.org\/ca\/wp-json\/wp\/v2\/posts\/41964","targetHints":{"allow":["GET"]}}],"collection":[{"href":"https:\/\/www.itakaescolapios.org\/ca\/wp-json\/wp\/v2\/posts"}],"about":[{"href":"https:\/\/www.itakaescolapios.org\/ca\/wp-json\/wp\/v2\/types\/post"}],"author":[{"embeddable":true,"href":"https:\/\/www.itakaescolapios.org\/ca\/wp-json\/wp\/v2\/users\/15"}],"replies":[{"embeddable":true,"href":"https:\/\/www.itakaescolapios.org\/ca\/wp-json\/wp\/v2\/comments?post=41964"}],"version-history":[{"count":4,"href":"https:\/\/www.itakaescolapios.org\/ca\/wp-json\/wp\/v2\/posts\/41964\/revisions"}],"predecessor-version":[{"id":43613,"href":"https:\/\/www.itakaescolapios.org\/ca\/wp-json\/wp\/v2\/posts\/41964\/revisions\/43613"}],"wp:featuredmedia":[{"embeddable":true,"href":"https:\/\/www.itakaescolapios.org\/ca\/wp-json\/wp\/v2\/media\/41967"}],"wp:attachment":[{"href":"https:\/\/www.itakaescolapios.org\/ca\/wp-json\/wp\/v2\/media?parent=41964"}],"wp:term":[{"taxonomy":"category","embeddable":true,"href":"https:\/\/www.itakaescolapios.org\/ca\/wp-json\/wp\/v2\/categories?post=41964"},{"taxonomy":"post_tag","embeddable":true,"href":"https:\/\/www.itakaescolapios.org\/ca\/wp-json\/wp\/v2\/tags?post=41964"}],"curies":[{"name":"wp","href":"https:\/\/api.w.org\/{rel}","templated":true}]}}