{"id":42430,"date":"2023-05-18T14:33:06","date_gmt":"2023-05-18T13:33:06","guid":{"rendered":"https:\/\/www.itakaescolapios.org\/?p=42430"},"modified":"2023-11-28T12:35:32","modified_gmt":"2023-11-28T11:35:32","slug":"english-closing-ceremony-of-the-2022-2023-academic-year-at-the-saint-joseph-calasanz-bilingual-school-complex-in-messamendongo-yaounde","status":"publish","type":"post","link":"https:\/\/www.itakaescolapios.org\/ca\/2023\/05\/english-closing-ceremony-of-the-2022-2023-academic-year-at-the-saint-joseph-calasanz-bilingual-school-complex-in-messamendongo-yaounde\/","title":{"rendered":"CEREMONIA DE CLAUSURA DEL A\u00d1O ACAD\u00c9MICO 2022-2023 EN EL COMPLEJO ESCOLAR BILING\u00dcE SAINT JOSEPH CALASANZ DE MESSAMENDONGO YAOUND\u00c9"},"content":{"rendered":"<p>Hoy, jueves 18 de mayo de 2023, ha tenido lugar la ceremonia de clausura del curso 2022-2023 en el Complejo Escolar Biling\u00fce Saint Joseph Calasanz en Messamendongo Yaound\u00e9 (Centro Camer\u00fan). En el programa ten\u00edamos la asamblea, la misa y luego la entrega de premios. Se premi\u00f3 a los alumnos que destacaron por su asistencia, su buen comportamiento y sus notas, luego los dem\u00e1s alumnos recibieron sus boletines de notas en el aula y as\u00ed termin\u00f3 la ceremonia. Ahora las clases intermedias est\u00e1n de vacaciones. S\u00f3lo quedan los que tienen que hacer los ex\u00e1menes nacionales.<!--more--><\/p>\n","protected":false},"excerpt":{"rendered":"<p>Hoy, jueves 18 de mayo de 2023, ha tenido lugar la ceremonia de clausura del curso 2022-2023 en el Complejo Escolar Biling\u00fce Saint Joseph Calasanz en Messamendongo Yaound\u00e9 (Centro Camer\u00fan). [&hellip;]<\/p>\n","protected":false},"author":15,"featured_media":42431,"comment_status":"closed","ping_status":"closed","sticky":false,"template":"","format":"standard","meta":{"_et_pb_use_builder":"","_et_pb_old_content":"","_et_gb_content_width":"","footnotes":""},"categories":[53,10],"tags":[],"class_list":["post-42430","post","type-post","status-publish","format-standard","has-post-thumbnail","hentry","category-africa-central","category-camerun"],"yoast_head":"<!-- This site is optimized with the Yoast SEO plugin v27.4 - https:\/\/yoast.com\/product\/yoast-seo-wordpress\/ -->\n<title>CEREMONIA DE CLAUSURA DEL A\u00d1O ACAD\u00c9MICO 2022-2023 EN EL COMPLEJO ESCOLAR BILING\u00dcE SAINT JOSEPH CALASANZ DE MESSAMENDONGO YAOUND\u00c9<\/title>\n<meta name=\"description\" content=\"Hoy, jueves 18 de mayo de 2023, ha tenido lugar la ceremonia de clausura del curso 2022-2023 en el Complejo Escolar Biling\u00fce Saint Joseph Calasanz en Messamendongo Yaound\u00e9 (Centro Camer\u00fan). En el programa ten\u00edamos la asamblea, la misa y luego la entrega de premios. Se premi\u00f3 a los alumnos que destacaron por su asistencia, su&hellip;\" \/>\n<meta name=\"robots\" content=\"index, follow, max-snippet:-1, max-image-preview:large, max-video-preview:-1\" \/>\n<link rel=\"canonical\" href=\"http:\/\/Hoy,%20jueves%2018%20de%20mayo%20de%202023,%20ha%20tenido%20lugar%20la%20ceremonia%20de%20clausura%20del%20curso%202022-2023%20en%20el%20Complejo%20Escolar%20Biling\u00fce%20Saint%20Joseph%20Calasanz%20en%20Messamendongo%20Yaound\u00e9%20(Centro%20Camer\u00fan).%20En%20el%20programa%20ten\u00edamos%20la%20asamblea,%20la%20misa%20y%20luego%20la%20entrega%20de%20premios.%20Se%20premi\u00f3%20a%20los%20alumnos%20que%20destacaron%20por%20su%20asistencia,%20su&hellip;\" \/>\n<meta property=\"og:locale\" content=\"ca_ES\" \/>\n<meta property=\"og:type\" content=\"article\" \/>\n<meta property=\"og:title\" content=\"CEREMONIA DE CLAUSURA DEL A\u00d1O ACAD\u00c9MICO 2022-2023 EN EL COMPLEJO ESCOLAR BILING\u00dcE SAINT JOSEPH CALASANZ DE MESSAMENDONGO YAOUND\u00c9\" \/>\n<meta property=\"og:description\" content=\"Hoy, jueves 18 de mayo de 2023, ha tenido lugar la ceremonia de clausura del curso 2022-2023 en el Complejo Escolar Biling\u00fce Saint Joseph Calasanz en Messamendongo Yaound\u00e9 (Centro Camer\u00fan). En el programa ten\u00edamos la asamblea, la misa y luego la entrega de premios. Se premi\u00f3 a los alumnos que destacaron por su asistencia, su&hellip;\" \/>\n<meta property=\"og:url\" content=\"https:\/\/www.itakaescolapios.org\/ca\/2023\/05\/english-closing-ceremony-of-the-2022-2023-academic-year-at-the-saint-joseph-calasanz-bilingual-school-complex-in-messamendongo-yaounde\/\" \/>\n<meta property=\"og:site_name\" content=\"Itaka-Escolapios\" \/>\n<meta property=\"article:published_time\" content=\"2023-05-18T13:33:06+00:00\" \/>\n<meta property=\"article:modified_time\" content=\"2023-11-28T11:35:32+00:00\" \/>\n<meta property=\"og:image\" content=\"https:\/\/www.itakaescolapios.org\/wp-content\/uploads\/2023\/05\/347558939_906628113785953_8922956928851281720_n.jpg\" \/>\n\t<meta property=\"og:image:width\" content=\"960\" \/>\n\t<meta property=\"og:image:height\" content=\"720\" \/>\n\t<meta property=\"og:image:type\" content=\"image\/jpeg\" \/>\n<meta name=\"author\" content=\"cameroun01\" \/>\n<meta name=\"twitter:card\" content=\"summary_large_image\" \/>\n<meta name=\"twitter:label1\" content=\"Escrit per\" \/>\n\t<meta name=\"twitter:data1\" content=\"cameroun01\" \/>\n<script type=\"application\/ld+json\" class=\"yoast-schema-graph\">{\"@context\":\"https:\\\/\\\/schema.org\",\"@graph\":[{\"@type\":\"Article\",\"@id\":\"https:\\\/\\\/www.itakaescolapios.org\\\/ca\\\/2023\\\/05\\\/english-closing-ceremony-of-the-2022-2023-academic-year-at-the-saint-joseph-calasanz-bilingual-school-complex-in-messamendongo-yaounde\\\/#article\",\"isPartOf\":{\"@id\":\"https:\\\/\\\/www.itakaescolapios.org\\\/ca\\\/2023\\\/05\\\/english-closing-ceremony-of-the-2022-2023-academic-year-at-the-saint-joseph-calasanz-bilingual-school-complex-in-messamendongo-yaounde\\\/\"},\"author\":{\"name\":\"cameroun01\",\"@id\":\"https:\\\/\\\/www.itakaescolapios.org\\\/es\\\/#\\\/schema\\\/person\\\/d2844383e29bfdfef69039672ce14eb1\"},\"headline\":\"CEREMONIA DE CLAUSURA DEL A\u00d1O ACAD\u00c9MICO 2022-2023 EN EL COMPLEJO ESCOLAR BILING\u00dcE SAINT JOSEPH CALASANZ DE MESSAMENDONGO YAOUND\u00c9\",\"datePublished\":\"2023-05-18T13:33:06+00:00\",\"dateModified\":\"2023-11-28T11:35:32+00:00\",\"mainEntityOfPage\":{\"@id\":\"https:\\\/\\\/www.itakaescolapios.org\\\/ca\\\/2023\\\/05\\\/english-closing-ceremony-of-the-2022-2023-academic-year-at-the-saint-joseph-calasanz-bilingual-school-complex-in-messamendongo-yaounde\\\/\"},\"wordCount\":120,\"publisher\":{\"@id\":\"https:\\\/\\\/www.itakaescolapios.org\\\/es\\\/#organization\"},\"image\":{\"@id\":\"https:\\\/\\\/www.itakaescolapios.org\\\/ca\\\/2023\\\/05\\\/english-closing-ceremony-of-the-2022-2023-academic-year-at-the-saint-joseph-calasanz-bilingual-school-complex-in-messamendongo-yaounde\\\/#primaryimage\"},\"thumbnailUrl\":\"https:\\\/\\\/www.itakaescolapios.org\\\/wp-content\\\/uploads\\\/2023\\\/05\\\/347558939_906628113785953_8922956928851281720_n.jpg\",\"articleSection\":[\"\u00c1frica Central\",\"Camerun\"],\"inLanguage\":\"ca\"},{\"@type\":\"WebPage\",\"@id\":\"https:\\\/\\\/www.itakaescolapios.org\\\/ca\\\/2023\\\/05\\\/english-closing-ceremony-of-the-2022-2023-academic-year-at-the-saint-joseph-calasanz-bilingual-school-complex-in-messamendongo-yaounde\\\/\",\"url\":\"https:\\\/\\\/www.itakaescolapios.org\\\/ca\\\/2023\\\/05\\\/english-closing-ceremony-of-the-2022-2023-academic-year-at-the-saint-joseph-calasanz-bilingual-school-complex-in-messamendongo-yaounde\\\/\",\"name\":\"CEREMONIA DE CLAUSURA DEL A\u00d1O ACAD\u00c9MICO 2022-2023 EN EL COMPLEJO ESCOLAR BILING\u00dcE SAINT JOSEPH CALASANZ DE MESSAMENDONGO YAOUND\u00c9 - Itaka-Escolapios\",\"isPartOf\":{\"@id\":\"https:\\\/\\\/www.itakaescolapios.org\\\/es\\\/#website\"},\"primaryImageOfPage\":{\"@id\":\"https:\\\/\\\/www.itakaescolapios.org\\\/ca\\\/2023\\\/05\\\/english-closing-ceremony-of-the-2022-2023-academic-year-at-the-saint-joseph-calasanz-bilingual-school-complex-in-messamendongo-yaounde\\\/#primaryimage\"},\"image\":{\"@id\":\"https:\\\/\\\/www.itakaescolapios.org\\\/ca\\\/2023\\\/05\\\/english-closing-ceremony-of-the-2022-2023-academic-year-at-the-saint-joseph-calasanz-bilingual-school-complex-in-messamendongo-yaounde\\\/#primaryimage\"},\"thumbnailUrl\":\"https:\\\/\\\/www.itakaescolapios.org\\\/wp-content\\\/uploads\\\/2023\\\/05\\\/347558939_906628113785953_8922956928851281720_n.jpg\",\"datePublished\":\"2023-05-18T13:33:06+00:00\",\"dateModified\":\"2023-11-28T11:35:32+00:00\",\"breadcrumb\":{\"@id\":\"https:\\\/\\\/www.itakaescolapios.org\\\/ca\\\/2023\\\/05\\\/english-closing-ceremony-of-the-2022-2023-academic-year-at-the-saint-joseph-calasanz-bilingual-school-complex-in-messamendongo-yaounde\\\/#breadcrumb\"},\"inLanguage\":\"ca\",\"potentialAction\":[{\"@type\":\"ReadAction\",\"target\":[\"https:\\\/\\\/www.itakaescolapios.org\\\/ca\\\/2023\\\/05\\\/english-closing-ceremony-of-the-2022-2023-academic-year-at-the-saint-joseph-calasanz-bilingual-school-complex-in-messamendongo-yaounde\\\/\"]}]},{\"@type\":\"ImageObject\",\"inLanguage\":\"ca\",\"@id\":\"https:\\\/\\\/www.itakaescolapios.org\\\/ca\\\/2023\\\/05\\\/english-closing-ceremony-of-the-2022-2023-academic-year-at-the-saint-joseph-calasanz-bilingual-school-complex-in-messamendongo-yaounde\\\/#primaryimage\",\"url\":\"https:\\\/\\\/www.itakaescolapios.org\\\/wp-content\\\/uploads\\\/2023\\\/05\\\/347558939_906628113785953_8922956928851281720_n.jpg\",\"contentUrl\":\"https:\\\/\\\/www.itakaescolapios.org\\\/wp-content\\\/uploads\\\/2023\\\/05\\\/347558939_906628113785953_8922956928851281720_n.jpg\",\"width\":960,\"height\":720},{\"@type\":\"BreadcrumbList\",\"@id\":\"https:\\\/\\\/www.itakaescolapios.org\\\/ca\\\/2023\\\/05\\\/english-closing-ceremony-of-the-2022-2023-academic-year-at-the-saint-joseph-calasanz-bilingual-school-complex-in-messamendongo-yaounde\\\/#breadcrumb\",\"itemListElement\":[{\"@type\":\"ListItem\",\"position\":1,\"name\":\"Itaka-Escolapios\",\"item\":\"https:\\\/\\\/www.itakaescolapios.org\\\/es\\\/\"},{\"@type\":\"ListItem\",\"position\":2,\"name\":\"CEREMONIA DE CLAUSURA DEL A\u00d1O ACAD\u00c9MICO 2022-2023 EN EL COMPLEJO ESCOLAR BILING\u00dcE SAINT JOSEPH CALASANZ DE MESSAMENDONGO YAOUND\u00c9\"}]},{\"@type\":\"WebSite\",\"@id\":\"https:\\\/\\\/www.itakaescolapios.org\\\/ca\\\/es\\\/#website\",\"url\":\"https:\\\/\\\/www.itakaescolapios.org\\\/ca\\\/es\\\/\",\"name\":\"Itaka-Escolapios\",\"description\":\"Red de Itaka-Escolapios\",\"publisher\":{\"@id\":\"https:\\\/\\\/www.itakaescolapios.org\\\/ca\\\/es\\\/#organization\"},\"potentialAction\":[{\"@type\":\"SearchAction\",\"target\":{\"@type\":\"EntryPoint\",\"urlTemplate\":\"https:\\\/\\\/www.itakaescolapios.org\\\/ca\\\/es\\\/?s={search_term_string}\"},\"query-input\":{\"@type\":\"PropertyValueSpecification\",\"valueRequired\":true,\"valueName\":\"search_term_string\"}}],\"inLanguage\":\"ca\"},{\"@type\":\"Organization\",\"@id\":\"https:\\\/\\\/www.itakaescolapios.org\\\/ca\\\/es\\\/#organization\",\"name\":\"Fundaci\u00f3 Itaka-Escolapios\",\"url\":\"https:\\\/\\\/www.itakaescolapios.org\\\/ca\\\/es\\\/\",\"logo\":{\"@type\":\"ImageObject\",\"inLanguage\":\"ca\",\"@id\":\"https:\\\/\\\/www.itakaescolapios.org\\\/ca\\\/es\\\/#\\\/schema\\\/logo\\\/image\\\/\",\"url\":\"https:\\\/\\\/www.itakaescolapios.org\\\/wp-content\\\/uploads\\\/2024\\\/04\\\/Logo-itakaescolapios-peque.png\",\"contentUrl\":\"https:\\\/\\\/www.itakaescolapios.org\\\/wp-content\\\/uploads\\\/2024\\\/04\\\/Logo-itakaescolapios-peque.png\",\"width\":500,\"height\":199,\"caption\":\"Fundaci\u00f3 Itaka-Escolapios\"},\"image\":{\"@id\":\"https:\\\/\\\/www.itakaescolapios.org\\\/ca\\\/es\\\/#\\\/schema\\\/logo\\\/image\\\/\"}},{\"@type\":\"Person\",\"@id\":\"https:\\\/\\\/www.itakaescolapios.org\\\/es\\\/#\\\/schema\\\/person\\\/d2844383e29bfdfef69039672ce14eb1\",\"name\":\"cameroun01\",\"url\":\"https:\\\/\\\/www.itakaescolapios.org\\\/ca\\\/author\\\/cameroun01\\\/\"}]}<\/script>\n<!-- \/ Yoast SEO plugin. -->","yoast_head_json":{"title":"CEREMONIA DE CLAUSURA DEL A\u00d1O ACAD\u00c9MICO 2022-2023 EN EL COMPLEJO ESCOLAR BILING\u00dcE SAINT JOSEPH CALASANZ DE MESSAMENDONGO YAOUND\u00c9","description":"Hoy, jueves 18 de mayo de 2023, ha tenido lugar la ceremonia de clausura del curso 2022-2023 en el Complejo Escolar Biling\u00fce Saint Joseph Calasanz en Messamendongo Yaound\u00e9 (Centro Camer\u00fan). En el programa ten\u00edamos la asamblea, la misa y luego la entrega de premios. Se premi\u00f3 a los alumnos que destacaron por su asistencia, su&hellip;","robots":{"index":"index","follow":"follow","max-snippet":"max-snippet:-1","max-image-preview":"max-image-preview:large","max-video-preview":"max-video-preview:-1"},"canonical":"Hoy, jueves 18 de mayo de 2023, ha tenido lugar la ceremonia de clausura del curso 2022-2023 en el Complejo Escolar Biling\u00fce Saint Joseph Calasanz en Messamendongo Yaound\u00e9 (Centro Camer\u00fan). En el programa ten\u00edamos la asamblea, la misa y luego la entrega de premios. Se premi\u00f3 a los alumnos que destacaron por su asistencia, su&hellip;","og_locale":"ca_ES","og_type":"article","og_title":"CEREMONIA DE CLAUSURA DEL A\u00d1O ACAD\u00c9MICO 2022-2023 EN EL COMPLEJO ESCOLAR BILING\u00dcE SAINT JOSEPH CALASANZ DE MESSAMENDONGO YAOUND\u00c9","og_description":"Hoy, jueves 18 de mayo de 2023, ha tenido lugar la ceremonia de clausura del curso 2022-2023 en el Complejo Escolar Biling\u00fce Saint Joseph Calasanz en Messamendongo Yaound\u00e9 (Centro Camer\u00fan). En el programa ten\u00edamos la asamblea, la misa y luego la entrega de premios. Se premi\u00f3 a los alumnos que destacaron por su asistencia, su&hellip;","og_url":"https:\/\/www.itakaescolapios.org\/ca\/2023\/05\/english-closing-ceremony-of-the-2022-2023-academic-year-at-the-saint-joseph-calasanz-bilingual-school-complex-in-messamendongo-yaounde\/","og_site_name":"Itaka-Escolapios","article_published_time":"2023-05-18T13:33:06+00:00","article_modified_time":"2023-11-28T11:35:32+00:00","og_image":[{"width":960,"height":720,"url":"https:\/\/www.itakaescolapios.org\/wp-content\/uploads\/2023\/05\/347558939_906628113785953_8922956928851281720_n.jpg","type":"image\/jpeg"}],"author":"cameroun01","twitter_card":"summary_large_image","twitter_misc":{"Escrit per":"cameroun01"},"schema":{"@context":"https:\/\/schema.org","@graph":[{"@type":"Article","@id":"https:\/\/www.itakaescolapios.org\/ca\/2023\/05\/english-closing-ceremony-of-the-2022-2023-academic-year-at-the-saint-joseph-calasanz-bilingual-school-complex-in-messamendongo-yaounde\/#article","isPartOf":{"@id":"https:\/\/www.itakaescolapios.org\/ca\/2023\/05\/english-closing-ceremony-of-the-2022-2023-academic-year-at-the-saint-joseph-calasanz-bilingual-school-complex-in-messamendongo-yaounde\/"},"author":{"name":"cameroun01","@id":"https:\/\/www.itakaescolapios.org\/es\/#\/schema\/person\/d2844383e29bfdfef69039672ce14eb1"},"headline":"CEREMONIA DE CLAUSURA DEL A\u00d1O ACAD\u00c9MICO 2022-2023 EN EL COMPLEJO ESCOLAR BILING\u00dcE SAINT JOSEPH CALASANZ DE MESSAMENDONGO YAOUND\u00c9","datePublished":"2023-05-18T13:33:06+00:00","dateModified":"2023-11-28T11:35:32+00:00","mainEntityOfPage":{"@id":"https:\/\/www.itakaescolapios.org\/ca\/2023\/05\/english-closing-ceremony-of-the-2022-2023-academic-year-at-the-saint-joseph-calasanz-bilingual-school-complex-in-messamendongo-yaounde\/"},"wordCount":120,"publisher":{"@id":"https:\/\/www.itakaescolapios.org\/es\/#organization"},"image":{"@id":"https:\/\/www.itakaescolapios.org\/ca\/2023\/05\/english-closing-ceremony-of-the-2022-2023-academic-year-at-the-saint-joseph-calasanz-bilingual-school-complex-in-messamendongo-yaounde\/#primaryimage"},"thumbnailUrl":"https:\/\/www.itakaescolapios.org\/wp-content\/uploads\/2023\/05\/347558939_906628113785953_8922956928851281720_n.jpg","articleSection":["\u00c1frica Central","Camerun"],"inLanguage":"ca"},{"@type":"WebPage","@id":"https:\/\/www.itakaescolapios.org\/ca\/2023\/05\/english-closing-ceremony-of-the-2022-2023-academic-year-at-the-saint-joseph-calasanz-bilingual-school-complex-in-messamendongo-yaounde\/","url":"https:\/\/www.itakaescolapios.org\/ca\/2023\/05\/english-closing-ceremony-of-the-2022-2023-academic-year-at-the-saint-joseph-calasanz-bilingual-school-complex-in-messamendongo-yaounde\/","name":"CEREMONIA DE CLAUSURA DEL A\u00d1O ACAD\u00c9MICO 2022-2023 EN EL COMPLEJO ESCOLAR BILING\u00dcE SAINT JOSEPH CALASANZ DE MESSAMENDONGO YAOUND\u00c9 - Itaka-Escolapios","isPartOf":{"@id":"https:\/\/www.itakaescolapios.org\/es\/#website"},"primaryImageOfPage":{"@id":"https:\/\/www.itakaescolapios.org\/ca\/2023\/05\/english-closing-ceremony-of-the-2022-2023-academic-year-at-the-saint-joseph-calasanz-bilingual-school-complex-in-messamendongo-yaounde\/#primaryimage"},"image":{"@id":"https:\/\/www.itakaescolapios.org\/ca\/2023\/05\/english-closing-ceremony-of-the-2022-2023-academic-year-at-the-saint-joseph-calasanz-bilingual-school-complex-in-messamendongo-yaounde\/#primaryimage"},"thumbnailUrl":"https:\/\/www.itakaescolapios.org\/wp-content\/uploads\/2023\/05\/347558939_906628113785953_8922956928851281720_n.jpg","datePublished":"2023-05-18T13:33:06+00:00","dateModified":"2023-11-28T11:35:32+00:00","breadcrumb":{"@id":"https:\/\/www.itakaescolapios.org\/ca\/2023\/05\/english-closing-ceremony-of-the-2022-2023-academic-year-at-the-saint-joseph-calasanz-bilingual-school-complex-in-messamendongo-yaounde\/#breadcrumb"},"inLanguage":"ca","potentialAction":[{"@type":"ReadAction","target":["https:\/\/www.itakaescolapios.org\/ca\/2023\/05\/english-closing-ceremony-of-the-2022-2023-academic-year-at-the-saint-joseph-calasanz-bilingual-school-complex-in-messamendongo-yaounde\/"]}]},{"@type":"ImageObject","inLanguage":"ca","@id":"https:\/\/www.itakaescolapios.org\/ca\/2023\/05\/english-closing-ceremony-of-the-2022-2023-academic-year-at-the-saint-joseph-calasanz-bilingual-school-complex-in-messamendongo-yaounde\/#primaryimage","url":"https:\/\/www.itakaescolapios.org\/wp-content\/uploads\/2023\/05\/347558939_906628113785953_8922956928851281720_n.jpg","contentUrl":"https:\/\/www.itakaescolapios.org\/wp-content\/uploads\/2023\/05\/347558939_906628113785953_8922956928851281720_n.jpg","width":960,"height":720},{"@type":"BreadcrumbList","@id":"https:\/\/www.itakaescolapios.org\/ca\/2023\/05\/english-closing-ceremony-of-the-2022-2023-academic-year-at-the-saint-joseph-calasanz-bilingual-school-complex-in-messamendongo-yaounde\/#breadcrumb","itemListElement":[{"@type":"ListItem","position":1,"name":"Itaka-Escolapios","item":"https:\/\/www.itakaescolapios.org\/es\/"},{"@type":"ListItem","position":2,"name":"CEREMONIA DE CLAUSURA DEL A\u00d1O ACAD\u00c9MICO 2022-2023 EN EL COMPLEJO ESCOLAR BILING\u00dcE SAINT JOSEPH CALASANZ DE MESSAMENDONGO YAOUND\u00c9"}]},{"@type":"WebSite","@id":"https:\/\/www.itakaescolapios.org\/ca\/es\/#website","url":"https:\/\/www.itakaescolapios.org\/ca\/es\/","name":"Itaka-Escolapios","description":"Red de Itaka-Escolapios","publisher":{"@id":"https:\/\/www.itakaescolapios.org\/ca\/es\/#organization"},"potentialAction":[{"@type":"SearchAction","target":{"@type":"EntryPoint","urlTemplate":"https:\/\/www.itakaescolapios.org\/ca\/es\/?s={search_term_string}"},"query-input":{"@type":"PropertyValueSpecification","valueRequired":true,"valueName":"search_term_string"}}],"inLanguage":"ca"},{"@type":"Organization","@id":"https:\/\/www.itakaescolapios.org\/ca\/es\/#organization","name":"Fundaci\u00f3 Itaka-Escolapios","url":"https:\/\/www.itakaescolapios.org\/ca\/es\/","logo":{"@type":"ImageObject","inLanguage":"ca","@id":"https:\/\/www.itakaescolapios.org\/ca\/es\/#\/schema\/logo\/image\/","url":"https:\/\/www.itakaescolapios.org\/wp-content\/uploads\/2024\/04\/Logo-itakaescolapios-peque.png","contentUrl":"https:\/\/www.itakaescolapios.org\/wp-content\/uploads\/2024\/04\/Logo-itakaescolapios-peque.png","width":500,"height":199,"caption":"Fundaci\u00f3 Itaka-Escolapios"},"image":{"@id":"https:\/\/www.itakaescolapios.org\/ca\/es\/#\/schema\/logo\/image\/"}},{"@type":"Person","@id":"https:\/\/www.itakaescolapios.org\/es\/#\/schema\/person\/d2844383e29bfdfef69039672ce14eb1","name":"cameroun01","url":"https:\/\/www.itakaescolapios.org\/ca\/author\/cameroun01\/"}]}},"_links":{"self":[{"href":"https:\/\/www.itakaescolapios.org\/ca\/wp-json\/wp\/v2\/posts\/42430","targetHints":{"allow":["GET"]}}],"collection":[{"href":"https:\/\/www.itakaescolapios.org\/ca\/wp-json\/wp\/v2\/posts"}],"about":[{"href":"https:\/\/www.itakaescolapios.org\/ca\/wp-json\/wp\/v2\/types\/post"}],"author":[{"embeddable":true,"href":"https:\/\/www.itakaescolapios.org\/ca\/wp-json\/wp\/v2\/users\/15"}],"replies":[{"embeddable":true,"href":"https:\/\/www.itakaescolapios.org\/ca\/wp-json\/wp\/v2\/comments?post=42430"}],"version-history":[{"count":4,"href":"https:\/\/www.itakaescolapios.org\/ca\/wp-json\/wp\/v2\/posts\/42430\/revisions"}],"predecessor-version":[{"id":43594,"href":"https:\/\/www.itakaescolapios.org\/ca\/wp-json\/wp\/v2\/posts\/42430\/revisions\/43594"}],"wp:featuredmedia":[{"embeddable":true,"href":"https:\/\/www.itakaescolapios.org\/ca\/wp-json\/wp\/v2\/media\/42431"}],"wp:attachment":[{"href":"https:\/\/www.itakaescolapios.org\/ca\/wp-json\/wp\/v2\/media?parent=42430"}],"wp:term":[{"taxonomy":"category","embeddable":true,"href":"https:\/\/www.itakaescolapios.org\/ca\/wp-json\/wp\/v2\/categories?post=42430"},{"taxonomy":"post_tag","embeddable":true,"href":"https:\/\/www.itakaescolapios.org\/ca\/wp-json\/wp\/v2\/tags?post=42430"}],"curies":[{"name":"wp","href":"https:\/\/api.w.org\/{rel}","templated":true}]}}