{"id":42531,"date":"2023-06-07T12:31:48","date_gmt":"2023-06-07T11:31:48","guid":{"rendered":"https:\/\/www.itakaescolapios.org\/?p=42531"},"modified":"2023-11-28T12:35:32","modified_gmt":"2023-11-28T11:35:32","slug":"english-calasanz-movement-day-celebration-and-graduation-to-pioneer-group-of-st-joseph-calasanz-kindergarten-and-primary-school-kiyan","status":"publish","type":"post","link":"https:\/\/www.itakaescolapios.org\/ca\/2023\/06\/english-calasanz-movement-day-celebration-and-graduation-to-pioneer-group-of-st-joseph-calasanz-kindergarten-and-primary-school-kiyan\/","title":{"rendered":"Celebraci\u00f3n del D\u00eda del Movimiento Calasanz y Graduaci\u00f3n del Grupo Pionero de la Escuela Infantil y Primaria St. Joseph Calasanz, Kiyan"},"content":{"rendered":"<p>El pasado s\u00e1bado 02 de junio de 2023 tuvo lugar en Kiyan (Noroeste de Camer\u00fan), la celebraci\u00f3n del d\u00eda del movimiento Calasanz y la graduaci\u00f3n del grupo de pioneros de la escuela infantil y primaria San Jos\u00e9 Calasanz de Kiyan. En el programa ten\u00edamos de antemano la misa, la presentaci\u00f3n sobre la vida de Glicerio Landriani, la entrega de los boletines y pergaminos a los ni\u00f1os y luego los juegos de mesa. Fue un bonito momento de relajaci\u00f3n y despedida para los alumnos y el cuerpo administrativo. Ahora son las vacaciones en Kiyan, nos vemos el a\u00f1o que viene.<!--more--><\/p>\n","protected":false},"excerpt":{"rendered":"<p>El pasado s\u00e1bado 02 de junio de 2023 tuvo lugar en Kiyan (Noroeste de Camer\u00fan), la celebraci\u00f3n del d\u00eda del movimiento Calasanz y la graduaci\u00f3n del grupo de pioneros de [&hellip;]<\/p>\n","protected":false},"author":15,"featured_media":42533,"comment_status":"closed","ping_status":"closed","sticky":false,"template":"","format":"standard","meta":{"_et_pb_use_builder":"","_et_pb_old_content":"","_et_gb_content_width":"","footnotes":""},"categories":[53,10],"tags":[],"class_list":["post-42531","post","type-post","status-publish","format-standard","has-post-thumbnail","hentry","category-africa-central","category-camerun"],"yoast_head":"<!-- This site is optimized with the Yoast SEO plugin v27.4 - https:\/\/yoast.com\/product\/yoast-seo-wordpress\/ -->\n<title>Celebraci\u00f3n del D\u00eda del Movimiento Calasanz y Graduaci\u00f3n del Grupo Pionero de la Escuela Infantil y Primaria St. Joseph Calasanz, Kiyan<\/title>\n<meta name=\"description\" content=\"El pasado s\u00e1bado 02 de junio de 2023 tuvo lugar en Kiyan (Noroeste de Camer\u00fan), la celebraci\u00f3n del d\u00eda del movimiento Calasanz y la graduaci\u00f3n del grupo de pioneros de la escuela infantil y primaria San Jos\u00e9 Calasanz de Kiyan. En el programa ten\u00edamos de antemano la misa, la presentaci\u00f3n sobre la vida de Glicerio&hellip;\" \/>\n<meta name=\"robots\" content=\"index, follow, max-snippet:-1, max-image-preview:large, max-video-preview:-1\" \/>\n<link rel=\"canonical\" href=\"http:\/\/El%20pasado%20s\u00e1bado%2002%20de%20junio%20de%202023%20tuvo%20lugar%20en%20Kiyan%20(Noroeste%20de%20Camer\u00fan),%20la%20celebraci\u00f3n%20del%20d\u00eda%20del%20movimiento%20Calasanz%20y%20la%20graduaci\u00f3n%20del%20grupo%20de%20pioneros%20de%20la%20escuela%20infantil%20y%20primaria%20San%20Jos\u00e9%20Calasanz%20de%20Kiyan.%20En%20el%20programa%20ten\u00edamos%20de%20antemano%20la%20misa,%20la%20presentaci\u00f3n%20sobre%20la%20vida%20de%20Glicerio&hellip;\" \/>\n<meta property=\"og:locale\" content=\"ca_ES\" \/>\n<meta property=\"og:type\" content=\"article\" \/>\n<meta property=\"og:title\" content=\"Celebraci\u00f3n del D\u00eda del Movimiento Calasanz y Graduaci\u00f3n del Grupo Pionero de la Escuela Infantil y Primaria St. Joseph Calasanz, Kiyan\" \/>\n<meta property=\"og:description\" content=\"El pasado s\u00e1bado 02 de junio de 2023 tuvo lugar en Kiyan (Noroeste de Camer\u00fan), la celebraci\u00f3n del d\u00eda del movimiento Calasanz y la graduaci\u00f3n del grupo de pioneros de la escuela infantil y primaria San Jos\u00e9 Calasanz de Kiyan. En el programa ten\u00edamos de antemano la misa, la presentaci\u00f3n sobre la vida de Glicerio&hellip;\" \/>\n<meta property=\"og:url\" content=\"https:\/\/www.itakaescolapios.org\/ca\/2023\/06\/english-calasanz-movement-day-celebration-and-graduation-to-pioneer-group-of-st-joseph-calasanz-kindergarten-and-primary-school-kiyan\/\" \/>\n<meta property=\"og:site_name\" content=\"Itaka-Escolapios\" \/>\n<meta property=\"article:published_time\" content=\"2023-06-07T11:31:48+00:00\" \/>\n<meta property=\"article:modified_time\" content=\"2023-11-28T11:35:32+00:00\" \/>\n<meta property=\"og:image\" content=\"https:\/\/www.itakaescolapios.org\/wp-content\/uploads\/2023\/06\/WhatsApp-Image-2023-06-03-at-16.06.02.jpeg\" \/>\n\t<meta property=\"og:image:width\" content=\"1008\" \/>\n\t<meta property=\"og:image:height\" content=\"567\" \/>\n\t<meta property=\"og:image:type\" content=\"image\/jpeg\" \/>\n<meta name=\"author\" content=\"cameroun01\" \/>\n<meta name=\"twitter:card\" content=\"summary_large_image\" \/>\n<meta name=\"twitter:label1\" content=\"Escrit per\" \/>\n\t<meta name=\"twitter:data1\" content=\"cameroun01\" \/>\n\t<meta name=\"twitter:label2\" content=\"Temps estimat de lectura\" \/>\n\t<meta name=\"twitter:data2\" content=\"1 minut\" \/>\n<script type=\"application\/ld+json\" class=\"yoast-schema-graph\">{\"@context\":\"https:\\\/\\\/schema.org\",\"@graph\":[{\"@type\":\"Article\",\"@id\":\"https:\\\/\\\/www.itakaescolapios.org\\\/ca\\\/2023\\\/06\\\/english-calasanz-movement-day-celebration-and-graduation-to-pioneer-group-of-st-joseph-calasanz-kindergarten-and-primary-school-kiyan\\\/#article\",\"isPartOf\":{\"@id\":\"https:\\\/\\\/www.itakaescolapios.org\\\/ca\\\/2023\\\/06\\\/english-calasanz-movement-day-celebration-and-graduation-to-pioneer-group-of-st-joseph-calasanz-kindergarten-and-primary-school-kiyan\\\/\"},\"author\":{\"name\":\"cameroun01\",\"@id\":\"https:\\\/\\\/www.itakaescolapios.org\\\/es\\\/#\\\/schema\\\/person\\\/d2844383e29bfdfef69039672ce14eb1\"},\"headline\":\"Celebraci\u00f3n del D\u00eda del Movimiento Calasanz y Graduaci\u00f3n del Grupo Pionero de la Escuela Infantil y Primaria St. Joseph Calasanz, Kiyan\",\"datePublished\":\"2023-06-07T11:31:48+00:00\",\"dateModified\":\"2023-11-28T11:35:32+00:00\",\"mainEntityOfPage\":{\"@id\":\"https:\\\/\\\/www.itakaescolapios.org\\\/ca\\\/2023\\\/06\\\/english-calasanz-movement-day-celebration-and-graduation-to-pioneer-group-of-st-joseph-calasanz-kindergarten-and-primary-school-kiyan\\\/\"},\"wordCount\":131,\"publisher\":{\"@id\":\"https:\\\/\\\/www.itakaescolapios.org\\\/es\\\/#organization\"},\"image\":{\"@id\":\"https:\\\/\\\/www.itakaescolapios.org\\\/ca\\\/2023\\\/06\\\/english-calasanz-movement-day-celebration-and-graduation-to-pioneer-group-of-st-joseph-calasanz-kindergarten-and-primary-school-kiyan\\\/#primaryimage\"},\"thumbnailUrl\":\"https:\\\/\\\/www.itakaescolapios.org\\\/wp-content\\\/uploads\\\/2023\\\/06\\\/WhatsApp-Image-2023-06-03-at-16.06.02.jpeg\",\"articleSection\":[\"\u00c1frica Central\",\"Camerun\"],\"inLanguage\":\"ca\"},{\"@type\":\"WebPage\",\"@id\":\"https:\\\/\\\/www.itakaescolapios.org\\\/ca\\\/2023\\\/06\\\/english-calasanz-movement-day-celebration-and-graduation-to-pioneer-group-of-st-joseph-calasanz-kindergarten-and-primary-school-kiyan\\\/\",\"url\":\"https:\\\/\\\/www.itakaescolapios.org\\\/ca\\\/2023\\\/06\\\/english-calasanz-movement-day-celebration-and-graduation-to-pioneer-group-of-st-joseph-calasanz-kindergarten-and-primary-school-kiyan\\\/\",\"name\":\"Celebraci\u00f3n del D\u00eda del Movimiento Calasanz y Graduaci\u00f3n del Grupo Pionero de la Escuela Infantil y Primaria St. Joseph Calasanz, Kiyan - Itaka-Escolapios\",\"isPartOf\":{\"@id\":\"https:\\\/\\\/www.itakaescolapios.org\\\/es\\\/#website\"},\"primaryImageOfPage\":{\"@id\":\"https:\\\/\\\/www.itakaescolapios.org\\\/ca\\\/2023\\\/06\\\/english-calasanz-movement-day-celebration-and-graduation-to-pioneer-group-of-st-joseph-calasanz-kindergarten-and-primary-school-kiyan\\\/#primaryimage\"},\"image\":{\"@id\":\"https:\\\/\\\/www.itakaescolapios.org\\\/ca\\\/2023\\\/06\\\/english-calasanz-movement-day-celebration-and-graduation-to-pioneer-group-of-st-joseph-calasanz-kindergarten-and-primary-school-kiyan\\\/#primaryimage\"},\"thumbnailUrl\":\"https:\\\/\\\/www.itakaescolapios.org\\\/wp-content\\\/uploads\\\/2023\\\/06\\\/WhatsApp-Image-2023-06-03-at-16.06.02.jpeg\",\"datePublished\":\"2023-06-07T11:31:48+00:00\",\"dateModified\":\"2023-11-28T11:35:32+00:00\",\"breadcrumb\":{\"@id\":\"https:\\\/\\\/www.itakaescolapios.org\\\/ca\\\/2023\\\/06\\\/english-calasanz-movement-day-celebration-and-graduation-to-pioneer-group-of-st-joseph-calasanz-kindergarten-and-primary-school-kiyan\\\/#breadcrumb\"},\"inLanguage\":\"ca\",\"potentialAction\":[{\"@type\":\"ReadAction\",\"target\":[\"https:\\\/\\\/www.itakaescolapios.org\\\/ca\\\/2023\\\/06\\\/english-calasanz-movement-day-celebration-and-graduation-to-pioneer-group-of-st-joseph-calasanz-kindergarten-and-primary-school-kiyan\\\/\"]}]},{\"@type\":\"ImageObject\",\"inLanguage\":\"ca\",\"@id\":\"https:\\\/\\\/www.itakaescolapios.org\\\/ca\\\/2023\\\/06\\\/english-calasanz-movement-day-celebration-and-graduation-to-pioneer-group-of-st-joseph-calasanz-kindergarten-and-primary-school-kiyan\\\/#primaryimage\",\"url\":\"https:\\\/\\\/www.itakaescolapios.org\\\/wp-content\\\/uploads\\\/2023\\\/06\\\/WhatsApp-Image-2023-06-03-at-16.06.02.jpeg\",\"contentUrl\":\"https:\\\/\\\/www.itakaescolapios.org\\\/wp-content\\\/uploads\\\/2023\\\/06\\\/WhatsApp-Image-2023-06-03-at-16.06.02.jpeg\",\"width\":1008,\"height\":567},{\"@type\":\"BreadcrumbList\",\"@id\":\"https:\\\/\\\/www.itakaescolapios.org\\\/ca\\\/2023\\\/06\\\/english-calasanz-movement-day-celebration-and-graduation-to-pioneer-group-of-st-joseph-calasanz-kindergarten-and-primary-school-kiyan\\\/#breadcrumb\",\"itemListElement\":[{\"@type\":\"ListItem\",\"position\":1,\"name\":\"Itaka-Escolapios\",\"item\":\"https:\\\/\\\/www.itakaescolapios.org\\\/es\\\/\"},{\"@type\":\"ListItem\",\"position\":2,\"name\":\"Celebraci\u00f3n del D\u00eda del Movimiento Calasanz y Graduaci\u00f3n del Grupo Pionero de la Escuela Infantil y Primaria St. Joseph Calasanz, Kiyan\"}]},{\"@type\":\"WebSite\",\"@id\":\"https:\\\/\\\/www.itakaescolapios.org\\\/ca\\\/es\\\/#website\",\"url\":\"https:\\\/\\\/www.itakaescolapios.org\\\/ca\\\/es\\\/\",\"name\":\"Itaka-Escolapios\",\"description\":\"Red de Itaka-Escolapios\",\"publisher\":{\"@id\":\"https:\\\/\\\/www.itakaescolapios.org\\\/ca\\\/es\\\/#organization\"},\"potentialAction\":[{\"@type\":\"SearchAction\",\"target\":{\"@type\":\"EntryPoint\",\"urlTemplate\":\"https:\\\/\\\/www.itakaescolapios.org\\\/ca\\\/es\\\/?s={search_term_string}\"},\"query-input\":{\"@type\":\"PropertyValueSpecification\",\"valueRequired\":true,\"valueName\":\"search_term_string\"}}],\"inLanguage\":\"ca\"},{\"@type\":\"Organization\",\"@id\":\"https:\\\/\\\/www.itakaescolapios.org\\\/ca\\\/es\\\/#organization\",\"name\":\"Fundaci\u00f3 Itaka-Escolapios\",\"url\":\"https:\\\/\\\/www.itakaescolapios.org\\\/ca\\\/es\\\/\",\"logo\":{\"@type\":\"ImageObject\",\"inLanguage\":\"ca\",\"@id\":\"https:\\\/\\\/www.itakaescolapios.org\\\/ca\\\/es\\\/#\\\/schema\\\/logo\\\/image\\\/\",\"url\":\"https:\\\/\\\/www.itakaescolapios.org\\\/wp-content\\\/uploads\\\/2024\\\/04\\\/Logo-itakaescolapios-peque.png\",\"contentUrl\":\"https:\\\/\\\/www.itakaescolapios.org\\\/wp-content\\\/uploads\\\/2024\\\/04\\\/Logo-itakaescolapios-peque.png\",\"width\":500,\"height\":199,\"caption\":\"Fundaci\u00f3 Itaka-Escolapios\"},\"image\":{\"@id\":\"https:\\\/\\\/www.itakaescolapios.org\\\/ca\\\/es\\\/#\\\/schema\\\/logo\\\/image\\\/\"}},{\"@type\":\"Person\",\"@id\":\"https:\\\/\\\/www.itakaescolapios.org\\\/es\\\/#\\\/schema\\\/person\\\/d2844383e29bfdfef69039672ce14eb1\",\"name\":\"cameroun01\",\"url\":\"https:\\\/\\\/www.itakaescolapios.org\\\/ca\\\/author\\\/cameroun01\\\/\"}]}<\/script>\n<!-- \/ Yoast SEO plugin. -->","yoast_head_json":{"title":"Celebraci\u00f3n del D\u00eda del Movimiento Calasanz y Graduaci\u00f3n del Grupo Pionero de la Escuela Infantil y Primaria St. Joseph Calasanz, Kiyan","description":"El pasado s\u00e1bado 02 de junio de 2023 tuvo lugar en Kiyan (Noroeste de Camer\u00fan), la celebraci\u00f3n del d\u00eda del movimiento Calasanz y la graduaci\u00f3n del grupo de pioneros de la escuela infantil y primaria San Jos\u00e9 Calasanz de Kiyan. En el programa ten\u00edamos de antemano la misa, la presentaci\u00f3n sobre la vida de Glicerio&hellip;","robots":{"index":"index","follow":"follow","max-snippet":"max-snippet:-1","max-image-preview":"max-image-preview:large","max-video-preview":"max-video-preview:-1"},"canonical":"El pasado s\u00e1bado 02 de junio de 2023 tuvo lugar en Kiyan (Noroeste de Camer\u00fan), la celebraci\u00f3n del d\u00eda del movimiento Calasanz y la graduaci\u00f3n del grupo de pioneros de la escuela infantil y primaria San Jos\u00e9 Calasanz de Kiyan. En el programa ten\u00edamos de antemano la misa, la presentaci\u00f3n sobre la vida de Glicerio&hellip;","og_locale":"ca_ES","og_type":"article","og_title":"Celebraci\u00f3n del D\u00eda del Movimiento Calasanz y Graduaci\u00f3n del Grupo Pionero de la Escuela Infantil y Primaria St. Joseph Calasanz, Kiyan","og_description":"El pasado s\u00e1bado 02 de junio de 2023 tuvo lugar en Kiyan (Noroeste de Camer\u00fan), la celebraci\u00f3n del d\u00eda del movimiento Calasanz y la graduaci\u00f3n del grupo de pioneros de la escuela infantil y primaria San Jos\u00e9 Calasanz de Kiyan. En el programa ten\u00edamos de antemano la misa, la presentaci\u00f3n sobre la vida de Glicerio&hellip;","og_url":"https:\/\/www.itakaescolapios.org\/ca\/2023\/06\/english-calasanz-movement-day-celebration-and-graduation-to-pioneer-group-of-st-joseph-calasanz-kindergarten-and-primary-school-kiyan\/","og_site_name":"Itaka-Escolapios","article_published_time":"2023-06-07T11:31:48+00:00","article_modified_time":"2023-11-28T11:35:32+00:00","og_image":[{"width":1008,"height":567,"url":"https:\/\/www.itakaescolapios.org\/wp-content\/uploads\/2023\/06\/WhatsApp-Image-2023-06-03-at-16.06.02.jpeg","type":"image\/jpeg"}],"author":"cameroun01","twitter_card":"summary_large_image","twitter_misc":{"Escrit per":"cameroun01","Temps estimat de lectura":"1 minut"},"schema":{"@context":"https:\/\/schema.org","@graph":[{"@type":"Article","@id":"https:\/\/www.itakaescolapios.org\/ca\/2023\/06\/english-calasanz-movement-day-celebration-and-graduation-to-pioneer-group-of-st-joseph-calasanz-kindergarten-and-primary-school-kiyan\/#article","isPartOf":{"@id":"https:\/\/www.itakaescolapios.org\/ca\/2023\/06\/english-calasanz-movement-day-celebration-and-graduation-to-pioneer-group-of-st-joseph-calasanz-kindergarten-and-primary-school-kiyan\/"},"author":{"name":"cameroun01","@id":"https:\/\/www.itakaescolapios.org\/es\/#\/schema\/person\/d2844383e29bfdfef69039672ce14eb1"},"headline":"Celebraci\u00f3n del D\u00eda del Movimiento Calasanz y Graduaci\u00f3n del Grupo Pionero de la Escuela Infantil y Primaria St. Joseph Calasanz, Kiyan","datePublished":"2023-06-07T11:31:48+00:00","dateModified":"2023-11-28T11:35:32+00:00","mainEntityOfPage":{"@id":"https:\/\/www.itakaescolapios.org\/ca\/2023\/06\/english-calasanz-movement-day-celebration-and-graduation-to-pioneer-group-of-st-joseph-calasanz-kindergarten-and-primary-school-kiyan\/"},"wordCount":131,"publisher":{"@id":"https:\/\/www.itakaescolapios.org\/es\/#organization"},"image":{"@id":"https:\/\/www.itakaescolapios.org\/ca\/2023\/06\/english-calasanz-movement-day-celebration-and-graduation-to-pioneer-group-of-st-joseph-calasanz-kindergarten-and-primary-school-kiyan\/#primaryimage"},"thumbnailUrl":"https:\/\/www.itakaescolapios.org\/wp-content\/uploads\/2023\/06\/WhatsApp-Image-2023-06-03-at-16.06.02.jpeg","articleSection":["\u00c1frica Central","Camerun"],"inLanguage":"ca"},{"@type":"WebPage","@id":"https:\/\/www.itakaescolapios.org\/ca\/2023\/06\/english-calasanz-movement-day-celebration-and-graduation-to-pioneer-group-of-st-joseph-calasanz-kindergarten-and-primary-school-kiyan\/","url":"https:\/\/www.itakaescolapios.org\/ca\/2023\/06\/english-calasanz-movement-day-celebration-and-graduation-to-pioneer-group-of-st-joseph-calasanz-kindergarten-and-primary-school-kiyan\/","name":"Celebraci\u00f3n del D\u00eda del Movimiento Calasanz y Graduaci\u00f3n del Grupo Pionero de la Escuela Infantil y Primaria St. Joseph Calasanz, Kiyan - Itaka-Escolapios","isPartOf":{"@id":"https:\/\/www.itakaescolapios.org\/es\/#website"},"primaryImageOfPage":{"@id":"https:\/\/www.itakaescolapios.org\/ca\/2023\/06\/english-calasanz-movement-day-celebration-and-graduation-to-pioneer-group-of-st-joseph-calasanz-kindergarten-and-primary-school-kiyan\/#primaryimage"},"image":{"@id":"https:\/\/www.itakaescolapios.org\/ca\/2023\/06\/english-calasanz-movement-day-celebration-and-graduation-to-pioneer-group-of-st-joseph-calasanz-kindergarten-and-primary-school-kiyan\/#primaryimage"},"thumbnailUrl":"https:\/\/www.itakaescolapios.org\/wp-content\/uploads\/2023\/06\/WhatsApp-Image-2023-06-03-at-16.06.02.jpeg","datePublished":"2023-06-07T11:31:48+00:00","dateModified":"2023-11-28T11:35:32+00:00","breadcrumb":{"@id":"https:\/\/www.itakaescolapios.org\/ca\/2023\/06\/english-calasanz-movement-day-celebration-and-graduation-to-pioneer-group-of-st-joseph-calasanz-kindergarten-and-primary-school-kiyan\/#breadcrumb"},"inLanguage":"ca","potentialAction":[{"@type":"ReadAction","target":["https:\/\/www.itakaescolapios.org\/ca\/2023\/06\/english-calasanz-movement-day-celebration-and-graduation-to-pioneer-group-of-st-joseph-calasanz-kindergarten-and-primary-school-kiyan\/"]}]},{"@type":"ImageObject","inLanguage":"ca","@id":"https:\/\/www.itakaescolapios.org\/ca\/2023\/06\/english-calasanz-movement-day-celebration-and-graduation-to-pioneer-group-of-st-joseph-calasanz-kindergarten-and-primary-school-kiyan\/#primaryimage","url":"https:\/\/www.itakaescolapios.org\/wp-content\/uploads\/2023\/06\/WhatsApp-Image-2023-06-03-at-16.06.02.jpeg","contentUrl":"https:\/\/www.itakaescolapios.org\/wp-content\/uploads\/2023\/06\/WhatsApp-Image-2023-06-03-at-16.06.02.jpeg","width":1008,"height":567},{"@type":"BreadcrumbList","@id":"https:\/\/www.itakaescolapios.org\/ca\/2023\/06\/english-calasanz-movement-day-celebration-and-graduation-to-pioneer-group-of-st-joseph-calasanz-kindergarten-and-primary-school-kiyan\/#breadcrumb","itemListElement":[{"@type":"ListItem","position":1,"name":"Itaka-Escolapios","item":"https:\/\/www.itakaescolapios.org\/es\/"},{"@type":"ListItem","position":2,"name":"Celebraci\u00f3n del D\u00eda del Movimiento Calasanz y Graduaci\u00f3n del Grupo Pionero de la Escuela Infantil y Primaria St. Joseph Calasanz, Kiyan"}]},{"@type":"WebSite","@id":"https:\/\/www.itakaescolapios.org\/ca\/es\/#website","url":"https:\/\/www.itakaescolapios.org\/ca\/es\/","name":"Itaka-Escolapios","description":"Red de Itaka-Escolapios","publisher":{"@id":"https:\/\/www.itakaescolapios.org\/ca\/es\/#organization"},"potentialAction":[{"@type":"SearchAction","target":{"@type":"EntryPoint","urlTemplate":"https:\/\/www.itakaescolapios.org\/ca\/es\/?s={search_term_string}"},"query-input":{"@type":"PropertyValueSpecification","valueRequired":true,"valueName":"search_term_string"}}],"inLanguage":"ca"},{"@type":"Organization","@id":"https:\/\/www.itakaescolapios.org\/ca\/es\/#organization","name":"Fundaci\u00f3 Itaka-Escolapios","url":"https:\/\/www.itakaescolapios.org\/ca\/es\/","logo":{"@type":"ImageObject","inLanguage":"ca","@id":"https:\/\/www.itakaescolapios.org\/ca\/es\/#\/schema\/logo\/image\/","url":"https:\/\/www.itakaescolapios.org\/wp-content\/uploads\/2024\/04\/Logo-itakaescolapios-peque.png","contentUrl":"https:\/\/www.itakaescolapios.org\/wp-content\/uploads\/2024\/04\/Logo-itakaescolapios-peque.png","width":500,"height":199,"caption":"Fundaci\u00f3 Itaka-Escolapios"},"image":{"@id":"https:\/\/www.itakaescolapios.org\/ca\/es\/#\/schema\/logo\/image\/"}},{"@type":"Person","@id":"https:\/\/www.itakaescolapios.org\/es\/#\/schema\/person\/d2844383e29bfdfef69039672ce14eb1","name":"cameroun01","url":"https:\/\/www.itakaescolapios.org\/ca\/author\/cameroun01\/"}]}},"_links":{"self":[{"href":"https:\/\/www.itakaescolapios.org\/ca\/wp-json\/wp\/v2\/posts\/42531","targetHints":{"allow":["GET"]}}],"collection":[{"href":"https:\/\/www.itakaescolapios.org\/ca\/wp-json\/wp\/v2\/posts"}],"about":[{"href":"https:\/\/www.itakaescolapios.org\/ca\/wp-json\/wp\/v2\/types\/post"}],"author":[{"embeddable":true,"href":"https:\/\/www.itakaescolapios.org\/ca\/wp-json\/wp\/v2\/users\/15"}],"replies":[{"embeddable":true,"href":"https:\/\/www.itakaescolapios.org\/ca\/wp-json\/wp\/v2\/comments?post=42531"}],"version-history":[{"count":4,"href":"https:\/\/www.itakaescolapios.org\/ca\/wp-json\/wp\/v2\/posts\/42531\/revisions"}],"predecessor-version":[{"id":43586,"href":"https:\/\/www.itakaescolapios.org\/ca\/wp-json\/wp\/v2\/posts\/42531\/revisions\/43586"}],"wp:featuredmedia":[{"embeddable":true,"href":"https:\/\/www.itakaescolapios.org\/ca\/wp-json\/wp\/v2\/media\/42533"}],"wp:attachment":[{"href":"https:\/\/www.itakaescolapios.org\/ca\/wp-json\/wp\/v2\/media?parent=42531"}],"wp:term":[{"taxonomy":"category","embeddable":true,"href":"https:\/\/www.itakaescolapios.org\/ca\/wp-json\/wp\/v2\/categories?post=42531"},{"taxonomy":"post_tag","embeddable":true,"href":"https:\/\/www.itakaescolapios.org\/ca\/wp-json\/wp\/v2\/tags?post=42531"}],"curies":[{"name":"wp","href":"https:\/\/api.w.org\/{rel}","templated":true}]}}