{"id":5515,"date":"2013-01-29T10:41:11","date_gmt":"2013-01-29T09:41:11","guid":{"rendered":"https:\/\/www.itakaescolapios.org\/?p=5515"},"modified":"2023-11-28T12:39:29","modified_gmt":"2023-11-28T11:39:29","slug":"comenzamos-el-segundo-trimestre-en-pacha-el-rato","status":"publish","type":"post","link":"https:\/\/www.itakaescolapios.org\/ca\/2013\/01\/comenzamos-el-segundo-trimestre-en-pacha-el-rato\/","title":{"rendered":"Comenzamos el segundo trimestre en Pach\u00e1 el Rato"},"content":{"rendered":"<p>&nbsp;<\/p>\n<p>Empez\u00f3 el segundo trimestre de Pach\u00e1 el rato con la misma din\u00e1mica que el trimestre pasado, con lluvia.<\/p>\n<p>Debido al tiempo no pudimos salir a las pistas pero sin embargo se organizaron muchos juegos en el interior del colegio, pudimos disfrutar de un buen ambiente durante las dos horas de Pach\u00e1, con talleres, juegos de mesa, mesa de pinpon, un fabuloso f\u00fatbol ten\u00eds&#8230;<\/p>\n<p>Seguimos trabajando para que nuestros chavales\u00a0est\u00e9n\u00a0cada d\u00eda mas agusto en el colegio durante este rato de tiempo libre.<\/p>\n<p>Un fuerte abrazo y nos vemos en Pach\u00e1!!<\/p>\n<p>Todos los viernes despu\u00e9s de grupos, de 19:00 a 21:00.<!--more--><\/p>\n","protected":false},"excerpt":{"rendered":"<p>&nbsp; Empez\u00f3 el segundo trimestre de Pach\u00e1 el rato con la misma din\u00e1mica que el trimestre pasado, con lluvia. Debido al tiempo no pudimos salir a las pistas pero sin [&hellip;]<\/p>\n","protected":false},"author":23,"featured_media":5523,"comment_status":"closed","ping_status":"closed","sticky":false,"template":"","format":"standard","meta":{"_et_pb_use_builder":"","_et_pb_old_content":"","_et_gb_content_width":"","footnotes":""},"categories":[18],"tags":[],"class_list":["post-5515","post","type-post","status-publish","format-standard","has-post-thumbnail","hentry","category-cordoba"],"yoast_head":"<!-- This site is optimized with the Yoast SEO plugin v27.4 - https:\/\/yoast.com\/product\/yoast-seo-wordpress\/ -->\n<title>Comenzamos el segundo trimestre en Pach\u00e1 el Rato<\/title>\n<meta name=\"description\" content=\"&nbsp; Empez\u00f3 el segundo trimestre de Pach\u00e1 el rato con la misma din\u00e1mica que el trimestre pasado, con lluvia. Debido al tiempo no pudimos salir a las pistas pero sin embargo se organizaron muchos juegos en el interior del colegio, pudimos disfrutar de un buen ambiente durante las dos horas de Pach\u00e1, con talleres, juegos&hellip;\" \/>\n<meta name=\"robots\" content=\"index, follow, max-snippet:-1, max-image-preview:large, max-video-preview:-1\" \/>\n<link rel=\"canonical\" href=\"http:\/\/&nbsp;%20Empez\u00f3%20el%20segundo%20trimestre%20de%20Pach\u00e1%20el%20rato%20con%20la%20misma%20din\u00e1mica%20que%20el%20trimestre%20pasado,%20con%20lluvia.%20Debido%20al%20tiempo%20no%20pudimos%20salir%20a%20las%20pistas%20pero%20sin%20embargo%20se%20organizaron%20muchos%20juegos%20en%20el%20interior%20del%20colegio,%20pudimos%20disfrutar%20de%20un%20buen%20ambiente%20durante%20las%20dos%20horas%20de%20Pach\u00e1,%20con%20talleres,%20juegos&hellip;\" \/>\n<meta property=\"og:locale\" content=\"ca_ES\" \/>\n<meta property=\"og:type\" content=\"article\" \/>\n<meta property=\"og:title\" content=\"Comenzamos el segundo trimestre en Pach\u00e1 el Rato\" \/>\n<meta property=\"og:description\" content=\"&nbsp; Empez\u00f3 el segundo trimestre de Pach\u00e1 el rato con la misma din\u00e1mica que el trimestre pasado, con lluvia. Debido al tiempo no pudimos salir a las pistas pero sin embargo se organizaron muchos juegos en el interior del colegio, pudimos disfrutar de un buen ambiente durante las dos horas de Pach\u00e1, con talleres, juegos&hellip;\" \/>\n<meta property=\"og:url\" content=\"https:\/\/www.itakaescolapios.org\/ca\/2013\/01\/comenzamos-el-segundo-trimestre-en-pacha-el-rato\/\" \/>\n<meta property=\"og:site_name\" content=\"Itaka-Escolapios\" \/>\n<meta property=\"article:published_time\" content=\"2013-01-29T09:41:11+00:00\" \/>\n<meta property=\"article:modified_time\" content=\"2023-11-28T11:39:29+00:00\" \/>\n<meta property=\"og:image\" content=\"https:\/\/www.itakaescolapios.org\/wp-content\/uploads\/2013\/01\/pacha.jpg\" \/>\n\t<meta property=\"og:image:width\" content=\"800\" \/>\n\t<meta property=\"og:image:height\" content=\"600\" \/>\n\t<meta property=\"og:image:type\" content=\"image\/jpeg\" \/>\n<meta name=\"author\" content=\"cordoba01\" \/>\n<meta name=\"twitter:card\" content=\"summary_large_image\" \/>\n<meta name=\"twitter:label1\" content=\"Escrit per\" \/>\n\t<meta name=\"twitter:data1\" content=\"cordoba01\" \/>\n\t<meta name=\"twitter:label2\" content=\"Temps estimat de lectura\" \/>\n\t<meta name=\"twitter:data2\" content=\"1 minut\" \/>\n<script type=\"application\/ld+json\" class=\"yoast-schema-graph\">{\"@context\":\"https:\\\/\\\/schema.org\",\"@graph\":[{\"@type\":\"Article\",\"@id\":\"https:\\\/\\\/www.itakaescolapios.org\\\/ca\\\/2013\\\/01\\\/comenzamos-el-segundo-trimestre-en-pacha-el-rato\\\/#article\",\"isPartOf\":{\"@id\":\"https:\\\/\\\/www.itakaescolapios.org\\\/ca\\\/2013\\\/01\\\/comenzamos-el-segundo-trimestre-en-pacha-el-rato\\\/\"},\"author\":{\"name\":\"cordoba01\",\"@id\":\"https:\\\/\\\/www.itakaescolapios.org\\\/es\\\/#\\\/schema\\\/person\\\/2393782712fccfca7107fe982babfe79\"},\"headline\":\"Comenzamos el segundo trimestre en Pach\u00e1 el Rato\",\"datePublished\":\"2013-01-29T09:41:11+00:00\",\"dateModified\":\"2023-11-28T11:39:29+00:00\",\"mainEntityOfPage\":{\"@id\":\"https:\\\/\\\/www.itakaescolapios.org\\\/ca\\\/2013\\\/01\\\/comenzamos-el-segundo-trimestre-en-pacha-el-rato\\\/\"},\"wordCount\":114,\"publisher\":{\"@id\":\"https:\\\/\\\/www.itakaescolapios.org\\\/es\\\/#organization\"},\"image\":{\"@id\":\"https:\\\/\\\/www.itakaescolapios.org\\\/ca\\\/2013\\\/01\\\/comenzamos-el-segundo-trimestre-en-pacha-el-rato\\\/#primaryimage\"},\"thumbnailUrl\":\"https:\\\/\\\/www.itakaescolapios.org\\\/wp-content\\\/uploads\\\/2013\\\/01\\\/pacha.jpg\",\"articleSection\":[\"C\u00f3rdoba\"],\"inLanguage\":\"ca\"},{\"@type\":\"WebPage\",\"@id\":\"https:\\\/\\\/www.itakaescolapios.org\\\/ca\\\/2013\\\/01\\\/comenzamos-el-segundo-trimestre-en-pacha-el-rato\\\/\",\"url\":\"https:\\\/\\\/www.itakaescolapios.org\\\/ca\\\/2013\\\/01\\\/comenzamos-el-segundo-trimestre-en-pacha-el-rato\\\/\",\"name\":\"Comenzamos el segundo trimestre en Pach\u00e1 el Rato - Itaka-Escolapios\",\"isPartOf\":{\"@id\":\"https:\\\/\\\/www.itakaescolapios.org\\\/es\\\/#website\"},\"primaryImageOfPage\":{\"@id\":\"https:\\\/\\\/www.itakaescolapios.org\\\/ca\\\/2013\\\/01\\\/comenzamos-el-segundo-trimestre-en-pacha-el-rato\\\/#primaryimage\"},\"image\":{\"@id\":\"https:\\\/\\\/www.itakaescolapios.org\\\/ca\\\/2013\\\/01\\\/comenzamos-el-segundo-trimestre-en-pacha-el-rato\\\/#primaryimage\"},\"thumbnailUrl\":\"https:\\\/\\\/www.itakaescolapios.org\\\/wp-content\\\/uploads\\\/2013\\\/01\\\/pacha.jpg\",\"datePublished\":\"2013-01-29T09:41:11+00:00\",\"dateModified\":\"2023-11-28T11:39:29+00:00\",\"breadcrumb\":{\"@id\":\"https:\\\/\\\/www.itakaescolapios.org\\\/ca\\\/2013\\\/01\\\/comenzamos-el-segundo-trimestre-en-pacha-el-rato\\\/#breadcrumb\"},\"inLanguage\":\"ca\",\"potentialAction\":[{\"@type\":\"ReadAction\",\"target\":[\"https:\\\/\\\/www.itakaescolapios.org\\\/ca\\\/2013\\\/01\\\/comenzamos-el-segundo-trimestre-en-pacha-el-rato\\\/\"]}]},{\"@type\":\"ImageObject\",\"inLanguage\":\"ca\",\"@id\":\"https:\\\/\\\/www.itakaescolapios.org\\\/ca\\\/2013\\\/01\\\/comenzamos-el-segundo-trimestre-en-pacha-el-rato\\\/#primaryimage\",\"url\":\"https:\\\/\\\/www.itakaescolapios.org\\\/wp-content\\\/uploads\\\/2013\\\/01\\\/pacha.jpg\",\"contentUrl\":\"https:\\\/\\\/www.itakaescolapios.org\\\/wp-content\\\/uploads\\\/2013\\\/01\\\/pacha.jpg\",\"width\":\"800\",\"height\":\"600\"},{\"@type\":\"BreadcrumbList\",\"@id\":\"https:\\\/\\\/www.itakaescolapios.org\\\/ca\\\/2013\\\/01\\\/comenzamos-el-segundo-trimestre-en-pacha-el-rato\\\/#breadcrumb\",\"itemListElement\":[{\"@type\":\"ListItem\",\"position\":1,\"name\":\"Itaka-Escolapios\",\"item\":\"https:\\\/\\\/www.itakaescolapios.org\\\/es\\\/\"},{\"@type\":\"ListItem\",\"position\":2,\"name\":\"Comenzamos el segundo trimestre en Pach\u00e1 el Rato\"}]},{\"@type\":\"WebSite\",\"@id\":\"https:\\\/\\\/www.itakaescolapios.org\\\/ca\\\/es\\\/#website\",\"url\":\"https:\\\/\\\/www.itakaescolapios.org\\\/ca\\\/es\\\/\",\"name\":\"Itaka-Escolapios\",\"description\":\"Red de Itaka-Escolapios\",\"publisher\":{\"@id\":\"https:\\\/\\\/www.itakaescolapios.org\\\/ca\\\/es\\\/#organization\"},\"potentialAction\":[{\"@type\":\"SearchAction\",\"target\":{\"@type\":\"EntryPoint\",\"urlTemplate\":\"https:\\\/\\\/www.itakaescolapios.org\\\/ca\\\/es\\\/?s={search_term_string}\"},\"query-input\":{\"@type\":\"PropertyValueSpecification\",\"valueRequired\":true,\"valueName\":\"search_term_string\"}}],\"inLanguage\":\"ca\"},{\"@type\":\"Organization\",\"@id\":\"https:\\\/\\\/www.itakaescolapios.org\\\/ca\\\/es\\\/#organization\",\"name\":\"Fundaci\u00f3 Itaka-Escolapios\",\"url\":\"https:\\\/\\\/www.itakaescolapios.org\\\/ca\\\/es\\\/\",\"logo\":{\"@type\":\"ImageObject\",\"inLanguage\":\"ca\",\"@id\":\"https:\\\/\\\/www.itakaescolapios.org\\\/ca\\\/es\\\/#\\\/schema\\\/logo\\\/image\\\/\",\"url\":\"https:\\\/\\\/www.itakaescolapios.org\\\/wp-content\\\/uploads\\\/2024\\\/04\\\/Logo-itakaescolapios-peque.png\",\"contentUrl\":\"https:\\\/\\\/www.itakaescolapios.org\\\/wp-content\\\/uploads\\\/2024\\\/04\\\/Logo-itakaescolapios-peque.png\",\"width\":500,\"height\":199,\"caption\":\"Fundaci\u00f3 Itaka-Escolapios\"},\"image\":{\"@id\":\"https:\\\/\\\/www.itakaescolapios.org\\\/ca\\\/es\\\/#\\\/schema\\\/logo\\\/image\\\/\"}},{\"@type\":\"Person\",\"@id\":\"https:\\\/\\\/www.itakaescolapios.org\\\/es\\\/#\\\/schema\\\/person\\\/2393782712fccfca7107fe982babfe79\",\"name\":\"cordoba01\",\"url\":\"https:\\\/\\\/www.itakaescolapios.org\\\/ca\\\/author\\\/cordoba01\\\/\"}]}<\/script>\n<!-- \/ Yoast SEO plugin. -->","yoast_head_json":{"title":"Comenzamos el segundo trimestre en Pach\u00e1 el Rato","description":"&nbsp; Empez\u00f3 el segundo trimestre de Pach\u00e1 el rato con la misma din\u00e1mica que el trimestre pasado, con lluvia. Debido al tiempo no pudimos salir a las pistas pero sin embargo se organizaron muchos juegos en el interior del colegio, pudimos disfrutar de un buen ambiente durante las dos horas de Pach\u00e1, con talleres, juegos&hellip;","robots":{"index":"index","follow":"follow","max-snippet":"max-snippet:-1","max-image-preview":"max-image-preview:large","max-video-preview":"max-video-preview:-1"},"canonical":"&nbsp; Empez\u00f3 el segundo trimestre de Pach\u00e1 el rato con la misma din\u00e1mica que el trimestre pasado, con lluvia. Debido al tiempo no pudimos salir a las pistas pero sin embargo se organizaron muchos juegos en el interior del colegio, pudimos disfrutar de un buen ambiente durante las dos horas de Pach\u00e1, con talleres, juegos&hellip;","og_locale":"ca_ES","og_type":"article","og_title":"Comenzamos el segundo trimestre en Pach\u00e1 el Rato","og_description":"&nbsp; Empez\u00f3 el segundo trimestre de Pach\u00e1 el rato con la misma din\u00e1mica que el trimestre pasado, con lluvia. Debido al tiempo no pudimos salir a las pistas pero sin embargo se organizaron muchos juegos en el interior del colegio, pudimos disfrutar de un buen ambiente durante las dos horas de Pach\u00e1, con talleres, juegos&hellip;","og_url":"https:\/\/www.itakaescolapios.org\/ca\/2013\/01\/comenzamos-el-segundo-trimestre-en-pacha-el-rato\/","og_site_name":"Itaka-Escolapios","article_published_time":"2013-01-29T09:41:11+00:00","article_modified_time":"2023-11-28T11:39:29+00:00","og_image":[{"width":800,"height":600,"url":"https:\/\/www.itakaescolapios.org\/wp-content\/uploads\/2013\/01\/pacha.jpg","type":"image\/jpeg"}],"author":"cordoba01","twitter_card":"summary_large_image","twitter_misc":{"Escrit per":"cordoba01","Temps estimat de lectura":"1 minut"},"schema":{"@context":"https:\/\/schema.org","@graph":[{"@type":"Article","@id":"https:\/\/www.itakaescolapios.org\/ca\/2013\/01\/comenzamos-el-segundo-trimestre-en-pacha-el-rato\/#article","isPartOf":{"@id":"https:\/\/www.itakaescolapios.org\/ca\/2013\/01\/comenzamos-el-segundo-trimestre-en-pacha-el-rato\/"},"author":{"name":"cordoba01","@id":"https:\/\/www.itakaescolapios.org\/es\/#\/schema\/person\/2393782712fccfca7107fe982babfe79"},"headline":"Comenzamos el segundo trimestre en Pach\u00e1 el Rato","datePublished":"2013-01-29T09:41:11+00:00","dateModified":"2023-11-28T11:39:29+00:00","mainEntityOfPage":{"@id":"https:\/\/www.itakaescolapios.org\/ca\/2013\/01\/comenzamos-el-segundo-trimestre-en-pacha-el-rato\/"},"wordCount":114,"publisher":{"@id":"https:\/\/www.itakaescolapios.org\/es\/#organization"},"image":{"@id":"https:\/\/www.itakaescolapios.org\/ca\/2013\/01\/comenzamos-el-segundo-trimestre-en-pacha-el-rato\/#primaryimage"},"thumbnailUrl":"https:\/\/www.itakaescolapios.org\/wp-content\/uploads\/2013\/01\/pacha.jpg","articleSection":["C\u00f3rdoba"],"inLanguage":"ca"},{"@type":"WebPage","@id":"https:\/\/www.itakaescolapios.org\/ca\/2013\/01\/comenzamos-el-segundo-trimestre-en-pacha-el-rato\/","url":"https:\/\/www.itakaescolapios.org\/ca\/2013\/01\/comenzamos-el-segundo-trimestre-en-pacha-el-rato\/","name":"Comenzamos el segundo trimestre en Pach\u00e1 el Rato - Itaka-Escolapios","isPartOf":{"@id":"https:\/\/www.itakaescolapios.org\/es\/#website"},"primaryImageOfPage":{"@id":"https:\/\/www.itakaescolapios.org\/ca\/2013\/01\/comenzamos-el-segundo-trimestre-en-pacha-el-rato\/#primaryimage"},"image":{"@id":"https:\/\/www.itakaescolapios.org\/ca\/2013\/01\/comenzamos-el-segundo-trimestre-en-pacha-el-rato\/#primaryimage"},"thumbnailUrl":"https:\/\/www.itakaescolapios.org\/wp-content\/uploads\/2013\/01\/pacha.jpg","datePublished":"2013-01-29T09:41:11+00:00","dateModified":"2023-11-28T11:39:29+00:00","breadcrumb":{"@id":"https:\/\/www.itakaescolapios.org\/ca\/2013\/01\/comenzamos-el-segundo-trimestre-en-pacha-el-rato\/#breadcrumb"},"inLanguage":"ca","potentialAction":[{"@type":"ReadAction","target":["https:\/\/www.itakaescolapios.org\/ca\/2013\/01\/comenzamos-el-segundo-trimestre-en-pacha-el-rato\/"]}]},{"@type":"ImageObject","inLanguage":"ca","@id":"https:\/\/www.itakaescolapios.org\/ca\/2013\/01\/comenzamos-el-segundo-trimestre-en-pacha-el-rato\/#primaryimage","url":"https:\/\/www.itakaescolapios.org\/wp-content\/uploads\/2013\/01\/pacha.jpg","contentUrl":"https:\/\/www.itakaescolapios.org\/wp-content\/uploads\/2013\/01\/pacha.jpg","width":"800","height":"600"},{"@type":"BreadcrumbList","@id":"https:\/\/www.itakaescolapios.org\/ca\/2013\/01\/comenzamos-el-segundo-trimestre-en-pacha-el-rato\/#breadcrumb","itemListElement":[{"@type":"ListItem","position":1,"name":"Itaka-Escolapios","item":"https:\/\/www.itakaescolapios.org\/es\/"},{"@type":"ListItem","position":2,"name":"Comenzamos el segundo trimestre en Pach\u00e1 el Rato"}]},{"@type":"WebSite","@id":"https:\/\/www.itakaescolapios.org\/ca\/es\/#website","url":"https:\/\/www.itakaescolapios.org\/ca\/es\/","name":"Itaka-Escolapios","description":"Red de Itaka-Escolapios","publisher":{"@id":"https:\/\/www.itakaescolapios.org\/ca\/es\/#organization"},"potentialAction":[{"@type":"SearchAction","target":{"@type":"EntryPoint","urlTemplate":"https:\/\/www.itakaescolapios.org\/ca\/es\/?s={search_term_string}"},"query-input":{"@type":"PropertyValueSpecification","valueRequired":true,"valueName":"search_term_string"}}],"inLanguage":"ca"},{"@type":"Organization","@id":"https:\/\/www.itakaescolapios.org\/ca\/es\/#organization","name":"Fundaci\u00f3 Itaka-Escolapios","url":"https:\/\/www.itakaescolapios.org\/ca\/es\/","logo":{"@type":"ImageObject","inLanguage":"ca","@id":"https:\/\/www.itakaescolapios.org\/ca\/es\/#\/schema\/logo\/image\/","url":"https:\/\/www.itakaescolapios.org\/wp-content\/uploads\/2024\/04\/Logo-itakaescolapios-peque.png","contentUrl":"https:\/\/www.itakaescolapios.org\/wp-content\/uploads\/2024\/04\/Logo-itakaescolapios-peque.png","width":500,"height":199,"caption":"Fundaci\u00f3 Itaka-Escolapios"},"image":{"@id":"https:\/\/www.itakaescolapios.org\/ca\/es\/#\/schema\/logo\/image\/"}},{"@type":"Person","@id":"https:\/\/www.itakaescolapios.org\/es\/#\/schema\/person\/2393782712fccfca7107fe982babfe79","name":"cordoba01","url":"https:\/\/www.itakaescolapios.org\/ca\/author\/cordoba01\/"}]}},"_links":{"self":[{"href":"https:\/\/www.itakaescolapios.org\/ca\/wp-json\/wp\/v2\/posts\/5515","targetHints":{"allow":["GET"]}}],"collection":[{"href":"https:\/\/www.itakaescolapios.org\/ca\/wp-json\/wp\/v2\/posts"}],"about":[{"href":"https:\/\/www.itakaescolapios.org\/ca\/wp-json\/wp\/v2\/types\/post"}],"author":[{"embeddable":true,"href":"https:\/\/www.itakaescolapios.org\/ca\/wp-json\/wp\/v2\/users\/23"}],"replies":[{"embeddable":true,"href":"https:\/\/www.itakaescolapios.org\/ca\/wp-json\/wp\/v2\/comments?post=5515"}],"version-history":[{"count":9,"href":"https:\/\/www.itakaescolapios.org\/ca\/wp-json\/wp\/v2\/posts\/5515\/revisions"}],"predecessor-version":[{"id":49772,"href":"https:\/\/www.itakaescolapios.org\/ca\/wp-json\/wp\/v2\/posts\/5515\/revisions\/49772"}],"wp:featuredmedia":[{"embeddable":true,"href":"https:\/\/www.itakaescolapios.org\/ca\/wp-json\/wp\/v2\/media\/5523"}],"wp:attachment":[{"href":"https:\/\/www.itakaescolapios.org\/ca\/wp-json\/wp\/v2\/media?parent=5515"}],"wp:term":[{"taxonomy":"category","embeddable":true,"href":"https:\/\/www.itakaescolapios.org\/ca\/wp-json\/wp\/v2\/categories?post=5515"},{"taxonomy":"post_tag","embeddable":true,"href":"https:\/\/www.itakaescolapios.org\/ca\/wp-json\/wp\/v2\/tags?post=5515"}],"curies":[{"name":"wp","href":"https:\/\/api.w.org\/{rel}","templated":true}]}}