{"id":6970,"date":"2013-07-02T00:44:53","date_gmt":"2013-07-01T23:44:53","guid":{"rendered":"https:\/\/www.itakaescolapios.org\/?p=6970"},"modified":"2023-11-28T12:39:19","modified_gmt":"2023-11-28T11:39:19","slug":"campos-de-trabajo-de-grupos-de-1o-de-bachiller","status":"publish","type":"post","link":"https:\/\/www.itakaescolapios.org\/ca\/2013\/07\/campos-de-trabajo-de-grupos-de-1o-de-bachiller\/","title":{"rendered":"CAMPOS DE TRABAJO DE GRUPOS DE 1\u00ba DE BACHILLER"},"content":{"rendered":"<p>La semana pasada se realizaron en Pamplona, Bilbao y Vitoria los campos de trabajo de los grupos de 1\u00ba de Bachiller en los que j\u00f3venes de diferentes lugares del norte de muestra Provincia tienen experiencias de voluntariado en algunos proyectos sociales de la ciudad. En Vitoria han participado 19 j\u00f3venes colaborando con Hogar Alav\u00e9s, Residencia Arana, Hermanitas de los Pobres, Berakah y la Fundaci\u00f3n Isabel Orbe. Adem\u00e1s han podido conocer la ciudad de Vitoria y la comunidad escolapia.<!--more--><\/p>\n","protected":false},"excerpt":{"rendered":"<p>La semana pasada se realizaron en Pamplona, Bilbao y Vitoria los campos de trabajo de los grupos de 1\u00ba de Bachiller en los que j\u00f3venes de diferentes lugares del norte [&hellip;]<\/p>\n","protected":false},"author":41,"featured_media":6971,"comment_status":"closed","ping_status":"closed","sticky":false,"template":"","format":"standard","meta":{"_et_pb_use_builder":"","_et_pb_old_content":"","_et_gb_content_width":"","footnotes":""},"categories":[13],"tags":[],"class_list":["post-6970","post","type-post","status-publish","format-standard","has-post-thumbnail","hentry","category-vitoria"],"yoast_head":"<!-- This site is optimized with the Yoast SEO plugin v27.4 - https:\/\/yoast.com\/product\/yoast-seo-wordpress\/ -->\n<title>CAMPOS DE TRABAJO DE GRUPOS DE 1\u00ba DE BACHILLER<\/title>\n<meta name=\"description\" content=\"La semana pasada se realizaron en Pamplona, Bilbao y Vitoria los campos de trabajo de los grupos de 1\u00ba de Bachiller en los que j\u00f3venes de diferentes lugares del norte de muestra Provincia tienen experiencias de voluntariado en algunos proyectos sociales de la ciudad. En Vitoria han participado 19 j\u00f3venes colaborando con Hogar Alav\u00e9s, Residencia&hellip;\" \/>\n<meta name=\"robots\" content=\"index, follow, max-snippet:-1, max-image-preview:large, max-video-preview:-1\" \/>\n<link rel=\"canonical\" href=\"http:\/\/La%20semana%20pasada%20se%20realizaron%20en%20Pamplona,%20Bilbao%20y%20Vitoria%20los%20campos%20de%20trabajo%20de%20los%20grupos%20de%201\u00ba%20de%20Bachiller%20en%20los%20que%20j\u00f3venes%20de%20diferentes%20lugares%20del%20norte%20de%20muestra%20Provincia%20tienen%20experiencias%20de%20voluntariado%20en%20algunos%20proyectos%20sociales%20de%20la%20ciudad.%20En%20Vitoria%20han%20participado%2019%20j\u00f3venes%20colaborando%20con%20Hogar%20Alav\u00e9s,%20Residencia&hellip;\" \/>\n<meta property=\"og:locale\" content=\"ca_ES\" \/>\n<meta property=\"og:type\" content=\"article\" \/>\n<meta property=\"og:title\" content=\"CAMPOS DE TRABAJO DE GRUPOS DE 1\u00ba DE BACHILLER\" \/>\n<meta property=\"og:description\" content=\"La semana pasada se realizaron en Pamplona, Bilbao y Vitoria los campos de trabajo de los grupos de 1\u00ba de Bachiller en los que j\u00f3venes de diferentes lugares del norte de muestra Provincia tienen experiencias de voluntariado en algunos proyectos sociales de la ciudad. En Vitoria han participado 19 j\u00f3venes colaborando con Hogar Alav\u00e9s, Residencia&hellip;\" \/>\n<meta property=\"og:url\" content=\"https:\/\/www.itakaescolapios.org\/ca\/2013\/07\/campos-de-trabajo-de-grupos-de-1o-de-bachiller\/\" \/>\n<meta property=\"og:site_name\" content=\"Itaka-Escolapios\" \/>\n<meta property=\"article:published_time\" content=\"2013-07-01T23:44:53+00:00\" \/>\n<meta property=\"article:modified_time\" content=\"2023-11-28T11:39:19+00:00\" \/>\n<meta property=\"og:image\" content=\"https:\/\/www.itakaescolapios.org\/wp-content\/uploads\/2013\/07\/20130627_113314.jpg\" \/>\n\t<meta property=\"og:image:width\" content=\"2000\" \/>\n\t<meta property=\"og:image:height\" content=\"1500\" \/>\n\t<meta property=\"og:image:type\" content=\"image\/jpeg\" \/>\n<meta name=\"author\" content=\"gasteiz01\" \/>\n<meta name=\"twitter:card\" content=\"summary_large_image\" \/>\n<meta name=\"twitter:label1\" content=\"Escrit per\" \/>\n\t<meta name=\"twitter:data1\" content=\"gasteiz01\" \/>\n<script type=\"application\/ld+json\" class=\"yoast-schema-graph\">{\"@context\":\"https:\\\/\\\/schema.org\",\"@graph\":[{\"@type\":\"Article\",\"@id\":\"https:\\\/\\\/www.itakaescolapios.org\\\/ca\\\/2013\\\/07\\\/campos-de-trabajo-de-grupos-de-1o-de-bachiller\\\/#article\",\"isPartOf\":{\"@id\":\"https:\\\/\\\/www.itakaescolapios.org\\\/ca\\\/2013\\\/07\\\/campos-de-trabajo-de-grupos-de-1o-de-bachiller\\\/\"},\"author\":{\"name\":\"gasteiz01\",\"@id\":\"https:\\\/\\\/www.itakaescolapios.org\\\/es\\\/#\\\/schema\\\/person\\\/ab0993cd608ccb55ef100715f05010e1\"},\"headline\":\"CAMPOS DE TRABAJO DE GRUPOS DE 1\u00ba DE BACHILLER\",\"datePublished\":\"2013-07-01T23:44:53+00:00\",\"dateModified\":\"2023-11-28T11:39:19+00:00\",\"mainEntityOfPage\":{\"@id\":\"https:\\\/\\\/www.itakaescolapios.org\\\/ca\\\/2013\\\/07\\\/campos-de-trabajo-de-grupos-de-1o-de-bachiller\\\/\"},\"wordCount\":89,\"publisher\":{\"@id\":\"https:\\\/\\\/www.itakaescolapios.org\\\/es\\\/#organization\"},\"image\":{\"@id\":\"https:\\\/\\\/www.itakaescolapios.org\\\/ca\\\/2013\\\/07\\\/campos-de-trabajo-de-grupos-de-1o-de-bachiller\\\/#primaryimage\"},\"thumbnailUrl\":\"https:\\\/\\\/www.itakaescolapios.org\\\/wp-content\\\/uploads\\\/2013\\\/07\\\/20130627_113314.jpg\",\"articleSection\":[\"Vitoria-Gasteiz\"],\"inLanguage\":\"ca\"},{\"@type\":\"WebPage\",\"@id\":\"https:\\\/\\\/www.itakaescolapios.org\\\/ca\\\/2013\\\/07\\\/campos-de-trabajo-de-grupos-de-1o-de-bachiller\\\/\",\"url\":\"https:\\\/\\\/www.itakaescolapios.org\\\/ca\\\/2013\\\/07\\\/campos-de-trabajo-de-grupos-de-1o-de-bachiller\\\/\",\"name\":\"CAMPOS DE TRABAJO DE GRUPOS DE 1\u00ba DE BACHILLER - Itaka-Escolapios\",\"isPartOf\":{\"@id\":\"https:\\\/\\\/www.itakaescolapios.org\\\/es\\\/#website\"},\"primaryImageOfPage\":{\"@id\":\"https:\\\/\\\/www.itakaescolapios.org\\\/ca\\\/2013\\\/07\\\/campos-de-trabajo-de-grupos-de-1o-de-bachiller\\\/#primaryimage\"},\"image\":{\"@id\":\"https:\\\/\\\/www.itakaescolapios.org\\\/ca\\\/2013\\\/07\\\/campos-de-trabajo-de-grupos-de-1o-de-bachiller\\\/#primaryimage\"},\"thumbnailUrl\":\"https:\\\/\\\/www.itakaescolapios.org\\\/wp-content\\\/uploads\\\/2013\\\/07\\\/20130627_113314.jpg\",\"datePublished\":\"2013-07-01T23:44:53+00:00\",\"dateModified\":\"2023-11-28T11:39:19+00:00\",\"breadcrumb\":{\"@id\":\"https:\\\/\\\/www.itakaescolapios.org\\\/ca\\\/2013\\\/07\\\/campos-de-trabajo-de-grupos-de-1o-de-bachiller\\\/#breadcrumb\"},\"inLanguage\":\"ca\",\"potentialAction\":[{\"@type\":\"ReadAction\",\"target\":[\"https:\\\/\\\/www.itakaescolapios.org\\\/ca\\\/2013\\\/07\\\/campos-de-trabajo-de-grupos-de-1o-de-bachiller\\\/\"]}]},{\"@type\":\"ImageObject\",\"inLanguage\":\"ca\",\"@id\":\"https:\\\/\\\/www.itakaescolapios.org\\\/ca\\\/2013\\\/07\\\/campos-de-trabajo-de-grupos-de-1o-de-bachiller\\\/#primaryimage\",\"url\":\"https:\\\/\\\/www.itakaescolapios.org\\\/wp-content\\\/uploads\\\/2013\\\/07\\\/20130627_113314.jpg\",\"contentUrl\":\"https:\\\/\\\/www.itakaescolapios.org\\\/wp-content\\\/uploads\\\/2013\\\/07\\\/20130627_113314.jpg\",\"width\":2000,\"height\":1500},{\"@type\":\"BreadcrumbList\",\"@id\":\"https:\\\/\\\/www.itakaescolapios.org\\\/ca\\\/2013\\\/07\\\/campos-de-trabajo-de-grupos-de-1o-de-bachiller\\\/#breadcrumb\",\"itemListElement\":[{\"@type\":\"ListItem\",\"position\":1,\"name\":\"Itaka-Escolapios\",\"item\":\"https:\\\/\\\/www.itakaescolapios.org\\\/es\\\/\"},{\"@type\":\"ListItem\",\"position\":2,\"name\":\"CAMPOS DE TRABAJO DE GRUPOS DE 1\u00ba DE BACHILLER\"}]},{\"@type\":\"WebSite\",\"@id\":\"https:\\\/\\\/www.itakaescolapios.org\\\/ca\\\/es\\\/#website\",\"url\":\"https:\\\/\\\/www.itakaescolapios.org\\\/ca\\\/es\\\/\",\"name\":\"Itaka-Escolapios\",\"description\":\"Red de Itaka-Escolapios\",\"publisher\":{\"@id\":\"https:\\\/\\\/www.itakaescolapios.org\\\/ca\\\/es\\\/#organization\"},\"potentialAction\":[{\"@type\":\"SearchAction\",\"target\":{\"@type\":\"EntryPoint\",\"urlTemplate\":\"https:\\\/\\\/www.itakaescolapios.org\\\/ca\\\/es\\\/?s={search_term_string}\"},\"query-input\":{\"@type\":\"PropertyValueSpecification\",\"valueRequired\":true,\"valueName\":\"search_term_string\"}}],\"inLanguage\":\"ca\"},{\"@type\":\"Organization\",\"@id\":\"https:\\\/\\\/www.itakaescolapios.org\\\/ca\\\/es\\\/#organization\",\"name\":\"Fundaci\u00f3 Itaka-Escolapios\",\"url\":\"https:\\\/\\\/www.itakaescolapios.org\\\/ca\\\/es\\\/\",\"logo\":{\"@type\":\"ImageObject\",\"inLanguage\":\"ca\",\"@id\":\"https:\\\/\\\/www.itakaescolapios.org\\\/ca\\\/es\\\/#\\\/schema\\\/logo\\\/image\\\/\",\"url\":\"https:\\\/\\\/www.itakaescolapios.org\\\/wp-content\\\/uploads\\\/2024\\\/04\\\/Logo-itakaescolapios-peque.png\",\"contentUrl\":\"https:\\\/\\\/www.itakaescolapios.org\\\/wp-content\\\/uploads\\\/2024\\\/04\\\/Logo-itakaescolapios-peque.png\",\"width\":500,\"height\":199,\"caption\":\"Fundaci\u00f3 Itaka-Escolapios\"},\"image\":{\"@id\":\"https:\\\/\\\/www.itakaescolapios.org\\\/ca\\\/es\\\/#\\\/schema\\\/logo\\\/image\\\/\"}},{\"@type\":\"Person\",\"@id\":\"https:\\\/\\\/www.itakaescolapios.org\\\/es\\\/#\\\/schema\\\/person\\\/ab0993cd608ccb55ef100715f05010e1\",\"name\":\"gasteiz01\",\"url\":\"https:\\\/\\\/www.itakaescolapios.org\\\/ca\\\/author\\\/gasteiz01\\\/\"}]}<\/script>\n<!-- \/ Yoast SEO plugin. -->","yoast_head_json":{"title":"CAMPOS DE TRABAJO DE GRUPOS DE 1\u00ba DE BACHILLER","description":"La semana pasada se realizaron en Pamplona, Bilbao y Vitoria los campos de trabajo de los grupos de 1\u00ba de Bachiller en los que j\u00f3venes de diferentes lugares del norte de muestra Provincia tienen experiencias de voluntariado en algunos proyectos sociales de la ciudad. En Vitoria han participado 19 j\u00f3venes colaborando con Hogar Alav\u00e9s, Residencia&hellip;","robots":{"index":"index","follow":"follow","max-snippet":"max-snippet:-1","max-image-preview":"max-image-preview:large","max-video-preview":"max-video-preview:-1"},"canonical":"La semana pasada se realizaron en Pamplona, Bilbao y Vitoria los campos de trabajo de los grupos de 1\u00ba de Bachiller en los que j\u00f3venes de diferentes lugares del norte de muestra Provincia tienen experiencias de voluntariado en algunos proyectos sociales de la ciudad. En Vitoria han participado 19 j\u00f3venes colaborando con Hogar Alav\u00e9s, Residencia&hellip;","og_locale":"ca_ES","og_type":"article","og_title":"CAMPOS DE TRABAJO DE GRUPOS DE 1\u00ba DE BACHILLER","og_description":"La semana pasada se realizaron en Pamplona, Bilbao y Vitoria los campos de trabajo de los grupos de 1\u00ba de Bachiller en los que j\u00f3venes de diferentes lugares del norte de muestra Provincia tienen experiencias de voluntariado en algunos proyectos sociales de la ciudad. En Vitoria han participado 19 j\u00f3venes colaborando con Hogar Alav\u00e9s, Residencia&hellip;","og_url":"https:\/\/www.itakaescolapios.org\/ca\/2013\/07\/campos-de-trabajo-de-grupos-de-1o-de-bachiller\/","og_site_name":"Itaka-Escolapios","article_published_time":"2013-07-01T23:44:53+00:00","article_modified_time":"2023-11-28T11:39:19+00:00","og_image":[{"width":2000,"height":1500,"url":"https:\/\/www.itakaescolapios.org\/wp-content\/uploads\/2013\/07\/20130627_113314.jpg","type":"image\/jpeg"}],"author":"gasteiz01","twitter_card":"summary_large_image","twitter_misc":{"Escrit per":"gasteiz01"},"schema":{"@context":"https:\/\/schema.org","@graph":[{"@type":"Article","@id":"https:\/\/www.itakaescolapios.org\/ca\/2013\/07\/campos-de-trabajo-de-grupos-de-1o-de-bachiller\/#article","isPartOf":{"@id":"https:\/\/www.itakaescolapios.org\/ca\/2013\/07\/campos-de-trabajo-de-grupos-de-1o-de-bachiller\/"},"author":{"name":"gasteiz01","@id":"https:\/\/www.itakaescolapios.org\/es\/#\/schema\/person\/ab0993cd608ccb55ef100715f05010e1"},"headline":"CAMPOS DE TRABAJO DE GRUPOS DE 1\u00ba DE BACHILLER","datePublished":"2013-07-01T23:44:53+00:00","dateModified":"2023-11-28T11:39:19+00:00","mainEntityOfPage":{"@id":"https:\/\/www.itakaescolapios.org\/ca\/2013\/07\/campos-de-trabajo-de-grupos-de-1o-de-bachiller\/"},"wordCount":89,"publisher":{"@id":"https:\/\/www.itakaescolapios.org\/es\/#organization"},"image":{"@id":"https:\/\/www.itakaescolapios.org\/ca\/2013\/07\/campos-de-trabajo-de-grupos-de-1o-de-bachiller\/#primaryimage"},"thumbnailUrl":"https:\/\/www.itakaescolapios.org\/wp-content\/uploads\/2013\/07\/20130627_113314.jpg","articleSection":["Vitoria-Gasteiz"],"inLanguage":"ca"},{"@type":"WebPage","@id":"https:\/\/www.itakaescolapios.org\/ca\/2013\/07\/campos-de-trabajo-de-grupos-de-1o-de-bachiller\/","url":"https:\/\/www.itakaescolapios.org\/ca\/2013\/07\/campos-de-trabajo-de-grupos-de-1o-de-bachiller\/","name":"CAMPOS DE TRABAJO DE GRUPOS DE 1\u00ba DE BACHILLER - Itaka-Escolapios","isPartOf":{"@id":"https:\/\/www.itakaescolapios.org\/es\/#website"},"primaryImageOfPage":{"@id":"https:\/\/www.itakaescolapios.org\/ca\/2013\/07\/campos-de-trabajo-de-grupos-de-1o-de-bachiller\/#primaryimage"},"image":{"@id":"https:\/\/www.itakaescolapios.org\/ca\/2013\/07\/campos-de-trabajo-de-grupos-de-1o-de-bachiller\/#primaryimage"},"thumbnailUrl":"https:\/\/www.itakaescolapios.org\/wp-content\/uploads\/2013\/07\/20130627_113314.jpg","datePublished":"2013-07-01T23:44:53+00:00","dateModified":"2023-11-28T11:39:19+00:00","breadcrumb":{"@id":"https:\/\/www.itakaescolapios.org\/ca\/2013\/07\/campos-de-trabajo-de-grupos-de-1o-de-bachiller\/#breadcrumb"},"inLanguage":"ca","potentialAction":[{"@type":"ReadAction","target":["https:\/\/www.itakaescolapios.org\/ca\/2013\/07\/campos-de-trabajo-de-grupos-de-1o-de-bachiller\/"]}]},{"@type":"ImageObject","inLanguage":"ca","@id":"https:\/\/www.itakaescolapios.org\/ca\/2013\/07\/campos-de-trabajo-de-grupos-de-1o-de-bachiller\/#primaryimage","url":"https:\/\/www.itakaescolapios.org\/wp-content\/uploads\/2013\/07\/20130627_113314.jpg","contentUrl":"https:\/\/www.itakaescolapios.org\/wp-content\/uploads\/2013\/07\/20130627_113314.jpg","width":2000,"height":1500},{"@type":"BreadcrumbList","@id":"https:\/\/www.itakaescolapios.org\/ca\/2013\/07\/campos-de-trabajo-de-grupos-de-1o-de-bachiller\/#breadcrumb","itemListElement":[{"@type":"ListItem","position":1,"name":"Itaka-Escolapios","item":"https:\/\/www.itakaescolapios.org\/es\/"},{"@type":"ListItem","position":2,"name":"CAMPOS DE TRABAJO DE GRUPOS DE 1\u00ba DE BACHILLER"}]},{"@type":"WebSite","@id":"https:\/\/www.itakaescolapios.org\/ca\/es\/#website","url":"https:\/\/www.itakaescolapios.org\/ca\/es\/","name":"Itaka-Escolapios","description":"Red de Itaka-Escolapios","publisher":{"@id":"https:\/\/www.itakaescolapios.org\/ca\/es\/#organization"},"potentialAction":[{"@type":"SearchAction","target":{"@type":"EntryPoint","urlTemplate":"https:\/\/www.itakaescolapios.org\/ca\/es\/?s={search_term_string}"},"query-input":{"@type":"PropertyValueSpecification","valueRequired":true,"valueName":"search_term_string"}}],"inLanguage":"ca"},{"@type":"Organization","@id":"https:\/\/www.itakaescolapios.org\/ca\/es\/#organization","name":"Fundaci\u00f3 Itaka-Escolapios","url":"https:\/\/www.itakaescolapios.org\/ca\/es\/","logo":{"@type":"ImageObject","inLanguage":"ca","@id":"https:\/\/www.itakaescolapios.org\/ca\/es\/#\/schema\/logo\/image\/","url":"https:\/\/www.itakaescolapios.org\/wp-content\/uploads\/2024\/04\/Logo-itakaescolapios-peque.png","contentUrl":"https:\/\/www.itakaescolapios.org\/wp-content\/uploads\/2024\/04\/Logo-itakaescolapios-peque.png","width":500,"height":199,"caption":"Fundaci\u00f3 Itaka-Escolapios"},"image":{"@id":"https:\/\/www.itakaescolapios.org\/ca\/es\/#\/schema\/logo\/image\/"}},{"@type":"Person","@id":"https:\/\/www.itakaescolapios.org\/es\/#\/schema\/person\/ab0993cd608ccb55ef100715f05010e1","name":"gasteiz01","url":"https:\/\/www.itakaescolapios.org\/ca\/author\/gasteiz01\/"}]}},"_links":{"self":[{"href":"https:\/\/www.itakaescolapios.org\/ca\/wp-json\/wp\/v2\/posts\/6970","targetHints":{"allow":["GET"]}}],"collection":[{"href":"https:\/\/www.itakaescolapios.org\/ca\/wp-json\/wp\/v2\/posts"}],"about":[{"href":"https:\/\/www.itakaescolapios.org\/ca\/wp-json\/wp\/v2\/types\/post"}],"author":[{"embeddable":true,"href":"https:\/\/www.itakaescolapios.org\/ca\/wp-json\/wp\/v2\/users\/41"}],"replies":[{"embeddable":true,"href":"https:\/\/www.itakaescolapios.org\/ca\/wp-json\/wp\/v2\/comments?post=6970"}],"version-history":[{"count":4,"href":"https:\/\/www.itakaescolapios.org\/ca\/wp-json\/wp\/v2\/posts\/6970\/revisions"}],"predecessor-version":[{"id":49506,"href":"https:\/\/www.itakaescolapios.org\/ca\/wp-json\/wp\/v2\/posts\/6970\/revisions\/49506"}],"wp:featuredmedia":[{"embeddable":true,"href":"https:\/\/www.itakaescolapios.org\/ca\/wp-json\/wp\/v2\/media\/6971"}],"wp:attachment":[{"href":"https:\/\/www.itakaescolapios.org\/ca\/wp-json\/wp\/v2\/media?parent=6970"}],"wp:term":[{"taxonomy":"category","embeddable":true,"href":"https:\/\/www.itakaescolapios.org\/ca\/wp-json\/wp\/v2\/categories?post=6970"},{"taxonomy":"post_tag","embeddable":true,"href":"https:\/\/www.itakaescolapios.org\/ca\/wp-json\/wp\/v2\/tags?post=6970"}],"curies":[{"name":"wp","href":"https:\/\/api.w.org\/{rel}","templated":true}]}}