{"id":7211,"date":"2013-09-16T16:34:03","date_gmt":"2013-09-16T15:34:03","guid":{"rendered":"https:\/\/www.itakaescolapios.org\/?p=7211"},"modified":"2023-11-28T12:39:17","modified_gmt":"2023-11-28T11:39:17","slug":"ikaskide-comienza-el-curso-2013-2014","status":"publish","type":"post","link":"https:\/\/www.itakaescolapios.org\/ca\/2013\/09\/ikaskide-comienza-el-curso-2013-2014\/","title":{"rendered":"Ikaskide comienza el curso 2013-2014"},"content":{"rendered":"<p>El mi\u00e9rcoles 11 de septiembre realiz\u00e1bamos la primera reuni\u00f3n de voluntarios , con la intenci\u00f3n de ir comenzando todas las actividades del nuevo curso. Participamos alrededor de 50 voluntarios de todas las \u00e1reas de Ikaskide: apoyo escolar, formaci\u00f3n de adultos, servicio jur\u00eddico&#8230;. Y varias personas acud\u00edan por primera vez al encuentro de voluntarios, interesadas en colaborar en Ikaskide.<\/p>\n<p>Despu\u00e9s de las presentaciones, hicimos un peque\u00f1o repaso lo realizado durante el verano (campamento urbano en Pamplona, a finales de junio; campamento en Belagua, en julio, para los chavales de secundaria; y apoyo escolar para secundaria durante julio y agosto).\u00a0 Expusimos los retos a los que Ikaskide se enfrenta este a\u00f1o, resumidos en cuatro: mejorar la calidad del apoyo escolar, formar y acompa\u00f1ar a los voluntarios en sus diferentes labores, consolidar la formaci\u00f3n de adultos y fortalecer el servicio jur\u00eddioc.<br \/>\nEl lunes 16 de septiembre comenzamos la actividad con los chavales de primaria a las 17:15 h. El lunes 23 empezar\u00e1 a las 15:30 h el apoyo escolar para los chavales de secundaria y la formaci\u00f3n de adultos, con las clases de alfabetizaci\u00f3n, castellano e ingl\u00e9s. Y as\u00ed,\u00a0 poco a poco, el local de Ikaskide se volver\u00e1 a llenar de vida, gracias al esfuerzo y compromiso de todos.<\/p>\n<p>Ikaskidetik elkar ikusiko dugu!!<!--more--><\/p>\n","protected":false},"excerpt":{"rendered":"<p>El mi\u00e9rcoles 11 de septiembre realiz\u00e1bamos la primera reuni\u00f3n de voluntarios , con la intenci\u00f3n de ir comenzando todas las actividades del nuevo curso. Participamos alrededor de 50 voluntarios de [&hellip;]<\/p>\n","protected":false},"author":29,"featured_media":0,"comment_status":"closed","ping_status":"closed","sticky":false,"template":"","format":"standard","meta":{"_et_pb_use_builder":"","_et_pb_old_content":"","_et_gb_content_width":"","footnotes":""},"categories":[20],"tags":[],"class_list":["post-7211","post","type-post","status-publish","format-standard","hentry","category-pamplona-iruna"],"yoast_head":"<!-- This site is optimized with the Yoast SEO plugin v27.4 - https:\/\/yoast.com\/product\/yoast-seo-wordpress\/ -->\n<title>Ikaskide comienza el curso 2013-2014<\/title>\n<meta name=\"description\" content=\"El mi\u00e9rcoles 11 de septiembre realiz\u00e1bamos la primera reuni\u00f3n de voluntarios , con la intenci\u00f3n de ir comenzando todas las actividades del nuevo curso. Participamos alrededor de 50 voluntarios de todas las \u00e1reas de Ikaskide: apoyo escolar, formaci\u00f3n de adultos, servicio jur\u00eddico.... Y varias personas acud\u00edan por primera vez al encuentro de voluntarios, interesadas en&hellip;\" \/>\n<meta name=\"robots\" content=\"index, follow, max-snippet:-1, max-image-preview:large, max-video-preview:-1\" \/>\n<link rel=\"canonical\" href=\"\" \/>\n<meta property=\"og:locale\" content=\"ca_ES\" \/>\n<meta property=\"og:type\" content=\"article\" \/>\n<meta property=\"og:title\" content=\"Ikaskide comienza el curso 2013-2014\" \/>\n<meta property=\"og:description\" content=\"El mi\u00e9rcoles 11 de septiembre realiz\u00e1bamos la primera reuni\u00f3n de voluntarios , con la intenci\u00f3n de ir comenzando todas las actividades del nuevo curso. Participamos alrededor de 50 voluntarios de todas las \u00e1reas de Ikaskide: apoyo escolar, formaci\u00f3n de adultos, servicio jur\u00eddico.... Y varias personas acud\u00edan por primera vez al encuentro de voluntarios, interesadas en&hellip;\" \/>\n<meta property=\"og:url\" content=\"https:\/\/www.itakaescolapios.org\/ca\/2013\/09\/ikaskide-comienza-el-curso-2013-2014\/\" \/>\n<meta property=\"og:site_name\" content=\"Itaka-Escolapios\" \/>\n<meta property=\"article:published_time\" content=\"2013-09-16T15:34:03+00:00\" \/>\n<meta property=\"article:modified_time\" content=\"2023-11-28T11:39:17+00:00\" \/>\n<meta name=\"author\" content=\"pamplona01\" \/>\n<meta name=\"twitter:card\" content=\"summary_large_image\" \/>\n<meta name=\"twitter:label1\" content=\"Escrit per\" \/>\n\t<meta name=\"twitter:data1\" content=\"pamplona01\" \/>\n\t<meta name=\"twitter:label2\" content=\"Temps estimat de lectura\" \/>\n\t<meta name=\"twitter:data2\" content=\"1 minut\" \/>\n<script type=\"application\/ld+json\" class=\"yoast-schema-graph\">{\"@context\":\"https:\\\/\\\/schema.org\",\"@graph\":[{\"@type\":\"Article\",\"@id\":\"https:\\\/\\\/www.itakaescolapios.org\\\/ca\\\/2013\\\/09\\\/ikaskide-comienza-el-curso-2013-2014\\\/#article\",\"isPartOf\":{\"@id\":\"https:\\\/\\\/www.itakaescolapios.org\\\/ca\\\/2013\\\/09\\\/ikaskide-comienza-el-curso-2013-2014\\\/\"},\"author\":{\"name\":\"pamplona01\",\"@id\":\"https:\\\/\\\/www.itakaescolapios.org\\\/es\\\/#\\\/schema\\\/person\\\/a44de70f9a43a90c3e0f59aaaffd61f3\"},\"headline\":\"Ikaskide comienza el curso 2013-2014\",\"datePublished\":\"2013-09-16T15:34:03+00:00\",\"dateModified\":\"2023-11-28T11:39:17+00:00\",\"mainEntityOfPage\":{\"@id\":\"https:\\\/\\\/www.itakaescolapios.org\\\/ca\\\/2013\\\/09\\\/ikaskide-comienza-el-curso-2013-2014\\\/\"},\"wordCount\":224,\"publisher\":{\"@id\":\"https:\\\/\\\/www.itakaescolapios.org\\\/es\\\/#organization\"},\"articleSection\":[\"Pamplona-Iru\u00f1a\"],\"inLanguage\":\"ca\"},{\"@type\":\"WebPage\",\"@id\":\"https:\\\/\\\/www.itakaescolapios.org\\\/ca\\\/2013\\\/09\\\/ikaskide-comienza-el-curso-2013-2014\\\/\",\"url\":\"https:\\\/\\\/www.itakaescolapios.org\\\/ca\\\/2013\\\/09\\\/ikaskide-comienza-el-curso-2013-2014\\\/\",\"name\":\"Ikaskide comienza el curso 2013-2014 - Itaka-Escolapios\",\"isPartOf\":{\"@id\":\"https:\\\/\\\/www.itakaescolapios.org\\\/es\\\/#website\"},\"datePublished\":\"2013-09-16T15:34:03+00:00\",\"dateModified\":\"2023-11-28T11:39:17+00:00\",\"breadcrumb\":{\"@id\":\"https:\\\/\\\/www.itakaescolapios.org\\\/ca\\\/2013\\\/09\\\/ikaskide-comienza-el-curso-2013-2014\\\/#breadcrumb\"},\"inLanguage\":\"ca\",\"potentialAction\":[{\"@type\":\"ReadAction\",\"target\":[\"https:\\\/\\\/www.itakaescolapios.org\\\/ca\\\/2013\\\/09\\\/ikaskide-comienza-el-curso-2013-2014\\\/\"]}]},{\"@type\":\"BreadcrumbList\",\"@id\":\"https:\\\/\\\/www.itakaescolapios.org\\\/ca\\\/2013\\\/09\\\/ikaskide-comienza-el-curso-2013-2014\\\/#breadcrumb\",\"itemListElement\":[{\"@type\":\"ListItem\",\"position\":1,\"name\":\"Itaka-Escolapios\",\"item\":\"https:\\\/\\\/www.itakaescolapios.org\\\/es\\\/\"},{\"@type\":\"ListItem\",\"position\":2,\"name\":\"Ikaskide comienza el curso 2013-2014\"}]},{\"@type\":\"WebSite\",\"@id\":\"https:\\\/\\\/www.itakaescolapios.org\\\/ca\\\/es\\\/#website\",\"url\":\"https:\\\/\\\/www.itakaescolapios.org\\\/ca\\\/es\\\/\",\"name\":\"Itaka-Escolapios\",\"description\":\"Red de Itaka-Escolapios\",\"publisher\":{\"@id\":\"https:\\\/\\\/www.itakaescolapios.org\\\/ca\\\/es\\\/#organization\"},\"potentialAction\":[{\"@type\":\"SearchAction\",\"target\":{\"@type\":\"EntryPoint\",\"urlTemplate\":\"https:\\\/\\\/www.itakaescolapios.org\\\/ca\\\/es\\\/?s={search_term_string}\"},\"query-input\":{\"@type\":\"PropertyValueSpecification\",\"valueRequired\":true,\"valueName\":\"search_term_string\"}}],\"inLanguage\":\"ca\"},{\"@type\":\"Organization\",\"@id\":\"https:\\\/\\\/www.itakaescolapios.org\\\/ca\\\/es\\\/#organization\",\"name\":\"Fundaci\u00f3 Itaka-Escolapios\",\"url\":\"https:\\\/\\\/www.itakaescolapios.org\\\/ca\\\/es\\\/\",\"logo\":{\"@type\":\"ImageObject\",\"inLanguage\":\"ca\",\"@id\":\"https:\\\/\\\/www.itakaescolapios.org\\\/ca\\\/es\\\/#\\\/schema\\\/logo\\\/image\\\/\",\"url\":\"https:\\\/\\\/www.itakaescolapios.org\\\/wp-content\\\/uploads\\\/2024\\\/04\\\/Logo-itakaescolapios-peque.png\",\"contentUrl\":\"https:\\\/\\\/www.itakaescolapios.org\\\/wp-content\\\/uploads\\\/2024\\\/04\\\/Logo-itakaescolapios-peque.png\",\"width\":500,\"height\":199,\"caption\":\"Fundaci\u00f3 Itaka-Escolapios\"},\"image\":{\"@id\":\"https:\\\/\\\/www.itakaescolapios.org\\\/ca\\\/es\\\/#\\\/schema\\\/logo\\\/image\\\/\"}},{\"@type\":\"Person\",\"@id\":\"https:\\\/\\\/www.itakaescolapios.org\\\/es\\\/#\\\/schema\\\/person\\\/a44de70f9a43a90c3e0f59aaaffd61f3\",\"name\":\"pamplona01\",\"url\":\"https:\\\/\\\/www.itakaescolapios.org\\\/ca\\\/author\\\/pamplona01\\\/\"}]}<\/script>\n<!-- \/ Yoast SEO plugin. -->","yoast_head_json":{"title":"Ikaskide comienza el curso 2013-2014","description":"El mi\u00e9rcoles 11 de septiembre realiz\u00e1bamos la primera reuni\u00f3n de voluntarios , con la intenci\u00f3n de ir comenzando todas las actividades del nuevo curso. Participamos alrededor de 50 voluntarios de todas las \u00e1reas de Ikaskide: apoyo escolar, formaci\u00f3n de adultos, servicio jur\u00eddico.... Y varias personas acud\u00edan por primera vez al encuentro de voluntarios, interesadas en&hellip;","robots":{"index":"index","follow":"follow","max-snippet":"max-snippet:-1","max-image-preview":"max-image-preview:large","max-video-preview":"max-video-preview:-1"},"canonical":"El mi\u00e9rcoles 11 de septiembre realiz\u00e1bamos la primera reuni\u00f3n de voluntarios , con la intenci\u00f3n de ir comenzando todas las actividades del nuevo curso. Participamos alrededor de 50 voluntarios de todas las \u00e1reas de Ikaskide: apoyo escolar, formaci\u00f3n de adultos, servicio jur\u00eddico.... Y varias personas acud\u00edan por primera vez al encuentro de voluntarios, interesadas en&hellip;","og_locale":"ca_ES","og_type":"article","og_title":"Ikaskide comienza el curso 2013-2014","og_description":"El mi\u00e9rcoles 11 de septiembre realiz\u00e1bamos la primera reuni\u00f3n de voluntarios , con la intenci\u00f3n de ir comenzando todas las actividades del nuevo curso. Participamos alrededor de 50 voluntarios de todas las \u00e1reas de Ikaskide: apoyo escolar, formaci\u00f3n de adultos, servicio jur\u00eddico.... Y varias personas acud\u00edan por primera vez al encuentro de voluntarios, interesadas en&hellip;","og_url":"https:\/\/www.itakaescolapios.org\/ca\/2013\/09\/ikaskide-comienza-el-curso-2013-2014\/","og_site_name":"Itaka-Escolapios","article_published_time":"2013-09-16T15:34:03+00:00","article_modified_time":"2023-11-28T11:39:17+00:00","author":"pamplona01","twitter_card":"summary_large_image","twitter_misc":{"Escrit per":"pamplona01","Temps estimat de lectura":"1 minut"},"schema":{"@context":"https:\/\/schema.org","@graph":[{"@type":"Article","@id":"https:\/\/www.itakaescolapios.org\/ca\/2013\/09\/ikaskide-comienza-el-curso-2013-2014\/#article","isPartOf":{"@id":"https:\/\/www.itakaescolapios.org\/ca\/2013\/09\/ikaskide-comienza-el-curso-2013-2014\/"},"author":{"name":"pamplona01","@id":"https:\/\/www.itakaescolapios.org\/es\/#\/schema\/person\/a44de70f9a43a90c3e0f59aaaffd61f3"},"headline":"Ikaskide comienza el curso 2013-2014","datePublished":"2013-09-16T15:34:03+00:00","dateModified":"2023-11-28T11:39:17+00:00","mainEntityOfPage":{"@id":"https:\/\/www.itakaescolapios.org\/ca\/2013\/09\/ikaskide-comienza-el-curso-2013-2014\/"},"wordCount":224,"publisher":{"@id":"https:\/\/www.itakaescolapios.org\/es\/#organization"},"articleSection":["Pamplona-Iru\u00f1a"],"inLanguage":"ca"},{"@type":"WebPage","@id":"https:\/\/www.itakaescolapios.org\/ca\/2013\/09\/ikaskide-comienza-el-curso-2013-2014\/","url":"https:\/\/www.itakaescolapios.org\/ca\/2013\/09\/ikaskide-comienza-el-curso-2013-2014\/","name":"Ikaskide comienza el curso 2013-2014 - Itaka-Escolapios","isPartOf":{"@id":"https:\/\/www.itakaescolapios.org\/es\/#website"},"datePublished":"2013-09-16T15:34:03+00:00","dateModified":"2023-11-28T11:39:17+00:00","breadcrumb":{"@id":"https:\/\/www.itakaescolapios.org\/ca\/2013\/09\/ikaskide-comienza-el-curso-2013-2014\/#breadcrumb"},"inLanguage":"ca","potentialAction":[{"@type":"ReadAction","target":["https:\/\/www.itakaescolapios.org\/ca\/2013\/09\/ikaskide-comienza-el-curso-2013-2014\/"]}]},{"@type":"BreadcrumbList","@id":"https:\/\/www.itakaescolapios.org\/ca\/2013\/09\/ikaskide-comienza-el-curso-2013-2014\/#breadcrumb","itemListElement":[{"@type":"ListItem","position":1,"name":"Itaka-Escolapios","item":"https:\/\/www.itakaescolapios.org\/es\/"},{"@type":"ListItem","position":2,"name":"Ikaskide comienza el curso 2013-2014"}]},{"@type":"WebSite","@id":"https:\/\/www.itakaescolapios.org\/ca\/es\/#website","url":"https:\/\/www.itakaescolapios.org\/ca\/es\/","name":"Itaka-Escolapios","description":"Red de Itaka-Escolapios","publisher":{"@id":"https:\/\/www.itakaescolapios.org\/ca\/es\/#organization"},"potentialAction":[{"@type":"SearchAction","target":{"@type":"EntryPoint","urlTemplate":"https:\/\/www.itakaescolapios.org\/ca\/es\/?s={search_term_string}"},"query-input":{"@type":"PropertyValueSpecification","valueRequired":true,"valueName":"search_term_string"}}],"inLanguage":"ca"},{"@type":"Organization","@id":"https:\/\/www.itakaescolapios.org\/ca\/es\/#organization","name":"Fundaci\u00f3 Itaka-Escolapios","url":"https:\/\/www.itakaescolapios.org\/ca\/es\/","logo":{"@type":"ImageObject","inLanguage":"ca","@id":"https:\/\/www.itakaescolapios.org\/ca\/es\/#\/schema\/logo\/image\/","url":"https:\/\/www.itakaescolapios.org\/wp-content\/uploads\/2024\/04\/Logo-itakaescolapios-peque.png","contentUrl":"https:\/\/www.itakaescolapios.org\/wp-content\/uploads\/2024\/04\/Logo-itakaescolapios-peque.png","width":500,"height":199,"caption":"Fundaci\u00f3 Itaka-Escolapios"},"image":{"@id":"https:\/\/www.itakaescolapios.org\/ca\/es\/#\/schema\/logo\/image\/"}},{"@type":"Person","@id":"https:\/\/www.itakaescolapios.org\/es\/#\/schema\/person\/a44de70f9a43a90c3e0f59aaaffd61f3","name":"pamplona01","url":"https:\/\/www.itakaescolapios.org\/ca\/author\/pamplona01\/"}]}},"_links":{"self":[{"href":"https:\/\/www.itakaescolapios.org\/ca\/wp-json\/wp\/v2\/posts\/7211","targetHints":{"allow":["GET"]}}],"collection":[{"href":"https:\/\/www.itakaescolapios.org\/ca\/wp-json\/wp\/v2\/posts"}],"about":[{"href":"https:\/\/www.itakaescolapios.org\/ca\/wp-json\/wp\/v2\/types\/post"}],"author":[{"embeddable":true,"href":"https:\/\/www.itakaescolapios.org\/ca\/wp-json\/wp\/v2\/users\/29"}],"replies":[{"embeddable":true,"href":"https:\/\/www.itakaescolapios.org\/ca\/wp-json\/wp\/v2\/comments?post=7211"}],"version-history":[{"count":3,"href":"https:\/\/www.itakaescolapios.org\/ca\/wp-json\/wp\/v2\/posts\/7211\/revisions"}],"predecessor-version":[{"id":49456,"href":"https:\/\/www.itakaescolapios.org\/ca\/wp-json\/wp\/v2\/posts\/7211\/revisions\/49456"}],"wp:attachment":[{"href":"https:\/\/www.itakaescolapios.org\/ca\/wp-json\/wp\/v2\/media?parent=7211"}],"wp:term":[{"taxonomy":"category","embeddable":true,"href":"https:\/\/www.itakaescolapios.org\/ca\/wp-json\/wp\/v2\/categories?post=7211"},{"taxonomy":"post_tag","embeddable":true,"href":"https:\/\/www.itakaescolapios.org\/ca\/wp-json\/wp\/v2\/tags?post=7211"}],"curies":[{"name":"wp","href":"https:\/\/api.w.org\/{rel}","templated":true}]}}