{"id":8402,"date":"2014-01-13T09:41:33","date_gmt":"2014-01-13T08:41:33","guid":{"rendered":"https:\/\/www.itakaescolapios.org\/?p=8402"},"modified":"2023-11-28T12:39:10","modified_gmt":"2023-11-28T11:39:10","slug":"fotos-de-los-campamentos-de-navidad-en-pamplona-iruna-2013-2014-2","status":"publish","type":"post","link":"https:\/\/www.itakaescolapios.org\/ca\/2014\/01\/fotos-de-los-campamentos-de-navidad-en-pamplona-iruna-2013-2014-2\/","title":{"rendered":"Fotos de los Campamentos de Navidad en Pamplona-Iru\u00f1a 2013-2014"},"content":{"rendered":"<p>Los distintos grupos de Mikel Gurea hemos disfrutado de unos Campamentos de Navidad llenos de aventuras, de grandes momentos en com\u00fan y de compartir al estilo de Jes\u00fas. Os dejamos los links para poder ver las galer\u00edas de fotos:<\/p>\n<p>LOBATOS-KOXKORRAK CALASANZ ( Bertiz)<\/p>\n<p><strong>LOBATOS-KOXKORRAK COMPASI\u00d3N \u00a0(Oronoz-Mugaire)<\/strong><\/p>\n<p><a href=\"https:\/\/plus.google.com\/u\/0\/photos\/118221738155346621829\/albums\/5960967158409721345\">https:\/\/plus.google.com\/u\/0\/photos\/118221738155346621829\/albums\/5960967158409721345<\/a><\/p>\n<p><strong>IBILTARIAK-VIAJEROS CALASANZ (Ira\u00f1eta)<\/strong><\/p>\n<p><a href=\"https:\/\/plus.google.com\/photos\/117476289609824648275\/albums\/5967976232618442673?authkey=CJyI5_aQlKG9Fw\" target=\"_blank\" rel=\"noopener\">https:\/\/plus.google.com\/photos\/117476289609824648275\/albums\/5967976232618442673?authkey=CJyI5_aQlKG9Fw<\/a><\/p>\n<p><strong>IBILTARIAK-VIAJEROS COMPASI\u00d3N (Azkona)<\/strong><\/p>\n<p>https:\/\/www.dropbox.com\/sh\/uq9c48s0xhhqjav\/4dPsuWyJnS<\/p>\n<p><strong>LANKIDES CALASANZ \u00a0 (Guetadar,Valdorba, Navarra)<\/strong><\/p>\n<p>LANKIDES COMPASI\u00d3N \u00a0 (Huici \u2013 \u00a0Uitzi)<\/p>\n<p>LAGUNTZAK CALASANZ en Huici \u2013 Uitzi<\/p>\n<p><strong>LAGUNTZAK COMPASI\u00d3N en Txamantxoia (Belagoa, Isaba)<\/strong><\/p>\n<p><a href=\"https:\/\/plus.google.com\/photos\/110796915376488041094\/albums\/5962401044937011681\">https:\/\/plus.google.com\/photos\/110796915376488041094\/albums\/596240104493701<\/a><\/p>\n","protected":false},"excerpt":{"rendered":"<p>Los distintos grupos de Mikel Gurea hemos disfrutado de unos Campamentos de Navidad llenos de aventuras, de grandes momentos en com\u00fan y de compartir al estilo de Jes\u00fas. Os dejamos [&hellip;]<\/p>\n","protected":false},"author":29,"featured_media":8405,"comment_status":"closed","ping_status":"closed","sticky":false,"template":"","format":"standard","meta":{"_et_pb_use_builder":"","_et_pb_old_content":"","_et_gb_content_width":"","footnotes":""},"categories":[20],"tags":[],"class_list":["post-8402","post","type-post","status-publish","format-standard","has-post-thumbnail","hentry","category-pamplona-iruna"],"yoast_head":"<!-- This site is optimized with the Yoast SEO plugin v27.4 - https:\/\/yoast.com\/product\/yoast-seo-wordpress\/ -->\n<title>Fotos de los Campamentos de Navidad en Pamplona-Iru\u00f1a 2013-2014<\/title>\n<meta name=\"description\" content=\"Los distintos grupos de Mikel Gurea hemos disfrutado de unos Campamentos de Navidad llenos de aventuras, de grandes momentos en com\u00fan y de compartir al estilo de Jes\u00fas. Os dejamos los links para poder ver las galer\u00edas de fotos: LOBATOS-KOXKORRAK CALASANZ ( Bertiz) LOBATOS-KOXKORRAK COMPASI\u00d3N \u00a0(Oronoz-Mugaire) https:\/\/plus.google.com\/u\/0\/photos\/118221738155346621829\/albums\/5960967158409721345 IBILTARIAK-VIAJEROS CALASANZ (Ira\u00f1eta) https:\/\/plus.google.com\/photos\/117476289609824648275\/albums\/5967976232618442673?authkey=CJyI5_aQlKG9Fw IBILTARIAK-VIAJEROS COMPASI\u00d3N (Azkona) https:\/\/www.dropbox.com\/sh\/uq9c48s0xhhqjav\/4dPsuWyJnS&hellip;\" \/>\n<meta name=\"robots\" content=\"index, follow, max-snippet:-1, max-image-preview:large, max-video-preview:-1\" \/>\n<link rel=\"canonical\" href=\"\" \/>\n<meta property=\"og:locale\" content=\"ca_ES\" \/>\n<meta property=\"og:type\" content=\"article\" \/>\n<meta property=\"og:title\" content=\"Fotos de los Campamentos de Navidad en Pamplona-Iru\u00f1a 2013-2014\" \/>\n<meta property=\"og:description\" content=\"Los distintos grupos de Mikel Gurea hemos disfrutado de unos Campamentos de Navidad llenos de aventuras, de grandes momentos en com\u00fan y de compartir al estilo de Jes\u00fas. Os dejamos los links para poder ver las galer\u00edas de fotos: LOBATOS-KOXKORRAK CALASANZ ( Bertiz) LOBATOS-KOXKORRAK COMPASI\u00d3N \u00a0(Oronoz-Mugaire) https:\/\/plus.google.com\/u\/0\/photos\/118221738155346621829\/albums\/5960967158409721345 IBILTARIAK-VIAJEROS CALASANZ (Ira\u00f1eta) https:\/\/plus.google.com\/photos\/117476289609824648275\/albums\/5967976232618442673?authkey=CJyI5_aQlKG9Fw IBILTARIAK-VIAJEROS COMPASI\u00d3N (Azkona) https:\/\/www.dropbox.com\/sh\/uq9c48s0xhhqjav\/4dPsuWyJnS&hellip;\" \/>\n<meta property=\"og:url\" content=\"https:\/\/www.itakaescolapios.org\/ca\/2014\/01\/fotos-de-los-campamentos-de-navidad-en-pamplona-iruna-2013-2014-2\/\" \/>\n<meta property=\"og:site_name\" content=\"Itaka-Escolapios\" \/>\n<meta property=\"article:published_time\" content=\"2014-01-13T08:41:33+00:00\" \/>\n<meta property=\"article:modified_time\" content=\"2023-11-28T11:39:10+00:00\" \/>\n<meta property=\"og:image\" content=\"https:\/\/www.itakaescolapios.org\/wp-content\/uploads\/2014\/01\/IMG_11091.jpg\" \/>\n\t<meta property=\"og:image:width\" content=\"2000\" \/>\n\t<meta property=\"og:image:height\" content=\"1500\" \/>\n\t<meta property=\"og:image:type\" content=\"image\/jpeg\" \/>\n<meta name=\"author\" content=\"pamplona01\" \/>\n<meta name=\"twitter:card\" content=\"summary_large_image\" \/>\n<meta name=\"twitter:label1\" content=\"Escrit per\" \/>\n\t<meta name=\"twitter:data1\" content=\"pamplona01\" \/>\n\t<meta name=\"twitter:label2\" content=\"Temps estimat de lectura\" \/>\n\t<meta name=\"twitter:data2\" content=\"1 minut\" \/>\n<script type=\"application\/ld+json\" class=\"yoast-schema-graph\">{\"@context\":\"https:\\\/\\\/schema.org\",\"@graph\":[{\"@type\":\"Article\",\"@id\":\"https:\\\/\\\/www.itakaescolapios.org\\\/ca\\\/2014\\\/01\\\/fotos-de-los-campamentos-de-navidad-en-pamplona-iruna-2013-2014-2\\\/#article\",\"isPartOf\":{\"@id\":\"https:\\\/\\\/www.itakaescolapios.org\\\/ca\\\/2014\\\/01\\\/fotos-de-los-campamentos-de-navidad-en-pamplona-iruna-2013-2014-2\\\/\"},\"author\":{\"name\":\"pamplona01\",\"@id\":\"https:\\\/\\\/www.itakaescolapios.org\\\/es\\\/#\\\/schema\\\/person\\\/a44de70f9a43a90c3e0f59aaaffd61f3\"},\"headline\":\"Fotos de los Campamentos de Navidad en Pamplona-Iru\u00f1a 2013-2014\",\"datePublished\":\"2014-01-13T08:41:33+00:00\",\"dateModified\":\"2023-11-28T11:39:10+00:00\",\"mainEntityOfPage\":{\"@id\":\"https:\\\/\\\/www.itakaescolapios.org\\\/ca\\\/2014\\\/01\\\/fotos-de-los-campamentos-de-navidad-en-pamplona-iruna-2013-2014-2\\\/\"},\"wordCount\":122,\"publisher\":{\"@id\":\"https:\\\/\\\/www.itakaescolapios.org\\\/es\\\/#organization\"},\"image\":{\"@id\":\"https:\\\/\\\/www.itakaescolapios.org\\\/ca\\\/2014\\\/01\\\/fotos-de-los-campamentos-de-navidad-en-pamplona-iruna-2013-2014-2\\\/#primaryimage\"},\"thumbnailUrl\":\"https:\\\/\\\/www.itakaescolapios.org\\\/wp-content\\\/uploads\\\/2014\\\/01\\\/IMG_11091.jpg\",\"articleSection\":[\"Pamplona-Iru\u00f1a\"],\"inLanguage\":\"ca\"},{\"@type\":\"WebPage\",\"@id\":\"https:\\\/\\\/www.itakaescolapios.org\\\/ca\\\/2014\\\/01\\\/fotos-de-los-campamentos-de-navidad-en-pamplona-iruna-2013-2014-2\\\/\",\"url\":\"https:\\\/\\\/www.itakaescolapios.org\\\/ca\\\/2014\\\/01\\\/fotos-de-los-campamentos-de-navidad-en-pamplona-iruna-2013-2014-2\\\/\",\"name\":\"Fotos de los Campamentos de Navidad en Pamplona-Iru\u00f1a 2013-2014 - Itaka-Escolapios\",\"isPartOf\":{\"@id\":\"https:\\\/\\\/www.itakaescolapios.org\\\/es\\\/#website\"},\"primaryImageOfPage\":{\"@id\":\"https:\\\/\\\/www.itakaescolapios.org\\\/ca\\\/2014\\\/01\\\/fotos-de-los-campamentos-de-navidad-en-pamplona-iruna-2013-2014-2\\\/#primaryimage\"},\"image\":{\"@id\":\"https:\\\/\\\/www.itakaescolapios.org\\\/ca\\\/2014\\\/01\\\/fotos-de-los-campamentos-de-navidad-en-pamplona-iruna-2013-2014-2\\\/#primaryimage\"},\"thumbnailUrl\":\"https:\\\/\\\/www.itakaescolapios.org\\\/wp-content\\\/uploads\\\/2014\\\/01\\\/IMG_11091.jpg\",\"datePublished\":\"2014-01-13T08:41:33+00:00\",\"dateModified\":\"2023-11-28T11:39:10+00:00\",\"breadcrumb\":{\"@id\":\"https:\\\/\\\/www.itakaescolapios.org\\\/ca\\\/2014\\\/01\\\/fotos-de-los-campamentos-de-navidad-en-pamplona-iruna-2013-2014-2\\\/#breadcrumb\"},\"inLanguage\":\"ca\",\"potentialAction\":[{\"@type\":\"ReadAction\",\"target\":[\"https:\\\/\\\/www.itakaescolapios.org\\\/ca\\\/2014\\\/01\\\/fotos-de-los-campamentos-de-navidad-en-pamplona-iruna-2013-2014-2\\\/\"]}]},{\"@type\":\"ImageObject\",\"inLanguage\":\"ca\",\"@id\":\"https:\\\/\\\/www.itakaescolapios.org\\\/ca\\\/2014\\\/01\\\/fotos-de-los-campamentos-de-navidad-en-pamplona-iruna-2013-2014-2\\\/#primaryimage\",\"url\":\"https:\\\/\\\/www.itakaescolapios.org\\\/wp-content\\\/uploads\\\/2014\\\/01\\\/IMG_11091.jpg\",\"contentUrl\":\"https:\\\/\\\/www.itakaescolapios.org\\\/wp-content\\\/uploads\\\/2014\\\/01\\\/IMG_11091.jpg\",\"width\":2000,\"height\":1500},{\"@type\":\"BreadcrumbList\",\"@id\":\"https:\\\/\\\/www.itakaescolapios.org\\\/ca\\\/2014\\\/01\\\/fotos-de-los-campamentos-de-navidad-en-pamplona-iruna-2013-2014-2\\\/#breadcrumb\",\"itemListElement\":[{\"@type\":\"ListItem\",\"position\":1,\"name\":\"Itaka-Escolapios\",\"item\":\"https:\\\/\\\/www.itakaescolapios.org\\\/es\\\/\"},{\"@type\":\"ListItem\",\"position\":2,\"name\":\"Fotos de los Campamentos de Navidad en Pamplona-Iru\u00f1a 2013-2014\"}]},{\"@type\":\"WebSite\",\"@id\":\"https:\\\/\\\/www.itakaescolapios.org\\\/ca\\\/es\\\/#website\",\"url\":\"https:\\\/\\\/www.itakaescolapios.org\\\/ca\\\/es\\\/\",\"name\":\"Itaka-Escolapios\",\"description\":\"Red de Itaka-Escolapios\",\"publisher\":{\"@id\":\"https:\\\/\\\/www.itakaescolapios.org\\\/ca\\\/es\\\/#organization\"},\"potentialAction\":[{\"@type\":\"SearchAction\",\"target\":{\"@type\":\"EntryPoint\",\"urlTemplate\":\"https:\\\/\\\/www.itakaescolapios.org\\\/ca\\\/es\\\/?s={search_term_string}\"},\"query-input\":{\"@type\":\"PropertyValueSpecification\",\"valueRequired\":true,\"valueName\":\"search_term_string\"}}],\"inLanguage\":\"ca\"},{\"@type\":\"Organization\",\"@id\":\"https:\\\/\\\/www.itakaescolapios.org\\\/ca\\\/es\\\/#organization\",\"name\":\"Fundaci\u00f3 Itaka-Escolapios\",\"url\":\"https:\\\/\\\/www.itakaescolapios.org\\\/ca\\\/es\\\/\",\"logo\":{\"@type\":\"ImageObject\",\"inLanguage\":\"ca\",\"@id\":\"https:\\\/\\\/www.itakaescolapios.org\\\/ca\\\/es\\\/#\\\/schema\\\/logo\\\/image\\\/\",\"url\":\"https:\\\/\\\/www.itakaescolapios.org\\\/wp-content\\\/uploads\\\/2024\\\/04\\\/Logo-itakaescolapios-peque.png\",\"contentUrl\":\"https:\\\/\\\/www.itakaescolapios.org\\\/wp-content\\\/uploads\\\/2024\\\/04\\\/Logo-itakaescolapios-peque.png\",\"width\":500,\"height\":199,\"caption\":\"Fundaci\u00f3 Itaka-Escolapios\"},\"image\":{\"@id\":\"https:\\\/\\\/www.itakaescolapios.org\\\/ca\\\/es\\\/#\\\/schema\\\/logo\\\/image\\\/\"}},{\"@type\":\"Person\",\"@id\":\"https:\\\/\\\/www.itakaescolapios.org\\\/es\\\/#\\\/schema\\\/person\\\/a44de70f9a43a90c3e0f59aaaffd61f3\",\"name\":\"pamplona01\",\"url\":\"https:\\\/\\\/www.itakaescolapios.org\\\/ca\\\/author\\\/pamplona01\\\/\"}]}<\/script>\n<!-- \/ Yoast SEO plugin. -->","yoast_head_json":{"title":"Fotos de los Campamentos de Navidad en Pamplona-Iru\u00f1a 2013-2014","description":"Los distintos grupos de Mikel Gurea hemos disfrutado de unos Campamentos de Navidad llenos de aventuras, de grandes momentos en com\u00fan y de compartir al estilo de Jes\u00fas. Os dejamos los links para poder ver las galer\u00edas de fotos: LOBATOS-KOXKORRAK CALASANZ ( Bertiz) LOBATOS-KOXKORRAK COMPASI\u00d3N \u00a0(Oronoz-Mugaire) https:\/\/plus.google.com\/u\/0\/photos\/118221738155346621829\/albums\/5960967158409721345 IBILTARIAK-VIAJEROS CALASANZ (Ira\u00f1eta) https:\/\/plus.google.com\/photos\/117476289609824648275\/albums\/5967976232618442673?authkey=CJyI5_aQlKG9Fw IBILTARIAK-VIAJEROS COMPASI\u00d3N (Azkona) https:\/\/www.dropbox.com\/sh\/uq9c48s0xhhqjav\/4dPsuWyJnS&hellip;","robots":{"index":"index","follow":"follow","max-snippet":"max-snippet:-1","max-image-preview":"max-image-preview:large","max-video-preview":"max-video-preview:-1"},"canonical":"Los distintos grupos de Mikel Gurea hemos disfrutado de unos Campamentos de Navidad llenos de aventuras, de grandes momentos en com\u00fan y de compartir al estilo de Jes\u00fas. Os dejamos los links para poder ver las galer\u00edas de fotos: LOBATOS-KOXKORRAK CALASANZ ( Bertiz) LOBATOS-KOXKORRAK COMPASI\u00d3N \u00a0(Oronoz-Mugaire) https:\/\/plus.google.com\/u\/0\/photos\/118221738155346621829\/albums\/5960967158409721345 IBILTARIAK-VIAJEROS CALASANZ (Ira\u00f1eta) https:\/\/plus.google.com\/photos\/117476289609824648275\/albums\/5967976232618442673?authkey=CJyI5_aQlKG9Fw IBILTARIAK-VIAJEROS COMPASI\u00d3N (Azkona) https:\/\/www.dropbox.com\/sh\/uq9c48s0xhhqjav\/4dPsuWyJnS&hellip;","og_locale":"ca_ES","og_type":"article","og_title":"Fotos de los Campamentos de Navidad en Pamplona-Iru\u00f1a 2013-2014","og_description":"Los distintos grupos de Mikel Gurea hemos disfrutado de unos Campamentos de Navidad llenos de aventuras, de grandes momentos en com\u00fan y de compartir al estilo de Jes\u00fas. Os dejamos los links para poder ver las galer\u00edas de fotos: LOBATOS-KOXKORRAK CALASANZ ( Bertiz) LOBATOS-KOXKORRAK COMPASI\u00d3N \u00a0(Oronoz-Mugaire) https:\/\/plus.google.com\/u\/0\/photos\/118221738155346621829\/albums\/5960967158409721345 IBILTARIAK-VIAJEROS CALASANZ (Ira\u00f1eta) https:\/\/plus.google.com\/photos\/117476289609824648275\/albums\/5967976232618442673?authkey=CJyI5_aQlKG9Fw IBILTARIAK-VIAJEROS COMPASI\u00d3N (Azkona) https:\/\/www.dropbox.com\/sh\/uq9c48s0xhhqjav\/4dPsuWyJnS&hellip;","og_url":"https:\/\/www.itakaescolapios.org\/ca\/2014\/01\/fotos-de-los-campamentos-de-navidad-en-pamplona-iruna-2013-2014-2\/","og_site_name":"Itaka-Escolapios","article_published_time":"2014-01-13T08:41:33+00:00","article_modified_time":"2023-11-28T11:39:10+00:00","og_image":[{"width":2000,"height":1500,"url":"https:\/\/www.itakaescolapios.org\/wp-content\/uploads\/2014\/01\/IMG_11091.jpg","type":"image\/jpeg"}],"author":"pamplona01","twitter_card":"summary_large_image","twitter_misc":{"Escrit per":"pamplona01","Temps estimat de lectura":"1 minut"},"schema":{"@context":"https:\/\/schema.org","@graph":[{"@type":"Article","@id":"https:\/\/www.itakaescolapios.org\/ca\/2014\/01\/fotos-de-los-campamentos-de-navidad-en-pamplona-iruna-2013-2014-2\/#article","isPartOf":{"@id":"https:\/\/www.itakaescolapios.org\/ca\/2014\/01\/fotos-de-los-campamentos-de-navidad-en-pamplona-iruna-2013-2014-2\/"},"author":{"name":"pamplona01","@id":"https:\/\/www.itakaescolapios.org\/es\/#\/schema\/person\/a44de70f9a43a90c3e0f59aaaffd61f3"},"headline":"Fotos de los Campamentos de Navidad en Pamplona-Iru\u00f1a 2013-2014","datePublished":"2014-01-13T08:41:33+00:00","dateModified":"2023-11-28T11:39:10+00:00","mainEntityOfPage":{"@id":"https:\/\/www.itakaescolapios.org\/ca\/2014\/01\/fotos-de-los-campamentos-de-navidad-en-pamplona-iruna-2013-2014-2\/"},"wordCount":122,"publisher":{"@id":"https:\/\/www.itakaescolapios.org\/es\/#organization"},"image":{"@id":"https:\/\/www.itakaescolapios.org\/ca\/2014\/01\/fotos-de-los-campamentos-de-navidad-en-pamplona-iruna-2013-2014-2\/#primaryimage"},"thumbnailUrl":"https:\/\/www.itakaescolapios.org\/wp-content\/uploads\/2014\/01\/IMG_11091.jpg","articleSection":["Pamplona-Iru\u00f1a"],"inLanguage":"ca"},{"@type":"WebPage","@id":"https:\/\/www.itakaescolapios.org\/ca\/2014\/01\/fotos-de-los-campamentos-de-navidad-en-pamplona-iruna-2013-2014-2\/","url":"https:\/\/www.itakaescolapios.org\/ca\/2014\/01\/fotos-de-los-campamentos-de-navidad-en-pamplona-iruna-2013-2014-2\/","name":"Fotos de los Campamentos de Navidad en Pamplona-Iru\u00f1a 2013-2014 - Itaka-Escolapios","isPartOf":{"@id":"https:\/\/www.itakaescolapios.org\/es\/#website"},"primaryImageOfPage":{"@id":"https:\/\/www.itakaescolapios.org\/ca\/2014\/01\/fotos-de-los-campamentos-de-navidad-en-pamplona-iruna-2013-2014-2\/#primaryimage"},"image":{"@id":"https:\/\/www.itakaescolapios.org\/ca\/2014\/01\/fotos-de-los-campamentos-de-navidad-en-pamplona-iruna-2013-2014-2\/#primaryimage"},"thumbnailUrl":"https:\/\/www.itakaescolapios.org\/wp-content\/uploads\/2014\/01\/IMG_11091.jpg","datePublished":"2014-01-13T08:41:33+00:00","dateModified":"2023-11-28T11:39:10+00:00","breadcrumb":{"@id":"https:\/\/www.itakaescolapios.org\/ca\/2014\/01\/fotos-de-los-campamentos-de-navidad-en-pamplona-iruna-2013-2014-2\/#breadcrumb"},"inLanguage":"ca","potentialAction":[{"@type":"ReadAction","target":["https:\/\/www.itakaescolapios.org\/ca\/2014\/01\/fotos-de-los-campamentos-de-navidad-en-pamplona-iruna-2013-2014-2\/"]}]},{"@type":"ImageObject","inLanguage":"ca","@id":"https:\/\/www.itakaescolapios.org\/ca\/2014\/01\/fotos-de-los-campamentos-de-navidad-en-pamplona-iruna-2013-2014-2\/#primaryimage","url":"https:\/\/www.itakaescolapios.org\/wp-content\/uploads\/2014\/01\/IMG_11091.jpg","contentUrl":"https:\/\/www.itakaescolapios.org\/wp-content\/uploads\/2014\/01\/IMG_11091.jpg","width":2000,"height":1500},{"@type":"BreadcrumbList","@id":"https:\/\/www.itakaescolapios.org\/ca\/2014\/01\/fotos-de-los-campamentos-de-navidad-en-pamplona-iruna-2013-2014-2\/#breadcrumb","itemListElement":[{"@type":"ListItem","position":1,"name":"Itaka-Escolapios","item":"https:\/\/www.itakaescolapios.org\/es\/"},{"@type":"ListItem","position":2,"name":"Fotos de los Campamentos de Navidad en Pamplona-Iru\u00f1a 2013-2014"}]},{"@type":"WebSite","@id":"https:\/\/www.itakaescolapios.org\/ca\/es\/#website","url":"https:\/\/www.itakaescolapios.org\/ca\/es\/","name":"Itaka-Escolapios","description":"Red de Itaka-Escolapios","publisher":{"@id":"https:\/\/www.itakaescolapios.org\/ca\/es\/#organization"},"potentialAction":[{"@type":"SearchAction","target":{"@type":"EntryPoint","urlTemplate":"https:\/\/www.itakaescolapios.org\/ca\/es\/?s={search_term_string}"},"query-input":{"@type":"PropertyValueSpecification","valueRequired":true,"valueName":"search_term_string"}}],"inLanguage":"ca"},{"@type":"Organization","@id":"https:\/\/www.itakaescolapios.org\/ca\/es\/#organization","name":"Fundaci\u00f3 Itaka-Escolapios","url":"https:\/\/www.itakaescolapios.org\/ca\/es\/","logo":{"@type":"ImageObject","inLanguage":"ca","@id":"https:\/\/www.itakaescolapios.org\/ca\/es\/#\/schema\/logo\/image\/","url":"https:\/\/www.itakaescolapios.org\/wp-content\/uploads\/2024\/04\/Logo-itakaescolapios-peque.png","contentUrl":"https:\/\/www.itakaescolapios.org\/wp-content\/uploads\/2024\/04\/Logo-itakaescolapios-peque.png","width":500,"height":199,"caption":"Fundaci\u00f3 Itaka-Escolapios"},"image":{"@id":"https:\/\/www.itakaescolapios.org\/ca\/es\/#\/schema\/logo\/image\/"}},{"@type":"Person","@id":"https:\/\/www.itakaescolapios.org\/es\/#\/schema\/person\/a44de70f9a43a90c3e0f59aaaffd61f3","name":"pamplona01","url":"https:\/\/www.itakaescolapios.org\/ca\/author\/pamplona01\/"}]}},"_links":{"self":[{"href":"https:\/\/www.itakaescolapios.org\/ca\/wp-json\/wp\/v2\/posts\/8402","targetHints":{"allow":["GET"]}}],"collection":[{"href":"https:\/\/www.itakaescolapios.org\/ca\/wp-json\/wp\/v2\/posts"}],"about":[{"href":"https:\/\/www.itakaescolapios.org\/ca\/wp-json\/wp\/v2\/types\/post"}],"author":[{"embeddable":true,"href":"https:\/\/www.itakaescolapios.org\/ca\/wp-json\/wp\/v2\/users\/29"}],"replies":[{"embeddable":true,"href":"https:\/\/www.itakaescolapios.org\/ca\/wp-json\/wp\/v2\/comments?post=8402"}],"version-history":[{"count":9,"href":"https:\/\/www.itakaescolapios.org\/ca\/wp-json\/wp\/v2\/posts\/8402\/revisions"}],"predecessor-version":[{"id":49258,"href":"https:\/\/www.itakaescolapios.org\/ca\/wp-json\/wp\/v2\/posts\/8402\/revisions\/49258"}],"wp:featuredmedia":[{"embeddable":true,"href":"https:\/\/www.itakaescolapios.org\/ca\/wp-json\/wp\/v2\/media\/8405"}],"wp:attachment":[{"href":"https:\/\/www.itakaescolapios.org\/ca\/wp-json\/wp\/v2\/media?parent=8402"}],"wp:term":[{"taxonomy":"category","embeddable":true,"href":"https:\/\/www.itakaescolapios.org\/ca\/wp-json\/wp\/v2\/categories?post=8402"},{"taxonomy":"post_tag","embeddable":true,"href":"https:\/\/www.itakaescolapios.org\/ca\/wp-json\/wp\/v2\/tags?post=8402"}],"curies":[{"name":"wp","href":"https:\/\/api.w.org\/{rel}","templated":true}]}}