{"id":8968,"date":"2014-03-09T11:51:49","date_gmt":"2014-03-09T10:51:49","guid":{"rendered":"https:\/\/www.itakaescolapios.org\/?p=8968"},"modified":"2023-11-28T12:39:05","modified_gmt":"2023-11-28T11:39:05","slug":"programacion-del-campamento-de-verano-del-movimiento-calasanz","status":"publish","type":"post","link":"https:\/\/www.itakaescolapios.org\/ca\/2014\/03\/programacion-del-campamento-de-verano-del-movimiento-calasanz\/","title":{"rendered":"Programaci\u00f3n del campamento de verano del Movimiento Calasanz"},"content":{"rendered":"<p>Durante este fin de semana el equipo de animadores del Movimiento \u00a0Calasanz de Zaragoza est\u00e1n programando el campamento de verano de este curso.<\/p>\n<p>Se trat de un fin de semana de intenso trabajo de programaci\u00f3n que tambi\u00e9n posibilita la convivencia y compartir fraterno entre los catequistas.<\/p>\n<p>Seguro que, como siempre, el campamento de verano es un \u00e9xito.<\/p>\n","protected":false},"excerpt":{"rendered":"<p>Durante este fin de semana el equipo de animadores del Movimiento \u00a0Calasanz de Zaragoza est\u00e1n programando el campamento de verano de este curso. Se trat de un fin de semana [&hellip;]<\/p>\n","protected":false},"author":43,"featured_media":8969,"comment_status":"closed","ping_status":"closed","sticky":false,"template":"","format":"standard","meta":{"_et_pb_use_builder":"","_et_pb_old_content":"","_et_gb_content_width":"","footnotes":""},"categories":[25],"tags":[122,50,121,69,123,416],"class_list":["post-8968","post","type-post","status-publish","format-standard","has-post-thumbnail","hentry","category-zaragoza","tag-animadores","tag-campamento","tag-catequistas","tag-movimiento-calasanz","tag-programacion","tag-zaragoza"],"yoast_head":"<!-- This site is optimized with the Yoast SEO plugin v27.4 - https:\/\/yoast.com\/product\/yoast-seo-wordpress\/ -->\n<title>Programaci\u00f3n del campamento de verano del Movimiento Calasanz<\/title>\n<meta name=\"description\" content=\"Durante este fin de semana el equipo de animadores del Movimiento \u00a0Calasanz de Zaragoza est\u00e1n programando el campamento de verano de este curso. Se trat de un fin de semana de intenso trabajo de programaci\u00f3n que tambi\u00e9n posibilita la convivencia y compartir fraterno entre los catequistas. Seguro que, como siempre, el campamento de verano es&hellip;\" \/>\n<meta name=\"robots\" content=\"index, follow, max-snippet:-1, max-image-preview:large, max-video-preview:-1\" \/>\n<link rel=\"canonical\" href=\"http:\/\/Durante%20este%20fin%20de%20semana%20el%20equipo%20de%20animadores%20del%20Movimiento%20\u00a0Calasanz%20de%20Zaragoza%20est\u00e1n%20programando%20el%20campamento%20de%20verano%20de%20este%20curso.%20Se%20trat%20de%20un%20fin%20de%20semana%20de%20intenso%20trabajo%20de%20programaci\u00f3n%20que%20tambi\u00e9n%20posibilita%20la%20convivencia%20y%20compartir%20fraterno%20entre%20los%20catequistas.%20Seguro%20que,%20como%20siempre,%20el%20campamento%20de%20verano%20es&hellip;\" \/>\n<meta property=\"og:locale\" content=\"ca_ES\" \/>\n<meta property=\"og:type\" content=\"article\" \/>\n<meta property=\"og:title\" content=\"Programaci\u00f3n del campamento de verano del Movimiento Calasanz\" \/>\n<meta property=\"og:description\" content=\"Durante este fin de semana el equipo de animadores del Movimiento \u00a0Calasanz de Zaragoza est\u00e1n programando el campamento de verano de este curso. Se trat de un fin de semana de intenso trabajo de programaci\u00f3n que tambi\u00e9n posibilita la convivencia y compartir fraterno entre los catequistas. Seguro que, como siempre, el campamento de verano es&hellip;\" \/>\n<meta property=\"og:url\" content=\"https:\/\/www.itakaescolapios.org\/ca\/2014\/03\/programacion-del-campamento-de-verano-del-movimiento-calasanz\/\" \/>\n<meta property=\"og:site_name\" content=\"Itaka-Escolapios\" \/>\n<meta property=\"article:published_time\" content=\"2014-03-09T10:51:49+00:00\" \/>\n<meta property=\"article:modified_time\" content=\"2023-11-28T11:39:05+00:00\" \/>\n<meta property=\"og:image\" content=\"https:\/\/www.itakaescolapios.org\/wp-content\/uploads\/2014\/03\/image.jpg\" \/>\n\t<meta property=\"og:image:width\" content=\"320\" \/>\n\t<meta property=\"og:image:height\" content=\"240\" \/>\n\t<meta property=\"og:image:type\" content=\"image\/jpeg\" \/>\n<meta name=\"author\" content=\"zaragoza01\" \/>\n<meta name=\"twitter:card\" content=\"summary_large_image\" \/>\n<meta name=\"twitter:label1\" content=\"Escrit per\" \/>\n\t<meta name=\"twitter:data1\" content=\"zaragoza01\" \/>\n<script type=\"application\/ld+json\" class=\"yoast-schema-graph\">{\"@context\":\"https:\\\/\\\/schema.org\",\"@graph\":[{\"@type\":\"Article\",\"@id\":\"https:\\\/\\\/www.itakaescolapios.org\\\/ca\\\/2014\\\/03\\\/programacion-del-campamento-de-verano-del-movimiento-calasanz\\\/#article\",\"isPartOf\":{\"@id\":\"https:\\\/\\\/www.itakaescolapios.org\\\/ca\\\/2014\\\/03\\\/programacion-del-campamento-de-verano-del-movimiento-calasanz\\\/\"},\"author\":{\"name\":\"zaragoza01\",\"@id\":\"https:\\\/\\\/www.itakaescolapios.org\\\/es\\\/#\\\/schema\\\/person\\\/d6727e20f4750225e480c33522d69028\"},\"headline\":\"Programaci\u00f3n del campamento de verano del Movimiento Calasanz\",\"datePublished\":\"2014-03-09T10:51:49+00:00\",\"dateModified\":\"2023-11-28T11:39:05+00:00\",\"mainEntityOfPage\":{\"@id\":\"https:\\\/\\\/www.itakaescolapios.org\\\/ca\\\/2014\\\/03\\\/programacion-del-campamento-de-verano-del-movimiento-calasanz\\\/\"},\"wordCount\":69,\"publisher\":{\"@id\":\"https:\\\/\\\/www.itakaescolapios.org\\\/es\\\/#organization\"},\"image\":{\"@id\":\"https:\\\/\\\/www.itakaescolapios.org\\\/ca\\\/2014\\\/03\\\/programacion-del-campamento-de-verano-del-movimiento-calasanz\\\/#primaryimage\"},\"thumbnailUrl\":\"https:\\\/\\\/www.itakaescolapios.org\\\/wp-content\\\/uploads\\\/2014\\\/03\\\/image.jpg\",\"keywords\":[\"animadores\",\"campamento\",\"catequistas\",\"Movimiento Calasanz\",\"programaci\u00f3n\",\"Zaragoza\"],\"articleSection\":[\"Zaragoza\"],\"inLanguage\":\"ca\"},{\"@type\":\"WebPage\",\"@id\":\"https:\\\/\\\/www.itakaescolapios.org\\\/ca\\\/2014\\\/03\\\/programacion-del-campamento-de-verano-del-movimiento-calasanz\\\/\",\"url\":\"https:\\\/\\\/www.itakaescolapios.org\\\/ca\\\/2014\\\/03\\\/programacion-del-campamento-de-verano-del-movimiento-calasanz\\\/\",\"name\":\"Programaci\u00f3n del campamento de verano del Movimiento Calasanz - Itaka-Escolapios\",\"isPartOf\":{\"@id\":\"https:\\\/\\\/www.itakaescolapios.org\\\/es\\\/#website\"},\"primaryImageOfPage\":{\"@id\":\"https:\\\/\\\/www.itakaescolapios.org\\\/ca\\\/2014\\\/03\\\/programacion-del-campamento-de-verano-del-movimiento-calasanz\\\/#primaryimage\"},\"image\":{\"@id\":\"https:\\\/\\\/www.itakaescolapios.org\\\/ca\\\/2014\\\/03\\\/programacion-del-campamento-de-verano-del-movimiento-calasanz\\\/#primaryimage\"},\"thumbnailUrl\":\"https:\\\/\\\/www.itakaescolapios.org\\\/wp-content\\\/uploads\\\/2014\\\/03\\\/image.jpg\",\"datePublished\":\"2014-03-09T10:51:49+00:00\",\"dateModified\":\"2023-11-28T11:39:05+00:00\",\"breadcrumb\":{\"@id\":\"https:\\\/\\\/www.itakaescolapios.org\\\/ca\\\/2014\\\/03\\\/programacion-del-campamento-de-verano-del-movimiento-calasanz\\\/#breadcrumb\"},\"inLanguage\":\"ca\",\"potentialAction\":[{\"@type\":\"ReadAction\",\"target\":[\"https:\\\/\\\/www.itakaescolapios.org\\\/ca\\\/2014\\\/03\\\/programacion-del-campamento-de-verano-del-movimiento-calasanz\\\/\"]}]},{\"@type\":\"ImageObject\",\"inLanguage\":\"ca\",\"@id\":\"https:\\\/\\\/www.itakaescolapios.org\\\/ca\\\/2014\\\/03\\\/programacion-del-campamento-de-verano-del-movimiento-calasanz\\\/#primaryimage\",\"url\":\"https:\\\/\\\/www.itakaescolapios.org\\\/wp-content\\\/uploads\\\/2014\\\/03\\\/image.jpg\",\"contentUrl\":\"https:\\\/\\\/www.itakaescolapios.org\\\/wp-content\\\/uploads\\\/2014\\\/03\\\/image.jpg\",\"width\":320,\"height\":240},{\"@type\":\"BreadcrumbList\",\"@id\":\"https:\\\/\\\/www.itakaescolapios.org\\\/ca\\\/2014\\\/03\\\/programacion-del-campamento-de-verano-del-movimiento-calasanz\\\/#breadcrumb\",\"itemListElement\":[{\"@type\":\"ListItem\",\"position\":1,\"name\":\"Itaka-Escolapios\",\"item\":\"https:\\\/\\\/www.itakaescolapios.org\\\/es\\\/\"},{\"@type\":\"ListItem\",\"position\":2,\"name\":\"Programaci\u00f3n del campamento de verano del Movimiento Calasanz\"}]},{\"@type\":\"WebSite\",\"@id\":\"https:\\\/\\\/www.itakaescolapios.org\\\/ca\\\/es\\\/#website\",\"url\":\"https:\\\/\\\/www.itakaescolapios.org\\\/ca\\\/es\\\/\",\"name\":\"Itaka-Escolapios\",\"description\":\"Red de Itaka-Escolapios\",\"publisher\":{\"@id\":\"https:\\\/\\\/www.itakaescolapios.org\\\/ca\\\/es\\\/#organization\"},\"potentialAction\":[{\"@type\":\"SearchAction\",\"target\":{\"@type\":\"EntryPoint\",\"urlTemplate\":\"https:\\\/\\\/www.itakaescolapios.org\\\/ca\\\/es\\\/?s={search_term_string}\"},\"query-input\":{\"@type\":\"PropertyValueSpecification\",\"valueRequired\":true,\"valueName\":\"search_term_string\"}}],\"inLanguage\":\"ca\"},{\"@type\":\"Organization\",\"@id\":\"https:\\\/\\\/www.itakaescolapios.org\\\/ca\\\/es\\\/#organization\",\"name\":\"Fundaci\u00f3 Itaka-Escolapios\",\"url\":\"https:\\\/\\\/www.itakaescolapios.org\\\/ca\\\/es\\\/\",\"logo\":{\"@type\":\"ImageObject\",\"inLanguage\":\"ca\",\"@id\":\"https:\\\/\\\/www.itakaescolapios.org\\\/ca\\\/es\\\/#\\\/schema\\\/logo\\\/image\\\/\",\"url\":\"https:\\\/\\\/www.itakaescolapios.org\\\/wp-content\\\/uploads\\\/2024\\\/04\\\/Logo-itakaescolapios-peque.png\",\"contentUrl\":\"https:\\\/\\\/www.itakaescolapios.org\\\/wp-content\\\/uploads\\\/2024\\\/04\\\/Logo-itakaescolapios-peque.png\",\"width\":500,\"height\":199,\"caption\":\"Fundaci\u00f3 Itaka-Escolapios\"},\"image\":{\"@id\":\"https:\\\/\\\/www.itakaescolapios.org\\\/ca\\\/es\\\/#\\\/schema\\\/logo\\\/image\\\/\"}},{\"@type\":\"Person\",\"@id\":\"https:\\\/\\\/www.itakaescolapios.org\\\/es\\\/#\\\/schema\\\/person\\\/d6727e20f4750225e480c33522d69028\",\"name\":\"zaragoza01\",\"url\":\"https:\\\/\\\/www.itakaescolapios.org\\\/ca\\\/author\\\/zaragoza01\\\/\"}]}<\/script>\n<!-- \/ Yoast SEO plugin. -->","yoast_head_json":{"title":"Programaci\u00f3n del campamento de verano del Movimiento Calasanz","description":"Durante este fin de semana el equipo de animadores del Movimiento \u00a0Calasanz de Zaragoza est\u00e1n programando el campamento de verano de este curso. Se trat de un fin de semana de intenso trabajo de programaci\u00f3n que tambi\u00e9n posibilita la convivencia y compartir fraterno entre los catequistas. Seguro que, como siempre, el campamento de verano es&hellip;","robots":{"index":"index","follow":"follow","max-snippet":"max-snippet:-1","max-image-preview":"max-image-preview:large","max-video-preview":"max-video-preview:-1"},"canonical":"Durante este fin de semana el equipo de animadores del Movimiento \u00a0Calasanz de Zaragoza est\u00e1n programando el campamento de verano de este curso. Se trat de un fin de semana de intenso trabajo de programaci\u00f3n que tambi\u00e9n posibilita la convivencia y compartir fraterno entre los catequistas. Seguro que, como siempre, el campamento de verano es&hellip;","og_locale":"ca_ES","og_type":"article","og_title":"Programaci\u00f3n del campamento de verano del Movimiento Calasanz","og_description":"Durante este fin de semana el equipo de animadores del Movimiento \u00a0Calasanz de Zaragoza est\u00e1n programando el campamento de verano de este curso. Se trat de un fin de semana de intenso trabajo de programaci\u00f3n que tambi\u00e9n posibilita la convivencia y compartir fraterno entre los catequistas. Seguro que, como siempre, el campamento de verano es&hellip;","og_url":"https:\/\/www.itakaescolapios.org\/ca\/2014\/03\/programacion-del-campamento-de-verano-del-movimiento-calasanz\/","og_site_name":"Itaka-Escolapios","article_published_time":"2014-03-09T10:51:49+00:00","article_modified_time":"2023-11-28T11:39:05+00:00","og_image":[{"width":320,"height":240,"url":"https:\/\/www.itakaescolapios.org\/wp-content\/uploads\/2014\/03\/image.jpg","type":"image\/jpeg"}],"author":"zaragoza01","twitter_card":"summary_large_image","twitter_misc":{"Escrit per":"zaragoza01"},"schema":{"@context":"https:\/\/schema.org","@graph":[{"@type":"Article","@id":"https:\/\/www.itakaescolapios.org\/ca\/2014\/03\/programacion-del-campamento-de-verano-del-movimiento-calasanz\/#article","isPartOf":{"@id":"https:\/\/www.itakaescolapios.org\/ca\/2014\/03\/programacion-del-campamento-de-verano-del-movimiento-calasanz\/"},"author":{"name":"zaragoza01","@id":"https:\/\/www.itakaescolapios.org\/es\/#\/schema\/person\/d6727e20f4750225e480c33522d69028"},"headline":"Programaci\u00f3n del campamento de verano del Movimiento Calasanz","datePublished":"2014-03-09T10:51:49+00:00","dateModified":"2023-11-28T11:39:05+00:00","mainEntityOfPage":{"@id":"https:\/\/www.itakaescolapios.org\/ca\/2014\/03\/programacion-del-campamento-de-verano-del-movimiento-calasanz\/"},"wordCount":69,"publisher":{"@id":"https:\/\/www.itakaescolapios.org\/es\/#organization"},"image":{"@id":"https:\/\/www.itakaescolapios.org\/ca\/2014\/03\/programacion-del-campamento-de-verano-del-movimiento-calasanz\/#primaryimage"},"thumbnailUrl":"https:\/\/www.itakaescolapios.org\/wp-content\/uploads\/2014\/03\/image.jpg","keywords":["animadores","campamento","catequistas","Movimiento Calasanz","programaci\u00f3n","Zaragoza"],"articleSection":["Zaragoza"],"inLanguage":"ca"},{"@type":"WebPage","@id":"https:\/\/www.itakaescolapios.org\/ca\/2014\/03\/programacion-del-campamento-de-verano-del-movimiento-calasanz\/","url":"https:\/\/www.itakaescolapios.org\/ca\/2014\/03\/programacion-del-campamento-de-verano-del-movimiento-calasanz\/","name":"Programaci\u00f3n del campamento de verano del Movimiento Calasanz - Itaka-Escolapios","isPartOf":{"@id":"https:\/\/www.itakaescolapios.org\/es\/#website"},"primaryImageOfPage":{"@id":"https:\/\/www.itakaescolapios.org\/ca\/2014\/03\/programacion-del-campamento-de-verano-del-movimiento-calasanz\/#primaryimage"},"image":{"@id":"https:\/\/www.itakaescolapios.org\/ca\/2014\/03\/programacion-del-campamento-de-verano-del-movimiento-calasanz\/#primaryimage"},"thumbnailUrl":"https:\/\/www.itakaescolapios.org\/wp-content\/uploads\/2014\/03\/image.jpg","datePublished":"2014-03-09T10:51:49+00:00","dateModified":"2023-11-28T11:39:05+00:00","breadcrumb":{"@id":"https:\/\/www.itakaescolapios.org\/ca\/2014\/03\/programacion-del-campamento-de-verano-del-movimiento-calasanz\/#breadcrumb"},"inLanguage":"ca","potentialAction":[{"@type":"ReadAction","target":["https:\/\/www.itakaescolapios.org\/ca\/2014\/03\/programacion-del-campamento-de-verano-del-movimiento-calasanz\/"]}]},{"@type":"ImageObject","inLanguage":"ca","@id":"https:\/\/www.itakaescolapios.org\/ca\/2014\/03\/programacion-del-campamento-de-verano-del-movimiento-calasanz\/#primaryimage","url":"https:\/\/www.itakaescolapios.org\/wp-content\/uploads\/2014\/03\/image.jpg","contentUrl":"https:\/\/www.itakaescolapios.org\/wp-content\/uploads\/2014\/03\/image.jpg","width":320,"height":240},{"@type":"BreadcrumbList","@id":"https:\/\/www.itakaescolapios.org\/ca\/2014\/03\/programacion-del-campamento-de-verano-del-movimiento-calasanz\/#breadcrumb","itemListElement":[{"@type":"ListItem","position":1,"name":"Itaka-Escolapios","item":"https:\/\/www.itakaescolapios.org\/es\/"},{"@type":"ListItem","position":2,"name":"Programaci\u00f3n del campamento de verano del Movimiento Calasanz"}]},{"@type":"WebSite","@id":"https:\/\/www.itakaescolapios.org\/ca\/es\/#website","url":"https:\/\/www.itakaescolapios.org\/ca\/es\/","name":"Itaka-Escolapios","description":"Red de Itaka-Escolapios","publisher":{"@id":"https:\/\/www.itakaescolapios.org\/ca\/es\/#organization"},"potentialAction":[{"@type":"SearchAction","target":{"@type":"EntryPoint","urlTemplate":"https:\/\/www.itakaescolapios.org\/ca\/es\/?s={search_term_string}"},"query-input":{"@type":"PropertyValueSpecification","valueRequired":true,"valueName":"search_term_string"}}],"inLanguage":"ca"},{"@type":"Organization","@id":"https:\/\/www.itakaescolapios.org\/ca\/es\/#organization","name":"Fundaci\u00f3 Itaka-Escolapios","url":"https:\/\/www.itakaescolapios.org\/ca\/es\/","logo":{"@type":"ImageObject","inLanguage":"ca","@id":"https:\/\/www.itakaescolapios.org\/ca\/es\/#\/schema\/logo\/image\/","url":"https:\/\/www.itakaescolapios.org\/wp-content\/uploads\/2024\/04\/Logo-itakaescolapios-peque.png","contentUrl":"https:\/\/www.itakaescolapios.org\/wp-content\/uploads\/2024\/04\/Logo-itakaescolapios-peque.png","width":500,"height":199,"caption":"Fundaci\u00f3 Itaka-Escolapios"},"image":{"@id":"https:\/\/www.itakaescolapios.org\/ca\/es\/#\/schema\/logo\/image\/"}},{"@type":"Person","@id":"https:\/\/www.itakaescolapios.org\/es\/#\/schema\/person\/d6727e20f4750225e480c33522d69028","name":"zaragoza01","url":"https:\/\/www.itakaescolapios.org\/ca\/author\/zaragoza01\/"}]}},"_links":{"self":[{"href":"https:\/\/www.itakaescolapios.org\/ca\/wp-json\/wp\/v2\/posts\/8968","targetHints":{"allow":["GET"]}}],"collection":[{"href":"https:\/\/www.itakaescolapios.org\/ca\/wp-json\/wp\/v2\/posts"}],"about":[{"href":"https:\/\/www.itakaescolapios.org\/ca\/wp-json\/wp\/v2\/types\/post"}],"author":[{"embeddable":true,"href":"https:\/\/www.itakaescolapios.org\/ca\/wp-json\/wp\/v2\/users\/43"}],"replies":[{"embeddable":true,"href":"https:\/\/www.itakaescolapios.org\/ca\/wp-json\/wp\/v2\/comments?post=8968"}],"version-history":[{"count":3,"href":"https:\/\/www.itakaescolapios.org\/ca\/wp-json\/wp\/v2\/posts\/8968\/revisions"}],"predecessor-version":[{"id":49118,"href":"https:\/\/www.itakaescolapios.org\/ca\/wp-json\/wp\/v2\/posts\/8968\/revisions\/49118"}],"wp:featuredmedia":[{"embeddable":true,"href":"https:\/\/www.itakaescolapios.org\/ca\/wp-json\/wp\/v2\/media\/8969"}],"wp:attachment":[{"href":"https:\/\/www.itakaescolapios.org\/ca\/wp-json\/wp\/v2\/media?parent=8968"}],"wp:term":[{"taxonomy":"category","embeddable":true,"href":"https:\/\/www.itakaescolapios.org\/ca\/wp-json\/wp\/v2\/categories?post=8968"},{"taxonomy":"post_tag","embeddable":true,"href":"https:\/\/www.itakaescolapios.org\/ca\/wp-json\/wp\/v2\/tags?post=8968"}],"curies":[{"name":"wp","href":"https:\/\/api.w.org\/{rel}","templated":true}]}}