{"id":12667,"date":"2015-05-11T21:02:44","date_gmt":"2015-05-11T20:02:44","guid":{"rendered":"https:\/\/www.itakaescolapios.org\/?p=12667"},"modified":"2023-11-28T12:38:41","modified_gmt":"2023-11-28T11:38:41","slug":"inauguracion-centro-cultural-calasanz-la-lucha","status":"publish","type":"post","link":"https:\/\/www.itakaescolapios.org\/en\/2015\/05\/inauguracion-centro-cultural-calasanz-la-lucha\/","title":{"rendered":"Inauguraci\u00f3n Centro Cultural Calasanz La Lucha."},"content":{"rendered":"<p>Este s\u00e1bado 09 de mayo fue inaugurado el Centro Cultural Calasanz del barrio la Lucha, gracias al apoyo econ\u00f3mico del Ayuntamiento de Leioa \u00a0que hizo posible la construcci\u00f3n del sal\u00f3n de usos m\u00faltiples. Ser\u00e1n muchos los beneficiarios desde ni\u00f1os a adultos que hacen vida en esta comunidad de la Lucha, Carora. Una ma\u00f1ana Llena de Alegr\u00eda y con el acompa\u00f1amiento del Provincial de Centro Am\u00e9rica y Caribe. <a href=\"https:\/\/www.itakaescolapios.org\/wp-content\/uploads\/2015\/05\/10404207_10206271464403483_8766586685758769486_n.jpg\"><img decoding=\"async\" class=\"alignleft size-medium wp-image-12668\" alt=\"10404207_10206271464403483_8766586685758769486_n\" src=\"https:\/\/www.itakaescolapios.org\/wp-content\/uploads\/2015\/05\/10404207_10206271464403483_8766586685758769486_n-300x180.jpg\" width=\"300\" height=\"180\" srcset=\"https:\/\/www.itakaescolapios.org\/wp-content\/uploads\/2015\/05\/10404207_10206271464403483_8766586685758769486_n-300x180.jpg 300w, https:\/\/www.itakaescolapios.org\/wp-content\/uploads\/2015\/05\/10404207_10206271464403483_8766586685758769486_n-250x150.jpg 250w, https:\/\/www.itakaescolapios.org\/wp-content\/uploads\/2015\/05\/10404207_10206271464403483_8766586685758769486_n.jpg 960w\" sizes=\"(max-width: 300px) 100vw, 300px\" \/><\/a> <a href=\"https:\/\/www.itakaescolapios.org\/wp-content\/uploads\/2015\/05\/11063783_10206271388041574_9186058555907892989_n.jpg\"><img decoding=\"async\" class=\"alignleft size-medium wp-image-12669\" alt=\"11063783_10206271388041574_9186058555907892989_n\" src=\"https:\/\/www.itakaescolapios.org\/wp-content\/uploads\/2015\/05\/11063783_10206271388041574_9186058555907892989_n-300x180.jpg\" width=\"300\" height=\"180\" srcset=\"https:\/\/www.itakaescolapios.org\/wp-content\/uploads\/2015\/05\/11063783_10206271388041574_9186058555907892989_n-300x180.jpg 300w, https:\/\/www.itakaescolapios.org\/wp-content\/uploads\/2015\/05\/11063783_10206271388041574_9186058555907892989_n-250x150.jpg 250w, https:\/\/www.itakaescolapios.org\/wp-content\/uploads\/2015\/05\/11063783_10206271388041574_9186058555907892989_n.jpg 960w\" sizes=\"(max-width: 300px) 100vw, 300px\" \/><\/a> <a href=\"https:\/\/www.itakaescolapios.org\/wp-content\/uploads\/2015\/05\/11159505_10206271424722491_1115161039063786933_n.jpg\"><img decoding=\"async\" class=\"alignleft size-medium wp-image-12670\" alt=\"11159505_10206271424722491_1115161039063786933_n\" src=\"https:\/\/www.itakaescolapios.org\/wp-content\/uploads\/2015\/05\/11159505_10206271424722491_1115161039063786933_n-300x180.jpg\" width=\"300\" height=\"180\" srcset=\"https:\/\/www.itakaescolapios.org\/wp-content\/uploads\/2015\/05\/11159505_10206271424722491_1115161039063786933_n-300x180.jpg 300w, https:\/\/www.itakaescolapios.org\/wp-content\/uploads\/2015\/05\/11159505_10206271424722491_1115161039063786933_n-250x150.jpg 250w, https:\/\/www.itakaescolapios.org\/wp-content\/uploads\/2015\/05\/11159505_10206271424722491_1115161039063786933_n.jpg 960w\" sizes=\"(max-width: 300px) 100vw, 300px\" \/><\/a> <a href=\"https:\/\/www.itakaescolapios.org\/wp-content\/uploads\/2015\/05\/11233502_10206271447643064_6901819992319365075_n.jpg\"><img decoding=\"async\" class=\"alignleft size-medium wp-image-12671\" alt=\"11233502_10206271447643064_6901819992319365075_n\" src=\"https:\/\/www.itakaescolapios.org\/wp-content\/uploads\/2015\/05\/11233502_10206271447643064_6901819992319365075_n-300x180.jpg\" width=\"300\" height=\"180\" srcset=\"https:\/\/www.itakaescolapios.org\/wp-content\/uploads\/2015\/05\/11233502_10206271447643064_6901819992319365075_n-300x180.jpg 300w, https:\/\/www.itakaescolapios.org\/wp-content\/uploads\/2015\/05\/11233502_10206271447643064_6901819992319365075_n-250x150.jpg 250w, https:\/\/www.itakaescolapios.org\/wp-content\/uploads\/2015\/05\/11233502_10206271447643064_6901819992319365075_n.jpg 960w\" sizes=\"(max-width: 300px) 100vw, 300px\" \/><\/a><strong><code><!--more--><\/code><\/strong><\/p>\n","protected":false},"excerpt":{"rendered":"<p>Este s\u00e1bado 09 de mayo fue inaugurado el Centro Cultural Calasanz del barrio la Lucha, gracias al apoyo econ\u00f3mico del Ayuntamiento de Leioa \u00a0que hizo posible la construcci\u00f3n del sal\u00f3n [&hellip;]<\/p>\n","protected":false},"author":19,"featured_media":12672,"comment_status":"closed","ping_status":"closed","sticky":false,"template":"","format":"standard","meta":{"_et_pb_use_builder":"","_et_pb_old_content":"","_et_gb_content_width":"","footnotes":""},"categories":[27,36,224],"tags":[420,419,428],"class_list":["post-12667","post","type-post","status-publish","format-standard","has-post-thumbnail","hentry","category-barquisimeto","category-carora","category-venezuela","tag-carora","tag-itaka-escolapios","tag-venezuela"],"yoast_head":"<!-- This site is optimized with the Yoast SEO plugin v27.4 - https:\/\/yoast.com\/product\/yoast-seo-wordpress\/ -->\n<title>Inauguraci\u00f3n Centro Cultural Calasanz La Lucha.<\/title>\n<meta name=\"description\" content=\"Este s\u00e1bado 09 de mayo fue inaugurado el Centro Cultural Calasanz del barrio la Lucha, gracias al apoyo econ\u00f3mico del Ayuntamiento de Leioa \u00a0que hizo posible la construcci\u00f3n del sal\u00f3n de usos m\u00faltiples. Ser\u00e1n muchos los beneficiarios desde ni\u00f1os a adultos que hacen vida en esta comunidad de la Lucha, Carora. Una ma\u00f1ana Llena de&hellip;\" \/>\n<meta name=\"robots\" content=\"index, follow, max-snippet:-1, max-image-preview:large, max-video-preview:-1\" \/>\n<link rel=\"canonical\" href=\"http:\/\/Este%20s\u00e1bado%2009%20de%20mayo%20fue%20inaugurado%20el%20Centro%20Cultural%20Calasanz%20del%20barrio%20la%20Lucha,%20gracias%20al%20apoyo%20econ\u00f3mico%20del%20Ayuntamiento%20de%20Leioa%20\u00a0que%20hizo%20posible%20la%20construcci\u00f3n%20del%20sal\u00f3n%20de%20usos%20m\u00faltiples.%20Ser\u00e1n%20muchos%20los%20beneficiarios%20desde%20ni\u00f1os%20a%20adultos%20que%20hacen%20vida%20en%20esta%20comunidad%20de%20la%20Lucha,%20Carora.%20Una%20ma\u00f1ana%20Llena%20de&hellip;\" \/>\n<meta property=\"og:locale\" content=\"en_US\" \/>\n<meta property=\"og:type\" content=\"article\" \/>\n<meta property=\"og:title\" content=\"Inauguraci\u00f3n Centro Cultural Calasanz La Lucha.\" \/>\n<meta property=\"og:description\" content=\"Este s\u00e1bado 09 de mayo fue inaugurado el Centro Cultural Calasanz del barrio la Lucha, gracias al apoyo econ\u00f3mico del Ayuntamiento de Leioa \u00a0que hizo posible la construcci\u00f3n del sal\u00f3n de usos m\u00faltiples. Ser\u00e1n muchos los beneficiarios desde ni\u00f1os a adultos que hacen vida en esta comunidad de la Lucha, Carora. Una ma\u00f1ana Llena de&hellip;\" \/>\n<meta property=\"og:url\" content=\"https:\/\/www.itakaescolapios.org\/en\/2015\/05\/inauguracion-centro-cultural-calasanz-la-lucha\/\" \/>\n<meta property=\"og:site_name\" content=\"Proofs in Itaka-Escolapios\" \/>\n<meta property=\"article:published_time\" content=\"2015-05-11T20:02:44+00:00\" \/>\n<meta property=\"article:modified_time\" content=\"2023-11-28T11:38:41+00:00\" \/>\n<meta property=\"og:image\" content=\"https:\/\/www.itakaescolapios.org\/wp-content\/uploads\/2015\/05\/11255210_10206271462403433_1546102793471974228_n.jpg\" \/>\n\t<meta property=\"og:image:width\" content=\"960\" \/>\n\t<meta property=\"og:image:height\" content=\"576\" \/>\n\t<meta property=\"og:image:type\" content=\"image\/jpeg\" \/>\n<meta name=\"author\" content=\"venezuela01\" \/>\n<meta name=\"twitter:card\" content=\"summary_large_image\" \/>\n<meta name=\"twitter:label1\" content=\"Written by\" \/>\n\t<meta name=\"twitter:data1\" content=\"venezuela01\" \/>\n<script type=\"application\/ld+json\" class=\"yoast-schema-graph\">{\"@context\":\"https:\\\/\\\/schema.org\",\"@graph\":[{\"@type\":\"Article\",\"@id\":\"https:\\\/\\\/www.itakaescolapios.org\\\/en\\\/2015\\\/05\\\/inauguracion-centro-cultural-calasanz-la-lucha\\\/#article\",\"isPartOf\":{\"@id\":\"https:\\\/\\\/www.itakaescolapios.org\\\/en\\\/2015\\\/05\\\/inauguracion-centro-cultural-calasanz-la-lucha\\\/\"},\"author\":{\"name\":\"venezuela01\",\"@id\":\"https:\\\/\\\/www.itakaescolapios.org\\\/es\\\/#\\\/schema\\\/person\\\/192f10fbeab836416deaf01ea8aad84d\"},\"headline\":\"Inauguraci\u00f3n Centro Cultural Calasanz La Lucha.\",\"datePublished\":\"2015-05-11T20:02:44+00:00\",\"dateModified\":\"2023-11-28T11:38:41+00:00\",\"mainEntityOfPage\":{\"@id\":\"https:\\\/\\\/www.itakaescolapios.org\\\/en\\\/2015\\\/05\\\/inauguracion-centro-cultural-calasanz-la-lucha\\\/\"},\"wordCount\":84,\"publisher\":{\"@id\":\"https:\\\/\\\/www.itakaescolapios.org\\\/es\\\/#organization\"},\"image\":{\"@id\":\"https:\\\/\\\/www.itakaescolapios.org\\\/en\\\/2015\\\/05\\\/inauguracion-centro-cultural-calasanz-la-lucha\\\/#primaryimage\"},\"thumbnailUrl\":\"https:\\\/\\\/www.itakaescolapios.org\\\/wp-content\\\/uploads\\\/2015\\\/05\\\/11255210_10206271462403433_1546102793471974228_n.jpg\",\"keywords\":[\"Carora\",\"Itaka Escolapios\",\"Venezuela\"],\"articleSection\":[\"Barquisimeto\",\"Carora\",\"Venezuela\"],\"inLanguage\":\"en-US\"},{\"@type\":\"WebPage\",\"@id\":\"https:\\\/\\\/www.itakaescolapios.org\\\/en\\\/2015\\\/05\\\/inauguracion-centro-cultural-calasanz-la-lucha\\\/\",\"url\":\"https:\\\/\\\/www.itakaescolapios.org\\\/en\\\/2015\\\/05\\\/inauguracion-centro-cultural-calasanz-la-lucha\\\/\",\"name\":\"Inauguraci\u00f3n Centro Cultural Calasanz La Lucha. - Proofs in Itaka-Escolapios\",\"isPartOf\":{\"@id\":\"https:\\\/\\\/www.itakaescolapios.org\\\/es\\\/#website\"},\"primaryImageOfPage\":{\"@id\":\"https:\\\/\\\/www.itakaescolapios.org\\\/en\\\/2015\\\/05\\\/inauguracion-centro-cultural-calasanz-la-lucha\\\/#primaryimage\"},\"image\":{\"@id\":\"https:\\\/\\\/www.itakaescolapios.org\\\/en\\\/2015\\\/05\\\/inauguracion-centro-cultural-calasanz-la-lucha\\\/#primaryimage\"},\"thumbnailUrl\":\"https:\\\/\\\/www.itakaescolapios.org\\\/wp-content\\\/uploads\\\/2015\\\/05\\\/11255210_10206271462403433_1546102793471974228_n.jpg\",\"datePublished\":\"2015-05-11T20:02:44+00:00\",\"dateModified\":\"2023-11-28T11:38:41+00:00\",\"breadcrumb\":{\"@id\":\"https:\\\/\\\/www.itakaescolapios.org\\\/en\\\/2015\\\/05\\\/inauguracion-centro-cultural-calasanz-la-lucha\\\/#breadcrumb\"},\"inLanguage\":\"en-US\",\"potentialAction\":[{\"@type\":\"ReadAction\",\"target\":[\"https:\\\/\\\/www.itakaescolapios.org\\\/en\\\/2015\\\/05\\\/inauguracion-centro-cultural-calasanz-la-lucha\\\/\"]}]},{\"@type\":\"ImageObject\",\"inLanguage\":\"en-US\",\"@id\":\"https:\\\/\\\/www.itakaescolapios.org\\\/en\\\/2015\\\/05\\\/inauguracion-centro-cultural-calasanz-la-lucha\\\/#primaryimage\",\"url\":\"https:\\\/\\\/www.itakaescolapios.org\\\/wp-content\\\/uploads\\\/2015\\\/05\\\/11255210_10206271462403433_1546102793471974228_n.jpg\",\"contentUrl\":\"https:\\\/\\\/www.itakaescolapios.org\\\/wp-content\\\/uploads\\\/2015\\\/05\\\/11255210_10206271462403433_1546102793471974228_n.jpg\",\"width\":960,\"height\":576},{\"@type\":\"BreadcrumbList\",\"@id\":\"https:\\\/\\\/www.itakaescolapios.org\\\/en\\\/2015\\\/05\\\/inauguracion-centro-cultural-calasanz-la-lucha\\\/#breadcrumb\",\"itemListElement\":[{\"@type\":\"ListItem\",\"position\":1,\"name\":\"Proof\",\"item\":\"https:\\\/\\\/www.itakaescolapios.org\\\/es\\\/\"},{\"@type\":\"ListItem\",\"position\":2,\"name\":\"Inauguraci\u00f3n Centro Cultural Calasanz La Lucha.\"}]},{\"@type\":\"WebSite\",\"@id\":\"https:\\\/\\\/www.itakaescolapios.org\\\/en\\\/es\\\/#website\",\"url\":\"https:\\\/\\\/www.itakaescolapios.org\\\/en\\\/es\\\/\",\"name\":\"Itaka-Escolapios\",\"description\":\"Red de Itaka-Escolapios\",\"publisher\":{\"@id\":\"https:\\\/\\\/www.itakaescolapios.org\\\/en\\\/es\\\/#organization\"},\"potentialAction\":[{\"@type\":\"SearchAction\",\"target\":{\"@type\":\"EntryPoint\",\"urlTemplate\":\"https:\\\/\\\/www.itakaescolapios.org\\\/en\\\/es\\\/?s={search_term_string}\"},\"query-input\":{\"@type\":\"PropertyValueSpecification\",\"valueRequired\":true,\"valueName\":\"search_term_string\"}}],\"inLanguage\":\"en-US\"},{\"@type\":\"Organization\",\"@id\":\"https:\\\/\\\/www.itakaescolapios.org\\\/en\\\/es\\\/#organization\",\"name\":\"Fundaci\u00f3 Itaka-Escolapios\",\"url\":\"https:\\\/\\\/www.itakaescolapios.org\\\/en\\\/es\\\/\",\"logo\":{\"@type\":\"ImageObject\",\"inLanguage\":\"en-US\",\"@id\":\"https:\\\/\\\/www.itakaescolapios.org\\\/en\\\/es\\\/#\\\/schema\\\/logo\\\/image\\\/\",\"url\":\"https:\\\/\\\/www.itakaescolapios.org\\\/wp-content\\\/uploads\\\/2024\\\/04\\\/Logo-itakaescolapios-peque.png\",\"contentUrl\":\"https:\\\/\\\/www.itakaescolapios.org\\\/wp-content\\\/uploads\\\/2024\\\/04\\\/Logo-itakaescolapios-peque.png\",\"width\":500,\"height\":199,\"caption\":\"Fundaci\u00f3 Itaka-Escolapios\"},\"image\":{\"@id\":\"https:\\\/\\\/www.itakaescolapios.org\\\/en\\\/es\\\/#\\\/schema\\\/logo\\\/image\\\/\"}},{\"@type\":\"Person\",\"@id\":\"https:\\\/\\\/www.itakaescolapios.org\\\/es\\\/#\\\/schema\\\/person\\\/192f10fbeab836416deaf01ea8aad84d\",\"name\":\"venezuela01\",\"url\":\"https:\\\/\\\/www.itakaescolapios.org\\\/en\\\/author\\\/venezuela01\\\/\"}]}<\/script>\n<!-- \/ Yoast SEO plugin. -->","yoast_head_json":{"title":"Inauguraci\u00f3n Centro Cultural Calasanz La Lucha.","description":"Este s\u00e1bado 09 de mayo fue inaugurado el Centro Cultural Calasanz del barrio la Lucha, gracias al apoyo econ\u00f3mico del Ayuntamiento de Leioa \u00a0que hizo posible la construcci\u00f3n del sal\u00f3n de usos m\u00faltiples. Ser\u00e1n muchos los beneficiarios desde ni\u00f1os a adultos que hacen vida en esta comunidad de la Lucha, Carora. Una ma\u00f1ana Llena de&hellip;","robots":{"index":"index","follow":"follow","max-snippet":"max-snippet:-1","max-image-preview":"max-image-preview:large","max-video-preview":"max-video-preview:-1"},"canonical":"Este s\u00e1bado 09 de mayo fue inaugurado el Centro Cultural Calasanz del barrio la Lucha, gracias al apoyo econ\u00f3mico del Ayuntamiento de Leioa \u00a0que hizo posible la construcci\u00f3n del sal\u00f3n de usos m\u00faltiples. Ser\u00e1n muchos los beneficiarios desde ni\u00f1os a adultos que hacen vida en esta comunidad de la Lucha, Carora. Una ma\u00f1ana Llena de&hellip;","og_locale":"en_US","og_type":"article","og_title":"Inauguraci\u00f3n Centro Cultural Calasanz La Lucha.","og_description":"Este s\u00e1bado 09 de mayo fue inaugurado el Centro Cultural Calasanz del barrio la Lucha, gracias al apoyo econ\u00f3mico del Ayuntamiento de Leioa \u00a0que hizo posible la construcci\u00f3n del sal\u00f3n de usos m\u00faltiples. Ser\u00e1n muchos los beneficiarios desde ni\u00f1os a adultos que hacen vida en esta comunidad de la Lucha, Carora. Una ma\u00f1ana Llena de&hellip;","og_url":"https:\/\/www.itakaescolapios.org\/en\/2015\/05\/inauguracion-centro-cultural-calasanz-la-lucha\/","og_site_name":"Proofs in Itaka-Escolapios","article_published_time":"2015-05-11T20:02:44+00:00","article_modified_time":"2023-11-28T11:38:41+00:00","og_image":[{"width":960,"height":576,"url":"https:\/\/www.itakaescolapios.org\/wp-content\/uploads\/2015\/05\/11255210_10206271462403433_1546102793471974228_n.jpg","type":"image\/jpeg"}],"author":"venezuela01","twitter_card":"summary_large_image","twitter_misc":{"Written by":"venezuela01"},"schema":{"@context":"https:\/\/schema.org","@graph":[{"@type":"Article","@id":"https:\/\/www.itakaescolapios.org\/en\/2015\/05\/inauguracion-centro-cultural-calasanz-la-lucha\/#article","isPartOf":{"@id":"https:\/\/www.itakaescolapios.org\/en\/2015\/05\/inauguracion-centro-cultural-calasanz-la-lucha\/"},"author":{"name":"venezuela01","@id":"https:\/\/www.itakaescolapios.org\/es\/#\/schema\/person\/192f10fbeab836416deaf01ea8aad84d"},"headline":"Inauguraci\u00f3n Centro Cultural Calasanz La Lucha.","datePublished":"2015-05-11T20:02:44+00:00","dateModified":"2023-11-28T11:38:41+00:00","mainEntityOfPage":{"@id":"https:\/\/www.itakaescolapios.org\/en\/2015\/05\/inauguracion-centro-cultural-calasanz-la-lucha\/"},"wordCount":84,"publisher":{"@id":"https:\/\/www.itakaescolapios.org\/es\/#organization"},"image":{"@id":"https:\/\/www.itakaescolapios.org\/en\/2015\/05\/inauguracion-centro-cultural-calasanz-la-lucha\/#primaryimage"},"thumbnailUrl":"https:\/\/www.itakaescolapios.org\/wp-content\/uploads\/2015\/05\/11255210_10206271462403433_1546102793471974228_n.jpg","keywords":["Carora","Itaka Escolapios","Venezuela"],"articleSection":["Barquisimeto","Carora","Venezuela"],"inLanguage":"en-US"},{"@type":"WebPage","@id":"https:\/\/www.itakaescolapios.org\/en\/2015\/05\/inauguracion-centro-cultural-calasanz-la-lucha\/","url":"https:\/\/www.itakaescolapios.org\/en\/2015\/05\/inauguracion-centro-cultural-calasanz-la-lucha\/","name":"Inauguraci\u00f3n Centro Cultural Calasanz La Lucha. - Proofs in Itaka-Escolapios","isPartOf":{"@id":"https:\/\/www.itakaescolapios.org\/es\/#website"},"primaryImageOfPage":{"@id":"https:\/\/www.itakaescolapios.org\/en\/2015\/05\/inauguracion-centro-cultural-calasanz-la-lucha\/#primaryimage"},"image":{"@id":"https:\/\/www.itakaescolapios.org\/en\/2015\/05\/inauguracion-centro-cultural-calasanz-la-lucha\/#primaryimage"},"thumbnailUrl":"https:\/\/www.itakaescolapios.org\/wp-content\/uploads\/2015\/05\/11255210_10206271462403433_1546102793471974228_n.jpg","datePublished":"2015-05-11T20:02:44+00:00","dateModified":"2023-11-28T11:38:41+00:00","breadcrumb":{"@id":"https:\/\/www.itakaescolapios.org\/en\/2015\/05\/inauguracion-centro-cultural-calasanz-la-lucha\/#breadcrumb"},"inLanguage":"en-US","potentialAction":[{"@type":"ReadAction","target":["https:\/\/www.itakaescolapios.org\/en\/2015\/05\/inauguracion-centro-cultural-calasanz-la-lucha\/"]}]},{"@type":"ImageObject","inLanguage":"en-US","@id":"https:\/\/www.itakaescolapios.org\/en\/2015\/05\/inauguracion-centro-cultural-calasanz-la-lucha\/#primaryimage","url":"https:\/\/www.itakaescolapios.org\/wp-content\/uploads\/2015\/05\/11255210_10206271462403433_1546102793471974228_n.jpg","contentUrl":"https:\/\/www.itakaescolapios.org\/wp-content\/uploads\/2015\/05\/11255210_10206271462403433_1546102793471974228_n.jpg","width":960,"height":576},{"@type":"BreadcrumbList","@id":"https:\/\/www.itakaescolapios.org\/en\/2015\/05\/inauguracion-centro-cultural-calasanz-la-lucha\/#breadcrumb","itemListElement":[{"@type":"ListItem","position":1,"name":"Proof","item":"https:\/\/www.itakaescolapios.org\/es\/"},{"@type":"ListItem","position":2,"name":"Inauguraci\u00f3n Centro Cultural Calasanz La Lucha."}]},{"@type":"WebSite","@id":"https:\/\/www.itakaescolapios.org\/en\/es\/#website","url":"https:\/\/www.itakaescolapios.org\/en\/es\/","name":"Itaka-Escolapios","description":"Red de Itaka-Escolapios","publisher":{"@id":"https:\/\/www.itakaescolapios.org\/en\/es\/#organization"},"potentialAction":[{"@type":"SearchAction","target":{"@type":"EntryPoint","urlTemplate":"https:\/\/www.itakaescolapios.org\/en\/es\/?s={search_term_string}"},"query-input":{"@type":"PropertyValueSpecification","valueRequired":true,"valueName":"search_term_string"}}],"inLanguage":"en-US"},{"@type":"Organization","@id":"https:\/\/www.itakaescolapios.org\/en\/es\/#organization","name":"Fundaci\u00f3 Itaka-Escolapios","url":"https:\/\/www.itakaescolapios.org\/en\/es\/","logo":{"@type":"ImageObject","inLanguage":"en-US","@id":"https:\/\/www.itakaescolapios.org\/en\/es\/#\/schema\/logo\/image\/","url":"https:\/\/www.itakaescolapios.org\/wp-content\/uploads\/2024\/04\/Logo-itakaescolapios-peque.png","contentUrl":"https:\/\/www.itakaescolapios.org\/wp-content\/uploads\/2024\/04\/Logo-itakaescolapios-peque.png","width":500,"height":199,"caption":"Fundaci\u00f3 Itaka-Escolapios"},"image":{"@id":"https:\/\/www.itakaescolapios.org\/en\/es\/#\/schema\/logo\/image\/"}},{"@type":"Person","@id":"https:\/\/www.itakaescolapios.org\/es\/#\/schema\/person\/192f10fbeab836416deaf01ea8aad84d","name":"venezuela01","url":"https:\/\/www.itakaescolapios.org\/en\/author\/venezuela01\/"}]}},"_links":{"self":[{"href":"https:\/\/www.itakaescolapios.org\/en\/wp-json\/wp\/v2\/posts\/12667","targetHints":{"allow":["GET"]}}],"collection":[{"href":"https:\/\/www.itakaescolapios.org\/en\/wp-json\/wp\/v2\/posts"}],"about":[{"href":"https:\/\/www.itakaescolapios.org\/en\/wp-json\/wp\/v2\/types\/post"}],"author":[{"embeddable":true,"href":"https:\/\/www.itakaescolapios.org\/en\/wp-json\/wp\/v2\/users\/19"}],"replies":[{"embeddable":true,"href":"https:\/\/www.itakaescolapios.org\/en\/wp-json\/wp\/v2\/comments?post=12667"}],"version-history":[{"count":3,"href":"https:\/\/www.itakaescolapios.org\/en\/wp-json\/wp\/v2\/posts\/12667\/revisions"}],"predecessor-version":[{"id":12675,"href":"https:\/\/www.itakaescolapios.org\/en\/wp-json\/wp\/v2\/posts\/12667\/revisions\/12675"}],"wp:featuredmedia":[{"embeddable":true,"href":"https:\/\/www.itakaescolapios.org\/en\/wp-json\/wp\/v2\/media\/12672"}],"wp:attachment":[{"href":"https:\/\/www.itakaescolapios.org\/en\/wp-json\/wp\/v2\/media?parent=12667"}],"wp:term":[{"taxonomy":"category","embeddable":true,"href":"https:\/\/www.itakaescolapios.org\/en\/wp-json\/wp\/v2\/categories?post=12667"},{"taxonomy":"post_tag","embeddable":true,"href":"https:\/\/www.itakaescolapios.org\/en\/wp-json\/wp\/v2\/tags?post=12667"}],"curies":[{"name":"wp","href":"https:\/\/api.w.org\/{rel}","templated":true}]}}