{"id":12999,"date":"2015-08-02T07:32:01","date_gmt":"2015-08-02T06:32:01","guid":{"rendered":"https:\/\/www.itakaescolapios.org\/?p=12999"},"modified":"2023-11-28T12:38:38","modified_gmt":"2023-11-28T11:38:38","slug":"campamentos-de-verano-sede-zaragoza","status":"publish","type":"post","link":"https:\/\/www.itakaescolapios.org\/en\/2015\/08\/campamentos-de-verano-sede-zaragoza\/","title":{"rendered":"Campamentos de Verano sede Zaragoza"},"content":{"rendered":"<p>Ya han terminado los campamentos de verano del Movimiento Calasanz de Zaragoza. Una aut\u00e9ntica experiencia para los chicos y chicas que han participado. Talleres, campos de trabajo, campamentos volantes, oraci\u00f3n, excursiones y traves\u00edas, din\u00e1micas, &#8230; una infinidad de actividades que han tenido como eje mejorar la vida de los grupos ofreciendo experiencias de comunidad.<\/p>\n<p>Los chicos y chicas de Chino Chano estuvieron varios d\u00edas en Arator\u00e9s. Del mismo modo, los chicos y chicas de Grupos Calasanz han pasado cerca de dos semanas en Ribera.<\/p>\n<p>&nbsp;<\/p>\n","protected":false},"excerpt":{"rendered":"<p>Ya han terminado los campamentos de verano del Movimiento Calasanz de Zaragoza. Una aut\u00e9ntica experiencia para los chicos y chicas que han participado. Talleres, campos de trabajo, campamentos volantes, oraci\u00f3n, [&hellip;]<\/p>\n","protected":false},"author":43,"featured_media":13000,"comment_status":"closed","ping_status":"closed","sticky":false,"template":"","format":"standard","meta":{"_et_pb_use_builder":"","_et_pb_old_content":"","_et_gb_content_width":"","footnotes":""},"categories":[25],"tags":[134,69,95,416],"class_list":["post-12999","post","type-post","status-publish","format-standard","has-post-thumbnail","hentry","category-zaragoza","tag-campamentos","tag-movimiento-calasanz","tag-sede-zaragoza","tag-zaragoza"],"yoast_head":"<!-- This site is optimized with the Yoast SEO plugin v27.4 - https:\/\/yoast.com\/product\/yoast-seo-wordpress\/ -->\n<title>Campamentos de Verano sede Zaragoza<\/title>\n<meta name=\"description\" content=\"Ya han terminado los campamentos de verano del Movimiento Calasanz de Zaragoza. Una aut\u00e9ntica experiencia para los chicos y chicas que han participado. Talleres, campos de trabajo, campamentos volantes, oraci\u00f3n, excursiones y traves\u00edas, din\u00e1micas, ... una infinidad de actividades que han tenido como eje mejorar la vida de los grupos ofreciendo experiencias de comunidad. Los&hellip;\" \/>\n<meta name=\"robots\" content=\"index, follow, max-snippet:-1, max-image-preview:large, max-video-preview:-1\" \/>\n<link rel=\"canonical\" href=\"http:\/\/Ya%20han%20terminado%20los%20campamentos%20de%20verano%20del%20Movimiento%20Calasanz%20de%20Zaragoza.%20Una%20aut\u00e9ntica%20experiencia%20para%20los%20chicos%20y%20chicas%20que%20han%20participado.%20Talleres,%20campos%20de%20trabajo,%20campamentos%20volantes,%20oraci\u00f3n,%20excursiones%20y%20traves\u00edas,%20din\u00e1micas,%20...%20una%20infinidad%20de%20actividades%20que%20han%20tenido%20como%20eje%20mejorar%20la%20vida%20de%20los%20grupos%20ofreciendo%20experiencias%20de%20comunidad.%20Los&hellip;\" \/>\n<meta property=\"og:locale\" content=\"en_US\" \/>\n<meta property=\"og:type\" content=\"article\" \/>\n<meta property=\"og:title\" content=\"Campamentos de Verano sede Zaragoza\" \/>\n<meta property=\"og:description\" content=\"Ya han terminado los campamentos de verano del Movimiento Calasanz de Zaragoza. Una aut\u00e9ntica experiencia para los chicos y chicas que han participado. Talleres, campos de trabajo, campamentos volantes, oraci\u00f3n, excursiones y traves\u00edas, din\u00e1micas, ... una infinidad de actividades que han tenido como eje mejorar la vida de los grupos ofreciendo experiencias de comunidad. Los&hellip;\" \/>\n<meta property=\"og:url\" content=\"https:\/\/www.itakaescolapios.org\/en\/2015\/08\/campamentos-de-verano-sede-zaragoza\/\" \/>\n<meta property=\"og:site_name\" content=\"Proofs in Itaka-Escolapios\" \/>\n<meta property=\"article:published_time\" content=\"2015-08-02T06:32:01+00:00\" \/>\n<meta property=\"article:modified_time\" content=\"2023-11-28T11:38:38+00:00\" \/>\n<meta property=\"og:image\" content=\"https:\/\/www.itakaescolapios.org\/wp-content\/uploads\/2015\/08\/11745529_10153574229666122_8061012183272283243_n.jpg\" \/>\n\t<meta property=\"og:image:width\" content=\"960\" \/>\n\t<meta property=\"og:image:height\" content=\"540\" \/>\n\t<meta property=\"og:image:type\" content=\"image\/jpeg\" \/>\n<meta name=\"author\" content=\"zaragoza01\" \/>\n<meta name=\"twitter:card\" content=\"summary_large_image\" \/>\n<meta name=\"twitter:label1\" content=\"Written by\" \/>\n\t<meta name=\"twitter:data1\" content=\"zaragoza01\" \/>\n<script type=\"application\/ld+json\" class=\"yoast-schema-graph\">{\"@context\":\"https:\\\/\\\/schema.org\",\"@graph\":[{\"@type\":\"Article\",\"@id\":\"https:\\\/\\\/www.itakaescolapios.org\\\/en\\\/2015\\\/08\\\/campamentos-de-verano-sede-zaragoza\\\/#article\",\"isPartOf\":{\"@id\":\"https:\\\/\\\/www.itakaescolapios.org\\\/en\\\/2015\\\/08\\\/campamentos-de-verano-sede-zaragoza\\\/\"},\"author\":{\"name\":\"zaragoza01\",\"@id\":\"https:\\\/\\\/www.itakaescolapios.org\\\/es\\\/#\\\/schema\\\/person\\\/d6727e20f4750225e480c33522d69028\"},\"headline\":\"Campamentos de Verano sede Zaragoza\",\"datePublished\":\"2015-08-02T06:32:01+00:00\",\"dateModified\":\"2023-11-28T11:38:38+00:00\",\"mainEntityOfPage\":{\"@id\":\"https:\\\/\\\/www.itakaescolapios.org\\\/en\\\/2015\\\/08\\\/campamentos-de-verano-sede-zaragoza\\\/\"},\"wordCount\":95,\"publisher\":{\"@id\":\"https:\\\/\\\/www.itakaescolapios.org\\\/es\\\/#organization\"},\"image\":{\"@id\":\"https:\\\/\\\/www.itakaescolapios.org\\\/en\\\/2015\\\/08\\\/campamentos-de-verano-sede-zaragoza\\\/#primaryimage\"},\"thumbnailUrl\":\"https:\\\/\\\/www.itakaescolapios.org\\\/wp-content\\\/uploads\\\/2015\\\/08\\\/11745529_10153574229666122_8061012183272283243_n.jpg\",\"keywords\":[\"campamentos\",\"Movimiento Calasanz\",\"sede zaragoza\",\"Zaragoza\"],\"articleSection\":[\"Zaragoza\"],\"inLanguage\":\"en-US\"},{\"@type\":\"WebPage\",\"@id\":\"https:\\\/\\\/www.itakaescolapios.org\\\/en\\\/2015\\\/08\\\/campamentos-de-verano-sede-zaragoza\\\/\",\"url\":\"https:\\\/\\\/www.itakaescolapios.org\\\/en\\\/2015\\\/08\\\/campamentos-de-verano-sede-zaragoza\\\/\",\"name\":\"Campamentos de Verano sede Zaragoza - Proofs in Itaka-Escolapios\",\"isPartOf\":{\"@id\":\"https:\\\/\\\/www.itakaescolapios.org\\\/es\\\/#website\"},\"primaryImageOfPage\":{\"@id\":\"https:\\\/\\\/www.itakaescolapios.org\\\/en\\\/2015\\\/08\\\/campamentos-de-verano-sede-zaragoza\\\/#primaryimage\"},\"image\":{\"@id\":\"https:\\\/\\\/www.itakaescolapios.org\\\/en\\\/2015\\\/08\\\/campamentos-de-verano-sede-zaragoza\\\/#primaryimage\"},\"thumbnailUrl\":\"https:\\\/\\\/www.itakaescolapios.org\\\/wp-content\\\/uploads\\\/2015\\\/08\\\/11745529_10153574229666122_8061012183272283243_n.jpg\",\"datePublished\":\"2015-08-02T06:32:01+00:00\",\"dateModified\":\"2023-11-28T11:38:38+00:00\",\"breadcrumb\":{\"@id\":\"https:\\\/\\\/www.itakaescolapios.org\\\/en\\\/2015\\\/08\\\/campamentos-de-verano-sede-zaragoza\\\/#breadcrumb\"},\"inLanguage\":\"en-US\",\"potentialAction\":[{\"@type\":\"ReadAction\",\"target\":[\"https:\\\/\\\/www.itakaescolapios.org\\\/en\\\/2015\\\/08\\\/campamentos-de-verano-sede-zaragoza\\\/\"]}]},{\"@type\":\"ImageObject\",\"inLanguage\":\"en-US\",\"@id\":\"https:\\\/\\\/www.itakaescolapios.org\\\/en\\\/2015\\\/08\\\/campamentos-de-verano-sede-zaragoza\\\/#primaryimage\",\"url\":\"https:\\\/\\\/www.itakaescolapios.org\\\/wp-content\\\/uploads\\\/2015\\\/08\\\/11745529_10153574229666122_8061012183272283243_n.jpg\",\"contentUrl\":\"https:\\\/\\\/www.itakaescolapios.org\\\/wp-content\\\/uploads\\\/2015\\\/08\\\/11745529_10153574229666122_8061012183272283243_n.jpg\",\"width\":960,\"height\":540},{\"@type\":\"BreadcrumbList\",\"@id\":\"https:\\\/\\\/www.itakaescolapios.org\\\/en\\\/2015\\\/08\\\/campamentos-de-verano-sede-zaragoza\\\/#breadcrumb\",\"itemListElement\":[{\"@type\":\"ListItem\",\"position\":1,\"name\":\"Proof\",\"item\":\"https:\\\/\\\/www.itakaescolapios.org\\\/es\\\/\"},{\"@type\":\"ListItem\",\"position\":2,\"name\":\"Campamentos de Verano sede Zaragoza\"}]},{\"@type\":\"WebSite\",\"@id\":\"https:\\\/\\\/www.itakaescolapios.org\\\/en\\\/es\\\/#website\",\"url\":\"https:\\\/\\\/www.itakaescolapios.org\\\/en\\\/es\\\/\",\"name\":\"Itaka-Escolapios\",\"description\":\"Red de Itaka-Escolapios\",\"publisher\":{\"@id\":\"https:\\\/\\\/www.itakaescolapios.org\\\/en\\\/es\\\/#organization\"},\"potentialAction\":[{\"@type\":\"SearchAction\",\"target\":{\"@type\":\"EntryPoint\",\"urlTemplate\":\"https:\\\/\\\/www.itakaescolapios.org\\\/en\\\/es\\\/?s={search_term_string}\"},\"query-input\":{\"@type\":\"PropertyValueSpecification\",\"valueRequired\":true,\"valueName\":\"search_term_string\"}}],\"inLanguage\":\"en-US\"},{\"@type\":\"Organization\",\"@id\":\"https:\\\/\\\/www.itakaescolapios.org\\\/en\\\/es\\\/#organization\",\"name\":\"Fundaci\u00f3 Itaka-Escolapios\",\"url\":\"https:\\\/\\\/www.itakaescolapios.org\\\/en\\\/es\\\/\",\"logo\":{\"@type\":\"ImageObject\",\"inLanguage\":\"en-US\",\"@id\":\"https:\\\/\\\/www.itakaescolapios.org\\\/en\\\/es\\\/#\\\/schema\\\/logo\\\/image\\\/\",\"url\":\"https:\\\/\\\/www.itakaescolapios.org\\\/wp-content\\\/uploads\\\/2024\\\/04\\\/Logo-itakaescolapios-peque.png\",\"contentUrl\":\"https:\\\/\\\/www.itakaescolapios.org\\\/wp-content\\\/uploads\\\/2024\\\/04\\\/Logo-itakaescolapios-peque.png\",\"width\":500,\"height\":199,\"caption\":\"Fundaci\u00f3 Itaka-Escolapios\"},\"image\":{\"@id\":\"https:\\\/\\\/www.itakaescolapios.org\\\/en\\\/es\\\/#\\\/schema\\\/logo\\\/image\\\/\"}},{\"@type\":\"Person\",\"@id\":\"https:\\\/\\\/www.itakaescolapios.org\\\/es\\\/#\\\/schema\\\/person\\\/d6727e20f4750225e480c33522d69028\",\"name\":\"zaragoza01\",\"url\":\"https:\\\/\\\/www.itakaescolapios.org\\\/en\\\/author\\\/zaragoza01\\\/\"}]}<\/script>\n<!-- \/ Yoast SEO plugin. -->","yoast_head_json":{"title":"Campamentos de Verano sede Zaragoza","description":"Ya han terminado los campamentos de verano del Movimiento Calasanz de Zaragoza. Una aut\u00e9ntica experiencia para los chicos y chicas que han participado. Talleres, campos de trabajo, campamentos volantes, oraci\u00f3n, excursiones y traves\u00edas, din\u00e1micas, ... una infinidad de actividades que han tenido como eje mejorar la vida de los grupos ofreciendo experiencias de comunidad. Los&hellip;","robots":{"index":"index","follow":"follow","max-snippet":"max-snippet:-1","max-image-preview":"max-image-preview:large","max-video-preview":"max-video-preview:-1"},"canonical":"Ya han terminado los campamentos de verano del Movimiento Calasanz de Zaragoza. Una aut\u00e9ntica experiencia para los chicos y chicas que han participado. Talleres, campos de trabajo, campamentos volantes, oraci\u00f3n, excursiones y traves\u00edas, din\u00e1micas, ... una infinidad de actividades que han tenido como eje mejorar la vida de los grupos ofreciendo experiencias de comunidad. Los&hellip;","og_locale":"en_US","og_type":"article","og_title":"Campamentos de Verano sede Zaragoza","og_description":"Ya han terminado los campamentos de verano del Movimiento Calasanz de Zaragoza. Una aut\u00e9ntica experiencia para los chicos y chicas que han participado. Talleres, campos de trabajo, campamentos volantes, oraci\u00f3n, excursiones y traves\u00edas, din\u00e1micas, ... una infinidad de actividades que han tenido como eje mejorar la vida de los grupos ofreciendo experiencias de comunidad. Los&hellip;","og_url":"https:\/\/www.itakaescolapios.org\/en\/2015\/08\/campamentos-de-verano-sede-zaragoza\/","og_site_name":"Proofs in Itaka-Escolapios","article_published_time":"2015-08-02T06:32:01+00:00","article_modified_time":"2023-11-28T11:38:38+00:00","og_image":[{"width":960,"height":540,"url":"https:\/\/www.itakaescolapios.org\/wp-content\/uploads\/2015\/08\/11745529_10153574229666122_8061012183272283243_n.jpg","type":"image\/jpeg"}],"author":"zaragoza01","twitter_card":"summary_large_image","twitter_misc":{"Written by":"zaragoza01"},"schema":{"@context":"https:\/\/schema.org","@graph":[{"@type":"Article","@id":"https:\/\/www.itakaescolapios.org\/en\/2015\/08\/campamentos-de-verano-sede-zaragoza\/#article","isPartOf":{"@id":"https:\/\/www.itakaescolapios.org\/en\/2015\/08\/campamentos-de-verano-sede-zaragoza\/"},"author":{"name":"zaragoza01","@id":"https:\/\/www.itakaescolapios.org\/es\/#\/schema\/person\/d6727e20f4750225e480c33522d69028"},"headline":"Campamentos de Verano sede Zaragoza","datePublished":"2015-08-02T06:32:01+00:00","dateModified":"2023-11-28T11:38:38+00:00","mainEntityOfPage":{"@id":"https:\/\/www.itakaescolapios.org\/en\/2015\/08\/campamentos-de-verano-sede-zaragoza\/"},"wordCount":95,"publisher":{"@id":"https:\/\/www.itakaescolapios.org\/es\/#organization"},"image":{"@id":"https:\/\/www.itakaescolapios.org\/en\/2015\/08\/campamentos-de-verano-sede-zaragoza\/#primaryimage"},"thumbnailUrl":"https:\/\/www.itakaescolapios.org\/wp-content\/uploads\/2015\/08\/11745529_10153574229666122_8061012183272283243_n.jpg","keywords":["campamentos","Movimiento Calasanz","sede zaragoza","Zaragoza"],"articleSection":["Zaragoza"],"inLanguage":"en-US"},{"@type":"WebPage","@id":"https:\/\/www.itakaescolapios.org\/en\/2015\/08\/campamentos-de-verano-sede-zaragoza\/","url":"https:\/\/www.itakaescolapios.org\/en\/2015\/08\/campamentos-de-verano-sede-zaragoza\/","name":"Campamentos de Verano sede Zaragoza - Proofs in Itaka-Escolapios","isPartOf":{"@id":"https:\/\/www.itakaescolapios.org\/es\/#website"},"primaryImageOfPage":{"@id":"https:\/\/www.itakaescolapios.org\/en\/2015\/08\/campamentos-de-verano-sede-zaragoza\/#primaryimage"},"image":{"@id":"https:\/\/www.itakaescolapios.org\/en\/2015\/08\/campamentos-de-verano-sede-zaragoza\/#primaryimage"},"thumbnailUrl":"https:\/\/www.itakaescolapios.org\/wp-content\/uploads\/2015\/08\/11745529_10153574229666122_8061012183272283243_n.jpg","datePublished":"2015-08-02T06:32:01+00:00","dateModified":"2023-11-28T11:38:38+00:00","breadcrumb":{"@id":"https:\/\/www.itakaescolapios.org\/en\/2015\/08\/campamentos-de-verano-sede-zaragoza\/#breadcrumb"},"inLanguage":"en-US","potentialAction":[{"@type":"ReadAction","target":["https:\/\/www.itakaescolapios.org\/en\/2015\/08\/campamentos-de-verano-sede-zaragoza\/"]}]},{"@type":"ImageObject","inLanguage":"en-US","@id":"https:\/\/www.itakaescolapios.org\/en\/2015\/08\/campamentos-de-verano-sede-zaragoza\/#primaryimage","url":"https:\/\/www.itakaescolapios.org\/wp-content\/uploads\/2015\/08\/11745529_10153574229666122_8061012183272283243_n.jpg","contentUrl":"https:\/\/www.itakaescolapios.org\/wp-content\/uploads\/2015\/08\/11745529_10153574229666122_8061012183272283243_n.jpg","width":960,"height":540},{"@type":"BreadcrumbList","@id":"https:\/\/www.itakaescolapios.org\/en\/2015\/08\/campamentos-de-verano-sede-zaragoza\/#breadcrumb","itemListElement":[{"@type":"ListItem","position":1,"name":"Proof","item":"https:\/\/www.itakaescolapios.org\/es\/"},{"@type":"ListItem","position":2,"name":"Campamentos de Verano sede Zaragoza"}]},{"@type":"WebSite","@id":"https:\/\/www.itakaescolapios.org\/en\/es\/#website","url":"https:\/\/www.itakaescolapios.org\/en\/es\/","name":"Itaka-Escolapios","description":"Red de Itaka-Escolapios","publisher":{"@id":"https:\/\/www.itakaescolapios.org\/en\/es\/#organization"},"potentialAction":[{"@type":"SearchAction","target":{"@type":"EntryPoint","urlTemplate":"https:\/\/www.itakaescolapios.org\/en\/es\/?s={search_term_string}"},"query-input":{"@type":"PropertyValueSpecification","valueRequired":true,"valueName":"search_term_string"}}],"inLanguage":"en-US"},{"@type":"Organization","@id":"https:\/\/www.itakaescolapios.org\/en\/es\/#organization","name":"Fundaci\u00f3 Itaka-Escolapios","url":"https:\/\/www.itakaescolapios.org\/en\/es\/","logo":{"@type":"ImageObject","inLanguage":"en-US","@id":"https:\/\/www.itakaescolapios.org\/en\/es\/#\/schema\/logo\/image\/","url":"https:\/\/www.itakaescolapios.org\/wp-content\/uploads\/2024\/04\/Logo-itakaescolapios-peque.png","contentUrl":"https:\/\/www.itakaescolapios.org\/wp-content\/uploads\/2024\/04\/Logo-itakaescolapios-peque.png","width":500,"height":199,"caption":"Fundaci\u00f3 Itaka-Escolapios"},"image":{"@id":"https:\/\/www.itakaescolapios.org\/en\/es\/#\/schema\/logo\/image\/"}},{"@type":"Person","@id":"https:\/\/www.itakaescolapios.org\/es\/#\/schema\/person\/d6727e20f4750225e480c33522d69028","name":"zaragoza01","url":"https:\/\/www.itakaescolapios.org\/en\/author\/zaragoza01\/"}]}},"_links":{"self":[{"href":"https:\/\/www.itakaescolapios.org\/en\/wp-json\/wp\/v2\/posts\/12999","targetHints":{"allow":["GET"]}}],"collection":[{"href":"https:\/\/www.itakaescolapios.org\/en\/wp-json\/wp\/v2\/posts"}],"about":[{"href":"https:\/\/www.itakaescolapios.org\/en\/wp-json\/wp\/v2\/types\/post"}],"author":[{"embeddable":true,"href":"https:\/\/www.itakaescolapios.org\/en\/wp-json\/wp\/v2\/users\/43"}],"replies":[{"embeddable":true,"href":"https:\/\/www.itakaescolapios.org\/en\/wp-json\/wp\/v2\/comments?post=12999"}],"version-history":[{"count":1,"href":"https:\/\/www.itakaescolapios.org\/en\/wp-json\/wp\/v2\/posts\/12999\/revisions"}],"predecessor-version":[{"id":13001,"href":"https:\/\/www.itakaescolapios.org\/en\/wp-json\/wp\/v2\/posts\/12999\/revisions\/13001"}],"wp:featuredmedia":[{"embeddable":true,"href":"https:\/\/www.itakaescolapios.org\/en\/wp-json\/wp\/v2\/media\/13000"}],"wp:attachment":[{"href":"https:\/\/www.itakaescolapios.org\/en\/wp-json\/wp\/v2\/media?parent=12999"}],"wp:term":[{"taxonomy":"category","embeddable":true,"href":"https:\/\/www.itakaescolapios.org\/en\/wp-json\/wp\/v2\/categories?post=12999"},{"taxonomy":"post_tag","embeddable":true,"href":"https:\/\/www.itakaescolapios.org\/en\/wp-json\/wp\/v2\/tags?post=12999"}],"curies":[{"name":"wp","href":"https:\/\/api.w.org\/{rel}","templated":true}]}}