{"id":15809,"date":"2016-05-27T11:44:28","date_gmt":"2016-05-27T10:44:28","guid":{"rendered":"https:\/\/www.itakaescolapios.org\/?p=15809"},"modified":"2023-11-28T12:38:25","modified_gmt":"2023-11-28T11:38:25","slug":"fiesta-de-final-de-curso-en-el-trastevere-de-valencia","status":"publish","type":"post","link":"https:\/\/www.itakaescolapios.org\/en\/2016\/05\/fiesta-de-final-de-curso-en-el-trastevere-de-valencia\/","title":{"rendered":"FIESTA DE FINAL DE CURSO EN EL TRAST\u00c9VERE DE VALENCIA"},"content":{"rendered":"<p style=\"text-align: justify\">El pasado mi\u00e9rcoles realizamos la fiesta final del proyecto Trast\u00e9vere, tanto en el Real Colegio de las Escuelas P\u00edas como en el colegio Escuelas P\u00edas Malvarrosa.<\/p>\n<p style=\"text-align: justify\">Fue una tarde l\u00fadica que pudimos compartir todos los que formamos parte del proyecto: alumnos\/as, voluntarios\/as, profesorado, familias&#8230; Los ni\u00f1os y ni\u00f1as del proyecto pusieron todo su talento en el concurso GOT TALENT ITAKA. Bailaron, cantaron, contaron chistes, recitaron poes\u00eda&#8230;\u00a0Una gran tarde para disfrutar y poner el colof\u00f3n final a un curso en el que juntos hemos ido aprendiendo y desarrollando las capacidades de cada uno.<\/p>\n<p style=\"text-align: justify\">Gracias a todos aquellos que particip\u00e1is en el Proyecto Trast\u00e9vere. En breve nos volvemos a ver en nuestro Campamento Urbano. \u00a1\u00a1Hasta Pronto!!<\/p>\n<p style=\"text-align: justify\"><a href=\"https:\/\/www.itakaescolapios.org\/wp-content\/uploads\/2016\/05\/WhatsApp-Image-20160527-1.jpg\"><img decoding=\"async\" class=\"size-medium wp-image-15811 aligncenter\" alt=\"WhatsApp-Image-20160527 (1)\" src=\"https:\/\/www.itakaescolapios.org\/wp-content\/uploads\/2016\/05\/WhatsApp-Image-20160527-1-300x225.jpg\" width=\"300\" height=\"225\" srcset=\"https:\/\/www.itakaescolapios.org\/wp-content\/uploads\/2016\/05\/WhatsApp-Image-20160527-1-300x225.jpg 300w, https:\/\/www.itakaescolapios.org\/wp-content\/uploads\/2016\/05\/WhatsApp-Image-20160527-1-1024x768.jpg 1024w, https:\/\/www.itakaescolapios.org\/wp-content\/uploads\/2016\/05\/WhatsApp-Image-20160527-1-250x187.jpg 250w, https:\/\/www.itakaescolapios.org\/wp-content\/uploads\/2016\/05\/WhatsApp-Image-20160527-1.jpg 1600w\" sizes=\"(max-width: 300px) 100vw, 300px\" \/><\/a><\/p>\n","protected":false},"excerpt":{"rendered":"<p>El pasado mi\u00e9rcoles realizamos la fiesta final del proyecto Trast\u00e9vere, tanto en el Real Colegio de las Escuelas P\u00edas como en el colegio Escuelas P\u00edas Malvarrosa. Fue una tarde l\u00fadica [&hellip;]<\/p>\n","protected":false},"author":39,"featured_media":15810,"comment_status":"closed","ping_status":"closed","sticky":false,"template":"","format":"standard","meta":{"_et_pb_use_builder":"","_et_pb_old_content":"","_et_gb_content_width":"","footnotes":""},"categories":[12],"tags":[225,171],"class_list":["post-15809","post","type-post","status-publish","format-standard","has-post-thumbnail","hentry","category-valencia","tag-fin-de-curso","tag-proyecto-trastevere"],"yoast_head":"<!-- This site is optimized with the Yoast SEO plugin v27.4 - https:\/\/yoast.com\/product\/yoast-seo-wordpress\/ -->\n<title>FIESTA DE FINAL DE CURSO EN EL TRAST\u00c9VERE DE VALENCIA<\/title>\n<meta name=\"description\" content=\"El pasado mi\u00e9rcoles realizamos la fiesta final del proyecto Trast\u00e9vere, tanto en el Real Colegio de las Escuelas P\u00edas como en el colegio Escuelas P\u00edas Malvarrosa. Fue una tarde l\u00fadica que pudimos compartir todos los que formamos parte del proyecto: alumnos\/as, voluntarios\/as, profesorado, familias... Los ni\u00f1os y ni\u00f1as del proyecto pusieron todo su talento en&hellip;\" \/>\n<meta name=\"robots\" content=\"index, follow, max-snippet:-1, max-image-preview:large, max-video-preview:-1\" \/>\n<link rel=\"canonical\" href=\"\" \/>\n<meta property=\"og:locale\" content=\"en_US\" \/>\n<meta property=\"og:type\" content=\"article\" \/>\n<meta property=\"og:title\" content=\"FIESTA DE FINAL DE CURSO EN EL TRAST\u00c9VERE DE VALENCIA\" \/>\n<meta property=\"og:description\" content=\"El pasado mi\u00e9rcoles realizamos la fiesta final del proyecto Trast\u00e9vere, tanto en el Real Colegio de las Escuelas P\u00edas como en el colegio Escuelas P\u00edas Malvarrosa. Fue una tarde l\u00fadica que pudimos compartir todos los que formamos parte del proyecto: alumnos\/as, voluntarios\/as, profesorado, familias... Los ni\u00f1os y ni\u00f1as del proyecto pusieron todo su talento en&hellip;\" \/>\n<meta property=\"og:url\" content=\"https:\/\/www.itakaescolapios.org\/en\/2016\/05\/fiesta-de-final-de-curso-en-el-trastevere-de-valencia\/\" \/>\n<meta property=\"og:site_name\" content=\"Proofs in Itaka-Escolapios\" \/>\n<meta property=\"article:published_time\" content=\"2016-05-27T10:44:28+00:00\" \/>\n<meta property=\"article:modified_time\" content=\"2023-11-28T11:38:25+00:00\" \/>\n<meta property=\"og:image\" content=\"https:\/\/www.itakaescolapios.org\/wp-content\/uploads\/2016\/05\/WhatsApp-Image-20160527-2.jpg\" \/>\n\t<meta property=\"og:image:width\" content=\"1125\" \/>\n\t<meta property=\"og:image:height\" content=\"1500\" \/>\n\t<meta property=\"og:image:type\" content=\"image\/jpeg\" \/>\n<meta name=\"author\" content=\"valencia01\" \/>\n<meta name=\"twitter:card\" content=\"summary_large_image\" \/>\n<meta name=\"twitter:label1\" content=\"Written by\" \/>\n\t<meta name=\"twitter:data1\" content=\"valencia01\" \/>\n\t<meta name=\"twitter:label2\" content=\"Est. reading time\" \/>\n\t<meta name=\"twitter:data2\" content=\"1 minute\" \/>\n<script type=\"application\/ld+json\" class=\"yoast-schema-graph\">{\"@context\":\"https:\\\/\\\/schema.org\",\"@graph\":[{\"@type\":\"Article\",\"@id\":\"https:\\\/\\\/www.itakaescolapios.org\\\/en\\\/2016\\\/05\\\/fiesta-de-final-de-curso-en-el-trastevere-de-valencia\\\/#article\",\"isPartOf\":{\"@id\":\"https:\\\/\\\/www.itakaescolapios.org\\\/en\\\/2016\\\/05\\\/fiesta-de-final-de-curso-en-el-trastevere-de-valencia\\\/\"},\"author\":{\"name\":\"valencia01\",\"@id\":\"https:\\\/\\\/www.itakaescolapios.org\\\/es\\\/#\\\/schema\\\/person\\\/c232ccaa2b3f2e98db93c1f8dfca96ff\"},\"headline\":\"FIESTA DE FINAL DE CURSO EN EL TRAST\u00c9VERE DE VALENCIA\",\"datePublished\":\"2016-05-27T10:44:28+00:00\",\"dateModified\":\"2023-11-28T11:38:25+00:00\",\"mainEntityOfPage\":{\"@id\":\"https:\\\/\\\/www.itakaescolapios.org\\\/en\\\/2016\\\/05\\\/fiesta-de-final-de-curso-en-el-trastevere-de-valencia\\\/\"},\"wordCount\":139,\"publisher\":{\"@id\":\"https:\\\/\\\/www.itakaescolapios.org\\\/es\\\/#organization\"},\"image\":{\"@id\":\"https:\\\/\\\/www.itakaescolapios.org\\\/en\\\/2016\\\/05\\\/fiesta-de-final-de-curso-en-el-trastevere-de-valencia\\\/#primaryimage\"},\"thumbnailUrl\":\"https:\\\/\\\/www.itakaescolapios.org\\\/wp-content\\\/uploads\\\/2016\\\/05\\\/WhatsApp-Image-20160527-2.jpg\",\"keywords\":[\"fin de curso\",\"Proyecto Trast\u00e9vere\"],\"articleSection\":[\"Valencia\"],\"inLanguage\":\"en-US\"},{\"@type\":\"WebPage\",\"@id\":\"https:\\\/\\\/www.itakaescolapios.org\\\/en\\\/2016\\\/05\\\/fiesta-de-final-de-curso-en-el-trastevere-de-valencia\\\/\",\"url\":\"https:\\\/\\\/www.itakaescolapios.org\\\/en\\\/2016\\\/05\\\/fiesta-de-final-de-curso-en-el-trastevere-de-valencia\\\/\",\"name\":\"FIESTA DE FINAL DE CURSO EN EL TRAST\u00c9VERE DE VALENCIA - Proofs in Itaka-Escolapios\",\"isPartOf\":{\"@id\":\"https:\\\/\\\/www.itakaescolapios.org\\\/es\\\/#website\"},\"primaryImageOfPage\":{\"@id\":\"https:\\\/\\\/www.itakaescolapios.org\\\/en\\\/2016\\\/05\\\/fiesta-de-final-de-curso-en-el-trastevere-de-valencia\\\/#primaryimage\"},\"image\":{\"@id\":\"https:\\\/\\\/www.itakaescolapios.org\\\/en\\\/2016\\\/05\\\/fiesta-de-final-de-curso-en-el-trastevere-de-valencia\\\/#primaryimage\"},\"thumbnailUrl\":\"https:\\\/\\\/www.itakaescolapios.org\\\/wp-content\\\/uploads\\\/2016\\\/05\\\/WhatsApp-Image-20160527-2.jpg\",\"datePublished\":\"2016-05-27T10:44:28+00:00\",\"dateModified\":\"2023-11-28T11:38:25+00:00\",\"breadcrumb\":{\"@id\":\"https:\\\/\\\/www.itakaescolapios.org\\\/en\\\/2016\\\/05\\\/fiesta-de-final-de-curso-en-el-trastevere-de-valencia\\\/#breadcrumb\"},\"inLanguage\":\"en-US\",\"potentialAction\":[{\"@type\":\"ReadAction\",\"target\":[\"https:\\\/\\\/www.itakaescolapios.org\\\/en\\\/2016\\\/05\\\/fiesta-de-final-de-curso-en-el-trastevere-de-valencia\\\/\"]}]},{\"@type\":\"ImageObject\",\"inLanguage\":\"en-US\",\"@id\":\"https:\\\/\\\/www.itakaescolapios.org\\\/en\\\/2016\\\/05\\\/fiesta-de-final-de-curso-en-el-trastevere-de-valencia\\\/#primaryimage\",\"url\":\"https:\\\/\\\/www.itakaescolapios.org\\\/wp-content\\\/uploads\\\/2016\\\/05\\\/WhatsApp-Image-20160527-2.jpg\",\"contentUrl\":\"https:\\\/\\\/www.itakaescolapios.org\\\/wp-content\\\/uploads\\\/2016\\\/05\\\/WhatsApp-Image-20160527-2.jpg\",\"width\":1125,\"height\":1500},{\"@type\":\"BreadcrumbList\",\"@id\":\"https:\\\/\\\/www.itakaescolapios.org\\\/en\\\/2016\\\/05\\\/fiesta-de-final-de-curso-en-el-trastevere-de-valencia\\\/#breadcrumb\",\"itemListElement\":[{\"@type\":\"ListItem\",\"position\":1,\"name\":\"Proof\",\"item\":\"https:\\\/\\\/www.itakaescolapios.org\\\/es\\\/\"},{\"@type\":\"ListItem\",\"position\":2,\"name\":\"FIESTA DE FINAL DE CURSO EN EL TRAST\u00c9VERE DE VALENCIA\"}]},{\"@type\":\"WebSite\",\"@id\":\"https:\\\/\\\/www.itakaescolapios.org\\\/en\\\/es\\\/#website\",\"url\":\"https:\\\/\\\/www.itakaescolapios.org\\\/en\\\/es\\\/\",\"name\":\"Itaka-Escolapios\",\"description\":\"Red de Itaka-Escolapios\",\"publisher\":{\"@id\":\"https:\\\/\\\/www.itakaescolapios.org\\\/en\\\/es\\\/#organization\"},\"potentialAction\":[{\"@type\":\"SearchAction\",\"target\":{\"@type\":\"EntryPoint\",\"urlTemplate\":\"https:\\\/\\\/www.itakaescolapios.org\\\/en\\\/es\\\/?s={search_term_string}\"},\"query-input\":{\"@type\":\"PropertyValueSpecification\",\"valueRequired\":true,\"valueName\":\"search_term_string\"}}],\"inLanguage\":\"en-US\"},{\"@type\":\"Organization\",\"@id\":\"https:\\\/\\\/www.itakaescolapios.org\\\/en\\\/es\\\/#organization\",\"name\":\"Fundaci\u00f3 Itaka-Escolapios\",\"url\":\"https:\\\/\\\/www.itakaescolapios.org\\\/en\\\/es\\\/\",\"logo\":{\"@type\":\"ImageObject\",\"inLanguage\":\"en-US\",\"@id\":\"https:\\\/\\\/www.itakaescolapios.org\\\/en\\\/es\\\/#\\\/schema\\\/logo\\\/image\\\/\",\"url\":\"https:\\\/\\\/www.itakaescolapios.org\\\/wp-content\\\/uploads\\\/2024\\\/04\\\/Logo-itakaescolapios-peque.png\",\"contentUrl\":\"https:\\\/\\\/www.itakaescolapios.org\\\/wp-content\\\/uploads\\\/2024\\\/04\\\/Logo-itakaescolapios-peque.png\",\"width\":500,\"height\":199,\"caption\":\"Fundaci\u00f3 Itaka-Escolapios\"},\"image\":{\"@id\":\"https:\\\/\\\/www.itakaescolapios.org\\\/en\\\/es\\\/#\\\/schema\\\/logo\\\/image\\\/\"}},{\"@type\":\"Person\",\"@id\":\"https:\\\/\\\/www.itakaescolapios.org\\\/es\\\/#\\\/schema\\\/person\\\/c232ccaa2b3f2e98db93c1f8dfca96ff\",\"name\":\"valencia01\",\"url\":\"https:\\\/\\\/www.itakaescolapios.org\\\/en\\\/author\\\/valencia01\\\/\"}]}<\/script>\n<!-- \/ Yoast SEO plugin. -->","yoast_head_json":{"title":"FIESTA DE FINAL DE CURSO EN EL TRAST\u00c9VERE DE VALENCIA","description":"El pasado mi\u00e9rcoles realizamos la fiesta final del proyecto Trast\u00e9vere, tanto en el Real Colegio de las Escuelas P\u00edas como en el colegio Escuelas P\u00edas Malvarrosa. Fue una tarde l\u00fadica que pudimos compartir todos los que formamos parte del proyecto: alumnos\/as, voluntarios\/as, profesorado, familias... Los ni\u00f1os y ni\u00f1as del proyecto pusieron todo su talento en&hellip;","robots":{"index":"index","follow":"follow","max-snippet":"max-snippet:-1","max-image-preview":"max-image-preview:large","max-video-preview":"max-video-preview:-1"},"canonical":"El pasado mi\u00e9rcoles realizamos la fiesta final del proyecto Trast\u00e9vere, tanto en el Real Colegio de las Escuelas P\u00edas como en el colegio Escuelas P\u00edas Malvarrosa. Fue una tarde l\u00fadica que pudimos compartir todos los que formamos parte del proyecto: alumnos\/as, voluntarios\/as, profesorado, familias... Los ni\u00f1os y ni\u00f1as del proyecto pusieron todo su talento en&hellip;","og_locale":"en_US","og_type":"article","og_title":"FIESTA DE FINAL DE CURSO EN EL TRAST\u00c9VERE DE VALENCIA","og_description":"El pasado mi\u00e9rcoles realizamos la fiesta final del proyecto Trast\u00e9vere, tanto en el Real Colegio de las Escuelas P\u00edas como en el colegio Escuelas P\u00edas Malvarrosa. Fue una tarde l\u00fadica que pudimos compartir todos los que formamos parte del proyecto: alumnos\/as, voluntarios\/as, profesorado, familias... Los ni\u00f1os y ni\u00f1as del proyecto pusieron todo su talento en&hellip;","og_url":"https:\/\/www.itakaescolapios.org\/en\/2016\/05\/fiesta-de-final-de-curso-en-el-trastevere-de-valencia\/","og_site_name":"Proofs in Itaka-Escolapios","article_published_time":"2016-05-27T10:44:28+00:00","article_modified_time":"2023-11-28T11:38:25+00:00","og_image":[{"width":1125,"height":1500,"url":"https:\/\/www.itakaescolapios.org\/wp-content\/uploads\/2016\/05\/WhatsApp-Image-20160527-2.jpg","type":"image\/jpeg"}],"author":"valencia01","twitter_card":"summary_large_image","twitter_misc":{"Written by":"valencia01","Est. reading time":"1 minute"},"schema":{"@context":"https:\/\/schema.org","@graph":[{"@type":"Article","@id":"https:\/\/www.itakaescolapios.org\/en\/2016\/05\/fiesta-de-final-de-curso-en-el-trastevere-de-valencia\/#article","isPartOf":{"@id":"https:\/\/www.itakaescolapios.org\/en\/2016\/05\/fiesta-de-final-de-curso-en-el-trastevere-de-valencia\/"},"author":{"name":"valencia01","@id":"https:\/\/www.itakaescolapios.org\/es\/#\/schema\/person\/c232ccaa2b3f2e98db93c1f8dfca96ff"},"headline":"FIESTA DE FINAL DE CURSO EN EL TRAST\u00c9VERE DE VALENCIA","datePublished":"2016-05-27T10:44:28+00:00","dateModified":"2023-11-28T11:38:25+00:00","mainEntityOfPage":{"@id":"https:\/\/www.itakaescolapios.org\/en\/2016\/05\/fiesta-de-final-de-curso-en-el-trastevere-de-valencia\/"},"wordCount":139,"publisher":{"@id":"https:\/\/www.itakaescolapios.org\/es\/#organization"},"image":{"@id":"https:\/\/www.itakaescolapios.org\/en\/2016\/05\/fiesta-de-final-de-curso-en-el-trastevere-de-valencia\/#primaryimage"},"thumbnailUrl":"https:\/\/www.itakaescolapios.org\/wp-content\/uploads\/2016\/05\/WhatsApp-Image-20160527-2.jpg","keywords":["fin de curso","Proyecto Trast\u00e9vere"],"articleSection":["Valencia"],"inLanguage":"en-US"},{"@type":"WebPage","@id":"https:\/\/www.itakaescolapios.org\/en\/2016\/05\/fiesta-de-final-de-curso-en-el-trastevere-de-valencia\/","url":"https:\/\/www.itakaescolapios.org\/en\/2016\/05\/fiesta-de-final-de-curso-en-el-trastevere-de-valencia\/","name":"FIESTA DE FINAL DE CURSO EN EL TRAST\u00c9VERE DE VALENCIA - Proofs in Itaka-Escolapios","isPartOf":{"@id":"https:\/\/www.itakaescolapios.org\/es\/#website"},"primaryImageOfPage":{"@id":"https:\/\/www.itakaescolapios.org\/en\/2016\/05\/fiesta-de-final-de-curso-en-el-trastevere-de-valencia\/#primaryimage"},"image":{"@id":"https:\/\/www.itakaescolapios.org\/en\/2016\/05\/fiesta-de-final-de-curso-en-el-trastevere-de-valencia\/#primaryimage"},"thumbnailUrl":"https:\/\/www.itakaescolapios.org\/wp-content\/uploads\/2016\/05\/WhatsApp-Image-20160527-2.jpg","datePublished":"2016-05-27T10:44:28+00:00","dateModified":"2023-11-28T11:38:25+00:00","breadcrumb":{"@id":"https:\/\/www.itakaescolapios.org\/en\/2016\/05\/fiesta-de-final-de-curso-en-el-trastevere-de-valencia\/#breadcrumb"},"inLanguage":"en-US","potentialAction":[{"@type":"ReadAction","target":["https:\/\/www.itakaescolapios.org\/en\/2016\/05\/fiesta-de-final-de-curso-en-el-trastevere-de-valencia\/"]}]},{"@type":"ImageObject","inLanguage":"en-US","@id":"https:\/\/www.itakaescolapios.org\/en\/2016\/05\/fiesta-de-final-de-curso-en-el-trastevere-de-valencia\/#primaryimage","url":"https:\/\/www.itakaescolapios.org\/wp-content\/uploads\/2016\/05\/WhatsApp-Image-20160527-2.jpg","contentUrl":"https:\/\/www.itakaescolapios.org\/wp-content\/uploads\/2016\/05\/WhatsApp-Image-20160527-2.jpg","width":1125,"height":1500},{"@type":"BreadcrumbList","@id":"https:\/\/www.itakaescolapios.org\/en\/2016\/05\/fiesta-de-final-de-curso-en-el-trastevere-de-valencia\/#breadcrumb","itemListElement":[{"@type":"ListItem","position":1,"name":"Proof","item":"https:\/\/www.itakaescolapios.org\/es\/"},{"@type":"ListItem","position":2,"name":"FIESTA DE FINAL DE CURSO EN EL TRAST\u00c9VERE DE VALENCIA"}]},{"@type":"WebSite","@id":"https:\/\/www.itakaescolapios.org\/en\/es\/#website","url":"https:\/\/www.itakaescolapios.org\/en\/es\/","name":"Itaka-Escolapios","description":"Red de Itaka-Escolapios","publisher":{"@id":"https:\/\/www.itakaescolapios.org\/en\/es\/#organization"},"potentialAction":[{"@type":"SearchAction","target":{"@type":"EntryPoint","urlTemplate":"https:\/\/www.itakaescolapios.org\/en\/es\/?s={search_term_string}"},"query-input":{"@type":"PropertyValueSpecification","valueRequired":true,"valueName":"search_term_string"}}],"inLanguage":"en-US"},{"@type":"Organization","@id":"https:\/\/www.itakaescolapios.org\/en\/es\/#organization","name":"Fundaci\u00f3 Itaka-Escolapios","url":"https:\/\/www.itakaescolapios.org\/en\/es\/","logo":{"@type":"ImageObject","inLanguage":"en-US","@id":"https:\/\/www.itakaescolapios.org\/en\/es\/#\/schema\/logo\/image\/","url":"https:\/\/www.itakaescolapios.org\/wp-content\/uploads\/2024\/04\/Logo-itakaescolapios-peque.png","contentUrl":"https:\/\/www.itakaescolapios.org\/wp-content\/uploads\/2024\/04\/Logo-itakaescolapios-peque.png","width":500,"height":199,"caption":"Fundaci\u00f3 Itaka-Escolapios"},"image":{"@id":"https:\/\/www.itakaescolapios.org\/en\/es\/#\/schema\/logo\/image\/"}},{"@type":"Person","@id":"https:\/\/www.itakaescolapios.org\/es\/#\/schema\/person\/c232ccaa2b3f2e98db93c1f8dfca96ff","name":"valencia01","url":"https:\/\/www.itakaescolapios.org\/en\/author\/valencia01\/"}]}},"_links":{"self":[{"href":"https:\/\/www.itakaescolapios.org\/en\/wp-json\/wp\/v2\/posts\/15809","targetHints":{"allow":["GET"]}}],"collection":[{"href":"https:\/\/www.itakaescolapios.org\/en\/wp-json\/wp\/v2\/posts"}],"about":[{"href":"https:\/\/www.itakaescolapios.org\/en\/wp-json\/wp\/v2\/types\/post"}],"author":[{"embeddable":true,"href":"https:\/\/www.itakaescolapios.org\/en\/wp-json\/wp\/v2\/users\/39"}],"replies":[{"embeddable":true,"href":"https:\/\/www.itakaescolapios.org\/en\/wp-json\/wp\/v2\/comments?post=15809"}],"version-history":[{"count":4,"href":"https:\/\/www.itakaescolapios.org\/en\/wp-json\/wp\/v2\/posts\/15809\/revisions"}],"predecessor-version":[{"id":48303,"href":"https:\/\/www.itakaescolapios.org\/en\/wp-json\/wp\/v2\/posts\/15809\/revisions\/48303"}],"wp:featuredmedia":[{"embeddable":true,"href":"https:\/\/www.itakaescolapios.org\/en\/wp-json\/wp\/v2\/media\/15810"}],"wp:attachment":[{"href":"https:\/\/www.itakaescolapios.org\/en\/wp-json\/wp\/v2\/media?parent=15809"}],"wp:term":[{"taxonomy":"category","embeddable":true,"href":"https:\/\/www.itakaescolapios.org\/en\/wp-json\/wp\/v2\/categories?post=15809"},{"taxonomy":"post_tag","embeddable":true,"href":"https:\/\/www.itakaescolapios.org\/en\/wp-json\/wp\/v2\/tags?post=15809"}],"curies":[{"name":"wp","href":"https:\/\/api.w.org\/{rel}","templated":true}]}}