{"id":16071,"date":"2016-07-25T17:30:07","date_gmt":"2016-07-25T16:30:07","guid":{"rendered":"https:\/\/www.itakaescolapios.org\/?p=16071"},"modified":"2023-11-28T12:38:23","modified_gmt":"2023-11-28T11:38:23","slug":"portugues-oficina-de-karate","status":"publish","type":"post","link":"https:\/\/www.itakaescolapios.org\/en\/2016\/07\/portugues-oficina-de-karate\/","title":{"rendered":""},"content":{"rendered":"<p><!--:pt-->Neste m\u00eas iniciou em nossa institui\u00e7\u00e3o a oficina de Karat\u00e9, promovida pelo volunt\u00e1rio Alencar de Oliveira Dias Junior, para atender a 30 crian\u00e7as e adolescentes dos projetos Jornada Ampliada, Casa Lar e Socializa\u00e7\u00e3o. Todos n\u00f3s sabemos que o esporte traz muitos benef\u00edcios para a sa\u00fade da crian\u00e7a, por\u00e9m o Karat\u00ea beneficia tanto a sa\u00fade f\u00edsica, como tamb\u00e9m influencia no desenvolvimento emocional, mental e intelectual, promovendo o bem estar geral da crian\u00e7a. O Karat\u00ea que al\u00e9m de trazer muitos benef\u00edcios do esporte tamb\u00e9m melhora o comportamento da crian\u00e7a tornando-a mais soci\u00e1vel e amiga, pois ela aprende as no\u00e7\u00f5es de respeito e companheirismo, melhora a concentra\u00e7\u00e3o, o equil\u00edbrio nervoso, desenvolve a flexibilidade e a coordena\u00e7\u00e3o, contribui para que a crian\u00e7a tenha uma postura corporal adequada, desenvolve a autoconfian\u00e7a, o sentimento de seguran\u00e7a, os aspectos motores, cognitivos e afetivos, a coordena\u00e7\u00e3o motora, a lateralidade e a orienta\u00e7\u00e3o de espa\u00e7o temporal e equil\u00edbrio, a disciplina, dando a crian\u00e7a, no\u00e7\u00e3o de limite e compreens\u00e3o de respeito com os outros, desenvolvimento de sentimentos como: amizade, companheirismo e paci\u00eancia, melhora do condicionamento f\u00edsico e, auxilia no crescimento. Al\u00e9m de todos esses benef\u00edcios o karat\u00ea tamb\u00e9m auxilia no tratamento de crian\u00e7as hiperativas, inquietas, agressivas e com falta de limite, pois ele consegue modificar o comportamento.<\/p>\n<p><a href=\"http:\/\/www.facebook.com\/itaka.gv\/posts\/214600792269543?pnref=story\">Veja mais fotos<\/a><!--:--><\/p>\n","protected":false},"excerpt":{"rendered":"<p>Neste m\u00eas iniciou em nossa institui\u00e7\u00e3o a oficina de Karat\u00e9, promovida pelo volunt\u00e1rio Alencar de Oliveira Dias Junior, para atender a 30 crian\u00e7as e adolescentes dos projetos Jornada Ampliada, Casa [&hellip;]<\/p>\n","protected":false},"author":11,"featured_media":16072,"comment_status":"closed","ping_status":"closed","sticky":false,"template":"","format":"standard","meta":{"_et_pb_use_builder":"","_et_pb_old_content":"","_et_gb_content_width":"","footnotes":""},"categories":[16],"tags":[],"class_list":["post-16071","post","type-post","status-publish","format-standard","has-post-thumbnail","hentry","category-governador-valadares"],"yoast_head":"<!-- This site is optimized with the Yoast SEO plugin v27.4 - https:\/\/yoast.com\/product\/yoast-seo-wordpress\/ -->\n<title>- Proofs in Itaka-Escolapios<\/title>\n<meta name=\"description\" content=\"Neste m\u00eas iniciou em nossa institui\u00e7\u00e3o a oficina de Karat\u00e9, promovida pelo volunt\u00e1rio Alencar de Oliveira Dias Junior, para atender a 30 crian\u00e7as e adolescentes dos projetos Jornada Ampliada, Casa Lar e Socializa\u00e7\u00e3o. Todos n\u00f3s sabemos que o esporte traz muitos benef\u00edcios para a sa\u00fade da crian\u00e7a, por\u00e9m o Karat\u00ea beneficia tanto a sa\u00fade f\u00edsica,&hellip;\" \/>\n<meta name=\"robots\" content=\"index, follow, max-snippet:-1, max-image-preview:large, max-video-preview:-1\" \/>\n<link rel=\"canonical\" href=\"http:\/\/Neste%20m\u00eas%20iniciou%20em%20nossa%20institui\u00e7\u00e3o%20a%20oficina%20de%20Karat\u00e9,%20promovida%20pelo%20volunt\u00e1rio%20Alencar%20de%20Oliveira%20Dias%20Junior,%20para%20atender%20a%2030%20crian\u00e7as%20e%20adolescentes%20dos%20projetos%20Jornada%20Ampliada,%20Casa%20Lar%20e%20Socializa\u00e7\u00e3o.%20Todos%20n\u00f3s%20sabemos%20que%20o%20esporte%20traz%20muitos%20benef\u00edcios%20para%20a%20sa\u00fade%20da%20crian\u00e7a,%20por\u00e9m%20o%20Karat\u00ea%20beneficia%20tanto%20a%20sa\u00fade%20f\u00edsica,&hellip;\" \/>\n<meta property=\"og:locale\" content=\"en_US\" \/>\n<meta property=\"og:type\" content=\"article\" \/>\n<meta property=\"og:title\" content=\"- Proofs in Itaka-Escolapios\" \/>\n<meta property=\"og:description\" content=\"Neste m\u00eas iniciou em nossa institui\u00e7\u00e3o a oficina de Karat\u00e9, promovida pelo volunt\u00e1rio Alencar de Oliveira Dias Junior, para atender a 30 crian\u00e7as e adolescentes dos projetos Jornada Ampliada, Casa Lar e Socializa\u00e7\u00e3o. Todos n\u00f3s sabemos que o esporte traz muitos benef\u00edcios para a sa\u00fade da crian\u00e7a, por\u00e9m o Karat\u00ea beneficia tanto a sa\u00fade f\u00edsica,&hellip;\" \/>\n<meta property=\"og:url\" content=\"https:\/\/www.itakaescolapios.org\/en\/2016\/07\/portugues-oficina-de-karate\/\" \/>\n<meta property=\"og:site_name\" content=\"Proofs in Itaka-Escolapios\" \/>\n<meta property=\"article:published_time\" content=\"2016-07-25T16:30:07+00:00\" \/>\n<meta property=\"article:modified_time\" content=\"2023-11-28T11:38:23+00:00\" \/>\n<meta property=\"og:image\" content=\"https:\/\/www.itakaescolapios.org\/wp-content\/uploads\/2016\/07\/IMG_0146.jpg\" \/>\n\t<meta property=\"og:image:width\" content=\"2000\" \/>\n\t<meta property=\"og:image:height\" content=\"1500\" \/>\n\t<meta property=\"og:image:type\" content=\"image\/jpeg\" \/>\n<meta name=\"author\" content=\"brasil03\" \/>\n<meta name=\"twitter:card\" content=\"summary_large_image\" \/>\n<meta name=\"twitter:label1\" content=\"Written by\" \/>\n\t<meta name=\"twitter:data1\" content=\"brasil03\" \/>\n\t<meta name=\"twitter:label2\" content=\"Est. reading time\" \/>\n\t<meta name=\"twitter:data2\" content=\"1 minute\" \/>\n<script type=\"application\/ld+json\" class=\"yoast-schema-graph\">{\"@context\":\"https:\\\/\\\/schema.org\",\"@graph\":[{\"@type\":\"Article\",\"@id\":\"https:\\\/\\\/www.itakaescolapios.org\\\/en\\\/2016\\\/07\\\/portugues-oficina-de-karate\\\/#article\",\"isPartOf\":{\"@id\":\"https:\\\/\\\/www.itakaescolapios.org\\\/en\\\/2016\\\/07\\\/portugues-oficina-de-karate\\\/\"},\"author\":{\"name\":\"brasil03\",\"@id\":\"https:\\\/\\\/www.itakaescolapios.org\\\/es\\\/#\\\/schema\\\/person\\\/9c761c62049293fc36e6c91e429de3d5\"},\"headline\":\"No title\",\"datePublished\":\"2016-07-25T16:30:07+00:00\",\"dateModified\":\"2023-11-28T11:38:23+00:00\",\"mainEntityOfPage\":{\"@id\":\"https:\\\/\\\/www.itakaescolapios.org\\\/en\\\/2016\\\/07\\\/portugues-oficina-de-karate\\\/\"},\"wordCount\":248,\"publisher\":{\"@id\":\"https:\\\/\\\/www.itakaescolapios.org\\\/es\\\/#organization\"},\"image\":{\"@id\":\"https:\\\/\\\/www.itakaescolapios.org\\\/en\\\/2016\\\/07\\\/portugues-oficina-de-karate\\\/#primaryimage\"},\"thumbnailUrl\":\"https:\\\/\\\/www.itakaescolapios.org\\\/wp-content\\\/uploads\\\/2016\\\/07\\\/IMG_0146.jpg\",\"articleSection\":[\"Governador Valadares\"],\"inLanguage\":\"en-US\"},{\"@type\":\"WebPage\",\"@id\":\"https:\\\/\\\/www.itakaescolapios.org\\\/en\\\/2016\\\/07\\\/portugues-oficina-de-karate\\\/\",\"url\":\"https:\\\/\\\/www.itakaescolapios.org\\\/en\\\/2016\\\/07\\\/portugues-oficina-de-karate\\\/\",\"name\":\"- Proofs in Itaka-Escolapios\",\"isPartOf\":{\"@id\":\"https:\\\/\\\/www.itakaescolapios.org\\\/es\\\/#website\"},\"primaryImageOfPage\":{\"@id\":\"https:\\\/\\\/www.itakaescolapios.org\\\/en\\\/2016\\\/07\\\/portugues-oficina-de-karate\\\/#primaryimage\"},\"image\":{\"@id\":\"https:\\\/\\\/www.itakaescolapios.org\\\/en\\\/2016\\\/07\\\/portugues-oficina-de-karate\\\/#primaryimage\"},\"thumbnailUrl\":\"https:\\\/\\\/www.itakaescolapios.org\\\/wp-content\\\/uploads\\\/2016\\\/07\\\/IMG_0146.jpg\",\"datePublished\":\"2016-07-25T16:30:07+00:00\",\"dateModified\":\"2023-11-28T11:38:23+00:00\",\"inLanguage\":\"en-US\",\"potentialAction\":[{\"@type\":\"ReadAction\",\"target\":[\"https:\\\/\\\/www.itakaescolapios.org\\\/en\\\/2016\\\/07\\\/portugues-oficina-de-karate\\\/\"]}]},{\"@type\":\"ImageObject\",\"inLanguage\":\"en-US\",\"@id\":\"https:\\\/\\\/www.itakaescolapios.org\\\/en\\\/2016\\\/07\\\/portugues-oficina-de-karate\\\/#primaryimage\",\"url\":\"https:\\\/\\\/www.itakaescolapios.org\\\/wp-content\\\/uploads\\\/2016\\\/07\\\/IMG_0146.jpg\",\"contentUrl\":\"https:\\\/\\\/www.itakaescolapios.org\\\/wp-content\\\/uploads\\\/2016\\\/07\\\/IMG_0146.jpg\",\"width\":2000,\"height\":1500},{\"@type\":\"WebSite\",\"@id\":\"https:\\\/\\\/www.itakaescolapios.org\\\/en\\\/es\\\/#website\",\"url\":\"https:\\\/\\\/www.itakaescolapios.org\\\/en\\\/es\\\/\",\"name\":\"Itaka-Escolapios\",\"description\":\"Red de Itaka-Escolapios\",\"publisher\":{\"@id\":\"https:\\\/\\\/www.itakaescolapios.org\\\/en\\\/es\\\/#organization\"},\"potentialAction\":[{\"@type\":\"SearchAction\",\"target\":{\"@type\":\"EntryPoint\",\"urlTemplate\":\"https:\\\/\\\/www.itakaescolapios.org\\\/en\\\/es\\\/?s={search_term_string}\"},\"query-input\":{\"@type\":\"PropertyValueSpecification\",\"valueRequired\":true,\"valueName\":\"search_term_string\"}}],\"inLanguage\":\"en-US\"},{\"@type\":\"Organization\",\"@id\":\"https:\\\/\\\/www.itakaescolapios.org\\\/en\\\/es\\\/#organization\",\"name\":\"Fundaci\u00f3 Itaka-Escolapios\",\"url\":\"https:\\\/\\\/www.itakaescolapios.org\\\/en\\\/es\\\/\",\"logo\":{\"@type\":\"ImageObject\",\"inLanguage\":\"en-US\",\"@id\":\"https:\\\/\\\/www.itakaescolapios.org\\\/en\\\/es\\\/#\\\/schema\\\/logo\\\/image\\\/\",\"url\":\"https:\\\/\\\/www.itakaescolapios.org\\\/wp-content\\\/uploads\\\/2024\\\/04\\\/Logo-itakaescolapios-peque.png\",\"contentUrl\":\"https:\\\/\\\/www.itakaescolapios.org\\\/wp-content\\\/uploads\\\/2024\\\/04\\\/Logo-itakaescolapios-peque.png\",\"width\":500,\"height\":199,\"caption\":\"Fundaci\u00f3 Itaka-Escolapios\"},\"image\":{\"@id\":\"https:\\\/\\\/www.itakaescolapios.org\\\/en\\\/es\\\/#\\\/schema\\\/logo\\\/image\\\/\"}},{\"@type\":\"Person\",\"@id\":\"https:\\\/\\\/www.itakaescolapios.org\\\/es\\\/#\\\/schema\\\/person\\\/9c761c62049293fc36e6c91e429de3d5\",\"name\":\"brasil03\",\"url\":\"https:\\\/\\\/www.itakaescolapios.org\\\/en\\\/author\\\/brasil03\\\/\"}]}<\/script>\n<!-- \/ Yoast SEO plugin. -->","yoast_head_json":{"title":"- Proofs in Itaka-Escolapios","description":"Neste m\u00eas iniciou em nossa institui\u00e7\u00e3o a oficina de Karat\u00e9, promovida pelo volunt\u00e1rio Alencar de Oliveira Dias Junior, para atender a 30 crian\u00e7as e adolescentes dos projetos Jornada Ampliada, Casa Lar e Socializa\u00e7\u00e3o. Todos n\u00f3s sabemos que o esporte traz muitos benef\u00edcios para a sa\u00fade da crian\u00e7a, por\u00e9m o Karat\u00ea beneficia tanto a sa\u00fade f\u00edsica,&hellip;","robots":{"index":"index","follow":"follow","max-snippet":"max-snippet:-1","max-image-preview":"max-image-preview:large","max-video-preview":"max-video-preview:-1"},"canonical":"Neste m\u00eas iniciou em nossa institui\u00e7\u00e3o a oficina de Karat\u00e9, promovida pelo volunt\u00e1rio Alencar de Oliveira Dias Junior, para atender a 30 crian\u00e7as e adolescentes dos projetos Jornada Ampliada, Casa Lar e Socializa\u00e7\u00e3o. Todos n\u00f3s sabemos que o esporte traz muitos benef\u00edcios para a sa\u00fade da crian\u00e7a, por\u00e9m o Karat\u00ea beneficia tanto a sa\u00fade f\u00edsica,&hellip;","og_locale":"en_US","og_type":"article","og_title":"- Proofs in Itaka-Escolapios","og_description":"Neste m\u00eas iniciou em nossa institui\u00e7\u00e3o a oficina de Karat\u00e9, promovida pelo volunt\u00e1rio Alencar de Oliveira Dias Junior, para atender a 30 crian\u00e7as e adolescentes dos projetos Jornada Ampliada, Casa Lar e Socializa\u00e7\u00e3o. Todos n\u00f3s sabemos que o esporte traz muitos benef\u00edcios para a sa\u00fade da crian\u00e7a, por\u00e9m o Karat\u00ea beneficia tanto a sa\u00fade f\u00edsica,&hellip;","og_url":"https:\/\/www.itakaescolapios.org\/en\/2016\/07\/portugues-oficina-de-karate\/","og_site_name":"Proofs in Itaka-Escolapios","article_published_time":"2016-07-25T16:30:07+00:00","article_modified_time":"2023-11-28T11:38:23+00:00","og_image":[{"width":2000,"height":1500,"url":"https:\/\/www.itakaescolapios.org\/wp-content\/uploads\/2016\/07\/IMG_0146.jpg","type":"image\/jpeg"}],"author":"brasil03","twitter_card":"summary_large_image","twitter_misc":{"Written by":"brasil03","Est. reading time":"1 minute"},"schema":{"@context":"https:\/\/schema.org","@graph":[{"@type":"Article","@id":"https:\/\/www.itakaescolapios.org\/en\/2016\/07\/portugues-oficina-de-karate\/#article","isPartOf":{"@id":"https:\/\/www.itakaescolapios.org\/en\/2016\/07\/portugues-oficina-de-karate\/"},"author":{"name":"brasil03","@id":"https:\/\/www.itakaescolapios.org\/es\/#\/schema\/person\/9c761c62049293fc36e6c91e429de3d5"},"headline":"No title","datePublished":"2016-07-25T16:30:07+00:00","dateModified":"2023-11-28T11:38:23+00:00","mainEntityOfPage":{"@id":"https:\/\/www.itakaescolapios.org\/en\/2016\/07\/portugues-oficina-de-karate\/"},"wordCount":248,"publisher":{"@id":"https:\/\/www.itakaescolapios.org\/es\/#organization"},"image":{"@id":"https:\/\/www.itakaescolapios.org\/en\/2016\/07\/portugues-oficina-de-karate\/#primaryimage"},"thumbnailUrl":"https:\/\/www.itakaescolapios.org\/wp-content\/uploads\/2016\/07\/IMG_0146.jpg","articleSection":["Governador Valadares"],"inLanguage":"en-US"},{"@type":"WebPage","@id":"https:\/\/www.itakaescolapios.org\/en\/2016\/07\/portugues-oficina-de-karate\/","url":"https:\/\/www.itakaescolapios.org\/en\/2016\/07\/portugues-oficina-de-karate\/","name":"- Proofs in Itaka-Escolapios","isPartOf":{"@id":"https:\/\/www.itakaescolapios.org\/es\/#website"},"primaryImageOfPage":{"@id":"https:\/\/www.itakaescolapios.org\/en\/2016\/07\/portugues-oficina-de-karate\/#primaryimage"},"image":{"@id":"https:\/\/www.itakaescolapios.org\/en\/2016\/07\/portugues-oficina-de-karate\/#primaryimage"},"thumbnailUrl":"https:\/\/www.itakaescolapios.org\/wp-content\/uploads\/2016\/07\/IMG_0146.jpg","datePublished":"2016-07-25T16:30:07+00:00","dateModified":"2023-11-28T11:38:23+00:00","inLanguage":"en-US","potentialAction":[{"@type":"ReadAction","target":["https:\/\/www.itakaescolapios.org\/en\/2016\/07\/portugues-oficina-de-karate\/"]}]},{"@type":"ImageObject","inLanguage":"en-US","@id":"https:\/\/www.itakaescolapios.org\/en\/2016\/07\/portugues-oficina-de-karate\/#primaryimage","url":"https:\/\/www.itakaescolapios.org\/wp-content\/uploads\/2016\/07\/IMG_0146.jpg","contentUrl":"https:\/\/www.itakaescolapios.org\/wp-content\/uploads\/2016\/07\/IMG_0146.jpg","width":2000,"height":1500},{"@type":"WebSite","@id":"https:\/\/www.itakaescolapios.org\/en\/es\/#website","url":"https:\/\/www.itakaescolapios.org\/en\/es\/","name":"Itaka-Escolapios","description":"Red de Itaka-Escolapios","publisher":{"@id":"https:\/\/www.itakaescolapios.org\/en\/es\/#organization"},"potentialAction":[{"@type":"SearchAction","target":{"@type":"EntryPoint","urlTemplate":"https:\/\/www.itakaescolapios.org\/en\/es\/?s={search_term_string}"},"query-input":{"@type":"PropertyValueSpecification","valueRequired":true,"valueName":"search_term_string"}}],"inLanguage":"en-US"},{"@type":"Organization","@id":"https:\/\/www.itakaescolapios.org\/en\/es\/#organization","name":"Fundaci\u00f3 Itaka-Escolapios","url":"https:\/\/www.itakaescolapios.org\/en\/es\/","logo":{"@type":"ImageObject","inLanguage":"en-US","@id":"https:\/\/www.itakaescolapios.org\/en\/es\/#\/schema\/logo\/image\/","url":"https:\/\/www.itakaescolapios.org\/wp-content\/uploads\/2024\/04\/Logo-itakaescolapios-peque.png","contentUrl":"https:\/\/www.itakaescolapios.org\/wp-content\/uploads\/2024\/04\/Logo-itakaescolapios-peque.png","width":500,"height":199,"caption":"Fundaci\u00f3 Itaka-Escolapios"},"image":{"@id":"https:\/\/www.itakaescolapios.org\/en\/es\/#\/schema\/logo\/image\/"}},{"@type":"Person","@id":"https:\/\/www.itakaescolapios.org\/es\/#\/schema\/person\/9c761c62049293fc36e6c91e429de3d5","name":"brasil03","url":"https:\/\/www.itakaescolapios.org\/en\/author\/brasil03\/"}]}},"_links":{"self":[{"href":"https:\/\/www.itakaescolapios.org\/en\/wp-json\/wp\/v2\/posts\/16071","targetHints":{"allow":["GET"]}}],"collection":[{"href":"https:\/\/www.itakaescolapios.org\/en\/wp-json\/wp\/v2\/posts"}],"about":[{"href":"https:\/\/www.itakaescolapios.org\/en\/wp-json\/wp\/v2\/types\/post"}],"author":[{"embeddable":true,"href":"https:\/\/www.itakaescolapios.org\/en\/wp-json\/wp\/v2\/users\/11"}],"replies":[{"embeddable":true,"href":"https:\/\/www.itakaescolapios.org\/en\/wp-json\/wp\/v2\/comments?post=16071"}],"version-history":[{"count":2,"href":"https:\/\/www.itakaescolapios.org\/en\/wp-json\/wp\/v2\/posts\/16071\/revisions"}],"predecessor-version":[{"id":48252,"href":"https:\/\/www.itakaescolapios.org\/en\/wp-json\/wp\/v2\/posts\/16071\/revisions\/48252"}],"wp:featuredmedia":[{"embeddable":true,"href":"https:\/\/www.itakaescolapios.org\/en\/wp-json\/wp\/v2\/media\/16072"}],"wp:attachment":[{"href":"https:\/\/www.itakaescolapios.org\/en\/wp-json\/wp\/v2\/media?parent=16071"}],"wp:term":[{"taxonomy":"category","embeddable":true,"href":"https:\/\/www.itakaescolapios.org\/en\/wp-json\/wp\/v2\/categories?post=16071"},{"taxonomy":"post_tag","embeddable":true,"href":"https:\/\/www.itakaescolapios.org\/en\/wp-json\/wp\/v2\/tags?post=16071"}],"curies":[{"name":"wp","href":"https:\/\/api.w.org\/{rel}","templated":true}]}}