{"id":16474,"date":"2016-09-22T17:27:32","date_gmt":"2016-09-22T16:27:32","guid":{"rendered":"https:\/\/www.itakaescolapios.org\/?p=16474"},"modified":"2023-11-28T12:38:21","modified_gmt":"2023-11-28T11:38:21","slug":"comienza-mikel-gurea-movimiento-calasanz-kideak-en-pamplona-iruna","status":"publish","type":"post","link":"https:\/\/www.itakaescolapios.org\/en\/2016\/09\/comienza-mikel-gurea-movimiento-calasanz-kideak-en-pamplona-iruna\/","title":{"rendered":"Comienza Mikel Gurea - Movimiento Calasanz Kideak en Pamplona-Iru\u00f1a"},"content":{"rendered":"<p>El mi\u00e9rcoles 21 de septiembre arrancamos con las actividades de Mikel Gurea en la Compasi\u00f3n-Escolapios y en el Calasanz-Escolapios, nuestros dos coles de Pamplona. Comienza una aventura que durar\u00e1 todo este curso y que tendr\u00e1 un pr\u00f3ximo plato fuerte con el Encuentro Calasanz Kideak de este fin de semana para 5\u00ba y 6\u00ba de Primaria. Los compa\u00f1eros de Bidean, que tambi\u00e9n tendr\u00e1n su encuentro y conocer\u00e1n sus nuevos monitores, ser\u00e1n los &#8220;maestros de ceremonias&#8221; de esta primera salida en Mikel Gurea. Adem\u00e1s, este curso es muy especial porque celebramos los 400 a\u00f1os de Escolapios y queremos seguir haciendo historia; tal y como dice nuestro lema, queremos llevar a todos los lugares la alegr\u00eda de Educar, Anunciar, Transformar.<\/p>\n<p><a href=\"https:\/\/www.itakaescolapios.org\/wp-content\/uploads\/2016\/09\/IMG-20160921-WA0023.jpg\"><img decoding=\"async\" class=\"alignleft size-medium wp-image-16475\" alt=\"img-20160921-wa0023\" src=\"https:\/\/www.itakaescolapios.org\/wp-content\/uploads\/2016\/09\/IMG-20160921-WA0023-300x225.jpg\" width=\"300\" height=\"225\" srcset=\"https:\/\/www.itakaescolapios.org\/wp-content\/uploads\/2016\/09\/IMG-20160921-WA0023-300x225.jpg 300w, https:\/\/www.itakaescolapios.org\/wp-content\/uploads\/2016\/09\/IMG-20160921-WA0023-1024x768.jpg 1024w, https:\/\/www.itakaescolapios.org\/wp-content\/uploads\/2016\/09\/IMG-20160921-WA0023-250x187.jpg 250w, https:\/\/www.itakaescolapios.org\/wp-content\/uploads\/2016\/09\/IMG-20160921-WA0023.jpg 1600w\" sizes=\"(max-width: 300px) 100vw, 300px\" \/><\/a> <a href=\"https:\/\/www.itakaescolapios.org\/wp-content\/uploads\/2016\/09\/IMG-20160922-WA0002.jpg\"><img decoding=\"async\" class=\"alignleft size-medium wp-image-16476\" alt=\"img-20160922-wa0002\" src=\"https:\/\/www.itakaescolapios.org\/wp-content\/uploads\/2016\/09\/IMG-20160922-WA0002-300x168.jpg\" width=\"300\" height=\"168\" srcset=\"https:\/\/www.itakaescolapios.org\/wp-content\/uploads\/2016\/09\/IMG-20160922-WA0002-300x168.jpg 300w, https:\/\/www.itakaescolapios.org\/wp-content\/uploads\/2016\/09\/IMG-20160922-WA0002-1024x576.jpg 1024w, https:\/\/www.itakaescolapios.org\/wp-content\/uploads\/2016\/09\/IMG-20160922-WA0002-250x140.jpg 250w, https:\/\/www.itakaescolapios.org\/wp-content\/uploads\/2016\/09\/IMG-20160922-WA0002.jpg 1600w\" sizes=\"(max-width: 300px) 100vw, 300px\" \/><\/a> <a href=\"https:\/\/www.itakaescolapios.org\/wp-content\/uploads\/2016\/09\/IMG-20160921-WA0003.jpg\"><img decoding=\"async\" class=\"alignleft size-medium wp-image-16477\" alt=\"img-20160921-wa0003\" src=\"https:\/\/www.itakaescolapios.org\/wp-content\/uploads\/2016\/09\/IMG-20160921-WA0003-300x225.jpg\" width=\"300\" height=\"225\" srcset=\"https:\/\/www.itakaescolapios.org\/wp-content\/uploads\/2016\/09\/IMG-20160921-WA0003-300x225.jpg 300w, https:\/\/www.itakaescolapios.org\/wp-content\/uploads\/2016\/09\/IMG-20160921-WA0003-1024x768.jpg 1024w, https:\/\/www.itakaescolapios.org\/wp-content\/uploads\/2016\/09\/IMG-20160921-WA0003-250x187.jpg 250w, https:\/\/www.itakaescolapios.org\/wp-content\/uploads\/2016\/09\/IMG-20160921-WA0003.jpg 1600w\" sizes=\"(max-width: 300px) 100vw, 300px\" \/><\/a> <a href=\"https:\/\/www.itakaescolapios.org\/wp-content\/uploads\/2016\/09\/IMG-20160921-WA0005.jpg\"><img decoding=\"async\" class=\"alignleft size-medium wp-image-16478\" alt=\"img-20160921-wa0005\" src=\"https:\/\/www.itakaescolapios.org\/wp-content\/uploads\/2016\/09\/IMG-20160921-WA0005-300x225.jpg\" width=\"300\" height=\"225\" srcset=\"https:\/\/www.itakaescolapios.org\/wp-content\/uploads\/2016\/09\/IMG-20160921-WA0005-300x225.jpg 300w, https:\/\/www.itakaescolapios.org\/wp-content\/uploads\/2016\/09\/IMG-20160921-WA0005-1024x768.jpg 1024w, https:\/\/www.itakaescolapios.org\/wp-content\/uploads\/2016\/09\/IMG-20160921-WA0005-250x187.jpg 250w, https:\/\/www.itakaescolapios.org\/wp-content\/uploads\/2016\/09\/IMG-20160921-WA0005.jpg 1600w\" sizes=\"(max-width: 300px) 100vw, 300px\" \/><\/a><\/p>\n","protected":false},"excerpt":{"rendered":"<p>El mi\u00e9rcoles 21 de septiembre arrancamos con las actividades de Mikel Gurea en la Compasi\u00f3n-Escolapios y en el Calasanz-Escolapios, nuestros dos coles de Pamplona. Comienza una aventura que durar\u00e1 todo [&hellip;]<\/p>\n","protected":false},"author":29,"featured_media":16479,"comment_status":"closed","ping_status":"closed","sticky":false,"template":"","format":"standard","meta":{"_et_pb_use_builder":"","_et_pb_old_content":"","_et_gb_content_width":"","footnotes":""},"categories":[20],"tags":[],"class_list":["post-16474","post","type-post","status-publish","format-standard","has-post-thumbnail","hentry","category-pamplona-iruna"],"yoast_head":"<!-- This site is optimized with the Yoast SEO plugin v27.4 - https:\/\/yoast.com\/product\/yoast-seo-wordpress\/ -->\n<title>Comienza Mikel Gurea - Movimiento Calasanz Kideak en Pamplona-Iru\u00f1a<\/title>\n<meta name=\"description\" content=\"El mi\u00e9rcoles 21 de septiembre arrancamos con las actividades de Mikel Gurea en la Compasi\u00f3n-Escolapios y en el Calasanz-Escolapios, nuestros dos coles de Pamplona. Comienza una aventura que durar\u00e1 todo este curso y que tendr\u00e1 un pr\u00f3ximo plato fuerte con el Encuentro Calasanz Kideak de este fin de semana para 5\u00ba y 6\u00ba de Primaria.&hellip;\" \/>\n<meta name=\"robots\" content=\"index, follow, max-snippet:-1, max-image-preview:large, max-video-preview:-1\" \/>\n<link rel=\"canonical\" href=\"http:\/\/El%20mi\u00e9rcoles%2021%20de%20septiembre%20arrancamos%20con%20las%20actividades%20de%20Mikel%20Gurea%20en%20la%20Compasi\u00f3n-Escolapios%20y%20en%20el%20Calasanz-Escolapios,%20nuestros%20dos%20coles%20de%20Pamplona.%20Comienza%20una%20aventura%20que%20durar\u00e1%20todo%20este%20curso%20y%20que%20tendr\u00e1%20un%20pr\u00f3ximo%20plato%20fuerte%20con%20el%20Encuentro%20Calasanz%20Kideak%20de%20este%20fin%20de%20semana%20para%205\u00ba%20y%206\u00ba%20de%20Primaria.&hellip;\" \/>\n<meta property=\"og:locale\" content=\"en_US\" \/>\n<meta property=\"og:type\" content=\"article\" \/>\n<meta property=\"og:title\" content=\"Comienza Mikel Gurea - Movimiento Calasanz Kideak en Pamplona-Iru\u00f1a\" \/>\n<meta property=\"og:description\" content=\"El mi\u00e9rcoles 21 de septiembre arrancamos con las actividades de Mikel Gurea en la Compasi\u00f3n-Escolapios y en el Calasanz-Escolapios, nuestros dos coles de Pamplona. Comienza una aventura que durar\u00e1 todo este curso y que tendr\u00e1 un pr\u00f3ximo plato fuerte con el Encuentro Calasanz Kideak de este fin de semana para 5\u00ba y 6\u00ba de Primaria.&hellip;\" \/>\n<meta property=\"og:url\" content=\"https:\/\/www.itakaescolapios.org\/en\/2016\/09\/comienza-mikel-gurea-movimiento-calasanz-kideak-en-pamplona-iruna\/\" \/>\n<meta property=\"og:site_name\" content=\"Proofs in Itaka-Escolapios\" \/>\n<meta property=\"article:published_time\" content=\"2016-09-22T16:27:32+00:00\" \/>\n<meta property=\"article:modified_time\" content=\"2023-11-28T11:38:21+00:00\" \/>\n<meta property=\"og:image\" content=\"https:\/\/www.itakaescolapios.org\/wp-content\/uploads\/2016\/09\/LOGOSCHP1617euskera.jpg\" \/>\n\t<meta property=\"og:image:width\" content=\"1382\" \/>\n\t<meta property=\"og:image:height\" content=\"773\" \/>\n\t<meta property=\"og:image:type\" content=\"image\/jpeg\" \/>\n<meta name=\"author\" content=\"pamplona01\" \/>\n<meta name=\"twitter:card\" content=\"summary_large_image\" \/>\n<meta name=\"twitter:label1\" content=\"Written by\" \/>\n\t<meta name=\"twitter:data1\" content=\"pamplona01\" \/>\n\t<meta name=\"twitter:label2\" content=\"Est. reading time\" \/>\n\t<meta name=\"twitter:data2\" content=\"1 minute\" \/>\n<script type=\"application\/ld+json\" class=\"yoast-schema-graph\">{\"@context\":\"https:\\\/\\\/schema.org\",\"@graph\":[{\"@type\":\"Article\",\"@id\":\"https:\\\/\\\/www.itakaescolapios.org\\\/en\\\/2016\\\/09\\\/comienza-mikel-gurea-movimiento-calasanz-kideak-en-pamplona-iruna\\\/#article\",\"isPartOf\":{\"@id\":\"https:\\\/\\\/www.itakaescolapios.org\\\/en\\\/2016\\\/09\\\/comienza-mikel-gurea-movimiento-calasanz-kideak-en-pamplona-iruna\\\/\"},\"author\":{\"name\":\"pamplona01\",\"@id\":\"https:\\\/\\\/www.itakaescolapios.org\\\/es\\\/#\\\/schema\\\/person\\\/a44de70f9a43a90c3e0f59aaaffd61f3\"},\"headline\":\"Comienza Mikel Gurea - Movimiento Calasanz Kideak en Pamplona-Iru\u00f1a\",\"datePublished\":\"2016-09-22T16:27:32+00:00\",\"dateModified\":\"2023-11-28T11:38:21+00:00\",\"mainEntityOfPage\":{\"@id\":\"https:\\\/\\\/www.itakaescolapios.org\\\/en\\\/2016\\\/09\\\/comienza-mikel-gurea-movimiento-calasanz-kideak-en-pamplona-iruna\\\/\"},\"wordCount\":134,\"publisher\":{\"@id\":\"https:\\\/\\\/www.itakaescolapios.org\\\/es\\\/#organization\"},\"image\":{\"@id\":\"https:\\\/\\\/www.itakaescolapios.org\\\/en\\\/2016\\\/09\\\/comienza-mikel-gurea-movimiento-calasanz-kideak-en-pamplona-iruna\\\/#primaryimage\"},\"thumbnailUrl\":\"https:\\\/\\\/www.itakaescolapios.org\\\/wp-content\\\/uploads\\\/2016\\\/09\\\/LOGOSCHP1617euskera.jpg\",\"articleSection\":[\"Pamplona-Iru\u00f1a\"],\"inLanguage\":\"en-US\"},{\"@type\":\"WebPage\",\"@id\":\"https:\\\/\\\/www.itakaescolapios.org\\\/en\\\/2016\\\/09\\\/comienza-mikel-gurea-movimiento-calasanz-kideak-en-pamplona-iruna\\\/\",\"url\":\"https:\\\/\\\/www.itakaescolapios.org\\\/en\\\/2016\\\/09\\\/comienza-mikel-gurea-movimiento-calasanz-kideak-en-pamplona-iruna\\\/\",\"name\":\"Comienza Mikel Gurea - Movimiento Calasanz Kideak en Pamplona-Iru\u00f1a - Proofs in Itaka-Escolapios\",\"isPartOf\":{\"@id\":\"https:\\\/\\\/www.itakaescolapios.org\\\/es\\\/#website\"},\"primaryImageOfPage\":{\"@id\":\"https:\\\/\\\/www.itakaescolapios.org\\\/en\\\/2016\\\/09\\\/comienza-mikel-gurea-movimiento-calasanz-kideak-en-pamplona-iruna\\\/#primaryimage\"},\"image\":{\"@id\":\"https:\\\/\\\/www.itakaescolapios.org\\\/en\\\/2016\\\/09\\\/comienza-mikel-gurea-movimiento-calasanz-kideak-en-pamplona-iruna\\\/#primaryimage\"},\"thumbnailUrl\":\"https:\\\/\\\/www.itakaescolapios.org\\\/wp-content\\\/uploads\\\/2016\\\/09\\\/LOGOSCHP1617euskera.jpg\",\"datePublished\":\"2016-09-22T16:27:32+00:00\",\"dateModified\":\"2023-11-28T11:38:21+00:00\",\"breadcrumb\":{\"@id\":\"https:\\\/\\\/www.itakaescolapios.org\\\/en\\\/2016\\\/09\\\/comienza-mikel-gurea-movimiento-calasanz-kideak-en-pamplona-iruna\\\/#breadcrumb\"},\"inLanguage\":\"en-US\",\"potentialAction\":[{\"@type\":\"ReadAction\",\"target\":[\"https:\\\/\\\/www.itakaescolapios.org\\\/en\\\/2016\\\/09\\\/comienza-mikel-gurea-movimiento-calasanz-kideak-en-pamplona-iruna\\\/\"]}]},{\"@type\":\"ImageObject\",\"inLanguage\":\"en-US\",\"@id\":\"https:\\\/\\\/www.itakaescolapios.org\\\/en\\\/2016\\\/09\\\/comienza-mikel-gurea-movimiento-calasanz-kideak-en-pamplona-iruna\\\/#primaryimage\",\"url\":\"https:\\\/\\\/www.itakaescolapios.org\\\/wp-content\\\/uploads\\\/2016\\\/09\\\/LOGOSCHP1617euskera.jpg\",\"contentUrl\":\"https:\\\/\\\/www.itakaescolapios.org\\\/wp-content\\\/uploads\\\/2016\\\/09\\\/LOGOSCHP1617euskera.jpg\",\"width\":1382,\"height\":773},{\"@type\":\"BreadcrumbList\",\"@id\":\"https:\\\/\\\/www.itakaescolapios.org\\\/en\\\/2016\\\/09\\\/comienza-mikel-gurea-movimiento-calasanz-kideak-en-pamplona-iruna\\\/#breadcrumb\",\"itemListElement\":[{\"@type\":\"ListItem\",\"position\":1,\"name\":\"Proof\",\"item\":\"https:\\\/\\\/www.itakaescolapios.org\\\/es\\\/\"},{\"@type\":\"ListItem\",\"position\":2,\"name\":\"Comienza Mikel Gurea - Movimiento Calasanz Kideak en Pamplona-Iru\u00f1a\"}]},{\"@type\":\"WebSite\",\"@id\":\"https:\\\/\\\/www.itakaescolapios.org\\\/en\\\/es\\\/#website\",\"url\":\"https:\\\/\\\/www.itakaescolapios.org\\\/en\\\/es\\\/\",\"name\":\"Itaka-Escolapios\",\"description\":\"Red de Itaka-Escolapios\",\"publisher\":{\"@id\":\"https:\\\/\\\/www.itakaescolapios.org\\\/en\\\/es\\\/#organization\"},\"potentialAction\":[{\"@type\":\"SearchAction\",\"target\":{\"@type\":\"EntryPoint\",\"urlTemplate\":\"https:\\\/\\\/www.itakaescolapios.org\\\/en\\\/es\\\/?s={search_term_string}\"},\"query-input\":{\"@type\":\"PropertyValueSpecification\",\"valueRequired\":true,\"valueName\":\"search_term_string\"}}],\"inLanguage\":\"en-US\"},{\"@type\":\"Organization\",\"@id\":\"https:\\\/\\\/www.itakaescolapios.org\\\/en\\\/es\\\/#organization\",\"name\":\"Fundaci\u00f3 Itaka-Escolapios\",\"url\":\"https:\\\/\\\/www.itakaescolapios.org\\\/en\\\/es\\\/\",\"logo\":{\"@type\":\"ImageObject\",\"inLanguage\":\"en-US\",\"@id\":\"https:\\\/\\\/www.itakaescolapios.org\\\/en\\\/es\\\/#\\\/schema\\\/logo\\\/image\\\/\",\"url\":\"https:\\\/\\\/www.itakaescolapios.org\\\/wp-content\\\/uploads\\\/2024\\\/04\\\/Logo-itakaescolapios-peque.png\",\"contentUrl\":\"https:\\\/\\\/www.itakaescolapios.org\\\/wp-content\\\/uploads\\\/2024\\\/04\\\/Logo-itakaescolapios-peque.png\",\"width\":500,\"height\":199,\"caption\":\"Fundaci\u00f3 Itaka-Escolapios\"},\"image\":{\"@id\":\"https:\\\/\\\/www.itakaescolapios.org\\\/en\\\/es\\\/#\\\/schema\\\/logo\\\/image\\\/\"}},{\"@type\":\"Person\",\"@id\":\"https:\\\/\\\/www.itakaescolapios.org\\\/es\\\/#\\\/schema\\\/person\\\/a44de70f9a43a90c3e0f59aaaffd61f3\",\"name\":\"pamplona01\",\"url\":\"https:\\\/\\\/www.itakaescolapios.org\\\/en\\\/author\\\/pamplona01\\\/\"}]}<\/script>\n<!-- \/ Yoast SEO plugin. -->","yoast_head_json":{"title":"Comienza Mikel Gurea - Movimiento Calasanz Kideak en Pamplona-Iru\u00f1a","description":"El mi\u00e9rcoles 21 de septiembre arrancamos con las actividades de Mikel Gurea en la Compasi\u00f3n-Escolapios y en el Calasanz-Escolapios, nuestros dos coles de Pamplona. Comienza una aventura que durar\u00e1 todo este curso y que tendr\u00e1 un pr\u00f3ximo plato fuerte con el Encuentro Calasanz Kideak de este fin de semana para 5\u00ba y 6\u00ba de Primaria.&hellip;","robots":{"index":"index","follow":"follow","max-snippet":"max-snippet:-1","max-image-preview":"max-image-preview:large","max-video-preview":"max-video-preview:-1"},"canonical":"El mi\u00e9rcoles 21 de septiembre arrancamos con las actividades de Mikel Gurea en la Compasi\u00f3n-Escolapios y en el Calasanz-Escolapios, nuestros dos coles de Pamplona. Comienza una aventura que durar\u00e1 todo este curso y que tendr\u00e1 un pr\u00f3ximo plato fuerte con el Encuentro Calasanz Kideak de este fin de semana para 5\u00ba y 6\u00ba de Primaria.&hellip;","og_locale":"en_US","og_type":"article","og_title":"Comienza Mikel Gurea - Movimiento Calasanz Kideak en Pamplona-Iru\u00f1a","og_description":"El mi\u00e9rcoles 21 de septiembre arrancamos con las actividades de Mikel Gurea en la Compasi\u00f3n-Escolapios y en el Calasanz-Escolapios, nuestros dos coles de Pamplona. Comienza una aventura que durar\u00e1 todo este curso y que tendr\u00e1 un pr\u00f3ximo plato fuerte con el Encuentro Calasanz Kideak de este fin de semana para 5\u00ba y 6\u00ba de Primaria.&hellip;","og_url":"https:\/\/www.itakaescolapios.org\/en\/2016\/09\/comienza-mikel-gurea-movimiento-calasanz-kideak-en-pamplona-iruna\/","og_site_name":"Proofs in Itaka-Escolapios","article_published_time":"2016-09-22T16:27:32+00:00","article_modified_time":"2023-11-28T11:38:21+00:00","og_image":[{"width":1382,"height":773,"url":"https:\/\/www.itakaescolapios.org\/wp-content\/uploads\/2016\/09\/LOGOSCHP1617euskera.jpg","type":"image\/jpeg"}],"author":"pamplona01","twitter_card":"summary_large_image","twitter_misc":{"Written by":"pamplona01","Est. reading time":"1 minute"},"schema":{"@context":"https:\/\/schema.org","@graph":[{"@type":"Article","@id":"https:\/\/www.itakaescolapios.org\/en\/2016\/09\/comienza-mikel-gurea-movimiento-calasanz-kideak-en-pamplona-iruna\/#article","isPartOf":{"@id":"https:\/\/www.itakaescolapios.org\/en\/2016\/09\/comienza-mikel-gurea-movimiento-calasanz-kideak-en-pamplona-iruna\/"},"author":{"name":"pamplona01","@id":"https:\/\/www.itakaescolapios.org\/es\/#\/schema\/person\/a44de70f9a43a90c3e0f59aaaffd61f3"},"headline":"Comienza Mikel Gurea - Movimiento Calasanz Kideak en Pamplona-Iru\u00f1a","datePublished":"2016-09-22T16:27:32+00:00","dateModified":"2023-11-28T11:38:21+00:00","mainEntityOfPage":{"@id":"https:\/\/www.itakaescolapios.org\/en\/2016\/09\/comienza-mikel-gurea-movimiento-calasanz-kideak-en-pamplona-iruna\/"},"wordCount":134,"publisher":{"@id":"https:\/\/www.itakaescolapios.org\/es\/#organization"},"image":{"@id":"https:\/\/www.itakaescolapios.org\/en\/2016\/09\/comienza-mikel-gurea-movimiento-calasanz-kideak-en-pamplona-iruna\/#primaryimage"},"thumbnailUrl":"https:\/\/www.itakaescolapios.org\/wp-content\/uploads\/2016\/09\/LOGOSCHP1617euskera.jpg","articleSection":["Pamplona-Iru\u00f1a"],"inLanguage":"en-US"},{"@type":"WebPage","@id":"https:\/\/www.itakaescolapios.org\/en\/2016\/09\/comienza-mikel-gurea-movimiento-calasanz-kideak-en-pamplona-iruna\/","url":"https:\/\/www.itakaescolapios.org\/en\/2016\/09\/comienza-mikel-gurea-movimiento-calasanz-kideak-en-pamplona-iruna\/","name":"Comienza Mikel Gurea - Movimiento Calasanz Kideak en Pamplona-Iru\u00f1a - Proofs in Itaka-Escolapios","isPartOf":{"@id":"https:\/\/www.itakaescolapios.org\/es\/#website"},"primaryImageOfPage":{"@id":"https:\/\/www.itakaescolapios.org\/en\/2016\/09\/comienza-mikel-gurea-movimiento-calasanz-kideak-en-pamplona-iruna\/#primaryimage"},"image":{"@id":"https:\/\/www.itakaescolapios.org\/en\/2016\/09\/comienza-mikel-gurea-movimiento-calasanz-kideak-en-pamplona-iruna\/#primaryimage"},"thumbnailUrl":"https:\/\/www.itakaescolapios.org\/wp-content\/uploads\/2016\/09\/LOGOSCHP1617euskera.jpg","datePublished":"2016-09-22T16:27:32+00:00","dateModified":"2023-11-28T11:38:21+00:00","breadcrumb":{"@id":"https:\/\/www.itakaescolapios.org\/en\/2016\/09\/comienza-mikel-gurea-movimiento-calasanz-kideak-en-pamplona-iruna\/#breadcrumb"},"inLanguage":"en-US","potentialAction":[{"@type":"ReadAction","target":["https:\/\/www.itakaescolapios.org\/en\/2016\/09\/comienza-mikel-gurea-movimiento-calasanz-kideak-en-pamplona-iruna\/"]}]},{"@type":"ImageObject","inLanguage":"en-US","@id":"https:\/\/www.itakaescolapios.org\/en\/2016\/09\/comienza-mikel-gurea-movimiento-calasanz-kideak-en-pamplona-iruna\/#primaryimage","url":"https:\/\/www.itakaescolapios.org\/wp-content\/uploads\/2016\/09\/LOGOSCHP1617euskera.jpg","contentUrl":"https:\/\/www.itakaescolapios.org\/wp-content\/uploads\/2016\/09\/LOGOSCHP1617euskera.jpg","width":1382,"height":773},{"@type":"BreadcrumbList","@id":"https:\/\/www.itakaescolapios.org\/en\/2016\/09\/comienza-mikel-gurea-movimiento-calasanz-kideak-en-pamplona-iruna\/#breadcrumb","itemListElement":[{"@type":"ListItem","position":1,"name":"Proof","item":"https:\/\/www.itakaescolapios.org\/es\/"},{"@type":"ListItem","position":2,"name":"Comienza Mikel Gurea - Movimiento Calasanz Kideak en Pamplona-Iru\u00f1a"}]},{"@type":"WebSite","@id":"https:\/\/www.itakaescolapios.org\/en\/es\/#website","url":"https:\/\/www.itakaescolapios.org\/en\/es\/","name":"Itaka-Escolapios","description":"Red de Itaka-Escolapios","publisher":{"@id":"https:\/\/www.itakaescolapios.org\/en\/es\/#organization"},"potentialAction":[{"@type":"SearchAction","target":{"@type":"EntryPoint","urlTemplate":"https:\/\/www.itakaescolapios.org\/en\/es\/?s={search_term_string}"},"query-input":{"@type":"PropertyValueSpecification","valueRequired":true,"valueName":"search_term_string"}}],"inLanguage":"en-US"},{"@type":"Organization","@id":"https:\/\/www.itakaescolapios.org\/en\/es\/#organization","name":"Fundaci\u00f3 Itaka-Escolapios","url":"https:\/\/www.itakaescolapios.org\/en\/es\/","logo":{"@type":"ImageObject","inLanguage":"en-US","@id":"https:\/\/www.itakaescolapios.org\/en\/es\/#\/schema\/logo\/image\/","url":"https:\/\/www.itakaescolapios.org\/wp-content\/uploads\/2024\/04\/Logo-itakaescolapios-peque.png","contentUrl":"https:\/\/www.itakaescolapios.org\/wp-content\/uploads\/2024\/04\/Logo-itakaescolapios-peque.png","width":500,"height":199,"caption":"Fundaci\u00f3 Itaka-Escolapios"},"image":{"@id":"https:\/\/www.itakaescolapios.org\/en\/es\/#\/schema\/logo\/image\/"}},{"@type":"Person","@id":"https:\/\/www.itakaescolapios.org\/es\/#\/schema\/person\/a44de70f9a43a90c3e0f59aaaffd61f3","name":"pamplona01","url":"https:\/\/www.itakaescolapios.org\/en\/author\/pamplona01\/"}]}},"_links":{"self":[{"href":"https:\/\/www.itakaescolapios.org\/en\/wp-json\/wp\/v2\/posts\/16474","targetHints":{"allow":["GET"]}}],"collection":[{"href":"https:\/\/www.itakaescolapios.org\/en\/wp-json\/wp\/v2\/posts"}],"about":[{"href":"https:\/\/www.itakaescolapios.org\/en\/wp-json\/wp\/v2\/types\/post"}],"author":[{"embeddable":true,"href":"https:\/\/www.itakaescolapios.org\/en\/wp-json\/wp\/v2\/users\/29"}],"replies":[{"embeddable":true,"href":"https:\/\/www.itakaescolapios.org\/en\/wp-json\/wp\/v2\/comments?post=16474"}],"version-history":[{"count":3,"href":"https:\/\/www.itakaescolapios.org\/en\/wp-json\/wp\/v2\/posts\/16474\/revisions"}],"predecessor-version":[{"id":48201,"href":"https:\/\/www.itakaescolapios.org\/en\/wp-json\/wp\/v2\/posts\/16474\/revisions\/48201"}],"wp:featuredmedia":[{"embeddable":true,"href":"https:\/\/www.itakaescolapios.org\/en\/wp-json\/wp\/v2\/media\/16479"}],"wp:attachment":[{"href":"https:\/\/www.itakaescolapios.org\/en\/wp-json\/wp\/v2\/media?parent=16474"}],"wp:term":[{"taxonomy":"category","embeddable":true,"href":"https:\/\/www.itakaescolapios.org\/en\/wp-json\/wp\/v2\/categories?post=16474"},{"taxonomy":"post_tag","embeddable":true,"href":"https:\/\/www.itakaescolapios.org\/en\/wp-json\/wp\/v2\/tags?post=16474"}],"curies":[{"name":"wp","href":"https:\/\/api.w.org\/{rel}","templated":true}]}}