{"id":16752,"date":"2016-10-19T17:46:52","date_gmt":"2016-10-19T16:46:52","guid":{"rendered":"https:\/\/www.itakaescolapios.org\/?p=16752"},"modified":"2023-11-28T12:38:20","modified_gmt":"2023-11-28T11:38:20","slug":"portugues-celebrando-o-dia-das-criancas","status":"publish","type":"post","link":"https:\/\/www.itakaescolapios.org\/en\/2016\/10\/portugues-celebrando-o-dia-das-criancas\/","title":{"rendered":""},"content":{"rendered":"<p style=\"text-align: justify;\">Quando ouvimos falar em <b>Dia das crian\u00e7as<\/b>, a imagem que nos vem \u00e1 cabe\u00e7a \u00e9 sempre uma: presentes. Isso, \u00e9 claro, n\u00e3o poderia deixar de ser, pois quem n\u00e3o gosta de presente? No entanto, a celebra\u00e7\u00e3o do dia das crian\u00e7as n\u00e3o tem o intuito de apenas presentear as nossas crian\u00e7as. Na verdade, o Dia da crian\u00e7a \u00e9 bastante significativo para o que realmente a crian\u00e7a representa. O <b>Dia das Crian\u00e7as<\/b> \u00e9 comemorado anualmente em <b>12 de outubro<\/b> no Brasil. Esta data celebra os direitos das crian\u00e7as e adolescentes, ajudando a conscientizar as pessoas (os pais, em especial) sobre os cuidados necess\u00e1rios durante esta fase da vida.<\/p>\n<p style=\"text-align: justify;\">\u00a0E o Itaka Escol\u00e1pios de Governador Valadares em parceria com a Escola Padre Jos\u00e9 Luiz Tadeo ofereceram as crian\u00e7as uma semana cheia de brincadeiras, teatros, passeio de trenzinho e muita musica boa&#8230;<\/p>\n<p style=\"text-align: justify;\">Foram dias de alegrias, que proporcionou um momento de lazer e intera\u00e7\u00e3o entre as crian\u00e7as da Escola e do projeto Jornada Ampliada.<\/p>\n","protected":false},"excerpt":{"rendered":"<p>Quando ouvimos falar em Dia das crian\u00e7as, a imagem que nos vem \u00e1 cabe\u00e7a \u00e9 sempre uma: presentes. Isso, \u00e9 claro, n\u00e3o poderia deixar de ser, pois quem n\u00e3o gosta [&hellip;]<\/p>\n","protected":false},"author":11,"featured_media":16756,"comment_status":"closed","ping_status":"closed","sticky":false,"template":"","format":"standard","meta":{"_et_pb_use_builder":"","_et_pb_old_content":"","_et_gb_content_width":"","footnotes":""},"categories":[16],"tags":[],"class_list":["post-16752","post","type-post","status-publish","format-standard","has-post-thumbnail","hentry","category-governador-valadares"],"yoast_head":"<!-- This site is optimized with the Yoast SEO plugin v27.4 - https:\/\/yoast.com\/product\/yoast-seo-wordpress\/ -->\n<title>- Proofs in Itaka-Escolapios<\/title>\n<meta name=\"description\" content=\"Quando ouvimos falar em Dia das crian\u00e7as, a imagem que nos vem \u00e1 cabe\u00e7a \u00e9 sempre uma: presentes. Isso, \u00e9 claro, n\u00e3o poderia deixar de ser, pois quem n\u00e3o gosta de presente? No entanto, a celebra\u00e7\u00e3o do dia das crian\u00e7as n\u00e3o tem o intuito de apenas presentear as nossas crian\u00e7as. Na verdade, o Dia da&hellip;\" \/>\n<meta name=\"robots\" content=\"index, follow, max-snippet:-1, max-image-preview:large, max-video-preview:-1\" \/>\n<link rel=\"canonical\" href=\"\" \/>\n<meta property=\"og:locale\" content=\"en_US\" \/>\n<meta property=\"og:type\" content=\"article\" \/>\n<meta property=\"og:title\" content=\"- Proofs in Itaka-Escolapios\" \/>\n<meta property=\"og:description\" content=\"Quando ouvimos falar em Dia das crian\u00e7as, a imagem que nos vem \u00e1 cabe\u00e7a \u00e9 sempre uma: presentes. Isso, \u00e9 claro, n\u00e3o poderia deixar de ser, pois quem n\u00e3o gosta de presente? No entanto, a celebra\u00e7\u00e3o do dia das crian\u00e7as n\u00e3o tem o intuito de apenas presentear as nossas crian\u00e7as. Na verdade, o Dia da&hellip;\" \/>\n<meta property=\"og:url\" content=\"https:\/\/www.itakaescolapios.org\/en\/2016\/10\/portugues-celebrando-o-dia-das-criancas\/\" \/>\n<meta property=\"og:site_name\" content=\"Proofs in Itaka-Escolapios\" \/>\n<meta property=\"article:published_time\" content=\"2016-10-19T16:46:52+00:00\" \/>\n<meta property=\"article:modified_time\" content=\"2023-11-28T11:38:20+00:00\" \/>\n<meta property=\"og:image\" content=\"https:\/\/www.itakaescolapios.org\/wp-content\/uploads\/2016\/10\/12973583_147403492322607_6488901273685460569_o.jpg\" \/>\n\t<meta property=\"og:image:width\" content=\"2048\" \/>\n\t<meta property=\"og:image:height\" content=\"1367\" \/>\n\t<meta property=\"og:image:type\" content=\"image\/jpeg\" \/>\n<meta name=\"author\" content=\"brasil03\" \/>\n<meta name=\"twitter:card\" content=\"summary_large_image\" \/>\n<meta name=\"twitter:label1\" content=\"Written by\" \/>\n\t<meta name=\"twitter:data1\" content=\"brasil03\" \/>\n\t<meta name=\"twitter:label2\" content=\"Est. reading time\" \/>\n\t<meta name=\"twitter:data2\" content=\"1 minute\" \/>\n<script type=\"application\/ld+json\" class=\"yoast-schema-graph\">{\"@context\":\"https:\\\/\\\/schema.org\",\"@graph\":[{\"@type\":\"Article\",\"@id\":\"https:\\\/\\\/www.itakaescolapios.org\\\/en\\\/2016\\\/10\\\/portugues-celebrando-o-dia-das-criancas\\\/#article\",\"isPartOf\":{\"@id\":\"https:\\\/\\\/www.itakaescolapios.org\\\/en\\\/2016\\\/10\\\/portugues-celebrando-o-dia-das-criancas\\\/\"},\"author\":{\"name\":\"brasil03\",\"@id\":\"https:\\\/\\\/www.itakaescolapios.org\\\/es\\\/#\\\/schema\\\/person\\\/9c761c62049293fc36e6c91e429de3d5\"},\"headline\":\"No title\",\"datePublished\":\"2016-10-19T16:46:52+00:00\",\"dateModified\":\"2023-11-28T11:38:20+00:00\",\"mainEntityOfPage\":{\"@id\":\"https:\\\/\\\/www.itakaescolapios.org\\\/en\\\/2016\\\/10\\\/portugues-celebrando-o-dia-das-criancas\\\/\"},\"wordCount\":171,\"publisher\":{\"@id\":\"https:\\\/\\\/www.itakaescolapios.org\\\/es\\\/#organization\"},\"image\":{\"@id\":\"https:\\\/\\\/www.itakaescolapios.org\\\/en\\\/2016\\\/10\\\/portugues-celebrando-o-dia-das-criancas\\\/#primaryimage\"},\"thumbnailUrl\":\"https:\\\/\\\/www.itakaescolapios.org\\\/wp-content\\\/uploads\\\/2016\\\/10\\\/12973583_147403492322607_6488901273685460569_o.jpg\",\"articleSection\":[\"Governador Valadares\"],\"inLanguage\":\"en-US\"},{\"@type\":\"WebPage\",\"@id\":\"https:\\\/\\\/www.itakaescolapios.org\\\/en\\\/2016\\\/10\\\/portugues-celebrando-o-dia-das-criancas\\\/\",\"url\":\"https:\\\/\\\/www.itakaescolapios.org\\\/en\\\/2016\\\/10\\\/portugues-celebrando-o-dia-das-criancas\\\/\",\"name\":\"- Proofs in Itaka-Escolapios\",\"isPartOf\":{\"@id\":\"https:\\\/\\\/www.itakaescolapios.org\\\/es\\\/#website\"},\"primaryImageOfPage\":{\"@id\":\"https:\\\/\\\/www.itakaescolapios.org\\\/en\\\/2016\\\/10\\\/portugues-celebrando-o-dia-das-criancas\\\/#primaryimage\"},\"image\":{\"@id\":\"https:\\\/\\\/www.itakaescolapios.org\\\/en\\\/2016\\\/10\\\/portugues-celebrando-o-dia-das-criancas\\\/#primaryimage\"},\"thumbnailUrl\":\"https:\\\/\\\/www.itakaescolapios.org\\\/wp-content\\\/uploads\\\/2016\\\/10\\\/12973583_147403492322607_6488901273685460569_o.jpg\",\"datePublished\":\"2016-10-19T16:46:52+00:00\",\"dateModified\":\"2023-11-28T11:38:20+00:00\",\"inLanguage\":\"en-US\",\"potentialAction\":[{\"@type\":\"ReadAction\",\"target\":[\"https:\\\/\\\/www.itakaescolapios.org\\\/en\\\/2016\\\/10\\\/portugues-celebrando-o-dia-das-criancas\\\/\"]}]},{\"@type\":\"ImageObject\",\"inLanguage\":\"en-US\",\"@id\":\"https:\\\/\\\/www.itakaescolapios.org\\\/en\\\/2016\\\/10\\\/portugues-celebrando-o-dia-das-criancas\\\/#primaryimage\",\"url\":\"https:\\\/\\\/www.itakaescolapios.org\\\/wp-content\\\/uploads\\\/2016\\\/10\\\/12973583_147403492322607_6488901273685460569_o.jpg\",\"contentUrl\":\"https:\\\/\\\/www.itakaescolapios.org\\\/wp-content\\\/uploads\\\/2016\\\/10\\\/12973583_147403492322607_6488901273685460569_o.jpg\",\"width\":2048,\"height\":1367},{\"@type\":\"WebSite\",\"@id\":\"https:\\\/\\\/www.itakaescolapios.org\\\/en\\\/es\\\/#website\",\"url\":\"https:\\\/\\\/www.itakaescolapios.org\\\/en\\\/es\\\/\",\"name\":\"Itaka-Escolapios\",\"description\":\"Red de Itaka-Escolapios\",\"publisher\":{\"@id\":\"https:\\\/\\\/www.itakaescolapios.org\\\/en\\\/es\\\/#organization\"},\"potentialAction\":[{\"@type\":\"SearchAction\",\"target\":{\"@type\":\"EntryPoint\",\"urlTemplate\":\"https:\\\/\\\/www.itakaescolapios.org\\\/en\\\/es\\\/?s={search_term_string}\"},\"query-input\":{\"@type\":\"PropertyValueSpecification\",\"valueRequired\":true,\"valueName\":\"search_term_string\"}}],\"inLanguage\":\"en-US\"},{\"@type\":\"Organization\",\"@id\":\"https:\\\/\\\/www.itakaescolapios.org\\\/en\\\/es\\\/#organization\",\"name\":\"Fundaci\u00f3 Itaka-Escolapios\",\"url\":\"https:\\\/\\\/www.itakaescolapios.org\\\/en\\\/es\\\/\",\"logo\":{\"@type\":\"ImageObject\",\"inLanguage\":\"en-US\",\"@id\":\"https:\\\/\\\/www.itakaescolapios.org\\\/en\\\/es\\\/#\\\/schema\\\/logo\\\/image\\\/\",\"url\":\"https:\\\/\\\/www.itakaescolapios.org\\\/wp-content\\\/uploads\\\/2024\\\/04\\\/Logo-itakaescolapios-peque.png\",\"contentUrl\":\"https:\\\/\\\/www.itakaescolapios.org\\\/wp-content\\\/uploads\\\/2024\\\/04\\\/Logo-itakaescolapios-peque.png\",\"width\":500,\"height\":199,\"caption\":\"Fundaci\u00f3 Itaka-Escolapios\"},\"image\":{\"@id\":\"https:\\\/\\\/www.itakaescolapios.org\\\/en\\\/es\\\/#\\\/schema\\\/logo\\\/image\\\/\"}},{\"@type\":\"Person\",\"@id\":\"https:\\\/\\\/www.itakaescolapios.org\\\/es\\\/#\\\/schema\\\/person\\\/9c761c62049293fc36e6c91e429de3d5\",\"name\":\"brasil03\",\"url\":\"https:\\\/\\\/www.itakaescolapios.org\\\/en\\\/author\\\/brasil03\\\/\"}]}<\/script>\n<!-- \/ Yoast SEO plugin. -->","yoast_head_json":{"title":"- Proofs in Itaka-Escolapios","description":"Quando ouvimos falar em Dia das crian\u00e7as, a imagem que nos vem \u00e1 cabe\u00e7a \u00e9 sempre uma: presentes. Isso, \u00e9 claro, n\u00e3o poderia deixar de ser, pois quem n\u00e3o gosta de presente? No entanto, a celebra\u00e7\u00e3o do dia das crian\u00e7as n\u00e3o tem o intuito de apenas presentear as nossas crian\u00e7as. Na verdade, o Dia da&hellip;","robots":{"index":"index","follow":"follow","max-snippet":"max-snippet:-1","max-image-preview":"max-image-preview:large","max-video-preview":"max-video-preview:-1"},"canonical":"Quando ouvimos falar em Dia das crian\u00e7as, a imagem que nos vem \u00e1 cabe\u00e7a \u00e9 sempre uma: presentes. Isso, \u00e9 claro, n\u00e3o poderia deixar de ser, pois quem n\u00e3o gosta de presente? No entanto, a celebra\u00e7\u00e3o do dia das crian\u00e7as n\u00e3o tem o intuito de apenas presentear as nossas crian\u00e7as. Na verdade, o Dia da&hellip;","og_locale":"en_US","og_type":"article","og_title":"- Proofs in Itaka-Escolapios","og_description":"Quando ouvimos falar em Dia das crian\u00e7as, a imagem que nos vem \u00e1 cabe\u00e7a \u00e9 sempre uma: presentes. Isso, \u00e9 claro, n\u00e3o poderia deixar de ser, pois quem n\u00e3o gosta de presente? No entanto, a celebra\u00e7\u00e3o do dia das crian\u00e7as n\u00e3o tem o intuito de apenas presentear as nossas crian\u00e7as. Na verdade, o Dia da&hellip;","og_url":"https:\/\/www.itakaescolapios.org\/en\/2016\/10\/portugues-celebrando-o-dia-das-criancas\/","og_site_name":"Proofs in Itaka-Escolapios","article_published_time":"2016-10-19T16:46:52+00:00","article_modified_time":"2023-11-28T11:38:20+00:00","og_image":[{"width":2048,"height":1367,"url":"https:\/\/www.itakaescolapios.org\/wp-content\/uploads\/2016\/10\/12973583_147403492322607_6488901273685460569_o.jpg","type":"image\/jpeg"}],"author":"brasil03","twitter_card":"summary_large_image","twitter_misc":{"Written by":"brasil03","Est. reading time":"1 minute"},"schema":{"@context":"https:\/\/schema.org","@graph":[{"@type":"Article","@id":"https:\/\/www.itakaescolapios.org\/en\/2016\/10\/portugues-celebrando-o-dia-das-criancas\/#article","isPartOf":{"@id":"https:\/\/www.itakaescolapios.org\/en\/2016\/10\/portugues-celebrando-o-dia-das-criancas\/"},"author":{"name":"brasil03","@id":"https:\/\/www.itakaescolapios.org\/es\/#\/schema\/person\/9c761c62049293fc36e6c91e429de3d5"},"headline":"No title","datePublished":"2016-10-19T16:46:52+00:00","dateModified":"2023-11-28T11:38:20+00:00","mainEntityOfPage":{"@id":"https:\/\/www.itakaescolapios.org\/en\/2016\/10\/portugues-celebrando-o-dia-das-criancas\/"},"wordCount":171,"publisher":{"@id":"https:\/\/www.itakaescolapios.org\/es\/#organization"},"image":{"@id":"https:\/\/www.itakaescolapios.org\/en\/2016\/10\/portugues-celebrando-o-dia-das-criancas\/#primaryimage"},"thumbnailUrl":"https:\/\/www.itakaescolapios.org\/wp-content\/uploads\/2016\/10\/12973583_147403492322607_6488901273685460569_o.jpg","articleSection":["Governador Valadares"],"inLanguage":"en-US"},{"@type":"WebPage","@id":"https:\/\/www.itakaescolapios.org\/en\/2016\/10\/portugues-celebrando-o-dia-das-criancas\/","url":"https:\/\/www.itakaescolapios.org\/en\/2016\/10\/portugues-celebrando-o-dia-das-criancas\/","name":"- Proofs in Itaka-Escolapios","isPartOf":{"@id":"https:\/\/www.itakaescolapios.org\/es\/#website"},"primaryImageOfPage":{"@id":"https:\/\/www.itakaescolapios.org\/en\/2016\/10\/portugues-celebrando-o-dia-das-criancas\/#primaryimage"},"image":{"@id":"https:\/\/www.itakaescolapios.org\/en\/2016\/10\/portugues-celebrando-o-dia-das-criancas\/#primaryimage"},"thumbnailUrl":"https:\/\/www.itakaescolapios.org\/wp-content\/uploads\/2016\/10\/12973583_147403492322607_6488901273685460569_o.jpg","datePublished":"2016-10-19T16:46:52+00:00","dateModified":"2023-11-28T11:38:20+00:00","inLanguage":"en-US","potentialAction":[{"@type":"ReadAction","target":["https:\/\/www.itakaescolapios.org\/en\/2016\/10\/portugues-celebrando-o-dia-das-criancas\/"]}]},{"@type":"ImageObject","inLanguage":"en-US","@id":"https:\/\/www.itakaescolapios.org\/en\/2016\/10\/portugues-celebrando-o-dia-das-criancas\/#primaryimage","url":"https:\/\/www.itakaescolapios.org\/wp-content\/uploads\/2016\/10\/12973583_147403492322607_6488901273685460569_o.jpg","contentUrl":"https:\/\/www.itakaescolapios.org\/wp-content\/uploads\/2016\/10\/12973583_147403492322607_6488901273685460569_o.jpg","width":2048,"height":1367},{"@type":"WebSite","@id":"https:\/\/www.itakaescolapios.org\/en\/es\/#website","url":"https:\/\/www.itakaescolapios.org\/en\/es\/","name":"Itaka-Escolapios","description":"Red de Itaka-Escolapios","publisher":{"@id":"https:\/\/www.itakaescolapios.org\/en\/es\/#organization"},"potentialAction":[{"@type":"SearchAction","target":{"@type":"EntryPoint","urlTemplate":"https:\/\/www.itakaescolapios.org\/en\/es\/?s={search_term_string}"},"query-input":{"@type":"PropertyValueSpecification","valueRequired":true,"valueName":"search_term_string"}}],"inLanguage":"en-US"},{"@type":"Organization","@id":"https:\/\/www.itakaescolapios.org\/en\/es\/#organization","name":"Fundaci\u00f3 Itaka-Escolapios","url":"https:\/\/www.itakaescolapios.org\/en\/es\/","logo":{"@type":"ImageObject","inLanguage":"en-US","@id":"https:\/\/www.itakaescolapios.org\/en\/es\/#\/schema\/logo\/image\/","url":"https:\/\/www.itakaescolapios.org\/wp-content\/uploads\/2024\/04\/Logo-itakaescolapios-peque.png","contentUrl":"https:\/\/www.itakaescolapios.org\/wp-content\/uploads\/2024\/04\/Logo-itakaescolapios-peque.png","width":500,"height":199,"caption":"Fundaci\u00f3 Itaka-Escolapios"},"image":{"@id":"https:\/\/www.itakaescolapios.org\/en\/es\/#\/schema\/logo\/image\/"}},{"@type":"Person","@id":"https:\/\/www.itakaescolapios.org\/es\/#\/schema\/person\/9c761c62049293fc36e6c91e429de3d5","name":"brasil03","url":"https:\/\/www.itakaescolapios.org\/en\/author\/brasil03\/"}]}},"_links":{"self":[{"href":"https:\/\/www.itakaescolapios.org\/en\/wp-json\/wp\/v2\/posts\/16752","targetHints":{"allow":["GET"]}}],"collection":[{"href":"https:\/\/www.itakaescolapios.org\/en\/wp-json\/wp\/v2\/posts"}],"about":[{"href":"https:\/\/www.itakaescolapios.org\/en\/wp-json\/wp\/v2\/types\/post"}],"author":[{"embeddable":true,"href":"https:\/\/www.itakaescolapios.org\/en\/wp-json\/wp\/v2\/users\/11"}],"replies":[{"embeddable":true,"href":"https:\/\/www.itakaescolapios.org\/en\/wp-json\/wp\/v2\/comments?post=16752"}],"version-history":[{"count":5,"href":"https:\/\/www.itakaescolapios.org\/en\/wp-json\/wp\/v2\/posts\/16752\/revisions"}],"predecessor-version":[{"id":48166,"href":"https:\/\/www.itakaescolapios.org\/en\/wp-json\/wp\/v2\/posts\/16752\/revisions\/48166"}],"wp:featuredmedia":[{"embeddable":true,"href":"https:\/\/www.itakaescolapios.org\/en\/wp-json\/wp\/v2\/media\/16756"}],"wp:attachment":[{"href":"https:\/\/www.itakaescolapios.org\/en\/wp-json\/wp\/v2\/media?parent=16752"}],"wp:term":[{"taxonomy":"category","embeddable":true,"href":"https:\/\/www.itakaescolapios.org\/en\/wp-json\/wp\/v2\/categories?post=16752"},{"taxonomy":"post_tag","embeddable":true,"href":"https:\/\/www.itakaescolapios.org\/en\/wp-json\/wp\/v2\/tags?post=16752"}],"curies":[{"name":"wp","href":"https:\/\/api.w.org\/{rel}","templated":true}]}}