{"id":18100,"date":"2017-02-08T17:52:13","date_gmt":"2017-02-08T16:52:13","guid":{"rendered":"https:\/\/www.itakaescolapios.org\/?p=18100"},"modified":"2023-11-28T12:38:13","modified_gmt":"2023-11-28T11:38:13","slug":"donativo-de-sodexo-iberia-para-camerun","status":"publish","type":"post","link":"https:\/\/www.itakaescolapios.org\/en\/2017\/02\/donativo-de-sodexo-iberia-para-camerun\/","title":{"rendered":"Donativo de Sodexo-Iberia para Camer\u00fan"},"content":{"rendered":"<p><i>Sodexo Iberia, empresa proveedora de los servicios de comedor del\u00a0Colegio Escolapios Genil de Granada y Escolapios de Sevilla, en Andaluc\u00eda, \u00a0nos ha hecho entrega de 5.968,86 \u20ac, que ser\u00e1n destinados a los proyectos de Camer\u00fan. Esta aportaci\u00f3n llegar\u00e1 a m\u00e1s de 3.300 ni\u00f1os y ni\u00f1as, por lo que a<\/i><i>gradecemos a Sodexo el compromiso y el esfuerzo.\n\t\t<style type=\"text\/css\">\n\t\t\t#gallery-1 {\n\t\t\t\tmargin: auto;\n\t\t\t}\n\t\t\t#gallery-1 .gallery-item {\n\t\t\t\tfloat: left;\n\t\t\t\tmargin-top: 10px;\n\t\t\t\ttext-align: center;\n\t\t\t\twidth: 33%;\n\t\t\t}\n\t\t\t#gallery-1 img {\n\t\t\t\tborder: 2px solid #cfcfcf;\n\t\t\t}\n\t\t\t#gallery-1 .gallery-caption {\n\t\t\t\tmargin-left: 0;\n\t\t\t}\n\t\t\t\/* see gallery_shortcode() in wp-includes\/media.php *\/\n\t\t<\/style>\n\t\t<div id='gallery-1' class='gallery galleryid-18100 gallery-columns-3 gallery-size-thumbnail'><dl class='gallery-item'>\n\t\t\t<dt class='gallery-icon landscape'>\n\t\t\t\t<a href='https:\/\/www.itakaescolapios.org\/en\/2017\/02\/donativo-de-sodexo-iberia-para-camerun\/1-9\/'><img decoding=\"async\" width=\"90\" height=\"90\" src=\"https:\/\/www.itakaescolapios.org\/wp-content\/uploads\/2017\/02\/1-90x90.jpg\" class=\"attachment-thumbnail size-thumbnail\" alt=\"\" \/><\/a>\n\t\t\t<\/dt><\/dl><dl class='gallery-item'>\n\t\t\t<dt class='gallery-icon landscape'>\n\t\t\t\t<a href='https:\/\/www.itakaescolapios.org\/en\/2017\/02\/donativo-de-sodexo-iberia-para-camerun\/4-9\/'><img decoding=\"async\" width=\"90\" height=\"90\" src=\"https:\/\/www.itakaescolapios.org\/wp-content\/uploads\/2017\/02\/4-90x90.jpg\" class=\"attachment-thumbnail size-thumbnail\" alt=\"\" \/><\/a>\n\t\t\t<\/dt><\/dl><dl class='gallery-item'>\n\t\t\t<dt class='gallery-icon landscape'>\n\t\t\t\t<a href='https:\/\/www.itakaescolapios.org\/en\/2017\/02\/donativo-de-sodexo-iberia-para-camerun\/3-5\/'><img decoding=\"async\" width=\"90\" height=\"90\" src=\"https:\/\/www.itakaescolapios.org\/wp-content\/uploads\/2017\/02\/3-90x90.jpg\" class=\"attachment-thumbnail size-thumbnail\" alt=\"\" \/><\/a>\n\t\t\t<\/dt><\/dl><br style=\"clear: both\" \/><dl class='gallery-item'>\n\t\t\t<dt class='gallery-icon landscape'>\n\t\t\t\t<a href='https:\/\/www.itakaescolapios.org\/en\/2017\/02\/donativo-de-sodexo-iberia-para-camerun\/2-7\/'><img decoding=\"async\" width=\"90\" height=\"90\" src=\"https:\/\/www.itakaescolapios.org\/wp-content\/uploads\/2017\/02\/2-90x90.jpg\" class=\"attachment-thumbnail size-thumbnail\" alt=\"\" \/><\/a>\n\t\t\t<\/dt><\/dl>\n\t\t\t<br style='clear: both' \/>\n\t\t<\/div>\n<\/p>\n<p><\/i><\/p>\n<p>&nbsp;<\/p>\n","protected":false},"excerpt":{"rendered":"<p>Sodexo Iberia, empresa proveedora de los servicios de comedor del\u00a0Colegio Escolapios Genil de Granada y Escolapios de Sevilla, en Andaluc\u00eda, \u00a0nos ha hecho entrega de 5.968,86 \u20ac, que ser\u00e1n destinados [&hellip;]<\/p>\n","protected":false},"author":25,"featured_media":18101,"comment_status":"closed","ping_status":"closed","sticky":false,"template":"","format":"standard","meta":{"_et_pb_use_builder":"","_et_pb_old_content":"","_et_gb_content_width":"","footnotes":""},"categories":[11,30],"tags":[],"class_list":["post-18100","post","type-post","status-publish","format-standard","has-post-thumbnail","hentry","category-granada","category-itaka-escolapios"],"yoast_head":"<!-- This site is optimized with the Yoast SEO plugin v27.4 - https:\/\/yoast.com\/product\/yoast-seo-wordpress\/ -->\n<title>Donativo de Sodexo-Iberia para Camer\u00fan<\/title>\n<meta name=\"description\" content=\"Sodexo Iberia, empresa proveedora de los servicios de comedor del\u00a0Colegio Escolapios Genil de Granada y Escolapios de Sevilla, en Andaluc\u00eda, \u00a0nos ha hecho entrega de 5.968,86 \u20ac, que ser\u00e1n destinados a los proyectos de Camer\u00fan. Esta aportaci\u00f3n llegar\u00e1 a m\u00e1s de 3.300 ni\u00f1os y ni\u00f1as, por lo que agradecemos a Sodexo el compromiso y el&hellip;\" \/>\n<meta name=\"robots\" content=\"index, follow, max-snippet:-1, max-image-preview:large, max-video-preview:-1\" \/>\n<link rel=\"canonical\" href=\"http:\/\/Sodexo%20Iberia,%20empresa%20proveedora%20de%20los%20servicios%20de%20comedor%20del\u00a0Colegio%20Escolapios%20Genil%20de%20Granada%20y%20Escolapios%20de%20Sevilla,%20en%20Andaluc\u00eda,%20\u00a0nos%20ha%20hecho%20entrega%20de%205.968,86%20\u20ac,%20que%20ser\u00e1n%20destinados%20a%20los%20proyectos%20de%20Camer\u00fan.%20Esta%20aportaci\u00f3n%20llegar\u00e1%20a%20m\u00e1s%20de%203.300%20ni\u00f1os%20y%20ni\u00f1as,%20por%20lo%20que%20agradecemos%20a%20Sodexo%20el%20compromiso%20y%20el&hellip;\" \/>\n<meta property=\"og:locale\" content=\"en_US\" \/>\n<meta property=\"og:type\" content=\"article\" \/>\n<meta property=\"og:title\" content=\"Donativo de Sodexo-Iberia para Camer\u00fan\" \/>\n<meta property=\"og:description\" content=\"Sodexo Iberia, empresa proveedora de los servicios de comedor del\u00a0Colegio Escolapios Genil de Granada y Escolapios de Sevilla, en Andaluc\u00eda, \u00a0nos ha hecho entrega de 5.968,86 \u20ac, que ser\u00e1n destinados a los proyectos de Camer\u00fan. Esta aportaci\u00f3n llegar\u00e1 a m\u00e1s de 3.300 ni\u00f1os y ni\u00f1as, por lo que agradecemos a Sodexo el compromiso y el&hellip;\" \/>\n<meta property=\"og:url\" content=\"https:\/\/www.itakaescolapios.org\/en\/2017\/02\/donativo-de-sodexo-iberia-para-camerun\/\" \/>\n<meta property=\"og:site_name\" content=\"Proofs in Itaka-Escolapios\" \/>\n<meta property=\"article:published_time\" content=\"2017-02-08T16:52:13+00:00\" \/>\n<meta property=\"article:modified_time\" content=\"2023-11-28T11:38:13+00:00\" \/>\n<meta property=\"og:image\" content=\"https:\/\/www.itakaescolapios.org\/wp-content\/uploads\/2017\/02\/1.jpg\" \/>\n\t<meta property=\"og:image:width\" content=\"1600\" \/>\n\t<meta property=\"og:image:height\" content=\"900\" \/>\n\t<meta property=\"og:image:type\" content=\"image\/jpeg\" \/>\n<meta name=\"author\" content=\"granada01\" \/>\n<meta name=\"twitter:card\" content=\"summary_large_image\" \/>\n<meta name=\"twitter:label1\" content=\"Written by\" \/>\n\t<meta name=\"twitter:data1\" content=\"granada01\" \/>\n<script type=\"application\/ld+json\" class=\"yoast-schema-graph\">{\"@context\":\"https:\\\/\\\/schema.org\",\"@graph\":[{\"@type\":\"Article\",\"@id\":\"https:\\\/\\\/www.itakaescolapios.org\\\/en\\\/2017\\\/02\\\/donativo-de-sodexo-iberia-para-camerun\\\/#article\",\"isPartOf\":{\"@id\":\"https:\\\/\\\/www.itakaescolapios.org\\\/en\\\/2017\\\/02\\\/donativo-de-sodexo-iberia-para-camerun\\\/\"},\"author\":{\"name\":\"granada01\",\"@id\":\"https:\\\/\\\/www.itakaescolapios.org\\\/es\\\/#\\\/schema\\\/person\\\/1a1a06b7cd775a7ac4567252df659ec9\"},\"headline\":\"Donativo de Sodexo-Iberia para Camer\u00fan\",\"datePublished\":\"2017-02-08T16:52:13+00:00\",\"dateModified\":\"2023-11-28T11:38:13+00:00\",\"mainEntityOfPage\":{\"@id\":\"https:\\\/\\\/www.itakaescolapios.org\\\/en\\\/2017\\\/02\\\/donativo-de-sodexo-iberia-para-camerun\\\/\"},\"wordCount\":71,\"publisher\":{\"@id\":\"https:\\\/\\\/www.itakaescolapios.org\\\/es\\\/#organization\"},\"image\":{\"@id\":\"https:\\\/\\\/www.itakaescolapios.org\\\/en\\\/2017\\\/02\\\/donativo-de-sodexo-iberia-para-camerun\\\/#primaryimage\"},\"thumbnailUrl\":\"https:\\\/\\\/www.itakaescolapios.org\\\/wp-content\\\/uploads\\\/2017\\\/02\\\/1.jpg\",\"articleSection\":[\"Granada\",\"Itaka Escolapios\"],\"inLanguage\":\"en-US\"},{\"@type\":\"WebPage\",\"@id\":\"https:\\\/\\\/www.itakaescolapios.org\\\/en\\\/2017\\\/02\\\/donativo-de-sodexo-iberia-para-camerun\\\/\",\"url\":\"https:\\\/\\\/www.itakaescolapios.org\\\/en\\\/2017\\\/02\\\/donativo-de-sodexo-iberia-para-camerun\\\/\",\"name\":\"Donativo de Sodexo-Iberia para Camer\u00fan - Proofs in Itaka-Escolapios\",\"isPartOf\":{\"@id\":\"https:\\\/\\\/www.itakaescolapios.org\\\/es\\\/#website\"},\"primaryImageOfPage\":{\"@id\":\"https:\\\/\\\/www.itakaescolapios.org\\\/en\\\/2017\\\/02\\\/donativo-de-sodexo-iberia-para-camerun\\\/#primaryimage\"},\"image\":{\"@id\":\"https:\\\/\\\/www.itakaescolapios.org\\\/en\\\/2017\\\/02\\\/donativo-de-sodexo-iberia-para-camerun\\\/#primaryimage\"},\"thumbnailUrl\":\"https:\\\/\\\/www.itakaescolapios.org\\\/wp-content\\\/uploads\\\/2017\\\/02\\\/1.jpg\",\"datePublished\":\"2017-02-08T16:52:13+00:00\",\"dateModified\":\"2023-11-28T11:38:13+00:00\",\"breadcrumb\":{\"@id\":\"https:\\\/\\\/www.itakaescolapios.org\\\/en\\\/2017\\\/02\\\/donativo-de-sodexo-iberia-para-camerun\\\/#breadcrumb\"},\"inLanguage\":\"en-US\",\"potentialAction\":[{\"@type\":\"ReadAction\",\"target\":[\"https:\\\/\\\/www.itakaescolapios.org\\\/en\\\/2017\\\/02\\\/donativo-de-sodexo-iberia-para-camerun\\\/\"]}]},{\"@type\":\"ImageObject\",\"inLanguage\":\"en-US\",\"@id\":\"https:\\\/\\\/www.itakaescolapios.org\\\/en\\\/2017\\\/02\\\/donativo-de-sodexo-iberia-para-camerun\\\/#primaryimage\",\"url\":\"https:\\\/\\\/www.itakaescolapios.org\\\/wp-content\\\/uploads\\\/2017\\\/02\\\/1.jpg\",\"contentUrl\":\"https:\\\/\\\/www.itakaescolapios.org\\\/wp-content\\\/uploads\\\/2017\\\/02\\\/1.jpg\",\"width\":1600,\"height\":900},{\"@type\":\"BreadcrumbList\",\"@id\":\"https:\\\/\\\/www.itakaescolapios.org\\\/en\\\/2017\\\/02\\\/donativo-de-sodexo-iberia-para-camerun\\\/#breadcrumb\",\"itemListElement\":[{\"@type\":\"ListItem\",\"position\":1,\"name\":\"Proof\",\"item\":\"https:\\\/\\\/www.itakaescolapios.org\\\/es\\\/\"},{\"@type\":\"ListItem\",\"position\":2,\"name\":\"Donativo de Sodexo-Iberia para Camer\u00fan\"}]},{\"@type\":\"WebSite\",\"@id\":\"https:\\\/\\\/www.itakaescolapios.org\\\/en\\\/es\\\/#website\",\"url\":\"https:\\\/\\\/www.itakaescolapios.org\\\/en\\\/es\\\/\",\"name\":\"Itaka-Escolapios\",\"description\":\"Red de Itaka-Escolapios\",\"publisher\":{\"@id\":\"https:\\\/\\\/www.itakaescolapios.org\\\/en\\\/es\\\/#organization\"},\"potentialAction\":[{\"@type\":\"SearchAction\",\"target\":{\"@type\":\"EntryPoint\",\"urlTemplate\":\"https:\\\/\\\/www.itakaescolapios.org\\\/en\\\/es\\\/?s={search_term_string}\"},\"query-input\":{\"@type\":\"PropertyValueSpecification\",\"valueRequired\":true,\"valueName\":\"search_term_string\"}}],\"inLanguage\":\"en-US\"},{\"@type\":\"Organization\",\"@id\":\"https:\\\/\\\/www.itakaescolapios.org\\\/en\\\/es\\\/#organization\",\"name\":\"Fundaci\u00f3 Itaka-Escolapios\",\"url\":\"https:\\\/\\\/www.itakaescolapios.org\\\/en\\\/es\\\/\",\"logo\":{\"@type\":\"ImageObject\",\"inLanguage\":\"en-US\",\"@id\":\"https:\\\/\\\/www.itakaescolapios.org\\\/en\\\/es\\\/#\\\/schema\\\/logo\\\/image\\\/\",\"url\":\"https:\\\/\\\/www.itakaescolapios.org\\\/wp-content\\\/uploads\\\/2024\\\/04\\\/Logo-itakaescolapios-peque.png\",\"contentUrl\":\"https:\\\/\\\/www.itakaescolapios.org\\\/wp-content\\\/uploads\\\/2024\\\/04\\\/Logo-itakaescolapios-peque.png\",\"width\":500,\"height\":199,\"caption\":\"Fundaci\u00f3 Itaka-Escolapios\"},\"image\":{\"@id\":\"https:\\\/\\\/www.itakaescolapios.org\\\/en\\\/es\\\/#\\\/schema\\\/logo\\\/image\\\/\"}},{\"@type\":\"Person\",\"@id\":\"https:\\\/\\\/www.itakaescolapios.org\\\/es\\\/#\\\/schema\\\/person\\\/1a1a06b7cd775a7ac4567252df659ec9\",\"name\":\"granada01\",\"url\":\"https:\\\/\\\/www.itakaescolapios.org\\\/en\\\/author\\\/granada01\\\/\"}]}<\/script>\n<!-- \/ Yoast SEO plugin. -->","yoast_head_json":{"title":"Donativo de Sodexo-Iberia para Camer\u00fan","description":"Sodexo Iberia, empresa proveedora de los servicios de comedor del\u00a0Colegio Escolapios Genil de Granada y Escolapios de Sevilla, en Andaluc\u00eda, \u00a0nos ha hecho entrega de 5.968,86 \u20ac, que ser\u00e1n destinados a los proyectos de Camer\u00fan. Esta aportaci\u00f3n llegar\u00e1 a m\u00e1s de 3.300 ni\u00f1os y ni\u00f1as, por lo que agradecemos a Sodexo el compromiso y el&hellip;","robots":{"index":"index","follow":"follow","max-snippet":"max-snippet:-1","max-image-preview":"max-image-preview:large","max-video-preview":"max-video-preview:-1"},"canonical":"Sodexo Iberia, empresa proveedora de los servicios de comedor del\u00a0Colegio Escolapios Genil de Granada y Escolapios de Sevilla, en Andaluc\u00eda, \u00a0nos ha hecho entrega de 5.968,86 \u20ac, que ser\u00e1n destinados a los proyectos de Camer\u00fan. Esta aportaci\u00f3n llegar\u00e1 a m\u00e1s de 3.300 ni\u00f1os y ni\u00f1as, por lo que agradecemos a Sodexo el compromiso y el&hellip;","og_locale":"en_US","og_type":"article","og_title":"Donativo de Sodexo-Iberia para Camer\u00fan","og_description":"Sodexo Iberia, empresa proveedora de los servicios de comedor del\u00a0Colegio Escolapios Genil de Granada y Escolapios de Sevilla, en Andaluc\u00eda, \u00a0nos ha hecho entrega de 5.968,86 \u20ac, que ser\u00e1n destinados a los proyectos de Camer\u00fan. Esta aportaci\u00f3n llegar\u00e1 a m\u00e1s de 3.300 ni\u00f1os y ni\u00f1as, por lo que agradecemos a Sodexo el compromiso y el&hellip;","og_url":"https:\/\/www.itakaescolapios.org\/en\/2017\/02\/donativo-de-sodexo-iberia-para-camerun\/","og_site_name":"Proofs in Itaka-Escolapios","article_published_time":"2017-02-08T16:52:13+00:00","article_modified_time":"2023-11-28T11:38:13+00:00","og_image":[{"width":1600,"height":900,"url":"https:\/\/www.itakaescolapios.org\/wp-content\/uploads\/2017\/02\/1.jpg","type":"image\/jpeg"}],"author":"granada01","twitter_card":"summary_large_image","twitter_misc":{"Written by":"granada01"},"schema":{"@context":"https:\/\/schema.org","@graph":[{"@type":"Article","@id":"https:\/\/www.itakaescolapios.org\/en\/2017\/02\/donativo-de-sodexo-iberia-para-camerun\/#article","isPartOf":{"@id":"https:\/\/www.itakaescolapios.org\/en\/2017\/02\/donativo-de-sodexo-iberia-para-camerun\/"},"author":{"name":"granada01","@id":"https:\/\/www.itakaescolapios.org\/es\/#\/schema\/person\/1a1a06b7cd775a7ac4567252df659ec9"},"headline":"Donativo de Sodexo-Iberia para Camer\u00fan","datePublished":"2017-02-08T16:52:13+00:00","dateModified":"2023-11-28T11:38:13+00:00","mainEntityOfPage":{"@id":"https:\/\/www.itakaescolapios.org\/en\/2017\/02\/donativo-de-sodexo-iberia-para-camerun\/"},"wordCount":71,"publisher":{"@id":"https:\/\/www.itakaescolapios.org\/es\/#organization"},"image":{"@id":"https:\/\/www.itakaescolapios.org\/en\/2017\/02\/donativo-de-sodexo-iberia-para-camerun\/#primaryimage"},"thumbnailUrl":"https:\/\/www.itakaescolapios.org\/wp-content\/uploads\/2017\/02\/1.jpg","articleSection":["Granada","Itaka Escolapios"],"inLanguage":"en-US"},{"@type":"WebPage","@id":"https:\/\/www.itakaescolapios.org\/en\/2017\/02\/donativo-de-sodexo-iberia-para-camerun\/","url":"https:\/\/www.itakaescolapios.org\/en\/2017\/02\/donativo-de-sodexo-iberia-para-camerun\/","name":"Donativo de Sodexo-Iberia para Camer\u00fan - Proofs in Itaka-Escolapios","isPartOf":{"@id":"https:\/\/www.itakaescolapios.org\/es\/#website"},"primaryImageOfPage":{"@id":"https:\/\/www.itakaescolapios.org\/en\/2017\/02\/donativo-de-sodexo-iberia-para-camerun\/#primaryimage"},"image":{"@id":"https:\/\/www.itakaescolapios.org\/en\/2017\/02\/donativo-de-sodexo-iberia-para-camerun\/#primaryimage"},"thumbnailUrl":"https:\/\/www.itakaescolapios.org\/wp-content\/uploads\/2017\/02\/1.jpg","datePublished":"2017-02-08T16:52:13+00:00","dateModified":"2023-11-28T11:38:13+00:00","breadcrumb":{"@id":"https:\/\/www.itakaescolapios.org\/en\/2017\/02\/donativo-de-sodexo-iberia-para-camerun\/#breadcrumb"},"inLanguage":"en-US","potentialAction":[{"@type":"ReadAction","target":["https:\/\/www.itakaescolapios.org\/en\/2017\/02\/donativo-de-sodexo-iberia-para-camerun\/"]}]},{"@type":"ImageObject","inLanguage":"en-US","@id":"https:\/\/www.itakaescolapios.org\/en\/2017\/02\/donativo-de-sodexo-iberia-para-camerun\/#primaryimage","url":"https:\/\/www.itakaescolapios.org\/wp-content\/uploads\/2017\/02\/1.jpg","contentUrl":"https:\/\/www.itakaescolapios.org\/wp-content\/uploads\/2017\/02\/1.jpg","width":1600,"height":900},{"@type":"BreadcrumbList","@id":"https:\/\/www.itakaescolapios.org\/en\/2017\/02\/donativo-de-sodexo-iberia-para-camerun\/#breadcrumb","itemListElement":[{"@type":"ListItem","position":1,"name":"Proof","item":"https:\/\/www.itakaescolapios.org\/es\/"},{"@type":"ListItem","position":2,"name":"Donativo de Sodexo-Iberia para Camer\u00fan"}]},{"@type":"WebSite","@id":"https:\/\/www.itakaescolapios.org\/en\/es\/#website","url":"https:\/\/www.itakaescolapios.org\/en\/es\/","name":"Itaka-Escolapios","description":"Red de Itaka-Escolapios","publisher":{"@id":"https:\/\/www.itakaescolapios.org\/en\/es\/#organization"},"potentialAction":[{"@type":"SearchAction","target":{"@type":"EntryPoint","urlTemplate":"https:\/\/www.itakaescolapios.org\/en\/es\/?s={search_term_string}"},"query-input":{"@type":"PropertyValueSpecification","valueRequired":true,"valueName":"search_term_string"}}],"inLanguage":"en-US"},{"@type":"Organization","@id":"https:\/\/www.itakaescolapios.org\/en\/es\/#organization","name":"Fundaci\u00f3 Itaka-Escolapios","url":"https:\/\/www.itakaescolapios.org\/en\/es\/","logo":{"@type":"ImageObject","inLanguage":"en-US","@id":"https:\/\/www.itakaescolapios.org\/en\/es\/#\/schema\/logo\/image\/","url":"https:\/\/www.itakaescolapios.org\/wp-content\/uploads\/2024\/04\/Logo-itakaescolapios-peque.png","contentUrl":"https:\/\/www.itakaescolapios.org\/wp-content\/uploads\/2024\/04\/Logo-itakaescolapios-peque.png","width":500,"height":199,"caption":"Fundaci\u00f3 Itaka-Escolapios"},"image":{"@id":"https:\/\/www.itakaescolapios.org\/en\/es\/#\/schema\/logo\/image\/"}},{"@type":"Person","@id":"https:\/\/www.itakaescolapios.org\/es\/#\/schema\/person\/1a1a06b7cd775a7ac4567252df659ec9","name":"granada01","url":"https:\/\/www.itakaescolapios.org\/en\/author\/granada01\/"}]}},"_links":{"self":[{"href":"https:\/\/www.itakaescolapios.org\/en\/wp-json\/wp\/v2\/posts\/18100","targetHints":{"allow":["GET"]}}],"collection":[{"href":"https:\/\/www.itakaescolapios.org\/en\/wp-json\/wp\/v2\/posts"}],"about":[{"href":"https:\/\/www.itakaescolapios.org\/en\/wp-json\/wp\/v2\/types\/post"}],"author":[{"embeddable":true,"href":"https:\/\/www.itakaescolapios.org\/en\/wp-json\/wp\/v2\/users\/25"}],"replies":[{"embeddable":true,"href":"https:\/\/www.itakaescolapios.org\/en\/wp-json\/wp\/v2\/comments?post=18100"}],"version-history":[{"count":5,"href":"https:\/\/www.itakaescolapios.org\/en\/wp-json\/wp\/v2\/posts\/18100\/revisions"}],"predecessor-version":[{"id":47951,"href":"https:\/\/www.itakaescolapios.org\/en\/wp-json\/wp\/v2\/posts\/18100\/revisions\/47951"}],"wp:featuredmedia":[{"embeddable":true,"href":"https:\/\/www.itakaescolapios.org\/en\/wp-json\/wp\/v2\/media\/18101"}],"wp:attachment":[{"href":"https:\/\/www.itakaescolapios.org\/en\/wp-json\/wp\/v2\/media?parent=18100"}],"wp:term":[{"taxonomy":"category","embeddable":true,"href":"https:\/\/www.itakaescolapios.org\/en\/wp-json\/wp\/v2\/categories?post=18100"},{"taxonomy":"post_tag","embeddable":true,"href":"https:\/\/www.itakaescolapios.org\/en\/wp-json\/wp\/v2\/tags?post=18100"}],"curies":[{"name":"wp","href":"https:\/\/api.w.org\/{rel}","templated":true}]}}