{"id":19265,"date":"2017-05-16T12:33:32","date_gmt":"2017-05-16T11:33:32","guid":{"rendered":"https:\/\/www.itakaescolapios.org\/?p=19265"},"modified":"2023-11-28T12:38:03","modified_gmt":"2023-11-28T11:38:03","slug":"portugues-homenagens-as-maes-do-projeto-jornada-ampliada","status":"publish","type":"post","link":"https:\/\/www.itakaescolapios.org\/en\/2017\/05\/portugues-homenagens-as-maes-do-projeto-jornada-ampliada\/","title":{"rendered":""},"content":{"rendered":"<p><!--:pt-->Uma forma de expressar carinho<br \/>\nEst\u00e1 no ato de cantar.<br \/>\nQuantas fezes ainda no \u00fatero quentinho,<br \/>\nOuvimos c\u00e2nticos de ninar.<br \/>\nNascemos e aprendemos<br \/>\nAo ouvirmos nossas m\u00e3es cantarem<br \/>\nE nesta noite fizemos<br \/>\nCom c\u00e2nticos todas se alegrarem<br \/>\nAs crian\u00e7as e adolescentes expressaram seus sentimentos<br \/>\nPor meio de c\u00e2nticos religiosos e populares,<br \/>\nE sentimos todo o contentamento<br \/>\nQue as Mam\u00e3es demonstraram em seus olhares<!--:--><\/p>\n","protected":false},"excerpt":{"rendered":"<p>Uma forma de expressar carinho Est\u00e1 no ato de cantar. Quantas fezes ainda no \u00fatero quentinho, Ouvimos c\u00e2nticos de ninar. Nascemos e aprendemos Ao ouvirmos nossas m\u00e3es cantarem E nesta [&hellip;]<\/p>\n","protected":false},"author":11,"featured_media":19267,"comment_status":"closed","ping_status":"closed","sticky":false,"template":"","format":"standard","meta":{"_et_pb_use_builder":"","_et_pb_old_content":"","_et_gb_content_width":"","footnotes":""},"categories":[16],"tags":[],"class_list":["post-19265","post","type-post","status-publish","format-standard","has-post-thumbnail","hentry","category-governador-valadares"],"yoast_head":"<!-- This site is optimized with the Yoast SEO plugin v27.4 - https:\/\/yoast.com\/product\/yoast-seo-wordpress\/ -->\n<title>- Proofs in Itaka-Escolapios<\/title>\n<meta name=\"description\" content=\"Uma forma de expressar carinho Est\u00e1 no ato de cantar. Quantas fezes ainda no \u00fatero quentinho, Ouvimos c\u00e2nticos de ninar. Nascemos e aprendemos Ao ouvirmos nossas m\u00e3es cantarem E nesta noite fizemos Com c\u00e2nticos todas se alegrarem As crian\u00e7as e adolescentes expressaram seus sentimentos Por meio de c\u00e2nticos religiosos e populares, E sentimos todo o&hellip;\" \/>\n<meta name=\"robots\" content=\"index, follow, max-snippet:-1, max-image-preview:large, max-video-preview:-1\" \/>\n<link rel=\"canonical\" href=\"http:\/\/Uma%20forma%20de%20expressar%20carinho%20Est\u00e1%20no%20ato%20de%20cantar.%20Quantas%20fezes%20ainda%20no%20\u00fatero%20quentinho,%20Ouvimos%20c\u00e2nticos%20de%20ninar.%20Nascemos%20e%20aprendemos%20Ao%20ouvirmos%20nossas%20m\u00e3es%20cantarem%20E%20nesta%20noite%20fizemos%20Com%20c\u00e2nticos%20todas%20se%20alegrarem%20As%20crian\u00e7as%20e%20adolescentes%20expressaram%20seus%20sentimentos%20Por%20meio%20de%20c\u00e2nticos%20religiosos%20e%20populares,%20E%20sentimos%20todo%20o&hellip;\" \/>\n<meta property=\"og:locale\" content=\"en_US\" \/>\n<meta property=\"og:type\" content=\"article\" \/>\n<meta property=\"og:title\" content=\"- Proofs in Itaka-Escolapios\" \/>\n<meta property=\"og:description\" content=\"Uma forma de expressar carinho Est\u00e1 no ato de cantar. Quantas fezes ainda no \u00fatero quentinho, Ouvimos c\u00e2nticos de ninar. Nascemos e aprendemos Ao ouvirmos nossas m\u00e3es cantarem E nesta noite fizemos Com c\u00e2nticos todas se alegrarem As crian\u00e7as e adolescentes expressaram seus sentimentos Por meio de c\u00e2nticos religiosos e populares, E sentimos todo o&hellip;\" \/>\n<meta property=\"og:url\" content=\"https:\/\/www.itakaescolapios.org\/en\/2017\/05\/portugues-homenagens-as-maes-do-projeto-jornada-ampliada\/\" \/>\n<meta property=\"og:site_name\" content=\"Proofs in Itaka-Escolapios\" \/>\n<meta property=\"article:published_time\" content=\"2017-05-16T11:33:32+00:00\" \/>\n<meta property=\"article:modified_time\" content=\"2023-11-28T11:38:03+00:00\" \/>\n<meta property=\"og:image\" content=\"https:\/\/www.itakaescolapios.org\/wp-content\/uploads\/2017\/05\/18449368_374909932905294_3294294739973552080_o.jpg\" \/>\n\t<meta property=\"og:image:width\" content=\"2048\" \/>\n\t<meta property=\"og:image:height\" content=\"1367\" \/>\n\t<meta property=\"og:image:type\" content=\"image\/jpeg\" \/>\n<meta name=\"author\" content=\"brasil03\" \/>\n<meta name=\"twitter:card\" content=\"summary_large_image\" \/>\n<meta name=\"twitter:label1\" content=\"Written by\" \/>\n\t<meta name=\"twitter:data1\" content=\"brasil03\" \/>\n<script type=\"application\/ld+json\" class=\"yoast-schema-graph\">{\"@context\":\"https:\\\/\\\/schema.org\",\"@graph\":[{\"@type\":\"Article\",\"@id\":\"https:\\\/\\\/www.itakaescolapios.org\\\/en\\\/2017\\\/05\\\/portugues-homenagens-as-maes-do-projeto-jornada-ampliada\\\/#article\",\"isPartOf\":{\"@id\":\"https:\\\/\\\/www.itakaescolapios.org\\\/en\\\/2017\\\/05\\\/portugues-homenagens-as-maes-do-projeto-jornada-ampliada\\\/\"},\"author\":{\"name\":\"brasil03\",\"@id\":\"https:\\\/\\\/www.itakaescolapios.org\\\/es\\\/#\\\/schema\\\/person\\\/9c761c62049293fc36e6c91e429de3d5\"},\"headline\":\"No title\",\"datePublished\":\"2017-05-16T11:33:32+00:00\",\"dateModified\":\"2023-11-28T11:38:03+00:00\",\"mainEntityOfPage\":{\"@id\":\"https:\\\/\\\/www.itakaescolapios.org\\\/en\\\/2017\\\/05\\\/portugues-homenagens-as-maes-do-projeto-jornada-ampliada\\\/\"},\"wordCount\":69,\"publisher\":{\"@id\":\"https:\\\/\\\/www.itakaescolapios.org\\\/es\\\/#organization\"},\"image\":{\"@id\":\"https:\\\/\\\/www.itakaescolapios.org\\\/en\\\/2017\\\/05\\\/portugues-homenagens-as-maes-do-projeto-jornada-ampliada\\\/#primaryimage\"},\"thumbnailUrl\":\"https:\\\/\\\/www.itakaescolapios.org\\\/wp-content\\\/uploads\\\/2017\\\/05\\\/18449368_374909932905294_3294294739973552080_o.jpg\",\"articleSection\":[\"Governador Valadares\"],\"inLanguage\":\"en-US\"},{\"@type\":\"WebPage\",\"@id\":\"https:\\\/\\\/www.itakaescolapios.org\\\/en\\\/2017\\\/05\\\/portugues-homenagens-as-maes-do-projeto-jornada-ampliada\\\/\",\"url\":\"https:\\\/\\\/www.itakaescolapios.org\\\/en\\\/2017\\\/05\\\/portugues-homenagens-as-maes-do-projeto-jornada-ampliada\\\/\",\"name\":\"- Proofs in Itaka-Escolapios\",\"isPartOf\":{\"@id\":\"https:\\\/\\\/www.itakaescolapios.org\\\/es\\\/#website\"},\"primaryImageOfPage\":{\"@id\":\"https:\\\/\\\/www.itakaescolapios.org\\\/en\\\/2017\\\/05\\\/portugues-homenagens-as-maes-do-projeto-jornada-ampliada\\\/#primaryimage\"},\"image\":{\"@id\":\"https:\\\/\\\/www.itakaescolapios.org\\\/en\\\/2017\\\/05\\\/portugues-homenagens-as-maes-do-projeto-jornada-ampliada\\\/#primaryimage\"},\"thumbnailUrl\":\"https:\\\/\\\/www.itakaescolapios.org\\\/wp-content\\\/uploads\\\/2017\\\/05\\\/18449368_374909932905294_3294294739973552080_o.jpg\",\"datePublished\":\"2017-05-16T11:33:32+00:00\",\"dateModified\":\"2023-11-28T11:38:03+00:00\",\"inLanguage\":\"en-US\",\"potentialAction\":[{\"@type\":\"ReadAction\",\"target\":[\"https:\\\/\\\/www.itakaescolapios.org\\\/en\\\/2017\\\/05\\\/portugues-homenagens-as-maes-do-projeto-jornada-ampliada\\\/\"]}]},{\"@type\":\"ImageObject\",\"inLanguage\":\"en-US\",\"@id\":\"https:\\\/\\\/www.itakaescolapios.org\\\/en\\\/2017\\\/05\\\/portugues-homenagens-as-maes-do-projeto-jornada-ampliada\\\/#primaryimage\",\"url\":\"https:\\\/\\\/www.itakaescolapios.org\\\/wp-content\\\/uploads\\\/2017\\\/05\\\/18449368_374909932905294_3294294739973552080_o.jpg\",\"contentUrl\":\"https:\\\/\\\/www.itakaescolapios.org\\\/wp-content\\\/uploads\\\/2017\\\/05\\\/18449368_374909932905294_3294294739973552080_o.jpg\",\"width\":2048,\"height\":1367},{\"@type\":\"WebSite\",\"@id\":\"https:\\\/\\\/www.itakaescolapios.org\\\/en\\\/es\\\/#website\",\"url\":\"https:\\\/\\\/www.itakaescolapios.org\\\/en\\\/es\\\/\",\"name\":\"Itaka-Escolapios\",\"description\":\"Red de Itaka-Escolapios\",\"publisher\":{\"@id\":\"https:\\\/\\\/www.itakaescolapios.org\\\/en\\\/es\\\/#organization\"},\"potentialAction\":[{\"@type\":\"SearchAction\",\"target\":{\"@type\":\"EntryPoint\",\"urlTemplate\":\"https:\\\/\\\/www.itakaescolapios.org\\\/en\\\/es\\\/?s={search_term_string}\"},\"query-input\":{\"@type\":\"PropertyValueSpecification\",\"valueRequired\":true,\"valueName\":\"search_term_string\"}}],\"inLanguage\":\"en-US\"},{\"@type\":\"Organization\",\"@id\":\"https:\\\/\\\/www.itakaescolapios.org\\\/en\\\/es\\\/#organization\",\"name\":\"Fundaci\u00f3 Itaka-Escolapios\",\"url\":\"https:\\\/\\\/www.itakaescolapios.org\\\/en\\\/es\\\/\",\"logo\":{\"@type\":\"ImageObject\",\"inLanguage\":\"en-US\",\"@id\":\"https:\\\/\\\/www.itakaescolapios.org\\\/en\\\/es\\\/#\\\/schema\\\/logo\\\/image\\\/\",\"url\":\"https:\\\/\\\/www.itakaescolapios.org\\\/wp-content\\\/uploads\\\/2024\\\/04\\\/Logo-itakaescolapios-peque.png\",\"contentUrl\":\"https:\\\/\\\/www.itakaescolapios.org\\\/wp-content\\\/uploads\\\/2024\\\/04\\\/Logo-itakaescolapios-peque.png\",\"width\":500,\"height\":199,\"caption\":\"Fundaci\u00f3 Itaka-Escolapios\"},\"image\":{\"@id\":\"https:\\\/\\\/www.itakaescolapios.org\\\/en\\\/es\\\/#\\\/schema\\\/logo\\\/image\\\/\"}},{\"@type\":\"Person\",\"@id\":\"https:\\\/\\\/www.itakaescolapios.org\\\/es\\\/#\\\/schema\\\/person\\\/9c761c62049293fc36e6c91e429de3d5\",\"name\":\"brasil03\",\"url\":\"https:\\\/\\\/www.itakaescolapios.org\\\/en\\\/author\\\/brasil03\\\/\"}]}<\/script>\n<!-- \/ Yoast SEO plugin. -->","yoast_head_json":{"title":"- Proofs in Itaka-Escolapios","description":"Uma forma de expressar carinho Est\u00e1 no ato de cantar. Quantas fezes ainda no \u00fatero quentinho, Ouvimos c\u00e2nticos de ninar. Nascemos e aprendemos Ao ouvirmos nossas m\u00e3es cantarem E nesta noite fizemos Com c\u00e2nticos todas se alegrarem As crian\u00e7as e adolescentes expressaram seus sentimentos Por meio de c\u00e2nticos religiosos e populares, E sentimos todo o&hellip;","robots":{"index":"index","follow":"follow","max-snippet":"max-snippet:-1","max-image-preview":"max-image-preview:large","max-video-preview":"max-video-preview:-1"},"canonical":"Uma forma de expressar carinho Est\u00e1 no ato de cantar. Quantas fezes ainda no \u00fatero quentinho, Ouvimos c\u00e2nticos de ninar. Nascemos e aprendemos Ao ouvirmos nossas m\u00e3es cantarem E nesta noite fizemos Com c\u00e2nticos todas se alegrarem As crian\u00e7as e adolescentes expressaram seus sentimentos Por meio de c\u00e2nticos religiosos e populares, E sentimos todo o&hellip;","og_locale":"en_US","og_type":"article","og_title":"- Proofs in Itaka-Escolapios","og_description":"Uma forma de expressar carinho Est\u00e1 no ato de cantar. Quantas fezes ainda no \u00fatero quentinho, Ouvimos c\u00e2nticos de ninar. Nascemos e aprendemos Ao ouvirmos nossas m\u00e3es cantarem E nesta noite fizemos Com c\u00e2nticos todas se alegrarem As crian\u00e7as e adolescentes expressaram seus sentimentos Por meio de c\u00e2nticos religiosos e populares, E sentimos todo o&hellip;","og_url":"https:\/\/www.itakaescolapios.org\/en\/2017\/05\/portugues-homenagens-as-maes-do-projeto-jornada-ampliada\/","og_site_name":"Proofs in Itaka-Escolapios","article_published_time":"2017-05-16T11:33:32+00:00","article_modified_time":"2023-11-28T11:38:03+00:00","og_image":[{"width":2048,"height":1367,"url":"https:\/\/www.itakaescolapios.org\/wp-content\/uploads\/2017\/05\/18449368_374909932905294_3294294739973552080_o.jpg","type":"image\/jpeg"}],"author":"brasil03","twitter_card":"summary_large_image","twitter_misc":{"Written by":"brasil03"},"schema":{"@context":"https:\/\/schema.org","@graph":[{"@type":"Article","@id":"https:\/\/www.itakaescolapios.org\/en\/2017\/05\/portugues-homenagens-as-maes-do-projeto-jornada-ampliada\/#article","isPartOf":{"@id":"https:\/\/www.itakaescolapios.org\/en\/2017\/05\/portugues-homenagens-as-maes-do-projeto-jornada-ampliada\/"},"author":{"name":"brasil03","@id":"https:\/\/www.itakaescolapios.org\/es\/#\/schema\/person\/9c761c62049293fc36e6c91e429de3d5"},"headline":"No title","datePublished":"2017-05-16T11:33:32+00:00","dateModified":"2023-11-28T11:38:03+00:00","mainEntityOfPage":{"@id":"https:\/\/www.itakaescolapios.org\/en\/2017\/05\/portugues-homenagens-as-maes-do-projeto-jornada-ampliada\/"},"wordCount":69,"publisher":{"@id":"https:\/\/www.itakaescolapios.org\/es\/#organization"},"image":{"@id":"https:\/\/www.itakaescolapios.org\/en\/2017\/05\/portugues-homenagens-as-maes-do-projeto-jornada-ampliada\/#primaryimage"},"thumbnailUrl":"https:\/\/www.itakaescolapios.org\/wp-content\/uploads\/2017\/05\/18449368_374909932905294_3294294739973552080_o.jpg","articleSection":["Governador Valadares"],"inLanguage":"en-US"},{"@type":"WebPage","@id":"https:\/\/www.itakaescolapios.org\/en\/2017\/05\/portugues-homenagens-as-maes-do-projeto-jornada-ampliada\/","url":"https:\/\/www.itakaescolapios.org\/en\/2017\/05\/portugues-homenagens-as-maes-do-projeto-jornada-ampliada\/","name":"- Proofs in Itaka-Escolapios","isPartOf":{"@id":"https:\/\/www.itakaescolapios.org\/es\/#website"},"primaryImageOfPage":{"@id":"https:\/\/www.itakaescolapios.org\/en\/2017\/05\/portugues-homenagens-as-maes-do-projeto-jornada-ampliada\/#primaryimage"},"image":{"@id":"https:\/\/www.itakaescolapios.org\/en\/2017\/05\/portugues-homenagens-as-maes-do-projeto-jornada-ampliada\/#primaryimage"},"thumbnailUrl":"https:\/\/www.itakaescolapios.org\/wp-content\/uploads\/2017\/05\/18449368_374909932905294_3294294739973552080_o.jpg","datePublished":"2017-05-16T11:33:32+00:00","dateModified":"2023-11-28T11:38:03+00:00","inLanguage":"en-US","potentialAction":[{"@type":"ReadAction","target":["https:\/\/www.itakaescolapios.org\/en\/2017\/05\/portugues-homenagens-as-maes-do-projeto-jornada-ampliada\/"]}]},{"@type":"ImageObject","inLanguage":"en-US","@id":"https:\/\/www.itakaescolapios.org\/en\/2017\/05\/portugues-homenagens-as-maes-do-projeto-jornada-ampliada\/#primaryimage","url":"https:\/\/www.itakaescolapios.org\/wp-content\/uploads\/2017\/05\/18449368_374909932905294_3294294739973552080_o.jpg","contentUrl":"https:\/\/www.itakaescolapios.org\/wp-content\/uploads\/2017\/05\/18449368_374909932905294_3294294739973552080_o.jpg","width":2048,"height":1367},{"@type":"WebSite","@id":"https:\/\/www.itakaescolapios.org\/en\/es\/#website","url":"https:\/\/www.itakaescolapios.org\/en\/es\/","name":"Itaka-Escolapios","description":"Red de Itaka-Escolapios","publisher":{"@id":"https:\/\/www.itakaescolapios.org\/en\/es\/#organization"},"potentialAction":[{"@type":"SearchAction","target":{"@type":"EntryPoint","urlTemplate":"https:\/\/www.itakaescolapios.org\/en\/es\/?s={search_term_string}"},"query-input":{"@type":"PropertyValueSpecification","valueRequired":true,"valueName":"search_term_string"}}],"inLanguage":"en-US"},{"@type":"Organization","@id":"https:\/\/www.itakaescolapios.org\/en\/es\/#organization","name":"Fundaci\u00f3 Itaka-Escolapios","url":"https:\/\/www.itakaescolapios.org\/en\/es\/","logo":{"@type":"ImageObject","inLanguage":"en-US","@id":"https:\/\/www.itakaescolapios.org\/en\/es\/#\/schema\/logo\/image\/","url":"https:\/\/www.itakaescolapios.org\/wp-content\/uploads\/2024\/04\/Logo-itakaescolapios-peque.png","contentUrl":"https:\/\/www.itakaescolapios.org\/wp-content\/uploads\/2024\/04\/Logo-itakaescolapios-peque.png","width":500,"height":199,"caption":"Fundaci\u00f3 Itaka-Escolapios"},"image":{"@id":"https:\/\/www.itakaescolapios.org\/en\/es\/#\/schema\/logo\/image\/"}},{"@type":"Person","@id":"https:\/\/www.itakaescolapios.org\/es\/#\/schema\/person\/9c761c62049293fc36e6c91e429de3d5","name":"brasil03","url":"https:\/\/www.itakaescolapios.org\/en\/author\/brasil03\/"}]}},"_links":{"self":[{"href":"https:\/\/www.itakaescolapios.org\/en\/wp-json\/wp\/v2\/posts\/19265","targetHints":{"allow":["GET"]}}],"collection":[{"href":"https:\/\/www.itakaescolapios.org\/en\/wp-json\/wp\/v2\/posts"}],"about":[{"href":"https:\/\/www.itakaescolapios.org\/en\/wp-json\/wp\/v2\/types\/post"}],"author":[{"embeddable":true,"href":"https:\/\/www.itakaescolapios.org\/en\/wp-json\/wp\/v2\/users\/11"}],"replies":[{"embeddable":true,"href":"https:\/\/www.itakaescolapios.org\/en\/wp-json\/wp\/v2\/comments?post=19265"}],"version-history":[{"count":4,"href":"https:\/\/www.itakaescolapios.org\/en\/wp-json\/wp\/v2\/posts\/19265\/revisions"}],"predecessor-version":[{"id":47697,"href":"https:\/\/www.itakaescolapios.org\/en\/wp-json\/wp\/v2\/posts\/19265\/revisions\/47697"}],"wp:featuredmedia":[{"embeddable":true,"href":"https:\/\/www.itakaescolapios.org\/en\/wp-json\/wp\/v2\/media\/19267"}],"wp:attachment":[{"href":"https:\/\/www.itakaescolapios.org\/en\/wp-json\/wp\/v2\/media?parent=19265"}],"wp:term":[{"taxonomy":"category","embeddable":true,"href":"https:\/\/www.itakaescolapios.org\/en\/wp-json\/wp\/v2\/categories?post=19265"},{"taxonomy":"post_tag","embeddable":true,"href":"https:\/\/www.itakaescolapios.org\/en\/wp-json\/wp\/v2\/tags?post=19265"}],"curies":[{"name":"wp","href":"https:\/\/api.w.org\/{rel}","templated":true}]}}