{"id":20141,"date":"2017-09-11T12:24:07","date_gmt":"2017-09-11T11:24:07","guid":{"rendered":"https:\/\/www.itakaescolapios.org\/?p=20141"},"modified":"2023-11-28T12:37:53","modified_gmt":"2023-11-28T11:37:53","slug":"un-nuevo-curso-para-el-movimiento-calasanz-en-bilbao-y-vitoria","status":"publish","type":"post","link":"https:\/\/www.itakaescolapios.org\/en\/2017\/09\/un-nuevo-curso-para-el-movimiento-calasanz-en-bilbao-y-vitoria\/","title":{"rendered":"UN NUEVO CURSO PARA EL MOVIMIENTO CALASANZ EN BILBAO... Y VITORIA"},"content":{"rendered":"<p>INICIO DE LOS GRUPOS DEL MOVIMIENTO CALASANZ<\/p>\n<p>Este fin de semana hemos retomado tras el par\u00f3n veraniego las actividades de los grupos. Los grupos de Catecumenado, Discer y Opci\u00f3n han celebrado su paso de etapa en Lekun-etxea y han tenido su primer encuentro del curso. Tambi\u00e9n los equipos de responsables del resto de etapas del proceso y de Aingura han tenido su &#8220;paso&#8221; y han comenzado a preparar este nuevo curso. Esta semana comienzan las actividades de los grupos a partir de 5\u00ba de Primaria.<\/p>\n<p>M\u00e1s fotos en\u00a0<a href=\"https:\/\/www.facebook.com\/bilbokoeskolapioak\/photos\/pcb.1410006215780423\/1409997975781247\/?type=3\">https:\/\/www.facebook.com\/bilbokoeskolapioak\/photos\/pcb.1410006215780423\/1409997975781247\/?type=3<\/a><\/p>\n<p>Tambi\u00e9n en Vitoria han tenido en el albergue de Barria el encuentro de educadores del Movimiento Calasanz:<\/p>\n<p><a href=\"https:\/\/www.itakaescolapios.org\/2017\/09\/un-nuevo-curso-para-el-movimiento-calasanz-en-bilbao-y-vitoria\/1-mov-cal-vitoria\/\" rel=\"attachment wp-att-20145\"><img decoding=\"async\" class=\"alignleft size-large wp-image-20145\" alt=\"1 Mov Cal Vitoria\" src=\"https:\/\/www.itakaescolapios.org\/wp-content\/uploads\/2017\/09\/1-Mov-Cal-Vitoria-1024x768.jpg\" width=\"1024\" height=\"768\" srcset=\"https:\/\/www.itakaescolapios.org\/wp-content\/uploads\/2017\/09\/1-Mov-Cal-Vitoria-1024x768.jpg 1024w, https:\/\/www.itakaescolapios.org\/wp-content\/uploads\/2017\/09\/1-Mov-Cal-Vitoria-300x225.jpg 300w, https:\/\/www.itakaescolapios.org\/wp-content\/uploads\/2017\/09\/1-Mov-Cal-Vitoria-250x187.jpg 250w, https:\/\/www.itakaescolapios.org\/wp-content\/uploads\/2017\/09\/1-Mov-Cal-Vitoria.jpg 1200w\" sizes=\"(max-width: 1024px) 100vw, 1024px\" \/><\/a><\/p>\n","protected":false},"excerpt":{"rendered":"<p>INICIO DE LOS GRUPOS DEL MOVIMIENTO CALASANZ Este fin de semana hemos retomado tras el par\u00f3n veraniego las actividades de los grupos. Los grupos de Catecumenado, Discer y Opci\u00f3n han [&hellip;]<\/p>\n","protected":false},"author":4,"featured_media":20143,"comment_status":"closed","ping_status":"closed","sticky":false,"template":"","format":"standard","meta":{"_et_pb_use_builder":"","_et_pb_old_content":"","_et_gb_content_width":"","footnotes":""},"categories":[9,13],"tags":[],"class_list":["post-20141","post","type-post","status-publish","format-standard","has-post-thumbnail","hentry","category-bilbao","category-vitoria"],"yoast_head":"<!-- This site is optimized with the Yoast SEO plugin v27.4 - https:\/\/yoast.com\/product\/yoast-seo-wordpress\/ -->\n<title>UN NUEVO CURSO PARA EL MOVIMIENTO CALASANZ EN BILBAO... Y VITORIA<\/title>\n<meta name=\"description\" content=\"INICIO DE LOS GRUPOS DEL MOVIMIENTO CALASANZ Este fin de semana hemos retomado tras el par\u00f3n veraniego las actividades de los grupos. Los grupos de Catecumenado, Discer y Opci\u00f3n han celebrado su paso de etapa en Lekun-etxea y han tenido su primer encuentro del curso. Tambi\u00e9n los equipos de responsables del resto de etapas del&hellip;\" \/>\n<meta name=\"robots\" content=\"index, follow, max-snippet:-1, max-image-preview:large, max-video-preview:-1\" \/>\n<link rel=\"canonical\" href=\"http:\/\/INICIO%20DE%20LOS%20GRUPOS%20DEL%20MOVIMIENTO%20CALASANZ%20Este%20fin%20de%20semana%20hemos%20retomado%20tras%20el%20par\u00f3n%20veraniego%20las%20actividades%20de%20los%20grupos.%20Los%20grupos%20de%20Catecumenado,%20Discer%20y%20Opci\u00f3n%20han%20celebrado%20su%20paso%20de%20etapa%20en%20Lekun-etxea%20y%20han%20tenido%20su%20primer%20encuentro%20del%20curso.%20Tambi\u00e9n%20los%20equipos%20de%20responsables%20del%20resto%20de%20etapas%20del&hellip;\" \/>\n<meta property=\"og:locale\" content=\"en_US\" \/>\n<meta property=\"og:type\" content=\"article\" \/>\n<meta property=\"og:title\" content=\"UN NUEVO CURSO PARA EL MOVIMIENTO CALASANZ EN BILBAO... Y VITORIA\" \/>\n<meta property=\"og:description\" content=\"INICIO DE LOS GRUPOS DEL MOVIMIENTO CALASANZ Este fin de semana hemos retomado tras el par\u00f3n veraniego las actividades de los grupos. Los grupos de Catecumenado, Discer y Opci\u00f3n han celebrado su paso de etapa en Lekun-etxea y han tenido su primer encuentro del curso. Tambi\u00e9n los equipos de responsables del resto de etapas del&hellip;\" \/>\n<meta property=\"og:url\" content=\"https:\/\/www.itakaescolapios.org\/en\/2017\/09\/un-nuevo-curso-para-el-movimiento-calasanz-en-bilbao-y-vitoria\/\" \/>\n<meta property=\"og:site_name\" content=\"Proofs in Itaka-Escolapios\" \/>\n<meta property=\"article:published_time\" content=\"2017-09-11T11:24:07+00:00\" \/>\n<meta property=\"article:modified_time\" content=\"2023-11-28T11:37:53+00:00\" \/>\n<meta property=\"og:image\" content=\"https:\/\/www.itakaescolapios.org\/wp-content\/uploads\/2017\/09\/1mov-cal-bi.jpg\" \/>\n\t<meta property=\"og:image:width\" content=\"1810\" \/>\n\t<meta property=\"og:image:height\" content=\"725\" \/>\n\t<meta property=\"og:image:type\" content=\"image\/jpeg\" \/>\n<meta name=\"author\" content=\"itaka\" \/>\n<meta name=\"twitter:card\" content=\"summary_large_image\" \/>\n<meta name=\"twitter:label1\" content=\"Written by\" \/>\n\t<meta name=\"twitter:data1\" content=\"itaka\" \/>\n\t<meta name=\"twitter:label2\" content=\"Est. reading time\" \/>\n\t<meta name=\"twitter:data2\" content=\"1 minute\" \/>\n<script type=\"application\/ld+json\" class=\"yoast-schema-graph\">{\"@context\":\"https:\\\/\\\/schema.org\",\"@graph\":[{\"@type\":\"Article\",\"@id\":\"https:\\\/\\\/www.itakaescolapios.org\\\/en\\\/2017\\\/09\\\/un-nuevo-curso-para-el-movimiento-calasanz-en-bilbao-y-vitoria\\\/#article\",\"isPartOf\":{\"@id\":\"https:\\\/\\\/www.itakaescolapios.org\\\/en\\\/2017\\\/09\\\/un-nuevo-curso-para-el-movimiento-calasanz-en-bilbao-y-vitoria\\\/\"},\"author\":{\"name\":\"itaka\",\"@id\":\"https:\\\/\\\/www.itakaescolapios.org\\\/es\\\/#\\\/schema\\\/person\\\/670123daeb1cc31cae1b106740036ccb\"},\"headline\":\"UN NUEVO CURSO PARA EL MOVIMIENTO CALASANZ EN BILBAO... Y VITORIA\",\"datePublished\":\"2017-09-11T11:24:07+00:00\",\"dateModified\":\"2023-11-28T11:37:53+00:00\",\"mainEntityOfPage\":{\"@id\":\"https:\\\/\\\/www.itakaescolapios.org\\\/en\\\/2017\\\/09\\\/un-nuevo-curso-para-el-movimiento-calasanz-en-bilbao-y-vitoria\\\/\"},\"wordCount\":128,\"publisher\":{\"@id\":\"https:\\\/\\\/www.itakaescolapios.org\\\/es\\\/#organization\"},\"image\":{\"@id\":\"https:\\\/\\\/www.itakaescolapios.org\\\/en\\\/2017\\\/09\\\/un-nuevo-curso-para-el-movimiento-calasanz-en-bilbao-y-vitoria\\\/#primaryimage\"},\"thumbnailUrl\":\"https:\\\/\\\/www.itakaescolapios.org\\\/wp-content\\\/uploads\\\/2017\\\/09\\\/1mov-cal-bi.jpg\",\"articleSection\":[\"Bilbao\",\"Vitoria-Gasteiz\"],\"inLanguage\":\"en-US\"},{\"@type\":\"WebPage\",\"@id\":\"https:\\\/\\\/www.itakaescolapios.org\\\/en\\\/2017\\\/09\\\/un-nuevo-curso-para-el-movimiento-calasanz-en-bilbao-y-vitoria\\\/\",\"url\":\"https:\\\/\\\/www.itakaescolapios.org\\\/en\\\/2017\\\/09\\\/un-nuevo-curso-para-el-movimiento-calasanz-en-bilbao-y-vitoria\\\/\",\"name\":\"UN NUEVO CURSO PARA EL MOVIMIENTO CALASANZ EN BILBAO... Y VITORIA - Proofs in Itaka-Escolapios\",\"isPartOf\":{\"@id\":\"https:\\\/\\\/www.itakaescolapios.org\\\/es\\\/#website\"},\"primaryImageOfPage\":{\"@id\":\"https:\\\/\\\/www.itakaescolapios.org\\\/en\\\/2017\\\/09\\\/un-nuevo-curso-para-el-movimiento-calasanz-en-bilbao-y-vitoria\\\/#primaryimage\"},\"image\":{\"@id\":\"https:\\\/\\\/www.itakaescolapios.org\\\/en\\\/2017\\\/09\\\/un-nuevo-curso-para-el-movimiento-calasanz-en-bilbao-y-vitoria\\\/#primaryimage\"},\"thumbnailUrl\":\"https:\\\/\\\/www.itakaescolapios.org\\\/wp-content\\\/uploads\\\/2017\\\/09\\\/1mov-cal-bi.jpg\",\"datePublished\":\"2017-09-11T11:24:07+00:00\",\"dateModified\":\"2023-11-28T11:37:53+00:00\",\"breadcrumb\":{\"@id\":\"https:\\\/\\\/www.itakaescolapios.org\\\/en\\\/2017\\\/09\\\/un-nuevo-curso-para-el-movimiento-calasanz-en-bilbao-y-vitoria\\\/#breadcrumb\"},\"inLanguage\":\"en-US\",\"potentialAction\":[{\"@type\":\"ReadAction\",\"target\":[\"https:\\\/\\\/www.itakaescolapios.org\\\/en\\\/2017\\\/09\\\/un-nuevo-curso-para-el-movimiento-calasanz-en-bilbao-y-vitoria\\\/\"]}]},{\"@type\":\"ImageObject\",\"inLanguage\":\"en-US\",\"@id\":\"https:\\\/\\\/www.itakaescolapios.org\\\/en\\\/2017\\\/09\\\/un-nuevo-curso-para-el-movimiento-calasanz-en-bilbao-y-vitoria\\\/#primaryimage\",\"url\":\"https:\\\/\\\/www.itakaescolapios.org\\\/wp-content\\\/uploads\\\/2017\\\/09\\\/1mov-cal-bi.jpg\",\"contentUrl\":\"https:\\\/\\\/www.itakaescolapios.org\\\/wp-content\\\/uploads\\\/2017\\\/09\\\/1mov-cal-bi.jpg\",\"width\":1810,\"height\":725},{\"@type\":\"BreadcrumbList\",\"@id\":\"https:\\\/\\\/www.itakaescolapios.org\\\/en\\\/2017\\\/09\\\/un-nuevo-curso-para-el-movimiento-calasanz-en-bilbao-y-vitoria\\\/#breadcrumb\",\"itemListElement\":[{\"@type\":\"ListItem\",\"position\":1,\"name\":\"Proof\",\"item\":\"https:\\\/\\\/www.itakaescolapios.org\\\/es\\\/\"},{\"@type\":\"ListItem\",\"position\":2,\"name\":\"UN NUEVO CURSO PARA EL MOVIMIENTO CALASANZ EN BILBAO... Y VITORIA\"}]},{\"@type\":\"WebSite\",\"@id\":\"https:\\\/\\\/www.itakaescolapios.org\\\/en\\\/es\\\/#website\",\"url\":\"https:\\\/\\\/www.itakaescolapios.org\\\/en\\\/es\\\/\",\"name\":\"Itaka-Escolapios\",\"description\":\"Red de Itaka-Escolapios\",\"publisher\":{\"@id\":\"https:\\\/\\\/www.itakaescolapios.org\\\/en\\\/es\\\/#organization\"},\"potentialAction\":[{\"@type\":\"SearchAction\",\"target\":{\"@type\":\"EntryPoint\",\"urlTemplate\":\"https:\\\/\\\/www.itakaescolapios.org\\\/en\\\/es\\\/?s={search_term_string}\"},\"query-input\":{\"@type\":\"PropertyValueSpecification\",\"valueRequired\":true,\"valueName\":\"search_term_string\"}}],\"inLanguage\":\"en-US\"},{\"@type\":\"Organization\",\"@id\":\"https:\\\/\\\/www.itakaescolapios.org\\\/en\\\/es\\\/#organization\",\"name\":\"Fundaci\u00f3 Itaka-Escolapios\",\"url\":\"https:\\\/\\\/www.itakaescolapios.org\\\/en\\\/es\\\/\",\"logo\":{\"@type\":\"ImageObject\",\"inLanguage\":\"en-US\",\"@id\":\"https:\\\/\\\/www.itakaescolapios.org\\\/en\\\/es\\\/#\\\/schema\\\/logo\\\/image\\\/\",\"url\":\"https:\\\/\\\/www.itakaescolapios.org\\\/wp-content\\\/uploads\\\/2024\\\/04\\\/Logo-itakaescolapios-peque.png\",\"contentUrl\":\"https:\\\/\\\/www.itakaescolapios.org\\\/wp-content\\\/uploads\\\/2024\\\/04\\\/Logo-itakaescolapios-peque.png\",\"width\":500,\"height\":199,\"caption\":\"Fundaci\u00f3 Itaka-Escolapios\"},\"image\":{\"@id\":\"https:\\\/\\\/www.itakaescolapios.org\\\/en\\\/es\\\/#\\\/schema\\\/logo\\\/image\\\/\"}},{\"@type\":\"Person\",\"@id\":\"https:\\\/\\\/www.itakaescolapios.org\\\/es\\\/#\\\/schema\\\/person\\\/670123daeb1cc31cae1b106740036ccb\",\"name\":\"itaka\",\"url\":\"https:\\\/\\\/www.itakaescolapios.org\\\/en\\\/author\\\/itaka\\\/\"}]}<\/script>\n<!-- \/ Yoast SEO plugin. -->","yoast_head_json":{"title":"UN NUEVO CURSO PARA EL MOVIMIENTO CALASANZ EN BILBAO... Y VITORIA","description":"INICIO DE LOS GRUPOS DEL MOVIMIENTO CALASANZ Este fin de semana hemos retomado tras el par\u00f3n veraniego las actividades de los grupos. Los grupos de Catecumenado, Discer y Opci\u00f3n han celebrado su paso de etapa en Lekun-etxea y han tenido su primer encuentro del curso. Tambi\u00e9n los equipos de responsables del resto de etapas del&hellip;","robots":{"index":"index","follow":"follow","max-snippet":"max-snippet:-1","max-image-preview":"max-image-preview:large","max-video-preview":"max-video-preview:-1"},"canonical":"INICIO DE LOS GRUPOS DEL MOVIMIENTO CALASANZ Este fin de semana hemos retomado tras el par\u00f3n veraniego las actividades de los grupos. Los grupos de Catecumenado, Discer y Opci\u00f3n han celebrado su paso de etapa en Lekun-etxea y han tenido su primer encuentro del curso. Tambi\u00e9n los equipos de responsables del resto de etapas del&hellip;","og_locale":"en_US","og_type":"article","og_title":"UN NUEVO CURSO PARA EL MOVIMIENTO CALASANZ EN BILBAO... Y VITORIA","og_description":"INICIO DE LOS GRUPOS DEL MOVIMIENTO CALASANZ Este fin de semana hemos retomado tras el par\u00f3n veraniego las actividades de los grupos. Los grupos de Catecumenado, Discer y Opci\u00f3n han celebrado su paso de etapa en Lekun-etxea y han tenido su primer encuentro del curso. Tambi\u00e9n los equipos de responsables del resto de etapas del&hellip;","og_url":"https:\/\/www.itakaescolapios.org\/en\/2017\/09\/un-nuevo-curso-para-el-movimiento-calasanz-en-bilbao-y-vitoria\/","og_site_name":"Proofs in Itaka-Escolapios","article_published_time":"2017-09-11T11:24:07+00:00","article_modified_time":"2023-11-28T11:37:53+00:00","og_image":[{"width":1810,"height":725,"url":"https:\/\/www.itakaescolapios.org\/wp-content\/uploads\/2017\/09\/1mov-cal-bi.jpg","type":"image\/jpeg"}],"author":"itaka","twitter_card":"summary_large_image","twitter_misc":{"Written by":"itaka","Est. reading time":"1 minute"},"schema":{"@context":"https:\/\/schema.org","@graph":[{"@type":"Article","@id":"https:\/\/www.itakaescolapios.org\/en\/2017\/09\/un-nuevo-curso-para-el-movimiento-calasanz-en-bilbao-y-vitoria\/#article","isPartOf":{"@id":"https:\/\/www.itakaescolapios.org\/en\/2017\/09\/un-nuevo-curso-para-el-movimiento-calasanz-en-bilbao-y-vitoria\/"},"author":{"name":"itaka","@id":"https:\/\/www.itakaescolapios.org\/es\/#\/schema\/person\/670123daeb1cc31cae1b106740036ccb"},"headline":"UN NUEVO CURSO PARA EL MOVIMIENTO CALASANZ EN BILBAO... Y VITORIA","datePublished":"2017-09-11T11:24:07+00:00","dateModified":"2023-11-28T11:37:53+00:00","mainEntityOfPage":{"@id":"https:\/\/www.itakaescolapios.org\/en\/2017\/09\/un-nuevo-curso-para-el-movimiento-calasanz-en-bilbao-y-vitoria\/"},"wordCount":128,"publisher":{"@id":"https:\/\/www.itakaescolapios.org\/es\/#organization"},"image":{"@id":"https:\/\/www.itakaescolapios.org\/en\/2017\/09\/un-nuevo-curso-para-el-movimiento-calasanz-en-bilbao-y-vitoria\/#primaryimage"},"thumbnailUrl":"https:\/\/www.itakaescolapios.org\/wp-content\/uploads\/2017\/09\/1mov-cal-bi.jpg","articleSection":["Bilbao","Vitoria-Gasteiz"],"inLanguage":"en-US"},{"@type":"WebPage","@id":"https:\/\/www.itakaescolapios.org\/en\/2017\/09\/un-nuevo-curso-para-el-movimiento-calasanz-en-bilbao-y-vitoria\/","url":"https:\/\/www.itakaescolapios.org\/en\/2017\/09\/un-nuevo-curso-para-el-movimiento-calasanz-en-bilbao-y-vitoria\/","name":"UN NUEVO CURSO PARA EL MOVIMIENTO CALASANZ EN BILBAO... Y VITORIA - Proofs in Itaka-Escolapios","isPartOf":{"@id":"https:\/\/www.itakaescolapios.org\/es\/#website"},"primaryImageOfPage":{"@id":"https:\/\/www.itakaescolapios.org\/en\/2017\/09\/un-nuevo-curso-para-el-movimiento-calasanz-en-bilbao-y-vitoria\/#primaryimage"},"image":{"@id":"https:\/\/www.itakaescolapios.org\/en\/2017\/09\/un-nuevo-curso-para-el-movimiento-calasanz-en-bilbao-y-vitoria\/#primaryimage"},"thumbnailUrl":"https:\/\/www.itakaescolapios.org\/wp-content\/uploads\/2017\/09\/1mov-cal-bi.jpg","datePublished":"2017-09-11T11:24:07+00:00","dateModified":"2023-11-28T11:37:53+00:00","breadcrumb":{"@id":"https:\/\/www.itakaescolapios.org\/en\/2017\/09\/un-nuevo-curso-para-el-movimiento-calasanz-en-bilbao-y-vitoria\/#breadcrumb"},"inLanguage":"en-US","potentialAction":[{"@type":"ReadAction","target":["https:\/\/www.itakaescolapios.org\/en\/2017\/09\/un-nuevo-curso-para-el-movimiento-calasanz-en-bilbao-y-vitoria\/"]}]},{"@type":"ImageObject","inLanguage":"en-US","@id":"https:\/\/www.itakaescolapios.org\/en\/2017\/09\/un-nuevo-curso-para-el-movimiento-calasanz-en-bilbao-y-vitoria\/#primaryimage","url":"https:\/\/www.itakaescolapios.org\/wp-content\/uploads\/2017\/09\/1mov-cal-bi.jpg","contentUrl":"https:\/\/www.itakaescolapios.org\/wp-content\/uploads\/2017\/09\/1mov-cal-bi.jpg","width":1810,"height":725},{"@type":"BreadcrumbList","@id":"https:\/\/www.itakaescolapios.org\/en\/2017\/09\/un-nuevo-curso-para-el-movimiento-calasanz-en-bilbao-y-vitoria\/#breadcrumb","itemListElement":[{"@type":"ListItem","position":1,"name":"Proof","item":"https:\/\/www.itakaescolapios.org\/es\/"},{"@type":"ListItem","position":2,"name":"UN NUEVO CURSO PARA EL MOVIMIENTO CALASANZ EN BILBAO... Y VITORIA"}]},{"@type":"WebSite","@id":"https:\/\/www.itakaescolapios.org\/en\/es\/#website","url":"https:\/\/www.itakaescolapios.org\/en\/es\/","name":"Itaka-Escolapios","description":"Red de Itaka-Escolapios","publisher":{"@id":"https:\/\/www.itakaescolapios.org\/en\/es\/#organization"},"potentialAction":[{"@type":"SearchAction","target":{"@type":"EntryPoint","urlTemplate":"https:\/\/www.itakaescolapios.org\/en\/es\/?s={search_term_string}"},"query-input":{"@type":"PropertyValueSpecification","valueRequired":true,"valueName":"search_term_string"}}],"inLanguage":"en-US"},{"@type":"Organization","@id":"https:\/\/www.itakaescolapios.org\/en\/es\/#organization","name":"Fundaci\u00f3 Itaka-Escolapios","url":"https:\/\/www.itakaescolapios.org\/en\/es\/","logo":{"@type":"ImageObject","inLanguage":"en-US","@id":"https:\/\/www.itakaescolapios.org\/en\/es\/#\/schema\/logo\/image\/","url":"https:\/\/www.itakaescolapios.org\/wp-content\/uploads\/2024\/04\/Logo-itakaescolapios-peque.png","contentUrl":"https:\/\/www.itakaescolapios.org\/wp-content\/uploads\/2024\/04\/Logo-itakaescolapios-peque.png","width":500,"height":199,"caption":"Fundaci\u00f3 Itaka-Escolapios"},"image":{"@id":"https:\/\/www.itakaescolapios.org\/en\/es\/#\/schema\/logo\/image\/"}},{"@type":"Person","@id":"https:\/\/www.itakaescolapios.org\/es\/#\/schema\/person\/670123daeb1cc31cae1b106740036ccb","name":"itaka","url":"https:\/\/www.itakaescolapios.org\/en\/author\/itaka\/"}]}},"_links":{"self":[{"href":"https:\/\/www.itakaescolapios.org\/en\/wp-json\/wp\/v2\/posts\/20141","targetHints":{"allow":["GET"]}}],"collection":[{"href":"https:\/\/www.itakaescolapios.org\/en\/wp-json\/wp\/v2\/posts"}],"about":[{"href":"https:\/\/www.itakaescolapios.org\/en\/wp-json\/wp\/v2\/types\/post"}],"author":[{"embeddable":true,"href":"https:\/\/www.itakaescolapios.org\/en\/wp-json\/wp\/v2\/users\/4"}],"replies":[{"embeddable":true,"href":"https:\/\/www.itakaescolapios.org\/en\/wp-json\/wp\/v2\/comments?post=20141"}],"version-history":[{"count":6,"href":"https:\/\/www.itakaescolapios.org\/en\/wp-json\/wp\/v2\/posts\/20141\/revisions"}],"predecessor-version":[{"id":47435,"href":"https:\/\/www.itakaescolapios.org\/en\/wp-json\/wp\/v2\/posts\/20141\/revisions\/47435"}],"wp:featuredmedia":[{"embeddable":true,"href":"https:\/\/www.itakaescolapios.org\/en\/wp-json\/wp\/v2\/media\/20143"}],"wp:attachment":[{"href":"https:\/\/www.itakaescolapios.org\/en\/wp-json\/wp\/v2\/media?parent=20141"}],"wp:term":[{"taxonomy":"category","embeddable":true,"href":"https:\/\/www.itakaescolapios.org\/en\/wp-json\/wp\/v2\/categories?post=20141"},{"taxonomy":"post_tag","embeddable":true,"href":"https:\/\/www.itakaescolapios.org\/en\/wp-json\/wp\/v2\/tags?post=20141"}],"curies":[{"name":"wp","href":"https:\/\/api.w.org\/{rel}","templated":true}]}}