{"id":21826,"date":"2018-01-17T11:15:01","date_gmt":"2018-01-17T10:15:01","guid":{"rendered":"https:\/\/www.itakaescolapios.org\/?p=21826"},"modified":"2023-11-28T12:37:40","modified_gmt":"2023-11-28T11:37:40","slug":"las-instituciones-publicas-apoyan-nuestra-labor","status":"publish","type":"post","link":"https:\/\/www.itakaescolapios.org\/en\/2018\/01\/las-instituciones-publicas-apoyan-nuestra-labor\/","title":{"rendered":"LAS INSTITUCIONES P\u00daBLICAS APOYAN NUESTRA LABOR"},"content":{"rendered":"<p style=\"text-align: justify\">Hemos comenzado el a\u00f1o 2018 con buenas noticias que reflejan el apoyo de las instituciones p\u00fablicas a nuestro trabajo con los m\u00e1s peque\u00f1os. As\u00ed, en la Comunitat Valenciana nos han concedido varias subvenciones para seguir con la labor de Itaka- Escolapios: Por una parte, el Ayuntamiento de Valencia nos ha otorgado unas ayudas de 16.912 euros con el programa <i>Colabora<\/i>, tanto en el barrio de Ciutat Vella como Malvarrosa, mientras que el Centro de Inserci\u00f3n Amaltea recibir\u00e1 10.925 euros dentro de las subvenci\u00f3n de Acci\u00f3n Social del consistorio valenciano.<\/p>\n<p style=\"text-align: justify\">Por otra parte, la Vicepresidencia y Conselleria de Igualdad y Pol\u00edticas Inclusivas de la Generalitat valenciana nos ha concedido una ayuda de 10.596\u00b409 euros con cargo de la asignaci\u00f3n presupuestaria del 0\u00b47% del IRPF.<\/p>\n<p style=\"text-align: justify\">Todas estas subvenciones estar\u00e1n destinadas a nuestros proyectos de transformaci\u00f3n social en Valencia, atendiendo las necesidades educativas y de atenci\u00f3n integral de las personas en situaci\u00f3n de vulnerabilidad y riesgo de exclusi\u00f3n social y, en concreto, de los menores de nuestros barrios.<\/p>\n","protected":false},"excerpt":{"rendered":"<p>Hemos comenzado el a\u00f1o 2018 con buenas noticias que reflejan el apoyo de las instituciones p\u00fablicas a nuestro trabajo con los m\u00e1s peque\u00f1os. As\u00ed, en la Comunitat Valenciana nos han [&hellip;]<\/p>\n","protected":false},"author":39,"featured_media":21828,"comment_status":"closed","ping_status":"closed","sticky":false,"template":"","format":"standard","meta":{"_et_pb_use_builder":"","_et_pb_old_content":"","_et_gb_content_width":"","footnotes":""},"categories":[12],"tags":[232,300,302,281,299,301,411],"class_list":["post-21826","post","type-post","status-publish","format-standard","has-post-thumbnail","hentry","category-valencia","tag-amaltea","tag-ayudas","tag-mare","tag-menores","tag-subvenciones","tag-transformacion-social","tag-valencia"],"yoast_head":"<!-- This site is optimized with the Yoast SEO plugin v27.4 - https:\/\/yoast.com\/product\/yoast-seo-wordpress\/ -->\n<title>LAS INSTITUCIONES P\u00daBLICAS APOYAN NUESTRA LABOR<\/title>\n<meta name=\"description\" content=\"Hemos comenzado el a\u00f1o 2018 con buenas noticias que reflejan el apoyo de las instituciones p\u00fablicas a nuestro trabajo con los m\u00e1s peque\u00f1os. As\u00ed, en la Comunitat Valenciana nos han concedido varias subvenciones para seguir con la labor de Itaka- Escolapios: Por una parte, el Ayuntamiento de Valencia nos ha otorgado unas ayudas de 16.912&hellip;\" \/>\n<meta name=\"robots\" content=\"index, follow, max-snippet:-1, max-image-preview:large, max-video-preview:-1\" \/>\n<link rel=\"canonical\" href=\"\" \/>\n<meta property=\"og:locale\" content=\"en_US\" \/>\n<meta property=\"og:type\" content=\"article\" \/>\n<meta property=\"og:title\" content=\"LAS INSTITUCIONES P\u00daBLICAS APOYAN NUESTRA LABOR\" \/>\n<meta property=\"og:description\" content=\"Hemos comenzado el a\u00f1o 2018 con buenas noticias que reflejan el apoyo de las instituciones p\u00fablicas a nuestro trabajo con los m\u00e1s peque\u00f1os. As\u00ed, en la Comunitat Valenciana nos han concedido varias subvenciones para seguir con la labor de Itaka- Escolapios: Por una parte, el Ayuntamiento de Valencia nos ha otorgado unas ayudas de 16.912&hellip;\" \/>\n<meta property=\"og:url\" content=\"https:\/\/www.itakaescolapios.org\/en\/2018\/01\/las-instituciones-publicas-apoyan-nuestra-labor\/\" \/>\n<meta property=\"og:site_name\" content=\"Proofs in Itaka-Escolapios\" \/>\n<meta property=\"article:published_time\" content=\"2018-01-17T10:15:01+00:00\" \/>\n<meta property=\"article:modified_time\" content=\"2023-11-28T11:37:40+00:00\" \/>\n<meta property=\"og:image\" content=\"https:\/\/www.itakaescolapios.org\/wp-content\/uploads\/2018\/01\/WhatsApp-Image-20160712-11.jpeg\" \/>\n\t<meta property=\"og:image:width\" content=\"1600\" \/>\n\t<meta property=\"og:image:height\" content=\"900\" \/>\n\t<meta property=\"og:image:type\" content=\"image\/jpeg\" \/>\n<meta name=\"author\" content=\"valencia01\" \/>\n<meta name=\"twitter:card\" content=\"summary_large_image\" \/>\n<meta name=\"twitter:label1\" content=\"Written by\" \/>\n\t<meta name=\"twitter:data1\" content=\"valencia01\" \/>\n\t<meta name=\"twitter:label2\" content=\"Est. reading time\" \/>\n\t<meta name=\"twitter:data2\" content=\"1 minute\" \/>\n<script type=\"application\/ld+json\" class=\"yoast-schema-graph\">{\"@context\":\"https:\\\/\\\/schema.org\",\"@graph\":[{\"@type\":\"Article\",\"@id\":\"https:\\\/\\\/www.itakaescolapios.org\\\/en\\\/2018\\\/01\\\/las-instituciones-publicas-apoyan-nuestra-labor\\\/#article\",\"isPartOf\":{\"@id\":\"https:\\\/\\\/www.itakaescolapios.org\\\/en\\\/2018\\\/01\\\/las-instituciones-publicas-apoyan-nuestra-labor\\\/\"},\"author\":{\"name\":\"valencia01\",\"@id\":\"https:\\\/\\\/www.itakaescolapios.org\\\/es\\\/#\\\/schema\\\/person\\\/c232ccaa2b3f2e98db93c1f8dfca96ff\"},\"headline\":\"LAS INSTITUCIONES P\u00daBLICAS APOYAN NUESTRA LABOR\",\"datePublished\":\"2018-01-17T10:15:01+00:00\",\"dateModified\":\"2023-11-28T11:37:40+00:00\",\"mainEntityOfPage\":{\"@id\":\"https:\\\/\\\/www.itakaescolapios.org\\\/en\\\/2018\\\/01\\\/las-instituciones-publicas-apoyan-nuestra-labor\\\/\"},\"wordCount\":181,\"publisher\":{\"@id\":\"https:\\\/\\\/www.itakaescolapios.org\\\/es\\\/#organization\"},\"image\":{\"@id\":\"https:\\\/\\\/www.itakaescolapios.org\\\/en\\\/2018\\\/01\\\/las-instituciones-publicas-apoyan-nuestra-labor\\\/#primaryimage\"},\"thumbnailUrl\":\"https:\\\/\\\/www.itakaescolapios.org\\\/wp-content\\\/uploads\\\/2018\\\/01\\\/WhatsApp-Image-20160712-11.jpeg\",\"keywords\":[\"Amaltea\",\"ayudas\",\"Mare\",\"menores\",\"subvenciones\",\"transformaci\u00f3n social\",\"Valencia\"],\"articleSection\":[\"Valencia\"],\"inLanguage\":\"en-US\"},{\"@type\":\"WebPage\",\"@id\":\"https:\\\/\\\/www.itakaescolapios.org\\\/en\\\/2018\\\/01\\\/las-instituciones-publicas-apoyan-nuestra-labor\\\/\",\"url\":\"https:\\\/\\\/www.itakaescolapios.org\\\/en\\\/2018\\\/01\\\/las-instituciones-publicas-apoyan-nuestra-labor\\\/\",\"name\":\"LAS INSTITUCIONES P\u00daBLICAS APOYAN NUESTRA LABOR - Proofs in Itaka-Escolapios\",\"isPartOf\":{\"@id\":\"https:\\\/\\\/www.itakaescolapios.org\\\/es\\\/#website\"},\"primaryImageOfPage\":{\"@id\":\"https:\\\/\\\/www.itakaescolapios.org\\\/en\\\/2018\\\/01\\\/las-instituciones-publicas-apoyan-nuestra-labor\\\/#primaryimage\"},\"image\":{\"@id\":\"https:\\\/\\\/www.itakaescolapios.org\\\/en\\\/2018\\\/01\\\/las-instituciones-publicas-apoyan-nuestra-labor\\\/#primaryimage\"},\"thumbnailUrl\":\"https:\\\/\\\/www.itakaescolapios.org\\\/wp-content\\\/uploads\\\/2018\\\/01\\\/WhatsApp-Image-20160712-11.jpeg\",\"datePublished\":\"2018-01-17T10:15:01+00:00\",\"dateModified\":\"2023-11-28T11:37:40+00:00\",\"breadcrumb\":{\"@id\":\"https:\\\/\\\/www.itakaescolapios.org\\\/en\\\/2018\\\/01\\\/las-instituciones-publicas-apoyan-nuestra-labor\\\/#breadcrumb\"},\"inLanguage\":\"en-US\",\"potentialAction\":[{\"@type\":\"ReadAction\",\"target\":[\"https:\\\/\\\/www.itakaescolapios.org\\\/en\\\/2018\\\/01\\\/las-instituciones-publicas-apoyan-nuestra-labor\\\/\"]}]},{\"@type\":\"ImageObject\",\"inLanguage\":\"en-US\",\"@id\":\"https:\\\/\\\/www.itakaescolapios.org\\\/en\\\/2018\\\/01\\\/las-instituciones-publicas-apoyan-nuestra-labor\\\/#primaryimage\",\"url\":\"https:\\\/\\\/www.itakaescolapios.org\\\/wp-content\\\/uploads\\\/2018\\\/01\\\/WhatsApp-Image-20160712-11.jpeg\",\"contentUrl\":\"https:\\\/\\\/www.itakaescolapios.org\\\/wp-content\\\/uploads\\\/2018\\\/01\\\/WhatsApp-Image-20160712-11.jpeg\",\"width\":1600,\"height\":900},{\"@type\":\"BreadcrumbList\",\"@id\":\"https:\\\/\\\/www.itakaescolapios.org\\\/en\\\/2018\\\/01\\\/las-instituciones-publicas-apoyan-nuestra-labor\\\/#breadcrumb\",\"itemListElement\":[{\"@type\":\"ListItem\",\"position\":1,\"name\":\"Proof\",\"item\":\"https:\\\/\\\/www.itakaescolapios.org\\\/es\\\/\"},{\"@type\":\"ListItem\",\"position\":2,\"name\":\"LAS INSTITUCIONES P\u00daBLICAS APOYAN NUESTRA LABOR\"}]},{\"@type\":\"WebSite\",\"@id\":\"https:\\\/\\\/www.itakaescolapios.org\\\/en\\\/es\\\/#website\",\"url\":\"https:\\\/\\\/www.itakaescolapios.org\\\/en\\\/es\\\/\",\"name\":\"Itaka-Escolapios\",\"description\":\"Red de Itaka-Escolapios\",\"publisher\":{\"@id\":\"https:\\\/\\\/www.itakaescolapios.org\\\/en\\\/es\\\/#organization\"},\"potentialAction\":[{\"@type\":\"SearchAction\",\"target\":{\"@type\":\"EntryPoint\",\"urlTemplate\":\"https:\\\/\\\/www.itakaescolapios.org\\\/en\\\/es\\\/?s={search_term_string}\"},\"query-input\":{\"@type\":\"PropertyValueSpecification\",\"valueRequired\":true,\"valueName\":\"search_term_string\"}}],\"inLanguage\":\"en-US\"},{\"@type\":\"Organization\",\"@id\":\"https:\\\/\\\/www.itakaescolapios.org\\\/en\\\/es\\\/#organization\",\"name\":\"Fundaci\u00f3 Itaka-Escolapios\",\"url\":\"https:\\\/\\\/www.itakaescolapios.org\\\/en\\\/es\\\/\",\"logo\":{\"@type\":\"ImageObject\",\"inLanguage\":\"en-US\",\"@id\":\"https:\\\/\\\/www.itakaescolapios.org\\\/en\\\/es\\\/#\\\/schema\\\/logo\\\/image\\\/\",\"url\":\"https:\\\/\\\/www.itakaescolapios.org\\\/wp-content\\\/uploads\\\/2024\\\/04\\\/Logo-itakaescolapios-peque.png\",\"contentUrl\":\"https:\\\/\\\/www.itakaescolapios.org\\\/wp-content\\\/uploads\\\/2024\\\/04\\\/Logo-itakaescolapios-peque.png\",\"width\":500,\"height\":199,\"caption\":\"Fundaci\u00f3 Itaka-Escolapios\"},\"image\":{\"@id\":\"https:\\\/\\\/www.itakaescolapios.org\\\/en\\\/es\\\/#\\\/schema\\\/logo\\\/image\\\/\"}},{\"@type\":\"Person\",\"@id\":\"https:\\\/\\\/www.itakaescolapios.org\\\/es\\\/#\\\/schema\\\/person\\\/c232ccaa2b3f2e98db93c1f8dfca96ff\",\"name\":\"valencia01\",\"url\":\"https:\\\/\\\/www.itakaescolapios.org\\\/en\\\/author\\\/valencia01\\\/\"}]}<\/script>\n<!-- \/ Yoast SEO plugin. -->","yoast_head_json":{"title":"LAS INSTITUCIONES P\u00daBLICAS APOYAN NUESTRA LABOR","description":"Hemos comenzado el a\u00f1o 2018 con buenas noticias que reflejan el apoyo de las instituciones p\u00fablicas a nuestro trabajo con los m\u00e1s peque\u00f1os. As\u00ed, en la Comunitat Valenciana nos han concedido varias subvenciones para seguir con la labor de Itaka- Escolapios: Por una parte, el Ayuntamiento de Valencia nos ha otorgado unas ayudas de 16.912&hellip;","robots":{"index":"index","follow":"follow","max-snippet":"max-snippet:-1","max-image-preview":"max-image-preview:large","max-video-preview":"max-video-preview:-1"},"canonical":"Hemos comenzado el a\u00f1o 2018 con buenas noticias que reflejan el apoyo de las instituciones p\u00fablicas a nuestro trabajo con los m\u00e1s peque\u00f1os. As\u00ed, en la Comunitat Valenciana nos han concedido varias subvenciones para seguir con la labor de Itaka- Escolapios: Por una parte, el Ayuntamiento de Valencia nos ha otorgado unas ayudas de 16.912&hellip;","og_locale":"en_US","og_type":"article","og_title":"LAS INSTITUCIONES P\u00daBLICAS APOYAN NUESTRA LABOR","og_description":"Hemos comenzado el a\u00f1o 2018 con buenas noticias que reflejan el apoyo de las instituciones p\u00fablicas a nuestro trabajo con los m\u00e1s peque\u00f1os. As\u00ed, en la Comunitat Valenciana nos han concedido varias subvenciones para seguir con la labor de Itaka- Escolapios: Por una parte, el Ayuntamiento de Valencia nos ha otorgado unas ayudas de 16.912&hellip;","og_url":"https:\/\/www.itakaescolapios.org\/en\/2018\/01\/las-instituciones-publicas-apoyan-nuestra-labor\/","og_site_name":"Proofs in Itaka-Escolapios","article_published_time":"2018-01-17T10:15:01+00:00","article_modified_time":"2023-11-28T11:37:40+00:00","og_image":[{"width":1600,"height":900,"url":"https:\/\/www.itakaescolapios.org\/wp-content\/uploads\/2018\/01\/WhatsApp-Image-20160712-11.jpeg","type":"image\/jpeg"}],"author":"valencia01","twitter_card":"summary_large_image","twitter_misc":{"Written by":"valencia01","Est. reading time":"1 minute"},"schema":{"@context":"https:\/\/schema.org","@graph":[{"@type":"Article","@id":"https:\/\/www.itakaescolapios.org\/en\/2018\/01\/las-instituciones-publicas-apoyan-nuestra-labor\/#article","isPartOf":{"@id":"https:\/\/www.itakaescolapios.org\/en\/2018\/01\/las-instituciones-publicas-apoyan-nuestra-labor\/"},"author":{"name":"valencia01","@id":"https:\/\/www.itakaescolapios.org\/es\/#\/schema\/person\/c232ccaa2b3f2e98db93c1f8dfca96ff"},"headline":"LAS INSTITUCIONES P\u00daBLICAS APOYAN NUESTRA LABOR","datePublished":"2018-01-17T10:15:01+00:00","dateModified":"2023-11-28T11:37:40+00:00","mainEntityOfPage":{"@id":"https:\/\/www.itakaescolapios.org\/en\/2018\/01\/las-instituciones-publicas-apoyan-nuestra-labor\/"},"wordCount":181,"publisher":{"@id":"https:\/\/www.itakaescolapios.org\/es\/#organization"},"image":{"@id":"https:\/\/www.itakaescolapios.org\/en\/2018\/01\/las-instituciones-publicas-apoyan-nuestra-labor\/#primaryimage"},"thumbnailUrl":"https:\/\/www.itakaescolapios.org\/wp-content\/uploads\/2018\/01\/WhatsApp-Image-20160712-11.jpeg","keywords":["Amaltea","ayudas","Mare","menores","subvenciones","transformaci\u00f3n social","Valencia"],"articleSection":["Valencia"],"inLanguage":"en-US"},{"@type":"WebPage","@id":"https:\/\/www.itakaescolapios.org\/en\/2018\/01\/las-instituciones-publicas-apoyan-nuestra-labor\/","url":"https:\/\/www.itakaescolapios.org\/en\/2018\/01\/las-instituciones-publicas-apoyan-nuestra-labor\/","name":"LAS INSTITUCIONES P\u00daBLICAS APOYAN NUESTRA LABOR - Proofs in Itaka-Escolapios","isPartOf":{"@id":"https:\/\/www.itakaescolapios.org\/es\/#website"},"primaryImageOfPage":{"@id":"https:\/\/www.itakaescolapios.org\/en\/2018\/01\/las-instituciones-publicas-apoyan-nuestra-labor\/#primaryimage"},"image":{"@id":"https:\/\/www.itakaescolapios.org\/en\/2018\/01\/las-instituciones-publicas-apoyan-nuestra-labor\/#primaryimage"},"thumbnailUrl":"https:\/\/www.itakaescolapios.org\/wp-content\/uploads\/2018\/01\/WhatsApp-Image-20160712-11.jpeg","datePublished":"2018-01-17T10:15:01+00:00","dateModified":"2023-11-28T11:37:40+00:00","breadcrumb":{"@id":"https:\/\/www.itakaescolapios.org\/en\/2018\/01\/las-instituciones-publicas-apoyan-nuestra-labor\/#breadcrumb"},"inLanguage":"en-US","potentialAction":[{"@type":"ReadAction","target":["https:\/\/www.itakaescolapios.org\/en\/2018\/01\/las-instituciones-publicas-apoyan-nuestra-labor\/"]}]},{"@type":"ImageObject","inLanguage":"en-US","@id":"https:\/\/www.itakaescolapios.org\/en\/2018\/01\/las-instituciones-publicas-apoyan-nuestra-labor\/#primaryimage","url":"https:\/\/www.itakaescolapios.org\/wp-content\/uploads\/2018\/01\/WhatsApp-Image-20160712-11.jpeg","contentUrl":"https:\/\/www.itakaescolapios.org\/wp-content\/uploads\/2018\/01\/WhatsApp-Image-20160712-11.jpeg","width":1600,"height":900},{"@type":"BreadcrumbList","@id":"https:\/\/www.itakaescolapios.org\/en\/2018\/01\/las-instituciones-publicas-apoyan-nuestra-labor\/#breadcrumb","itemListElement":[{"@type":"ListItem","position":1,"name":"Proof","item":"https:\/\/www.itakaescolapios.org\/es\/"},{"@type":"ListItem","position":2,"name":"LAS INSTITUCIONES P\u00daBLICAS APOYAN NUESTRA LABOR"}]},{"@type":"WebSite","@id":"https:\/\/www.itakaescolapios.org\/en\/es\/#website","url":"https:\/\/www.itakaescolapios.org\/en\/es\/","name":"Itaka-Escolapios","description":"Red de Itaka-Escolapios","publisher":{"@id":"https:\/\/www.itakaescolapios.org\/en\/es\/#organization"},"potentialAction":[{"@type":"SearchAction","target":{"@type":"EntryPoint","urlTemplate":"https:\/\/www.itakaescolapios.org\/en\/es\/?s={search_term_string}"},"query-input":{"@type":"PropertyValueSpecification","valueRequired":true,"valueName":"search_term_string"}}],"inLanguage":"en-US"},{"@type":"Organization","@id":"https:\/\/www.itakaescolapios.org\/en\/es\/#organization","name":"Fundaci\u00f3 Itaka-Escolapios","url":"https:\/\/www.itakaescolapios.org\/en\/es\/","logo":{"@type":"ImageObject","inLanguage":"en-US","@id":"https:\/\/www.itakaescolapios.org\/en\/es\/#\/schema\/logo\/image\/","url":"https:\/\/www.itakaescolapios.org\/wp-content\/uploads\/2024\/04\/Logo-itakaescolapios-peque.png","contentUrl":"https:\/\/www.itakaescolapios.org\/wp-content\/uploads\/2024\/04\/Logo-itakaescolapios-peque.png","width":500,"height":199,"caption":"Fundaci\u00f3 Itaka-Escolapios"},"image":{"@id":"https:\/\/www.itakaescolapios.org\/en\/es\/#\/schema\/logo\/image\/"}},{"@type":"Person","@id":"https:\/\/www.itakaescolapios.org\/es\/#\/schema\/person\/c232ccaa2b3f2e98db93c1f8dfca96ff","name":"valencia01","url":"https:\/\/www.itakaescolapios.org\/en\/author\/valencia01\/"}]}},"_links":{"self":[{"href":"https:\/\/www.itakaescolapios.org\/en\/wp-json\/wp\/v2\/posts\/21826","targetHints":{"allow":["GET"]}}],"collection":[{"href":"https:\/\/www.itakaescolapios.org\/en\/wp-json\/wp\/v2\/posts"}],"about":[{"href":"https:\/\/www.itakaescolapios.org\/en\/wp-json\/wp\/v2\/types\/post"}],"author":[{"embeddable":true,"href":"https:\/\/www.itakaescolapios.org\/en\/wp-json\/wp\/v2\/users\/39"}],"replies":[{"embeddable":true,"href":"https:\/\/www.itakaescolapios.org\/en\/wp-json\/wp\/v2\/comments?post=21826"}],"version-history":[{"count":4,"href":"https:\/\/www.itakaescolapios.org\/en\/wp-json\/wp\/v2\/posts\/21826\/revisions"}],"predecessor-version":[{"id":47088,"href":"https:\/\/www.itakaescolapios.org\/en\/wp-json\/wp\/v2\/posts\/21826\/revisions\/47088"}],"wp:featuredmedia":[{"embeddable":true,"href":"https:\/\/www.itakaescolapios.org\/en\/wp-json\/wp\/v2\/media\/21828"}],"wp:attachment":[{"href":"https:\/\/www.itakaescolapios.org\/en\/wp-json\/wp\/v2\/media?parent=21826"}],"wp:term":[{"taxonomy":"category","embeddable":true,"href":"https:\/\/www.itakaescolapios.org\/en\/wp-json\/wp\/v2\/categories?post=21826"},{"taxonomy":"post_tag","embeddable":true,"href":"https:\/\/www.itakaescolapios.org\/en\/wp-json\/wp\/v2\/tags?post=21826"}],"curies":[{"name":"wp","href":"https:\/\/api.w.org\/{rel}","templated":true}]}}