{"id":22493,"date":"2018-03-26T10:57:17","date_gmt":"2018-03-26T09:57:17","guid":{"rendered":"https:\/\/www.itakaescolapios.org\/?p=22493"},"modified":"2023-11-28T12:37:33","modified_gmt":"2023-11-28T11:37:33","slug":"caminhada-solidaria-en-pamplona-iruna","status":"publish","type":"post","link":"https:\/\/www.itakaescolapios.org\/en\/2018\/03\/caminhada-solidaria-en-pamplona-iruna\/","title":{"rendered":"CAMINHADA SOLIDARIA EN PAMPLONA - IRU\u00d1A"},"content":{"rendered":"<p><a href=\"https:\/\/www.itakaescolapios.org\/2018\/03\/caminhada-solidaria-en-pamplona-iruna\/1-29064254_2149356098438508_6769496935750291252_o\/\" rel=\"attachment wp-att-22494\"><img decoding=\"async\" class=\"alignleft size-large wp-image-22494\" alt=\"1 29064254_2149356098438508_6769496935750291252_o\" src=\"https:\/\/www.itakaescolapios.org\/wp-content\/uploads\/2018\/03\/1-29064254_2149356098438508_6769496935750291252_o-1024x576.jpg\" width=\"1024\" height=\"576\" srcset=\"https:\/\/www.itakaescolapios.org\/wp-content\/uploads\/2018\/03\/1-29064254_2149356098438508_6769496935750291252_o-1024x576.jpg 1024w, https:\/\/www.itakaescolapios.org\/wp-content\/uploads\/2018\/03\/1-29064254_2149356098438508_6769496935750291252_o-300x168.jpg 300w, https:\/\/www.itakaescolapios.org\/wp-content\/uploads\/2018\/03\/1-29064254_2149356098438508_6769496935750291252_o-250x140.jpg 250w, https:\/\/www.itakaescolapios.org\/wp-content\/uploads\/2018\/03\/1-29064254_2149356098438508_6769496935750291252_o.jpg 2000w\" sizes=\"(max-width: 1024px) 100vw, 1024px\" \/><\/a><\/p>\n<p>El s\u00e1bado pasado, 24 de marzo, se celebr\u00f3 la XXI Caminhada solidaria, en esta ocasi\u00f3n en favor de los internados escolapios de Senegal, apoyando la Campa\u00f1a Internacional de la Red Itaka &#8211; Escolapios.<\/p>\n<p>Podemos ver algunos momentos en:<\/p>\n<ul>\n<li><a href=\"https:\/\/www.youtube.com\/watch?v=g_O40hMBS0s&amp;t=3s\">https:\/\/www.youtube.com\/watch?v=g_O40hMBS0s&amp;t=3s<\/a><\/li>\n<li><a href=\"https:\/\/www.youtube.com\/watch?v=6wIBjO837w8\">https:\/\/www.youtube.com\/watch?v=6wIBjO837w8<\/a><\/li>\n<li>fotos en\u00a0<a href=\"https:\/\/www.facebook.com\/1039957086045087\/photos\/pcb.2149356778438440\/2149355328438585\/?type=3\">https:\/\/www.facebook.com\/1039957086045087\/photos\/pcb.2149356778438440\/2149355328438585\/?type=3<\/a><\/li>\n<\/ul>\n","protected":false},"excerpt":{"rendered":"<p>El s\u00e1bado pasado, 24 de marzo, se celebr\u00f3 la XXI Caminhada solidaria, en esta ocasi\u00f3n en favor de los internados escolapios de Senegal, apoyando la Campa\u00f1a Internacional de la Red [&hellip;]<\/p>\n","protected":false},"author":4,"featured_media":22494,"comment_status":"closed","ping_status":"closed","sticky":false,"template":"","format":"standard","meta":{"_et_pb_use_builder":"","_et_pb_old_content":"","_et_gb_content_width":"","footnotes":""},"categories":[20],"tags":[],"class_list":["post-22493","post","type-post","status-publish","format-standard","has-post-thumbnail","hentry","category-pamplona-iruna"],"yoast_head":"<!-- This site is optimized with the Yoast SEO plugin v27.4 - https:\/\/yoast.com\/product\/yoast-seo-wordpress\/ -->\n<title>CAMINHADA SOLIDARIA EN PAMPLONA - IRU\u00d1A<\/title>\n<meta name=\"description\" content=\"El s\u00e1bado pasado, 24 de marzo, se celebr\u00f3 la XXI Caminhada solidaria, en esta ocasi\u00f3n en favor de los internados escolapios de Senegal, apoyando la Campa\u00f1a Internacional de la Red Itaka - Escolapios. Podemos ver algunos momentos en: https:\/\/www.youtube.com\/watch?v=g_O40hMBS0s&amp;t=3s https:\/\/www.youtube.com\/watch?v=6wIBjO837w8 fotos en\u00a0https:\/\/www.facebook.com\/1039957086045087\/photos\/pcb.2149356778438440\/2149355328438585\/?type=3\" \/>\n<meta name=\"robots\" content=\"index, follow, max-snippet:-1, max-image-preview:large, max-video-preview:-1\" \/>\n<link rel=\"canonical\" href=\"\" \/>\n<meta property=\"og:locale\" content=\"en_US\" \/>\n<meta property=\"og:type\" content=\"article\" \/>\n<meta property=\"og:title\" content=\"CAMINHADA SOLIDARIA EN PAMPLONA - IRU\u00d1A\" \/>\n<meta property=\"og:description\" content=\"El s\u00e1bado pasado, 24 de marzo, se celebr\u00f3 la XXI Caminhada solidaria, en esta ocasi\u00f3n en favor de los internados escolapios de Senegal, apoyando la Campa\u00f1a Internacional de la Red Itaka - Escolapios. Podemos ver algunos momentos en: https:\/\/www.youtube.com\/watch?v=g_O40hMBS0s&amp;t=3s https:\/\/www.youtube.com\/watch?v=6wIBjO837w8 fotos en\u00a0https:\/\/www.facebook.com\/1039957086045087\/photos\/pcb.2149356778438440\/2149355328438585\/?type=3\" \/>\n<meta property=\"og:url\" content=\"https:\/\/www.itakaescolapios.org\/en\/2018\/03\/caminhada-solidaria-en-pamplona-iruna\/\" \/>\n<meta property=\"og:site_name\" content=\"Proofs in Itaka-Escolapios\" \/>\n<meta property=\"article:published_time\" content=\"2018-03-26T09:57:17+00:00\" \/>\n<meta property=\"article:modified_time\" content=\"2023-11-28T11:37:33+00:00\" \/>\n<meta property=\"og:image\" content=\"https:\/\/www.itakaescolapios.org\/wp-content\/uploads\/2018\/03\/1-29064254_2149356098438508_6769496935750291252_o.jpg\" \/>\n\t<meta property=\"og:image:width\" content=\"2000\" \/>\n\t<meta property=\"og:image:height\" content=\"1125\" \/>\n\t<meta property=\"og:image:type\" content=\"image\/jpeg\" \/>\n<meta name=\"author\" content=\"itaka\" \/>\n<meta name=\"twitter:card\" content=\"summary_large_image\" \/>\n<meta name=\"twitter:label1\" content=\"Written by\" \/>\n\t<meta name=\"twitter:data1\" content=\"itaka\" \/>\n<script type=\"application\/ld+json\" class=\"yoast-schema-graph\">{\"@context\":\"https:\\\/\\\/schema.org\",\"@graph\":[{\"@type\":\"Article\",\"@id\":\"https:\\\/\\\/www.itakaescolapios.org\\\/en\\\/2018\\\/03\\\/caminhada-solidaria-en-pamplona-iruna\\\/#article\",\"isPartOf\":{\"@id\":\"https:\\\/\\\/www.itakaescolapios.org\\\/en\\\/2018\\\/03\\\/caminhada-solidaria-en-pamplona-iruna\\\/\"},\"author\":{\"name\":\"itaka\",\"@id\":\"https:\\\/\\\/www.itakaescolapios.org\\\/es\\\/#\\\/schema\\\/person\\\/670123daeb1cc31cae1b106740036ccb\"},\"headline\":\"CAMINHADA SOLIDARIA EN PAMPLONA - IRU\u00d1A\",\"datePublished\":\"2018-03-26T09:57:17+00:00\",\"dateModified\":\"2023-11-28T11:37:33+00:00\",\"mainEntityOfPage\":{\"@id\":\"https:\\\/\\\/www.itakaescolapios.org\\\/en\\\/2018\\\/03\\\/caminhada-solidaria-en-pamplona-iruna\\\/\"},\"wordCount\":77,\"publisher\":{\"@id\":\"https:\\\/\\\/www.itakaescolapios.org\\\/es\\\/#organization\"},\"image\":{\"@id\":\"https:\\\/\\\/www.itakaescolapios.org\\\/en\\\/2018\\\/03\\\/caminhada-solidaria-en-pamplona-iruna\\\/#primaryimage\"},\"thumbnailUrl\":\"https:\\\/\\\/www.itakaescolapios.org\\\/wp-content\\\/uploads\\\/2018\\\/03\\\/1-29064254_2149356098438508_6769496935750291252_o.jpg\",\"articleSection\":[\"Pamplona-Iru\u00f1a\"],\"inLanguage\":\"en-US\"},{\"@type\":\"WebPage\",\"@id\":\"https:\\\/\\\/www.itakaescolapios.org\\\/en\\\/2018\\\/03\\\/caminhada-solidaria-en-pamplona-iruna\\\/\",\"url\":\"https:\\\/\\\/www.itakaescolapios.org\\\/en\\\/2018\\\/03\\\/caminhada-solidaria-en-pamplona-iruna\\\/\",\"name\":\"CAMINHADA SOLIDARIA EN PAMPLONA - IRU\u00d1A - Proofs in Itaka-Escolapios\",\"isPartOf\":{\"@id\":\"https:\\\/\\\/www.itakaescolapios.org\\\/es\\\/#website\"},\"primaryImageOfPage\":{\"@id\":\"https:\\\/\\\/www.itakaescolapios.org\\\/en\\\/2018\\\/03\\\/caminhada-solidaria-en-pamplona-iruna\\\/#primaryimage\"},\"image\":{\"@id\":\"https:\\\/\\\/www.itakaescolapios.org\\\/en\\\/2018\\\/03\\\/caminhada-solidaria-en-pamplona-iruna\\\/#primaryimage\"},\"thumbnailUrl\":\"https:\\\/\\\/www.itakaescolapios.org\\\/wp-content\\\/uploads\\\/2018\\\/03\\\/1-29064254_2149356098438508_6769496935750291252_o.jpg\",\"datePublished\":\"2018-03-26T09:57:17+00:00\",\"dateModified\":\"2023-11-28T11:37:33+00:00\",\"breadcrumb\":{\"@id\":\"https:\\\/\\\/www.itakaescolapios.org\\\/en\\\/2018\\\/03\\\/caminhada-solidaria-en-pamplona-iruna\\\/#breadcrumb\"},\"inLanguage\":\"en-US\",\"potentialAction\":[{\"@type\":\"ReadAction\",\"target\":[\"https:\\\/\\\/www.itakaescolapios.org\\\/en\\\/2018\\\/03\\\/caminhada-solidaria-en-pamplona-iruna\\\/\"]}]},{\"@type\":\"ImageObject\",\"inLanguage\":\"en-US\",\"@id\":\"https:\\\/\\\/www.itakaescolapios.org\\\/en\\\/2018\\\/03\\\/caminhada-solidaria-en-pamplona-iruna\\\/#primaryimage\",\"url\":\"https:\\\/\\\/www.itakaescolapios.org\\\/wp-content\\\/uploads\\\/2018\\\/03\\\/1-29064254_2149356098438508_6769496935750291252_o.jpg\",\"contentUrl\":\"https:\\\/\\\/www.itakaescolapios.org\\\/wp-content\\\/uploads\\\/2018\\\/03\\\/1-29064254_2149356098438508_6769496935750291252_o.jpg\",\"width\":2000,\"height\":1125},{\"@type\":\"BreadcrumbList\",\"@id\":\"https:\\\/\\\/www.itakaescolapios.org\\\/en\\\/2018\\\/03\\\/caminhada-solidaria-en-pamplona-iruna\\\/#breadcrumb\",\"itemListElement\":[{\"@type\":\"ListItem\",\"position\":1,\"name\":\"Proof\",\"item\":\"https:\\\/\\\/www.itakaescolapios.org\\\/es\\\/\"},{\"@type\":\"ListItem\",\"position\":2,\"name\":\"CAMINHADA SOLIDARIA EN PAMPLONA - IRU\u00d1A\"}]},{\"@type\":\"WebSite\",\"@id\":\"https:\\\/\\\/www.itakaescolapios.org\\\/en\\\/es\\\/#website\",\"url\":\"https:\\\/\\\/www.itakaescolapios.org\\\/en\\\/es\\\/\",\"name\":\"Itaka-Escolapios\",\"description\":\"Red de Itaka-Escolapios\",\"publisher\":{\"@id\":\"https:\\\/\\\/www.itakaescolapios.org\\\/en\\\/es\\\/#organization\"},\"potentialAction\":[{\"@type\":\"SearchAction\",\"target\":{\"@type\":\"EntryPoint\",\"urlTemplate\":\"https:\\\/\\\/www.itakaescolapios.org\\\/en\\\/es\\\/?s={search_term_string}\"},\"query-input\":{\"@type\":\"PropertyValueSpecification\",\"valueRequired\":true,\"valueName\":\"search_term_string\"}}],\"inLanguage\":\"en-US\"},{\"@type\":\"Organization\",\"@id\":\"https:\\\/\\\/www.itakaescolapios.org\\\/en\\\/es\\\/#organization\",\"name\":\"Fundaci\u00f3 Itaka-Escolapios\",\"url\":\"https:\\\/\\\/www.itakaescolapios.org\\\/en\\\/es\\\/\",\"logo\":{\"@type\":\"ImageObject\",\"inLanguage\":\"en-US\",\"@id\":\"https:\\\/\\\/www.itakaescolapios.org\\\/en\\\/es\\\/#\\\/schema\\\/logo\\\/image\\\/\",\"url\":\"https:\\\/\\\/www.itakaescolapios.org\\\/wp-content\\\/uploads\\\/2024\\\/04\\\/Logo-itakaescolapios-peque.png\",\"contentUrl\":\"https:\\\/\\\/www.itakaescolapios.org\\\/wp-content\\\/uploads\\\/2024\\\/04\\\/Logo-itakaescolapios-peque.png\",\"width\":500,\"height\":199,\"caption\":\"Fundaci\u00f3 Itaka-Escolapios\"},\"image\":{\"@id\":\"https:\\\/\\\/www.itakaescolapios.org\\\/en\\\/es\\\/#\\\/schema\\\/logo\\\/image\\\/\"}},{\"@type\":\"Person\",\"@id\":\"https:\\\/\\\/www.itakaescolapios.org\\\/es\\\/#\\\/schema\\\/person\\\/670123daeb1cc31cae1b106740036ccb\",\"name\":\"itaka\",\"url\":\"https:\\\/\\\/www.itakaescolapios.org\\\/en\\\/author\\\/itaka\\\/\"}]}<\/script>\n<!-- \/ Yoast SEO plugin. -->","yoast_head_json":{"title":"CAMINHADA SOLIDARIA EN PAMPLONA - IRU\u00d1A","description":"El s\u00e1bado pasado, 24 de marzo, se celebr\u00f3 la XXI Caminhada solidaria, en esta ocasi\u00f3n en favor de los internados escolapios de Senegal, apoyando la Campa\u00f1a Internacional de la Red Itaka - Escolapios. Podemos ver algunos momentos en: https:\/\/www.youtube.com\/watch?v=g_O40hMBS0s&amp;t=3s https:\/\/www.youtube.com\/watch?v=6wIBjO837w8 fotos en\u00a0https:\/\/www.facebook.com\/1039957086045087\/photos\/pcb.2149356778438440\/2149355328438585\/?type=3","robots":{"index":"index","follow":"follow","max-snippet":"max-snippet:-1","max-image-preview":"max-image-preview:large","max-video-preview":"max-video-preview:-1"},"canonical":"El s\u00e1bado pasado, 24 de marzo, se celebr\u00f3 la XXI Caminhada solidaria, en esta ocasi\u00f3n en favor de los internados escolapios de Senegal, apoyando la Campa\u00f1a Internacional de la Red Itaka - Escolapios. Podemos ver algunos momentos en: https:\/\/www.youtube.com\/watch?v=g_O40hMBS0s&amp;t=3s https:\/\/www.youtube.com\/watch?v=6wIBjO837w8 fotos en\u00a0https:\/\/www.facebook.com\/1039957086045087\/photos\/pcb.2149356778438440\/2149355328438585\/?type=3","og_locale":"en_US","og_type":"article","og_title":"CAMINHADA SOLIDARIA EN PAMPLONA - IRU\u00d1A","og_description":"El s\u00e1bado pasado, 24 de marzo, se celebr\u00f3 la XXI Caminhada solidaria, en esta ocasi\u00f3n en favor de los internados escolapios de Senegal, apoyando la Campa\u00f1a Internacional de la Red Itaka - Escolapios. Podemos ver algunos momentos en: https:\/\/www.youtube.com\/watch?v=g_O40hMBS0s&amp;t=3s https:\/\/www.youtube.com\/watch?v=6wIBjO837w8 fotos en\u00a0https:\/\/www.facebook.com\/1039957086045087\/photos\/pcb.2149356778438440\/2149355328438585\/?type=3","og_url":"https:\/\/www.itakaescolapios.org\/en\/2018\/03\/caminhada-solidaria-en-pamplona-iruna\/","og_site_name":"Proofs in Itaka-Escolapios","article_published_time":"2018-03-26T09:57:17+00:00","article_modified_time":"2023-11-28T11:37:33+00:00","og_image":[{"width":2000,"height":1125,"url":"https:\/\/www.itakaescolapios.org\/wp-content\/uploads\/2018\/03\/1-29064254_2149356098438508_6769496935750291252_o.jpg","type":"image\/jpeg"}],"author":"itaka","twitter_card":"summary_large_image","twitter_misc":{"Written by":"itaka"},"schema":{"@context":"https:\/\/schema.org","@graph":[{"@type":"Article","@id":"https:\/\/www.itakaescolapios.org\/en\/2018\/03\/caminhada-solidaria-en-pamplona-iruna\/#article","isPartOf":{"@id":"https:\/\/www.itakaescolapios.org\/en\/2018\/03\/caminhada-solidaria-en-pamplona-iruna\/"},"author":{"name":"itaka","@id":"https:\/\/www.itakaescolapios.org\/es\/#\/schema\/person\/670123daeb1cc31cae1b106740036ccb"},"headline":"CAMINHADA SOLIDARIA EN PAMPLONA - IRU\u00d1A","datePublished":"2018-03-26T09:57:17+00:00","dateModified":"2023-11-28T11:37:33+00:00","mainEntityOfPage":{"@id":"https:\/\/www.itakaescolapios.org\/en\/2018\/03\/caminhada-solidaria-en-pamplona-iruna\/"},"wordCount":77,"publisher":{"@id":"https:\/\/www.itakaescolapios.org\/es\/#organization"},"image":{"@id":"https:\/\/www.itakaescolapios.org\/en\/2018\/03\/caminhada-solidaria-en-pamplona-iruna\/#primaryimage"},"thumbnailUrl":"https:\/\/www.itakaescolapios.org\/wp-content\/uploads\/2018\/03\/1-29064254_2149356098438508_6769496935750291252_o.jpg","articleSection":["Pamplona-Iru\u00f1a"],"inLanguage":"en-US"},{"@type":"WebPage","@id":"https:\/\/www.itakaescolapios.org\/en\/2018\/03\/caminhada-solidaria-en-pamplona-iruna\/","url":"https:\/\/www.itakaescolapios.org\/en\/2018\/03\/caminhada-solidaria-en-pamplona-iruna\/","name":"CAMINHADA SOLIDARIA EN PAMPLONA - IRU\u00d1A - Proofs in Itaka-Escolapios","isPartOf":{"@id":"https:\/\/www.itakaescolapios.org\/es\/#website"},"primaryImageOfPage":{"@id":"https:\/\/www.itakaescolapios.org\/en\/2018\/03\/caminhada-solidaria-en-pamplona-iruna\/#primaryimage"},"image":{"@id":"https:\/\/www.itakaescolapios.org\/en\/2018\/03\/caminhada-solidaria-en-pamplona-iruna\/#primaryimage"},"thumbnailUrl":"https:\/\/www.itakaescolapios.org\/wp-content\/uploads\/2018\/03\/1-29064254_2149356098438508_6769496935750291252_o.jpg","datePublished":"2018-03-26T09:57:17+00:00","dateModified":"2023-11-28T11:37:33+00:00","breadcrumb":{"@id":"https:\/\/www.itakaescolapios.org\/en\/2018\/03\/caminhada-solidaria-en-pamplona-iruna\/#breadcrumb"},"inLanguage":"en-US","potentialAction":[{"@type":"ReadAction","target":["https:\/\/www.itakaescolapios.org\/en\/2018\/03\/caminhada-solidaria-en-pamplona-iruna\/"]}]},{"@type":"ImageObject","inLanguage":"en-US","@id":"https:\/\/www.itakaescolapios.org\/en\/2018\/03\/caminhada-solidaria-en-pamplona-iruna\/#primaryimage","url":"https:\/\/www.itakaescolapios.org\/wp-content\/uploads\/2018\/03\/1-29064254_2149356098438508_6769496935750291252_o.jpg","contentUrl":"https:\/\/www.itakaescolapios.org\/wp-content\/uploads\/2018\/03\/1-29064254_2149356098438508_6769496935750291252_o.jpg","width":2000,"height":1125},{"@type":"BreadcrumbList","@id":"https:\/\/www.itakaescolapios.org\/en\/2018\/03\/caminhada-solidaria-en-pamplona-iruna\/#breadcrumb","itemListElement":[{"@type":"ListItem","position":1,"name":"Proof","item":"https:\/\/www.itakaescolapios.org\/es\/"},{"@type":"ListItem","position":2,"name":"CAMINHADA SOLIDARIA EN PAMPLONA - IRU\u00d1A"}]},{"@type":"WebSite","@id":"https:\/\/www.itakaescolapios.org\/en\/es\/#website","url":"https:\/\/www.itakaescolapios.org\/en\/es\/","name":"Itaka-Escolapios","description":"Red de Itaka-Escolapios","publisher":{"@id":"https:\/\/www.itakaescolapios.org\/en\/es\/#organization"},"potentialAction":[{"@type":"SearchAction","target":{"@type":"EntryPoint","urlTemplate":"https:\/\/www.itakaescolapios.org\/en\/es\/?s={search_term_string}"},"query-input":{"@type":"PropertyValueSpecification","valueRequired":true,"valueName":"search_term_string"}}],"inLanguage":"en-US"},{"@type":"Organization","@id":"https:\/\/www.itakaescolapios.org\/en\/es\/#organization","name":"Fundaci\u00f3 Itaka-Escolapios","url":"https:\/\/www.itakaescolapios.org\/en\/es\/","logo":{"@type":"ImageObject","inLanguage":"en-US","@id":"https:\/\/www.itakaescolapios.org\/en\/es\/#\/schema\/logo\/image\/","url":"https:\/\/www.itakaescolapios.org\/wp-content\/uploads\/2024\/04\/Logo-itakaescolapios-peque.png","contentUrl":"https:\/\/www.itakaescolapios.org\/wp-content\/uploads\/2024\/04\/Logo-itakaescolapios-peque.png","width":500,"height":199,"caption":"Fundaci\u00f3 Itaka-Escolapios"},"image":{"@id":"https:\/\/www.itakaescolapios.org\/en\/es\/#\/schema\/logo\/image\/"}},{"@type":"Person","@id":"https:\/\/www.itakaescolapios.org\/es\/#\/schema\/person\/670123daeb1cc31cae1b106740036ccb","name":"itaka","url":"https:\/\/www.itakaescolapios.org\/en\/author\/itaka\/"}]}},"_links":{"self":[{"href":"https:\/\/www.itakaescolapios.org\/en\/wp-json\/wp\/v2\/posts\/22493","targetHints":{"allow":["GET"]}}],"collection":[{"href":"https:\/\/www.itakaescolapios.org\/en\/wp-json\/wp\/v2\/posts"}],"about":[{"href":"https:\/\/www.itakaescolapios.org\/en\/wp-json\/wp\/v2\/types\/post"}],"author":[{"embeddable":true,"href":"https:\/\/www.itakaescolapios.org\/en\/wp-json\/wp\/v2\/users\/4"}],"replies":[{"embeddable":true,"href":"https:\/\/www.itakaescolapios.org\/en\/wp-json\/wp\/v2\/comments?post=22493"}],"version-history":[{"count":5,"href":"https:\/\/www.itakaescolapios.org\/en\/wp-json\/wp\/v2\/posts\/22493\/revisions"}],"predecessor-version":[{"id":46892,"href":"https:\/\/www.itakaescolapios.org\/en\/wp-json\/wp\/v2\/posts\/22493\/revisions\/46892"}],"wp:featuredmedia":[{"embeddable":true,"href":"https:\/\/www.itakaescolapios.org\/en\/wp-json\/wp\/v2\/media\/22494"}],"wp:attachment":[{"href":"https:\/\/www.itakaescolapios.org\/en\/wp-json\/wp\/v2\/media?parent=22493"}],"wp:term":[{"taxonomy":"category","embeddable":true,"href":"https:\/\/www.itakaescolapios.org\/en\/wp-json\/wp\/v2\/categories?post=22493"},{"taxonomy":"post_tag","embeddable":true,"href":"https:\/\/www.itakaescolapios.org\/en\/wp-json\/wp\/v2\/tags?post=22493"}],"curies":[{"name":"wp","href":"https:\/\/api.w.org\/{rel}","templated":true}]}}