{"id":22529,"date":"2018-04-06T11:13:22","date_gmt":"2018-04-06T10:13:22","guid":{"rendered":"https:\/\/www.itakaescolapios.org\/?p=22529"},"modified":"2023-11-28T12:37:32","modified_gmt":"2023-11-28T11:37:32","slug":"22-de-abril-nueva-edicion-de-itaka-se-mueve","status":"publish","type":"post","link":"https:\/\/www.itakaescolapios.org\/en\/2018\/04\/22-de-abril-nueva-edicion-de-itaka-se-mueve\/","title":{"rendered":"22 de abril, nueva edici\u00f3n de ITAKA SE MUEVE"},"content":{"rendered":"<p>Ya est\u00e1 aqu\u00ed de nuevo ITAKA SE MUEVE VALENCIA!!!<\/p>\n<p>Una gran fiesta en el colegio Escolapios de Malvarrosa donde esperamos contar con vosotros!! Apuntad, el domingo 22 de abril!!<\/p>\n<p>Ent\u00e9rate de todo en este enlace:<\/p>\n<div>\n<p><a href=\"https:\/\/goo.gl\/forms\/OupcH6MUtBvyXXJE3\" target=\"_blank\" rel=\"noopener nofollow\" data-ft=\"{\" data-lynx-mode=\"asynclazy\" data-lynx-uri=\"https:\/\/l.facebook.com\/l.php?u=https%3A%2F%2Fgoo.gl%2Fforms%2FOupcH6MUtBvyXXJE3&amp;h=ATOy-2smDb31yEMKmVrGMzv5KPaMD1BSmmzHDn3Vees6XS8O85VkmT2CkXPUna638WJp9bwgKJ5PA-T8JXYVKhh1MCgf3aBxVkg74zATml9MtNU_dtpt2R6S7W4ctninWrsPow\">https:\/\/goo.gl\/forms\/OupcH6MUtBvyXXJE3<\/a><\/p>\n<\/div>\n","protected":false},"excerpt":{"rendered":"<p>Ya est\u00e1 aqu\u00ed de nuevo ITAKA SE MUEVE VALENCIA!!! Una gran fiesta en el colegio Escolapios de Malvarrosa donde esperamos contar con vosotros!! Apuntad, el domingo 22 de abril!! Ent\u00e9rate [&hellip;]<\/p>\n","protected":false},"author":4,"featured_media":22530,"comment_status":"closed","ping_status":"closed","sticky":false,"template":"","format":"standard","meta":{"_et_pb_use_builder":"","_et_pb_old_content":"","_et_gb_content_width":"","footnotes":""},"categories":[12],"tags":[],"class_list":["post-22529","post","type-post","status-publish","format-standard","has-post-thumbnail","hentry","category-valencia"],"yoast_head":"<!-- This site is optimized with the Yoast SEO plugin v27.4 - https:\/\/yoast.com\/product\/yoast-seo-wordpress\/ -->\n<title>22 de abril, nueva edici\u00f3n de ITAKA SE MUEVE<\/title>\n<meta name=\"description\" content=\"Ya est\u00e1 aqu\u00ed de nuevo ITAKA SE MUEVE VALENCIA!!! Una gran fiesta en el colegio Escolapios de Malvarrosa donde esperamos contar con vosotros!! Apuntad, el domingo 22 de abril!! Ent\u00e9rate de todo en este enlace: https:\/\/goo.gl\/forms\/OupcH6MUtBvyXXJE3\" \/>\n<meta name=\"robots\" content=\"index, follow, max-snippet:-1, max-image-preview:large, max-video-preview:-1\" \/>\n<link rel=\"canonical\" href=\"\" \/>\n<meta property=\"og:locale\" content=\"en_US\" \/>\n<meta property=\"og:type\" content=\"article\" \/>\n<meta property=\"og:title\" content=\"22 de abril, nueva edici\u00f3n de ITAKA SE MUEVE\" \/>\n<meta property=\"og:description\" content=\"Ya est\u00e1 aqu\u00ed de nuevo ITAKA SE MUEVE VALENCIA!!! Una gran fiesta en el colegio Escolapios de Malvarrosa donde esperamos contar con vosotros!! Apuntad, el domingo 22 de abril!! Ent\u00e9rate de todo en este enlace: https:\/\/goo.gl\/forms\/OupcH6MUtBvyXXJE3\" \/>\n<meta property=\"og:url\" content=\"https:\/\/www.itakaescolapios.org\/en\/2018\/04\/22-de-abril-nueva-edicion-de-itaka-se-mueve\/\" \/>\n<meta property=\"og:site_name\" content=\"Proofs in Itaka-Escolapios\" \/>\n<meta property=\"article:published_time\" content=\"2018-04-06T10:13:22+00:00\" \/>\n<meta property=\"article:modified_time\" content=\"2023-11-28T11:37:32+00:00\" \/>\n<meta property=\"og:image\" content=\"https:\/\/www.itakaescolapios.org\/wp-content\/uploads\/2018\/03\/180422-Itaka-se-mueve.jpg\" \/>\n\t<meta property=\"og:image:width\" content=\"685\" \/>\n\t<meta property=\"og:image:height\" content=\"960\" \/>\n\t<meta property=\"og:image:type\" content=\"image\/jpeg\" \/>\n<meta name=\"author\" content=\"itaka\" \/>\n<meta name=\"twitter:card\" content=\"summary_large_image\" \/>\n<meta name=\"twitter:label1\" content=\"Written by\" \/>\n\t<meta name=\"twitter:data1\" content=\"itaka\" \/>\n<script type=\"application\/ld+json\" class=\"yoast-schema-graph\">{\"@context\":\"https:\\\/\\\/schema.org\",\"@graph\":[{\"@type\":\"Article\",\"@id\":\"https:\\\/\\\/www.itakaescolapios.org\\\/en\\\/2018\\\/04\\\/22-de-abril-nueva-edicion-de-itaka-se-mueve\\\/#article\",\"isPartOf\":{\"@id\":\"https:\\\/\\\/www.itakaescolapios.org\\\/en\\\/2018\\\/04\\\/22-de-abril-nueva-edicion-de-itaka-se-mueve\\\/\"},\"author\":{\"name\":\"itaka\",\"@id\":\"https:\\\/\\\/www.itakaescolapios.org\\\/es\\\/#\\\/schema\\\/person\\\/670123daeb1cc31cae1b106740036ccb\"},\"headline\":\"22 de abril, nueva edici\u00f3n de ITAKA SE MUEVE\",\"datePublished\":\"2018-04-06T10:13:22+00:00\",\"dateModified\":\"2023-11-28T11:37:32+00:00\",\"mainEntityOfPage\":{\"@id\":\"https:\\\/\\\/www.itakaescolapios.org\\\/en\\\/2018\\\/04\\\/22-de-abril-nueva-edicion-de-itaka-se-mueve\\\/\"},\"wordCount\":50,\"publisher\":{\"@id\":\"https:\\\/\\\/www.itakaescolapios.org\\\/es\\\/#organization\"},\"image\":{\"@id\":\"https:\\\/\\\/www.itakaescolapios.org\\\/en\\\/2018\\\/04\\\/22-de-abril-nueva-edicion-de-itaka-se-mueve\\\/#primaryimage\"},\"thumbnailUrl\":\"https:\\\/\\\/www.itakaescolapios.org\\\/wp-content\\\/uploads\\\/2018\\\/03\\\/180422-Itaka-se-mueve.jpg\",\"articleSection\":[\"Valencia\"],\"inLanguage\":\"en-US\"},{\"@type\":\"WebPage\",\"@id\":\"https:\\\/\\\/www.itakaescolapios.org\\\/en\\\/2018\\\/04\\\/22-de-abril-nueva-edicion-de-itaka-se-mueve\\\/\",\"url\":\"https:\\\/\\\/www.itakaescolapios.org\\\/en\\\/2018\\\/04\\\/22-de-abril-nueva-edicion-de-itaka-se-mueve\\\/\",\"name\":\"22 de abril, nueva edici\u00f3n de ITAKA SE MUEVE - Proofs in Itaka-Escolapios\",\"isPartOf\":{\"@id\":\"https:\\\/\\\/www.itakaescolapios.org\\\/es\\\/#website\"},\"primaryImageOfPage\":{\"@id\":\"https:\\\/\\\/www.itakaescolapios.org\\\/en\\\/2018\\\/04\\\/22-de-abril-nueva-edicion-de-itaka-se-mueve\\\/#primaryimage\"},\"image\":{\"@id\":\"https:\\\/\\\/www.itakaescolapios.org\\\/en\\\/2018\\\/04\\\/22-de-abril-nueva-edicion-de-itaka-se-mueve\\\/#primaryimage\"},\"thumbnailUrl\":\"https:\\\/\\\/www.itakaescolapios.org\\\/wp-content\\\/uploads\\\/2018\\\/03\\\/180422-Itaka-se-mueve.jpg\",\"datePublished\":\"2018-04-06T10:13:22+00:00\",\"dateModified\":\"2023-11-28T11:37:32+00:00\",\"breadcrumb\":{\"@id\":\"https:\\\/\\\/www.itakaescolapios.org\\\/en\\\/2018\\\/04\\\/22-de-abril-nueva-edicion-de-itaka-se-mueve\\\/#breadcrumb\"},\"inLanguage\":\"en-US\",\"potentialAction\":[{\"@type\":\"ReadAction\",\"target\":[\"https:\\\/\\\/www.itakaescolapios.org\\\/en\\\/2018\\\/04\\\/22-de-abril-nueva-edicion-de-itaka-se-mueve\\\/\"]}]},{\"@type\":\"ImageObject\",\"inLanguage\":\"en-US\",\"@id\":\"https:\\\/\\\/www.itakaescolapios.org\\\/en\\\/2018\\\/04\\\/22-de-abril-nueva-edicion-de-itaka-se-mueve\\\/#primaryimage\",\"url\":\"https:\\\/\\\/www.itakaescolapios.org\\\/wp-content\\\/uploads\\\/2018\\\/03\\\/180422-Itaka-se-mueve.jpg\",\"contentUrl\":\"https:\\\/\\\/www.itakaescolapios.org\\\/wp-content\\\/uploads\\\/2018\\\/03\\\/180422-Itaka-se-mueve.jpg\",\"width\":685,\"height\":960},{\"@type\":\"BreadcrumbList\",\"@id\":\"https:\\\/\\\/www.itakaescolapios.org\\\/en\\\/2018\\\/04\\\/22-de-abril-nueva-edicion-de-itaka-se-mueve\\\/#breadcrumb\",\"itemListElement\":[{\"@type\":\"ListItem\",\"position\":1,\"name\":\"Proof\",\"item\":\"https:\\\/\\\/www.itakaescolapios.org\\\/es\\\/\"},{\"@type\":\"ListItem\",\"position\":2,\"name\":\"22 de abril, nueva edici\u00f3n de ITAKA SE MUEVE\"}]},{\"@type\":\"WebSite\",\"@id\":\"https:\\\/\\\/www.itakaescolapios.org\\\/en\\\/es\\\/#website\",\"url\":\"https:\\\/\\\/www.itakaescolapios.org\\\/en\\\/es\\\/\",\"name\":\"Itaka-Escolapios\",\"description\":\"Red de Itaka-Escolapios\",\"publisher\":{\"@id\":\"https:\\\/\\\/www.itakaescolapios.org\\\/en\\\/es\\\/#organization\"},\"potentialAction\":[{\"@type\":\"SearchAction\",\"target\":{\"@type\":\"EntryPoint\",\"urlTemplate\":\"https:\\\/\\\/www.itakaescolapios.org\\\/en\\\/es\\\/?s={search_term_string}\"},\"query-input\":{\"@type\":\"PropertyValueSpecification\",\"valueRequired\":true,\"valueName\":\"search_term_string\"}}],\"inLanguage\":\"en-US\"},{\"@type\":\"Organization\",\"@id\":\"https:\\\/\\\/www.itakaescolapios.org\\\/en\\\/es\\\/#organization\",\"name\":\"Fundaci\u00f3 Itaka-Escolapios\",\"url\":\"https:\\\/\\\/www.itakaescolapios.org\\\/en\\\/es\\\/\",\"logo\":{\"@type\":\"ImageObject\",\"inLanguage\":\"en-US\",\"@id\":\"https:\\\/\\\/www.itakaescolapios.org\\\/en\\\/es\\\/#\\\/schema\\\/logo\\\/image\\\/\",\"url\":\"https:\\\/\\\/www.itakaescolapios.org\\\/wp-content\\\/uploads\\\/2024\\\/04\\\/Logo-itakaescolapios-peque.png\",\"contentUrl\":\"https:\\\/\\\/www.itakaescolapios.org\\\/wp-content\\\/uploads\\\/2024\\\/04\\\/Logo-itakaescolapios-peque.png\",\"width\":500,\"height\":199,\"caption\":\"Fundaci\u00f3 Itaka-Escolapios\"},\"image\":{\"@id\":\"https:\\\/\\\/www.itakaescolapios.org\\\/en\\\/es\\\/#\\\/schema\\\/logo\\\/image\\\/\"}},{\"@type\":\"Person\",\"@id\":\"https:\\\/\\\/www.itakaescolapios.org\\\/es\\\/#\\\/schema\\\/person\\\/670123daeb1cc31cae1b106740036ccb\",\"name\":\"itaka\",\"url\":\"https:\\\/\\\/www.itakaescolapios.org\\\/en\\\/author\\\/itaka\\\/\"}]}<\/script>\n<!-- \/ Yoast SEO plugin. -->","yoast_head_json":{"title":"22 de abril, nueva edici\u00f3n de ITAKA SE MUEVE","description":"Ya est\u00e1 aqu\u00ed de nuevo ITAKA SE MUEVE VALENCIA!!! Una gran fiesta en el colegio Escolapios de Malvarrosa donde esperamos contar con vosotros!! Apuntad, el domingo 22 de abril!! Ent\u00e9rate de todo en este enlace: https:\/\/goo.gl\/forms\/OupcH6MUtBvyXXJE3","robots":{"index":"index","follow":"follow","max-snippet":"max-snippet:-1","max-image-preview":"max-image-preview:large","max-video-preview":"max-video-preview:-1"},"canonical":"Ya est\u00e1 aqu\u00ed de nuevo ITAKA SE MUEVE VALENCIA!!! Una gran fiesta en el colegio Escolapios de Malvarrosa donde esperamos contar con vosotros!! Apuntad, el domingo 22 de abril!! Ent\u00e9rate de todo en este enlace: https:\/\/goo.gl\/forms\/OupcH6MUtBvyXXJE3","og_locale":"en_US","og_type":"article","og_title":"22 de abril, nueva edici\u00f3n de ITAKA SE MUEVE","og_description":"Ya est\u00e1 aqu\u00ed de nuevo ITAKA SE MUEVE VALENCIA!!! Una gran fiesta en el colegio Escolapios de Malvarrosa donde esperamos contar con vosotros!! Apuntad, el domingo 22 de abril!! Ent\u00e9rate de todo en este enlace: https:\/\/goo.gl\/forms\/OupcH6MUtBvyXXJE3","og_url":"https:\/\/www.itakaescolapios.org\/en\/2018\/04\/22-de-abril-nueva-edicion-de-itaka-se-mueve\/","og_site_name":"Proofs in Itaka-Escolapios","article_published_time":"2018-04-06T10:13:22+00:00","article_modified_time":"2023-11-28T11:37:32+00:00","og_image":[{"width":685,"height":960,"url":"https:\/\/www.itakaescolapios.org\/wp-content\/uploads\/2018\/03\/180422-Itaka-se-mueve.jpg","type":"image\/jpeg"}],"author":"itaka","twitter_card":"summary_large_image","twitter_misc":{"Written by":"itaka"},"schema":{"@context":"https:\/\/schema.org","@graph":[{"@type":"Article","@id":"https:\/\/www.itakaescolapios.org\/en\/2018\/04\/22-de-abril-nueva-edicion-de-itaka-se-mueve\/#article","isPartOf":{"@id":"https:\/\/www.itakaescolapios.org\/en\/2018\/04\/22-de-abril-nueva-edicion-de-itaka-se-mueve\/"},"author":{"name":"itaka","@id":"https:\/\/www.itakaescolapios.org\/es\/#\/schema\/person\/670123daeb1cc31cae1b106740036ccb"},"headline":"22 de abril, nueva edici\u00f3n de ITAKA SE MUEVE","datePublished":"2018-04-06T10:13:22+00:00","dateModified":"2023-11-28T11:37:32+00:00","mainEntityOfPage":{"@id":"https:\/\/www.itakaescolapios.org\/en\/2018\/04\/22-de-abril-nueva-edicion-de-itaka-se-mueve\/"},"wordCount":50,"publisher":{"@id":"https:\/\/www.itakaescolapios.org\/es\/#organization"},"image":{"@id":"https:\/\/www.itakaescolapios.org\/en\/2018\/04\/22-de-abril-nueva-edicion-de-itaka-se-mueve\/#primaryimage"},"thumbnailUrl":"https:\/\/www.itakaescolapios.org\/wp-content\/uploads\/2018\/03\/180422-Itaka-se-mueve.jpg","articleSection":["Valencia"],"inLanguage":"en-US"},{"@type":"WebPage","@id":"https:\/\/www.itakaescolapios.org\/en\/2018\/04\/22-de-abril-nueva-edicion-de-itaka-se-mueve\/","url":"https:\/\/www.itakaescolapios.org\/en\/2018\/04\/22-de-abril-nueva-edicion-de-itaka-se-mueve\/","name":"22 de abril, nueva edici\u00f3n de ITAKA SE MUEVE - Proofs in Itaka-Escolapios","isPartOf":{"@id":"https:\/\/www.itakaescolapios.org\/es\/#website"},"primaryImageOfPage":{"@id":"https:\/\/www.itakaescolapios.org\/en\/2018\/04\/22-de-abril-nueva-edicion-de-itaka-se-mueve\/#primaryimage"},"image":{"@id":"https:\/\/www.itakaescolapios.org\/en\/2018\/04\/22-de-abril-nueva-edicion-de-itaka-se-mueve\/#primaryimage"},"thumbnailUrl":"https:\/\/www.itakaescolapios.org\/wp-content\/uploads\/2018\/03\/180422-Itaka-se-mueve.jpg","datePublished":"2018-04-06T10:13:22+00:00","dateModified":"2023-11-28T11:37:32+00:00","breadcrumb":{"@id":"https:\/\/www.itakaescolapios.org\/en\/2018\/04\/22-de-abril-nueva-edicion-de-itaka-se-mueve\/#breadcrumb"},"inLanguage":"en-US","potentialAction":[{"@type":"ReadAction","target":["https:\/\/www.itakaescolapios.org\/en\/2018\/04\/22-de-abril-nueva-edicion-de-itaka-se-mueve\/"]}]},{"@type":"ImageObject","inLanguage":"en-US","@id":"https:\/\/www.itakaescolapios.org\/en\/2018\/04\/22-de-abril-nueva-edicion-de-itaka-se-mueve\/#primaryimage","url":"https:\/\/www.itakaescolapios.org\/wp-content\/uploads\/2018\/03\/180422-Itaka-se-mueve.jpg","contentUrl":"https:\/\/www.itakaescolapios.org\/wp-content\/uploads\/2018\/03\/180422-Itaka-se-mueve.jpg","width":685,"height":960},{"@type":"BreadcrumbList","@id":"https:\/\/www.itakaescolapios.org\/en\/2018\/04\/22-de-abril-nueva-edicion-de-itaka-se-mueve\/#breadcrumb","itemListElement":[{"@type":"ListItem","position":1,"name":"Proof","item":"https:\/\/www.itakaescolapios.org\/es\/"},{"@type":"ListItem","position":2,"name":"22 de abril, nueva edici\u00f3n de ITAKA SE MUEVE"}]},{"@type":"WebSite","@id":"https:\/\/www.itakaescolapios.org\/en\/es\/#website","url":"https:\/\/www.itakaescolapios.org\/en\/es\/","name":"Itaka-Escolapios","description":"Red de Itaka-Escolapios","publisher":{"@id":"https:\/\/www.itakaescolapios.org\/en\/es\/#organization"},"potentialAction":[{"@type":"SearchAction","target":{"@type":"EntryPoint","urlTemplate":"https:\/\/www.itakaescolapios.org\/en\/es\/?s={search_term_string}"},"query-input":{"@type":"PropertyValueSpecification","valueRequired":true,"valueName":"search_term_string"}}],"inLanguage":"en-US"},{"@type":"Organization","@id":"https:\/\/www.itakaescolapios.org\/en\/es\/#organization","name":"Fundaci\u00f3 Itaka-Escolapios","url":"https:\/\/www.itakaescolapios.org\/en\/es\/","logo":{"@type":"ImageObject","inLanguage":"en-US","@id":"https:\/\/www.itakaescolapios.org\/en\/es\/#\/schema\/logo\/image\/","url":"https:\/\/www.itakaescolapios.org\/wp-content\/uploads\/2024\/04\/Logo-itakaescolapios-peque.png","contentUrl":"https:\/\/www.itakaescolapios.org\/wp-content\/uploads\/2024\/04\/Logo-itakaescolapios-peque.png","width":500,"height":199,"caption":"Fundaci\u00f3 Itaka-Escolapios"},"image":{"@id":"https:\/\/www.itakaescolapios.org\/en\/es\/#\/schema\/logo\/image\/"}},{"@type":"Person","@id":"https:\/\/www.itakaescolapios.org\/es\/#\/schema\/person\/670123daeb1cc31cae1b106740036ccb","name":"itaka","url":"https:\/\/www.itakaescolapios.org\/en\/author\/itaka\/"}]}},"_links":{"self":[{"href":"https:\/\/www.itakaescolapios.org\/en\/wp-json\/wp\/v2\/posts\/22529","targetHints":{"allow":["GET"]}}],"collection":[{"href":"https:\/\/www.itakaescolapios.org\/en\/wp-json\/wp\/v2\/posts"}],"about":[{"href":"https:\/\/www.itakaescolapios.org\/en\/wp-json\/wp\/v2\/types\/post"}],"author":[{"embeddable":true,"href":"https:\/\/www.itakaescolapios.org\/en\/wp-json\/wp\/v2\/users\/4"}],"replies":[{"embeddable":true,"href":"https:\/\/www.itakaescolapios.org\/en\/wp-json\/wp\/v2\/comments?post=22529"}],"version-history":[{"count":5,"href":"https:\/\/www.itakaescolapios.org\/en\/wp-json\/wp\/v2\/posts\/22529\/revisions"}],"predecessor-version":[{"id":46874,"href":"https:\/\/www.itakaescolapios.org\/en\/wp-json\/wp\/v2\/posts\/22529\/revisions\/46874"}],"wp:featuredmedia":[{"embeddable":true,"href":"https:\/\/www.itakaescolapios.org\/en\/wp-json\/wp\/v2\/media\/22530"}],"wp:attachment":[{"href":"https:\/\/www.itakaescolapios.org\/en\/wp-json\/wp\/v2\/media?parent=22529"}],"wp:term":[{"taxonomy":"category","embeddable":true,"href":"https:\/\/www.itakaescolapios.org\/en\/wp-json\/wp\/v2\/categories?post=22529"},{"taxonomy":"post_tag","embeddable":true,"href":"https:\/\/www.itakaescolapios.org\/en\/wp-json\/wp\/v2\/tags?post=22529"}],"curies":[{"name":"wp","href":"https:\/\/api.w.org\/{rel}","templated":true}]}}