{"id":22775,"date":"2018-04-26T12:36:45","date_gmt":"2018-04-26T11:36:45","guid":{"rendered":"https:\/\/www.itakaescolapios.org\/?p=22775"},"modified":"2023-11-28T12:37:30","modified_gmt":"2023-11-28T11:37:30","slug":"balance-de-la-caminhada-solidaria-en-pamplona-iruna","status":"publish","type":"post","link":"https:\/\/www.itakaescolapios.org\/en\/2018\/04\/balance-de-la-caminhada-solidaria-en-pamplona-iruna\/","title":{"rendered":"BALANCE DE LA CAMINHADA SOLIDARIA EN PAMPLONA - IRU\u00d1A"},"content":{"rendered":"<p>Un a\u00f1o m\u00e1s se realiz\u00f3 la Caminhada por Pamplona &#8211; Iru\u00f1a en solidaridad con los internados escolapios de Senegal, tal como se est\u00e1 desarrollando en numerosas localidades en el marco de la Campa\u00f1a de la Red Itaka &#8211; Escolapios.<\/p>\n<p>Podemos ver la noticia en\u00a0<a href=\"http:\/\/www.calasanz.pamplona.escolapiosemaus.org\/es\/publicaciones\/noticias\/item\/442-caminhada-recaudacion-2018\">http:\/\/www.calasanz.pamplona.escolapiosemaus.org\/es\/publicaciones\/noticias\/item\/442-caminhada-recaudacion-2018<\/a><\/p>\n","protected":false},"excerpt":{"rendered":"<p>Un a\u00f1o m\u00e1s se realiz\u00f3 la Caminhada por Pamplona &#8211; Iru\u00f1a en solidaridad con los internados escolapios de Senegal, tal como se est\u00e1 desarrollando en numerosas localidades en el marco [&hellip;]<\/p>\n","protected":false},"author":4,"featured_media":22776,"comment_status":"closed","ping_status":"closed","sticky":false,"template":"","format":"standard","meta":{"_et_pb_use_builder":"","_et_pb_old_content":"","_et_gb_content_width":"","footnotes":""},"categories":[20],"tags":[],"class_list":["post-22775","post","type-post","status-publish","format-standard","has-post-thumbnail","hentry","category-pamplona-iruna"],"yoast_head":"<!-- This site is optimized with the Yoast SEO plugin v27.4 - https:\/\/yoast.com\/product\/yoast-seo-wordpress\/ -->\n<title>BALANCE DE LA CAMINHADA SOLIDARIA EN PAMPLONA - IRU\u00d1A<\/title>\n<meta name=\"description\" content=\"Un a\u00f1o m\u00e1s se realiz\u00f3 la Caminhada por Pamplona - Iru\u00f1a en solidaridad con los internados escolapios de Senegal, tal como se est\u00e1 desarrollando en numerosas localidades en el marco de la Campa\u00f1a de la Red Itaka - Escolapios. Podemos ver la noticia en\u00a0http:\/\/www.calasanz.pamplona.escolapiosemaus.org\/es\/publicaciones\/noticias\/item\/442-caminhada-recaudacion-2018\" \/>\n<meta name=\"robots\" content=\"index, follow, max-snippet:-1, max-image-preview:large, max-video-preview:-1\" \/>\n<link rel=\"canonical\" href=\"\" \/>\n<meta property=\"og:locale\" content=\"en_US\" \/>\n<meta property=\"og:type\" content=\"article\" \/>\n<meta property=\"og:title\" content=\"BALANCE DE LA CAMINHADA SOLIDARIA EN PAMPLONA - IRU\u00d1A\" \/>\n<meta property=\"og:description\" content=\"Un a\u00f1o m\u00e1s se realiz\u00f3 la Caminhada por Pamplona - Iru\u00f1a en solidaridad con los internados escolapios de Senegal, tal como se est\u00e1 desarrollando en numerosas localidades en el marco de la Campa\u00f1a de la Red Itaka - Escolapios. Podemos ver la noticia en\u00a0http:\/\/www.calasanz.pamplona.escolapiosemaus.org\/es\/publicaciones\/noticias\/item\/442-caminhada-recaudacion-2018\" \/>\n<meta property=\"og:url\" content=\"https:\/\/www.itakaescolapios.org\/en\/2018\/04\/balance-de-la-caminhada-solidaria-en-pamplona-iruna\/\" \/>\n<meta property=\"og:site_name\" content=\"Proofs in Itaka-Escolapios\" \/>\n<meta property=\"article:published_time\" content=\"2018-04-26T11:36:45+00:00\" \/>\n<meta property=\"article:modified_time\" content=\"2023-11-28T11:37:30+00:00\" \/>\n<meta property=\"og:image\" content=\"https:\/\/www.itakaescolapios.org\/wp-content\/uploads\/2018\/04\/escolapios_caminhada_recaudacion.jpg\" \/>\n\t<meta property=\"og:image:width\" content=\"1755\" \/>\n\t<meta property=\"og:image:height\" content=\"1240\" \/>\n\t<meta property=\"og:image:type\" content=\"image\/jpeg\" \/>\n<meta name=\"author\" content=\"itaka\" \/>\n<meta name=\"twitter:card\" content=\"summary_large_image\" \/>\n<meta name=\"twitter:label1\" content=\"Written by\" \/>\n\t<meta name=\"twitter:data1\" content=\"itaka\" \/>\n<script type=\"application\/ld+json\" class=\"yoast-schema-graph\">{\"@context\":\"https:\\\/\\\/schema.org\",\"@graph\":[{\"@type\":\"Article\",\"@id\":\"https:\\\/\\\/www.itakaescolapios.org\\\/en\\\/2018\\\/04\\\/balance-de-la-caminhada-solidaria-en-pamplona-iruna\\\/#article\",\"isPartOf\":{\"@id\":\"https:\\\/\\\/www.itakaescolapios.org\\\/en\\\/2018\\\/04\\\/balance-de-la-caminhada-solidaria-en-pamplona-iruna\\\/\"},\"author\":{\"name\":\"itaka\",\"@id\":\"https:\\\/\\\/www.itakaescolapios.org\\\/es\\\/#\\\/schema\\\/person\\\/670123daeb1cc31cae1b106740036ccb\"},\"headline\":\"BALANCE DE LA CAMINHADA SOLIDARIA EN PAMPLONA - IRU\u00d1A\",\"datePublished\":\"2018-04-26T11:36:45+00:00\",\"dateModified\":\"2023-11-28T11:37:30+00:00\",\"mainEntityOfPage\":{\"@id\":\"https:\\\/\\\/www.itakaescolapios.org\\\/en\\\/2018\\\/04\\\/balance-de-la-caminhada-solidaria-en-pamplona-iruna\\\/\"},\"wordCount\":69,\"publisher\":{\"@id\":\"https:\\\/\\\/www.itakaescolapios.org\\\/es\\\/#organization\"},\"image\":{\"@id\":\"https:\\\/\\\/www.itakaescolapios.org\\\/en\\\/2018\\\/04\\\/balance-de-la-caminhada-solidaria-en-pamplona-iruna\\\/#primaryimage\"},\"thumbnailUrl\":\"https:\\\/\\\/www.itakaescolapios.org\\\/wp-content\\\/uploads\\\/2018\\\/04\\\/escolapios_caminhada_recaudacion.jpg\",\"articleSection\":[\"Pamplona-Iru\u00f1a\"],\"inLanguage\":\"en-US\"},{\"@type\":\"WebPage\",\"@id\":\"https:\\\/\\\/www.itakaescolapios.org\\\/en\\\/2018\\\/04\\\/balance-de-la-caminhada-solidaria-en-pamplona-iruna\\\/\",\"url\":\"https:\\\/\\\/www.itakaescolapios.org\\\/en\\\/2018\\\/04\\\/balance-de-la-caminhada-solidaria-en-pamplona-iruna\\\/\",\"name\":\"BALANCE DE LA CAMINHADA SOLIDARIA EN PAMPLONA - IRU\u00d1A - Proofs in Itaka-Escolapios\",\"isPartOf\":{\"@id\":\"https:\\\/\\\/www.itakaescolapios.org\\\/es\\\/#website\"},\"primaryImageOfPage\":{\"@id\":\"https:\\\/\\\/www.itakaescolapios.org\\\/en\\\/2018\\\/04\\\/balance-de-la-caminhada-solidaria-en-pamplona-iruna\\\/#primaryimage\"},\"image\":{\"@id\":\"https:\\\/\\\/www.itakaescolapios.org\\\/en\\\/2018\\\/04\\\/balance-de-la-caminhada-solidaria-en-pamplona-iruna\\\/#primaryimage\"},\"thumbnailUrl\":\"https:\\\/\\\/www.itakaescolapios.org\\\/wp-content\\\/uploads\\\/2018\\\/04\\\/escolapios_caminhada_recaudacion.jpg\",\"datePublished\":\"2018-04-26T11:36:45+00:00\",\"dateModified\":\"2023-11-28T11:37:30+00:00\",\"breadcrumb\":{\"@id\":\"https:\\\/\\\/www.itakaescolapios.org\\\/en\\\/2018\\\/04\\\/balance-de-la-caminhada-solidaria-en-pamplona-iruna\\\/#breadcrumb\"},\"inLanguage\":\"en-US\",\"potentialAction\":[{\"@type\":\"ReadAction\",\"target\":[\"https:\\\/\\\/www.itakaescolapios.org\\\/en\\\/2018\\\/04\\\/balance-de-la-caminhada-solidaria-en-pamplona-iruna\\\/\"]}]},{\"@type\":\"ImageObject\",\"inLanguage\":\"en-US\",\"@id\":\"https:\\\/\\\/www.itakaescolapios.org\\\/en\\\/2018\\\/04\\\/balance-de-la-caminhada-solidaria-en-pamplona-iruna\\\/#primaryimage\",\"url\":\"https:\\\/\\\/www.itakaescolapios.org\\\/wp-content\\\/uploads\\\/2018\\\/04\\\/escolapios_caminhada_recaudacion.jpg\",\"contentUrl\":\"https:\\\/\\\/www.itakaescolapios.org\\\/wp-content\\\/uploads\\\/2018\\\/04\\\/escolapios_caminhada_recaudacion.jpg\",\"width\":1755,\"height\":1240},{\"@type\":\"BreadcrumbList\",\"@id\":\"https:\\\/\\\/www.itakaescolapios.org\\\/en\\\/2018\\\/04\\\/balance-de-la-caminhada-solidaria-en-pamplona-iruna\\\/#breadcrumb\",\"itemListElement\":[{\"@type\":\"ListItem\",\"position\":1,\"name\":\"Proof\",\"item\":\"https:\\\/\\\/www.itakaescolapios.org\\\/es\\\/\"},{\"@type\":\"ListItem\",\"position\":2,\"name\":\"BALANCE DE LA CAMINHADA SOLIDARIA EN PAMPLONA - IRU\u00d1A\"}]},{\"@type\":\"WebSite\",\"@id\":\"https:\\\/\\\/www.itakaescolapios.org\\\/en\\\/es\\\/#website\",\"url\":\"https:\\\/\\\/www.itakaescolapios.org\\\/en\\\/es\\\/\",\"name\":\"Itaka-Escolapios\",\"description\":\"Red de Itaka-Escolapios\",\"publisher\":{\"@id\":\"https:\\\/\\\/www.itakaescolapios.org\\\/en\\\/es\\\/#organization\"},\"potentialAction\":[{\"@type\":\"SearchAction\",\"target\":{\"@type\":\"EntryPoint\",\"urlTemplate\":\"https:\\\/\\\/www.itakaescolapios.org\\\/en\\\/es\\\/?s={search_term_string}\"},\"query-input\":{\"@type\":\"PropertyValueSpecification\",\"valueRequired\":true,\"valueName\":\"search_term_string\"}}],\"inLanguage\":\"en-US\"},{\"@type\":\"Organization\",\"@id\":\"https:\\\/\\\/www.itakaescolapios.org\\\/en\\\/es\\\/#organization\",\"name\":\"Fundaci\u00f3 Itaka-Escolapios\",\"url\":\"https:\\\/\\\/www.itakaescolapios.org\\\/en\\\/es\\\/\",\"logo\":{\"@type\":\"ImageObject\",\"inLanguage\":\"en-US\",\"@id\":\"https:\\\/\\\/www.itakaescolapios.org\\\/en\\\/es\\\/#\\\/schema\\\/logo\\\/image\\\/\",\"url\":\"https:\\\/\\\/www.itakaescolapios.org\\\/wp-content\\\/uploads\\\/2024\\\/04\\\/Logo-itakaescolapios-peque.png\",\"contentUrl\":\"https:\\\/\\\/www.itakaescolapios.org\\\/wp-content\\\/uploads\\\/2024\\\/04\\\/Logo-itakaescolapios-peque.png\",\"width\":500,\"height\":199,\"caption\":\"Fundaci\u00f3 Itaka-Escolapios\"},\"image\":{\"@id\":\"https:\\\/\\\/www.itakaescolapios.org\\\/en\\\/es\\\/#\\\/schema\\\/logo\\\/image\\\/\"}},{\"@type\":\"Person\",\"@id\":\"https:\\\/\\\/www.itakaescolapios.org\\\/es\\\/#\\\/schema\\\/person\\\/670123daeb1cc31cae1b106740036ccb\",\"name\":\"itaka\",\"url\":\"https:\\\/\\\/www.itakaescolapios.org\\\/en\\\/author\\\/itaka\\\/\"}]}<\/script>\n<!-- \/ Yoast SEO plugin. -->","yoast_head_json":{"title":"BALANCE DE LA CAMINHADA SOLIDARIA EN PAMPLONA - IRU\u00d1A","description":"Un a\u00f1o m\u00e1s se realiz\u00f3 la Caminhada por Pamplona - Iru\u00f1a en solidaridad con los internados escolapios de Senegal, tal como se est\u00e1 desarrollando en numerosas localidades en el marco de la Campa\u00f1a de la Red Itaka - Escolapios. Podemos ver la noticia en\u00a0http:\/\/www.calasanz.pamplona.escolapiosemaus.org\/es\/publicaciones\/noticias\/item\/442-caminhada-recaudacion-2018","robots":{"index":"index","follow":"follow","max-snippet":"max-snippet:-1","max-image-preview":"max-image-preview:large","max-video-preview":"max-video-preview:-1"},"canonical":"Un a\u00f1o m\u00e1s se realiz\u00f3 la Caminhada por Pamplona - Iru\u00f1a en solidaridad con los internados escolapios de Senegal, tal como se est\u00e1 desarrollando en numerosas localidades en el marco de la Campa\u00f1a de la Red Itaka - Escolapios. Podemos ver la noticia en\u00a0http:\/\/www.calasanz.pamplona.escolapiosemaus.org\/es\/publicaciones\/noticias\/item\/442-caminhada-recaudacion-2018","og_locale":"en_US","og_type":"article","og_title":"BALANCE DE LA CAMINHADA SOLIDARIA EN PAMPLONA - IRU\u00d1A","og_description":"Un a\u00f1o m\u00e1s se realiz\u00f3 la Caminhada por Pamplona - Iru\u00f1a en solidaridad con los internados escolapios de Senegal, tal como se est\u00e1 desarrollando en numerosas localidades en el marco de la Campa\u00f1a de la Red Itaka - Escolapios. Podemos ver la noticia en\u00a0http:\/\/www.calasanz.pamplona.escolapiosemaus.org\/es\/publicaciones\/noticias\/item\/442-caminhada-recaudacion-2018","og_url":"https:\/\/www.itakaescolapios.org\/en\/2018\/04\/balance-de-la-caminhada-solidaria-en-pamplona-iruna\/","og_site_name":"Proofs in Itaka-Escolapios","article_published_time":"2018-04-26T11:36:45+00:00","article_modified_time":"2023-11-28T11:37:30+00:00","og_image":[{"width":1755,"height":1240,"url":"https:\/\/www.itakaescolapios.org\/wp-content\/uploads\/2018\/04\/escolapios_caminhada_recaudacion.jpg","type":"image\/jpeg"}],"author":"itaka","twitter_card":"summary_large_image","twitter_misc":{"Written by":"itaka"},"schema":{"@context":"https:\/\/schema.org","@graph":[{"@type":"Article","@id":"https:\/\/www.itakaescolapios.org\/en\/2018\/04\/balance-de-la-caminhada-solidaria-en-pamplona-iruna\/#article","isPartOf":{"@id":"https:\/\/www.itakaescolapios.org\/en\/2018\/04\/balance-de-la-caminhada-solidaria-en-pamplona-iruna\/"},"author":{"name":"itaka","@id":"https:\/\/www.itakaescolapios.org\/es\/#\/schema\/person\/670123daeb1cc31cae1b106740036ccb"},"headline":"BALANCE DE LA CAMINHADA SOLIDARIA EN PAMPLONA - IRU\u00d1A","datePublished":"2018-04-26T11:36:45+00:00","dateModified":"2023-11-28T11:37:30+00:00","mainEntityOfPage":{"@id":"https:\/\/www.itakaescolapios.org\/en\/2018\/04\/balance-de-la-caminhada-solidaria-en-pamplona-iruna\/"},"wordCount":69,"publisher":{"@id":"https:\/\/www.itakaescolapios.org\/es\/#organization"},"image":{"@id":"https:\/\/www.itakaescolapios.org\/en\/2018\/04\/balance-de-la-caminhada-solidaria-en-pamplona-iruna\/#primaryimage"},"thumbnailUrl":"https:\/\/www.itakaescolapios.org\/wp-content\/uploads\/2018\/04\/escolapios_caminhada_recaudacion.jpg","articleSection":["Pamplona-Iru\u00f1a"],"inLanguage":"en-US"},{"@type":"WebPage","@id":"https:\/\/www.itakaescolapios.org\/en\/2018\/04\/balance-de-la-caminhada-solidaria-en-pamplona-iruna\/","url":"https:\/\/www.itakaescolapios.org\/en\/2018\/04\/balance-de-la-caminhada-solidaria-en-pamplona-iruna\/","name":"BALANCE DE LA CAMINHADA SOLIDARIA EN PAMPLONA - IRU\u00d1A - Proofs in Itaka-Escolapios","isPartOf":{"@id":"https:\/\/www.itakaescolapios.org\/es\/#website"},"primaryImageOfPage":{"@id":"https:\/\/www.itakaescolapios.org\/en\/2018\/04\/balance-de-la-caminhada-solidaria-en-pamplona-iruna\/#primaryimage"},"image":{"@id":"https:\/\/www.itakaescolapios.org\/en\/2018\/04\/balance-de-la-caminhada-solidaria-en-pamplona-iruna\/#primaryimage"},"thumbnailUrl":"https:\/\/www.itakaescolapios.org\/wp-content\/uploads\/2018\/04\/escolapios_caminhada_recaudacion.jpg","datePublished":"2018-04-26T11:36:45+00:00","dateModified":"2023-11-28T11:37:30+00:00","breadcrumb":{"@id":"https:\/\/www.itakaescolapios.org\/en\/2018\/04\/balance-de-la-caminhada-solidaria-en-pamplona-iruna\/#breadcrumb"},"inLanguage":"en-US","potentialAction":[{"@type":"ReadAction","target":["https:\/\/www.itakaescolapios.org\/en\/2018\/04\/balance-de-la-caminhada-solidaria-en-pamplona-iruna\/"]}]},{"@type":"ImageObject","inLanguage":"en-US","@id":"https:\/\/www.itakaescolapios.org\/en\/2018\/04\/balance-de-la-caminhada-solidaria-en-pamplona-iruna\/#primaryimage","url":"https:\/\/www.itakaescolapios.org\/wp-content\/uploads\/2018\/04\/escolapios_caminhada_recaudacion.jpg","contentUrl":"https:\/\/www.itakaescolapios.org\/wp-content\/uploads\/2018\/04\/escolapios_caminhada_recaudacion.jpg","width":1755,"height":1240},{"@type":"BreadcrumbList","@id":"https:\/\/www.itakaescolapios.org\/en\/2018\/04\/balance-de-la-caminhada-solidaria-en-pamplona-iruna\/#breadcrumb","itemListElement":[{"@type":"ListItem","position":1,"name":"Proof","item":"https:\/\/www.itakaescolapios.org\/es\/"},{"@type":"ListItem","position":2,"name":"BALANCE DE LA CAMINHADA SOLIDARIA EN PAMPLONA - IRU\u00d1A"}]},{"@type":"WebSite","@id":"https:\/\/www.itakaescolapios.org\/en\/es\/#website","url":"https:\/\/www.itakaescolapios.org\/en\/es\/","name":"Itaka-Escolapios","description":"Red de Itaka-Escolapios","publisher":{"@id":"https:\/\/www.itakaescolapios.org\/en\/es\/#organization"},"potentialAction":[{"@type":"SearchAction","target":{"@type":"EntryPoint","urlTemplate":"https:\/\/www.itakaescolapios.org\/en\/es\/?s={search_term_string}"},"query-input":{"@type":"PropertyValueSpecification","valueRequired":true,"valueName":"search_term_string"}}],"inLanguage":"en-US"},{"@type":"Organization","@id":"https:\/\/www.itakaescolapios.org\/en\/es\/#organization","name":"Fundaci\u00f3 Itaka-Escolapios","url":"https:\/\/www.itakaescolapios.org\/en\/es\/","logo":{"@type":"ImageObject","inLanguage":"en-US","@id":"https:\/\/www.itakaescolapios.org\/en\/es\/#\/schema\/logo\/image\/","url":"https:\/\/www.itakaescolapios.org\/wp-content\/uploads\/2024\/04\/Logo-itakaescolapios-peque.png","contentUrl":"https:\/\/www.itakaescolapios.org\/wp-content\/uploads\/2024\/04\/Logo-itakaescolapios-peque.png","width":500,"height":199,"caption":"Fundaci\u00f3 Itaka-Escolapios"},"image":{"@id":"https:\/\/www.itakaescolapios.org\/en\/es\/#\/schema\/logo\/image\/"}},{"@type":"Person","@id":"https:\/\/www.itakaescolapios.org\/es\/#\/schema\/person\/670123daeb1cc31cae1b106740036ccb","name":"itaka","url":"https:\/\/www.itakaescolapios.org\/en\/author\/itaka\/"}]}},"_links":{"self":[{"href":"https:\/\/www.itakaescolapios.org\/en\/wp-json\/wp\/v2\/posts\/22775","targetHints":{"allow":["GET"]}}],"collection":[{"href":"https:\/\/www.itakaescolapios.org\/en\/wp-json\/wp\/v2\/posts"}],"about":[{"href":"https:\/\/www.itakaescolapios.org\/en\/wp-json\/wp\/v2\/types\/post"}],"author":[{"embeddable":true,"href":"https:\/\/www.itakaescolapios.org\/en\/wp-json\/wp\/v2\/users\/4"}],"replies":[{"embeddable":true,"href":"https:\/\/www.itakaescolapios.org\/en\/wp-json\/wp\/v2\/comments?post=22775"}],"version-history":[{"count":3,"href":"https:\/\/www.itakaescolapios.org\/en\/wp-json\/wp\/v2\/posts\/22775\/revisions"}],"predecessor-version":[{"id":46817,"href":"https:\/\/www.itakaescolapios.org\/en\/wp-json\/wp\/v2\/posts\/22775\/revisions\/46817"}],"wp:featuredmedia":[{"embeddable":true,"href":"https:\/\/www.itakaescolapios.org\/en\/wp-json\/wp\/v2\/media\/22776"}],"wp:attachment":[{"href":"https:\/\/www.itakaescolapios.org\/en\/wp-json\/wp\/v2\/media?parent=22775"}],"wp:term":[{"taxonomy":"category","embeddable":true,"href":"https:\/\/www.itakaescolapios.org\/en\/wp-json\/wp\/v2\/categories?post=22775"},{"taxonomy":"post_tag","embeddable":true,"href":"https:\/\/www.itakaescolapios.org\/en\/wp-json\/wp\/v2\/tags?post=22775"}],"curies":[{"name":"wp","href":"https:\/\/api.w.org\/{rel}","templated":true}]}}