{"id":24121,"date":"2018-07-17T14:19:10","date_gmt":"2018-07-17T13:19:10","guid":{"rendered":"https:\/\/www.itakaescolapios.org\/?p=24121"},"modified":"2023-11-28T12:37:20","modified_gmt":"2023-11-28T11:37:20","slug":"portugues-festa-julina-nosso-arraia","status":"publish","type":"post","link":"https:\/\/www.itakaescolapios.org\/en\/2018\/07\/portugues-festa-julina-nosso-arraia\/","title":{"rendered":"FIESTA DE JULIO \"Nosso Arrai\u00e1\" EN VALADARES"},"content":{"rendered":"<p style=\"text-align: justify\">El s\u00e1bado 14 de julio en el polideportivo de Itaka Vladares se celebr\u00f3 \u201c Nosso Arrai\u00e1\u201d, con comidas t\u00edpicas, juegos y danzas para los ni\u00f1os de Itaka-Escolapios y de la escuela P. Jos\u00e9 Luis Tadeo y el turno de Tercera Edad del Profresor Celso de la Red en Acci\u00f3n. Fue un momento de mucha alegr\u00eda y compartir entre las familias de la comunidad.\u00a0<a title=\"Nosso Arrai\u00e1\" href=\"https:\/\/www.facebook.com\/Itaka-GV-2016878628599301\/?hc_ref=ARRMP4tlfsCI_kyrgifVF2sOBY05uz8orW4WN5Bzak8r3mYoEBw_53_-_olBlRp7zG8&amp;fref=nf\">Mas fotos<\/a><\/p>\n","protected":false},"excerpt":{"rendered":"<p>El s\u00e1bado 14 de julio en el polideportivo de Itaka Vladares se celebr\u00f3 \u201c Nosso Arrai\u00e1\u201d, con comidas t\u00edpicas, juegos y danzas para los ni\u00f1os de Itaka-Escolapios y de la [&hellip;]<\/p>\n","protected":false},"author":11,"featured_media":24122,"comment_status":"closed","ping_status":"closed","sticky":false,"template":"","format":"standard","meta":{"_et_pb_use_builder":"","_et_pb_old_content":"","_et_gb_content_width":"","footnotes":""},"categories":[16],"tags":[],"class_list":["post-24121","post","type-post","status-publish","format-standard","has-post-thumbnail","hentry","category-governador-valadares"],"yoast_head":"<!-- This site is optimized with the Yoast SEO plugin v27.4 - https:\/\/yoast.com\/product\/yoast-seo-wordpress\/ -->\n<title>FIESTA DE JULIO &quot;Nosso Arrai\u00e1&quot; EN VALADARES<\/title>\n<meta name=\"description\" content=\"El s\u00e1bado 14 de julio en el polideportivo de Itaka Vladares se celebr\u00f3 \u201c Nosso Arrai\u00e1\u201d, con comidas t\u00edpicas, juegos y danzas para los ni\u00f1os de Itaka-Escolapios y de la escuela P. Jos\u00e9 Luis Tadeo y el turno de Tercera Edad del Profresor Celso de la Red en Acci\u00f3n. Fue un momento de mucha alegr\u00eda&hellip;\" \/>\n<meta name=\"robots\" content=\"index, follow, max-snippet:-1, max-image-preview:large, max-video-preview:-1\" \/>\n<link rel=\"canonical\" href=\"http:\/\/El%20s\u00e1bado%2014%20de%20julio%20en%20el%20polideportivo%20de%20Itaka%20Vladares%20se%20celebr\u00f3%20\u201c%20Nosso%20Arrai\u00e1\u201d,%20con%20comidas%20t\u00edpicas,%20juegos%20y%20danzas%20para%20los%20ni\u00f1os%20de%20Itaka-Escolapios%20y%20de%20la%20escuela%20P.%20Jos\u00e9%20Luis%20Tadeo%20y%20el%20turno%20de%20Tercera%20Edad%20del%20Profresor%20Celso%20de%20la%20Red%20en%20Acci\u00f3n.%20Fue%20un%20momento%20de%20mucha%20alegr\u00eda&hellip;\" \/>\n<meta property=\"og:locale\" content=\"en_US\" \/>\n<meta property=\"og:type\" content=\"article\" \/>\n<meta property=\"og:title\" content=\"FIESTA DE JULIO &quot;Nosso Arrai\u00e1&quot; EN VALADARES\" \/>\n<meta property=\"og:description\" content=\"El s\u00e1bado 14 de julio en el polideportivo de Itaka Vladares se celebr\u00f3 \u201c Nosso Arrai\u00e1\u201d, con comidas t\u00edpicas, juegos y danzas para los ni\u00f1os de Itaka-Escolapios y de la escuela P. Jos\u00e9 Luis Tadeo y el turno de Tercera Edad del Profresor Celso de la Red en Acci\u00f3n. Fue un momento de mucha alegr\u00eda&hellip;\" \/>\n<meta property=\"og:url\" content=\"https:\/\/www.itakaescolapios.org\/en\/2018\/07\/portugues-festa-julina-nosso-arraia\/\" \/>\n<meta property=\"og:site_name\" content=\"Proofs in Itaka-Escolapios\" \/>\n<meta property=\"article:published_time\" content=\"2018-07-17T13:19:10+00:00\" \/>\n<meta property=\"article:modified_time\" content=\"2023-11-28T11:37:20+00:00\" \/>\n<meta property=\"og:image\" content=\"https:\/\/www.itakaescolapios.org\/wp-content\/uploads\/2018\/07\/IMG_6964.jpg\" \/>\n\t<meta property=\"og:image:width\" content=\"2000\" \/>\n\t<meta property=\"og:image:height\" content=\"1500\" \/>\n\t<meta property=\"og:image:type\" content=\"image\/jpeg\" \/>\n<meta name=\"author\" content=\"brasil03\" \/>\n<meta name=\"twitter:card\" content=\"summary_large_image\" \/>\n<meta name=\"twitter:label1\" content=\"Written by\" \/>\n\t<meta name=\"twitter:data1\" content=\"brasil03\" \/>\n<script type=\"application\/ld+json\" class=\"yoast-schema-graph\">{\"@context\":\"https:\\\/\\\/schema.org\",\"@graph\":[{\"@type\":\"Article\",\"@id\":\"https:\\\/\\\/www.itakaescolapios.org\\\/en\\\/2018\\\/07\\\/portugues-festa-julina-nosso-arraia\\\/#article\",\"isPartOf\":{\"@id\":\"https:\\\/\\\/www.itakaescolapios.org\\\/en\\\/2018\\\/07\\\/portugues-festa-julina-nosso-arraia\\\/\"},\"author\":{\"name\":\"brasil03\",\"@id\":\"https:\\\/\\\/www.itakaescolapios.org\\\/es\\\/#\\\/schema\\\/person\\\/9c761c62049293fc36e6c91e429de3d5\"},\"headline\":\"FIESTA DE JULIO \\\"Nosso Arrai\u00e1\\\" EN VALADARES\",\"datePublished\":\"2018-07-17T13:19:10+00:00\",\"dateModified\":\"2023-11-28T11:37:20+00:00\",\"mainEntityOfPage\":{\"@id\":\"https:\\\/\\\/www.itakaescolapios.org\\\/en\\\/2018\\\/07\\\/portugues-festa-julina-nosso-arraia\\\/\"},\"wordCount\":75,\"publisher\":{\"@id\":\"https:\\\/\\\/www.itakaescolapios.org\\\/es\\\/#organization\"},\"image\":{\"@id\":\"https:\\\/\\\/www.itakaescolapios.org\\\/en\\\/2018\\\/07\\\/portugues-festa-julina-nosso-arraia\\\/#primaryimage\"},\"thumbnailUrl\":\"https:\\\/\\\/www.itakaescolapios.org\\\/wp-content\\\/uploads\\\/2018\\\/07\\\/IMG_6964.jpg\",\"articleSection\":[\"Governador Valadares\"],\"inLanguage\":\"en-US\"},{\"@type\":\"WebPage\",\"@id\":\"https:\\\/\\\/www.itakaescolapios.org\\\/en\\\/2018\\\/07\\\/portugues-festa-julina-nosso-arraia\\\/\",\"url\":\"https:\\\/\\\/www.itakaescolapios.org\\\/en\\\/2018\\\/07\\\/portugues-festa-julina-nosso-arraia\\\/\",\"name\":\"FIESTA DE JULIO \\\"Nosso Arrai\u00e1\\\" EN VALADARES - Proofs in Itaka-Escolapios\",\"isPartOf\":{\"@id\":\"https:\\\/\\\/www.itakaescolapios.org\\\/es\\\/#website\"},\"primaryImageOfPage\":{\"@id\":\"https:\\\/\\\/www.itakaescolapios.org\\\/en\\\/2018\\\/07\\\/portugues-festa-julina-nosso-arraia\\\/#primaryimage\"},\"image\":{\"@id\":\"https:\\\/\\\/www.itakaescolapios.org\\\/en\\\/2018\\\/07\\\/portugues-festa-julina-nosso-arraia\\\/#primaryimage\"},\"thumbnailUrl\":\"https:\\\/\\\/www.itakaescolapios.org\\\/wp-content\\\/uploads\\\/2018\\\/07\\\/IMG_6964.jpg\",\"datePublished\":\"2018-07-17T13:19:10+00:00\",\"dateModified\":\"2023-11-28T11:37:20+00:00\",\"breadcrumb\":{\"@id\":\"https:\\\/\\\/www.itakaescolapios.org\\\/en\\\/2018\\\/07\\\/portugues-festa-julina-nosso-arraia\\\/#breadcrumb\"},\"inLanguage\":\"en-US\",\"potentialAction\":[{\"@type\":\"ReadAction\",\"target\":[\"https:\\\/\\\/www.itakaescolapios.org\\\/en\\\/2018\\\/07\\\/portugues-festa-julina-nosso-arraia\\\/\"]}]},{\"@type\":\"ImageObject\",\"inLanguage\":\"en-US\",\"@id\":\"https:\\\/\\\/www.itakaescolapios.org\\\/en\\\/2018\\\/07\\\/portugues-festa-julina-nosso-arraia\\\/#primaryimage\",\"url\":\"https:\\\/\\\/www.itakaescolapios.org\\\/wp-content\\\/uploads\\\/2018\\\/07\\\/IMG_6964.jpg\",\"contentUrl\":\"https:\\\/\\\/www.itakaescolapios.org\\\/wp-content\\\/uploads\\\/2018\\\/07\\\/IMG_6964.jpg\",\"width\":2000,\"height\":1500},{\"@type\":\"BreadcrumbList\",\"@id\":\"https:\\\/\\\/www.itakaescolapios.org\\\/en\\\/2018\\\/07\\\/portugues-festa-julina-nosso-arraia\\\/#breadcrumb\",\"itemListElement\":[{\"@type\":\"ListItem\",\"position\":1,\"name\":\"Proof\",\"item\":\"https:\\\/\\\/www.itakaescolapios.org\\\/es\\\/\"},{\"@type\":\"ListItem\",\"position\":2,\"name\":\"FIESTA DE JULIO \\\"Nosso Arrai\u00e1\\\" EN VALADARES\"}]},{\"@type\":\"WebSite\",\"@id\":\"https:\\\/\\\/www.itakaescolapios.org\\\/en\\\/es\\\/#website\",\"url\":\"https:\\\/\\\/www.itakaescolapios.org\\\/en\\\/es\\\/\",\"name\":\"Itaka-Escolapios\",\"description\":\"Red de Itaka-Escolapios\",\"publisher\":{\"@id\":\"https:\\\/\\\/www.itakaescolapios.org\\\/en\\\/es\\\/#organization\"},\"potentialAction\":[{\"@type\":\"SearchAction\",\"target\":{\"@type\":\"EntryPoint\",\"urlTemplate\":\"https:\\\/\\\/www.itakaescolapios.org\\\/en\\\/es\\\/?s={search_term_string}\"},\"query-input\":{\"@type\":\"PropertyValueSpecification\",\"valueRequired\":true,\"valueName\":\"search_term_string\"}}],\"inLanguage\":\"en-US\"},{\"@type\":\"Organization\",\"@id\":\"https:\\\/\\\/www.itakaescolapios.org\\\/en\\\/es\\\/#organization\",\"name\":\"Fundaci\u00f3 Itaka-Escolapios\",\"url\":\"https:\\\/\\\/www.itakaescolapios.org\\\/en\\\/es\\\/\",\"logo\":{\"@type\":\"ImageObject\",\"inLanguage\":\"en-US\",\"@id\":\"https:\\\/\\\/www.itakaescolapios.org\\\/en\\\/es\\\/#\\\/schema\\\/logo\\\/image\\\/\",\"url\":\"https:\\\/\\\/www.itakaescolapios.org\\\/wp-content\\\/uploads\\\/2024\\\/04\\\/Logo-itakaescolapios-peque.png\",\"contentUrl\":\"https:\\\/\\\/www.itakaescolapios.org\\\/wp-content\\\/uploads\\\/2024\\\/04\\\/Logo-itakaescolapios-peque.png\",\"width\":500,\"height\":199,\"caption\":\"Fundaci\u00f3 Itaka-Escolapios\"},\"image\":{\"@id\":\"https:\\\/\\\/www.itakaescolapios.org\\\/en\\\/es\\\/#\\\/schema\\\/logo\\\/image\\\/\"}},{\"@type\":\"Person\",\"@id\":\"https:\\\/\\\/www.itakaescolapios.org\\\/es\\\/#\\\/schema\\\/person\\\/9c761c62049293fc36e6c91e429de3d5\",\"name\":\"brasil03\",\"url\":\"https:\\\/\\\/www.itakaescolapios.org\\\/en\\\/author\\\/brasil03\\\/\"}]}<\/script>\n<!-- \/ Yoast SEO plugin. -->","yoast_head_json":{"title":"FIESTA DE JULIO \"Nosso Arrai\u00e1\" EN VALADARES","description":"El s\u00e1bado 14 de julio en el polideportivo de Itaka Vladares se celebr\u00f3 \u201c Nosso Arrai\u00e1\u201d, con comidas t\u00edpicas, juegos y danzas para los ni\u00f1os de Itaka-Escolapios y de la escuela P. Jos\u00e9 Luis Tadeo y el turno de Tercera Edad del Profresor Celso de la Red en Acci\u00f3n. Fue un momento de mucha alegr\u00eda&hellip;","robots":{"index":"index","follow":"follow","max-snippet":"max-snippet:-1","max-image-preview":"max-image-preview:large","max-video-preview":"max-video-preview:-1"},"canonical":"El s\u00e1bado 14 de julio en el polideportivo de Itaka Vladares se celebr\u00f3 \u201c Nosso Arrai\u00e1\u201d, con comidas t\u00edpicas, juegos y danzas para los ni\u00f1os de Itaka-Escolapios y de la escuela P. Jos\u00e9 Luis Tadeo y el turno de Tercera Edad del Profresor Celso de la Red en Acci\u00f3n. Fue un momento de mucha alegr\u00eda&hellip;","og_locale":"en_US","og_type":"article","og_title":"FIESTA DE JULIO \"Nosso Arrai\u00e1\" EN VALADARES","og_description":"El s\u00e1bado 14 de julio en el polideportivo de Itaka Vladares se celebr\u00f3 \u201c Nosso Arrai\u00e1\u201d, con comidas t\u00edpicas, juegos y danzas para los ni\u00f1os de Itaka-Escolapios y de la escuela P. Jos\u00e9 Luis Tadeo y el turno de Tercera Edad del Profresor Celso de la Red en Acci\u00f3n. Fue un momento de mucha alegr\u00eda&hellip;","og_url":"https:\/\/www.itakaescolapios.org\/en\/2018\/07\/portugues-festa-julina-nosso-arraia\/","og_site_name":"Proofs in Itaka-Escolapios","article_published_time":"2018-07-17T13:19:10+00:00","article_modified_time":"2023-11-28T11:37:20+00:00","og_image":[{"width":2000,"height":1500,"url":"https:\/\/www.itakaescolapios.org\/wp-content\/uploads\/2018\/07\/IMG_6964.jpg","type":"image\/jpeg"}],"author":"brasil03","twitter_card":"summary_large_image","twitter_misc":{"Written by":"brasil03"},"schema":{"@context":"https:\/\/schema.org","@graph":[{"@type":"Article","@id":"https:\/\/www.itakaescolapios.org\/en\/2018\/07\/portugues-festa-julina-nosso-arraia\/#article","isPartOf":{"@id":"https:\/\/www.itakaescolapios.org\/en\/2018\/07\/portugues-festa-julina-nosso-arraia\/"},"author":{"name":"brasil03","@id":"https:\/\/www.itakaescolapios.org\/es\/#\/schema\/person\/9c761c62049293fc36e6c91e429de3d5"},"headline":"FIESTA DE JULIO \"Nosso Arrai\u00e1\" EN VALADARES","datePublished":"2018-07-17T13:19:10+00:00","dateModified":"2023-11-28T11:37:20+00:00","mainEntityOfPage":{"@id":"https:\/\/www.itakaescolapios.org\/en\/2018\/07\/portugues-festa-julina-nosso-arraia\/"},"wordCount":75,"publisher":{"@id":"https:\/\/www.itakaescolapios.org\/es\/#organization"},"image":{"@id":"https:\/\/www.itakaescolapios.org\/en\/2018\/07\/portugues-festa-julina-nosso-arraia\/#primaryimage"},"thumbnailUrl":"https:\/\/www.itakaescolapios.org\/wp-content\/uploads\/2018\/07\/IMG_6964.jpg","articleSection":["Governador Valadares"],"inLanguage":"en-US"},{"@type":"WebPage","@id":"https:\/\/www.itakaescolapios.org\/en\/2018\/07\/portugues-festa-julina-nosso-arraia\/","url":"https:\/\/www.itakaescolapios.org\/en\/2018\/07\/portugues-festa-julina-nosso-arraia\/","name":"FIESTA DE JULIO \"Nosso Arrai\u00e1\" EN VALADARES - Proofs in Itaka-Escolapios","isPartOf":{"@id":"https:\/\/www.itakaescolapios.org\/es\/#website"},"primaryImageOfPage":{"@id":"https:\/\/www.itakaescolapios.org\/en\/2018\/07\/portugues-festa-julina-nosso-arraia\/#primaryimage"},"image":{"@id":"https:\/\/www.itakaescolapios.org\/en\/2018\/07\/portugues-festa-julina-nosso-arraia\/#primaryimage"},"thumbnailUrl":"https:\/\/www.itakaescolapios.org\/wp-content\/uploads\/2018\/07\/IMG_6964.jpg","datePublished":"2018-07-17T13:19:10+00:00","dateModified":"2023-11-28T11:37:20+00:00","breadcrumb":{"@id":"https:\/\/www.itakaescolapios.org\/en\/2018\/07\/portugues-festa-julina-nosso-arraia\/#breadcrumb"},"inLanguage":"en-US","potentialAction":[{"@type":"ReadAction","target":["https:\/\/www.itakaescolapios.org\/en\/2018\/07\/portugues-festa-julina-nosso-arraia\/"]}]},{"@type":"ImageObject","inLanguage":"en-US","@id":"https:\/\/www.itakaescolapios.org\/en\/2018\/07\/portugues-festa-julina-nosso-arraia\/#primaryimage","url":"https:\/\/www.itakaescolapios.org\/wp-content\/uploads\/2018\/07\/IMG_6964.jpg","contentUrl":"https:\/\/www.itakaescolapios.org\/wp-content\/uploads\/2018\/07\/IMG_6964.jpg","width":2000,"height":1500},{"@type":"BreadcrumbList","@id":"https:\/\/www.itakaescolapios.org\/en\/2018\/07\/portugues-festa-julina-nosso-arraia\/#breadcrumb","itemListElement":[{"@type":"ListItem","position":1,"name":"Proof","item":"https:\/\/www.itakaescolapios.org\/es\/"},{"@type":"ListItem","position":2,"name":"FIESTA DE JULIO \"Nosso Arrai\u00e1\" EN VALADARES"}]},{"@type":"WebSite","@id":"https:\/\/www.itakaescolapios.org\/en\/es\/#website","url":"https:\/\/www.itakaescolapios.org\/en\/es\/","name":"Itaka-Escolapios","description":"Red de Itaka-Escolapios","publisher":{"@id":"https:\/\/www.itakaescolapios.org\/en\/es\/#organization"},"potentialAction":[{"@type":"SearchAction","target":{"@type":"EntryPoint","urlTemplate":"https:\/\/www.itakaescolapios.org\/en\/es\/?s={search_term_string}"},"query-input":{"@type":"PropertyValueSpecification","valueRequired":true,"valueName":"search_term_string"}}],"inLanguage":"en-US"},{"@type":"Organization","@id":"https:\/\/www.itakaescolapios.org\/en\/es\/#organization","name":"Fundaci\u00f3 Itaka-Escolapios","url":"https:\/\/www.itakaescolapios.org\/en\/es\/","logo":{"@type":"ImageObject","inLanguage":"en-US","@id":"https:\/\/www.itakaescolapios.org\/en\/es\/#\/schema\/logo\/image\/","url":"https:\/\/www.itakaescolapios.org\/wp-content\/uploads\/2024\/04\/Logo-itakaescolapios-peque.png","contentUrl":"https:\/\/www.itakaescolapios.org\/wp-content\/uploads\/2024\/04\/Logo-itakaescolapios-peque.png","width":500,"height":199,"caption":"Fundaci\u00f3 Itaka-Escolapios"},"image":{"@id":"https:\/\/www.itakaescolapios.org\/en\/es\/#\/schema\/logo\/image\/"}},{"@type":"Person","@id":"https:\/\/www.itakaescolapios.org\/es\/#\/schema\/person\/9c761c62049293fc36e6c91e429de3d5","name":"brasil03","url":"https:\/\/www.itakaescolapios.org\/en\/author\/brasil03\/"}]}},"_links":{"self":[{"href":"https:\/\/www.itakaescolapios.org\/en\/wp-json\/wp\/v2\/posts\/24121","targetHints":{"allow":["GET"]}}],"collection":[{"href":"https:\/\/www.itakaescolapios.org\/en\/wp-json\/wp\/v2\/posts"}],"about":[{"href":"https:\/\/www.itakaescolapios.org\/en\/wp-json\/wp\/v2\/types\/post"}],"author":[{"embeddable":true,"href":"https:\/\/www.itakaescolapios.org\/en\/wp-json\/wp\/v2\/users\/11"}],"replies":[{"embeddable":true,"href":"https:\/\/www.itakaescolapios.org\/en\/wp-json\/wp\/v2\/comments?post=24121"}],"version-history":[{"count":9,"href":"https:\/\/www.itakaescolapios.org\/en\/wp-json\/wp\/v2\/posts\/24121\/revisions"}],"predecessor-version":[{"id":46492,"href":"https:\/\/www.itakaescolapios.org\/en\/wp-json\/wp\/v2\/posts\/24121\/revisions\/46492"}],"wp:featuredmedia":[{"embeddable":true,"href":"https:\/\/www.itakaescolapios.org\/en\/wp-json\/wp\/v2\/media\/24122"}],"wp:attachment":[{"href":"https:\/\/www.itakaescolapios.org\/en\/wp-json\/wp\/v2\/media?parent=24121"}],"wp:term":[{"taxonomy":"category","embeddable":true,"href":"https:\/\/www.itakaescolapios.org\/en\/wp-json\/wp\/v2\/categories?post=24121"},{"taxonomy":"post_tag","embeddable":true,"href":"https:\/\/www.itakaescolapios.org\/en\/wp-json\/wp\/v2\/tags?post=24121"}],"curies":[{"name":"wp","href":"https:\/\/api.w.org\/{rel}","templated":true}]}}