{"id":24188,"date":"2018-07-23T11:12:20","date_gmt":"2018-07-23T10:12:20","guid":{"rendered":"https:\/\/www.itakaescolapios.org\/?p=24188"},"modified":"2023-11-28T12:37:19","modified_gmt":"2023-11-28T11:37:19","slug":"finaliza-el-campo-de-trabajo-de-valencia","status":"publish","type":"post","link":"https:\/\/www.itakaescolapios.org\/en\/2018\/07\/finaliza-el-campo-de-trabajo-de-valencia\/","title":{"rendered":"FINALIZA EL CAMPO DE TRABAJO DE VALENCIA"},"content":{"rendered":"<p style=\"text-align: justify\" align=\"center\">El pasado s\u00e1bado finaliz\u00f3 en Valencia el Campo de Trabajo en el que han participado 21 voluntarios y voluntarias, y 7 coordinadores. El Real Colegio de las Escuelas P\u00edas ha sido un a\u00f1o m\u00e1s el punto de encuentro y convivencia de los j\u00f3venes, que llegaban de varios colegios de los Escolapios de Valencia y de Vitoria tras acabar el 2\u00ba Bachillerato.<\/p>\n<p style=\"text-align: justify\">Durante 15 d\u00edas, los voluntarios han colaborado en cuatro proyectos que trabajan con la infancia: Dos proyectos de acci\u00f3n directa de Itaka- Escolapios, Proyecto Amaltea y Proyecto Llum (antes, Mare); Fundaci\u00f3n Proyecto Vivir y Embalum Associaci\u00f3.<\/p>\n<p style=\"text-align: justify\">Para muchos de estos chavales es su primera experiencia de voluntariado, en la que han tenido repaso escolar, talleres, juegos, danzas, excursiones y, sobre todo, han tirado de creatividad e imaginaci\u00f3n para estar con los ni\u00f1os y ni\u00f1as de los proyectos y han aprendido a ponerse al servicio de los m\u00e1s peque\u00f1os.<\/p>\n<p style=\"text-align: justify\">Por las tardes, adem\u00e1s, han estado recibiendo formaciones tanto pr\u00e1cticas como reflexivas, para saber por qu\u00e9 realizamos esta acci\u00f3n: Desde juegos, din\u00e1micas de grupo y danzas hasta temas como la resiliencia, la globalizaci\u00f3n y, por supuesto, sobre el voluntariado como estilo de vida, sin olvidar el juego y la formaci\u00f3n sobre San Jos\u00e9 de Calasanz y sus virtudes, aplicables hoy en d\u00eda con los ni\u00f1os que estamos y en nuestra propia vida.<\/p>\n<p style=\"text-align: justify\">El fin de semana fue momento de descanso, desconexi\u00f3n y tambi\u00e9n de cohesi\u00f3n del grupo, con piscina, Gala de OTaka y una gymkana de miedo organizada por los coordinadores y coordinadoras. El viernes \u00a0pon\u00edamos el broche final al campo de trabajo con la Eucarist\u00eda de Acci\u00f3n de Gracias por todo lo vivido, en la que los voluntarios mostraron los frutos de esta experiencia y que han ido creciendo durante estos d\u00edas.<\/p>\n<p style=\"text-align: justify\">S\u00f3lo queda esperar que hayan disfrutado de este campo de trabajo 2018 y que el voluntariado se convierta verdaderamente en su estilo de vida. Gracias a todas las personas que han colaborado para que estos j\u00f3venes pudiesen vivir esta experiencia: El padre Camilo, el equipo de oraciones (Fer, Javi y Mayte), el equipo de cocina (Tere, Lidia y Jes\u00fas), el Real Colegio de las Escuelas P\u00edas por acogernos, los proyectos (Proyecto Vivir, Proyecto Llum, Proyecto Amaltea y Embalum Associaci\u00f3), y a todos los formadores y voluntarios externos que han participado en este 25\u00ba campo de trabajo en Valencia.<\/p>\n<p style=\"text-align: justify\">Y por supuesto, a los m\u00e1s importantes, gracias al equipo de coordinadores: Natalia, Mar, Rom\u00e1n, Bel\u00e9n, Quique, Bel\u00e9n y Jose Pablo, y a los estupendos voluntarios y voluntarias: Alejandro, Carmen, \u00c1lvaro, Carol, Isabel, Luca, Sandra, Sara, Laura, Christian, Irene, Paula, \u00c1lvaro, Jon, Laura, Pablo, Teresa, Jes\u00fas, Mikel, Jari y Javier.<\/p>\n<p style=\"text-align: justify\">Y ahora&#8230; \u00a1a seguir tras las huellas de san Jos\u00e9 de Calasanz al servicio de los m\u00e1s peque\u00f1os! \u00a1Gracias a todos!<\/p>\n\n\t\t<style type=\"text\/css\">\n\t\t\t#gallery-1 {\n\t\t\t\tmargin: auto;\n\t\t\t}\n\t\t\t#gallery-1 .gallery-item {\n\t\t\t\tfloat: left;\n\t\t\t\tmargin-top: 10px;\n\t\t\t\ttext-align: center;\n\t\t\t\twidth: 33%;\n\t\t\t}\n\t\t\t#gallery-1 img {\n\t\t\t\tborder: 2px solid #cfcfcf;\n\t\t\t}\n\t\t\t#gallery-1 .gallery-caption {\n\t\t\t\tmargin-left: 0;\n\t\t\t}\n\t\t\t\/* see gallery_shortcode() in wp-includes\/media.php *\/\n\t\t<\/style>\n\t\t<div id='gallery-1' class='gallery galleryid-24188 gallery-columns-3 gallery-size-thumbnail'><dl class='gallery-item'>\n\t\t\t<dt class='gallery-icon landscape'>\n\t\t\t\t<img decoding=\"async\" width=\"90\" height=\"90\" src=\"https:\/\/www.itakaescolapios.org\/wp-content\/uploads\/2018\/07\/IMG-20180716-WA0095-90x90.jpg\" class=\"attachment-thumbnail size-thumbnail\" alt=\"\" \/>\n\t\t\t<\/dt><\/dl><dl class='gallery-item'>\n\t\t\t<dt class='gallery-icon landscape'>\n\t\t\t\t<img decoding=\"async\" width=\"90\" height=\"90\" src=\"https:\/\/www.itakaescolapios.org\/wp-content\/uploads\/2018\/07\/IMG_20170718_132205-90x90.jpg\" class=\"attachment-thumbnail size-thumbnail\" alt=\"\" \/>\n\t\t\t<\/dt><\/dl><dl class='gallery-item'>\n\t\t\t<dt class='gallery-icon landscape'>\n\t\t\t\t<img decoding=\"async\" width=\"90\" height=\"90\" src=\"https:\/\/www.itakaescolapios.org\/wp-content\/uploads\/2018\/07\/IMG-20180711-WA0069-90x90.jpg\" class=\"attachment-thumbnail size-thumbnail\" alt=\"\" \/>\n\t\t\t<\/dt><\/dl><br style=\"clear: both\" \/><dl class='gallery-item'>\n\t\t\t<dt class='gallery-icon landscape'>\n\t\t\t\t<img decoding=\"async\" width=\"90\" height=\"90\" src=\"https:\/\/www.itakaescolapios.org\/wp-content\/uploads\/2018\/07\/IMG-20180720-WA0120-90x90.jpg\" class=\"attachment-thumbnail size-thumbnail\" alt=\"\" \/>\n\t\t\t<\/dt><\/dl><dl class='gallery-item'>\n\t\t\t<dt class='gallery-icon landscape'>\n\t\t\t\t<img decoding=\"async\" width=\"90\" height=\"90\" src=\"https:\/\/www.itakaescolapios.org\/wp-content\/uploads\/2018\/07\/IMG-20180721-WA0020-90x90.jpg\" class=\"attachment-thumbnail size-thumbnail\" alt=\"\" \/>\n\t\t\t<\/dt><\/dl><dl class='gallery-item'>\n\t\t\t<dt class='gallery-icon landscape'>\n\t\t\t\t<img decoding=\"async\" width=\"90\" height=\"90\" src=\"https:\/\/www.itakaescolapios.org\/wp-content\/uploads\/2018\/07\/WhatsApp-Image-2018-07-20-at-10.44.26-1-90x90.jpeg\" class=\"attachment-thumbnail size-thumbnail\" alt=\"\" \/>\n\t\t\t<\/dt><\/dl><br style=\"clear: both\" \/><dl class='gallery-item'>\n\t\t\t<dt class='gallery-icon landscape'>\n\t\t\t\t<img decoding=\"async\" width=\"90\" height=\"90\" src=\"https:\/\/www.itakaescolapios.org\/wp-content\/uploads\/2018\/07\/IMG_20180709_194651-90x90.jpg\" class=\"attachment-thumbnail size-thumbnail\" alt=\"\" \/>\n\t\t\t<\/dt><\/dl><dl class='gallery-item'>\n\t\t\t<dt class='gallery-icon landscape'>\n\t\t\t\t<img decoding=\"async\" width=\"90\" height=\"90\" src=\"https:\/\/www.itakaescolapios.org\/wp-content\/uploads\/2018\/07\/IMG-20180711-WA0024-90x90.jpg\" class=\"attachment-thumbnail size-thumbnail\" alt=\"\" \/>\n\t\t\t<\/dt><\/dl><dl class='gallery-item'>\n\t\t\t<dt class='gallery-icon landscape'>\n\t\t\t\t<img decoding=\"async\" width=\"90\" height=\"90\" src=\"https:\/\/www.itakaescolapios.org\/wp-content\/uploads\/2018\/07\/WhatsApp-Image-2018-07-13-at-10.40.04-90x90.jpeg\" class=\"attachment-thumbnail size-thumbnail\" alt=\"\" \/>\n\t\t\t<\/dt><\/dl><br style=\"clear: both\" \/>\n\t\t<\/div>\n\n","protected":false},"excerpt":{"rendered":"<p>El pasado s\u00e1bado finaliz\u00f3 en Valencia el Campo de Trabajo en el que han participado 21 voluntarios y voluntarias, y 7 coordinadores. El Real Colegio de las Escuelas P\u00edas ha [&hellip;]<\/p>\n","protected":false},"author":39,"featured_media":24189,"comment_status":"closed","ping_status":"closed","sticky":false,"template":"","format":"standard","meta":{"_et_pb_use_builder":"","_et_pb_old_content":"","_et_gb_content_width":"","footnotes":""},"categories":[12],"tags":[232,159,329,271,327,334,270,142],"class_list":["post-24188","post","type-post","status-publish","format-standard","has-post-thumbnail","hentry","category-valencia","tag-amaltea","tag-campo-de-trabajo","tag-ct18","tag-embalum","tag-infancia","tag-llum","tag-proyecto-vivir","tag-voluntariado"],"yoast_head":"<!-- This site is optimized with the Yoast SEO plugin v27.4 - https:\/\/yoast.com\/product\/yoast-seo-wordpress\/ -->\n<title>FINALIZA EL CAMPO DE TRABAJO DE VALENCIA<\/title>\n<meta name=\"description\" content=\"El pasado s\u00e1bado finaliz\u00f3 en Valencia el Campo de Trabajo en el que han participado 21 voluntarios y voluntarias, y 7 coordinadores. El Real Colegio de las Escuelas P\u00edas ha sido un a\u00f1o m\u00e1s el punto de encuentro y convivencia de los j\u00f3venes, que llegaban de varios colegios de los Escolapios de Valencia y de&hellip;\" \/>\n<meta name=\"robots\" content=\"index, follow, max-snippet:-1, max-image-preview:large, max-video-preview:-1\" \/>\n<link rel=\"canonical\" href=\"http:\/\/El%20pasado%20s\u00e1bado%20finaliz\u00f3%20en%20Valencia%20el%20Campo%20de%20Trabajo%20en%20el%20que%20han%20participado%2021%20voluntarios%20y%20voluntarias,%20y%207%20coordinadores.%20El%20Real%20Colegio%20de%20las%20Escuelas%20P\u00edas%20ha%20sido%20un%20a\u00f1o%20m\u00e1s%20el%20punto%20de%20encuentro%20y%20convivencia%20de%20los%20j\u00f3venes,%20que%20llegaban%20de%20varios%20colegios%20de%20los%20Escolapios%20de%20Valencia%20y%20de&hellip;\" \/>\n<meta property=\"og:locale\" content=\"en_US\" \/>\n<meta property=\"og:type\" content=\"article\" \/>\n<meta property=\"og:title\" content=\"FINALIZA EL CAMPO DE TRABAJO DE VALENCIA\" \/>\n<meta property=\"og:description\" content=\"El pasado s\u00e1bado finaliz\u00f3 en Valencia el Campo de Trabajo en el que han participado 21 voluntarios y voluntarias, y 7 coordinadores. El Real Colegio de las Escuelas P\u00edas ha sido un a\u00f1o m\u00e1s el punto de encuentro y convivencia de los j\u00f3venes, que llegaban de varios colegios de los Escolapios de Valencia y de&hellip;\" \/>\n<meta property=\"og:url\" content=\"https:\/\/www.itakaescolapios.org\/en\/2018\/07\/finaliza-el-campo-de-trabajo-de-valencia\/\" \/>\n<meta property=\"og:site_name\" content=\"Proofs in Itaka-Escolapios\" \/>\n<meta property=\"article:published_time\" content=\"2018-07-23T10:12:20+00:00\" \/>\n<meta property=\"article:modified_time\" content=\"2023-11-28T11:37:19+00:00\" \/>\n<meta property=\"og:image\" content=\"https:\/\/www.itakaescolapios.org\/wp-content\/uploads\/2018\/07\/IMG-20180716-WA0095.jpg\" \/>\n\t<meta property=\"og:image:width\" content=\"1600\" \/>\n\t<meta property=\"og:image:height\" content=\"1209\" \/>\n\t<meta property=\"og:image:type\" content=\"image\/jpeg\" \/>\n<meta name=\"author\" content=\"valencia01\" \/>\n<meta name=\"twitter:card\" content=\"summary_large_image\" \/>\n<meta name=\"twitter:label1\" content=\"Written by\" \/>\n\t<meta name=\"twitter:data1\" content=\"valencia01\" \/>\n\t<meta name=\"twitter:label2\" content=\"Est. reading time\" \/>\n\t<meta name=\"twitter:data2\" content=\"2 minutes\" \/>\n<script type=\"application\/ld+json\" class=\"yoast-schema-graph\">{\"@context\":\"https:\\\/\\\/schema.org\",\"@graph\":[{\"@type\":\"Article\",\"@id\":\"https:\\\/\\\/www.itakaescolapios.org\\\/en\\\/2018\\\/07\\\/finaliza-el-campo-de-trabajo-de-valencia\\\/#article\",\"isPartOf\":{\"@id\":\"https:\\\/\\\/www.itakaescolapios.org\\\/en\\\/2018\\\/07\\\/finaliza-el-campo-de-trabajo-de-valencia\\\/\"},\"author\":{\"name\":\"valencia01\",\"@id\":\"https:\\\/\\\/www.itakaescolapios.org\\\/es\\\/#\\\/schema\\\/person\\\/c232ccaa2b3f2e98db93c1f8dfca96ff\"},\"headline\":\"FINALIZA EL CAMPO DE TRABAJO DE VALENCIA\",\"datePublished\":\"2018-07-23T10:12:20+00:00\",\"dateModified\":\"2023-11-28T11:37:19+00:00\",\"mainEntityOfPage\":{\"@id\":\"https:\\\/\\\/www.itakaescolapios.org\\\/en\\\/2018\\\/07\\\/finaliza-el-campo-de-trabajo-de-valencia\\\/\"},\"wordCount\":505,\"publisher\":{\"@id\":\"https:\\\/\\\/www.itakaescolapios.org\\\/es\\\/#organization\"},\"image\":{\"@id\":\"https:\\\/\\\/www.itakaescolapios.org\\\/en\\\/2018\\\/07\\\/finaliza-el-campo-de-trabajo-de-valencia\\\/#primaryimage\"},\"thumbnailUrl\":\"https:\\\/\\\/www.itakaescolapios.org\\\/wp-content\\\/uploads\\\/2018\\\/07\\\/IMG-20180716-WA0095.jpg\",\"keywords\":[\"Amaltea\",\"Campo de Trabajo\",\"CT18\",\"Embalum\",\"Infancia\",\"Llum\",\"Proyecto Vivir\",\"voluntariado\"],\"articleSection\":[\"Valencia\"],\"inLanguage\":\"en-US\"},{\"@type\":\"WebPage\",\"@id\":\"https:\\\/\\\/www.itakaescolapios.org\\\/en\\\/2018\\\/07\\\/finaliza-el-campo-de-trabajo-de-valencia\\\/\",\"url\":\"https:\\\/\\\/www.itakaescolapios.org\\\/en\\\/2018\\\/07\\\/finaliza-el-campo-de-trabajo-de-valencia\\\/\",\"name\":\"FINALIZA EL CAMPO DE TRABAJO DE VALENCIA - Proofs in Itaka-Escolapios\",\"isPartOf\":{\"@id\":\"https:\\\/\\\/www.itakaescolapios.org\\\/es\\\/#website\"},\"primaryImageOfPage\":{\"@id\":\"https:\\\/\\\/www.itakaescolapios.org\\\/en\\\/2018\\\/07\\\/finaliza-el-campo-de-trabajo-de-valencia\\\/#primaryimage\"},\"image\":{\"@id\":\"https:\\\/\\\/www.itakaescolapios.org\\\/en\\\/2018\\\/07\\\/finaliza-el-campo-de-trabajo-de-valencia\\\/#primaryimage\"},\"thumbnailUrl\":\"https:\\\/\\\/www.itakaescolapios.org\\\/wp-content\\\/uploads\\\/2018\\\/07\\\/IMG-20180716-WA0095.jpg\",\"datePublished\":\"2018-07-23T10:12:20+00:00\",\"dateModified\":\"2023-11-28T11:37:19+00:00\",\"breadcrumb\":{\"@id\":\"https:\\\/\\\/www.itakaescolapios.org\\\/en\\\/2018\\\/07\\\/finaliza-el-campo-de-trabajo-de-valencia\\\/#breadcrumb\"},\"inLanguage\":\"en-US\",\"potentialAction\":[{\"@type\":\"ReadAction\",\"target\":[\"https:\\\/\\\/www.itakaescolapios.org\\\/en\\\/2018\\\/07\\\/finaliza-el-campo-de-trabajo-de-valencia\\\/\"]}]},{\"@type\":\"ImageObject\",\"inLanguage\":\"en-US\",\"@id\":\"https:\\\/\\\/www.itakaescolapios.org\\\/en\\\/2018\\\/07\\\/finaliza-el-campo-de-trabajo-de-valencia\\\/#primaryimage\",\"url\":\"https:\\\/\\\/www.itakaescolapios.org\\\/wp-content\\\/uploads\\\/2018\\\/07\\\/IMG-20180716-WA0095.jpg\",\"contentUrl\":\"https:\\\/\\\/www.itakaescolapios.org\\\/wp-content\\\/uploads\\\/2018\\\/07\\\/IMG-20180716-WA0095.jpg\",\"width\":1600,\"height\":1209},{\"@type\":\"BreadcrumbList\",\"@id\":\"https:\\\/\\\/www.itakaescolapios.org\\\/en\\\/2018\\\/07\\\/finaliza-el-campo-de-trabajo-de-valencia\\\/#breadcrumb\",\"itemListElement\":[{\"@type\":\"ListItem\",\"position\":1,\"name\":\"Proof\",\"item\":\"https:\\\/\\\/www.itakaescolapios.org\\\/es\\\/\"},{\"@type\":\"ListItem\",\"position\":2,\"name\":\"FINALIZA EL CAMPO DE TRABAJO DE VALENCIA\"}]},{\"@type\":\"WebSite\",\"@id\":\"https:\\\/\\\/www.itakaescolapios.org\\\/en\\\/es\\\/#website\",\"url\":\"https:\\\/\\\/www.itakaescolapios.org\\\/en\\\/es\\\/\",\"name\":\"Itaka-Escolapios\",\"description\":\"Red de Itaka-Escolapios\",\"publisher\":{\"@id\":\"https:\\\/\\\/www.itakaescolapios.org\\\/en\\\/es\\\/#organization\"},\"potentialAction\":[{\"@type\":\"SearchAction\",\"target\":{\"@type\":\"EntryPoint\",\"urlTemplate\":\"https:\\\/\\\/www.itakaescolapios.org\\\/en\\\/es\\\/?s={search_term_string}\"},\"query-input\":{\"@type\":\"PropertyValueSpecification\",\"valueRequired\":true,\"valueName\":\"search_term_string\"}}],\"inLanguage\":\"en-US\"},{\"@type\":\"Organization\",\"@id\":\"https:\\\/\\\/www.itakaescolapios.org\\\/en\\\/es\\\/#organization\",\"name\":\"Fundaci\u00f3 Itaka-Escolapios\",\"url\":\"https:\\\/\\\/www.itakaescolapios.org\\\/en\\\/es\\\/\",\"logo\":{\"@type\":\"ImageObject\",\"inLanguage\":\"en-US\",\"@id\":\"https:\\\/\\\/www.itakaescolapios.org\\\/en\\\/es\\\/#\\\/schema\\\/logo\\\/image\\\/\",\"url\":\"https:\\\/\\\/www.itakaescolapios.org\\\/wp-content\\\/uploads\\\/2024\\\/04\\\/Logo-itakaescolapios-peque.png\",\"contentUrl\":\"https:\\\/\\\/www.itakaescolapios.org\\\/wp-content\\\/uploads\\\/2024\\\/04\\\/Logo-itakaescolapios-peque.png\",\"width\":500,\"height\":199,\"caption\":\"Fundaci\u00f3 Itaka-Escolapios\"},\"image\":{\"@id\":\"https:\\\/\\\/www.itakaescolapios.org\\\/en\\\/es\\\/#\\\/schema\\\/logo\\\/image\\\/\"}},{\"@type\":\"Person\",\"@id\":\"https:\\\/\\\/www.itakaescolapios.org\\\/es\\\/#\\\/schema\\\/person\\\/c232ccaa2b3f2e98db93c1f8dfca96ff\",\"name\":\"valencia01\",\"url\":\"https:\\\/\\\/www.itakaescolapios.org\\\/en\\\/author\\\/valencia01\\\/\"}]}<\/script>\n<!-- \/ Yoast SEO plugin. -->","yoast_head_json":{"title":"FINALIZA EL CAMPO DE TRABAJO DE VALENCIA","description":"El pasado s\u00e1bado finaliz\u00f3 en Valencia el Campo de Trabajo en el que han participado 21 voluntarios y voluntarias, y 7 coordinadores. El Real Colegio de las Escuelas P\u00edas ha sido un a\u00f1o m\u00e1s el punto de encuentro y convivencia de los j\u00f3venes, que llegaban de varios colegios de los Escolapios de Valencia y de&hellip;","robots":{"index":"index","follow":"follow","max-snippet":"max-snippet:-1","max-image-preview":"max-image-preview:large","max-video-preview":"max-video-preview:-1"},"canonical":"El pasado s\u00e1bado finaliz\u00f3 en Valencia el Campo de Trabajo en el que han participado 21 voluntarios y voluntarias, y 7 coordinadores. El Real Colegio de las Escuelas P\u00edas ha sido un a\u00f1o m\u00e1s el punto de encuentro y convivencia de los j\u00f3venes, que llegaban de varios colegios de los Escolapios de Valencia y de&hellip;","og_locale":"en_US","og_type":"article","og_title":"FINALIZA EL CAMPO DE TRABAJO DE VALENCIA","og_description":"El pasado s\u00e1bado finaliz\u00f3 en Valencia el Campo de Trabajo en el que han participado 21 voluntarios y voluntarias, y 7 coordinadores. El Real Colegio de las Escuelas P\u00edas ha sido un a\u00f1o m\u00e1s el punto de encuentro y convivencia de los j\u00f3venes, que llegaban de varios colegios de los Escolapios de Valencia y de&hellip;","og_url":"https:\/\/www.itakaescolapios.org\/en\/2018\/07\/finaliza-el-campo-de-trabajo-de-valencia\/","og_site_name":"Proofs in Itaka-Escolapios","article_published_time":"2018-07-23T10:12:20+00:00","article_modified_time":"2023-11-28T11:37:19+00:00","og_image":[{"width":1600,"height":1209,"url":"https:\/\/www.itakaescolapios.org\/wp-content\/uploads\/2018\/07\/IMG-20180716-WA0095.jpg","type":"image\/jpeg"}],"author":"valencia01","twitter_card":"summary_large_image","twitter_misc":{"Written by":"valencia01","Est. reading time":"2 minutes"},"schema":{"@context":"https:\/\/schema.org","@graph":[{"@type":"Article","@id":"https:\/\/www.itakaescolapios.org\/en\/2018\/07\/finaliza-el-campo-de-trabajo-de-valencia\/#article","isPartOf":{"@id":"https:\/\/www.itakaescolapios.org\/en\/2018\/07\/finaliza-el-campo-de-trabajo-de-valencia\/"},"author":{"name":"valencia01","@id":"https:\/\/www.itakaescolapios.org\/es\/#\/schema\/person\/c232ccaa2b3f2e98db93c1f8dfca96ff"},"headline":"FINALIZA EL CAMPO DE TRABAJO DE VALENCIA","datePublished":"2018-07-23T10:12:20+00:00","dateModified":"2023-11-28T11:37:19+00:00","mainEntityOfPage":{"@id":"https:\/\/www.itakaescolapios.org\/en\/2018\/07\/finaliza-el-campo-de-trabajo-de-valencia\/"},"wordCount":505,"publisher":{"@id":"https:\/\/www.itakaescolapios.org\/es\/#organization"},"image":{"@id":"https:\/\/www.itakaescolapios.org\/en\/2018\/07\/finaliza-el-campo-de-trabajo-de-valencia\/#primaryimage"},"thumbnailUrl":"https:\/\/www.itakaescolapios.org\/wp-content\/uploads\/2018\/07\/IMG-20180716-WA0095.jpg","keywords":["Amaltea","Campo de Trabajo","CT18","Embalum","Infancia","Llum","Proyecto Vivir","voluntariado"],"articleSection":["Valencia"],"inLanguage":"en-US"},{"@type":"WebPage","@id":"https:\/\/www.itakaescolapios.org\/en\/2018\/07\/finaliza-el-campo-de-trabajo-de-valencia\/","url":"https:\/\/www.itakaescolapios.org\/en\/2018\/07\/finaliza-el-campo-de-trabajo-de-valencia\/","name":"FINALIZA EL CAMPO DE TRABAJO DE VALENCIA - Proofs in Itaka-Escolapios","isPartOf":{"@id":"https:\/\/www.itakaescolapios.org\/es\/#website"},"primaryImageOfPage":{"@id":"https:\/\/www.itakaescolapios.org\/en\/2018\/07\/finaliza-el-campo-de-trabajo-de-valencia\/#primaryimage"},"image":{"@id":"https:\/\/www.itakaescolapios.org\/en\/2018\/07\/finaliza-el-campo-de-trabajo-de-valencia\/#primaryimage"},"thumbnailUrl":"https:\/\/www.itakaescolapios.org\/wp-content\/uploads\/2018\/07\/IMG-20180716-WA0095.jpg","datePublished":"2018-07-23T10:12:20+00:00","dateModified":"2023-11-28T11:37:19+00:00","breadcrumb":{"@id":"https:\/\/www.itakaescolapios.org\/en\/2018\/07\/finaliza-el-campo-de-trabajo-de-valencia\/#breadcrumb"},"inLanguage":"en-US","potentialAction":[{"@type":"ReadAction","target":["https:\/\/www.itakaescolapios.org\/en\/2018\/07\/finaliza-el-campo-de-trabajo-de-valencia\/"]}]},{"@type":"ImageObject","inLanguage":"en-US","@id":"https:\/\/www.itakaescolapios.org\/en\/2018\/07\/finaliza-el-campo-de-trabajo-de-valencia\/#primaryimage","url":"https:\/\/www.itakaescolapios.org\/wp-content\/uploads\/2018\/07\/IMG-20180716-WA0095.jpg","contentUrl":"https:\/\/www.itakaescolapios.org\/wp-content\/uploads\/2018\/07\/IMG-20180716-WA0095.jpg","width":1600,"height":1209},{"@type":"BreadcrumbList","@id":"https:\/\/www.itakaescolapios.org\/en\/2018\/07\/finaliza-el-campo-de-trabajo-de-valencia\/#breadcrumb","itemListElement":[{"@type":"ListItem","position":1,"name":"Proof","item":"https:\/\/www.itakaescolapios.org\/es\/"},{"@type":"ListItem","position":2,"name":"FINALIZA EL CAMPO DE TRABAJO DE VALENCIA"}]},{"@type":"WebSite","@id":"https:\/\/www.itakaescolapios.org\/en\/es\/#website","url":"https:\/\/www.itakaescolapios.org\/en\/es\/","name":"Itaka-Escolapios","description":"Red de Itaka-Escolapios","publisher":{"@id":"https:\/\/www.itakaescolapios.org\/en\/es\/#organization"},"potentialAction":[{"@type":"SearchAction","target":{"@type":"EntryPoint","urlTemplate":"https:\/\/www.itakaescolapios.org\/en\/es\/?s={search_term_string}"},"query-input":{"@type":"PropertyValueSpecification","valueRequired":true,"valueName":"search_term_string"}}],"inLanguage":"en-US"},{"@type":"Organization","@id":"https:\/\/www.itakaescolapios.org\/en\/es\/#organization","name":"Fundaci\u00f3 Itaka-Escolapios","url":"https:\/\/www.itakaescolapios.org\/en\/es\/","logo":{"@type":"ImageObject","inLanguage":"en-US","@id":"https:\/\/www.itakaescolapios.org\/en\/es\/#\/schema\/logo\/image\/","url":"https:\/\/www.itakaescolapios.org\/wp-content\/uploads\/2024\/04\/Logo-itakaescolapios-peque.png","contentUrl":"https:\/\/www.itakaescolapios.org\/wp-content\/uploads\/2024\/04\/Logo-itakaescolapios-peque.png","width":500,"height":199,"caption":"Fundaci\u00f3 Itaka-Escolapios"},"image":{"@id":"https:\/\/www.itakaescolapios.org\/en\/es\/#\/schema\/logo\/image\/"}},{"@type":"Person","@id":"https:\/\/www.itakaescolapios.org\/es\/#\/schema\/person\/c232ccaa2b3f2e98db93c1f8dfca96ff","name":"valencia01","url":"https:\/\/www.itakaescolapios.org\/en\/author\/valencia01\/"}]}},"_links":{"self":[{"href":"https:\/\/www.itakaescolapios.org\/en\/wp-json\/wp\/v2\/posts\/24188","targetHints":{"allow":["GET"]}}],"collection":[{"href":"https:\/\/www.itakaescolapios.org\/en\/wp-json\/wp\/v2\/posts"}],"about":[{"href":"https:\/\/www.itakaescolapios.org\/en\/wp-json\/wp\/v2\/types\/post"}],"author":[{"embeddable":true,"href":"https:\/\/www.itakaescolapios.org\/en\/wp-json\/wp\/v2\/users\/39"}],"replies":[{"embeddable":true,"href":"https:\/\/www.itakaescolapios.org\/en\/wp-json\/wp\/v2\/comments?post=24188"}],"version-history":[{"count":5,"href":"https:\/\/www.itakaescolapios.org\/en\/wp-json\/wp\/v2\/posts\/24188\/revisions"}],"predecessor-version":[{"id":46478,"href":"https:\/\/www.itakaescolapios.org\/en\/wp-json\/wp\/v2\/posts\/24188\/revisions\/46478"}],"wp:featuredmedia":[{"embeddable":true,"href":"https:\/\/www.itakaescolapios.org\/en\/wp-json\/wp\/v2\/media\/24189"}],"wp:attachment":[{"href":"https:\/\/www.itakaescolapios.org\/en\/wp-json\/wp\/v2\/media?parent=24188"}],"wp:term":[{"taxonomy":"category","embeddable":true,"href":"https:\/\/www.itakaescolapios.org\/en\/wp-json\/wp\/v2\/categories?post=24188"},{"taxonomy":"post_tag","embeddable":true,"href":"https:\/\/www.itakaescolapios.org\/en\/wp-json\/wp\/v2\/tags?post=24188"}],"curies":[{"name":"wp","href":"https:\/\/api.w.org\/{rel}","templated":true}]}}